{"id":1646,"date":"2025-06-23T17:25:47","date_gmt":"2025-06-23T21:25:47","guid":{"rendered":"https:\/\/wilsonsantosmt.com.br\/?p=1646"},"modified":"2025-06-23T17:25:48","modified_gmt":"2025-06-23T21:25:48","slug":"jayme-campos-e-wilson-santos-defendem-o-loteamento-popular-para-reduzir-deficit-habitacional-em-mt","status":"publish","type":"post","link":"https:\/\/wilsonsantosmt.com.br\/index.php\/2025\/06\/23\/jayme-campos-e-wilson-santos-defendem-o-loteamento-popular-para-reduzir-deficit-habitacional-em-mt\/","title":{"rendered":"Jayme Campos e Wilson Santos defendem o loteamento popular para reduzir d\u00e9ficit habitacional em MT"},"content":{"rendered":"\n<p>CST Moradia Popular<\/p>\n\n\n\n<p><\/p>\n\n\n\n<p>A 10\u00aa reuni\u00e3o da C\u00e2mara Setorial Tem\u00e1tica (CST) da Moradia Popular foi realizada no dia 13 de junho, na Assembleia Legislativa de Mato Grosso, sob a presid\u00eancia do deputado estadual Wilson Santos (PSD). O encontro contou com a participa\u00e7\u00e3o do senador Jayme Campos (Uni\u00e3o), que compartilhou sua experi\u00eancia com a regulariza\u00e7\u00e3o fundi\u00e1ria e a cria\u00e7\u00e3o de bairros populares em Cuiab\u00e1, V\u00e1rzea Grande e outros munic\u00edpios mato-grossenses, durante sua gest\u00e3o como governador de Mato Grosso e prefeito de V\u00e1rzea Grande. Ele reafirmou o seu compromisso com pol\u00edticas p\u00fablicas que garantam o direito \u00e0 moradia digna para fam\u00edlias de baixa renda.<\/p>\n\n\n\n<p>Durante o debate, os parlamentares defenderam o modelo de loteamento popular como a alternativa mais vi\u00e1vel, eficaz e de execu\u00e7\u00e3o mais r\u00e1pida para enfrentar o crescente d\u00e9ficit habitacional em Mato Grosso, atualmente estimado entre 100 mil e 120 mil fam\u00edlias. \u201cQuando estive \u00e0 frente do Governo de Mato Grosso e da Prefeitura de V\u00e1rzea Grande, sempre coloquei a moradia como prioridade. O bairro S\u00e3o Mateus, por exemplo, surgiu de uma invas\u00e3o e conseguimos regularizar, implantar infraestrutura e transform\u00e1-lo em uma comunidade digna para mais de 20 mil pessoas. Fiz o mesmo no Pedra 90, Jardim Vit\u00f3ria e Colorado, em Cuiab\u00e1. Ao todo, foram mais de 20 mil moradias populares entregues. O estado precisa priorizar os que mais precisam\u201d, ressaltou Jayme Campos.<\/p>\n\n\n\n<p>O secret\u00e1rio de Planejamento da Prefeitura de Chapada dos Guimar\u00e3es, Aislan Cunha, tamb\u00e9m trouxe exemplos concretos da efici\u00eancia do modelo. \u201cEu mesmo sou fruto dessa pol\u00edtica. Recebi apoio com materiais, constru\u00ed minha casa no Pedra 90 \u2013 em Cuiab\u00e1 \u2013 e, hoje, estou na gest\u00e3o p\u00fablica defendendo essa pauta. J\u00e1 temos 1.800 lotes com licen\u00e7a pr\u00e9via e de instala\u00e7\u00e3o em uma gleba de 10 hectares. O investimento previsto \u00e9 de R$ 25 milh\u00f5es e pedimos apoio do senador Jayme Campos e do deputado Wilson Santos para levar esse projeto ao Minist\u00e9rio das Cidades e ao Governo de Mato Grosso\u201d, declarou.<\/p>\n\n\n\n<p>O senador se colocou \u00e0 disposi\u00e7\u00e3o para encaminhar a proposta ao ministro das Cidades, Jader Barbalho, solicitando recursos para urbanizar as \u00e1reas com infraestrutura b\u00e1sica, como energia el\u00e9trica e abastecimento de \u00e1gua, para beneficiar centenas de fam\u00edlias. J\u00e1 o deputado Wilson Santos endossou a fala de Jayme Campos e lembrou que apresentou uma emenda de R$ 100 milh\u00f5es na Lei Or\u00e7ament\u00e1ria Anual (LOA) de 2024, destinada a investimentos em infraestrutura, habita\u00e7\u00e3o e assist\u00eancia social. Apesar de n\u00e3o ter sido aprovada, o mesmo valor ser\u00e1 inclu\u00eddo na proposta or\u00e7ament\u00e1ria para 2025.<\/p>\n\n\n\n<p>\u201cO povo n\u00e3o pode esperar eternamente pela casa pronta. O caminho mais r\u00e1pido \u00e9 o loteamento popular, com assist\u00eancia t\u00e9cnica e mutir\u00e3o. Em Cuiab\u00e1, participei da funda\u00e7\u00e3o de quase 30 bairros. O povo se organizou e construiu com as pr\u00f3prias m\u00e3os. Temos que parar de iludir. O que d\u00e1 resultado \u00e9 dar o lote, regularizar e orientar. A casa vem depois\u201d, afirmou o deputado.<\/p>\n\n\n\n<p>Sobre as moradias populares, Jayme Campos tamb\u00e9m destacou a necessidade de tornar as presta\u00e7\u00f5es mais acess\u00edveis. \u201cHoje, uma presta\u00e7\u00e3o varia entre R$ 600 e R$ 700, o que pesa no or\u00e7amento da maioria das fam\u00edlias. Reduzir para R$ 400 j\u00e1 representaria um grande al\u00edvio. Essa \u00e9 uma das propostas que defendo para o Governo de Mato Grosso, em que os interessados dariam uma entrada entre R$ 15 mil e R$ 20 mil, para im\u00f3veis com valor m\u00e9dio de R$ 180 mil\u201d, explicou o senador.<\/p>\n\n\n\n<p>Ao final da reuni\u00e3o, Wilson Santos anunciou que a pr\u00f3xima etapa da CST ser\u00e1 ampliar o di\u00e1logo com representantes do Instituto Nacional de Coloniza\u00e7\u00e3o e Reforma Agr\u00e1ria (Incra) e da Secretaria Municipal de Habita\u00e7\u00e3o de Cuiab\u00e1, com o objetivo de avaliar as a\u00e7\u00f5es de enfrentamento ao d\u00e9ficit habitacional e ampliar o acesso da popula\u00e7\u00e3o de baixa renda ao sonho da casa pr\u00f3pria.<\/p>\n\n\n\n<p>O encontro tamb\u00e9m teve a participa\u00e7\u00e3o de representantes da sociedade civil e de institui\u00e7\u00f5es ligadas \u00e0 habita\u00e7\u00e3o, como a MT Participa\u00e7\u00f5es e Projetos S\/A (MTPar), Associa\u00e7\u00e3o Comunit\u00e1ria de Habita\u00e7\u00e3o do Estado de Mato Grosso (ACDHAM), Secretaria do Patrim\u00f4nio da Uni\u00e3o, Modular Assessoria T\u00e9cnica, Federa\u00e7\u00e3o Mato-grossense das Associa\u00e7\u00f5es de Moradores de Bairros (FEMAB), entre outras.<\/p>\n","protected":false},"excerpt":{"rendered":"<p>CST Moradia Popular A 10\u00aa reuni\u00e3o da C\u00e2mara Setorial Tem\u00e1tica (CST) da Moradia Popular foi realizada no dia 13 de junho, na Assembleia Legislativa de Mato Grosso, sob a presid\u00eancia do deputado estadual Wilson Santos (PSD). O encontro contou com a participa\u00e7\u00e3o do senador Jayme Campos (Uni\u00e3o), que compartilhou sua experi\u00eancia com a regulariza\u00e7\u00e3o fundi\u00e1ria [&hellip;]<\/p>\n","protected":false},"author":4,"featured_media":1647,"comment_status":"closed","ping_status":"open","sticky":false,"template":"","format":"standard","meta":{"footnotes":""},"categories":[13],"tags":[],"yoast_head":"<!-- This site is optimized with the Yoast SEO Premium plugin v21.5 (Yoast SEO v21.4) - https:\/\/yoast.com\/wordpress\/plugins\/seo\/ -->\n<title>Jayme Campos e Wilson Santos defendem o loteamento popular para reduzir d\u00e9ficit habitacional em MT - wilsonsantosmt.com.br<\/title>\n<meta name=\"robots\" content=\"index, follow, max-snippet:-1, max-image-preview:large, max-video-preview:-1\" \/>\n<link rel=\"canonical\" href=\"https:\/\/wilsonsantosmt.com.br\/index.php\/2025\/06\/23\/jayme-campos-e-wilson-santos-defendem-o-loteamento-popular-para-reduzir-deficit-habitacional-em-mt\/\" \/>\n<meta property=\"og:locale\" content=\"pt_BR\" \/>\n<meta property=\"og:type\" content=\"article\" \/>\n<meta property=\"og:title\" content=\"Jayme Campos e Wilson Santos defendem o loteamento popular para reduzir d\u00e9ficit habitacional em MT\" \/>\n<meta property=\"og:description\" content=\"CST Moradia Popular A 10\u00aa reuni\u00e3o da C\u00e2mara Setorial Tem\u00e1tica (CST) da Moradia Popular foi realizada no dia 13 de junho, na Assembleia Legislativa de Mato Grosso, sob a presid\u00eancia do deputado estadual Wilson Santos (PSD). O encontro contou com a participa\u00e7\u00e3o do senador Jayme Campos (Uni\u00e3o), que compartilhou sua experi\u00eancia com a regulariza\u00e7\u00e3o fundi\u00e1ria [&hellip;]\" \/>\n<meta property=\"og:url\" content=\"https:\/\/wilsonsantosmt.com.br\/index.php\/2025\/06\/23\/jayme-campos-e-wilson-santos-defendem-o-loteamento-popular-para-reduzir-deficit-habitacional-em-mt\/\" \/>\n<meta property=\"og:site_name\" content=\"wilsonsantosmt.com.br\" \/>\n<meta property=\"article:publisher\" content=\"https:\/\/www.facebook.com\/WilsonSantosMT\/\" \/>\n<meta property=\"article:published_time\" content=\"2025-06-23T21:25:47+00:00\" \/>\n<meta property=\"article:modified_time\" content=\"2025-06-23T21:25:48+00:00\" \/>\n<meta property=\"og:image\" content=\"http:\/\/wilsonsantosmt.com.br\/wp-content\/uploads\/2025\/06\/0bfe4240e942bff86c861f23e6b4de70684c8accf33ed-scaled.jpg\" \/>\n\t<meta property=\"og:image:width\" content=\"2560\" \/>\n\t<meta property=\"og:image:height\" content=\"1707\" \/>\n\t<meta property=\"og:image:type\" content=\"image\/jpeg\" \/>\n<meta name=\"author\" content=\"Samantha dos Anjos\" \/>\n<meta name=\"twitter:card\" content=\"summary_large_image\" \/>\n<meta name=\"twitter:label1\" content=\"Escrito por\" \/>\n\t<meta name=\"twitter:data1\" content=\"Samantha dos Anjos\" \/>\n\t<meta name=\"twitter:label2\" content=\"Est. tempo de leitura\" \/>\n\t<meta name=\"twitter:data2\" content=\"4 minutos\" \/>\n<script type=\"application\/ld+json\" class=\"yoast-schema-graph\">{\"@context\":\"https:\/\/schema.org\",\"@graph\":[{\"@type\":\"Article\",\"@id\":\"https:\/\/wilsonsantosmt.com.br\/index.php\/2025\/06\/23\/jayme-campos-e-wilson-santos-defendem-o-loteamento-popular-para-reduzir-deficit-habitacional-em-mt\/#article\",\"isPartOf\":{\"@id\":\"https:\/\/wilsonsantosmt.com.br\/index.php\/2025\/06\/23\/jayme-campos-e-wilson-santos-defendem-o-loteamento-popular-para-reduzir-deficit-habitacional-em-mt\/\"},\"author\":{\"name\":\"Samantha dos Anjos\",\"@id\":\"https:\/\/wilsonsantosmt.com.br\/#\/schema\/person\/1d097ee45f526dd0455dbad8c679932c\"},\"headline\":\"Jayme Campos e Wilson Santos defendem o loteamento popular para reduzir d\u00e9ficit habitacional em MT\",\"datePublished\":\"2025-06-23T21:25:47+00:00\",\"dateModified\":\"2025-06-23T21:25:48+00:00\",\"mainEntityOfPage\":{\"@id\":\"https:\/\/wilsonsantosmt.com.br\/index.php\/2025\/06\/23\/jayme-campos-e-wilson-santos-defendem-o-loteamento-popular-para-reduzir-deficit-habitacional-em-mt\/\"},\"wordCount\":755,\"publisher\":{\"@id\":\"https:\/\/wilsonsantosmt.com.br\/#\/schema\/person\/9de3c54961637a9eadb16bcbf895b1ef\"},\"articleSection\":[\"Not\u00edcias\"],\"inLanguage\":\"pt-BR\"},{\"@type\":\"WebPage\",\"@id\":\"https:\/\/wilsonsantosmt.com.br\/index.php\/2025\/06\/23\/jayme-campos-e-wilson-santos-defendem-o-loteamento-popular-para-reduzir-deficit-habitacional-em-mt\/\",\"url\":\"https:\/\/wilsonsantosmt.com.br\/index.php\/2025\/06\/23\/jayme-campos-e-wilson-santos-defendem-o-loteamento-popular-para-reduzir-deficit-habitacional-em-mt\/\",\"name\":\"Jayme Campos e Wilson Santos defendem o loteamento popular para reduzir d\u00e9ficit habitacional em MT - wilsonsantosmt.com.br\",\"isPartOf\":{\"@id\":\"https:\/\/wilsonsantosmt.com.br\/#website\"},\"datePublished\":\"2025-06-23T21:25:47+00:00\",\"dateModified\":\"2025-06-23T21:25:48+00:00\",\"breadcrumb\":{\"@id\":\"https:\/\/wilsonsantosmt.com.br\/index.php\/2025\/06\/23\/jayme-campos-e-wilson-santos-defendem-o-loteamento-popular-para-reduzir-deficit-habitacional-em-mt\/#breadcrumb\"},\"inLanguage\":\"pt-BR\",\"potentialAction\":[{\"@type\":\"ReadAction\",\"target\":[\"https:\/\/wilsonsantosmt.com.br\/index.php\/2025\/06\/23\/jayme-campos-e-wilson-santos-defendem-o-loteamento-popular-para-reduzir-deficit-habitacional-em-mt\/\"]}]},{\"@type\":\"BreadcrumbList\",\"@id\":\"https:\/\/wilsonsantosmt.com.br\/index.php\/2025\/06\/23\/jayme-campos-e-wilson-santos-defendem-o-loteamento-popular-para-reduzir-deficit-habitacional-em-mt\/#breadcrumb\",\"itemListElement\":[{\"@type\":\"ListItem\",\"position\":1,\"name\":\"In\u00edcio\",\"item\":\"https:\/\/wilsonsantosmt.com.br\/\"},{\"@type\":\"ListItem\",\"position\":2,\"name\":\"Not\u00edcias\",\"item\":\"https:\/\/wilsonsantosmt.com.br\/index.php\/category\/noticias\/\"},{\"@type\":\"ListItem\",\"position\":3,\"name\":\"Jayme Campos e Wilson Santos defendem o loteamento popular para reduzir d\u00e9ficit habitacional em MT\"}]},{\"@type\":\"WebSite\",\"@id\":\"https:\/\/wilsonsantosmt.com.br\/#website\",\"url\":\"https:\/\/wilsonsantosmt.com.br\/\",\"name\":\"wilsonsantosmt.com.br\",\"description\":\"\",\"publisher\":{\"@id\":\"https:\/\/wilsonsantosmt.com.br\/#\/schema\/person\/9de3c54961637a9eadb16bcbf895b1ef\"},\"potentialAction\":[{\"@type\":\"SearchAction\",\"target\":{\"@type\":\"EntryPoint\",\"urlTemplate\":\"https:\/\/wilsonsantosmt.com.br\/?s={search_term_string}\"},\"query-input\":\"required name=search_term_string\"}],\"inLanguage\":\"pt-BR\"},{\"@type\":[\"Person\",\"Organization\"],\"@id\":\"https:\/\/wilsonsantosmt.com.br\/#\/schema\/person\/9de3c54961637a9eadb16bcbf895b1ef\",\"name\":\"Wilson Santos\",\"image\":{\"@type\":\"ImageObject\",\"inLanguage\":\"pt-BR\",\"@id\":\"https:\/\/wilsonsantosmt.com.br\/#\/schema\/person\/image\/\",\"url\":\"https:\/\/wilsonsantosmt.com.br\/wp-content\/uploads\/2023\/11\/310828673_653254583023360_8795459643194608438_n.jpg\",\"contentUrl\":\"https:\/\/wilsonsantosmt.com.br\/wp-content\/uploads\/2023\/11\/310828673_653254583023360_8795459643194608438_n.jpg\",\"width\":1078,\"height\":1079,\"caption\":\"Wilson Santos\"},\"logo\":{\"@id\":\"https:\/\/wilsonsantosmt.com.br\/#\/schema\/person\/image\/\"},\"sameAs\":[\"http:\/\/wilsonsantosmt.com.br\",\"https:\/\/www.facebook.com\/WilsonSantosMT\/\",\"https:\/\/www.instagram.com\/wilsonsantosmt\/\",\"https:\/\/www.youtube.com\/@WilsonSantosWS\/videos\",\"https:\/\/pt.wikipedia.org\/wiki\/Wilson_Santos\"],\"honorificPrefix\":\"Sr\",\"gender\":\"masculino\",\"jobTitle\":\"Deputado Estadual\",\"worksFor\":\"Assembleia Legislativa de Mato Grosso\"},{\"@type\":\"Person\",\"@id\":\"https:\/\/wilsonsantosmt.com.br\/#\/schema\/person\/1d097ee45f526dd0455dbad8c679932c\",\"name\":\"Samantha dos Anjos\",\"image\":{\"@type\":\"ImageObject\",\"inLanguage\":\"pt-BR\",\"@id\":\"https:\/\/wilsonsantosmt.com.br\/#\/schema\/person\/image\/\",\"url\":\"https:\/\/secure.gravatar.com\/avatar\/7d8d0b6dd67d134a9fa841bee90c57c7?s=96&d=mm&r=g\",\"contentUrl\":\"https:\/\/secure.gravatar.com\/avatar\/7d8d0b6dd67d134a9fa841bee90c57c7?s=96&d=mm&r=g\",\"caption\":\"Samantha dos Anjos\"},\"url\":\"https:\/\/wilsonsantosmt.com.br\/index.php\/author\/samantha-dos-anjos\/\"}]}<\/script>\n<!-- \/ Yoast SEO Premium plugin. -->","yoast_head_json":{"title":"Jayme Campos e Wilson Santos defendem o loteamento popular para reduzir d\u00e9ficit habitacional em MT - wilsonsantosmt.com.br","robots":{"index":"index","follow":"follow","max-snippet":"max-snippet:-1","max-image-preview":"max-image-preview:large","max-video-preview":"max-video-preview:-1"},"canonical":"https:\/\/wilsonsantosmt.com.br\/index.php\/2025\/06\/23\/jayme-campos-e-wilson-santos-defendem-o-loteamento-popular-para-reduzir-deficit-habitacional-em-mt\/","og_locale":"pt_BR","og_type":"article","og_title":"Jayme Campos e Wilson Santos defendem o loteamento popular para reduzir d\u00e9ficit habitacional em MT","og_description":"CST Moradia Popular A 10\u00aa reuni\u00e3o da C\u00e2mara Setorial Tem\u00e1tica (CST) da Moradia Popular foi realizada no dia 13 de junho, na Assembleia Legislativa de Mato Grosso, sob a presid\u00eancia do deputado estadual Wilson Santos (PSD). O encontro contou com a participa\u00e7\u00e3o do senador Jayme Campos (Uni\u00e3o), que compartilhou sua experi\u00eancia com a regulariza\u00e7\u00e3o fundi\u00e1ria [&hellip;]","og_url":"https:\/\/wilsonsantosmt.com.br\/index.php\/2025\/06\/23\/jayme-campos-e-wilson-santos-defendem-o-loteamento-popular-para-reduzir-deficit-habitacional-em-mt\/","og_site_name":"wilsonsantosmt.com.br","article_publisher":"https:\/\/www.facebook.com\/WilsonSantosMT\/","article_published_time":"2025-06-23T21:25:47+00:00","article_modified_time":"2025-06-23T21:25:48+00:00","og_image":[{"width":2560,"height":1707,"url":"http:\/\/wilsonsantosmt.com.br\/wp-content\/uploads\/2025\/06\/0bfe4240e942bff86c861f23e6b4de70684c8accf33ed-scaled.jpg","type":"image\/jpeg"}],"author":"Samantha dos Anjos","twitter_card":"summary_large_image","twitter_misc":{"Escrito por":"Samantha dos Anjos","Est. tempo de leitura":"4 minutos"},"schema":{"@context":"https:\/\/schema.org","@graph":[{"@type":"Article","@id":"https:\/\/wilsonsantosmt.com.br\/index.php\/2025\/06\/23\/jayme-campos-e-wilson-santos-defendem-o-loteamento-popular-para-reduzir-deficit-habitacional-em-mt\/#article","isPartOf":{"@id":"https:\/\/wilsonsantosmt.com.br\/index.php\/2025\/06\/23\/jayme-campos-e-wilson-santos-defendem-o-loteamento-popular-para-reduzir-deficit-habitacional-em-mt\/"},"author":{"name":"Samantha dos Anjos","@id":"https:\/\/wilsonsantosmt.com.br\/#\/schema\/person\/1d097ee45f526dd0455dbad8c679932c"},"headline":"Jayme Campos e Wilson Santos defendem o loteamento popular para reduzir d\u00e9ficit habitacional em MT","datePublished":"2025-06-23T21:25:47+00:00","dateModified":"2025-06-23T21:25:48+00:00","mainEntityOfPage":{"@id":"https:\/\/wilsonsantosmt.com.br\/index.php\/2025\/06\/23\/jayme-campos-e-wilson-santos-defendem-o-loteamento-popular-para-reduzir-deficit-habitacional-em-mt\/"},"wordCount":755,"publisher":{"@id":"https:\/\/wilsonsantosmt.com.br\/#\/schema\/person\/9de3c54961637a9eadb16bcbf895b1ef"},"articleSection":["Not\u00edcias"],"inLanguage":"pt-BR"},{"@type":"WebPage","@id":"https:\/\/wilsonsantosmt.com.br\/index.php\/2025\/06\/23\/jayme-campos-e-wilson-santos-defendem-o-loteamento-popular-para-reduzir-deficit-habitacional-em-mt\/","url":"https:\/\/wilsonsantosmt.com.br\/index.php\/2025\/06\/23\/jayme-campos-e-wilson-santos-defendem-o-loteamento-popular-para-reduzir-deficit-habitacional-em-mt\/","name":"Jayme Campos e Wilson Santos defendem o loteamento popular para reduzir d\u00e9ficit habitacional em MT - wilsonsantosmt.com.br","isPartOf":{"@id":"https:\/\/wilsonsantosmt.com.br\/#website"},"datePublished":"2025-06-23T21:25:47+00:00","dateModified":"2025-06-23T21:25:48+00:00","breadcrumb":{"@id":"https:\/\/wilsonsantosmt.com.br\/index.php\/2025\/06\/23\/jayme-campos-e-wilson-santos-defendem-o-loteamento-popular-para-reduzir-deficit-habitacional-em-mt\/#breadcrumb"},"inLanguage":"pt-BR","potentialAction":[{"@type":"ReadAction","target":["https:\/\/wilsonsantosmt.com.br\/index.php\/2025\/06\/23\/jayme-campos-e-wilson-santos-defendem-o-loteamento-popular-para-reduzir-deficit-habitacional-em-mt\/"]}]},{"@type":"BreadcrumbList","@id":"https:\/\/wilsonsantosmt.com.br\/index.php\/2025\/06\/23\/jayme-campos-e-wilson-santos-defendem-o-loteamento-popular-para-reduzir-deficit-habitacional-em-mt\/#breadcrumb","itemListElement":[{"@type":"ListItem","position":1,"name":"In\u00edcio","item":"https:\/\/wilsonsantosmt.com.br\/"},{"@type":"ListItem","position":2,"name":"Not\u00edcias","item":"https:\/\/wilsonsantosmt.com.br\/index.php\/category\/noticias\/"},{"@type":"ListItem","position":3,"name":"Jayme Campos e Wilson Santos defendem o loteamento popular para reduzir d\u00e9ficit habitacional em MT"}]},{"@type":"WebSite","@id":"https:\/\/wilsonsantosmt.com.br\/#website","url":"https:\/\/wilsonsantosmt.com.br\/","name":"wilsonsantosmt.com.br","description":"","publisher":{"@id":"https:\/\/wilsonsantosmt.com.br\/#\/schema\/person\/9de3c54961637a9eadb16bcbf895b1ef"},"potentialAction":[{"@type":"SearchAction","target":{"@type":"EntryPoint","urlTemplate":"https:\/\/wilsonsantosmt.com.br\/?s={search_term_string}"},"query-input":"required name=search_term_string"}],"inLanguage":"pt-BR"},{"@type":["Person","Organization"],"@id":"https:\/\/wilsonsantosmt.com.br\/#\/schema\/person\/9de3c54961637a9eadb16bcbf895b1ef","name":"Wilson Santos","image":{"@type":"ImageObject","inLanguage":"pt-BR","@id":"https:\/\/wilsonsantosmt.com.br\/#\/schema\/person\/image\/","url":"https:\/\/wilsonsantosmt.com.br\/wp-content\/uploads\/2023\/11\/310828673_653254583023360_8795459643194608438_n.jpg","contentUrl":"https:\/\/wilsonsantosmt.com.br\/wp-content\/uploads\/2023\/11\/310828673_653254583023360_8795459643194608438_n.jpg","width":1078,"height":1079,"caption":"Wilson Santos"},"logo":{"@id":"https:\/\/wilsonsantosmt.com.br\/#\/schema\/person\/image\/"},"sameAs":["http:\/\/wilsonsantosmt.com.br","https:\/\/www.facebook.com\/WilsonSantosMT\/","https:\/\/www.instagram.com\/wilsonsantosmt\/","https:\/\/www.youtube.com\/@WilsonSantosWS\/videos","https:\/\/pt.wikipedia.org\/wiki\/Wilson_Santos"],"honorificPrefix":"Sr","gender":"masculino","jobTitle":"Deputado Estadual","worksFor":"Assembleia Legislativa de Mato Grosso"},{"@type":"Person","@id":"https:\/\/wilsonsantosmt.com.br\/#\/schema\/person\/1d097ee45f526dd0455dbad8c679932c","name":"Samantha dos Anjos","image":{"@type":"ImageObject","inLanguage":"pt-BR","@id":"https:\/\/wilsonsantosmt.com.br\/#\/schema\/person\/image\/","url":"https:\/\/secure.gravatar.com\/avatar\/7d8d0b6dd67d134a9fa841bee90c57c7?s=96&d=mm&r=g","contentUrl":"https:\/\/secure.gravatar.com\/avatar\/7d8d0b6dd67d134a9fa841bee90c57c7?s=96&d=mm&r=g","caption":"Samantha dos Anjos"},"url":"https:\/\/wilsonsantosmt.com.br\/index.php\/author\/samantha-dos-anjos\/"}]}},"_links":{"self":[{"href":"https:\/\/wilsonsantosmt.com.br\/index.php\/wp-json\/wp\/v2\/posts\/1646"}],"collection":[{"href":"https:\/\/wilsonsantosmt.com.br\/index.php\/wp-json\/wp\/v2\/posts"}],"about":[{"href":"https:\/\/wilsonsantosmt.com.br\/index.php\/wp-json\/wp\/v2\/types\/post"}],"author":[{"embeddable":true,"href":"https:\/\/wilsonsantosmt.com.br\/index.php\/wp-json\/wp\/v2\/users\/4"}],"replies":[{"embeddable":true,"href":"https:\/\/wilsonsantosmt.com.br\/index.php\/wp-json\/wp\/v2\/comments?post=1646"}],"version-history":[{"count":1,"href":"https:\/\/wilsonsantosmt.com.br\/index.php\/wp-json\/wp\/v2\/posts\/1646\/revisions"}],"predecessor-version":[{"id":1648,"href":"https:\/\/wilsonsantosmt.com.br\/index.php\/wp-json\/wp\/v2\/posts\/1646\/revisions\/1648"}],"wp:featuredmedia":[{"embeddable":true,"href":"https:\/\/wilsonsantosmt.com.br\/index.php\/wp-json\/wp\/v2\/media\/1647"}],"wp:attachment":[{"href":"https:\/\/wilsonsantosmt.com.br\/index.php\/wp-json\/wp\/v2\/media?parent=1646"}],"wp:term":[{"taxonomy":"category","embeddable":true,"href":"https:\/\/wilsonsantosmt.com.br\/index.php\/wp-json\/wp\/v2\/categories?post=1646"},{"taxonomy":"post_tag","embeddable":true,"href":"https:\/\/wilsonsantosmt.com.br\/index.php\/wp-json\/wp\/v2\/tags?post=1646"}],"curies":[{"name":"wp","href":"https:\/\/api.w.org\/{rel}","templated":true}]}}