{"id":1652,"date":"2025-06-25T14:19:37","date_gmt":"2025-06-25T18:19:37","guid":{"rendered":"https:\/\/wilsonsantosmt.com.br\/?p=1652"},"modified":"2025-06-25T14:19:38","modified_gmt":"2025-06-25T18:19:38","slug":"wilson-santos-propoe-fim-de-incentivos-fiscais-a-azul-apos-cancelar-voos-regionais-em-mt","status":"publish","type":"post","link":"https:\/\/wilsonsantosmt.com.br\/index.php\/2025\/06\/25\/wilson-santos-propoe-fim-de-incentivos-fiscais-a-azul-apos-cancelar-voos-regionais-em-mt\/","title":{"rendered":"Wilson Santos prop\u00f5e fim de incentivos fiscais \u00e0 Azul ap\u00f3s cancelar voos regionais em MT"},"content":{"rendered":"\n<p>VOE MT<\/p>\n\n\n\n<p><\/p>\n\n\n\n<p>O deputado estadual Wilson Santos (PSD) prop\u00f4s projeto de lei para suspender os incentivos fiscais concedidos \u00e0 companhia Azul Linhas A\u00e9reas Brasileiras, nesta quarta-feira (25), em sess\u00e3o plen\u00e1ria, ap\u00f3s o an\u00fancio do cancelamento de seis rotas regionais que operam a partir do Aeroporto Internacional Marechal Rondon, em V\u00e1rzea Grande. Essa decis\u00e3o tomada fere as normas do Programa Estadual de Incentivo \u00e0 Avia\u00e7\u00e3o Regional &#8211; VOE MT, institu\u00edda pela Lei Estadual <a href=\"https:\/\/www.legisweb.com.br\/legislacao\/?id=319389\">n\u00ba 10.395\/2016<\/a>.<\/p>\n\n\n\n<p>\u201cH\u00e1 exatamente duas semanas, a Azul informou que vai cancelar alguns voos a partir do dia 1\u00b0 de julho. A interrup\u00e7\u00e3o desses itiner\u00e1rios compromete o desenvolvimento econ\u00f4mico de Mato Grosso, uma vez que essas rotas s\u00e3o fundamentais para a log\u00edstica, aos neg\u00f3cios no ramo da agropecu\u00e1ria e ao turismo. Diante disso, \u00e9 necess\u00e1rio rever a legisla\u00e7\u00e3o do VOE MT, para que empresas que descumprem contratos n\u00e3o continuem recebendo incentivos fiscais\u201d, justificou o parlamentar.<\/p>\n\n\n\n<p>As rotas que ser\u00e3o suspensas, em julho, envolvem destinos para os aeroportos de Alta Floresta (MT), Campo Grande (MS), Curitiba (PR), Goi\u00e2nia (GO), Bras\u00edlia (DF) e Macei\u00f3 (AL). O deputado frisou o impacto sobre Alta Floresta, importante polo do ecoturismo no estado. \u201cAlta Floresta atrai turistas de diversas partes do Brasil e do exterior, interessados nas riquezas do bioma amaz\u00f4nico, como o Parque Estadual do Cristalino, que oferece atividades de observa\u00e7\u00e3o de aves, trilhas e canoagem. Al\u00e9m disso, a regi\u00e3o vive uma forte expans\u00e3o do agroneg\u00f3cio, que exige conex\u00f5es a\u00e9reas eficientes\u201d, ressaltou.<\/p>\n\n\n\n<p>O projeto de lei apresentado por Wilson, prev\u00ea penalidades para empresas que encerrarem rotas de forma abrupta, sem justificativa t\u00e9cnico-operacional ou econ\u00f4mico-financeira devidamente comprovada e sem aviso pr\u00e9vio m\u00ednimo de 90 dias. Entre as puni\u00e7\u00f5es previstas est\u00e3o a perda imediata do incentivo fiscal, devolu\u00e7\u00e3o ao er\u00e1rio estadual, com corre\u00e7\u00e3o monet\u00e1ria, dos valores recebidos nos \u00faltimos 24 meses, proibi\u00e7\u00e3o de celebrar novos conv\u00eanios com o Estado por at\u00e9 cinco anos e inclus\u00e3o no cadastro estadual de empresas inid\u00f4neas para fins de benef\u00edcios fiscais, em caso de m\u00e1-f\u00e9 comprovada.<\/p>\n\n\n\n<p>O Programa VOE MT tem como objetivo ampliar a malha a\u00e9rea em Mato Grosso, incluindo rotas nacionais e internacionais. Os incentivos concedidos envolvem a redu\u00e7\u00e3o da base de c\u00e1lculo do ICMS sobre o querosene de avia\u00e7\u00e3o e a divulga\u00e7\u00e3o dos atrativos tur\u00edsticos do estado pelas companhias a\u00e9reas parceiras.<\/p>\n","protected":false},"excerpt":{"rendered":"<p>VOE MT O deputado estadual Wilson Santos (PSD) prop\u00f4s projeto de lei para suspender os incentivos fiscais concedidos \u00e0 companhia Azul Linhas A\u00e9reas Brasileiras, nesta quarta-feira (25), em sess\u00e3o plen\u00e1ria, ap\u00f3s o an\u00fancio do cancelamento de seis rotas regionais que operam a partir do Aeroporto Internacional Marechal Rondon, em V\u00e1rzea Grande. Essa decis\u00e3o tomada fere [&hellip;]<\/p>\n","protected":false},"author":4,"featured_media":1653,"comment_status":"closed","ping_status":"open","sticky":false,"template":"","format":"standard","meta":{"footnotes":""},"categories":[13],"tags":[],"yoast_head":"<!-- This site is optimized with the Yoast SEO Premium plugin v21.5 (Yoast SEO v21.4) - https:\/\/yoast.com\/wordpress\/plugins\/seo\/ -->\n<title>Wilson Santos prop\u00f5e fim de incentivos fiscais \u00e0 Azul ap\u00f3s cancelar voos regionais em MT - wilsonsantosmt.com.br<\/title>\n<meta name=\"robots\" content=\"index, follow, max-snippet:-1, max-image-preview:large, max-video-preview:-1\" \/>\n<link rel=\"canonical\" href=\"https:\/\/wilsonsantosmt.com.br\/index.php\/2025\/06\/25\/wilson-santos-propoe-fim-de-incentivos-fiscais-a-azul-apos-cancelar-voos-regionais-em-mt\/\" \/>\n<meta property=\"og:locale\" content=\"pt_BR\" \/>\n<meta property=\"og:type\" content=\"article\" \/>\n<meta property=\"og:title\" content=\"Wilson Santos prop\u00f5e fim de incentivos fiscais \u00e0 Azul ap\u00f3s cancelar voos regionais em MT\" \/>\n<meta property=\"og:description\" content=\"VOE MT O deputado estadual Wilson Santos (PSD) prop\u00f4s projeto de lei para suspender os incentivos fiscais concedidos \u00e0 companhia Azul Linhas A\u00e9reas Brasileiras, nesta quarta-feira (25), em sess\u00e3o plen\u00e1ria, ap\u00f3s o an\u00fancio do cancelamento de seis rotas regionais que operam a partir do Aeroporto Internacional Marechal Rondon, em V\u00e1rzea Grande. Essa decis\u00e3o tomada fere [&hellip;]\" \/>\n<meta property=\"og:url\" content=\"https:\/\/wilsonsantosmt.com.br\/index.php\/2025\/06\/25\/wilson-santos-propoe-fim-de-incentivos-fiscais-a-azul-apos-cancelar-voos-regionais-em-mt\/\" \/>\n<meta property=\"og:site_name\" content=\"wilsonsantosmt.com.br\" \/>\n<meta property=\"article:publisher\" content=\"https:\/\/www.facebook.com\/WilsonSantosMT\/\" \/>\n<meta property=\"article:published_time\" content=\"2025-06-25T18:19:37+00:00\" \/>\n<meta property=\"article:modified_time\" content=\"2025-06-25T18:19:38+00:00\" \/>\n<meta property=\"og:image\" content=\"http:\/\/wilsonsantosmt.com.br\/wp-content\/uploads\/2025\/06\/73188037539763a1939b58201e8012e16839bf11a8135-scaled.jpg\" \/>\n\t<meta property=\"og:image:width\" content=\"2560\" \/>\n\t<meta property=\"og:image:height\" content=\"1706\" \/>\n\t<meta property=\"og:image:type\" content=\"image\/jpeg\" \/>\n<meta name=\"author\" content=\"Samantha dos Anjos\" \/>\n<meta name=\"twitter:card\" content=\"summary_large_image\" \/>\n<meta name=\"twitter:label1\" content=\"Escrito por\" \/>\n\t<meta name=\"twitter:data1\" content=\"Samantha dos Anjos\" \/>\n\t<meta name=\"twitter:label2\" content=\"Est. tempo de leitura\" \/>\n\t<meta name=\"twitter:data2\" content=\"3 minutos\" \/>\n<script type=\"application\/ld+json\" class=\"yoast-schema-graph\">{\"@context\":\"https:\/\/schema.org\",\"@graph\":[{\"@type\":\"Article\",\"@id\":\"https:\/\/wilsonsantosmt.com.br\/index.php\/2025\/06\/25\/wilson-santos-propoe-fim-de-incentivos-fiscais-a-azul-apos-cancelar-voos-regionais-em-mt\/#article\",\"isPartOf\":{\"@id\":\"https:\/\/wilsonsantosmt.com.br\/index.php\/2025\/06\/25\/wilson-santos-propoe-fim-de-incentivos-fiscais-a-azul-apos-cancelar-voos-regionais-em-mt\/\"},\"author\":{\"name\":\"Samantha dos Anjos\",\"@id\":\"https:\/\/wilsonsantosmt.com.br\/#\/schema\/person\/1d097ee45f526dd0455dbad8c679932c\"},\"headline\":\"Wilson Santos prop\u00f5e fim de incentivos fiscais \u00e0 Azul ap\u00f3s cancelar voos regionais em MT\",\"datePublished\":\"2025-06-25T18:19:37+00:00\",\"dateModified\":\"2025-06-25T18:19:38+00:00\",\"mainEntityOfPage\":{\"@id\":\"https:\/\/wilsonsantosmt.com.br\/index.php\/2025\/06\/25\/wilson-santos-propoe-fim-de-incentivos-fiscais-a-azul-apos-cancelar-voos-regionais-em-mt\/\"},\"wordCount\":436,\"publisher\":{\"@id\":\"https:\/\/wilsonsantosmt.com.br\/#\/schema\/person\/9de3c54961637a9eadb16bcbf895b1ef\"},\"articleSection\":[\"Not\u00edcias\"],\"inLanguage\":\"pt-BR\"},{\"@type\":\"WebPage\",\"@id\":\"https:\/\/wilsonsantosmt.com.br\/index.php\/2025\/06\/25\/wilson-santos-propoe-fim-de-incentivos-fiscais-a-azul-apos-cancelar-voos-regionais-em-mt\/\",\"url\":\"https:\/\/wilsonsantosmt.com.br\/index.php\/2025\/06\/25\/wilson-santos-propoe-fim-de-incentivos-fiscais-a-azul-apos-cancelar-voos-regionais-em-mt\/\",\"name\":\"Wilson Santos prop\u00f5e fim de incentivos fiscais \u00e0 Azul ap\u00f3s cancelar voos regionais em MT - wilsonsantosmt.com.br\",\"isPartOf\":{\"@id\":\"https:\/\/wilsonsantosmt.com.br\/#website\"},\"datePublished\":\"2025-06-25T18:19:37+00:00\",\"dateModified\":\"2025-06-25T18:19:38+00:00\",\"breadcrumb\":{\"@id\":\"https:\/\/wilsonsantosmt.com.br\/index.php\/2025\/06\/25\/wilson-santos-propoe-fim-de-incentivos-fiscais-a-azul-apos-cancelar-voos-regionais-em-mt\/#breadcrumb\"},\"inLanguage\":\"pt-BR\",\"potentialAction\":[{\"@type\":\"ReadAction\",\"target\":[\"https:\/\/wilsonsantosmt.com.br\/index.php\/2025\/06\/25\/wilson-santos-propoe-fim-de-incentivos-fiscais-a-azul-apos-cancelar-voos-regionais-em-mt\/\"]}]},{\"@type\":\"BreadcrumbList\",\"@id\":\"https:\/\/wilsonsantosmt.com.br\/index.php\/2025\/06\/25\/wilson-santos-propoe-fim-de-incentivos-fiscais-a-azul-apos-cancelar-voos-regionais-em-mt\/#breadcrumb\",\"itemListElement\":[{\"@type\":\"ListItem\",\"position\":1,\"name\":\"In\u00edcio\",\"item\":\"https:\/\/wilsonsantosmt.com.br\/\"},{\"@type\":\"ListItem\",\"position\":2,\"name\":\"Not\u00edcias\",\"item\":\"https:\/\/wilsonsantosmt.com.br\/index.php\/category\/noticias\/\"},{\"@type\":\"ListItem\",\"position\":3,\"name\":\"Wilson Santos prop\u00f5e fim de incentivos fiscais \u00e0 Azul ap\u00f3s cancelar voos regionais em MT\"}]},{\"@type\":\"WebSite\",\"@id\":\"https:\/\/wilsonsantosmt.com.br\/#website\",\"url\":\"https:\/\/wilsonsantosmt.com.br\/\",\"name\":\"wilsonsantosmt.com.br\",\"description\":\"\",\"publisher\":{\"@id\":\"https:\/\/wilsonsantosmt.com.br\/#\/schema\/person\/9de3c54961637a9eadb16bcbf895b1ef\"},\"potentialAction\":[{\"@type\":\"SearchAction\",\"target\":{\"@type\":\"EntryPoint\",\"urlTemplate\":\"https:\/\/wilsonsantosmt.com.br\/?s={search_term_string}\"},\"query-input\":\"required name=search_term_string\"}],\"inLanguage\":\"pt-BR\"},{\"@type\":[\"Person\",\"Organization\"],\"@id\":\"https:\/\/wilsonsantosmt.com.br\/#\/schema\/person\/9de3c54961637a9eadb16bcbf895b1ef\",\"name\":\"Wilson Santos\",\"image\":{\"@type\":\"ImageObject\",\"inLanguage\":\"pt-BR\",\"@id\":\"https:\/\/wilsonsantosmt.com.br\/#\/schema\/person\/image\/\",\"url\":\"https:\/\/wilsonsantosmt.com.br\/wp-content\/uploads\/2023\/11\/310828673_653254583023360_8795459643194608438_n.jpg\",\"contentUrl\":\"https:\/\/wilsonsantosmt.com.br\/wp-content\/uploads\/2023\/11\/310828673_653254583023360_8795459643194608438_n.jpg\",\"width\":1078,\"height\":1079,\"caption\":\"Wilson Santos\"},\"logo\":{\"@id\":\"https:\/\/wilsonsantosmt.com.br\/#\/schema\/person\/image\/\"},\"sameAs\":[\"http:\/\/wilsonsantosmt.com.br\",\"https:\/\/www.facebook.com\/WilsonSantosMT\/\",\"https:\/\/www.instagram.com\/wilsonsantosmt\/\",\"https:\/\/www.youtube.com\/@WilsonSantosWS\/videos\",\"https:\/\/pt.wikipedia.org\/wiki\/Wilson_Santos\"],\"honorificPrefix\":\"Sr\",\"gender\":\"masculino\",\"jobTitle\":\"Deputado Estadual\",\"worksFor\":\"Assembleia Legislativa de Mato Grosso\"},{\"@type\":\"Person\",\"@id\":\"https:\/\/wilsonsantosmt.com.br\/#\/schema\/person\/1d097ee45f526dd0455dbad8c679932c\",\"name\":\"Samantha dos Anjos\",\"image\":{\"@type\":\"ImageObject\",\"inLanguage\":\"pt-BR\",\"@id\":\"https:\/\/wilsonsantosmt.com.br\/#\/schema\/person\/image\/\",\"url\":\"https:\/\/secure.gravatar.com\/avatar\/7d8d0b6dd67d134a9fa841bee90c57c7?s=96&d=mm&r=g\",\"contentUrl\":\"https:\/\/secure.gravatar.com\/avatar\/7d8d0b6dd67d134a9fa841bee90c57c7?s=96&d=mm&r=g\",\"caption\":\"Samantha dos Anjos\"},\"url\":\"https:\/\/wilsonsantosmt.com.br\/index.php\/author\/samantha-dos-anjos\/\"}]}<\/script>\n<!-- \/ Yoast SEO Premium plugin. -->","yoast_head_json":{"title":"Wilson Santos prop\u00f5e fim de incentivos fiscais \u00e0 Azul ap\u00f3s cancelar voos regionais em MT - wilsonsantosmt.com.br","robots":{"index":"index","follow":"follow","max-snippet":"max-snippet:-1","max-image-preview":"max-image-preview:large","max-video-preview":"max-video-preview:-1"},"canonical":"https:\/\/wilsonsantosmt.com.br\/index.php\/2025\/06\/25\/wilson-santos-propoe-fim-de-incentivos-fiscais-a-azul-apos-cancelar-voos-regionais-em-mt\/","og_locale":"pt_BR","og_type":"article","og_title":"Wilson Santos prop\u00f5e fim de incentivos fiscais \u00e0 Azul ap\u00f3s cancelar voos regionais em MT","og_description":"VOE MT O deputado estadual Wilson Santos (PSD) prop\u00f4s projeto de lei para suspender os incentivos fiscais concedidos \u00e0 companhia Azul Linhas A\u00e9reas Brasileiras, nesta quarta-feira (25), em sess\u00e3o plen\u00e1ria, ap\u00f3s o an\u00fancio do cancelamento de seis rotas regionais que operam a partir do Aeroporto Internacional Marechal Rondon, em V\u00e1rzea Grande. Essa decis\u00e3o tomada fere [&hellip;]","og_url":"https:\/\/wilsonsantosmt.com.br\/index.php\/2025\/06\/25\/wilson-santos-propoe-fim-de-incentivos-fiscais-a-azul-apos-cancelar-voos-regionais-em-mt\/","og_site_name":"wilsonsantosmt.com.br","article_publisher":"https:\/\/www.facebook.com\/WilsonSantosMT\/","article_published_time":"2025-06-25T18:19:37+00:00","article_modified_time":"2025-06-25T18:19:38+00:00","og_image":[{"width":2560,"height":1706,"url":"http:\/\/wilsonsantosmt.com.br\/wp-content\/uploads\/2025\/06\/73188037539763a1939b58201e8012e16839bf11a8135-scaled.jpg","type":"image\/jpeg"}],"author":"Samantha dos Anjos","twitter_card":"summary_large_image","twitter_misc":{"Escrito por":"Samantha dos Anjos","Est. tempo de leitura":"3 minutos"},"schema":{"@context":"https:\/\/schema.org","@graph":[{"@type":"Article","@id":"https:\/\/wilsonsantosmt.com.br\/index.php\/2025\/06\/25\/wilson-santos-propoe-fim-de-incentivos-fiscais-a-azul-apos-cancelar-voos-regionais-em-mt\/#article","isPartOf":{"@id":"https:\/\/wilsonsantosmt.com.br\/index.php\/2025\/06\/25\/wilson-santos-propoe-fim-de-incentivos-fiscais-a-azul-apos-cancelar-voos-regionais-em-mt\/"},"author":{"name":"Samantha dos Anjos","@id":"https:\/\/wilsonsantosmt.com.br\/#\/schema\/person\/1d097ee45f526dd0455dbad8c679932c"},"headline":"Wilson Santos prop\u00f5e fim de incentivos fiscais \u00e0 Azul ap\u00f3s cancelar voos regionais em MT","datePublished":"2025-06-25T18:19:37+00:00","dateModified":"2025-06-25T18:19:38+00:00","mainEntityOfPage":{"@id":"https:\/\/wilsonsantosmt.com.br\/index.php\/2025\/06\/25\/wilson-santos-propoe-fim-de-incentivos-fiscais-a-azul-apos-cancelar-voos-regionais-em-mt\/"},"wordCount":436,"publisher":{"@id":"https:\/\/wilsonsantosmt.com.br\/#\/schema\/person\/9de3c54961637a9eadb16bcbf895b1ef"},"articleSection":["Not\u00edcias"],"inLanguage":"pt-BR"},{"@type":"WebPage","@id":"https:\/\/wilsonsantosmt.com.br\/index.php\/2025\/06\/25\/wilson-santos-propoe-fim-de-incentivos-fiscais-a-azul-apos-cancelar-voos-regionais-em-mt\/","url":"https:\/\/wilsonsantosmt.com.br\/index.php\/2025\/06\/25\/wilson-santos-propoe-fim-de-incentivos-fiscais-a-azul-apos-cancelar-voos-regionais-em-mt\/","name":"Wilson Santos prop\u00f5e fim de incentivos fiscais \u00e0 Azul ap\u00f3s cancelar voos regionais em MT - wilsonsantosmt.com.br","isPartOf":{"@id":"https:\/\/wilsonsantosmt.com.br\/#website"},"datePublished":"2025-06-25T18:19:37+00:00","dateModified":"2025-06-25T18:19:38+00:00","breadcrumb":{"@id":"https:\/\/wilsonsantosmt.com.br\/index.php\/2025\/06\/25\/wilson-santos-propoe-fim-de-incentivos-fiscais-a-azul-apos-cancelar-voos-regionais-em-mt\/#breadcrumb"},"inLanguage":"pt-BR","potentialAction":[{"@type":"ReadAction","target":["https:\/\/wilsonsantosmt.com.br\/index.php\/2025\/06\/25\/wilson-santos-propoe-fim-de-incentivos-fiscais-a-azul-apos-cancelar-voos-regionais-em-mt\/"]}]},{"@type":"BreadcrumbList","@id":"https:\/\/wilsonsantosmt.com.br\/index.php\/2025\/06\/25\/wilson-santos-propoe-fim-de-incentivos-fiscais-a-azul-apos-cancelar-voos-regionais-em-mt\/#breadcrumb","itemListElement":[{"@type":"ListItem","position":1,"name":"In\u00edcio","item":"https:\/\/wilsonsantosmt.com.br\/"},{"@type":"ListItem","position":2,"name":"Not\u00edcias","item":"https:\/\/wilsonsantosmt.com.br\/index.php\/category\/noticias\/"},{"@type":"ListItem","position":3,"name":"Wilson Santos prop\u00f5e fim de incentivos fiscais \u00e0 Azul ap\u00f3s cancelar voos regionais em MT"}]},{"@type":"WebSite","@id":"https:\/\/wilsonsantosmt.com.br\/#website","url":"https:\/\/wilsonsantosmt.com.br\/","name":"wilsonsantosmt.com.br","description":"","publisher":{"@id":"https:\/\/wilsonsantosmt.com.br\/#\/schema\/person\/9de3c54961637a9eadb16bcbf895b1ef"},"potentialAction":[{"@type":"SearchAction","target":{"@type":"EntryPoint","urlTemplate":"https:\/\/wilsonsantosmt.com.br\/?s={search_term_string}"},"query-input":"required name=search_term_string"}],"inLanguage":"pt-BR"},{"@type":["Person","Organization"],"@id":"https:\/\/wilsonsantosmt.com.br\/#\/schema\/person\/9de3c54961637a9eadb16bcbf895b1ef","name":"Wilson Santos","image":{"@type":"ImageObject","inLanguage":"pt-BR","@id":"https:\/\/wilsonsantosmt.com.br\/#\/schema\/person\/image\/","url":"https:\/\/wilsonsantosmt.com.br\/wp-content\/uploads\/2023\/11\/310828673_653254583023360_8795459643194608438_n.jpg","contentUrl":"https:\/\/wilsonsantosmt.com.br\/wp-content\/uploads\/2023\/11\/310828673_653254583023360_8795459643194608438_n.jpg","width":1078,"height":1079,"caption":"Wilson Santos"},"logo":{"@id":"https:\/\/wilsonsantosmt.com.br\/#\/schema\/person\/image\/"},"sameAs":["http:\/\/wilsonsantosmt.com.br","https:\/\/www.facebook.com\/WilsonSantosMT\/","https:\/\/www.instagram.com\/wilsonsantosmt\/","https:\/\/www.youtube.com\/@WilsonSantosWS\/videos","https:\/\/pt.wikipedia.org\/wiki\/Wilson_Santos"],"honorificPrefix":"Sr","gender":"masculino","jobTitle":"Deputado Estadual","worksFor":"Assembleia Legislativa de Mato Grosso"},{"@type":"Person","@id":"https:\/\/wilsonsantosmt.com.br\/#\/schema\/person\/1d097ee45f526dd0455dbad8c679932c","name":"Samantha dos Anjos","image":{"@type":"ImageObject","inLanguage":"pt-BR","@id":"https:\/\/wilsonsantosmt.com.br\/#\/schema\/person\/image\/","url":"https:\/\/secure.gravatar.com\/avatar\/7d8d0b6dd67d134a9fa841bee90c57c7?s=96&d=mm&r=g","contentUrl":"https:\/\/secure.gravatar.com\/avatar\/7d8d0b6dd67d134a9fa841bee90c57c7?s=96&d=mm&r=g","caption":"Samantha dos Anjos"},"url":"https:\/\/wilsonsantosmt.com.br\/index.php\/author\/samantha-dos-anjos\/"}]}},"_links":{"self":[{"href":"https:\/\/wilsonsantosmt.com.br\/index.php\/wp-json\/wp\/v2\/posts\/1652"}],"collection":[{"href":"https:\/\/wilsonsantosmt.com.br\/index.php\/wp-json\/wp\/v2\/posts"}],"about":[{"href":"https:\/\/wilsonsantosmt.com.br\/index.php\/wp-json\/wp\/v2\/types\/post"}],"author":[{"embeddable":true,"href":"https:\/\/wilsonsantosmt.com.br\/index.php\/wp-json\/wp\/v2\/users\/4"}],"replies":[{"embeddable":true,"href":"https:\/\/wilsonsantosmt.com.br\/index.php\/wp-json\/wp\/v2\/comments?post=1652"}],"version-history":[{"count":1,"href":"https:\/\/wilsonsantosmt.com.br\/index.php\/wp-json\/wp\/v2\/posts\/1652\/revisions"}],"predecessor-version":[{"id":1654,"href":"https:\/\/wilsonsantosmt.com.br\/index.php\/wp-json\/wp\/v2\/posts\/1652\/revisions\/1654"}],"wp:featuredmedia":[{"embeddable":true,"href":"https:\/\/wilsonsantosmt.com.br\/index.php\/wp-json\/wp\/v2\/media\/1653"}],"wp:attachment":[{"href":"https:\/\/wilsonsantosmt.com.br\/index.php\/wp-json\/wp\/v2\/media?parent=1652"}],"wp:term":[{"taxonomy":"category","embeddable":true,"href":"https:\/\/wilsonsantosmt.com.br\/index.php\/wp-json\/wp\/v2\/categories?post=1652"},{"taxonomy":"post_tag","embeddable":true,"href":"https:\/\/wilsonsantosmt.com.br\/index.php\/wp-json\/wp\/v2\/tags?post=1652"}],"curies":[{"name":"wp","href":"https:\/\/api.w.org\/{rel}","templated":true}]}}