{"id":1661,"date":"2025-07-02T11:40:00","date_gmt":"2025-07-02T15:40:00","guid":{"rendered":"https:\/\/wilsonsantosmt.com.br\/?p=1661"},"modified":"2025-07-03T13:45:20","modified_gmt":"2025-07-03T17:45:20","slug":"wilson-santos-reconhece-avancos-do-governo-de-mt-mas-expoe-falhas-graves-na-gestao-dos-consignados","status":"publish","type":"post","link":"https:\/\/wilsonsantosmt.com.br\/index.php\/2025\/07\/02\/wilson-santos-reconhece-avancos-do-governo-de-mt-mas-expoe-falhas-graves-na-gestao-dos-consignados\/","title":{"rendered":"Projeto de Wilson Santos vai impedir despejo de cinco mil fam\u00edlias em Cuiab\u00e1"},"content":{"rendered":"\n<p><\/p>\n\n\n\n<p><\/p>\n\n\n\n<p>Sensibilizado com a situa\u00e7\u00e3o de cerca de cinco mil fam\u00edlias que ocupam \u00e1reas nos bairros Itacarambi, Jo\u00e3o Pinto e Raiz Petr\u00f3leo, localizados no Contorno Leste &#8211; em Cuiab\u00e1, o deputado estadual Wilson Santos (PSD) apresentou Projeto de Lei que autoriza a desapropria\u00e7\u00e3o dos terrenos, com destina\u00e7\u00e3o habitacional de interesse social. A proposta foi encaminhada ao Governo de Mato Grosso e protocolada durante sess\u00e3o plen\u00e1ria desta quarta-feira (2), na Assembleia Legislativa, com a presen\u00e7a de moradores da regi\u00e3o. Tamb\u00e9m, assinaram a mat\u00e9ria como co-autores os deputados estaduais Elizeu Nascimento (PL), Valdir Barranco (PT), Juca do Guaran\u00e1 (MDB) e Xuxu Dal Molin (Uni\u00e3o).<\/p>\n\n\n\n<p>O parlamentar relembrou que j\u00e1 atuou em situa\u00e7\u00f5es semelhantes durante os seus mandatos na Assembleia Legislativa, nos anos de 1991 e 1997. Na \u00e9poca, conseguiu sensibilizar o ex-governador Jayme Campos e ex-prefeito de Cuiab\u00e1, Roberto Fran\u00e7a, que evitaram reintegra\u00e7\u00f5es de posse, adquirindo as \u00e1reas ocupadas com recursos p\u00fablicos e garantindo moradia para milhares de fam\u00edlias.<\/p>\n\n\n\n<p>O primeiro caso citado por ele, foi a antiga comunidade conhecida como Morrinho. A \u00e1rea seria desocupada por ordem judicial, mas, com apenas 29 anos e em seu primeiro mandato, Wilson Santos apresentou um projeto que deu origem aos bairros Jardim 1\u00ba de Mar\u00e7o e Jardim Nova Conquista. \u201cJayme Campos n\u00e3o hesitou em sancionar a lei. O Estado negociou com a Colonizadora Nova Bandeirantes, pagou o valor devido e garantiu o direito de perman\u00eancia das fam\u00edlias\u201d, lembrou o deputado.<\/p>\n\n\n\n<p>Anos depois, em novo mandato, o deputado prop\u00f4s outro projeto que resultou na desapropria\u00e7\u00e3o de 202 hectares pertencentes \u00e0 fam\u00edlia de Isabel Leite. A gest\u00e3o de Roberto Fran\u00e7a comprou a \u00e1rea, viabilizando a cria\u00e7\u00e3o dos bairros Dr. F\u00e1bio 1 e 2, Altos das Serras 1 e 2, e Recanto da Seriema.<\/p>\n\n\n\n<p>Com esses resultados, Wilson Santos pediu para que o atual governador, Mauro Mendes (Uni\u00e3o), tenha a mesma sensibilidade com as fam\u00edlias que hoje vivem sob risco de despejo. \u201cO governador, que tamb\u00e9m \u00e9 de origem humilde, filho de um expedicion\u00e1rio da segunda guerra e pequeno agricultor em Goi\u00e1s, pode-se colocar no lugar dessas pessoas. Que ele sancione a proposta e garanta dignidade \u00e0s fam\u00edlias que lutam por um peda\u00e7o de terra para construir um lar e seguir com suas vidas\u201d, posicionou.<\/p>\n\n\n\n<p>A ocupa\u00e7\u00e3o da \u00e1rea do Contorno Leste ocorreu em 2023. Em recente decis\u00e3o, o juiz da 2\u00aa Vara C\u00edvel Especializada em Direito Agr\u00e1rio de Cuiab\u00e1, Carlos Roberto Barros de Campos, reconheceu a posse legal e cont\u00ednua dos im\u00f3veis pelos propriet\u00e1rios, o que coloca milhares de fam\u00edlias sob risco iminente de despejo. Diante desse cen\u00e1rio, a iniciativa de Wilson Santos busca assegurar que essas pessoas n\u00e3o sejam removidas sem alternativas, refor\u00e7ando o direito constitucional \u00e0 moradia.<\/p>\n","protected":false},"excerpt":{"rendered":"<p>Sensibilizado com a situa\u00e7\u00e3o de cerca de cinco mil fam\u00edlias que ocupam \u00e1reas nos bairros Itacarambi, Jo\u00e3o Pinto e Raiz Petr\u00f3leo, localizados no Contorno Leste &#8211; em Cuiab\u00e1, o deputado estadual Wilson Santos (PSD) apresentou Projeto de Lei que autoriza a desapropria\u00e7\u00e3o dos terrenos, com destina\u00e7\u00e3o habitacional de interesse social. A proposta foi encaminhada ao [&hellip;]<\/p>\n","protected":false},"author":4,"featured_media":1665,"comment_status":"closed","ping_status":"open","sticky":false,"template":"","format":"standard","meta":{"footnotes":""},"categories":[13],"tags":[],"yoast_head":"<!-- This site is optimized with the Yoast SEO Premium plugin v21.5 (Yoast SEO v21.4) - https:\/\/yoast.com\/wordpress\/plugins\/seo\/ -->\n<title>Projeto de Wilson Santos vai impedir despejo de cinco mil fam\u00edlias em Cuiab\u00e1 - wilsonsantosmt.com.br<\/title>\n<meta name=\"robots\" content=\"index, follow, max-snippet:-1, max-image-preview:large, max-video-preview:-1\" \/>\n<link rel=\"canonical\" href=\"https:\/\/wilsonsantosmt.com.br\/index.php\/2025\/07\/02\/wilson-santos-reconhece-avancos-do-governo-de-mt-mas-expoe-falhas-graves-na-gestao-dos-consignados\/\" \/>\n<meta property=\"og:locale\" content=\"pt_BR\" \/>\n<meta property=\"og:type\" content=\"article\" \/>\n<meta property=\"og:title\" content=\"Projeto de Wilson Santos vai impedir despejo de cinco mil fam\u00edlias em Cuiab\u00e1\" \/>\n<meta property=\"og:description\" content=\"Sensibilizado com a situa\u00e7\u00e3o de cerca de cinco mil fam\u00edlias que ocupam \u00e1reas nos bairros Itacarambi, Jo\u00e3o Pinto e Raiz Petr\u00f3leo, localizados no Contorno Leste &#8211; em Cuiab\u00e1, o deputado estadual Wilson Santos (PSD) apresentou Projeto de Lei que autoriza a desapropria\u00e7\u00e3o dos terrenos, com destina\u00e7\u00e3o habitacional de interesse social. A proposta foi encaminhada ao [&hellip;]\" \/>\n<meta property=\"og:url\" content=\"https:\/\/wilsonsantosmt.com.br\/index.php\/2025\/07\/02\/wilson-santos-reconhece-avancos-do-governo-de-mt-mas-expoe-falhas-graves-na-gestao-dos-consignados\/\" \/>\n<meta property=\"og:site_name\" content=\"wilsonsantosmt.com.br\" \/>\n<meta property=\"article:publisher\" content=\"https:\/\/www.facebook.com\/WilsonSantosMT\/\" \/>\n<meta property=\"article:published_time\" content=\"2025-07-02T15:40:00+00:00\" \/>\n<meta property=\"article:modified_time\" content=\"2025-07-03T17:45:20+00:00\" \/>\n<meta property=\"og:image\" content=\"http:\/\/wilsonsantosmt.com.br\/wp-content\/uploads\/2025\/07\/WhatsApp-Image-2025-07-02-at-11.19.49.jpeg\" \/>\n\t<meta property=\"og:image:width\" content=\"1600\" \/>\n\t<meta property=\"og:image:height\" content=\"1066\" \/>\n\t<meta property=\"og:image:type\" content=\"image\/jpeg\" \/>\n<meta name=\"author\" content=\"Samantha dos Anjos\" \/>\n<meta name=\"twitter:card\" content=\"summary_large_image\" \/>\n<meta name=\"twitter:label1\" content=\"Escrito por\" \/>\n\t<meta name=\"twitter:data1\" content=\"Samantha dos Anjos\" \/>\n\t<meta name=\"twitter:label2\" content=\"Est. tempo de leitura\" \/>\n\t<meta name=\"twitter:data2\" content=\"3 minutos\" \/>\n<script type=\"application\/ld+json\" class=\"yoast-schema-graph\">{\"@context\":\"https:\/\/schema.org\",\"@graph\":[{\"@type\":\"Article\",\"@id\":\"https:\/\/wilsonsantosmt.com.br\/index.php\/2025\/07\/02\/wilson-santos-reconhece-avancos-do-governo-de-mt-mas-expoe-falhas-graves-na-gestao-dos-consignados\/#article\",\"isPartOf\":{\"@id\":\"https:\/\/wilsonsantosmt.com.br\/index.php\/2025\/07\/02\/wilson-santos-reconhece-avancos-do-governo-de-mt-mas-expoe-falhas-graves-na-gestao-dos-consignados\/\"},\"author\":{\"name\":\"Samantha dos Anjos\",\"@id\":\"https:\/\/wilsonsantosmt.com.br\/#\/schema\/person\/1d097ee45f526dd0455dbad8c679932c\"},\"headline\":\"Projeto de Wilson Santos vai impedir despejo de cinco mil fam\u00edlias em Cuiab\u00e1\",\"datePublished\":\"2025-07-02T15:40:00+00:00\",\"dateModified\":\"2025-07-03T17:45:20+00:00\",\"mainEntityOfPage\":{\"@id\":\"https:\/\/wilsonsantosmt.com.br\/index.php\/2025\/07\/02\/wilson-santos-reconhece-avancos-do-governo-de-mt-mas-expoe-falhas-graves-na-gestao-dos-consignados\/\"},\"wordCount\":488,\"publisher\":{\"@id\":\"https:\/\/wilsonsantosmt.com.br\/#\/schema\/person\/9de3c54961637a9eadb16bcbf895b1ef\"},\"articleSection\":[\"Not\u00edcias\"],\"inLanguage\":\"pt-BR\"},{\"@type\":\"WebPage\",\"@id\":\"https:\/\/wilsonsantosmt.com.br\/index.php\/2025\/07\/02\/wilson-santos-reconhece-avancos-do-governo-de-mt-mas-expoe-falhas-graves-na-gestao-dos-consignados\/\",\"url\":\"https:\/\/wilsonsantosmt.com.br\/index.php\/2025\/07\/02\/wilson-santos-reconhece-avancos-do-governo-de-mt-mas-expoe-falhas-graves-na-gestao-dos-consignados\/\",\"name\":\"Projeto de Wilson Santos vai impedir despejo de cinco mil fam\u00edlias em Cuiab\u00e1 - wilsonsantosmt.com.br\",\"isPartOf\":{\"@id\":\"https:\/\/wilsonsantosmt.com.br\/#website\"},\"datePublished\":\"2025-07-02T15:40:00+00:00\",\"dateModified\":\"2025-07-03T17:45:20+00:00\",\"breadcrumb\":{\"@id\":\"https:\/\/wilsonsantosmt.com.br\/index.php\/2025\/07\/02\/wilson-santos-reconhece-avancos-do-governo-de-mt-mas-expoe-falhas-graves-na-gestao-dos-consignados\/#breadcrumb\"},\"inLanguage\":\"pt-BR\",\"potentialAction\":[{\"@type\":\"ReadAction\",\"target\":[\"https:\/\/wilsonsantosmt.com.br\/index.php\/2025\/07\/02\/wilson-santos-reconhece-avancos-do-governo-de-mt-mas-expoe-falhas-graves-na-gestao-dos-consignados\/\"]}]},{\"@type\":\"BreadcrumbList\",\"@id\":\"https:\/\/wilsonsantosmt.com.br\/index.php\/2025\/07\/02\/wilson-santos-reconhece-avancos-do-governo-de-mt-mas-expoe-falhas-graves-na-gestao-dos-consignados\/#breadcrumb\",\"itemListElement\":[{\"@type\":\"ListItem\",\"position\":1,\"name\":\"In\u00edcio\",\"item\":\"https:\/\/wilsonsantosmt.com.br\/\"},{\"@type\":\"ListItem\",\"position\":2,\"name\":\"Not\u00edcias\",\"item\":\"https:\/\/wilsonsantosmt.com.br\/index.php\/category\/noticias\/\"},{\"@type\":\"ListItem\",\"position\":3,\"name\":\"Projeto de Wilson Santos vai impedir despejo de cinco mil fam\u00edlias em Cuiab\u00e1\"}]},{\"@type\":\"WebSite\",\"@id\":\"https:\/\/wilsonsantosmt.com.br\/#website\",\"url\":\"https:\/\/wilsonsantosmt.com.br\/\",\"name\":\"wilsonsantosmt.com.br\",\"description\":\"\",\"publisher\":{\"@id\":\"https:\/\/wilsonsantosmt.com.br\/#\/schema\/person\/9de3c54961637a9eadb16bcbf895b1ef\"},\"potentialAction\":[{\"@type\":\"SearchAction\",\"target\":{\"@type\":\"EntryPoint\",\"urlTemplate\":\"https:\/\/wilsonsantosmt.com.br\/?s={search_term_string}\"},\"query-input\":\"required name=search_term_string\"}],\"inLanguage\":\"pt-BR\"},{\"@type\":[\"Person\",\"Organization\"],\"@id\":\"https:\/\/wilsonsantosmt.com.br\/#\/schema\/person\/9de3c54961637a9eadb16bcbf895b1ef\",\"name\":\"Wilson Santos\",\"image\":{\"@type\":\"ImageObject\",\"inLanguage\":\"pt-BR\",\"@id\":\"https:\/\/wilsonsantosmt.com.br\/#\/schema\/person\/image\/\",\"url\":\"https:\/\/wilsonsantosmt.com.br\/wp-content\/uploads\/2023\/11\/310828673_653254583023360_8795459643194608438_n.jpg\",\"contentUrl\":\"https:\/\/wilsonsantosmt.com.br\/wp-content\/uploads\/2023\/11\/310828673_653254583023360_8795459643194608438_n.jpg\",\"width\":1078,\"height\":1079,\"caption\":\"Wilson Santos\"},\"logo\":{\"@id\":\"https:\/\/wilsonsantosmt.com.br\/#\/schema\/person\/image\/\"},\"sameAs\":[\"http:\/\/wilsonsantosmt.com.br\",\"https:\/\/www.facebook.com\/WilsonSantosMT\/\",\"https:\/\/www.instagram.com\/wilsonsantosmt\/\",\"https:\/\/www.youtube.com\/@WilsonSantosWS\/videos\",\"https:\/\/pt.wikipedia.org\/wiki\/Wilson_Santos\"],\"honorificPrefix\":\"Sr\",\"gender\":\"masculino\",\"jobTitle\":\"Deputado Estadual\",\"worksFor\":\"Assembleia Legislativa de Mato Grosso\"},{\"@type\":\"Person\",\"@id\":\"https:\/\/wilsonsantosmt.com.br\/#\/schema\/person\/1d097ee45f526dd0455dbad8c679932c\",\"name\":\"Samantha dos Anjos\",\"image\":{\"@type\":\"ImageObject\",\"inLanguage\":\"pt-BR\",\"@id\":\"https:\/\/wilsonsantosmt.com.br\/#\/schema\/person\/image\/\",\"url\":\"https:\/\/secure.gravatar.com\/avatar\/7d8d0b6dd67d134a9fa841bee90c57c7?s=96&d=mm&r=g\",\"contentUrl\":\"https:\/\/secure.gravatar.com\/avatar\/7d8d0b6dd67d134a9fa841bee90c57c7?s=96&d=mm&r=g\",\"caption\":\"Samantha dos Anjos\"},\"url\":\"https:\/\/wilsonsantosmt.com.br\/index.php\/author\/samantha-dos-anjos\/\"}]}<\/script>\n<!-- \/ Yoast SEO Premium plugin. -->","yoast_head_json":{"title":"Projeto de Wilson Santos vai impedir despejo de cinco mil fam\u00edlias em Cuiab\u00e1 - wilsonsantosmt.com.br","robots":{"index":"index","follow":"follow","max-snippet":"max-snippet:-1","max-image-preview":"max-image-preview:large","max-video-preview":"max-video-preview:-1"},"canonical":"https:\/\/wilsonsantosmt.com.br\/index.php\/2025\/07\/02\/wilson-santos-reconhece-avancos-do-governo-de-mt-mas-expoe-falhas-graves-na-gestao-dos-consignados\/","og_locale":"pt_BR","og_type":"article","og_title":"Projeto de Wilson Santos vai impedir despejo de cinco mil fam\u00edlias em Cuiab\u00e1","og_description":"Sensibilizado com a situa\u00e7\u00e3o de cerca de cinco mil fam\u00edlias que ocupam \u00e1reas nos bairros Itacarambi, Jo\u00e3o Pinto e Raiz Petr\u00f3leo, localizados no Contorno Leste &#8211; em Cuiab\u00e1, o deputado estadual Wilson Santos (PSD) apresentou Projeto de Lei que autoriza a desapropria\u00e7\u00e3o dos terrenos, com destina\u00e7\u00e3o habitacional de interesse social. A proposta foi encaminhada ao [&hellip;]","og_url":"https:\/\/wilsonsantosmt.com.br\/index.php\/2025\/07\/02\/wilson-santos-reconhece-avancos-do-governo-de-mt-mas-expoe-falhas-graves-na-gestao-dos-consignados\/","og_site_name":"wilsonsantosmt.com.br","article_publisher":"https:\/\/www.facebook.com\/WilsonSantosMT\/","article_published_time":"2025-07-02T15:40:00+00:00","article_modified_time":"2025-07-03T17:45:20+00:00","og_image":[{"width":1600,"height":1066,"url":"http:\/\/wilsonsantosmt.com.br\/wp-content\/uploads\/2025\/07\/WhatsApp-Image-2025-07-02-at-11.19.49.jpeg","type":"image\/jpeg"}],"author":"Samantha dos Anjos","twitter_card":"summary_large_image","twitter_misc":{"Escrito por":"Samantha dos Anjos","Est. tempo de leitura":"3 minutos"},"schema":{"@context":"https:\/\/schema.org","@graph":[{"@type":"Article","@id":"https:\/\/wilsonsantosmt.com.br\/index.php\/2025\/07\/02\/wilson-santos-reconhece-avancos-do-governo-de-mt-mas-expoe-falhas-graves-na-gestao-dos-consignados\/#article","isPartOf":{"@id":"https:\/\/wilsonsantosmt.com.br\/index.php\/2025\/07\/02\/wilson-santos-reconhece-avancos-do-governo-de-mt-mas-expoe-falhas-graves-na-gestao-dos-consignados\/"},"author":{"name":"Samantha dos Anjos","@id":"https:\/\/wilsonsantosmt.com.br\/#\/schema\/person\/1d097ee45f526dd0455dbad8c679932c"},"headline":"Projeto de Wilson Santos vai impedir despejo de cinco mil fam\u00edlias em Cuiab\u00e1","datePublished":"2025-07-02T15:40:00+00:00","dateModified":"2025-07-03T17:45:20+00:00","mainEntityOfPage":{"@id":"https:\/\/wilsonsantosmt.com.br\/index.php\/2025\/07\/02\/wilson-santos-reconhece-avancos-do-governo-de-mt-mas-expoe-falhas-graves-na-gestao-dos-consignados\/"},"wordCount":488,"publisher":{"@id":"https:\/\/wilsonsantosmt.com.br\/#\/schema\/person\/9de3c54961637a9eadb16bcbf895b1ef"},"articleSection":["Not\u00edcias"],"inLanguage":"pt-BR"},{"@type":"WebPage","@id":"https:\/\/wilsonsantosmt.com.br\/index.php\/2025\/07\/02\/wilson-santos-reconhece-avancos-do-governo-de-mt-mas-expoe-falhas-graves-na-gestao-dos-consignados\/","url":"https:\/\/wilsonsantosmt.com.br\/index.php\/2025\/07\/02\/wilson-santos-reconhece-avancos-do-governo-de-mt-mas-expoe-falhas-graves-na-gestao-dos-consignados\/","name":"Projeto de Wilson Santos vai impedir despejo de cinco mil fam\u00edlias em Cuiab\u00e1 - wilsonsantosmt.com.br","isPartOf":{"@id":"https:\/\/wilsonsantosmt.com.br\/#website"},"datePublished":"2025-07-02T15:40:00+00:00","dateModified":"2025-07-03T17:45:20+00:00","breadcrumb":{"@id":"https:\/\/wilsonsantosmt.com.br\/index.php\/2025\/07\/02\/wilson-santos-reconhece-avancos-do-governo-de-mt-mas-expoe-falhas-graves-na-gestao-dos-consignados\/#breadcrumb"},"inLanguage":"pt-BR","potentialAction":[{"@type":"ReadAction","target":["https:\/\/wilsonsantosmt.com.br\/index.php\/2025\/07\/02\/wilson-santos-reconhece-avancos-do-governo-de-mt-mas-expoe-falhas-graves-na-gestao-dos-consignados\/"]}]},{"@type":"BreadcrumbList","@id":"https:\/\/wilsonsantosmt.com.br\/index.php\/2025\/07\/02\/wilson-santos-reconhece-avancos-do-governo-de-mt-mas-expoe-falhas-graves-na-gestao-dos-consignados\/#breadcrumb","itemListElement":[{"@type":"ListItem","position":1,"name":"In\u00edcio","item":"https:\/\/wilsonsantosmt.com.br\/"},{"@type":"ListItem","position":2,"name":"Not\u00edcias","item":"https:\/\/wilsonsantosmt.com.br\/index.php\/category\/noticias\/"},{"@type":"ListItem","position":3,"name":"Projeto de Wilson Santos vai impedir despejo de cinco mil fam\u00edlias em Cuiab\u00e1"}]},{"@type":"WebSite","@id":"https:\/\/wilsonsantosmt.com.br\/#website","url":"https:\/\/wilsonsantosmt.com.br\/","name":"wilsonsantosmt.com.br","description":"","publisher":{"@id":"https:\/\/wilsonsantosmt.com.br\/#\/schema\/person\/9de3c54961637a9eadb16bcbf895b1ef"},"potentialAction":[{"@type":"SearchAction","target":{"@type":"EntryPoint","urlTemplate":"https:\/\/wilsonsantosmt.com.br\/?s={search_term_string}"},"query-input":"required name=search_term_string"}],"inLanguage":"pt-BR"},{"@type":["Person","Organization"],"@id":"https:\/\/wilsonsantosmt.com.br\/#\/schema\/person\/9de3c54961637a9eadb16bcbf895b1ef","name":"Wilson Santos","image":{"@type":"ImageObject","inLanguage":"pt-BR","@id":"https:\/\/wilsonsantosmt.com.br\/#\/schema\/person\/image\/","url":"https:\/\/wilsonsantosmt.com.br\/wp-content\/uploads\/2023\/11\/310828673_653254583023360_8795459643194608438_n.jpg","contentUrl":"https:\/\/wilsonsantosmt.com.br\/wp-content\/uploads\/2023\/11\/310828673_653254583023360_8795459643194608438_n.jpg","width":1078,"height":1079,"caption":"Wilson Santos"},"logo":{"@id":"https:\/\/wilsonsantosmt.com.br\/#\/schema\/person\/image\/"},"sameAs":["http:\/\/wilsonsantosmt.com.br","https:\/\/www.facebook.com\/WilsonSantosMT\/","https:\/\/www.instagram.com\/wilsonsantosmt\/","https:\/\/www.youtube.com\/@WilsonSantosWS\/videos","https:\/\/pt.wikipedia.org\/wiki\/Wilson_Santos"],"honorificPrefix":"Sr","gender":"masculino","jobTitle":"Deputado Estadual","worksFor":"Assembleia Legislativa de Mato Grosso"},{"@type":"Person","@id":"https:\/\/wilsonsantosmt.com.br\/#\/schema\/person\/1d097ee45f526dd0455dbad8c679932c","name":"Samantha dos Anjos","image":{"@type":"ImageObject","inLanguage":"pt-BR","@id":"https:\/\/wilsonsantosmt.com.br\/#\/schema\/person\/image\/","url":"https:\/\/secure.gravatar.com\/avatar\/7d8d0b6dd67d134a9fa841bee90c57c7?s=96&d=mm&r=g","contentUrl":"https:\/\/secure.gravatar.com\/avatar\/7d8d0b6dd67d134a9fa841bee90c57c7?s=96&d=mm&r=g","caption":"Samantha dos Anjos"},"url":"https:\/\/wilsonsantosmt.com.br\/index.php\/author\/samantha-dos-anjos\/"}]}},"_links":{"self":[{"href":"https:\/\/wilsonsantosmt.com.br\/index.php\/wp-json\/wp\/v2\/posts\/1661"}],"collection":[{"href":"https:\/\/wilsonsantosmt.com.br\/index.php\/wp-json\/wp\/v2\/posts"}],"about":[{"href":"https:\/\/wilsonsantosmt.com.br\/index.php\/wp-json\/wp\/v2\/types\/post"}],"author":[{"embeddable":true,"href":"https:\/\/wilsonsantosmt.com.br\/index.php\/wp-json\/wp\/v2\/users\/4"}],"replies":[{"embeddable":true,"href":"https:\/\/wilsonsantosmt.com.br\/index.php\/wp-json\/wp\/v2\/comments?post=1661"}],"version-history":[{"count":2,"href":"https:\/\/wilsonsantosmt.com.br\/index.php\/wp-json\/wp\/v2\/posts\/1661\/revisions"}],"predecessor-version":[{"id":1664,"href":"https:\/\/wilsonsantosmt.com.br\/index.php\/wp-json\/wp\/v2\/posts\/1661\/revisions\/1664"}],"wp:featuredmedia":[{"embeddable":true,"href":"https:\/\/wilsonsantosmt.com.br\/index.php\/wp-json\/wp\/v2\/media\/1665"}],"wp:attachment":[{"href":"https:\/\/wilsonsantosmt.com.br\/index.php\/wp-json\/wp\/v2\/media?parent=1661"}],"wp:term":[{"taxonomy":"category","embeddable":true,"href":"https:\/\/wilsonsantosmt.com.br\/index.php\/wp-json\/wp\/v2\/categories?post=1661"},{"taxonomy":"post_tag","embeddable":true,"href":"https:\/\/wilsonsantosmt.com.br\/index.php\/wp-json\/wp\/v2\/tags?post=1661"}],"curies":[{"name":"wp","href":"https:\/\/api.w.org\/{rel}","templated":true}]}}