{"id":1669,"date":"2025-07-01T13:47:00","date_gmt":"2025-07-01T17:47:00","guid":{"rendered":"https:\/\/wilsonsantosmt.com.br\/?p=1669"},"modified":"2025-07-03T13:49:14","modified_gmt":"2025-07-03T17:49:14","slug":"wilson-santos-celebra-avanco-da-ferrovia-em-agua-boa-e-lembra-que-cuiaba-espera-ha-150-anos","status":"publish","type":"post","link":"https:\/\/wilsonsantosmt.com.br\/index.php\/2025\/07\/01\/wilson-santos-celebra-avanco-da-ferrovia-em-agua-boa-e-lembra-que-cuiaba-espera-ha-150-anos\/","title":{"rendered":"Wilson Santos celebra avan\u00e7o da ferrovia em \u00c1gua Boa e lembra que Cuiab\u00e1 espera h\u00e1 150 anos"},"content":{"rendered":"\n<p><\/p>\n\n\n\n<p>O deputado estadual Wilson Santos (PSD) participou, na \u00faltima sexta-feira (27), do F\u00f3rum sobre o Corredor Log\u00edstico Ferrovi\u00e1rio e Oportunidades Regionais, realizado no munic\u00edpio de \u00c1gua Boa. O evento teve como objetivo discutir os avan\u00e7os da implanta\u00e7\u00e3o da Ferrovia de Integra\u00e7\u00e3o Centro-Oeste (Fico), que ligar\u00e1 Mara Rosa (GO) a \u00c1gua Boa (MT), em um trecho de 363 km. O evento foi promovido pelo deputado estadual Dr. Eug\u00eanio (PSB) que reuniu lideran\u00e7as pol\u00edticas das esferas municipal, estadual e federal e representantes de importantes entidades ligadas ao setor log\u00edstico e produtivo.<\/p>\n\n\n\n<p>O gerente de Regula\u00e7\u00e3o Ferrovi\u00e1ria da ANTT, Fernando Feitosa, explica que as obras contam com um projeto macro e um planejamento a longo prazo, sendo que j\u00e1 atingiu cerca de 35% do processo construtivo, conforme o cronograma previsto. Ele explica que no tra\u00e7ado entre Mara Rosa e \u00c1gua Boa, haver\u00e1 quatro lotes, envolvendo 11 pacotes que v\u00e3o corresponder \u00e0s frentes de trabalho. Tamb\u00e9m, frisa que h\u00e1 um cronograma regulat\u00f3rio, que 131 km est\u00e3o bem avan\u00e7ados para ser entregue em junho de 2026 e o prazo de execu\u00e7\u00e3o \u00e9 de cinco anos, com previs\u00e3o de entrega em 2028.<\/p>\n\n\n\n<p>\u201cAl\u00e9m disso, ter\u00e3o 30 obras estruturas que envolvem pontes, viadutos, t\u00faneis, entre outros elementos que s\u00e3o importantes e obras complexas como 12 p\u00e1tios ferrovi\u00e1rios e uma pera ferrovi\u00e1ria que \u00e9 uma base industrial onde chegam as cargas transferidas de caminh\u00f5es para os trens. \u00c9 basicamente um entreposto log\u00edstico\u201d, esclareceu Feitosa.<\/p>\n\n\n\n<p>Dr. Eug\u00eanio agradeceu a presen\u00e7a de todos no acontecimento e disse que \u00e9 um dia memor\u00e1vel para o Vale do Araguaia, pois n\u00e3o \u00e9 mais um sonho e, sim, uma realidade. \u201cEssa reuni\u00e3o \u00e9 uma ratifica\u00e7\u00e3o que a ferrovia vai chegar at\u00e9 a cidade de \u00c1gua Boa. N\u00e3o s\u00e3o mais boatos. N\u00f3s estamos preparados para receber a ferrovia, as cidades vizinhas tamb\u00e9m, vai ser o maior acontecimento na regi\u00e3o do nosso Araguaia. Esse vai ser o marco hist\u00f3rico em nossa cidade\u201d, comentou o parlamentar.<\/p>\n\n\n\n<figure class=\"wp-block-image size-large\"><img fetchpriority=\"high\" decoding=\"async\" width=\"1024\" height=\"683\" src=\"http:\/\/wilsonsantosmt.com.br\/wp-content\/uploads\/2025\/07\/WhatsApp-Image-2025-07-01-at-17.17.46-1-1024x683.jpeg\" alt=\"\" class=\"wp-image-1671\" srcset=\"https:\/\/wilsonsantosmt.com.br\/wp-content\/uploads\/2025\/07\/WhatsApp-Image-2025-07-01-at-17.17.46-1-1024x683.jpeg 1024w, https:\/\/wilsonsantosmt.com.br\/wp-content\/uploads\/2025\/07\/WhatsApp-Image-2025-07-01-at-17.17.46-1-300x200.jpeg 300w, https:\/\/wilsonsantosmt.com.br\/wp-content\/uploads\/2025\/07\/WhatsApp-Image-2025-07-01-at-17.17.46-1-768x512.jpeg 768w, https:\/\/wilsonsantosmt.com.br\/wp-content\/uploads\/2025\/07\/WhatsApp-Image-2025-07-01-at-17.17.46-1-1536x1024.jpeg 1536w, https:\/\/wilsonsantosmt.com.br\/wp-content\/uploads\/2025\/07\/WhatsApp-Image-2025-07-01-at-17.17.46-1-600x400.jpeg 600w, https:\/\/wilsonsantosmt.com.br\/wp-content\/uploads\/2025\/07\/WhatsApp-Image-2025-07-01-at-17.17.46-1.jpeg 1600w\" sizes=\"(max-width: 1024px) 100vw, 1024px\" \/><\/figure>\n\n\n\n<p>Wilson Santos fez um paralelo hist\u00f3rico ao relembrar que Cuiab\u00e1 aguarda h\u00e1 mais de 150 anos por uma ferrovia, promessa feita ainda no per\u00edodo imperial por Dom Pedro II. \u201c\u00c1gua Boa est\u00e1 sendo contemplada com um modal ferrovi\u00e1rio e Cuiab\u00e1 espera desde o Imp\u00e9rio. N\u00e3o posso esquecer de figuras importantes que prepararam o caminho para que essa obra chegasse at\u00e9 aqui. O primeiro \u00e9 o saudoso Get\u00falio Vargas, que na d\u00e9cada de 1950, durante a Marcha para o Oeste, determinou um grande programa de ocupa\u00e7\u00e3o e desenvolvimento da regi\u00e3o que deu origem a cidades como Barra do Gar\u00e7as e Nova Xavantina\u201d, explicou.<\/p>\n\n\n\n<p>O deputado tamb\u00e9m destacou o papel do ex-presidente da Rep\u00fablica, Michel Temer, como pe\u00e7a-chave para a viabiliza\u00e7\u00e3o da obra no Araguaia, ao antecipar a renova\u00e7\u00e3o da concess\u00e3o da Vale do Rio Doce sobre a Ferrovia Caraj\u00e1s, medida que enfrentou resist\u00eancia dos governos do Par\u00e1 e do Esp\u00edrito Santo. \u201cTemer enfrentou press\u00f5es e a\u00e7\u00f5es judiciais, mas garantiu que a Vale investisse sozinha neste trecho entre Mara Rosa e \u00c1gua Boa. Precisamos ser justos e reconhecer a import\u00e2ncia desse gesto. Enquanto isso, Cuiab\u00e1 segue esperando h\u00e1 um s\u00e9culo e meio\u201d, pontuou Wilson, refor\u00e7ando a necessidade de ampliar o debate para incluir a capital no tra\u00e7ado ferrovi\u00e1rio futuro.<\/p>\n\n\n\n<p>Os senadores Jayme Campos (Uni\u00e3o) e Wellington Fagundes (PL) que s\u00e3o membros titulares da Comiss\u00e3o de Servi\u00e7os de Infraestrutura (CI) do Senado Federal, pontuaram a import\u00e2ncia de \u00c1gua Boa estar se preparando para receber essa ferrovia, com importantes investimentos em \u00e1reas diversificadas, j\u00e1 que \u00e9 uma obra que vai trazer importantes benef\u00edcios socioecon\u00f4micos, gera\u00e7\u00e3o de oportunidades e favorecer a log\u00edstica. Tamb\u00e9m, refor\u00e7aram que a obra est\u00e1 garantida, sendo fruto de uma repactua\u00e7\u00e3o na regula\u00e7\u00e3o da concess\u00e3o junto \u00e0 Vale do Rio Doce.<\/p>\n\n\n\n<p>\u201cO projeto dessa ferrovia estava no DNIT (Departamento Nacional de Infraestrutura de Transportes), em 2010, foi para o Congresso Nacional e inclu\u00edmos na Fico. Isso tudo \u00e9 um trabalho pensado l\u00e1 atr\u00e1s \u00e9 importante entendermos esse processo. Precisamos discutir o desenvolvimento da regi\u00e3o, n\u00e3o s\u00f3 a ferrovia, como tamb\u00e9m precisamos de mais estradas e melhorar a infraestrutura das rodovias, como \u00e9 o caso da MT-158 e MT-242 que est\u00e3o na regi\u00e3o do Araguaia\u201d, posicionou Wellington.<\/p>\n\n\n\n<p>O prefeito de \u00c1gua Boa, Dr. Mariano (MDB), destacou a import\u00e2ncia da parceria junto ao governo de Mato Grosso que vem trazendo importantes investimentos para a sa\u00fade, infraestrutura, educa\u00e7\u00e3o e habita\u00e7\u00e3o para preparar a cidade para a chegada do modal ferrovi\u00e1rio que vai mudar a realidade do Araguaia, em que al\u00e9m de interligar \u00e0 Mara Rosa (GO) tamb\u00e9m chegar\u00e1 aos portos de Ilh\u00e9us (BA), Itaqui (MA) e Santos (SP).<\/p>\n\n\n\n<p>O F\u00f3rum contou com a presen\u00e7a do secret\u00e1rio da Presid\u00eancia da Rep\u00fablica, Valternir Pereira, o vice-governador Otaviano Pivetta (Republicanos), chefe da Casa Civil, F\u00e1bio Garcia, secret\u00e1rio de Estado de Fazenda (Sefaz), Rog\u00e9rio Gallo, Minist\u00e9rio P\u00fablico Estadual (MPE), prefeitos e vereadores dos munic\u00edpios da regi\u00e3o do Araguaia, do Movimento Pr\u00f3-Log\u00edstica e da Associa\u00e7\u00e3o Mato-grossense dos Produtores de Algod\u00e3o (Ampa).<\/p>\n","protected":false},"excerpt":{"rendered":"<p>O deputado estadual Wilson Santos (PSD) participou, na \u00faltima sexta-feira (27), do F\u00f3rum sobre o Corredor Log\u00edstico Ferrovi\u00e1rio e Oportunidades Regionais, realizado no munic\u00edpio de \u00c1gua Boa. O evento teve como objetivo discutir os avan\u00e7os da implanta\u00e7\u00e3o da Ferrovia de Integra\u00e7\u00e3o Centro-Oeste (Fico), que ligar\u00e1 Mara Rosa (GO) a \u00c1gua Boa (MT), em um trecho [&hellip;]<\/p>\n","protected":false},"author":4,"featured_media":1670,"comment_status":"closed","ping_status":"open","sticky":false,"template":"","format":"standard","meta":{"footnotes":""},"categories":[13],"tags":[],"yoast_head":"<!-- This site is optimized with the Yoast SEO Premium plugin v21.5 (Yoast SEO v21.4) - https:\/\/yoast.com\/wordpress\/plugins\/seo\/ -->\n<title>Wilson Santos celebra avan\u00e7o da ferrovia em \u00c1gua Boa e lembra que Cuiab\u00e1 espera h\u00e1 150 anos - wilsonsantosmt.com.br<\/title>\n<meta name=\"robots\" content=\"index, follow, max-snippet:-1, max-image-preview:large, max-video-preview:-1\" \/>\n<link rel=\"canonical\" href=\"https:\/\/wilsonsantosmt.com.br\/index.php\/2025\/07\/01\/wilson-santos-celebra-avanco-da-ferrovia-em-agua-boa-e-lembra-que-cuiaba-espera-ha-150-anos\/\" \/>\n<meta property=\"og:locale\" content=\"pt_BR\" \/>\n<meta property=\"og:type\" content=\"article\" \/>\n<meta property=\"og:title\" content=\"Wilson Santos celebra avan\u00e7o da ferrovia em \u00c1gua Boa e lembra que Cuiab\u00e1 espera h\u00e1 150 anos\" \/>\n<meta property=\"og:description\" content=\"O deputado estadual Wilson Santos (PSD) participou, na \u00faltima sexta-feira (27), do F\u00f3rum sobre o Corredor Log\u00edstico Ferrovi\u00e1rio e Oportunidades Regionais, realizado no munic\u00edpio de \u00c1gua Boa. O evento teve como objetivo discutir os avan\u00e7os da implanta\u00e7\u00e3o da Ferrovia de Integra\u00e7\u00e3o Centro-Oeste (Fico), que ligar\u00e1 Mara Rosa (GO) a \u00c1gua Boa (MT), em um trecho [&hellip;]\" \/>\n<meta property=\"og:url\" content=\"https:\/\/wilsonsantosmt.com.br\/index.php\/2025\/07\/01\/wilson-santos-celebra-avanco-da-ferrovia-em-agua-boa-e-lembra-que-cuiaba-espera-ha-150-anos\/\" \/>\n<meta property=\"og:site_name\" content=\"wilsonsantosmt.com.br\" \/>\n<meta property=\"article:publisher\" content=\"https:\/\/www.facebook.com\/WilsonSantosMT\/\" \/>\n<meta property=\"article:published_time\" content=\"2025-07-01T17:47:00+00:00\" \/>\n<meta property=\"article:modified_time\" content=\"2025-07-03T17:49:14+00:00\" \/>\n<meta property=\"og:image\" content=\"http:\/\/wilsonsantosmt.com.br\/wp-content\/uploads\/2025\/07\/WhatsApp-Image-2025-07-01-at-17.17.46.jpeg\" \/>\n\t<meta property=\"og:image:width\" content=\"1600\" \/>\n\t<meta property=\"og:image:height\" content=\"1067\" \/>\n\t<meta property=\"og:image:type\" content=\"image\/jpeg\" \/>\n<meta name=\"author\" content=\"Samantha dos Anjos\" \/>\n<meta name=\"twitter:card\" content=\"summary_large_image\" \/>\n<meta name=\"twitter:label1\" content=\"Escrito por\" \/>\n\t<meta name=\"twitter:data1\" content=\"Samantha dos Anjos\" \/>\n\t<meta name=\"twitter:label2\" content=\"Est. tempo de leitura\" \/>\n\t<meta name=\"twitter:data2\" content=\"5 minutos\" \/>\n<script type=\"application\/ld+json\" class=\"yoast-schema-graph\">{\"@context\":\"https:\/\/schema.org\",\"@graph\":[{\"@type\":\"Article\",\"@id\":\"https:\/\/wilsonsantosmt.com.br\/index.php\/2025\/07\/01\/wilson-santos-celebra-avanco-da-ferrovia-em-agua-boa-e-lembra-que-cuiaba-espera-ha-150-anos\/#article\",\"isPartOf\":{\"@id\":\"https:\/\/wilsonsantosmt.com.br\/index.php\/2025\/07\/01\/wilson-santos-celebra-avanco-da-ferrovia-em-agua-boa-e-lembra-que-cuiaba-espera-ha-150-anos\/\"},\"author\":{\"name\":\"Samantha dos Anjos\",\"@id\":\"https:\/\/wilsonsantosmt.com.br\/#\/schema\/person\/1d097ee45f526dd0455dbad8c679932c\"},\"headline\":\"Wilson Santos celebra avan\u00e7o da ferrovia em \u00c1gua Boa e lembra que Cuiab\u00e1 espera h\u00e1 150 anos\",\"datePublished\":\"2025-07-01T17:47:00+00:00\",\"dateModified\":\"2025-07-03T17:49:14+00:00\",\"mainEntityOfPage\":{\"@id\":\"https:\/\/wilsonsantosmt.com.br\/index.php\/2025\/07\/01\/wilson-santos-celebra-avanco-da-ferrovia-em-agua-boa-e-lembra-que-cuiaba-espera-ha-150-anos\/\"},\"wordCount\":916,\"publisher\":{\"@id\":\"https:\/\/wilsonsantosmt.com.br\/#\/schema\/person\/9de3c54961637a9eadb16bcbf895b1ef\"},\"articleSection\":[\"Not\u00edcias\"],\"inLanguage\":\"pt-BR\"},{\"@type\":\"WebPage\",\"@id\":\"https:\/\/wilsonsantosmt.com.br\/index.php\/2025\/07\/01\/wilson-santos-celebra-avanco-da-ferrovia-em-agua-boa-e-lembra-que-cuiaba-espera-ha-150-anos\/\",\"url\":\"https:\/\/wilsonsantosmt.com.br\/index.php\/2025\/07\/01\/wilson-santos-celebra-avanco-da-ferrovia-em-agua-boa-e-lembra-que-cuiaba-espera-ha-150-anos\/\",\"name\":\"Wilson Santos celebra avan\u00e7o da ferrovia em \u00c1gua Boa e lembra que Cuiab\u00e1 espera h\u00e1 150 anos - wilsonsantosmt.com.br\",\"isPartOf\":{\"@id\":\"https:\/\/wilsonsantosmt.com.br\/#website\"},\"datePublished\":\"2025-07-01T17:47:00+00:00\",\"dateModified\":\"2025-07-03T17:49:14+00:00\",\"breadcrumb\":{\"@id\":\"https:\/\/wilsonsantosmt.com.br\/index.php\/2025\/07\/01\/wilson-santos-celebra-avanco-da-ferrovia-em-agua-boa-e-lembra-que-cuiaba-espera-ha-150-anos\/#breadcrumb\"},\"inLanguage\":\"pt-BR\",\"potentialAction\":[{\"@type\":\"ReadAction\",\"target\":[\"https:\/\/wilsonsantosmt.com.br\/index.php\/2025\/07\/01\/wilson-santos-celebra-avanco-da-ferrovia-em-agua-boa-e-lembra-que-cuiaba-espera-ha-150-anos\/\"]}]},{\"@type\":\"BreadcrumbList\",\"@id\":\"https:\/\/wilsonsantosmt.com.br\/index.php\/2025\/07\/01\/wilson-santos-celebra-avanco-da-ferrovia-em-agua-boa-e-lembra-que-cuiaba-espera-ha-150-anos\/#breadcrumb\",\"itemListElement\":[{\"@type\":\"ListItem\",\"position\":1,\"name\":\"In\u00edcio\",\"item\":\"https:\/\/wilsonsantosmt.com.br\/\"},{\"@type\":\"ListItem\",\"position\":2,\"name\":\"Not\u00edcias\",\"item\":\"https:\/\/wilsonsantosmt.com.br\/index.php\/category\/noticias\/\"},{\"@type\":\"ListItem\",\"position\":3,\"name\":\"Wilson Santos celebra avan\u00e7o da ferrovia em \u00c1gua Boa e lembra que Cuiab\u00e1 espera h\u00e1 150 anos\"}]},{\"@type\":\"WebSite\",\"@id\":\"https:\/\/wilsonsantosmt.com.br\/#website\",\"url\":\"https:\/\/wilsonsantosmt.com.br\/\",\"name\":\"wilsonsantosmt.com.br\",\"description\":\"\",\"publisher\":{\"@id\":\"https:\/\/wilsonsantosmt.com.br\/#\/schema\/person\/9de3c54961637a9eadb16bcbf895b1ef\"},\"potentialAction\":[{\"@type\":\"SearchAction\",\"target\":{\"@type\":\"EntryPoint\",\"urlTemplate\":\"https:\/\/wilsonsantosmt.com.br\/?s={search_term_string}\"},\"query-input\":\"required name=search_term_string\"}],\"inLanguage\":\"pt-BR\"},{\"@type\":[\"Person\",\"Organization\"],\"@id\":\"https:\/\/wilsonsantosmt.com.br\/#\/schema\/person\/9de3c54961637a9eadb16bcbf895b1ef\",\"name\":\"Wilson Santos\",\"image\":{\"@type\":\"ImageObject\",\"inLanguage\":\"pt-BR\",\"@id\":\"https:\/\/wilsonsantosmt.com.br\/#\/schema\/person\/image\/\",\"url\":\"https:\/\/wilsonsantosmt.com.br\/wp-content\/uploads\/2023\/11\/310828673_653254583023360_8795459643194608438_n.jpg\",\"contentUrl\":\"https:\/\/wilsonsantosmt.com.br\/wp-content\/uploads\/2023\/11\/310828673_653254583023360_8795459643194608438_n.jpg\",\"width\":1078,\"height\":1079,\"caption\":\"Wilson Santos\"},\"logo\":{\"@id\":\"https:\/\/wilsonsantosmt.com.br\/#\/schema\/person\/image\/\"},\"sameAs\":[\"http:\/\/wilsonsantosmt.com.br\",\"https:\/\/www.facebook.com\/WilsonSantosMT\/\",\"https:\/\/www.instagram.com\/wilsonsantosmt\/\",\"https:\/\/www.youtube.com\/@WilsonSantosWS\/videos\",\"https:\/\/pt.wikipedia.org\/wiki\/Wilson_Santos\"],\"honorificPrefix\":\"Sr\",\"gender\":\"masculino\",\"jobTitle\":\"Deputado Estadual\",\"worksFor\":\"Assembleia Legislativa de Mato Grosso\"},{\"@type\":\"Person\",\"@id\":\"https:\/\/wilsonsantosmt.com.br\/#\/schema\/person\/1d097ee45f526dd0455dbad8c679932c\",\"name\":\"Samantha dos Anjos\",\"image\":{\"@type\":\"ImageObject\",\"inLanguage\":\"pt-BR\",\"@id\":\"https:\/\/wilsonsantosmt.com.br\/#\/schema\/person\/image\/\",\"url\":\"https:\/\/secure.gravatar.com\/avatar\/7d8d0b6dd67d134a9fa841bee90c57c7?s=96&d=mm&r=g\",\"contentUrl\":\"https:\/\/secure.gravatar.com\/avatar\/7d8d0b6dd67d134a9fa841bee90c57c7?s=96&d=mm&r=g\",\"caption\":\"Samantha dos Anjos\"},\"url\":\"https:\/\/wilsonsantosmt.com.br\/index.php\/author\/samantha-dos-anjos\/\"}]}<\/script>\n<!-- \/ Yoast SEO Premium plugin. -->","yoast_head_json":{"title":"Wilson Santos celebra avan\u00e7o da ferrovia em \u00c1gua Boa e lembra que Cuiab\u00e1 espera h\u00e1 150 anos - wilsonsantosmt.com.br","robots":{"index":"index","follow":"follow","max-snippet":"max-snippet:-1","max-image-preview":"max-image-preview:large","max-video-preview":"max-video-preview:-1"},"canonical":"https:\/\/wilsonsantosmt.com.br\/index.php\/2025\/07\/01\/wilson-santos-celebra-avanco-da-ferrovia-em-agua-boa-e-lembra-que-cuiaba-espera-ha-150-anos\/","og_locale":"pt_BR","og_type":"article","og_title":"Wilson Santos celebra avan\u00e7o da ferrovia em \u00c1gua Boa e lembra que Cuiab\u00e1 espera h\u00e1 150 anos","og_description":"O deputado estadual Wilson Santos (PSD) participou, na \u00faltima sexta-feira (27), do F\u00f3rum sobre o Corredor Log\u00edstico Ferrovi\u00e1rio e Oportunidades Regionais, realizado no munic\u00edpio de \u00c1gua Boa. O evento teve como objetivo discutir os avan\u00e7os da implanta\u00e7\u00e3o da Ferrovia de Integra\u00e7\u00e3o Centro-Oeste (Fico), que ligar\u00e1 Mara Rosa (GO) a \u00c1gua Boa (MT), em um trecho [&hellip;]","og_url":"https:\/\/wilsonsantosmt.com.br\/index.php\/2025\/07\/01\/wilson-santos-celebra-avanco-da-ferrovia-em-agua-boa-e-lembra-que-cuiaba-espera-ha-150-anos\/","og_site_name":"wilsonsantosmt.com.br","article_publisher":"https:\/\/www.facebook.com\/WilsonSantosMT\/","article_published_time":"2025-07-01T17:47:00+00:00","article_modified_time":"2025-07-03T17:49:14+00:00","og_image":[{"width":1600,"height":1067,"url":"http:\/\/wilsonsantosmt.com.br\/wp-content\/uploads\/2025\/07\/WhatsApp-Image-2025-07-01-at-17.17.46.jpeg","type":"image\/jpeg"}],"author":"Samantha dos Anjos","twitter_card":"summary_large_image","twitter_misc":{"Escrito por":"Samantha dos Anjos","Est. tempo de leitura":"5 minutos"},"schema":{"@context":"https:\/\/schema.org","@graph":[{"@type":"Article","@id":"https:\/\/wilsonsantosmt.com.br\/index.php\/2025\/07\/01\/wilson-santos-celebra-avanco-da-ferrovia-em-agua-boa-e-lembra-que-cuiaba-espera-ha-150-anos\/#article","isPartOf":{"@id":"https:\/\/wilsonsantosmt.com.br\/index.php\/2025\/07\/01\/wilson-santos-celebra-avanco-da-ferrovia-em-agua-boa-e-lembra-que-cuiaba-espera-ha-150-anos\/"},"author":{"name":"Samantha dos Anjos","@id":"https:\/\/wilsonsantosmt.com.br\/#\/schema\/person\/1d097ee45f526dd0455dbad8c679932c"},"headline":"Wilson Santos celebra avan\u00e7o da ferrovia em \u00c1gua Boa e lembra que Cuiab\u00e1 espera h\u00e1 150 anos","datePublished":"2025-07-01T17:47:00+00:00","dateModified":"2025-07-03T17:49:14+00:00","mainEntityOfPage":{"@id":"https:\/\/wilsonsantosmt.com.br\/index.php\/2025\/07\/01\/wilson-santos-celebra-avanco-da-ferrovia-em-agua-boa-e-lembra-que-cuiaba-espera-ha-150-anos\/"},"wordCount":916,"publisher":{"@id":"https:\/\/wilsonsantosmt.com.br\/#\/schema\/person\/9de3c54961637a9eadb16bcbf895b1ef"},"articleSection":["Not\u00edcias"],"inLanguage":"pt-BR"},{"@type":"WebPage","@id":"https:\/\/wilsonsantosmt.com.br\/index.php\/2025\/07\/01\/wilson-santos-celebra-avanco-da-ferrovia-em-agua-boa-e-lembra-que-cuiaba-espera-ha-150-anos\/","url":"https:\/\/wilsonsantosmt.com.br\/index.php\/2025\/07\/01\/wilson-santos-celebra-avanco-da-ferrovia-em-agua-boa-e-lembra-que-cuiaba-espera-ha-150-anos\/","name":"Wilson Santos celebra avan\u00e7o da ferrovia em \u00c1gua Boa e lembra que Cuiab\u00e1 espera h\u00e1 150 anos - wilsonsantosmt.com.br","isPartOf":{"@id":"https:\/\/wilsonsantosmt.com.br\/#website"},"datePublished":"2025-07-01T17:47:00+00:00","dateModified":"2025-07-03T17:49:14+00:00","breadcrumb":{"@id":"https:\/\/wilsonsantosmt.com.br\/index.php\/2025\/07\/01\/wilson-santos-celebra-avanco-da-ferrovia-em-agua-boa-e-lembra-que-cuiaba-espera-ha-150-anos\/#breadcrumb"},"inLanguage":"pt-BR","potentialAction":[{"@type":"ReadAction","target":["https:\/\/wilsonsantosmt.com.br\/index.php\/2025\/07\/01\/wilson-santos-celebra-avanco-da-ferrovia-em-agua-boa-e-lembra-que-cuiaba-espera-ha-150-anos\/"]}]},{"@type":"BreadcrumbList","@id":"https:\/\/wilsonsantosmt.com.br\/index.php\/2025\/07\/01\/wilson-santos-celebra-avanco-da-ferrovia-em-agua-boa-e-lembra-que-cuiaba-espera-ha-150-anos\/#breadcrumb","itemListElement":[{"@type":"ListItem","position":1,"name":"In\u00edcio","item":"https:\/\/wilsonsantosmt.com.br\/"},{"@type":"ListItem","position":2,"name":"Not\u00edcias","item":"https:\/\/wilsonsantosmt.com.br\/index.php\/category\/noticias\/"},{"@type":"ListItem","position":3,"name":"Wilson Santos celebra avan\u00e7o da ferrovia em \u00c1gua Boa e lembra que Cuiab\u00e1 espera h\u00e1 150 anos"}]},{"@type":"WebSite","@id":"https:\/\/wilsonsantosmt.com.br\/#website","url":"https:\/\/wilsonsantosmt.com.br\/","name":"wilsonsantosmt.com.br","description":"","publisher":{"@id":"https:\/\/wilsonsantosmt.com.br\/#\/schema\/person\/9de3c54961637a9eadb16bcbf895b1ef"},"potentialAction":[{"@type":"SearchAction","target":{"@type":"EntryPoint","urlTemplate":"https:\/\/wilsonsantosmt.com.br\/?s={search_term_string}"},"query-input":"required name=search_term_string"}],"inLanguage":"pt-BR"},{"@type":["Person","Organization"],"@id":"https:\/\/wilsonsantosmt.com.br\/#\/schema\/person\/9de3c54961637a9eadb16bcbf895b1ef","name":"Wilson Santos","image":{"@type":"ImageObject","inLanguage":"pt-BR","@id":"https:\/\/wilsonsantosmt.com.br\/#\/schema\/person\/image\/","url":"https:\/\/wilsonsantosmt.com.br\/wp-content\/uploads\/2023\/11\/310828673_653254583023360_8795459643194608438_n.jpg","contentUrl":"https:\/\/wilsonsantosmt.com.br\/wp-content\/uploads\/2023\/11\/310828673_653254583023360_8795459643194608438_n.jpg","width":1078,"height":1079,"caption":"Wilson Santos"},"logo":{"@id":"https:\/\/wilsonsantosmt.com.br\/#\/schema\/person\/image\/"},"sameAs":["http:\/\/wilsonsantosmt.com.br","https:\/\/www.facebook.com\/WilsonSantosMT\/","https:\/\/www.instagram.com\/wilsonsantosmt\/","https:\/\/www.youtube.com\/@WilsonSantosWS\/videos","https:\/\/pt.wikipedia.org\/wiki\/Wilson_Santos"],"honorificPrefix":"Sr","gender":"masculino","jobTitle":"Deputado Estadual","worksFor":"Assembleia Legislativa de Mato Grosso"},{"@type":"Person","@id":"https:\/\/wilsonsantosmt.com.br\/#\/schema\/person\/1d097ee45f526dd0455dbad8c679932c","name":"Samantha dos Anjos","image":{"@type":"ImageObject","inLanguage":"pt-BR","@id":"https:\/\/wilsonsantosmt.com.br\/#\/schema\/person\/image\/","url":"https:\/\/secure.gravatar.com\/avatar\/7d8d0b6dd67d134a9fa841bee90c57c7?s=96&d=mm&r=g","contentUrl":"https:\/\/secure.gravatar.com\/avatar\/7d8d0b6dd67d134a9fa841bee90c57c7?s=96&d=mm&r=g","caption":"Samantha dos Anjos"},"url":"https:\/\/wilsonsantosmt.com.br\/index.php\/author\/samantha-dos-anjos\/"}]}},"_links":{"self":[{"href":"https:\/\/wilsonsantosmt.com.br\/index.php\/wp-json\/wp\/v2\/posts\/1669"}],"collection":[{"href":"https:\/\/wilsonsantosmt.com.br\/index.php\/wp-json\/wp\/v2\/posts"}],"about":[{"href":"https:\/\/wilsonsantosmt.com.br\/index.php\/wp-json\/wp\/v2\/types\/post"}],"author":[{"embeddable":true,"href":"https:\/\/wilsonsantosmt.com.br\/index.php\/wp-json\/wp\/v2\/users\/4"}],"replies":[{"embeddable":true,"href":"https:\/\/wilsonsantosmt.com.br\/index.php\/wp-json\/wp\/v2\/comments?post=1669"}],"version-history":[{"count":1,"href":"https:\/\/wilsonsantosmt.com.br\/index.php\/wp-json\/wp\/v2\/posts\/1669\/revisions"}],"predecessor-version":[{"id":1672,"href":"https:\/\/wilsonsantosmt.com.br\/index.php\/wp-json\/wp\/v2\/posts\/1669\/revisions\/1672"}],"wp:featuredmedia":[{"embeddable":true,"href":"https:\/\/wilsonsantosmt.com.br\/index.php\/wp-json\/wp\/v2\/media\/1670"}],"wp:attachment":[{"href":"https:\/\/wilsonsantosmt.com.br\/index.php\/wp-json\/wp\/v2\/media?parent=1669"}],"wp:term":[{"taxonomy":"category","embeddable":true,"href":"https:\/\/wilsonsantosmt.com.br\/index.php\/wp-json\/wp\/v2\/categories?post=1669"},{"taxonomy":"post_tag","embeddable":true,"href":"https:\/\/wilsonsantosmt.com.br\/index.php\/wp-json\/wp\/v2\/tags?post=1669"}],"curies":[{"name":"wp","href":"https:\/\/api.w.org\/{rel}","templated":true}]}}