{"id":1673,"date":"2025-07-01T11:49:00","date_gmt":"2025-07-01T15:49:00","guid":{"rendered":"https:\/\/wilsonsantosmt.com.br\/?p=1673"},"modified":"2025-07-03T13:51:15","modified_gmt":"2025-07-03T17:51:15","slug":"wilson-santos-propoe-recursos-para-desapropriacao-e-moradia-as-familias-do-contorno-leste","status":"publish","type":"post","link":"https:\/\/wilsonsantosmt.com.br\/index.php\/2025\/07\/01\/wilson-santos-propoe-recursos-para-desapropriacao-e-moradia-as-familias-do-contorno-leste\/","title":{"rendered":"Wilson Santos prop\u00f5e recursos para desapropria\u00e7\u00e3o e moradia \u00e0s fam\u00edlias do Contorno Leste"},"content":{"rendered":"\n<p><\/p>\n\n\n\n<p>Mais de 800 moradores da regi\u00e3o do Contorno Leste, ocupada h\u00e1 cerca de tr\u00eas anos por mais de cinco mil fam\u00edlias, protestaram na manh\u00e3 desta segunda-feira (30) em frente ao Pal\u00e1cio Alencastro, sede da Prefeitura de Cuiab\u00e1, para cobrar a regulariza\u00e7\u00e3o das \u00e1reas e evitar a reintegra\u00e7\u00e3o de posse. O deputado estadual Wilson Santos, presidente da C\u00e2mara Setorial Tem\u00e1tica (CST) da Moradia Popular na Assembleia Legislativa, participou do ato e se reuniu com o prefeito Ab\u00edlio Brunini (PL) e seu secretariado para tratar do impasse.<\/p>\n\n\n\n<p>\u201cEssa situa\u00e7\u00e3o se resolve dialogando, com o munic\u00edpio exercendo o seu poder e que \u00e9 muito forte. Ele pode adquirir a \u00e1rea por meio de desapropria\u00e7\u00e3o e a Assembleia Legislativa pode ajudar com emendas parlamentares. Estou disposto a destinar um valor significativo da minha emenda, no total de R$ 3 milh\u00f5es. A C\u00e2mara Setorial da Moradia vai acompanhar essa situa\u00e7\u00e3o de perto, que n\u00e3o \u00e9 dif\u00edcil de resolver. Cuiab\u00e1 tem mais de 30 mil fam\u00edlias em busca de moradia. Queremos negociar com o prefeito, que disp\u00f5e de mecanismos jur\u00eddicos importantes e, somente ele, pode realizar a desapropria\u00e7\u00e3o da \u00e1rea\u201d, explicou o parlamentar.<\/p>\n\n\n\n<p>O prefeito Ab\u00edlio Brunini destacou a import\u00e2ncia do levantamento do perfil socioecon\u00f4mico das fam\u00edlias por parte da gest\u00e3o p\u00fablica. Segundo ele, um relat\u00f3rio elaborado pela Secretaria Estadual de Assist\u00eancia Social e Cidadania (Setasc) identificou irregularidades em mais de dois mil cadastros, apontando a presen\u00e7a de servidores p\u00fablicos, empres\u00e1rios, propriet\u00e1rios de outros im\u00f3veis e pessoas que estariam alugando os terrenos para terceiros &#8211; o que n\u00e3o comprovaria situa\u00e7\u00e3o de vulnerabilidade.<\/p>\n\n\n\n<figure class=\"wp-block-image size-large\"><img fetchpriority=\"high\" decoding=\"async\" width=\"1024\" height=\"576\" src=\"http:\/\/wilsonsantosmt.com.br\/wp-content\/uploads\/2025\/07\/WhatsApp-Image-2025-06-30-at-16.58.09-1-1024x576.jpeg\" alt=\"\" class=\"wp-image-1674\" srcset=\"https:\/\/wilsonsantosmt.com.br\/wp-content\/uploads\/2025\/07\/WhatsApp-Image-2025-06-30-at-16.58.09-1-1024x576.jpeg 1024w, https:\/\/wilsonsantosmt.com.br\/wp-content\/uploads\/2025\/07\/WhatsApp-Image-2025-06-30-at-16.58.09-1-300x169.jpeg 300w, https:\/\/wilsonsantosmt.com.br\/wp-content\/uploads\/2025\/07\/WhatsApp-Image-2025-06-30-at-16.58.09-1-768x432.jpeg 768w, https:\/\/wilsonsantosmt.com.br\/wp-content\/uploads\/2025\/07\/WhatsApp-Image-2025-06-30-at-16.58.09-1-1536x864.jpeg 1536w, https:\/\/wilsonsantosmt.com.br\/wp-content\/uploads\/2025\/07\/WhatsApp-Image-2025-06-30-at-16.58.09-1-2048x1152.jpeg 2048w, https:\/\/wilsonsantosmt.com.br\/wp-content\/uploads\/2025\/07\/WhatsApp-Image-2025-06-30-at-16.58.09-1-600x338.jpeg 600w\" sizes=\"(max-width: 1024px) 100vw, 1024px\" \/><\/figure>\n\n\n\n<p>\u201cEu sugiro ao governo estadual que fa\u00e7a uma nova an\u00e1lise, j\u00e1 que h\u00e1 uma variedade enorme de perfis entre os moradores. Algumas dessas pessoas n\u00e3o deveriam estar inseridas em programas sociais de habita\u00e7\u00e3o. A \u00e1rea do Contorno Leste est\u00e1 avaliada em R$ 18 milh\u00f5es. Se os deputados nos derem condi\u00e7\u00f5es, a Prefeitura pode adquirir o local. Mas \u00e9 preciso fazer o levantamento adequado, porque n\u00e3o adianta chegar recurso sem o devido direcionamento. Vamos realizar o nosso levantamento e sugiro que o Estado refa\u00e7a o deles\u201d, disse o gestor municipal.<\/p>\n\n\n\n<p>Wilson Santos anunciou a destina\u00e7\u00e3o de R$ 3 milh\u00f5es em emendas parlamentares para 2026 e afirmou que vai mobilizar outros deputados estaduais, al\u00e9m da bancada federal de Mato Grosso, para alcan\u00e7ar o valor total necess\u00e1rio \u00e0 aquisi\u00e7\u00e3o da \u00e1rea. A propriedade \u00e9 registrada e pertence \u00e0 fam\u00edlia Pinto desde a d\u00e9cada de 1960. O parlamentar tamb\u00e9m informou que apresentar\u00e1 uma emenda de R$ 100 milh\u00f5es \u00e0 Lei Or\u00e7ament\u00e1ria Anual (LOA) de 2026, para investimentos nas \u00e1reas social, de infraestrutura e habita\u00e7\u00e3o, sendo uma proposta que n\u00e3o foi acatada no ano passado.<\/p>\n\n\n\n<p>Moradores como Wesley Lopes e Sirley Valentin expressaram ang\u00fastia diante da possibilidade de despejo. \u201cEstamos h\u00e1 meses sem dormir, desde que soubemos da reintegra\u00e7\u00e3o. N\u00e3o conseguimos mais nos alimentar direito. Fizeram reuni\u00f5es sem a nossa presen\u00e7a e agora vem essa bomba. Estamos lutando pela posse\u201d, desabafaram.<\/p>\n\n\n\n<p>O juiz da 2\u00aa Vara C\u00edvel Especializada em Direito Agr\u00e1rio de Cuiab\u00e1, Carlos Roberto Barros de Campos, reconheceu a posse legal, cont\u00ednua e justa do im\u00f3vel pelos propriet\u00e1rios, colocando as fam\u00edlias do Contorno Leste sob risco de despejo iminente. \u201cEsse manifesto \u00e9 uma reivindica\u00e7\u00e3o pelo direito \u00e0 moradia. A luta j\u00e1 dura tr\u00eas anos. O impasse \u00e9 jur\u00eddico, com uma a\u00e7\u00e3o judicial em curso e liminar de reintegra\u00e7\u00e3o de posse deferida. As fam\u00edlias temem o despejo e buscam apoio do poder p\u00fablico\u201d, declarou o advogado da Comiss\u00e3o do Contorno Leste, Daniel Ramalho.<\/p>\n\n\n\n<p>Com hist\u00f3rico de atua\u00e7\u00e3o na pol\u00edtica habitacional desde a d\u00e9cada de 80, Wilson Santos j\u00e1 participou da funda\u00e7\u00e3o de mais de 30 bairros em Cuiab\u00e1. Ele defende que a situa\u00e7\u00e3o do Contorno Leste seja resolvida com a parceria entre a Prefeitura e a C\u00e2mara Municipal de Cuiab\u00e1, a Assembleia Legislativa, os Governos do Estado e Federal. Para ele, o loteamento popular \u00e9 uma solu\u00e7\u00e3o eficaz para garantir o direito \u00e0 moradia.<\/p>\n","protected":false},"excerpt":{"rendered":"<p>Mais de 800 moradores da regi\u00e3o do Contorno Leste, ocupada h\u00e1 cerca de tr\u00eas anos por mais de cinco mil fam\u00edlias, protestaram na manh\u00e3 desta segunda-feira (30) em frente ao Pal\u00e1cio Alencastro, sede da Prefeitura de Cuiab\u00e1, para cobrar a regulariza\u00e7\u00e3o das \u00e1reas e evitar a reintegra\u00e7\u00e3o de posse. O deputado estadual Wilson Santos, presidente [&hellip;]<\/p>\n","protected":false},"author":4,"featured_media":1675,"comment_status":"closed","ping_status":"open","sticky":false,"template":"","format":"standard","meta":{"footnotes":""},"categories":[13],"tags":[],"yoast_head":"<!-- This site is optimized with the Yoast SEO Premium plugin v21.5 (Yoast SEO v21.4) - https:\/\/yoast.com\/wordpress\/plugins\/seo\/ -->\n<title>Wilson Santos prop\u00f5e recursos para desapropria\u00e7\u00e3o e moradia \u00e0s fam\u00edlias do Contorno Leste - wilsonsantosmt.com.br<\/title>\n<meta name=\"robots\" content=\"index, follow, max-snippet:-1, max-image-preview:large, max-video-preview:-1\" \/>\n<link rel=\"canonical\" href=\"https:\/\/wilsonsantosmt.com.br\/index.php\/2025\/07\/01\/wilson-santos-propoe-recursos-para-desapropriacao-e-moradia-as-familias-do-contorno-leste\/\" \/>\n<meta property=\"og:locale\" content=\"pt_BR\" \/>\n<meta property=\"og:type\" content=\"article\" \/>\n<meta property=\"og:title\" content=\"Wilson Santos prop\u00f5e recursos para desapropria\u00e7\u00e3o e moradia \u00e0s fam\u00edlias do Contorno Leste\" \/>\n<meta property=\"og:description\" content=\"Mais de 800 moradores da regi\u00e3o do Contorno Leste, ocupada h\u00e1 cerca de tr\u00eas anos por mais de cinco mil fam\u00edlias, protestaram na manh\u00e3 desta segunda-feira (30) em frente ao Pal\u00e1cio Alencastro, sede da Prefeitura de Cuiab\u00e1, para cobrar a regulariza\u00e7\u00e3o das \u00e1reas e evitar a reintegra\u00e7\u00e3o de posse. O deputado estadual Wilson Santos, presidente [&hellip;]\" \/>\n<meta property=\"og:url\" content=\"https:\/\/wilsonsantosmt.com.br\/index.php\/2025\/07\/01\/wilson-santos-propoe-recursos-para-desapropriacao-e-moradia-as-familias-do-contorno-leste\/\" \/>\n<meta property=\"og:site_name\" content=\"wilsonsantosmt.com.br\" \/>\n<meta property=\"article:publisher\" content=\"https:\/\/www.facebook.com\/WilsonSantosMT\/\" \/>\n<meta property=\"article:published_time\" content=\"2025-07-01T15:49:00+00:00\" \/>\n<meta property=\"article:modified_time\" content=\"2025-07-03T17:51:15+00:00\" \/>\n<meta property=\"og:image\" content=\"http:\/\/wilsonsantosmt.com.br\/wp-content\/uploads\/2025\/07\/WhatsApp-Image-2025-06-30-at-16.58.09-scaled.jpeg\" \/>\n\t<meta property=\"og:image:width\" content=\"2560\" \/>\n\t<meta property=\"og:image:height\" content=\"1440\" \/>\n\t<meta property=\"og:image:type\" content=\"image\/jpeg\" \/>\n<meta name=\"author\" content=\"Samantha dos Anjos\" \/>\n<meta name=\"twitter:card\" content=\"summary_large_image\" \/>\n<meta name=\"twitter:label1\" content=\"Escrito por\" \/>\n\t<meta name=\"twitter:data1\" content=\"Samantha dos Anjos\" \/>\n\t<meta name=\"twitter:label2\" content=\"Est. tempo de leitura\" \/>\n\t<meta name=\"twitter:data2\" content=\"4 minutos\" \/>\n<script type=\"application\/ld+json\" class=\"yoast-schema-graph\">{\"@context\":\"https:\/\/schema.org\",\"@graph\":[{\"@type\":\"Article\",\"@id\":\"https:\/\/wilsonsantosmt.com.br\/index.php\/2025\/07\/01\/wilson-santos-propoe-recursos-para-desapropriacao-e-moradia-as-familias-do-contorno-leste\/#article\",\"isPartOf\":{\"@id\":\"https:\/\/wilsonsantosmt.com.br\/index.php\/2025\/07\/01\/wilson-santos-propoe-recursos-para-desapropriacao-e-moradia-as-familias-do-contorno-leste\/\"},\"author\":{\"name\":\"Samantha dos Anjos\",\"@id\":\"https:\/\/wilsonsantosmt.com.br\/#\/schema\/person\/1d097ee45f526dd0455dbad8c679932c\"},\"headline\":\"Wilson Santos prop\u00f5e recursos para desapropria\u00e7\u00e3o e moradia \u00e0s fam\u00edlias do Contorno Leste\",\"datePublished\":\"2025-07-01T15:49:00+00:00\",\"dateModified\":\"2025-07-03T17:51:15+00:00\",\"mainEntityOfPage\":{\"@id\":\"https:\/\/wilsonsantosmt.com.br\/index.php\/2025\/07\/01\/wilson-santos-propoe-recursos-para-desapropriacao-e-moradia-as-familias-do-contorno-leste\/\"},\"wordCount\":721,\"publisher\":{\"@id\":\"https:\/\/wilsonsantosmt.com.br\/#\/schema\/person\/9de3c54961637a9eadb16bcbf895b1ef\"},\"articleSection\":[\"Not\u00edcias\"],\"inLanguage\":\"pt-BR\"},{\"@type\":\"WebPage\",\"@id\":\"https:\/\/wilsonsantosmt.com.br\/index.php\/2025\/07\/01\/wilson-santos-propoe-recursos-para-desapropriacao-e-moradia-as-familias-do-contorno-leste\/\",\"url\":\"https:\/\/wilsonsantosmt.com.br\/index.php\/2025\/07\/01\/wilson-santos-propoe-recursos-para-desapropriacao-e-moradia-as-familias-do-contorno-leste\/\",\"name\":\"Wilson Santos prop\u00f5e recursos para desapropria\u00e7\u00e3o e moradia \u00e0s fam\u00edlias do Contorno Leste - wilsonsantosmt.com.br\",\"isPartOf\":{\"@id\":\"https:\/\/wilsonsantosmt.com.br\/#website\"},\"datePublished\":\"2025-07-01T15:49:00+00:00\",\"dateModified\":\"2025-07-03T17:51:15+00:00\",\"breadcrumb\":{\"@id\":\"https:\/\/wilsonsantosmt.com.br\/index.php\/2025\/07\/01\/wilson-santos-propoe-recursos-para-desapropriacao-e-moradia-as-familias-do-contorno-leste\/#breadcrumb\"},\"inLanguage\":\"pt-BR\",\"potentialAction\":[{\"@type\":\"ReadAction\",\"target\":[\"https:\/\/wilsonsantosmt.com.br\/index.php\/2025\/07\/01\/wilson-santos-propoe-recursos-para-desapropriacao-e-moradia-as-familias-do-contorno-leste\/\"]}]},{\"@type\":\"BreadcrumbList\",\"@id\":\"https:\/\/wilsonsantosmt.com.br\/index.php\/2025\/07\/01\/wilson-santos-propoe-recursos-para-desapropriacao-e-moradia-as-familias-do-contorno-leste\/#breadcrumb\",\"itemListElement\":[{\"@type\":\"ListItem\",\"position\":1,\"name\":\"In\u00edcio\",\"item\":\"https:\/\/wilsonsantosmt.com.br\/\"},{\"@type\":\"ListItem\",\"position\":2,\"name\":\"Not\u00edcias\",\"item\":\"https:\/\/wilsonsantosmt.com.br\/index.php\/category\/noticias\/\"},{\"@type\":\"ListItem\",\"position\":3,\"name\":\"Wilson Santos prop\u00f5e recursos para desapropria\u00e7\u00e3o e moradia \u00e0s fam\u00edlias do Contorno Leste\"}]},{\"@type\":\"WebSite\",\"@id\":\"https:\/\/wilsonsantosmt.com.br\/#website\",\"url\":\"https:\/\/wilsonsantosmt.com.br\/\",\"name\":\"wilsonsantosmt.com.br\",\"description\":\"\",\"publisher\":{\"@id\":\"https:\/\/wilsonsantosmt.com.br\/#\/schema\/person\/9de3c54961637a9eadb16bcbf895b1ef\"},\"potentialAction\":[{\"@type\":\"SearchAction\",\"target\":{\"@type\":\"EntryPoint\",\"urlTemplate\":\"https:\/\/wilsonsantosmt.com.br\/?s={search_term_string}\"},\"query-input\":\"required name=search_term_string\"}],\"inLanguage\":\"pt-BR\"},{\"@type\":[\"Person\",\"Organization\"],\"@id\":\"https:\/\/wilsonsantosmt.com.br\/#\/schema\/person\/9de3c54961637a9eadb16bcbf895b1ef\",\"name\":\"Wilson Santos\",\"image\":{\"@type\":\"ImageObject\",\"inLanguage\":\"pt-BR\",\"@id\":\"https:\/\/wilsonsantosmt.com.br\/#\/schema\/person\/image\/\",\"url\":\"https:\/\/wilsonsantosmt.com.br\/wp-content\/uploads\/2023\/11\/310828673_653254583023360_8795459643194608438_n.jpg\",\"contentUrl\":\"https:\/\/wilsonsantosmt.com.br\/wp-content\/uploads\/2023\/11\/310828673_653254583023360_8795459643194608438_n.jpg\",\"width\":1078,\"height\":1079,\"caption\":\"Wilson Santos\"},\"logo\":{\"@id\":\"https:\/\/wilsonsantosmt.com.br\/#\/schema\/person\/image\/\"},\"sameAs\":[\"http:\/\/wilsonsantosmt.com.br\",\"https:\/\/www.facebook.com\/WilsonSantosMT\/\",\"https:\/\/www.instagram.com\/wilsonsantosmt\/\",\"https:\/\/www.youtube.com\/@WilsonSantosWS\/videos\",\"https:\/\/pt.wikipedia.org\/wiki\/Wilson_Santos\"],\"honorificPrefix\":\"Sr\",\"gender\":\"masculino\",\"jobTitle\":\"Deputado Estadual\",\"worksFor\":\"Assembleia Legislativa de Mato Grosso\"},{\"@type\":\"Person\",\"@id\":\"https:\/\/wilsonsantosmt.com.br\/#\/schema\/person\/1d097ee45f526dd0455dbad8c679932c\",\"name\":\"Samantha dos Anjos\",\"image\":{\"@type\":\"ImageObject\",\"inLanguage\":\"pt-BR\",\"@id\":\"https:\/\/wilsonsantosmt.com.br\/#\/schema\/person\/image\/\",\"url\":\"https:\/\/secure.gravatar.com\/avatar\/7d8d0b6dd67d134a9fa841bee90c57c7?s=96&d=mm&r=g\",\"contentUrl\":\"https:\/\/secure.gravatar.com\/avatar\/7d8d0b6dd67d134a9fa841bee90c57c7?s=96&d=mm&r=g\",\"caption\":\"Samantha dos Anjos\"},\"url\":\"https:\/\/wilsonsantosmt.com.br\/index.php\/author\/samantha-dos-anjos\/\"}]}<\/script>\n<!-- \/ Yoast SEO Premium plugin. -->","yoast_head_json":{"title":"Wilson Santos prop\u00f5e recursos para desapropria\u00e7\u00e3o e moradia \u00e0s fam\u00edlias do Contorno Leste - wilsonsantosmt.com.br","robots":{"index":"index","follow":"follow","max-snippet":"max-snippet:-1","max-image-preview":"max-image-preview:large","max-video-preview":"max-video-preview:-1"},"canonical":"https:\/\/wilsonsantosmt.com.br\/index.php\/2025\/07\/01\/wilson-santos-propoe-recursos-para-desapropriacao-e-moradia-as-familias-do-contorno-leste\/","og_locale":"pt_BR","og_type":"article","og_title":"Wilson Santos prop\u00f5e recursos para desapropria\u00e7\u00e3o e moradia \u00e0s fam\u00edlias do Contorno Leste","og_description":"Mais de 800 moradores da regi\u00e3o do Contorno Leste, ocupada h\u00e1 cerca de tr\u00eas anos por mais de cinco mil fam\u00edlias, protestaram na manh\u00e3 desta segunda-feira (30) em frente ao Pal\u00e1cio Alencastro, sede da Prefeitura de Cuiab\u00e1, para cobrar a regulariza\u00e7\u00e3o das \u00e1reas e evitar a reintegra\u00e7\u00e3o de posse. O deputado estadual Wilson Santos, presidente [&hellip;]","og_url":"https:\/\/wilsonsantosmt.com.br\/index.php\/2025\/07\/01\/wilson-santos-propoe-recursos-para-desapropriacao-e-moradia-as-familias-do-contorno-leste\/","og_site_name":"wilsonsantosmt.com.br","article_publisher":"https:\/\/www.facebook.com\/WilsonSantosMT\/","article_published_time":"2025-07-01T15:49:00+00:00","article_modified_time":"2025-07-03T17:51:15+00:00","og_image":[{"width":2560,"height":1440,"url":"http:\/\/wilsonsantosmt.com.br\/wp-content\/uploads\/2025\/07\/WhatsApp-Image-2025-06-30-at-16.58.09-scaled.jpeg","type":"image\/jpeg"}],"author":"Samantha dos Anjos","twitter_card":"summary_large_image","twitter_misc":{"Escrito por":"Samantha dos Anjos","Est. tempo de leitura":"4 minutos"},"schema":{"@context":"https:\/\/schema.org","@graph":[{"@type":"Article","@id":"https:\/\/wilsonsantosmt.com.br\/index.php\/2025\/07\/01\/wilson-santos-propoe-recursos-para-desapropriacao-e-moradia-as-familias-do-contorno-leste\/#article","isPartOf":{"@id":"https:\/\/wilsonsantosmt.com.br\/index.php\/2025\/07\/01\/wilson-santos-propoe-recursos-para-desapropriacao-e-moradia-as-familias-do-contorno-leste\/"},"author":{"name":"Samantha dos Anjos","@id":"https:\/\/wilsonsantosmt.com.br\/#\/schema\/person\/1d097ee45f526dd0455dbad8c679932c"},"headline":"Wilson Santos prop\u00f5e recursos para desapropria\u00e7\u00e3o e moradia \u00e0s fam\u00edlias do Contorno Leste","datePublished":"2025-07-01T15:49:00+00:00","dateModified":"2025-07-03T17:51:15+00:00","mainEntityOfPage":{"@id":"https:\/\/wilsonsantosmt.com.br\/index.php\/2025\/07\/01\/wilson-santos-propoe-recursos-para-desapropriacao-e-moradia-as-familias-do-contorno-leste\/"},"wordCount":721,"publisher":{"@id":"https:\/\/wilsonsantosmt.com.br\/#\/schema\/person\/9de3c54961637a9eadb16bcbf895b1ef"},"articleSection":["Not\u00edcias"],"inLanguage":"pt-BR"},{"@type":"WebPage","@id":"https:\/\/wilsonsantosmt.com.br\/index.php\/2025\/07\/01\/wilson-santos-propoe-recursos-para-desapropriacao-e-moradia-as-familias-do-contorno-leste\/","url":"https:\/\/wilsonsantosmt.com.br\/index.php\/2025\/07\/01\/wilson-santos-propoe-recursos-para-desapropriacao-e-moradia-as-familias-do-contorno-leste\/","name":"Wilson Santos prop\u00f5e recursos para desapropria\u00e7\u00e3o e moradia \u00e0s fam\u00edlias do Contorno Leste - wilsonsantosmt.com.br","isPartOf":{"@id":"https:\/\/wilsonsantosmt.com.br\/#website"},"datePublished":"2025-07-01T15:49:00+00:00","dateModified":"2025-07-03T17:51:15+00:00","breadcrumb":{"@id":"https:\/\/wilsonsantosmt.com.br\/index.php\/2025\/07\/01\/wilson-santos-propoe-recursos-para-desapropriacao-e-moradia-as-familias-do-contorno-leste\/#breadcrumb"},"inLanguage":"pt-BR","potentialAction":[{"@type":"ReadAction","target":["https:\/\/wilsonsantosmt.com.br\/index.php\/2025\/07\/01\/wilson-santos-propoe-recursos-para-desapropriacao-e-moradia-as-familias-do-contorno-leste\/"]}]},{"@type":"BreadcrumbList","@id":"https:\/\/wilsonsantosmt.com.br\/index.php\/2025\/07\/01\/wilson-santos-propoe-recursos-para-desapropriacao-e-moradia-as-familias-do-contorno-leste\/#breadcrumb","itemListElement":[{"@type":"ListItem","position":1,"name":"In\u00edcio","item":"https:\/\/wilsonsantosmt.com.br\/"},{"@type":"ListItem","position":2,"name":"Not\u00edcias","item":"https:\/\/wilsonsantosmt.com.br\/index.php\/category\/noticias\/"},{"@type":"ListItem","position":3,"name":"Wilson Santos prop\u00f5e recursos para desapropria\u00e7\u00e3o e moradia \u00e0s fam\u00edlias do Contorno Leste"}]},{"@type":"WebSite","@id":"https:\/\/wilsonsantosmt.com.br\/#website","url":"https:\/\/wilsonsantosmt.com.br\/","name":"wilsonsantosmt.com.br","description":"","publisher":{"@id":"https:\/\/wilsonsantosmt.com.br\/#\/schema\/person\/9de3c54961637a9eadb16bcbf895b1ef"},"potentialAction":[{"@type":"SearchAction","target":{"@type":"EntryPoint","urlTemplate":"https:\/\/wilsonsantosmt.com.br\/?s={search_term_string}"},"query-input":"required name=search_term_string"}],"inLanguage":"pt-BR"},{"@type":["Person","Organization"],"@id":"https:\/\/wilsonsantosmt.com.br\/#\/schema\/person\/9de3c54961637a9eadb16bcbf895b1ef","name":"Wilson Santos","image":{"@type":"ImageObject","inLanguage":"pt-BR","@id":"https:\/\/wilsonsantosmt.com.br\/#\/schema\/person\/image\/","url":"https:\/\/wilsonsantosmt.com.br\/wp-content\/uploads\/2023\/11\/310828673_653254583023360_8795459643194608438_n.jpg","contentUrl":"https:\/\/wilsonsantosmt.com.br\/wp-content\/uploads\/2023\/11\/310828673_653254583023360_8795459643194608438_n.jpg","width":1078,"height":1079,"caption":"Wilson Santos"},"logo":{"@id":"https:\/\/wilsonsantosmt.com.br\/#\/schema\/person\/image\/"},"sameAs":["http:\/\/wilsonsantosmt.com.br","https:\/\/www.facebook.com\/WilsonSantosMT\/","https:\/\/www.instagram.com\/wilsonsantosmt\/","https:\/\/www.youtube.com\/@WilsonSantosWS\/videos","https:\/\/pt.wikipedia.org\/wiki\/Wilson_Santos"],"honorificPrefix":"Sr","gender":"masculino","jobTitle":"Deputado Estadual","worksFor":"Assembleia Legislativa de Mato Grosso"},{"@type":"Person","@id":"https:\/\/wilsonsantosmt.com.br\/#\/schema\/person\/1d097ee45f526dd0455dbad8c679932c","name":"Samantha dos Anjos","image":{"@type":"ImageObject","inLanguage":"pt-BR","@id":"https:\/\/wilsonsantosmt.com.br\/#\/schema\/person\/image\/","url":"https:\/\/secure.gravatar.com\/avatar\/7d8d0b6dd67d134a9fa841bee90c57c7?s=96&d=mm&r=g","contentUrl":"https:\/\/secure.gravatar.com\/avatar\/7d8d0b6dd67d134a9fa841bee90c57c7?s=96&d=mm&r=g","caption":"Samantha dos Anjos"},"url":"https:\/\/wilsonsantosmt.com.br\/index.php\/author\/samantha-dos-anjos\/"}]}},"_links":{"self":[{"href":"https:\/\/wilsonsantosmt.com.br\/index.php\/wp-json\/wp\/v2\/posts\/1673"}],"collection":[{"href":"https:\/\/wilsonsantosmt.com.br\/index.php\/wp-json\/wp\/v2\/posts"}],"about":[{"href":"https:\/\/wilsonsantosmt.com.br\/index.php\/wp-json\/wp\/v2\/types\/post"}],"author":[{"embeddable":true,"href":"https:\/\/wilsonsantosmt.com.br\/index.php\/wp-json\/wp\/v2\/users\/4"}],"replies":[{"embeddable":true,"href":"https:\/\/wilsonsantosmt.com.br\/index.php\/wp-json\/wp\/v2\/comments?post=1673"}],"version-history":[{"count":1,"href":"https:\/\/wilsonsantosmt.com.br\/index.php\/wp-json\/wp\/v2\/posts\/1673\/revisions"}],"predecessor-version":[{"id":1676,"href":"https:\/\/wilsonsantosmt.com.br\/index.php\/wp-json\/wp\/v2\/posts\/1673\/revisions\/1676"}],"wp:featuredmedia":[{"embeddable":true,"href":"https:\/\/wilsonsantosmt.com.br\/index.php\/wp-json\/wp\/v2\/media\/1675"}],"wp:attachment":[{"href":"https:\/\/wilsonsantosmt.com.br\/index.php\/wp-json\/wp\/v2\/media?parent=1673"}],"wp:term":[{"taxonomy":"category","embeddable":true,"href":"https:\/\/wilsonsantosmt.com.br\/index.php\/wp-json\/wp\/v2\/categories?post=1673"},{"taxonomy":"post_tag","embeddable":true,"href":"https:\/\/wilsonsantosmt.com.br\/index.php\/wp-json\/wp\/v2\/tags?post=1673"}],"curies":[{"name":"wp","href":"https:\/\/api.w.org\/{rel}","templated":true}]}}