{"id":1680,"date":"2025-07-03T16:15:51","date_gmt":"2025-07-03T20:15:51","guid":{"rendered":"https:\/\/wilsonsantosmt.com.br\/?p=1680"},"modified":"2025-07-03T16:16:48","modified_gmt":"2025-07-03T20:16:48","slug":"wilson-santos-reconhece-o-bom-desempenho-de-alunos-das-escolas-civico-militares","status":"publish","type":"post","link":"https:\/\/wilsonsantosmt.com.br\/index.php\/2025\/07\/03\/wilson-santos-reconhece-o-bom-desempenho-de-alunos-das-escolas-civico-militares\/","title":{"rendered":"Wilson Santos reconhece o bom desempenho de alunos das escolas c\u00edvico-militares"},"content":{"rendered":"\n<p><\/p>\n\n\n\n<p>A Secretaria Estadual de Educa\u00e7\u00e3o (Seduc) anunciou, nesta quarta-feira (2), que j\u00e1 s\u00e3o 101 institui\u00e7\u00f5es da rede p\u00fablica de ensino funcionando sob o modelo c\u00edvico-militar, com gest\u00e3o compartilhada nas \u00e1reas educacional, did\u00e1tico-pedag\u00f3gica e administrativa, envolvendo o corpo docente de profissionais da educa\u00e7\u00e3o e o apoio de militares. Com a expans\u00e3o do n\u00famero de unidades em Mato Grosso, o deputado estadual Wilson Santos (PSD) avaliou positivamente esse avan\u00e7o, j\u00e1 que essas escolas t\u00eam se destacado pelo bom desempenho no \u00cdndice de Desenvolvimento da Educa\u00e7\u00e3o B\u00e1sica (Ideb).<\/p>\n\n\n\n<p>\u201c\u00c9 importante esclarecer que o conte\u00fado program\u00e1tico \u00e9 o mesmo, conforme o n\u00facleo b\u00e1sico da Lei de Diretrizes e Bases da Educa\u00e7\u00e3o Nacional (LDB), de 1996. N\u00e3o houve altera\u00e7\u00e3o no curr\u00edculo. O que muda \u00e9 a administra\u00e7\u00e3o da escola que passa a contar com militares da reserva. Eu sou um deputado que defende as escolas c\u00edvico-militares e respeito quem pensa de forma diferente. O Ideb das institui\u00e7\u00f5es de ensino c\u00edvico-militares \u00e9 bastante superior, com base em n\u00fameros e fatos concretos. O volume de aprendizado \u00e9 maior do que nas demais escolas da rede p\u00fablica. Aprendem-se mais, com disciplina e respeito \u00e0 hierarquia. Mesmo dentro de uma perspectiva plural, \u00e9 uma oferta adicional que \u00e9 feita \u00e0s fam\u00edlias\u201d, afirmou o parlamentar.<\/p>\n\n\n\n<p>Wilson Santos, que atuou por mais de 20 anos no magist\u00e9rio e atendeu cerca de 40 mil alunos, enfatizou que n\u00e3o \u00e9 contra essas escolas, sugerindo, no entanto, a realiza\u00e7\u00e3o de uma pesquisa ampla, para levantar dados cient\u00edficos e t\u00e9cnicos e avaliar o grau de interesse de estudantes, pais e respons\u00e1veis. Com base nos resultados, poss\u00edveis ajustes e corre\u00e7\u00f5es poderiam ser feitos. \u201cNingu\u00e9m \u00e9 obrigado a matricular seus filhos em escolas c\u00edvico-militares. Mas, se fizermos uma pesquisa hoje, eu garanto que mais de 80% dos pais de alunos aprovam esse modelo. N\u00e3o h\u00e1 imposi\u00e7\u00e3o. \u00c9 uma escolha livre e leg\u00edtima de cada fam\u00edlia\u201d, disse. <\/p>\n\n\n\n<p>De acordo com dados divulgados pelo Minist\u00e9rio da Educa\u00e7\u00e3o (MEC) e o Instituto Nacional de Estudos e Pesquisas Educacionais An\u00edsio Teixeira (Inep), em agosto de 2024, o Ideb de 2023 atestou o bom desempenho dos alunos das escolas c\u00edvico-militares de Sinop, Juara, Nova Mutum, Sorriso, Lucas do Rio Verde, Cuiab\u00e1, Matup\u00e1, Tangar\u00e1 da Serra e Rondon\u00f3polis por meio do Sistema de Avalia\u00e7\u00e3o da Educa\u00e7\u00e3o B\u00e1sica (Saeb).<\/p>\n","protected":false},"excerpt":{"rendered":"<p>A Secretaria Estadual de Educa\u00e7\u00e3o (Seduc) anunciou, nesta quarta-feira (2), que j\u00e1 s\u00e3o 101 institui\u00e7\u00f5es da rede p\u00fablica de ensino funcionando sob o modelo c\u00edvico-militar, com gest\u00e3o compartilhada nas \u00e1reas educacional, did\u00e1tico-pedag\u00f3gica e administrativa, envolvendo o corpo docente de profissionais da educa\u00e7\u00e3o e o apoio de militares. Com a expans\u00e3o do n\u00famero de unidades em [&hellip;]<\/p>\n","protected":false},"author":4,"featured_media":1681,"comment_status":"closed","ping_status":"open","sticky":false,"template":"","format":"standard","meta":{"footnotes":""},"categories":[13],"tags":[],"yoast_head":"<!-- This site is optimized with the Yoast SEO Premium plugin v21.5 (Yoast SEO v21.4) - https:\/\/yoast.com\/wordpress\/plugins\/seo\/ -->\n<title>Wilson Santos reconhece o bom desempenho de alunos das escolas c\u00edvico-militares - wilsonsantosmt.com.br<\/title>\n<meta name=\"robots\" content=\"index, follow, max-snippet:-1, max-image-preview:large, max-video-preview:-1\" \/>\n<link rel=\"canonical\" href=\"https:\/\/wilsonsantosmt.com.br\/index.php\/2025\/07\/03\/wilson-santos-reconhece-o-bom-desempenho-de-alunos-das-escolas-civico-militares\/\" \/>\n<meta property=\"og:locale\" content=\"pt_BR\" \/>\n<meta property=\"og:type\" content=\"article\" \/>\n<meta property=\"og:title\" content=\"Wilson Santos reconhece o bom desempenho de alunos das escolas c\u00edvico-militares\" \/>\n<meta property=\"og:description\" content=\"A Secretaria Estadual de Educa\u00e7\u00e3o (Seduc) anunciou, nesta quarta-feira (2), que j\u00e1 s\u00e3o 101 institui\u00e7\u00f5es da rede p\u00fablica de ensino funcionando sob o modelo c\u00edvico-militar, com gest\u00e3o compartilhada nas \u00e1reas educacional, did\u00e1tico-pedag\u00f3gica e administrativa, envolvendo o corpo docente de profissionais da educa\u00e7\u00e3o e o apoio de militares. Com a expans\u00e3o do n\u00famero de unidades em [&hellip;]\" \/>\n<meta property=\"og:url\" content=\"https:\/\/wilsonsantosmt.com.br\/index.php\/2025\/07\/03\/wilson-santos-reconhece-o-bom-desempenho-de-alunos-das-escolas-civico-militares\/\" \/>\n<meta property=\"og:site_name\" content=\"wilsonsantosmt.com.br\" \/>\n<meta property=\"article:publisher\" content=\"https:\/\/www.facebook.com\/WilsonSantosMT\/\" \/>\n<meta property=\"article:published_time\" content=\"2025-07-03T20:15:51+00:00\" \/>\n<meta property=\"article:modified_time\" content=\"2025-07-03T20:16:48+00:00\" \/>\n<meta property=\"og:image\" content=\"http:\/\/wilsonsantosmt.com.br\/wp-content\/uploads\/2025\/07\/335fcc776116bd0f9d0b4e03b2ded751683b47a6c1a1b-1.jpg\" \/>\n\t<meta property=\"og:image:width\" content=\"1600\" \/>\n\t<meta property=\"og:image:height\" content=\"1067\" \/>\n\t<meta property=\"og:image:type\" content=\"image\/jpeg\" \/>\n<meta name=\"author\" content=\"Samantha dos Anjos\" \/>\n<meta name=\"twitter:card\" content=\"summary_large_image\" \/>\n<meta name=\"twitter:label1\" content=\"Escrito por\" \/>\n\t<meta name=\"twitter:data1\" content=\"Samantha dos Anjos\" \/>\n\t<meta name=\"twitter:label2\" content=\"Est. tempo de leitura\" \/>\n\t<meta name=\"twitter:data2\" content=\"3 minutos\" \/>\n<script type=\"application\/ld+json\" class=\"yoast-schema-graph\">{\"@context\":\"https:\/\/schema.org\",\"@graph\":[{\"@type\":\"Article\",\"@id\":\"https:\/\/wilsonsantosmt.com.br\/index.php\/2025\/07\/03\/wilson-santos-reconhece-o-bom-desempenho-de-alunos-das-escolas-civico-militares\/#article\",\"isPartOf\":{\"@id\":\"https:\/\/wilsonsantosmt.com.br\/index.php\/2025\/07\/03\/wilson-santos-reconhece-o-bom-desempenho-de-alunos-das-escolas-civico-militares\/\"},\"author\":{\"name\":\"Samantha dos Anjos\",\"@id\":\"https:\/\/wilsonsantosmt.com.br\/#\/schema\/person\/1d097ee45f526dd0455dbad8c679932c\"},\"headline\":\"Wilson Santos reconhece o bom desempenho de alunos das escolas c\u00edvico-militares\",\"datePublished\":\"2025-07-03T20:15:51+00:00\",\"dateModified\":\"2025-07-03T20:16:48+00:00\",\"mainEntityOfPage\":{\"@id\":\"https:\/\/wilsonsantosmt.com.br\/index.php\/2025\/07\/03\/wilson-santos-reconhece-o-bom-desempenho-de-alunos-das-escolas-civico-militares\/\"},\"wordCount\":420,\"publisher\":{\"@id\":\"https:\/\/wilsonsantosmt.com.br\/#\/schema\/person\/9de3c54961637a9eadb16bcbf895b1ef\"},\"articleSection\":[\"Not\u00edcias\"],\"inLanguage\":\"pt-BR\"},{\"@type\":\"WebPage\",\"@id\":\"https:\/\/wilsonsantosmt.com.br\/index.php\/2025\/07\/03\/wilson-santos-reconhece-o-bom-desempenho-de-alunos-das-escolas-civico-militares\/\",\"url\":\"https:\/\/wilsonsantosmt.com.br\/index.php\/2025\/07\/03\/wilson-santos-reconhece-o-bom-desempenho-de-alunos-das-escolas-civico-militares\/\",\"name\":\"Wilson Santos reconhece o bom desempenho de alunos das escolas c\u00edvico-militares - wilsonsantosmt.com.br\",\"isPartOf\":{\"@id\":\"https:\/\/wilsonsantosmt.com.br\/#website\"},\"datePublished\":\"2025-07-03T20:15:51+00:00\",\"dateModified\":\"2025-07-03T20:16:48+00:00\",\"breadcrumb\":{\"@id\":\"https:\/\/wilsonsantosmt.com.br\/index.php\/2025\/07\/03\/wilson-santos-reconhece-o-bom-desempenho-de-alunos-das-escolas-civico-militares\/#breadcrumb\"},\"inLanguage\":\"pt-BR\",\"potentialAction\":[{\"@type\":\"ReadAction\",\"target\":[\"https:\/\/wilsonsantosmt.com.br\/index.php\/2025\/07\/03\/wilson-santos-reconhece-o-bom-desempenho-de-alunos-das-escolas-civico-militares\/\"]}]},{\"@type\":\"BreadcrumbList\",\"@id\":\"https:\/\/wilsonsantosmt.com.br\/index.php\/2025\/07\/03\/wilson-santos-reconhece-o-bom-desempenho-de-alunos-das-escolas-civico-militares\/#breadcrumb\",\"itemListElement\":[{\"@type\":\"ListItem\",\"position\":1,\"name\":\"In\u00edcio\",\"item\":\"https:\/\/wilsonsantosmt.com.br\/\"},{\"@type\":\"ListItem\",\"position\":2,\"name\":\"Not\u00edcias\",\"item\":\"https:\/\/wilsonsantosmt.com.br\/index.php\/category\/noticias\/\"},{\"@type\":\"ListItem\",\"position\":3,\"name\":\"Wilson Santos reconhece o bom desempenho de alunos das escolas c\u00edvico-militares\"}]},{\"@type\":\"WebSite\",\"@id\":\"https:\/\/wilsonsantosmt.com.br\/#website\",\"url\":\"https:\/\/wilsonsantosmt.com.br\/\",\"name\":\"wilsonsantosmt.com.br\",\"description\":\"\",\"publisher\":{\"@id\":\"https:\/\/wilsonsantosmt.com.br\/#\/schema\/person\/9de3c54961637a9eadb16bcbf895b1ef\"},\"potentialAction\":[{\"@type\":\"SearchAction\",\"target\":{\"@type\":\"EntryPoint\",\"urlTemplate\":\"https:\/\/wilsonsantosmt.com.br\/?s={search_term_string}\"},\"query-input\":\"required name=search_term_string\"}],\"inLanguage\":\"pt-BR\"},{\"@type\":[\"Person\",\"Organization\"],\"@id\":\"https:\/\/wilsonsantosmt.com.br\/#\/schema\/person\/9de3c54961637a9eadb16bcbf895b1ef\",\"name\":\"Wilson Santos\",\"image\":{\"@type\":\"ImageObject\",\"inLanguage\":\"pt-BR\",\"@id\":\"https:\/\/wilsonsantosmt.com.br\/#\/schema\/person\/image\/\",\"url\":\"https:\/\/wilsonsantosmt.com.br\/wp-content\/uploads\/2023\/11\/310828673_653254583023360_8795459643194608438_n.jpg\",\"contentUrl\":\"https:\/\/wilsonsantosmt.com.br\/wp-content\/uploads\/2023\/11\/310828673_653254583023360_8795459643194608438_n.jpg\",\"width\":1078,\"height\":1079,\"caption\":\"Wilson Santos\"},\"logo\":{\"@id\":\"https:\/\/wilsonsantosmt.com.br\/#\/schema\/person\/image\/\"},\"sameAs\":[\"http:\/\/wilsonsantosmt.com.br\",\"https:\/\/www.facebook.com\/WilsonSantosMT\/\",\"https:\/\/www.instagram.com\/wilsonsantosmt\/\",\"https:\/\/www.youtube.com\/@WilsonSantosWS\/videos\",\"https:\/\/pt.wikipedia.org\/wiki\/Wilson_Santos\"],\"honorificPrefix\":\"Sr\",\"gender\":\"masculino\",\"jobTitle\":\"Deputado Estadual\",\"worksFor\":\"Assembleia Legislativa de Mato Grosso\"},{\"@type\":\"Person\",\"@id\":\"https:\/\/wilsonsantosmt.com.br\/#\/schema\/person\/1d097ee45f526dd0455dbad8c679932c\",\"name\":\"Samantha dos Anjos\",\"image\":{\"@type\":\"ImageObject\",\"inLanguage\":\"pt-BR\",\"@id\":\"https:\/\/wilsonsantosmt.com.br\/#\/schema\/person\/image\/\",\"url\":\"https:\/\/secure.gravatar.com\/avatar\/7d8d0b6dd67d134a9fa841bee90c57c7?s=96&d=mm&r=g\",\"contentUrl\":\"https:\/\/secure.gravatar.com\/avatar\/7d8d0b6dd67d134a9fa841bee90c57c7?s=96&d=mm&r=g\",\"caption\":\"Samantha dos Anjos\"},\"url\":\"https:\/\/wilsonsantosmt.com.br\/index.php\/author\/samantha-dos-anjos\/\"}]}<\/script>\n<!-- \/ Yoast SEO Premium plugin. -->","yoast_head_json":{"title":"Wilson Santos reconhece o bom desempenho de alunos das escolas c\u00edvico-militares - wilsonsantosmt.com.br","robots":{"index":"index","follow":"follow","max-snippet":"max-snippet:-1","max-image-preview":"max-image-preview:large","max-video-preview":"max-video-preview:-1"},"canonical":"https:\/\/wilsonsantosmt.com.br\/index.php\/2025\/07\/03\/wilson-santos-reconhece-o-bom-desempenho-de-alunos-das-escolas-civico-militares\/","og_locale":"pt_BR","og_type":"article","og_title":"Wilson Santos reconhece o bom desempenho de alunos das escolas c\u00edvico-militares","og_description":"A Secretaria Estadual de Educa\u00e7\u00e3o (Seduc) anunciou, nesta quarta-feira (2), que j\u00e1 s\u00e3o 101 institui\u00e7\u00f5es da rede p\u00fablica de ensino funcionando sob o modelo c\u00edvico-militar, com gest\u00e3o compartilhada nas \u00e1reas educacional, did\u00e1tico-pedag\u00f3gica e administrativa, envolvendo o corpo docente de profissionais da educa\u00e7\u00e3o e o apoio de militares. Com a expans\u00e3o do n\u00famero de unidades em [&hellip;]","og_url":"https:\/\/wilsonsantosmt.com.br\/index.php\/2025\/07\/03\/wilson-santos-reconhece-o-bom-desempenho-de-alunos-das-escolas-civico-militares\/","og_site_name":"wilsonsantosmt.com.br","article_publisher":"https:\/\/www.facebook.com\/WilsonSantosMT\/","article_published_time":"2025-07-03T20:15:51+00:00","article_modified_time":"2025-07-03T20:16:48+00:00","og_image":[{"width":1600,"height":1067,"url":"http:\/\/wilsonsantosmt.com.br\/wp-content\/uploads\/2025\/07\/335fcc776116bd0f9d0b4e03b2ded751683b47a6c1a1b-1.jpg","type":"image\/jpeg"}],"author":"Samantha dos Anjos","twitter_card":"summary_large_image","twitter_misc":{"Escrito por":"Samantha dos Anjos","Est. tempo de leitura":"3 minutos"},"schema":{"@context":"https:\/\/schema.org","@graph":[{"@type":"Article","@id":"https:\/\/wilsonsantosmt.com.br\/index.php\/2025\/07\/03\/wilson-santos-reconhece-o-bom-desempenho-de-alunos-das-escolas-civico-militares\/#article","isPartOf":{"@id":"https:\/\/wilsonsantosmt.com.br\/index.php\/2025\/07\/03\/wilson-santos-reconhece-o-bom-desempenho-de-alunos-das-escolas-civico-militares\/"},"author":{"name":"Samantha dos Anjos","@id":"https:\/\/wilsonsantosmt.com.br\/#\/schema\/person\/1d097ee45f526dd0455dbad8c679932c"},"headline":"Wilson Santos reconhece o bom desempenho de alunos das escolas c\u00edvico-militares","datePublished":"2025-07-03T20:15:51+00:00","dateModified":"2025-07-03T20:16:48+00:00","mainEntityOfPage":{"@id":"https:\/\/wilsonsantosmt.com.br\/index.php\/2025\/07\/03\/wilson-santos-reconhece-o-bom-desempenho-de-alunos-das-escolas-civico-militares\/"},"wordCount":420,"publisher":{"@id":"https:\/\/wilsonsantosmt.com.br\/#\/schema\/person\/9de3c54961637a9eadb16bcbf895b1ef"},"articleSection":["Not\u00edcias"],"inLanguage":"pt-BR"},{"@type":"WebPage","@id":"https:\/\/wilsonsantosmt.com.br\/index.php\/2025\/07\/03\/wilson-santos-reconhece-o-bom-desempenho-de-alunos-das-escolas-civico-militares\/","url":"https:\/\/wilsonsantosmt.com.br\/index.php\/2025\/07\/03\/wilson-santos-reconhece-o-bom-desempenho-de-alunos-das-escolas-civico-militares\/","name":"Wilson Santos reconhece o bom desempenho de alunos das escolas c\u00edvico-militares - wilsonsantosmt.com.br","isPartOf":{"@id":"https:\/\/wilsonsantosmt.com.br\/#website"},"datePublished":"2025-07-03T20:15:51+00:00","dateModified":"2025-07-03T20:16:48+00:00","breadcrumb":{"@id":"https:\/\/wilsonsantosmt.com.br\/index.php\/2025\/07\/03\/wilson-santos-reconhece-o-bom-desempenho-de-alunos-das-escolas-civico-militares\/#breadcrumb"},"inLanguage":"pt-BR","potentialAction":[{"@type":"ReadAction","target":["https:\/\/wilsonsantosmt.com.br\/index.php\/2025\/07\/03\/wilson-santos-reconhece-o-bom-desempenho-de-alunos-das-escolas-civico-militares\/"]}]},{"@type":"BreadcrumbList","@id":"https:\/\/wilsonsantosmt.com.br\/index.php\/2025\/07\/03\/wilson-santos-reconhece-o-bom-desempenho-de-alunos-das-escolas-civico-militares\/#breadcrumb","itemListElement":[{"@type":"ListItem","position":1,"name":"In\u00edcio","item":"https:\/\/wilsonsantosmt.com.br\/"},{"@type":"ListItem","position":2,"name":"Not\u00edcias","item":"https:\/\/wilsonsantosmt.com.br\/index.php\/category\/noticias\/"},{"@type":"ListItem","position":3,"name":"Wilson Santos reconhece o bom desempenho de alunos das escolas c\u00edvico-militares"}]},{"@type":"WebSite","@id":"https:\/\/wilsonsantosmt.com.br\/#website","url":"https:\/\/wilsonsantosmt.com.br\/","name":"wilsonsantosmt.com.br","description":"","publisher":{"@id":"https:\/\/wilsonsantosmt.com.br\/#\/schema\/person\/9de3c54961637a9eadb16bcbf895b1ef"},"potentialAction":[{"@type":"SearchAction","target":{"@type":"EntryPoint","urlTemplate":"https:\/\/wilsonsantosmt.com.br\/?s={search_term_string}"},"query-input":"required name=search_term_string"}],"inLanguage":"pt-BR"},{"@type":["Person","Organization"],"@id":"https:\/\/wilsonsantosmt.com.br\/#\/schema\/person\/9de3c54961637a9eadb16bcbf895b1ef","name":"Wilson Santos","image":{"@type":"ImageObject","inLanguage":"pt-BR","@id":"https:\/\/wilsonsantosmt.com.br\/#\/schema\/person\/image\/","url":"https:\/\/wilsonsantosmt.com.br\/wp-content\/uploads\/2023\/11\/310828673_653254583023360_8795459643194608438_n.jpg","contentUrl":"https:\/\/wilsonsantosmt.com.br\/wp-content\/uploads\/2023\/11\/310828673_653254583023360_8795459643194608438_n.jpg","width":1078,"height":1079,"caption":"Wilson Santos"},"logo":{"@id":"https:\/\/wilsonsantosmt.com.br\/#\/schema\/person\/image\/"},"sameAs":["http:\/\/wilsonsantosmt.com.br","https:\/\/www.facebook.com\/WilsonSantosMT\/","https:\/\/www.instagram.com\/wilsonsantosmt\/","https:\/\/www.youtube.com\/@WilsonSantosWS\/videos","https:\/\/pt.wikipedia.org\/wiki\/Wilson_Santos"],"honorificPrefix":"Sr","gender":"masculino","jobTitle":"Deputado Estadual","worksFor":"Assembleia Legislativa de Mato Grosso"},{"@type":"Person","@id":"https:\/\/wilsonsantosmt.com.br\/#\/schema\/person\/1d097ee45f526dd0455dbad8c679932c","name":"Samantha dos Anjos","image":{"@type":"ImageObject","inLanguage":"pt-BR","@id":"https:\/\/wilsonsantosmt.com.br\/#\/schema\/person\/image\/","url":"https:\/\/secure.gravatar.com\/avatar\/7d8d0b6dd67d134a9fa841bee90c57c7?s=96&d=mm&r=g","contentUrl":"https:\/\/secure.gravatar.com\/avatar\/7d8d0b6dd67d134a9fa841bee90c57c7?s=96&d=mm&r=g","caption":"Samantha dos Anjos"},"url":"https:\/\/wilsonsantosmt.com.br\/index.php\/author\/samantha-dos-anjos\/"}]}},"_links":{"self":[{"href":"https:\/\/wilsonsantosmt.com.br\/index.php\/wp-json\/wp\/v2\/posts\/1680"}],"collection":[{"href":"https:\/\/wilsonsantosmt.com.br\/index.php\/wp-json\/wp\/v2\/posts"}],"about":[{"href":"https:\/\/wilsonsantosmt.com.br\/index.php\/wp-json\/wp\/v2\/types\/post"}],"author":[{"embeddable":true,"href":"https:\/\/wilsonsantosmt.com.br\/index.php\/wp-json\/wp\/v2\/users\/4"}],"replies":[{"embeddable":true,"href":"https:\/\/wilsonsantosmt.com.br\/index.php\/wp-json\/wp\/v2\/comments?post=1680"}],"version-history":[{"count":2,"href":"https:\/\/wilsonsantosmt.com.br\/index.php\/wp-json\/wp\/v2\/posts\/1680\/revisions"}],"predecessor-version":[{"id":1683,"href":"https:\/\/wilsonsantosmt.com.br\/index.php\/wp-json\/wp\/v2\/posts\/1680\/revisions\/1683"}],"wp:featuredmedia":[{"embeddable":true,"href":"https:\/\/wilsonsantosmt.com.br\/index.php\/wp-json\/wp\/v2\/media\/1681"}],"wp:attachment":[{"href":"https:\/\/wilsonsantosmt.com.br\/index.php\/wp-json\/wp\/v2\/media?parent=1680"}],"wp:term":[{"taxonomy":"category","embeddable":true,"href":"https:\/\/wilsonsantosmt.com.br\/index.php\/wp-json\/wp\/v2\/categories?post=1680"},{"taxonomy":"post_tag","embeddable":true,"href":"https:\/\/wilsonsantosmt.com.br\/index.php\/wp-json\/wp\/v2\/tags?post=1680"}],"curies":[{"name":"wp","href":"https:\/\/api.w.org\/{rel}","templated":true}]}}