{"id":1687,"date":"2025-07-08T04:56:00","date_gmt":"2025-07-08T08:56:00","guid":{"rendered":"https:\/\/wilsonsantosmt.com.br\/?p=1687"},"modified":"2025-07-08T16:57:45","modified_gmt":"2025-07-08T20:57:45","slug":"favaro-aceita-pedido-de-wilson-santos-e-confirma-recursos-para-desapropriacao-do-contorno-leste","status":"publish","type":"post","link":"https:\/\/wilsonsantosmt.com.br\/index.php\/2025\/07\/08\/favaro-aceita-pedido-de-wilson-santos-e-confirma-recursos-para-desapropriacao-do-contorno-leste\/","title":{"rendered":"F\u00e1varo aceita pedido de Wilson Santos e confirma recursos para desapropria\u00e7\u00e3o do Contorno Leste"},"content":{"rendered":"\n<p><\/p>\n\n\n\n<p>Ap\u00f3s a apresenta\u00e7\u00e3o do Projeto de Lei n.\u00ba 1.142\/2025, que trata da desapropria\u00e7\u00e3o de \u00e1reas ocupadas por fam\u00edlias nos bairros Itacarambi, Jo\u00e3o Pinto e Raiz Petr\u00f3leo, localizados no Contorno Leste &#8211; em Cuiab\u00e1, o deputado estadual Wilson Santos (PSD) articulou, nesta segunda-feira (7), a aquisi\u00e7\u00e3o dos terrenos com o senador licenciado e ministro da Agricultura, Carlos F\u00e1varo (PSD). O pedido foi aceito, com a indica\u00e7\u00e3o de emendas parlamentares no valor de R$ 18 milh\u00f5es, montante estimado da \u00e1rea, onde vivem mais de cinco mil pessoas h\u00e1 cerca de tr\u00eas anos.<\/p>\n\n\n\n<p>O parlamentar, que preside a C\u00e2mara Setorial Tem\u00e1tica (CST) da Moradia Popular na Assembleia Legislativa, destacou que a cria\u00e7\u00e3o de loteamentos populares \u00e9 uma solu\u00e7\u00e3o eficaz para garantir o direito \u00e0 moradia. Ele tamb\u00e9m reconheceu o trabalho de F\u00e1varo em favor de obras habitacionais, como no munic\u00edpio de Tapurah. \u201cGostaria de fazer um pedido ao senador para ajudar o prefeito Ab\u00edlio, que j\u00e1 manifestou, inclusive em ato com cerca de 800 pessoas do Contorno Leste, que se tivesse os R$ 18 milh\u00f5es, faria a desapropria\u00e7\u00e3o. \u00c9 poss\u00edvel sonhar com uma parte desta emenda do senhor para ajudar a gest\u00e3o municipal?\u201d, questionou ao senador.<\/p>\n\n\n\n<p>F\u00e1varo respondeu que o Congresso est\u00e1 fortalecido em rela\u00e7\u00e3o \u00e0 execu\u00e7\u00e3o or\u00e7ament\u00e1ria, mas destacou a import\u00e2ncia de regras e transpar\u00eancia na libera\u00e7\u00e3o de recursos. \u201cN\u00e3o se trata de dar um cheque em branco, mas quem vive na ponta e os parlamentares conhece as verdadeiras demandas e pode ajudar as pol\u00edticas p\u00fablicas a se concretizarem. Com respeito ao dinheiro p\u00fablico, n\u00e3o vejo problema algum em destinar parte do or\u00e7amento para resolver essa quest\u00e3o\u201d, explicou.<\/p>\n\n\n\n<p>O ministro afirmou ainda que, em seus seis anos no Congresso Nacional, j\u00e1 destinou cerca de R$ 700 milh\u00f5es em emendas para diferentes \u00e1reas. E completou que trouxe importantes recursos para obras estruturantes ao estado de Mato Grosso. \u201cE quero dizer que est\u00e1 topado o desafio. Temos condi\u00e7\u00f5es de destinar os R$ 18 milh\u00f5es em emenda parlamentar e levar dignidade para essas fam\u00edlias de Cuiab\u00e1. Se a prefeitura concordar, vamos colocar o recurso\u201d, ressaltou.<\/p>\n\n\n\n<p>Wilson Santos, que j\u00e1 havia se reunido com o prefeito de Cuiab\u00e1, Ab\u00edlio Brunini (PL), em mar\u00e7o e novamente no final de junho para tratar sobre o assunto, j\u00e1 havia anunciado a destina\u00e7\u00e3o de R$ 3 milh\u00f5es em emendas de sua autoria para o pr\u00f3ximo ano. Ele tamb\u00e9m se comprometeu a articular apoio de outros deputados estaduais e da bancada federal de Mato Grosso para completar o valor necess\u00e1rio.<\/p>\n\n\n\n<p>\u201cAs elei\u00e7\u00f5es passaram. Agora \u00e9 hora de todos unirem for\u00e7as para ajudar a cidade. Vamos organizar uma recep\u00e7\u00e3o ao senador F\u00e1varo e tratar do assunto com responsabilidade e transpar\u00eancia. O prefeito disse na pra\u00e7a Alencastro que aceitava a desapropria\u00e7\u00e3o, mas que n\u00e3o tinha dinheiro. Eu disse que ir\u00edamos atr\u00e1s dos recursos e, agora, esperamos que ele mantenha essa posi\u00e7\u00e3o. Podemos levar muita alegria para aquelas fam\u00edlias. J\u00e1 at\u00e9 sugeri o nome do novo bairro: Jardim Pastor Sebasti\u00e3o, em homenagem ao av\u00f4 do prefeito Ab\u00edlio\u201d, relatou o parlamentar.<\/p>\n\n\n\n<p>Com hist\u00f3rico reconhecido na pol\u00edtica habitacional desde a d\u00e9cada de 1980, Wilson Santos j\u00e1 participou da funda\u00e7\u00e3o de mais de 30 bairros em Cuiab\u00e1. Em rela\u00e7\u00e3o a \u00e1rea do Contorno Leste, o juiz da 2\u00aa Vara C\u00edvel Especializada em Direito Agr\u00e1rio de Cuiab\u00e1, Carlos Roberto Barros de Campos, reconheceu a posse legal, cont\u00ednua e justa dos propriet\u00e1rios, o que coloca as fam\u00edlias ocupantes das \u00e1reas em risco iminente de despejo.<\/p>\n","protected":false},"excerpt":{"rendered":"<p>Ap\u00f3s a apresenta\u00e7\u00e3o do Projeto de Lei n.\u00ba 1.142\/2025, que trata da desapropria\u00e7\u00e3o de \u00e1reas ocupadas por fam\u00edlias nos bairros Itacarambi, Jo\u00e3o Pinto e Raiz Petr\u00f3leo, localizados no Contorno Leste &#8211; em Cuiab\u00e1, o deputado estadual Wilson Santos (PSD) articulou, nesta segunda-feira (7), a aquisi\u00e7\u00e3o dos terrenos com o senador licenciado e ministro da Agricultura, [&hellip;]<\/p>\n","protected":false},"author":4,"featured_media":1688,"comment_status":"closed","ping_status":"open","sticky":false,"template":"","format":"standard","meta":{"footnotes":""},"categories":[13],"tags":[],"yoast_head":"<!-- This site is optimized with the Yoast SEO Premium plugin v21.5 (Yoast SEO v21.4) - https:\/\/yoast.com\/wordpress\/plugins\/seo\/ -->\n<title>F\u00e1varo aceita pedido de Wilson Santos e confirma recursos para desapropria\u00e7\u00e3o do Contorno Leste - wilsonsantosmt.com.br<\/title>\n<meta name=\"robots\" content=\"index, follow, max-snippet:-1, max-image-preview:large, max-video-preview:-1\" \/>\n<link rel=\"canonical\" href=\"https:\/\/wilsonsantosmt.com.br\/index.php\/2025\/07\/08\/favaro-aceita-pedido-de-wilson-santos-e-confirma-recursos-para-desapropriacao-do-contorno-leste\/\" \/>\n<meta property=\"og:locale\" content=\"pt_BR\" \/>\n<meta property=\"og:type\" content=\"article\" \/>\n<meta property=\"og:title\" content=\"F\u00e1varo aceita pedido de Wilson Santos e confirma recursos para desapropria\u00e7\u00e3o do Contorno Leste\" \/>\n<meta property=\"og:description\" content=\"Ap\u00f3s a apresenta\u00e7\u00e3o do Projeto de Lei n.\u00ba 1.142\/2025, que trata da desapropria\u00e7\u00e3o de \u00e1reas ocupadas por fam\u00edlias nos bairros Itacarambi, Jo\u00e3o Pinto e Raiz Petr\u00f3leo, localizados no Contorno Leste &#8211; em Cuiab\u00e1, o deputado estadual Wilson Santos (PSD) articulou, nesta segunda-feira (7), a aquisi\u00e7\u00e3o dos terrenos com o senador licenciado e ministro da Agricultura, [&hellip;]\" \/>\n<meta property=\"og:url\" content=\"https:\/\/wilsonsantosmt.com.br\/index.php\/2025\/07\/08\/favaro-aceita-pedido-de-wilson-santos-e-confirma-recursos-para-desapropriacao-do-contorno-leste\/\" \/>\n<meta property=\"og:site_name\" content=\"wilsonsantosmt.com.br\" \/>\n<meta property=\"article:publisher\" content=\"https:\/\/www.facebook.com\/WilsonSantosMT\/\" \/>\n<meta property=\"article:published_time\" content=\"2025-07-08T08:56:00+00:00\" \/>\n<meta property=\"article:modified_time\" content=\"2025-07-08T20:57:45+00:00\" \/>\n<meta property=\"og:image\" content=\"http:\/\/wilsonsantosmt.com.br\/wp-content\/uploads\/2025\/07\/WhatsApp-Image-2025-07-08-at-10.29.50.jpeg\" \/>\n\t<meta property=\"og:image:width\" content=\"944\" \/>\n\t<meta property=\"og:image:height\" content=\"670\" \/>\n\t<meta property=\"og:image:type\" content=\"image\/jpeg\" \/>\n<meta name=\"author\" content=\"Samantha dos Anjos\" \/>\n<meta name=\"twitter:card\" content=\"summary_large_image\" \/>\n<meta name=\"twitter:label1\" content=\"Escrito por\" \/>\n\t<meta name=\"twitter:data1\" content=\"Samantha dos Anjos\" \/>\n\t<meta name=\"twitter:label2\" content=\"Est. tempo de leitura\" \/>\n\t<meta name=\"twitter:data2\" content=\"4 minutos\" \/>\n<script type=\"application\/ld+json\" class=\"yoast-schema-graph\">{\"@context\":\"https:\/\/schema.org\",\"@graph\":[{\"@type\":\"Article\",\"@id\":\"https:\/\/wilsonsantosmt.com.br\/index.php\/2025\/07\/08\/favaro-aceita-pedido-de-wilson-santos-e-confirma-recursos-para-desapropriacao-do-contorno-leste\/#article\",\"isPartOf\":{\"@id\":\"https:\/\/wilsonsantosmt.com.br\/index.php\/2025\/07\/08\/favaro-aceita-pedido-de-wilson-santos-e-confirma-recursos-para-desapropriacao-do-contorno-leste\/\"},\"author\":{\"name\":\"Samantha dos Anjos\",\"@id\":\"https:\/\/wilsonsantosmt.com.br\/#\/schema\/person\/1d097ee45f526dd0455dbad8c679932c\"},\"headline\":\"F\u00e1varo aceita pedido de Wilson Santos e confirma recursos para desapropria\u00e7\u00e3o do Contorno Leste\",\"datePublished\":\"2025-07-08T08:56:00+00:00\",\"dateModified\":\"2025-07-08T20:57:45+00:00\",\"mainEntityOfPage\":{\"@id\":\"https:\/\/wilsonsantosmt.com.br\/index.php\/2025\/07\/08\/favaro-aceita-pedido-de-wilson-santos-e-confirma-recursos-para-desapropriacao-do-contorno-leste\/\"},\"wordCount\":639,\"publisher\":{\"@id\":\"https:\/\/wilsonsantosmt.com.br\/#\/schema\/person\/9de3c54961637a9eadb16bcbf895b1ef\"},\"articleSection\":[\"Not\u00edcias\"],\"inLanguage\":\"pt-BR\"},{\"@type\":\"WebPage\",\"@id\":\"https:\/\/wilsonsantosmt.com.br\/index.php\/2025\/07\/08\/favaro-aceita-pedido-de-wilson-santos-e-confirma-recursos-para-desapropriacao-do-contorno-leste\/\",\"url\":\"https:\/\/wilsonsantosmt.com.br\/index.php\/2025\/07\/08\/favaro-aceita-pedido-de-wilson-santos-e-confirma-recursos-para-desapropriacao-do-contorno-leste\/\",\"name\":\"F\u00e1varo aceita pedido de Wilson Santos e confirma recursos para desapropria\u00e7\u00e3o do Contorno Leste - wilsonsantosmt.com.br\",\"isPartOf\":{\"@id\":\"https:\/\/wilsonsantosmt.com.br\/#website\"},\"datePublished\":\"2025-07-08T08:56:00+00:00\",\"dateModified\":\"2025-07-08T20:57:45+00:00\",\"breadcrumb\":{\"@id\":\"https:\/\/wilsonsantosmt.com.br\/index.php\/2025\/07\/08\/favaro-aceita-pedido-de-wilson-santos-e-confirma-recursos-para-desapropriacao-do-contorno-leste\/#breadcrumb\"},\"inLanguage\":\"pt-BR\",\"potentialAction\":[{\"@type\":\"ReadAction\",\"target\":[\"https:\/\/wilsonsantosmt.com.br\/index.php\/2025\/07\/08\/favaro-aceita-pedido-de-wilson-santos-e-confirma-recursos-para-desapropriacao-do-contorno-leste\/\"]}]},{\"@type\":\"BreadcrumbList\",\"@id\":\"https:\/\/wilsonsantosmt.com.br\/index.php\/2025\/07\/08\/favaro-aceita-pedido-de-wilson-santos-e-confirma-recursos-para-desapropriacao-do-contorno-leste\/#breadcrumb\",\"itemListElement\":[{\"@type\":\"ListItem\",\"position\":1,\"name\":\"In\u00edcio\",\"item\":\"https:\/\/wilsonsantosmt.com.br\/\"},{\"@type\":\"ListItem\",\"position\":2,\"name\":\"Not\u00edcias\",\"item\":\"https:\/\/wilsonsantosmt.com.br\/index.php\/category\/noticias\/\"},{\"@type\":\"ListItem\",\"position\":3,\"name\":\"F\u00e1varo aceita pedido de Wilson Santos e confirma recursos para desapropria\u00e7\u00e3o do Contorno Leste\"}]},{\"@type\":\"WebSite\",\"@id\":\"https:\/\/wilsonsantosmt.com.br\/#website\",\"url\":\"https:\/\/wilsonsantosmt.com.br\/\",\"name\":\"wilsonsantosmt.com.br\",\"description\":\"\",\"publisher\":{\"@id\":\"https:\/\/wilsonsantosmt.com.br\/#\/schema\/person\/9de3c54961637a9eadb16bcbf895b1ef\"},\"potentialAction\":[{\"@type\":\"SearchAction\",\"target\":{\"@type\":\"EntryPoint\",\"urlTemplate\":\"https:\/\/wilsonsantosmt.com.br\/?s={search_term_string}\"},\"query-input\":\"required name=search_term_string\"}],\"inLanguage\":\"pt-BR\"},{\"@type\":[\"Person\",\"Organization\"],\"@id\":\"https:\/\/wilsonsantosmt.com.br\/#\/schema\/person\/9de3c54961637a9eadb16bcbf895b1ef\",\"name\":\"Wilson Santos\",\"image\":{\"@type\":\"ImageObject\",\"inLanguage\":\"pt-BR\",\"@id\":\"https:\/\/wilsonsantosmt.com.br\/#\/schema\/person\/image\/\",\"url\":\"https:\/\/wilsonsantosmt.com.br\/wp-content\/uploads\/2023\/11\/310828673_653254583023360_8795459643194608438_n.jpg\",\"contentUrl\":\"https:\/\/wilsonsantosmt.com.br\/wp-content\/uploads\/2023\/11\/310828673_653254583023360_8795459643194608438_n.jpg\",\"width\":1078,\"height\":1079,\"caption\":\"Wilson Santos\"},\"logo\":{\"@id\":\"https:\/\/wilsonsantosmt.com.br\/#\/schema\/person\/image\/\"},\"sameAs\":[\"http:\/\/wilsonsantosmt.com.br\",\"https:\/\/www.facebook.com\/WilsonSantosMT\/\",\"https:\/\/www.instagram.com\/wilsonsantosmt\/\",\"https:\/\/www.youtube.com\/@WilsonSantosWS\/videos\",\"https:\/\/pt.wikipedia.org\/wiki\/Wilson_Santos\"],\"honorificPrefix\":\"Sr\",\"gender\":\"masculino\",\"jobTitle\":\"Deputado Estadual\",\"worksFor\":\"Assembleia Legislativa de Mato Grosso\"},{\"@type\":\"Person\",\"@id\":\"https:\/\/wilsonsantosmt.com.br\/#\/schema\/person\/1d097ee45f526dd0455dbad8c679932c\",\"name\":\"Samantha dos Anjos\",\"image\":{\"@type\":\"ImageObject\",\"inLanguage\":\"pt-BR\",\"@id\":\"https:\/\/wilsonsantosmt.com.br\/#\/schema\/person\/image\/\",\"url\":\"https:\/\/secure.gravatar.com\/avatar\/7d8d0b6dd67d134a9fa841bee90c57c7?s=96&d=mm&r=g\",\"contentUrl\":\"https:\/\/secure.gravatar.com\/avatar\/7d8d0b6dd67d134a9fa841bee90c57c7?s=96&d=mm&r=g\",\"caption\":\"Samantha dos Anjos\"},\"url\":\"https:\/\/wilsonsantosmt.com.br\/index.php\/author\/samantha-dos-anjos\/\"}]}<\/script>\n<!-- \/ Yoast SEO Premium plugin. -->","yoast_head_json":{"title":"F\u00e1varo aceita pedido de Wilson Santos e confirma recursos para desapropria\u00e7\u00e3o do Contorno Leste - wilsonsantosmt.com.br","robots":{"index":"index","follow":"follow","max-snippet":"max-snippet:-1","max-image-preview":"max-image-preview:large","max-video-preview":"max-video-preview:-1"},"canonical":"https:\/\/wilsonsantosmt.com.br\/index.php\/2025\/07\/08\/favaro-aceita-pedido-de-wilson-santos-e-confirma-recursos-para-desapropriacao-do-contorno-leste\/","og_locale":"pt_BR","og_type":"article","og_title":"F\u00e1varo aceita pedido de Wilson Santos e confirma recursos para desapropria\u00e7\u00e3o do Contorno Leste","og_description":"Ap\u00f3s a apresenta\u00e7\u00e3o do Projeto de Lei n.\u00ba 1.142\/2025, que trata da desapropria\u00e7\u00e3o de \u00e1reas ocupadas por fam\u00edlias nos bairros Itacarambi, Jo\u00e3o Pinto e Raiz Petr\u00f3leo, localizados no Contorno Leste &#8211; em Cuiab\u00e1, o deputado estadual Wilson Santos (PSD) articulou, nesta segunda-feira (7), a aquisi\u00e7\u00e3o dos terrenos com o senador licenciado e ministro da Agricultura, [&hellip;]","og_url":"https:\/\/wilsonsantosmt.com.br\/index.php\/2025\/07\/08\/favaro-aceita-pedido-de-wilson-santos-e-confirma-recursos-para-desapropriacao-do-contorno-leste\/","og_site_name":"wilsonsantosmt.com.br","article_publisher":"https:\/\/www.facebook.com\/WilsonSantosMT\/","article_published_time":"2025-07-08T08:56:00+00:00","article_modified_time":"2025-07-08T20:57:45+00:00","og_image":[{"width":944,"height":670,"url":"http:\/\/wilsonsantosmt.com.br\/wp-content\/uploads\/2025\/07\/WhatsApp-Image-2025-07-08-at-10.29.50.jpeg","type":"image\/jpeg"}],"author":"Samantha dos Anjos","twitter_card":"summary_large_image","twitter_misc":{"Escrito por":"Samantha dos Anjos","Est. tempo de leitura":"4 minutos"},"schema":{"@context":"https:\/\/schema.org","@graph":[{"@type":"Article","@id":"https:\/\/wilsonsantosmt.com.br\/index.php\/2025\/07\/08\/favaro-aceita-pedido-de-wilson-santos-e-confirma-recursos-para-desapropriacao-do-contorno-leste\/#article","isPartOf":{"@id":"https:\/\/wilsonsantosmt.com.br\/index.php\/2025\/07\/08\/favaro-aceita-pedido-de-wilson-santos-e-confirma-recursos-para-desapropriacao-do-contorno-leste\/"},"author":{"name":"Samantha dos Anjos","@id":"https:\/\/wilsonsantosmt.com.br\/#\/schema\/person\/1d097ee45f526dd0455dbad8c679932c"},"headline":"F\u00e1varo aceita pedido de Wilson Santos e confirma recursos para desapropria\u00e7\u00e3o do Contorno Leste","datePublished":"2025-07-08T08:56:00+00:00","dateModified":"2025-07-08T20:57:45+00:00","mainEntityOfPage":{"@id":"https:\/\/wilsonsantosmt.com.br\/index.php\/2025\/07\/08\/favaro-aceita-pedido-de-wilson-santos-e-confirma-recursos-para-desapropriacao-do-contorno-leste\/"},"wordCount":639,"publisher":{"@id":"https:\/\/wilsonsantosmt.com.br\/#\/schema\/person\/9de3c54961637a9eadb16bcbf895b1ef"},"articleSection":["Not\u00edcias"],"inLanguage":"pt-BR"},{"@type":"WebPage","@id":"https:\/\/wilsonsantosmt.com.br\/index.php\/2025\/07\/08\/favaro-aceita-pedido-de-wilson-santos-e-confirma-recursos-para-desapropriacao-do-contorno-leste\/","url":"https:\/\/wilsonsantosmt.com.br\/index.php\/2025\/07\/08\/favaro-aceita-pedido-de-wilson-santos-e-confirma-recursos-para-desapropriacao-do-contorno-leste\/","name":"F\u00e1varo aceita pedido de Wilson Santos e confirma recursos para desapropria\u00e7\u00e3o do Contorno Leste - wilsonsantosmt.com.br","isPartOf":{"@id":"https:\/\/wilsonsantosmt.com.br\/#website"},"datePublished":"2025-07-08T08:56:00+00:00","dateModified":"2025-07-08T20:57:45+00:00","breadcrumb":{"@id":"https:\/\/wilsonsantosmt.com.br\/index.php\/2025\/07\/08\/favaro-aceita-pedido-de-wilson-santos-e-confirma-recursos-para-desapropriacao-do-contorno-leste\/#breadcrumb"},"inLanguage":"pt-BR","potentialAction":[{"@type":"ReadAction","target":["https:\/\/wilsonsantosmt.com.br\/index.php\/2025\/07\/08\/favaro-aceita-pedido-de-wilson-santos-e-confirma-recursos-para-desapropriacao-do-contorno-leste\/"]}]},{"@type":"BreadcrumbList","@id":"https:\/\/wilsonsantosmt.com.br\/index.php\/2025\/07\/08\/favaro-aceita-pedido-de-wilson-santos-e-confirma-recursos-para-desapropriacao-do-contorno-leste\/#breadcrumb","itemListElement":[{"@type":"ListItem","position":1,"name":"In\u00edcio","item":"https:\/\/wilsonsantosmt.com.br\/"},{"@type":"ListItem","position":2,"name":"Not\u00edcias","item":"https:\/\/wilsonsantosmt.com.br\/index.php\/category\/noticias\/"},{"@type":"ListItem","position":3,"name":"F\u00e1varo aceita pedido de Wilson Santos e confirma recursos para desapropria\u00e7\u00e3o do Contorno Leste"}]},{"@type":"WebSite","@id":"https:\/\/wilsonsantosmt.com.br\/#website","url":"https:\/\/wilsonsantosmt.com.br\/","name":"wilsonsantosmt.com.br","description":"","publisher":{"@id":"https:\/\/wilsonsantosmt.com.br\/#\/schema\/person\/9de3c54961637a9eadb16bcbf895b1ef"},"potentialAction":[{"@type":"SearchAction","target":{"@type":"EntryPoint","urlTemplate":"https:\/\/wilsonsantosmt.com.br\/?s={search_term_string}"},"query-input":"required name=search_term_string"}],"inLanguage":"pt-BR"},{"@type":["Person","Organization"],"@id":"https:\/\/wilsonsantosmt.com.br\/#\/schema\/person\/9de3c54961637a9eadb16bcbf895b1ef","name":"Wilson Santos","image":{"@type":"ImageObject","inLanguage":"pt-BR","@id":"https:\/\/wilsonsantosmt.com.br\/#\/schema\/person\/image\/","url":"https:\/\/wilsonsantosmt.com.br\/wp-content\/uploads\/2023\/11\/310828673_653254583023360_8795459643194608438_n.jpg","contentUrl":"https:\/\/wilsonsantosmt.com.br\/wp-content\/uploads\/2023\/11\/310828673_653254583023360_8795459643194608438_n.jpg","width":1078,"height":1079,"caption":"Wilson Santos"},"logo":{"@id":"https:\/\/wilsonsantosmt.com.br\/#\/schema\/person\/image\/"},"sameAs":["http:\/\/wilsonsantosmt.com.br","https:\/\/www.facebook.com\/WilsonSantosMT\/","https:\/\/www.instagram.com\/wilsonsantosmt\/","https:\/\/www.youtube.com\/@WilsonSantosWS\/videos","https:\/\/pt.wikipedia.org\/wiki\/Wilson_Santos"],"honorificPrefix":"Sr","gender":"masculino","jobTitle":"Deputado Estadual","worksFor":"Assembleia Legislativa de Mato Grosso"},{"@type":"Person","@id":"https:\/\/wilsonsantosmt.com.br\/#\/schema\/person\/1d097ee45f526dd0455dbad8c679932c","name":"Samantha dos Anjos","image":{"@type":"ImageObject","inLanguage":"pt-BR","@id":"https:\/\/wilsonsantosmt.com.br\/#\/schema\/person\/image\/","url":"https:\/\/secure.gravatar.com\/avatar\/7d8d0b6dd67d134a9fa841bee90c57c7?s=96&d=mm&r=g","contentUrl":"https:\/\/secure.gravatar.com\/avatar\/7d8d0b6dd67d134a9fa841bee90c57c7?s=96&d=mm&r=g","caption":"Samantha dos Anjos"},"url":"https:\/\/wilsonsantosmt.com.br\/index.php\/author\/samantha-dos-anjos\/"}]}},"_links":{"self":[{"href":"https:\/\/wilsonsantosmt.com.br\/index.php\/wp-json\/wp\/v2\/posts\/1687"}],"collection":[{"href":"https:\/\/wilsonsantosmt.com.br\/index.php\/wp-json\/wp\/v2\/posts"}],"about":[{"href":"https:\/\/wilsonsantosmt.com.br\/index.php\/wp-json\/wp\/v2\/types\/post"}],"author":[{"embeddable":true,"href":"https:\/\/wilsonsantosmt.com.br\/index.php\/wp-json\/wp\/v2\/users\/4"}],"replies":[{"embeddable":true,"href":"https:\/\/wilsonsantosmt.com.br\/index.php\/wp-json\/wp\/v2\/comments?post=1687"}],"version-history":[{"count":1,"href":"https:\/\/wilsonsantosmt.com.br\/index.php\/wp-json\/wp\/v2\/posts\/1687\/revisions"}],"predecessor-version":[{"id":1689,"href":"https:\/\/wilsonsantosmt.com.br\/index.php\/wp-json\/wp\/v2\/posts\/1687\/revisions\/1689"}],"wp:featuredmedia":[{"embeddable":true,"href":"https:\/\/wilsonsantosmt.com.br\/index.php\/wp-json\/wp\/v2\/media\/1688"}],"wp:attachment":[{"href":"https:\/\/wilsonsantosmt.com.br\/index.php\/wp-json\/wp\/v2\/media?parent=1687"}],"wp:term":[{"taxonomy":"category","embeddable":true,"href":"https:\/\/wilsonsantosmt.com.br\/index.php\/wp-json\/wp\/v2\/categories?post=1687"},{"taxonomy":"post_tag","embeddable":true,"href":"https:\/\/wilsonsantosmt.com.br\/index.php\/wp-json\/wp\/v2\/tags?post=1687"}],"curies":[{"name":"wp","href":"https:\/\/api.w.org\/{rel}","templated":true}]}}