{"id":1692,"date":"2025-07-07T16:58:00","date_gmt":"2025-07-07T20:58:00","guid":{"rendered":"https:\/\/wilsonsantosmt.com.br\/?p=1692"},"modified":"2025-07-08T16:59:19","modified_gmt":"2025-07-08T20:59:19","slug":"capital-consig-pode-ter-convenio-com-seplag-cancelado-em-mato-grosso-2","status":"publish","type":"post","link":"https:\/\/wilsonsantosmt.com.br\/index.php\/2025\/07\/07\/capital-consig-pode-ter-convenio-com-seplag-cancelado-em-mato-grosso-2\/","title":{"rendered":"Capital Consig pode ter conv\u00eanio com Seplag cancelado em Mato Grosso"},"content":{"rendered":"\n<p><\/p>\n\n\n\n<p>A empresa Capital Consig Sociedade de Cr\u00e9dito Direto S.A. est\u00e1 prestes a ter as suas atividades suspensas no estado de Mato Grosso, ap\u00f3s a aprova\u00e7\u00e3o do Projeto de Decreto Legislativo (PDL) n\u00ba 4\/2025, de autoria do deputado estadual Wilson Santos (PSD), nesta quarta-feira (2), durante sess\u00e3o plen\u00e1ria da Assembleia Legislativa. A proposta foi aprovada pela maioria dos parlamentares, em segunda vota\u00e7\u00e3o, e foi encaminhada para san\u00e7\u00e3o do Poder Executivo Estadual.<\/p>\n\n\n\n<p>&#8220;Este \u00e9 um novo passo para resolver a &#8216;farra&#8217; dos consignados em Mato Grosso. S\u00e3o mais de 62 mil servidores p\u00fablicos estaduais, entre ativos, inativos e pensionistas que enfrentam taxas de juros excessivas e cl\u00e1usulas abusivas em seus contratos. Nunca antes na hist\u00f3ria do estado, vimos algo t\u00e3o prejudicial aos servidores! Al\u00e9m disso, a Capital Consig teve um crescimento de aproximadamente R$ 106 mil em 2022, saltando para R$ 48 milh\u00f5es em 2025&#8221;, declarou o parlamentar.<\/p>\n\n\n\n<p>Antes de ser discutido no plen\u00e1rio, o PDL havia sido rejeitado pela Comiss\u00e3o de Constitui\u00e7\u00e3o, Justi\u00e7a e Reda\u00e7\u00e3o (CCJR), que alegou que a Lei n\u00ba 12.933\/2025, em vigor desde 18 de junho, j\u00e1 anulava os contratos antigos e exigia um novo cadastramento mais rigoroso por parte das empresas consignat\u00e1rias. Contudo, o parecer foi derrubado por 11 votos favor\u00e1veis, o que permitiu a aprova\u00e7\u00e3o do projeto.<\/p>\n\n\n\n<p>A Secretaria de Estado de Planejamento e Gest\u00e3o (Seplag) autorizou 28 institui\u00e7\u00f5es financeiras a operar com empr\u00e9stimos consignados, 12 com cart\u00f5es de cr\u00e9dito consignado e 25 com cart\u00f5es de benef\u00edcio. Com a nova legisla\u00e7\u00e3o, todas as institui\u00e7\u00f5es financeiras p\u00fablicas ou privadas conveniadas com o estado ou suas autarquias tiveram um prazo de 15 dias para adequar os seus contratos \u00e0s novas regras, sob pena de suspens\u00e3o do conv\u00eanio.<\/p>\n\n\n\n<p>Wilson Santos, em parceria com a Assembleia Legislativa, integra uma mesa t\u00e9cnica formada com o Tribunal de Contas do Estado (TCE) para investigar a legalidade e a regularidade das opera\u00e7\u00f5es das empresas consignat\u00e1rias no \u00e2mbito de Mato Grosso.<\/p>\n","protected":false},"excerpt":{"rendered":"<p>A empresa Capital Consig Sociedade de Cr\u00e9dito Direto S.A. est\u00e1 prestes a ter as suas atividades suspensas no estado de Mato Grosso, ap\u00f3s a aprova\u00e7\u00e3o do Projeto de Decreto Legislativo (PDL) n\u00ba 4\/2025, de autoria do deputado estadual Wilson Santos (PSD), nesta quarta-feira (2), durante sess\u00e3o plen\u00e1ria da Assembleia Legislativa. A proposta foi aprovada pela [&hellip;]<\/p>\n","protected":false},"author":4,"featured_media":1693,"comment_status":"closed","ping_status":"open","sticky":false,"template":"","format":"standard","meta":{"footnotes":""},"categories":[13],"tags":[],"yoast_head":"<!-- This site is optimized with the Yoast SEO Premium plugin v21.5 (Yoast SEO v21.4) - https:\/\/yoast.com\/wordpress\/plugins\/seo\/ -->\n<title>Capital Consig pode ter conv\u00eanio com Seplag cancelado em Mato Grosso - wilsonsantosmt.com.br<\/title>\n<meta name=\"robots\" content=\"index, follow, max-snippet:-1, max-image-preview:large, max-video-preview:-1\" \/>\n<link rel=\"canonical\" href=\"https:\/\/wilsonsantosmt.com.br\/index.php\/2025\/07\/07\/capital-consig-pode-ter-convenio-com-seplag-cancelado-em-mato-grosso-2\/\" \/>\n<meta property=\"og:locale\" content=\"pt_BR\" \/>\n<meta property=\"og:type\" content=\"article\" \/>\n<meta property=\"og:title\" content=\"Capital Consig pode ter conv\u00eanio com Seplag cancelado em Mato Grosso\" \/>\n<meta property=\"og:description\" content=\"A empresa Capital Consig Sociedade de Cr\u00e9dito Direto S.A. est\u00e1 prestes a ter as suas atividades suspensas no estado de Mato Grosso, ap\u00f3s a aprova\u00e7\u00e3o do Projeto de Decreto Legislativo (PDL) n\u00ba 4\/2025, de autoria do deputado estadual Wilson Santos (PSD), nesta quarta-feira (2), durante sess\u00e3o plen\u00e1ria da Assembleia Legislativa. A proposta foi aprovada pela [&hellip;]\" \/>\n<meta property=\"og:url\" content=\"https:\/\/wilsonsantosmt.com.br\/index.php\/2025\/07\/07\/capital-consig-pode-ter-convenio-com-seplag-cancelado-em-mato-grosso-2\/\" \/>\n<meta property=\"og:site_name\" content=\"wilsonsantosmt.com.br\" \/>\n<meta property=\"article:publisher\" content=\"https:\/\/www.facebook.com\/WilsonSantosMT\/\" \/>\n<meta property=\"article:published_time\" content=\"2025-07-07T20:58:00+00:00\" \/>\n<meta property=\"article:modified_time\" content=\"2025-07-08T20:59:19+00:00\" \/>\n<meta property=\"og:image\" content=\"http:\/\/wilsonsantosmt.com.br\/wp-content\/uploads\/2025\/07\/WhatsApp-Image-2025-07-03-at-13.24.21.jpeg\" \/>\n\t<meta property=\"og:image:width\" content=\"1600\" \/>\n\t<meta property=\"og:image:height\" content=\"900\" \/>\n\t<meta property=\"og:image:type\" content=\"image\/jpeg\" \/>\n<meta name=\"author\" content=\"Samantha dos Anjos\" \/>\n<meta name=\"twitter:card\" content=\"summary_large_image\" \/>\n<meta name=\"twitter:label1\" content=\"Escrito por\" \/>\n\t<meta name=\"twitter:data1\" content=\"Samantha dos Anjos\" \/>\n\t<meta name=\"twitter:label2\" content=\"Est. tempo de leitura\" \/>\n\t<meta name=\"twitter:data2\" content=\"2 minutos\" \/>\n<script type=\"application\/ld+json\" class=\"yoast-schema-graph\">{\"@context\":\"https:\/\/schema.org\",\"@graph\":[{\"@type\":\"Article\",\"@id\":\"https:\/\/wilsonsantosmt.com.br\/index.php\/2025\/07\/07\/capital-consig-pode-ter-convenio-com-seplag-cancelado-em-mato-grosso-2\/#article\",\"isPartOf\":{\"@id\":\"https:\/\/wilsonsantosmt.com.br\/index.php\/2025\/07\/07\/capital-consig-pode-ter-convenio-com-seplag-cancelado-em-mato-grosso-2\/\"},\"author\":{\"name\":\"Samantha dos Anjos\",\"@id\":\"https:\/\/wilsonsantosmt.com.br\/#\/schema\/person\/1d097ee45f526dd0455dbad8c679932c\"},\"headline\":\"Capital Consig pode ter conv\u00eanio com Seplag cancelado em Mato Grosso\",\"datePublished\":\"2025-07-07T20:58:00+00:00\",\"dateModified\":\"2025-07-08T20:59:19+00:00\",\"mainEntityOfPage\":{\"@id\":\"https:\/\/wilsonsantosmt.com.br\/index.php\/2025\/07\/07\/capital-consig-pode-ter-convenio-com-seplag-cancelado-em-mato-grosso-2\/\"},\"wordCount\":352,\"publisher\":{\"@id\":\"https:\/\/wilsonsantosmt.com.br\/#\/schema\/person\/9de3c54961637a9eadb16bcbf895b1ef\"},\"articleSection\":[\"Not\u00edcias\"],\"inLanguage\":\"pt-BR\"},{\"@type\":\"WebPage\",\"@id\":\"https:\/\/wilsonsantosmt.com.br\/index.php\/2025\/07\/07\/capital-consig-pode-ter-convenio-com-seplag-cancelado-em-mato-grosso-2\/\",\"url\":\"https:\/\/wilsonsantosmt.com.br\/index.php\/2025\/07\/07\/capital-consig-pode-ter-convenio-com-seplag-cancelado-em-mato-grosso-2\/\",\"name\":\"Capital Consig pode ter conv\u00eanio com Seplag cancelado em Mato Grosso - wilsonsantosmt.com.br\",\"isPartOf\":{\"@id\":\"https:\/\/wilsonsantosmt.com.br\/#website\"},\"datePublished\":\"2025-07-07T20:58:00+00:00\",\"dateModified\":\"2025-07-08T20:59:19+00:00\",\"breadcrumb\":{\"@id\":\"https:\/\/wilsonsantosmt.com.br\/index.php\/2025\/07\/07\/capital-consig-pode-ter-convenio-com-seplag-cancelado-em-mato-grosso-2\/#breadcrumb\"},\"inLanguage\":\"pt-BR\",\"potentialAction\":[{\"@type\":\"ReadAction\",\"target\":[\"https:\/\/wilsonsantosmt.com.br\/index.php\/2025\/07\/07\/capital-consig-pode-ter-convenio-com-seplag-cancelado-em-mato-grosso-2\/\"]}]},{\"@type\":\"BreadcrumbList\",\"@id\":\"https:\/\/wilsonsantosmt.com.br\/index.php\/2025\/07\/07\/capital-consig-pode-ter-convenio-com-seplag-cancelado-em-mato-grosso-2\/#breadcrumb\",\"itemListElement\":[{\"@type\":\"ListItem\",\"position\":1,\"name\":\"In\u00edcio\",\"item\":\"https:\/\/wilsonsantosmt.com.br\/\"},{\"@type\":\"ListItem\",\"position\":2,\"name\":\"Not\u00edcias\",\"item\":\"https:\/\/wilsonsantosmt.com.br\/index.php\/category\/noticias\/\"},{\"@type\":\"ListItem\",\"position\":3,\"name\":\"Capital Consig pode ter conv\u00eanio com Seplag cancelado em Mato Grosso\"}]},{\"@type\":\"WebSite\",\"@id\":\"https:\/\/wilsonsantosmt.com.br\/#website\",\"url\":\"https:\/\/wilsonsantosmt.com.br\/\",\"name\":\"wilsonsantosmt.com.br\",\"description\":\"\",\"publisher\":{\"@id\":\"https:\/\/wilsonsantosmt.com.br\/#\/schema\/person\/9de3c54961637a9eadb16bcbf895b1ef\"},\"potentialAction\":[{\"@type\":\"SearchAction\",\"target\":{\"@type\":\"EntryPoint\",\"urlTemplate\":\"https:\/\/wilsonsantosmt.com.br\/?s={search_term_string}\"},\"query-input\":\"required name=search_term_string\"}],\"inLanguage\":\"pt-BR\"},{\"@type\":[\"Person\",\"Organization\"],\"@id\":\"https:\/\/wilsonsantosmt.com.br\/#\/schema\/person\/9de3c54961637a9eadb16bcbf895b1ef\",\"name\":\"Wilson Santos\",\"image\":{\"@type\":\"ImageObject\",\"inLanguage\":\"pt-BR\",\"@id\":\"https:\/\/wilsonsantosmt.com.br\/#\/schema\/person\/image\/\",\"url\":\"https:\/\/wilsonsantosmt.com.br\/wp-content\/uploads\/2023\/11\/310828673_653254583023360_8795459643194608438_n.jpg\",\"contentUrl\":\"https:\/\/wilsonsantosmt.com.br\/wp-content\/uploads\/2023\/11\/310828673_653254583023360_8795459643194608438_n.jpg\",\"width\":1078,\"height\":1079,\"caption\":\"Wilson Santos\"},\"logo\":{\"@id\":\"https:\/\/wilsonsantosmt.com.br\/#\/schema\/person\/image\/\"},\"sameAs\":[\"http:\/\/wilsonsantosmt.com.br\",\"https:\/\/www.facebook.com\/WilsonSantosMT\/\",\"https:\/\/www.instagram.com\/wilsonsantosmt\/\",\"https:\/\/www.youtube.com\/@WilsonSantosWS\/videos\",\"https:\/\/pt.wikipedia.org\/wiki\/Wilson_Santos\"],\"honorificPrefix\":\"Sr\",\"gender\":\"masculino\",\"jobTitle\":\"Deputado Estadual\",\"worksFor\":\"Assembleia Legislativa de Mato Grosso\"},{\"@type\":\"Person\",\"@id\":\"https:\/\/wilsonsantosmt.com.br\/#\/schema\/person\/1d097ee45f526dd0455dbad8c679932c\",\"name\":\"Samantha dos Anjos\",\"image\":{\"@type\":\"ImageObject\",\"inLanguage\":\"pt-BR\",\"@id\":\"https:\/\/wilsonsantosmt.com.br\/#\/schema\/person\/image\/\",\"url\":\"https:\/\/secure.gravatar.com\/avatar\/7d8d0b6dd67d134a9fa841bee90c57c7?s=96&d=mm&r=g\",\"contentUrl\":\"https:\/\/secure.gravatar.com\/avatar\/7d8d0b6dd67d134a9fa841bee90c57c7?s=96&d=mm&r=g\",\"caption\":\"Samantha dos Anjos\"},\"url\":\"https:\/\/wilsonsantosmt.com.br\/index.php\/author\/samantha-dos-anjos\/\"}]}<\/script>\n<!-- \/ Yoast SEO Premium plugin. -->","yoast_head_json":{"title":"Capital Consig pode ter conv\u00eanio com Seplag cancelado em Mato Grosso - wilsonsantosmt.com.br","robots":{"index":"index","follow":"follow","max-snippet":"max-snippet:-1","max-image-preview":"max-image-preview:large","max-video-preview":"max-video-preview:-1"},"canonical":"https:\/\/wilsonsantosmt.com.br\/index.php\/2025\/07\/07\/capital-consig-pode-ter-convenio-com-seplag-cancelado-em-mato-grosso-2\/","og_locale":"pt_BR","og_type":"article","og_title":"Capital Consig pode ter conv\u00eanio com Seplag cancelado em Mato Grosso","og_description":"A empresa Capital Consig Sociedade de Cr\u00e9dito Direto S.A. est\u00e1 prestes a ter as suas atividades suspensas no estado de Mato Grosso, ap\u00f3s a aprova\u00e7\u00e3o do Projeto de Decreto Legislativo (PDL) n\u00ba 4\/2025, de autoria do deputado estadual Wilson Santos (PSD), nesta quarta-feira (2), durante sess\u00e3o plen\u00e1ria da Assembleia Legislativa. A proposta foi aprovada pela [&hellip;]","og_url":"https:\/\/wilsonsantosmt.com.br\/index.php\/2025\/07\/07\/capital-consig-pode-ter-convenio-com-seplag-cancelado-em-mato-grosso-2\/","og_site_name":"wilsonsantosmt.com.br","article_publisher":"https:\/\/www.facebook.com\/WilsonSantosMT\/","article_published_time":"2025-07-07T20:58:00+00:00","article_modified_time":"2025-07-08T20:59:19+00:00","og_image":[{"width":1600,"height":900,"url":"http:\/\/wilsonsantosmt.com.br\/wp-content\/uploads\/2025\/07\/WhatsApp-Image-2025-07-03-at-13.24.21.jpeg","type":"image\/jpeg"}],"author":"Samantha dos Anjos","twitter_card":"summary_large_image","twitter_misc":{"Escrito por":"Samantha dos Anjos","Est. tempo de leitura":"2 minutos"},"schema":{"@context":"https:\/\/schema.org","@graph":[{"@type":"Article","@id":"https:\/\/wilsonsantosmt.com.br\/index.php\/2025\/07\/07\/capital-consig-pode-ter-convenio-com-seplag-cancelado-em-mato-grosso-2\/#article","isPartOf":{"@id":"https:\/\/wilsonsantosmt.com.br\/index.php\/2025\/07\/07\/capital-consig-pode-ter-convenio-com-seplag-cancelado-em-mato-grosso-2\/"},"author":{"name":"Samantha dos Anjos","@id":"https:\/\/wilsonsantosmt.com.br\/#\/schema\/person\/1d097ee45f526dd0455dbad8c679932c"},"headline":"Capital Consig pode ter conv\u00eanio com Seplag cancelado em Mato Grosso","datePublished":"2025-07-07T20:58:00+00:00","dateModified":"2025-07-08T20:59:19+00:00","mainEntityOfPage":{"@id":"https:\/\/wilsonsantosmt.com.br\/index.php\/2025\/07\/07\/capital-consig-pode-ter-convenio-com-seplag-cancelado-em-mato-grosso-2\/"},"wordCount":352,"publisher":{"@id":"https:\/\/wilsonsantosmt.com.br\/#\/schema\/person\/9de3c54961637a9eadb16bcbf895b1ef"},"articleSection":["Not\u00edcias"],"inLanguage":"pt-BR"},{"@type":"WebPage","@id":"https:\/\/wilsonsantosmt.com.br\/index.php\/2025\/07\/07\/capital-consig-pode-ter-convenio-com-seplag-cancelado-em-mato-grosso-2\/","url":"https:\/\/wilsonsantosmt.com.br\/index.php\/2025\/07\/07\/capital-consig-pode-ter-convenio-com-seplag-cancelado-em-mato-grosso-2\/","name":"Capital Consig pode ter conv\u00eanio com Seplag cancelado em Mato Grosso - wilsonsantosmt.com.br","isPartOf":{"@id":"https:\/\/wilsonsantosmt.com.br\/#website"},"datePublished":"2025-07-07T20:58:00+00:00","dateModified":"2025-07-08T20:59:19+00:00","breadcrumb":{"@id":"https:\/\/wilsonsantosmt.com.br\/index.php\/2025\/07\/07\/capital-consig-pode-ter-convenio-com-seplag-cancelado-em-mato-grosso-2\/#breadcrumb"},"inLanguage":"pt-BR","potentialAction":[{"@type":"ReadAction","target":["https:\/\/wilsonsantosmt.com.br\/index.php\/2025\/07\/07\/capital-consig-pode-ter-convenio-com-seplag-cancelado-em-mato-grosso-2\/"]}]},{"@type":"BreadcrumbList","@id":"https:\/\/wilsonsantosmt.com.br\/index.php\/2025\/07\/07\/capital-consig-pode-ter-convenio-com-seplag-cancelado-em-mato-grosso-2\/#breadcrumb","itemListElement":[{"@type":"ListItem","position":1,"name":"In\u00edcio","item":"https:\/\/wilsonsantosmt.com.br\/"},{"@type":"ListItem","position":2,"name":"Not\u00edcias","item":"https:\/\/wilsonsantosmt.com.br\/index.php\/category\/noticias\/"},{"@type":"ListItem","position":3,"name":"Capital Consig pode ter conv\u00eanio com Seplag cancelado em Mato Grosso"}]},{"@type":"WebSite","@id":"https:\/\/wilsonsantosmt.com.br\/#website","url":"https:\/\/wilsonsantosmt.com.br\/","name":"wilsonsantosmt.com.br","description":"","publisher":{"@id":"https:\/\/wilsonsantosmt.com.br\/#\/schema\/person\/9de3c54961637a9eadb16bcbf895b1ef"},"potentialAction":[{"@type":"SearchAction","target":{"@type":"EntryPoint","urlTemplate":"https:\/\/wilsonsantosmt.com.br\/?s={search_term_string}"},"query-input":"required name=search_term_string"}],"inLanguage":"pt-BR"},{"@type":["Person","Organization"],"@id":"https:\/\/wilsonsantosmt.com.br\/#\/schema\/person\/9de3c54961637a9eadb16bcbf895b1ef","name":"Wilson Santos","image":{"@type":"ImageObject","inLanguage":"pt-BR","@id":"https:\/\/wilsonsantosmt.com.br\/#\/schema\/person\/image\/","url":"https:\/\/wilsonsantosmt.com.br\/wp-content\/uploads\/2023\/11\/310828673_653254583023360_8795459643194608438_n.jpg","contentUrl":"https:\/\/wilsonsantosmt.com.br\/wp-content\/uploads\/2023\/11\/310828673_653254583023360_8795459643194608438_n.jpg","width":1078,"height":1079,"caption":"Wilson Santos"},"logo":{"@id":"https:\/\/wilsonsantosmt.com.br\/#\/schema\/person\/image\/"},"sameAs":["http:\/\/wilsonsantosmt.com.br","https:\/\/www.facebook.com\/WilsonSantosMT\/","https:\/\/www.instagram.com\/wilsonsantosmt\/","https:\/\/www.youtube.com\/@WilsonSantosWS\/videos","https:\/\/pt.wikipedia.org\/wiki\/Wilson_Santos"],"honorificPrefix":"Sr","gender":"masculino","jobTitle":"Deputado Estadual","worksFor":"Assembleia Legislativa de Mato Grosso"},{"@type":"Person","@id":"https:\/\/wilsonsantosmt.com.br\/#\/schema\/person\/1d097ee45f526dd0455dbad8c679932c","name":"Samantha dos Anjos","image":{"@type":"ImageObject","inLanguage":"pt-BR","@id":"https:\/\/wilsonsantosmt.com.br\/#\/schema\/person\/image\/","url":"https:\/\/secure.gravatar.com\/avatar\/7d8d0b6dd67d134a9fa841bee90c57c7?s=96&d=mm&r=g","contentUrl":"https:\/\/secure.gravatar.com\/avatar\/7d8d0b6dd67d134a9fa841bee90c57c7?s=96&d=mm&r=g","caption":"Samantha dos Anjos"},"url":"https:\/\/wilsonsantosmt.com.br\/index.php\/author\/samantha-dos-anjos\/"}]}},"_links":{"self":[{"href":"https:\/\/wilsonsantosmt.com.br\/index.php\/wp-json\/wp\/v2\/posts\/1692"}],"collection":[{"href":"https:\/\/wilsonsantosmt.com.br\/index.php\/wp-json\/wp\/v2\/posts"}],"about":[{"href":"https:\/\/wilsonsantosmt.com.br\/index.php\/wp-json\/wp\/v2\/types\/post"}],"author":[{"embeddable":true,"href":"https:\/\/wilsonsantosmt.com.br\/index.php\/wp-json\/wp\/v2\/users\/4"}],"replies":[{"embeddable":true,"href":"https:\/\/wilsonsantosmt.com.br\/index.php\/wp-json\/wp\/v2\/comments?post=1692"}],"version-history":[{"count":1,"href":"https:\/\/wilsonsantosmt.com.br\/index.php\/wp-json\/wp\/v2\/posts\/1692\/revisions"}],"predecessor-version":[{"id":1694,"href":"https:\/\/wilsonsantosmt.com.br\/index.php\/wp-json\/wp\/v2\/posts\/1692\/revisions\/1694"}],"wp:featuredmedia":[{"embeddable":true,"href":"https:\/\/wilsonsantosmt.com.br\/index.php\/wp-json\/wp\/v2\/media\/1693"}],"wp:attachment":[{"href":"https:\/\/wilsonsantosmt.com.br\/index.php\/wp-json\/wp\/v2\/media?parent=1692"}],"wp:term":[{"taxonomy":"category","embeddable":true,"href":"https:\/\/wilsonsantosmt.com.br\/index.php\/wp-json\/wp\/v2\/categories?post=1692"},{"taxonomy":"post_tag","embeddable":true,"href":"https:\/\/wilsonsantosmt.com.br\/index.php\/wp-json\/wp\/v2\/tags?post=1692"}],"curies":[{"name":"wp","href":"https:\/\/api.w.org\/{rel}","templated":true}]}}