{"id":1695,"date":"2025-07-03T16:59:44","date_gmt":"2025-07-03T20:59:44","guid":{"rendered":"https:\/\/wilsonsantosmt.com.br\/?p=1695"},"modified":"2025-07-08T17:01:03","modified_gmt":"2025-07-08T21:01:03","slug":"wilson-santos-reconhece-avancos-do-governo-de-mt-mas-expoe-falhas-graves-na-gestao-dos-consignados-3","status":"publish","type":"post","link":"https:\/\/wilsonsantosmt.com.br\/index.php\/2025\/07\/03\/wilson-santos-reconhece-avancos-do-governo-de-mt-mas-expoe-falhas-graves-na-gestao-dos-consignados-3\/","title":{"rendered":"Wilson Santos reconhece avan\u00e7os do governo de MT, mas exp\u00f5e falhas graves na gest\u00e3o dos consignados"},"content":{"rendered":"\n<p><\/p>\n\n\n\n<p>O deputado estadual Wilson Santos (PSD) utilizou a tribuna nesta quarta-feira (2), durante sess\u00e3o plen\u00e1ria, para destacar os importantes investimentos realizados pelo Governo de Mato Grosso nas \u00e1reas da sa\u00fade com a constru\u00e7\u00e3o de seis hospitais p\u00fablicos e da infraestrutura com as melhorias nas principais rodovias do estado. Al\u00e9m de sua classifica\u00e7\u00e3o com nota m\u00e1xima &#8211; de \u201cC\u201d para \u201cA\u201d &#8211; pela Secretaria do Tesouro Nacional (STN), o que comprova a efici\u00eancia na gest\u00e3o fiscal dos recursos p\u00fablicos. Apesar de reconhecer os avan\u00e7os da atual gest\u00e3o, o parlamentar contrariou o governador Mauro Mendes (Uni\u00e3o) ao afirmar que n\u00e3o tem responsabilidade na fiscaliza\u00e7\u00e3o dos empr\u00e9stimos consignados contratados por servidores p\u00fablicos, sendo que o controle \u00e9 feito pela Secretaria Estadual de Planejamento e Gest\u00e3o (Seplag).<\/p>\n\n\n\n<p>\u201cNa semana passada, o governador mencionou uma frase que me deixou bastante curioso e eu fui estudar sobre essa fala. Ele disse que o governo n\u00e3o tem nenhuma rela\u00e7\u00e3o com os bancos e clientes, como as sociedades de cr\u00e9dito e clientes. Fui ent\u00e3o recorrer a uma apresenta\u00e7\u00e3o feita pelo secret\u00e1rio da Seplag, Bas\u00edlio Bezerra, no Tribunal de Contas do Estado (TCE), para compreender esse posicionamento\u201d, afirmou o deputado.<\/p>\n\n\n\n<p>Durante a sess\u00e3o, Wilson Santos apresentou o mesmo material exibido por Bas\u00edlio na Mesa T\u00e9cnica sobre o superendividamento de servidores p\u00fablicos, realizada no dia 5 de junho, no TCE. A apresenta\u00e7\u00e3o detalha os direitos dos servidores ao contratarem empr\u00e9stimos consignados, que est\u00e3o sob controle da Seplag e fiscaliza\u00e7\u00e3o da MT Desenvolve &#8211; ambos \u00f3rg\u00e3os ligados \u00e0 administra\u00e7\u00e3o estadual. Tamb\u00e9m, foram mostrados os valores repassados \u00e0s institui\u00e7\u00f5es consignat\u00e1rias e os pap\u00e9is exercidos pelos entes envolvidos no sistema de consigna\u00e7\u00e3o.<\/p>\n\n\n\n<p>Segundo a Seplag, os direitos dos servidores incluem a consulta online \u00e0 margem consign\u00e1vel e aos contratos, averba\u00e7\u00f5es por meios seguros e digitais (vedadas por telefone), acesso pr\u00e9vio \u00e0s taxas de juros e condi\u00e7\u00f5es de contrata\u00e7\u00e3o, acesso a documentos sob guarda da administradora e consignat\u00e1ria, al\u00e9m da promo\u00e7\u00e3o de educa\u00e7\u00e3o financeira &#8211; inclusive pelas pr\u00f3prias consignat\u00e1rias. De acordo com o parlamentar, todos esses itens deixaram de ser cumpridos como previsto.<\/p>\n\n\n\n<p>Outro dado exposto pelo deputado revela que os repasses \u00e0s consignat\u00e1rias, entre maio de 2024 e abril de 2025, ultrapassaram R$ 1,7 bilh\u00e3o. Os maiores volumes foram destinados ao Banco do Brasil, Santander, Capital Consig, Sicredi e MT Sa\u00fade. O destaque ficou para a Capital Consig, que apresentou um crescimento expressivo no segundo quadrimestre de 2022, operava com cerca de R$ 106 mil, enquanto no primeiro quadrimestre de 2025, o volume saltou para mais de R$ 48 milh\u00f5es.<\/p>\n\n\n\n<p>No sistema de consigna\u00e7\u00e3o, a Seplag \u00e9 respons\u00e1vel pelo controle central, credenciamento e averba\u00e7\u00f5es, al\u00e9m de ser gestora do Fundo de Desenvolvimento do Sistema de Pessoal do Estado de Mato Grosso (Fundesp), que recebe 3% das taxas de juros cobradas pelos bancos. Outros 4,75% s\u00e3o destinados ao MT Desenvolve que \u00e9 respons\u00e1vel por fomentar, gerir e fiscalizar as opera\u00e7\u00f5es do cart\u00e3o de cr\u00e9dito consignado MT Card.<\/p>\n\n\n\n<p>\u201cInfelizmente, a Seplag e a MT Desenvolve n\u00e3o fizeram o seu papel. Quero encerrar a minha fala dizendo ao governador Mauro Mendes &#8211; com todo o respeito \u00e0 sua administra\u00e7\u00e3o que tem sido muito exitosa em v\u00e1rias \u00e1reas &#8211; que, no caso dos empr\u00e9stimos consignados, o governo levou os servidores ao maior endividamento da hist\u00f3ria. Como disse o governador em exerc\u00edcio, Otaviano Pivetta, o governo falhou, cometeu erros e foi omisso\u201d, concluiu Wilson Santos.<\/p>\n","protected":false},"excerpt":{"rendered":"<p>O deputado estadual Wilson Santos (PSD) utilizou a tribuna nesta quarta-feira (2), durante sess\u00e3o plen\u00e1ria, para destacar os importantes investimentos realizados pelo Governo de Mato Grosso nas \u00e1reas da sa\u00fade com a constru\u00e7\u00e3o de seis hospitais p\u00fablicos e da infraestrutura com as melhorias nas principais rodovias do estado. Al\u00e9m de sua classifica\u00e7\u00e3o com nota m\u00e1xima [&hellip;]<\/p>\n","protected":false},"author":4,"featured_media":1696,"comment_status":"closed","ping_status":"open","sticky":false,"template":"","format":"standard","meta":{"footnotes":""},"categories":[13],"tags":[],"yoast_head":"<!-- This site is optimized with the Yoast SEO Premium plugin v21.5 (Yoast SEO v21.4) - https:\/\/yoast.com\/wordpress\/plugins\/seo\/ -->\n<title>Wilson Santos reconhece avan\u00e7os do governo de MT, mas exp\u00f5e falhas graves na gest\u00e3o dos consignados - wilsonsantosmt.com.br<\/title>\n<meta name=\"robots\" content=\"index, follow, max-snippet:-1, max-image-preview:large, max-video-preview:-1\" \/>\n<link rel=\"canonical\" href=\"https:\/\/wilsonsantosmt.com.br\/index.php\/2025\/07\/03\/wilson-santos-reconhece-avancos-do-governo-de-mt-mas-expoe-falhas-graves-na-gestao-dos-consignados-3\/\" \/>\n<meta property=\"og:locale\" content=\"pt_BR\" \/>\n<meta property=\"og:type\" content=\"article\" \/>\n<meta property=\"og:title\" content=\"Wilson Santos reconhece avan\u00e7os do governo de MT, mas exp\u00f5e falhas graves na gest\u00e3o dos consignados\" \/>\n<meta property=\"og:description\" content=\"O deputado estadual Wilson Santos (PSD) utilizou a tribuna nesta quarta-feira (2), durante sess\u00e3o plen\u00e1ria, para destacar os importantes investimentos realizados pelo Governo de Mato Grosso nas \u00e1reas da sa\u00fade com a constru\u00e7\u00e3o de seis hospitais p\u00fablicos e da infraestrutura com as melhorias nas principais rodovias do estado. Al\u00e9m de sua classifica\u00e7\u00e3o com nota m\u00e1xima [&hellip;]\" \/>\n<meta property=\"og:url\" content=\"https:\/\/wilsonsantosmt.com.br\/index.php\/2025\/07\/03\/wilson-santos-reconhece-avancos-do-governo-de-mt-mas-expoe-falhas-graves-na-gestao-dos-consignados-3\/\" \/>\n<meta property=\"og:site_name\" content=\"wilsonsantosmt.com.br\" \/>\n<meta property=\"article:publisher\" content=\"https:\/\/www.facebook.com\/WilsonSantosMT\/\" \/>\n<meta property=\"article:published_time\" content=\"2025-07-03T20:59:44+00:00\" \/>\n<meta property=\"article:modified_time\" content=\"2025-07-08T21:01:03+00:00\" \/>\n<meta property=\"og:image\" content=\"http:\/\/wilsonsantosmt.com.br\/wp-content\/uploads\/2025\/07\/WhatsApp-Image-2025-07-03-at-10.53.55.jpeg\" \/>\n\t<meta property=\"og:image:width\" content=\"1600\" \/>\n\t<meta property=\"og:image:height\" content=\"1067\" \/>\n\t<meta property=\"og:image:type\" content=\"image\/jpeg\" \/>\n<meta name=\"author\" content=\"Samantha dos Anjos\" \/>\n<meta name=\"twitter:card\" content=\"summary_large_image\" \/>\n<meta name=\"twitter:label1\" content=\"Escrito por\" \/>\n\t<meta name=\"twitter:data1\" content=\"Samantha dos Anjos\" \/>\n\t<meta name=\"twitter:label2\" content=\"Est. tempo de leitura\" \/>\n\t<meta name=\"twitter:data2\" content=\"4 minutos\" \/>\n<script type=\"application\/ld+json\" class=\"yoast-schema-graph\">{\"@context\":\"https:\/\/schema.org\",\"@graph\":[{\"@type\":\"Article\",\"@id\":\"https:\/\/wilsonsantosmt.com.br\/index.php\/2025\/07\/03\/wilson-santos-reconhece-avancos-do-governo-de-mt-mas-expoe-falhas-graves-na-gestao-dos-consignados-3\/#article\",\"isPartOf\":{\"@id\":\"https:\/\/wilsonsantosmt.com.br\/index.php\/2025\/07\/03\/wilson-santos-reconhece-avancos-do-governo-de-mt-mas-expoe-falhas-graves-na-gestao-dos-consignados-3\/\"},\"author\":{\"name\":\"Samantha dos Anjos\",\"@id\":\"https:\/\/wilsonsantosmt.com.br\/#\/schema\/person\/1d097ee45f526dd0455dbad8c679932c\"},\"headline\":\"Wilson Santos reconhece avan\u00e7os do governo de MT, mas exp\u00f5e falhas graves na gest\u00e3o dos consignados\",\"datePublished\":\"2025-07-03T20:59:44+00:00\",\"dateModified\":\"2025-07-08T21:01:03+00:00\",\"mainEntityOfPage\":{\"@id\":\"https:\/\/wilsonsantosmt.com.br\/index.php\/2025\/07\/03\/wilson-santos-reconhece-avancos-do-governo-de-mt-mas-expoe-falhas-graves-na-gestao-dos-consignados-3\/\"},\"wordCount\":630,\"publisher\":{\"@id\":\"https:\/\/wilsonsantosmt.com.br\/#\/schema\/person\/9de3c54961637a9eadb16bcbf895b1ef\"},\"articleSection\":[\"Not\u00edcias\"],\"inLanguage\":\"pt-BR\"},{\"@type\":\"WebPage\",\"@id\":\"https:\/\/wilsonsantosmt.com.br\/index.php\/2025\/07\/03\/wilson-santos-reconhece-avancos-do-governo-de-mt-mas-expoe-falhas-graves-na-gestao-dos-consignados-3\/\",\"url\":\"https:\/\/wilsonsantosmt.com.br\/index.php\/2025\/07\/03\/wilson-santos-reconhece-avancos-do-governo-de-mt-mas-expoe-falhas-graves-na-gestao-dos-consignados-3\/\",\"name\":\"Wilson Santos reconhece avan\u00e7os do governo de MT, mas exp\u00f5e falhas graves na gest\u00e3o dos consignados - wilsonsantosmt.com.br\",\"isPartOf\":{\"@id\":\"https:\/\/wilsonsantosmt.com.br\/#website\"},\"datePublished\":\"2025-07-03T20:59:44+00:00\",\"dateModified\":\"2025-07-08T21:01:03+00:00\",\"breadcrumb\":{\"@id\":\"https:\/\/wilsonsantosmt.com.br\/index.php\/2025\/07\/03\/wilson-santos-reconhece-avancos-do-governo-de-mt-mas-expoe-falhas-graves-na-gestao-dos-consignados-3\/#breadcrumb\"},\"inLanguage\":\"pt-BR\",\"potentialAction\":[{\"@type\":\"ReadAction\",\"target\":[\"https:\/\/wilsonsantosmt.com.br\/index.php\/2025\/07\/03\/wilson-santos-reconhece-avancos-do-governo-de-mt-mas-expoe-falhas-graves-na-gestao-dos-consignados-3\/\"]}]},{\"@type\":\"BreadcrumbList\",\"@id\":\"https:\/\/wilsonsantosmt.com.br\/index.php\/2025\/07\/03\/wilson-santos-reconhece-avancos-do-governo-de-mt-mas-expoe-falhas-graves-na-gestao-dos-consignados-3\/#breadcrumb\",\"itemListElement\":[{\"@type\":\"ListItem\",\"position\":1,\"name\":\"In\u00edcio\",\"item\":\"https:\/\/wilsonsantosmt.com.br\/\"},{\"@type\":\"ListItem\",\"position\":2,\"name\":\"Not\u00edcias\",\"item\":\"https:\/\/wilsonsantosmt.com.br\/index.php\/category\/noticias\/\"},{\"@type\":\"ListItem\",\"position\":3,\"name\":\"Wilson Santos reconhece avan\u00e7os do governo de MT, mas exp\u00f5e falhas graves na gest\u00e3o dos consignados\"}]},{\"@type\":\"WebSite\",\"@id\":\"https:\/\/wilsonsantosmt.com.br\/#website\",\"url\":\"https:\/\/wilsonsantosmt.com.br\/\",\"name\":\"wilsonsantosmt.com.br\",\"description\":\"\",\"publisher\":{\"@id\":\"https:\/\/wilsonsantosmt.com.br\/#\/schema\/person\/9de3c54961637a9eadb16bcbf895b1ef\"},\"potentialAction\":[{\"@type\":\"SearchAction\",\"target\":{\"@type\":\"EntryPoint\",\"urlTemplate\":\"https:\/\/wilsonsantosmt.com.br\/?s={search_term_string}\"},\"query-input\":\"required name=search_term_string\"}],\"inLanguage\":\"pt-BR\"},{\"@type\":[\"Person\",\"Organization\"],\"@id\":\"https:\/\/wilsonsantosmt.com.br\/#\/schema\/person\/9de3c54961637a9eadb16bcbf895b1ef\",\"name\":\"Wilson Santos\",\"image\":{\"@type\":\"ImageObject\",\"inLanguage\":\"pt-BR\",\"@id\":\"https:\/\/wilsonsantosmt.com.br\/#\/schema\/person\/image\/\",\"url\":\"https:\/\/wilsonsantosmt.com.br\/wp-content\/uploads\/2023\/11\/310828673_653254583023360_8795459643194608438_n.jpg\",\"contentUrl\":\"https:\/\/wilsonsantosmt.com.br\/wp-content\/uploads\/2023\/11\/310828673_653254583023360_8795459643194608438_n.jpg\",\"width\":1078,\"height\":1079,\"caption\":\"Wilson Santos\"},\"logo\":{\"@id\":\"https:\/\/wilsonsantosmt.com.br\/#\/schema\/person\/image\/\"},\"sameAs\":[\"http:\/\/wilsonsantosmt.com.br\",\"https:\/\/www.facebook.com\/WilsonSantosMT\/\",\"https:\/\/www.instagram.com\/wilsonsantosmt\/\",\"https:\/\/www.youtube.com\/@WilsonSantosWS\/videos\",\"https:\/\/pt.wikipedia.org\/wiki\/Wilson_Santos\"],\"honorificPrefix\":\"Sr\",\"gender\":\"masculino\",\"jobTitle\":\"Deputado Estadual\",\"worksFor\":\"Assembleia Legislativa de Mato Grosso\"},{\"@type\":\"Person\",\"@id\":\"https:\/\/wilsonsantosmt.com.br\/#\/schema\/person\/1d097ee45f526dd0455dbad8c679932c\",\"name\":\"Samantha dos Anjos\",\"image\":{\"@type\":\"ImageObject\",\"inLanguage\":\"pt-BR\",\"@id\":\"https:\/\/wilsonsantosmt.com.br\/#\/schema\/person\/image\/\",\"url\":\"https:\/\/secure.gravatar.com\/avatar\/7d8d0b6dd67d134a9fa841bee90c57c7?s=96&d=mm&r=g\",\"contentUrl\":\"https:\/\/secure.gravatar.com\/avatar\/7d8d0b6dd67d134a9fa841bee90c57c7?s=96&d=mm&r=g\",\"caption\":\"Samantha dos Anjos\"},\"url\":\"https:\/\/wilsonsantosmt.com.br\/index.php\/author\/samantha-dos-anjos\/\"}]}<\/script>\n<!-- \/ Yoast SEO Premium plugin. -->","yoast_head_json":{"title":"Wilson Santos reconhece avan\u00e7os do governo de MT, mas exp\u00f5e falhas graves na gest\u00e3o dos consignados - wilsonsantosmt.com.br","robots":{"index":"index","follow":"follow","max-snippet":"max-snippet:-1","max-image-preview":"max-image-preview:large","max-video-preview":"max-video-preview:-1"},"canonical":"https:\/\/wilsonsantosmt.com.br\/index.php\/2025\/07\/03\/wilson-santos-reconhece-avancos-do-governo-de-mt-mas-expoe-falhas-graves-na-gestao-dos-consignados-3\/","og_locale":"pt_BR","og_type":"article","og_title":"Wilson Santos reconhece avan\u00e7os do governo de MT, mas exp\u00f5e falhas graves na gest\u00e3o dos consignados","og_description":"O deputado estadual Wilson Santos (PSD) utilizou a tribuna nesta quarta-feira (2), durante sess\u00e3o plen\u00e1ria, para destacar os importantes investimentos realizados pelo Governo de Mato Grosso nas \u00e1reas da sa\u00fade com a constru\u00e7\u00e3o de seis hospitais p\u00fablicos e da infraestrutura com as melhorias nas principais rodovias do estado. Al\u00e9m de sua classifica\u00e7\u00e3o com nota m\u00e1xima [&hellip;]","og_url":"https:\/\/wilsonsantosmt.com.br\/index.php\/2025\/07\/03\/wilson-santos-reconhece-avancos-do-governo-de-mt-mas-expoe-falhas-graves-na-gestao-dos-consignados-3\/","og_site_name":"wilsonsantosmt.com.br","article_publisher":"https:\/\/www.facebook.com\/WilsonSantosMT\/","article_published_time":"2025-07-03T20:59:44+00:00","article_modified_time":"2025-07-08T21:01:03+00:00","og_image":[{"width":1600,"height":1067,"url":"http:\/\/wilsonsantosmt.com.br\/wp-content\/uploads\/2025\/07\/WhatsApp-Image-2025-07-03-at-10.53.55.jpeg","type":"image\/jpeg"}],"author":"Samantha dos Anjos","twitter_card":"summary_large_image","twitter_misc":{"Escrito por":"Samantha dos Anjos","Est. tempo de leitura":"4 minutos"},"schema":{"@context":"https:\/\/schema.org","@graph":[{"@type":"Article","@id":"https:\/\/wilsonsantosmt.com.br\/index.php\/2025\/07\/03\/wilson-santos-reconhece-avancos-do-governo-de-mt-mas-expoe-falhas-graves-na-gestao-dos-consignados-3\/#article","isPartOf":{"@id":"https:\/\/wilsonsantosmt.com.br\/index.php\/2025\/07\/03\/wilson-santos-reconhece-avancos-do-governo-de-mt-mas-expoe-falhas-graves-na-gestao-dos-consignados-3\/"},"author":{"name":"Samantha dos Anjos","@id":"https:\/\/wilsonsantosmt.com.br\/#\/schema\/person\/1d097ee45f526dd0455dbad8c679932c"},"headline":"Wilson Santos reconhece avan\u00e7os do governo de MT, mas exp\u00f5e falhas graves na gest\u00e3o dos consignados","datePublished":"2025-07-03T20:59:44+00:00","dateModified":"2025-07-08T21:01:03+00:00","mainEntityOfPage":{"@id":"https:\/\/wilsonsantosmt.com.br\/index.php\/2025\/07\/03\/wilson-santos-reconhece-avancos-do-governo-de-mt-mas-expoe-falhas-graves-na-gestao-dos-consignados-3\/"},"wordCount":630,"publisher":{"@id":"https:\/\/wilsonsantosmt.com.br\/#\/schema\/person\/9de3c54961637a9eadb16bcbf895b1ef"},"articleSection":["Not\u00edcias"],"inLanguage":"pt-BR"},{"@type":"WebPage","@id":"https:\/\/wilsonsantosmt.com.br\/index.php\/2025\/07\/03\/wilson-santos-reconhece-avancos-do-governo-de-mt-mas-expoe-falhas-graves-na-gestao-dos-consignados-3\/","url":"https:\/\/wilsonsantosmt.com.br\/index.php\/2025\/07\/03\/wilson-santos-reconhece-avancos-do-governo-de-mt-mas-expoe-falhas-graves-na-gestao-dos-consignados-3\/","name":"Wilson Santos reconhece avan\u00e7os do governo de MT, mas exp\u00f5e falhas graves na gest\u00e3o dos consignados - wilsonsantosmt.com.br","isPartOf":{"@id":"https:\/\/wilsonsantosmt.com.br\/#website"},"datePublished":"2025-07-03T20:59:44+00:00","dateModified":"2025-07-08T21:01:03+00:00","breadcrumb":{"@id":"https:\/\/wilsonsantosmt.com.br\/index.php\/2025\/07\/03\/wilson-santos-reconhece-avancos-do-governo-de-mt-mas-expoe-falhas-graves-na-gestao-dos-consignados-3\/#breadcrumb"},"inLanguage":"pt-BR","potentialAction":[{"@type":"ReadAction","target":["https:\/\/wilsonsantosmt.com.br\/index.php\/2025\/07\/03\/wilson-santos-reconhece-avancos-do-governo-de-mt-mas-expoe-falhas-graves-na-gestao-dos-consignados-3\/"]}]},{"@type":"BreadcrumbList","@id":"https:\/\/wilsonsantosmt.com.br\/index.php\/2025\/07\/03\/wilson-santos-reconhece-avancos-do-governo-de-mt-mas-expoe-falhas-graves-na-gestao-dos-consignados-3\/#breadcrumb","itemListElement":[{"@type":"ListItem","position":1,"name":"In\u00edcio","item":"https:\/\/wilsonsantosmt.com.br\/"},{"@type":"ListItem","position":2,"name":"Not\u00edcias","item":"https:\/\/wilsonsantosmt.com.br\/index.php\/category\/noticias\/"},{"@type":"ListItem","position":3,"name":"Wilson Santos reconhece avan\u00e7os do governo de MT, mas exp\u00f5e falhas graves na gest\u00e3o dos consignados"}]},{"@type":"WebSite","@id":"https:\/\/wilsonsantosmt.com.br\/#website","url":"https:\/\/wilsonsantosmt.com.br\/","name":"wilsonsantosmt.com.br","description":"","publisher":{"@id":"https:\/\/wilsonsantosmt.com.br\/#\/schema\/person\/9de3c54961637a9eadb16bcbf895b1ef"},"potentialAction":[{"@type":"SearchAction","target":{"@type":"EntryPoint","urlTemplate":"https:\/\/wilsonsantosmt.com.br\/?s={search_term_string}"},"query-input":"required name=search_term_string"}],"inLanguage":"pt-BR"},{"@type":["Person","Organization"],"@id":"https:\/\/wilsonsantosmt.com.br\/#\/schema\/person\/9de3c54961637a9eadb16bcbf895b1ef","name":"Wilson Santos","image":{"@type":"ImageObject","inLanguage":"pt-BR","@id":"https:\/\/wilsonsantosmt.com.br\/#\/schema\/person\/image\/","url":"https:\/\/wilsonsantosmt.com.br\/wp-content\/uploads\/2023\/11\/310828673_653254583023360_8795459643194608438_n.jpg","contentUrl":"https:\/\/wilsonsantosmt.com.br\/wp-content\/uploads\/2023\/11\/310828673_653254583023360_8795459643194608438_n.jpg","width":1078,"height":1079,"caption":"Wilson Santos"},"logo":{"@id":"https:\/\/wilsonsantosmt.com.br\/#\/schema\/person\/image\/"},"sameAs":["http:\/\/wilsonsantosmt.com.br","https:\/\/www.facebook.com\/WilsonSantosMT\/","https:\/\/www.instagram.com\/wilsonsantosmt\/","https:\/\/www.youtube.com\/@WilsonSantosWS\/videos","https:\/\/pt.wikipedia.org\/wiki\/Wilson_Santos"],"honorificPrefix":"Sr","gender":"masculino","jobTitle":"Deputado Estadual","worksFor":"Assembleia Legislativa de Mato Grosso"},{"@type":"Person","@id":"https:\/\/wilsonsantosmt.com.br\/#\/schema\/person\/1d097ee45f526dd0455dbad8c679932c","name":"Samantha dos Anjos","image":{"@type":"ImageObject","inLanguage":"pt-BR","@id":"https:\/\/wilsonsantosmt.com.br\/#\/schema\/person\/image\/","url":"https:\/\/secure.gravatar.com\/avatar\/7d8d0b6dd67d134a9fa841bee90c57c7?s=96&d=mm&r=g","contentUrl":"https:\/\/secure.gravatar.com\/avatar\/7d8d0b6dd67d134a9fa841bee90c57c7?s=96&d=mm&r=g","caption":"Samantha dos Anjos"},"url":"https:\/\/wilsonsantosmt.com.br\/index.php\/author\/samantha-dos-anjos\/"}]}},"_links":{"self":[{"href":"https:\/\/wilsonsantosmt.com.br\/index.php\/wp-json\/wp\/v2\/posts\/1695"}],"collection":[{"href":"https:\/\/wilsonsantosmt.com.br\/index.php\/wp-json\/wp\/v2\/posts"}],"about":[{"href":"https:\/\/wilsonsantosmt.com.br\/index.php\/wp-json\/wp\/v2\/types\/post"}],"author":[{"embeddable":true,"href":"https:\/\/wilsonsantosmt.com.br\/index.php\/wp-json\/wp\/v2\/users\/4"}],"replies":[{"embeddable":true,"href":"https:\/\/wilsonsantosmt.com.br\/index.php\/wp-json\/wp\/v2\/comments?post=1695"}],"version-history":[{"count":1,"href":"https:\/\/wilsonsantosmt.com.br\/index.php\/wp-json\/wp\/v2\/posts\/1695\/revisions"}],"predecessor-version":[{"id":1697,"href":"https:\/\/wilsonsantosmt.com.br\/index.php\/wp-json\/wp\/v2\/posts\/1695\/revisions\/1697"}],"wp:featuredmedia":[{"embeddable":true,"href":"https:\/\/wilsonsantosmt.com.br\/index.php\/wp-json\/wp\/v2\/media\/1696"}],"wp:attachment":[{"href":"https:\/\/wilsonsantosmt.com.br\/index.php\/wp-json\/wp\/v2\/media?parent=1695"}],"wp:term":[{"taxonomy":"category","embeddable":true,"href":"https:\/\/wilsonsantosmt.com.br\/index.php\/wp-json\/wp\/v2\/categories?post=1695"},{"taxonomy":"post_tag","embeddable":true,"href":"https:\/\/wilsonsantosmt.com.br\/index.php\/wp-json\/wp\/v2\/tags?post=1695"}],"curies":[{"name":"wp","href":"https:\/\/api.w.org\/{rel}","templated":true}]}}