{"id":1708,"date":"2025-07-11T16:40:35","date_gmt":"2025-07-11T20:40:35","guid":{"rendered":"https:\/\/wilsonsantosmt.com.br\/?p=1708"},"modified":"2025-07-11T16:40:35","modified_gmt":"2025-07-11T20:40:35","slug":"wilson-santos-intervem-e-instituto-dos-cegos-inaugura-nova-caixa-dagua-apos-interdicao","status":"publish","type":"post","link":"https:\/\/wilsonsantosmt.com.br\/index.php\/2025\/07\/11\/wilson-santos-intervem-e-instituto-dos-cegos-inaugura-nova-caixa-dagua-apos-interdicao\/","title":{"rendered":"Wilson Santos interv\u00e9m e Instituto dos Cegos inaugura nova caixa d\u2019\u00e1gua ap\u00f3s interdi\u00e7\u00e3o"},"content":{"rendered":"\n<p><\/p>\n\n\n\n<p>O deputado estadual Wilson Santos (PSD) participou, nesta sexta-feira (11), da inaugura\u00e7\u00e3o de uma nova caixa d\u2019\u00e1gua com capacidade para 200 mil litros, instalada no Instituto dos Cegos do Estado de Mato Grosso (Icemat), em Cuiab\u00e1. A estrutura foi viabilizada ap\u00f3s solicita\u00e7\u00e3o do parlamentar ao Grupo de Amigos Diva, presidido por Edilson Queiroz, com apoio de empres\u00e1rios, ex-pol\u00edticos, deputados e vereadores.<\/p>\n\n\n\n<p>Para celebrar a conquista, a institui\u00e7\u00e3o organizou um almo\u00e7o com apresenta\u00e7\u00e3o da banda \u201cBengalas\u201d, formada por m\u00fasicos com defici\u00eancia visual atendidos pelo Icemat. O grupo musical animou o evento e encantou o p\u00fablico presente. \u201cQuando voc\u00ea ajuda, fica mais feliz do que quem \u00e9 ajudado. O Grupo Diva arrecadou um bom recurso para a aquisi\u00e7\u00e3o da caixa d\u2019\u00e1gua. \u00c0s vezes, complicamos nossa cabe\u00e7a por bobagens. Ver esse grupo musical, que mesmo sem vis\u00e3o f\u00edsica, tem alma e cora\u00e7\u00e3o. Isso nos inspira. Eles superaram os obst\u00e1culos da vida com grandeza e leveza\u201d, afirmou Wilson Santos.<\/p>\n\n\n\n<p>O parlamentar destacou seu compromisso com a causa da inclus\u00e3o. \u201cTrabalhamos para firmar parcerias que gerem melhorias reais na vida das pessoas. O Icemat \u00e9 uma entidade s\u00e9ria, com relevante trabalho social e nosso papel \u00e9 somar esfor\u00e7os. Ao entrar neste espa\u00e7o, nos sentimos seres especiais. \u00c9 uma escola que acolhe tanto quem nasceu sem vis\u00e3o quanto quem a perdeu ao longo da vida. Agrade\u00e7o aos parceiros do Grupo Diva por contribu\u00edrem com essa importante institui\u00e7\u00e3o\u201d, disse.<\/p>\n\n\n\n<p>O presidente do Grupo Diva, Edilson Queiroz, contou que foi sensibilizado pela demanda apresentada por Wilson Santos. \u201cO deputado faz um trabalho brilhante ajudando quem mais precisa. Quando estive no Instituto, percebi que os estudantes levam uma vida normal e fiquei encantado com a banda musical. Estou feliz por ter somado a esse projeto. Essa foi apenas a primeira contribui\u00e7\u00e3o do Grupo Diva ao Icemat. Haver\u00e1 mais parcerias. Podem contar conosco\u201d, garantiu.<\/p>\n\n\n\n<p>O presidente do Icemat, Udeilson C\u00e9sar, agradeceu ao deputado e ao Grupo Diva pelo apoio. \u201cNossa parceria com o Wilson Santos vem desde 1992. Ele nunca se esqueceu do nosso movimento. Sua presen\u00e7a faz muita diferen\u00e7a. A Vigil\u00e2ncia Sanit\u00e1ria havia interditado o Instituto por causa dos riscos de desabamento e contamina\u00e7\u00e3o da antiga caixa d\u2019\u00e1gua. Agora, com a nova estrutura, poderemos oferecer melhores condi\u00e7\u00f5es aos nossos alunos\u201d, afirmou.<\/p>\n\n\n\n<p>Com 46 anos de funda\u00e7\u00e3o, o Icemat atende cerca de 360 pessoas com defici\u00eancia visual, com idades entre seis e 83 anos, nas \u00e1reas de educa\u00e7\u00e3o, esporte, sa\u00fade, cultura e lazer. A entidade conta com mais de quatro mil associados e tem como miss\u00e3o promover pol\u00edticas p\u00fablicas de inclus\u00e3o, gerar oportunidades e garantir autonomia e direitos sociais a esse p\u00fablico.<\/p>\n","protected":false},"excerpt":{"rendered":"<p>O deputado estadual Wilson Santos (PSD) participou, nesta sexta-feira (11), da inaugura\u00e7\u00e3o de uma nova caixa d\u2019\u00e1gua com capacidade para 200 mil litros, instalada no Instituto dos Cegos do Estado de Mato Grosso (Icemat), em Cuiab\u00e1. A estrutura foi viabilizada ap\u00f3s solicita\u00e7\u00e3o do parlamentar ao Grupo de Amigos Diva, presidido por Edilson Queiroz, com apoio [&hellip;]<\/p>\n","protected":false},"author":4,"featured_media":1709,"comment_status":"closed","ping_status":"open","sticky":false,"template":"","format":"standard","meta":{"footnotes":""},"categories":[13],"tags":[],"yoast_head":"<!-- This site is optimized with the Yoast SEO Premium plugin v21.5 (Yoast SEO v21.4) - https:\/\/yoast.com\/wordpress\/plugins\/seo\/ -->\n<title>Wilson Santos interv\u00e9m e Instituto dos Cegos inaugura nova caixa d\u2019\u00e1gua ap\u00f3s interdi\u00e7\u00e3o - wilsonsantosmt.com.br<\/title>\n<meta name=\"robots\" content=\"index, follow, max-snippet:-1, max-image-preview:large, max-video-preview:-1\" \/>\n<link rel=\"canonical\" href=\"https:\/\/wilsonsantosmt.com.br\/index.php\/2025\/07\/11\/wilson-santos-intervem-e-instituto-dos-cegos-inaugura-nova-caixa-dagua-apos-interdicao\/\" \/>\n<meta property=\"og:locale\" content=\"pt_BR\" \/>\n<meta property=\"og:type\" content=\"article\" \/>\n<meta property=\"og:title\" content=\"Wilson Santos interv\u00e9m e Instituto dos Cegos inaugura nova caixa d\u2019\u00e1gua ap\u00f3s interdi\u00e7\u00e3o\" \/>\n<meta property=\"og:description\" content=\"O deputado estadual Wilson Santos (PSD) participou, nesta sexta-feira (11), da inaugura\u00e7\u00e3o de uma nova caixa d\u2019\u00e1gua com capacidade para 200 mil litros, instalada no Instituto dos Cegos do Estado de Mato Grosso (Icemat), em Cuiab\u00e1. A estrutura foi viabilizada ap\u00f3s solicita\u00e7\u00e3o do parlamentar ao Grupo de Amigos Diva, presidido por Edilson Queiroz, com apoio [&hellip;]\" \/>\n<meta property=\"og:url\" content=\"https:\/\/wilsonsantosmt.com.br\/index.php\/2025\/07\/11\/wilson-santos-intervem-e-instituto-dos-cegos-inaugura-nova-caixa-dagua-apos-interdicao\/\" \/>\n<meta property=\"og:site_name\" content=\"wilsonsantosmt.com.br\" \/>\n<meta property=\"article:publisher\" content=\"https:\/\/www.facebook.com\/WilsonSantosMT\/\" \/>\n<meta property=\"article:published_time\" content=\"2025-07-11T20:40:35+00:00\" \/>\n<meta property=\"og:image\" content=\"http:\/\/wilsonsantosmt.com.br\/wp-content\/uploads\/2025\/07\/WhatsApp-Image-2025-07-11-at-13.49.18.jpeg\" \/>\n\t<meta property=\"og:image:width\" content=\"1280\" \/>\n\t<meta property=\"og:image:height\" content=\"851\" \/>\n\t<meta property=\"og:image:type\" content=\"image\/jpeg\" \/>\n<meta name=\"author\" content=\"Samantha dos Anjos\" \/>\n<meta name=\"twitter:card\" content=\"summary_large_image\" \/>\n<meta name=\"twitter:label1\" content=\"Escrito por\" \/>\n\t<meta name=\"twitter:data1\" content=\"Samantha dos Anjos\" \/>\n\t<meta name=\"twitter:label2\" content=\"Est. tempo de leitura\" \/>\n\t<meta name=\"twitter:data2\" content=\"3 minutos\" \/>\n<script type=\"application\/ld+json\" class=\"yoast-schema-graph\">{\"@context\":\"https:\/\/schema.org\",\"@graph\":[{\"@type\":\"Article\",\"@id\":\"https:\/\/wilsonsantosmt.com.br\/index.php\/2025\/07\/11\/wilson-santos-intervem-e-instituto-dos-cegos-inaugura-nova-caixa-dagua-apos-interdicao\/#article\",\"isPartOf\":{\"@id\":\"https:\/\/wilsonsantosmt.com.br\/index.php\/2025\/07\/11\/wilson-santos-intervem-e-instituto-dos-cegos-inaugura-nova-caixa-dagua-apos-interdicao\/\"},\"author\":{\"name\":\"Samantha dos Anjos\",\"@id\":\"https:\/\/wilsonsantosmt.com.br\/#\/schema\/person\/1d097ee45f526dd0455dbad8c679932c\"},\"headline\":\"Wilson Santos interv\u00e9m e Instituto dos Cegos inaugura nova caixa d\u2019\u00e1gua ap\u00f3s interdi\u00e7\u00e3o\",\"datePublished\":\"2025-07-11T20:40:35+00:00\",\"dateModified\":\"2025-07-11T20:40:35+00:00\",\"mainEntityOfPage\":{\"@id\":\"https:\/\/wilsonsantosmt.com.br\/index.php\/2025\/07\/11\/wilson-santos-intervem-e-instituto-dos-cegos-inaugura-nova-caixa-dagua-apos-interdicao\/\"},\"wordCount\":484,\"publisher\":{\"@id\":\"https:\/\/wilsonsantosmt.com.br\/#\/schema\/person\/9de3c54961637a9eadb16bcbf895b1ef\"},\"articleSection\":[\"Not\u00edcias\"],\"inLanguage\":\"pt-BR\"},{\"@type\":\"WebPage\",\"@id\":\"https:\/\/wilsonsantosmt.com.br\/index.php\/2025\/07\/11\/wilson-santos-intervem-e-instituto-dos-cegos-inaugura-nova-caixa-dagua-apos-interdicao\/\",\"url\":\"https:\/\/wilsonsantosmt.com.br\/index.php\/2025\/07\/11\/wilson-santos-intervem-e-instituto-dos-cegos-inaugura-nova-caixa-dagua-apos-interdicao\/\",\"name\":\"Wilson Santos interv\u00e9m e Instituto dos Cegos inaugura nova caixa d\u2019\u00e1gua ap\u00f3s interdi\u00e7\u00e3o - wilsonsantosmt.com.br\",\"isPartOf\":{\"@id\":\"https:\/\/wilsonsantosmt.com.br\/#website\"},\"datePublished\":\"2025-07-11T20:40:35+00:00\",\"dateModified\":\"2025-07-11T20:40:35+00:00\",\"breadcrumb\":{\"@id\":\"https:\/\/wilsonsantosmt.com.br\/index.php\/2025\/07\/11\/wilson-santos-intervem-e-instituto-dos-cegos-inaugura-nova-caixa-dagua-apos-interdicao\/#breadcrumb\"},\"inLanguage\":\"pt-BR\",\"potentialAction\":[{\"@type\":\"ReadAction\",\"target\":[\"https:\/\/wilsonsantosmt.com.br\/index.php\/2025\/07\/11\/wilson-santos-intervem-e-instituto-dos-cegos-inaugura-nova-caixa-dagua-apos-interdicao\/\"]}]},{\"@type\":\"BreadcrumbList\",\"@id\":\"https:\/\/wilsonsantosmt.com.br\/index.php\/2025\/07\/11\/wilson-santos-intervem-e-instituto-dos-cegos-inaugura-nova-caixa-dagua-apos-interdicao\/#breadcrumb\",\"itemListElement\":[{\"@type\":\"ListItem\",\"position\":1,\"name\":\"In\u00edcio\",\"item\":\"https:\/\/wilsonsantosmt.com.br\/\"},{\"@type\":\"ListItem\",\"position\":2,\"name\":\"Not\u00edcias\",\"item\":\"https:\/\/wilsonsantosmt.com.br\/index.php\/category\/noticias\/\"},{\"@type\":\"ListItem\",\"position\":3,\"name\":\"Wilson Santos interv\u00e9m e Instituto dos Cegos inaugura nova caixa d\u2019\u00e1gua ap\u00f3s interdi\u00e7\u00e3o\"}]},{\"@type\":\"WebSite\",\"@id\":\"https:\/\/wilsonsantosmt.com.br\/#website\",\"url\":\"https:\/\/wilsonsantosmt.com.br\/\",\"name\":\"wilsonsantosmt.com.br\",\"description\":\"\",\"publisher\":{\"@id\":\"https:\/\/wilsonsantosmt.com.br\/#\/schema\/person\/9de3c54961637a9eadb16bcbf895b1ef\"},\"potentialAction\":[{\"@type\":\"SearchAction\",\"target\":{\"@type\":\"EntryPoint\",\"urlTemplate\":\"https:\/\/wilsonsantosmt.com.br\/?s={search_term_string}\"},\"query-input\":\"required name=search_term_string\"}],\"inLanguage\":\"pt-BR\"},{\"@type\":[\"Person\",\"Organization\"],\"@id\":\"https:\/\/wilsonsantosmt.com.br\/#\/schema\/person\/9de3c54961637a9eadb16bcbf895b1ef\",\"name\":\"Wilson Santos\",\"image\":{\"@type\":\"ImageObject\",\"inLanguage\":\"pt-BR\",\"@id\":\"https:\/\/wilsonsantosmt.com.br\/#\/schema\/person\/image\/\",\"url\":\"https:\/\/wilsonsantosmt.com.br\/wp-content\/uploads\/2023\/11\/310828673_653254583023360_8795459643194608438_n.jpg\",\"contentUrl\":\"https:\/\/wilsonsantosmt.com.br\/wp-content\/uploads\/2023\/11\/310828673_653254583023360_8795459643194608438_n.jpg\",\"width\":1078,\"height\":1079,\"caption\":\"Wilson Santos\"},\"logo\":{\"@id\":\"https:\/\/wilsonsantosmt.com.br\/#\/schema\/person\/image\/\"},\"sameAs\":[\"http:\/\/wilsonsantosmt.com.br\",\"https:\/\/www.facebook.com\/WilsonSantosMT\/\",\"https:\/\/www.instagram.com\/wilsonsantosmt\/\",\"https:\/\/www.youtube.com\/@WilsonSantosWS\/videos\",\"https:\/\/pt.wikipedia.org\/wiki\/Wilson_Santos\"],\"honorificPrefix\":\"Sr\",\"gender\":\"masculino\",\"jobTitle\":\"Deputado Estadual\",\"worksFor\":\"Assembleia Legislativa de Mato Grosso\"},{\"@type\":\"Person\",\"@id\":\"https:\/\/wilsonsantosmt.com.br\/#\/schema\/person\/1d097ee45f526dd0455dbad8c679932c\",\"name\":\"Samantha dos Anjos\",\"image\":{\"@type\":\"ImageObject\",\"inLanguage\":\"pt-BR\",\"@id\":\"https:\/\/wilsonsantosmt.com.br\/#\/schema\/person\/image\/\",\"url\":\"https:\/\/secure.gravatar.com\/avatar\/7d8d0b6dd67d134a9fa841bee90c57c7?s=96&d=mm&r=g\",\"contentUrl\":\"https:\/\/secure.gravatar.com\/avatar\/7d8d0b6dd67d134a9fa841bee90c57c7?s=96&d=mm&r=g\",\"caption\":\"Samantha dos Anjos\"},\"url\":\"https:\/\/wilsonsantosmt.com.br\/index.php\/author\/samantha-dos-anjos\/\"}]}<\/script>\n<!-- \/ Yoast SEO Premium plugin. -->","yoast_head_json":{"title":"Wilson Santos interv\u00e9m e Instituto dos Cegos inaugura nova caixa d\u2019\u00e1gua ap\u00f3s interdi\u00e7\u00e3o - wilsonsantosmt.com.br","robots":{"index":"index","follow":"follow","max-snippet":"max-snippet:-1","max-image-preview":"max-image-preview:large","max-video-preview":"max-video-preview:-1"},"canonical":"https:\/\/wilsonsantosmt.com.br\/index.php\/2025\/07\/11\/wilson-santos-intervem-e-instituto-dos-cegos-inaugura-nova-caixa-dagua-apos-interdicao\/","og_locale":"pt_BR","og_type":"article","og_title":"Wilson Santos interv\u00e9m e Instituto dos Cegos inaugura nova caixa d\u2019\u00e1gua ap\u00f3s interdi\u00e7\u00e3o","og_description":"O deputado estadual Wilson Santos (PSD) participou, nesta sexta-feira (11), da inaugura\u00e7\u00e3o de uma nova caixa d\u2019\u00e1gua com capacidade para 200 mil litros, instalada no Instituto dos Cegos do Estado de Mato Grosso (Icemat), em Cuiab\u00e1. A estrutura foi viabilizada ap\u00f3s solicita\u00e7\u00e3o do parlamentar ao Grupo de Amigos Diva, presidido por Edilson Queiroz, com apoio [&hellip;]","og_url":"https:\/\/wilsonsantosmt.com.br\/index.php\/2025\/07\/11\/wilson-santos-intervem-e-instituto-dos-cegos-inaugura-nova-caixa-dagua-apos-interdicao\/","og_site_name":"wilsonsantosmt.com.br","article_publisher":"https:\/\/www.facebook.com\/WilsonSantosMT\/","article_published_time":"2025-07-11T20:40:35+00:00","og_image":[{"width":1280,"height":851,"url":"http:\/\/wilsonsantosmt.com.br\/wp-content\/uploads\/2025\/07\/WhatsApp-Image-2025-07-11-at-13.49.18.jpeg","type":"image\/jpeg"}],"author":"Samantha dos Anjos","twitter_card":"summary_large_image","twitter_misc":{"Escrito por":"Samantha dos Anjos","Est. tempo de leitura":"3 minutos"},"schema":{"@context":"https:\/\/schema.org","@graph":[{"@type":"Article","@id":"https:\/\/wilsonsantosmt.com.br\/index.php\/2025\/07\/11\/wilson-santos-intervem-e-instituto-dos-cegos-inaugura-nova-caixa-dagua-apos-interdicao\/#article","isPartOf":{"@id":"https:\/\/wilsonsantosmt.com.br\/index.php\/2025\/07\/11\/wilson-santos-intervem-e-instituto-dos-cegos-inaugura-nova-caixa-dagua-apos-interdicao\/"},"author":{"name":"Samantha dos Anjos","@id":"https:\/\/wilsonsantosmt.com.br\/#\/schema\/person\/1d097ee45f526dd0455dbad8c679932c"},"headline":"Wilson Santos interv\u00e9m e Instituto dos Cegos inaugura nova caixa d\u2019\u00e1gua ap\u00f3s interdi\u00e7\u00e3o","datePublished":"2025-07-11T20:40:35+00:00","dateModified":"2025-07-11T20:40:35+00:00","mainEntityOfPage":{"@id":"https:\/\/wilsonsantosmt.com.br\/index.php\/2025\/07\/11\/wilson-santos-intervem-e-instituto-dos-cegos-inaugura-nova-caixa-dagua-apos-interdicao\/"},"wordCount":484,"publisher":{"@id":"https:\/\/wilsonsantosmt.com.br\/#\/schema\/person\/9de3c54961637a9eadb16bcbf895b1ef"},"articleSection":["Not\u00edcias"],"inLanguage":"pt-BR"},{"@type":"WebPage","@id":"https:\/\/wilsonsantosmt.com.br\/index.php\/2025\/07\/11\/wilson-santos-intervem-e-instituto-dos-cegos-inaugura-nova-caixa-dagua-apos-interdicao\/","url":"https:\/\/wilsonsantosmt.com.br\/index.php\/2025\/07\/11\/wilson-santos-intervem-e-instituto-dos-cegos-inaugura-nova-caixa-dagua-apos-interdicao\/","name":"Wilson Santos interv\u00e9m e Instituto dos Cegos inaugura nova caixa d\u2019\u00e1gua ap\u00f3s interdi\u00e7\u00e3o - wilsonsantosmt.com.br","isPartOf":{"@id":"https:\/\/wilsonsantosmt.com.br\/#website"},"datePublished":"2025-07-11T20:40:35+00:00","dateModified":"2025-07-11T20:40:35+00:00","breadcrumb":{"@id":"https:\/\/wilsonsantosmt.com.br\/index.php\/2025\/07\/11\/wilson-santos-intervem-e-instituto-dos-cegos-inaugura-nova-caixa-dagua-apos-interdicao\/#breadcrumb"},"inLanguage":"pt-BR","potentialAction":[{"@type":"ReadAction","target":["https:\/\/wilsonsantosmt.com.br\/index.php\/2025\/07\/11\/wilson-santos-intervem-e-instituto-dos-cegos-inaugura-nova-caixa-dagua-apos-interdicao\/"]}]},{"@type":"BreadcrumbList","@id":"https:\/\/wilsonsantosmt.com.br\/index.php\/2025\/07\/11\/wilson-santos-intervem-e-instituto-dos-cegos-inaugura-nova-caixa-dagua-apos-interdicao\/#breadcrumb","itemListElement":[{"@type":"ListItem","position":1,"name":"In\u00edcio","item":"https:\/\/wilsonsantosmt.com.br\/"},{"@type":"ListItem","position":2,"name":"Not\u00edcias","item":"https:\/\/wilsonsantosmt.com.br\/index.php\/category\/noticias\/"},{"@type":"ListItem","position":3,"name":"Wilson Santos interv\u00e9m e Instituto dos Cegos inaugura nova caixa d\u2019\u00e1gua ap\u00f3s interdi\u00e7\u00e3o"}]},{"@type":"WebSite","@id":"https:\/\/wilsonsantosmt.com.br\/#website","url":"https:\/\/wilsonsantosmt.com.br\/","name":"wilsonsantosmt.com.br","description":"","publisher":{"@id":"https:\/\/wilsonsantosmt.com.br\/#\/schema\/person\/9de3c54961637a9eadb16bcbf895b1ef"},"potentialAction":[{"@type":"SearchAction","target":{"@type":"EntryPoint","urlTemplate":"https:\/\/wilsonsantosmt.com.br\/?s={search_term_string}"},"query-input":"required name=search_term_string"}],"inLanguage":"pt-BR"},{"@type":["Person","Organization"],"@id":"https:\/\/wilsonsantosmt.com.br\/#\/schema\/person\/9de3c54961637a9eadb16bcbf895b1ef","name":"Wilson Santos","image":{"@type":"ImageObject","inLanguage":"pt-BR","@id":"https:\/\/wilsonsantosmt.com.br\/#\/schema\/person\/image\/","url":"https:\/\/wilsonsantosmt.com.br\/wp-content\/uploads\/2023\/11\/310828673_653254583023360_8795459643194608438_n.jpg","contentUrl":"https:\/\/wilsonsantosmt.com.br\/wp-content\/uploads\/2023\/11\/310828673_653254583023360_8795459643194608438_n.jpg","width":1078,"height":1079,"caption":"Wilson Santos"},"logo":{"@id":"https:\/\/wilsonsantosmt.com.br\/#\/schema\/person\/image\/"},"sameAs":["http:\/\/wilsonsantosmt.com.br","https:\/\/www.facebook.com\/WilsonSantosMT\/","https:\/\/www.instagram.com\/wilsonsantosmt\/","https:\/\/www.youtube.com\/@WilsonSantosWS\/videos","https:\/\/pt.wikipedia.org\/wiki\/Wilson_Santos"],"honorificPrefix":"Sr","gender":"masculino","jobTitle":"Deputado Estadual","worksFor":"Assembleia Legislativa de Mato Grosso"},{"@type":"Person","@id":"https:\/\/wilsonsantosmt.com.br\/#\/schema\/person\/1d097ee45f526dd0455dbad8c679932c","name":"Samantha dos Anjos","image":{"@type":"ImageObject","inLanguage":"pt-BR","@id":"https:\/\/wilsonsantosmt.com.br\/#\/schema\/person\/image\/","url":"https:\/\/secure.gravatar.com\/avatar\/7d8d0b6dd67d134a9fa841bee90c57c7?s=96&d=mm&r=g","contentUrl":"https:\/\/secure.gravatar.com\/avatar\/7d8d0b6dd67d134a9fa841bee90c57c7?s=96&d=mm&r=g","caption":"Samantha dos Anjos"},"url":"https:\/\/wilsonsantosmt.com.br\/index.php\/author\/samantha-dos-anjos\/"}]}},"_links":{"self":[{"href":"https:\/\/wilsonsantosmt.com.br\/index.php\/wp-json\/wp\/v2\/posts\/1708"}],"collection":[{"href":"https:\/\/wilsonsantosmt.com.br\/index.php\/wp-json\/wp\/v2\/posts"}],"about":[{"href":"https:\/\/wilsonsantosmt.com.br\/index.php\/wp-json\/wp\/v2\/types\/post"}],"author":[{"embeddable":true,"href":"https:\/\/wilsonsantosmt.com.br\/index.php\/wp-json\/wp\/v2\/users\/4"}],"replies":[{"embeddable":true,"href":"https:\/\/wilsonsantosmt.com.br\/index.php\/wp-json\/wp\/v2\/comments?post=1708"}],"version-history":[{"count":1,"href":"https:\/\/wilsonsantosmt.com.br\/index.php\/wp-json\/wp\/v2\/posts\/1708\/revisions"}],"predecessor-version":[{"id":1710,"href":"https:\/\/wilsonsantosmt.com.br\/index.php\/wp-json\/wp\/v2\/posts\/1708\/revisions\/1710"}],"wp:featuredmedia":[{"embeddable":true,"href":"https:\/\/wilsonsantosmt.com.br\/index.php\/wp-json\/wp\/v2\/media\/1709"}],"wp:attachment":[{"href":"https:\/\/wilsonsantosmt.com.br\/index.php\/wp-json\/wp\/v2\/media?parent=1708"}],"wp:term":[{"taxonomy":"category","embeddable":true,"href":"https:\/\/wilsonsantosmt.com.br\/index.php\/wp-json\/wp\/v2\/categories?post=1708"},{"taxonomy":"post_tag","embeddable":true,"href":"https:\/\/wilsonsantosmt.com.br\/index.php\/wp-json\/wp\/v2\/tags?post=1708"}],"curies":[{"name":"wp","href":"https:\/\/api.w.org\/{rel}","templated":true}]}}