{"id":1711,"date":"2025-07-10T16:40:00","date_gmt":"2025-07-10T20:40:00","guid":{"rendered":"https:\/\/wilsonsantosmt.com.br\/?p=1711"},"modified":"2025-07-11T16:41:17","modified_gmt":"2025-07-11T20:41:17","slug":"wilson-santos-debate-impactos-da-lei-do-transporte-zero-com-pescadores-de-juina","status":"publish","type":"post","link":"https:\/\/wilsonsantosmt.com.br\/index.php\/2025\/07\/10\/wilson-santos-debate-impactos-da-lei-do-transporte-zero-com-pescadores-de-juina\/","title":{"rendered":"Wilson Santos debate impactos da Lei do Transporte Zero com pescadores de Ju\u00edna"},"content":{"rendered":"\n<p><\/p>\n\n\n\n<p>Para acompanhar de perto a situa\u00e7\u00e3o dos pescadores de Mato Grosso, o deputado estadual Wilson Santos (PSD) esteve no munic\u00edpio de Ju\u00edna, na \u00faltima sexta-feira (4), reunido na C\u00e2mara Municipal para debater a Lei Estadual n\u00ba 12.434\/2023 \u2014 conhecida como Transporte Zero &#8211; que pro\u00edbe o transporte, armazenamento e comercializa\u00e7\u00e3o de pescado no estado. Durante o encontro, o parlamentar tamb\u00e9m abordou as tr\u00eas A\u00e7\u00f5es Diretas de Inconstitucionalidade (ADIs n\u00ba 7.471, 7.514 e 7.590) que tramitam h\u00e1 dois anos sem julgamento no Supremo Tribunal Federal (STF).<\/p>\n\n\n\n<p>A reuni\u00e3o foi presidida pelo vereador Neguinho da Borracharia (Uni\u00e3o), presidente da Casa de Leis. \u201c\u00c9 uma satisfa\u00e7\u00e3o participar de uma demanda t\u00e3o importante que o deputado Wilson vem defendendo em Mato Grosso &#8211; a causa dos nossos pescadores. O trabalho que ele realiza na Assembleia Legislativa junto de sua equipe \u00e9 fundamental para uma categoria t\u00e3o sofrida, que precisa do respaldo do governo e da sociedade\u201d, afirmou.<\/p>\n\n\n\n<p>Wilson Santos reconheceu que a categoria foi severamente impactada pela legisla\u00e7\u00e3o vigente que pro\u00edbe a captura, transporte e comercializa\u00e7\u00e3o de 12 esp\u00e9cies de peixes em Mato Grosso. \u201cAs esp\u00e9cies proibidas s\u00e3o justamente as mais procuradas. Existem duas leis que se complementam e eu votei contra ambas. Hoje, o pescador s\u00f3 pode consumir o peixe \u00e0 beira do rio &#8211; n\u00e3o pode transportar nem armazenar. Para o pescador profissional, isso \u00e9 invi\u00e1vel. Ele precisa vender o pescado para garantir o sustento da fam\u00edlia. Muitos est\u00e3o enfrentando s\u00e9rias dificuldades financeiras com a paralisa\u00e7\u00e3o da atividade econ\u00f4mica\u201d, explicou.<\/p>\n\n\n\n<p>O presidente da Col\u00f4nia de Pescadores e Aquicultores Z-20 de Ju\u00edna, Wanderley Reis, destacou que a entidade tamb\u00e9m atende profissionais dos munic\u00edpios de Aripuan\u00e3, Cotrigua\u00e7u, Juruena, Juara, Guariba e regi\u00e3o. \u201cA lei prejudicou demais os pescadores. Com a proibi\u00e7\u00e3o de algumas esp\u00e9cies, ficou ainda mais dif\u00edcil garantir o sustento. Nem compensa gastar combust\u00edvel para ir ao rio. Est\u00e1 muito dif\u00edcil. Esses peixes eram os de maior sa\u00edda. Os rios s\u00e3o longe. A visita do Wilson Santos trouxe um alento. Contamos com o apoio dele\u201d, relatou.<\/p>\n\n\n\n<p>A pescadora S\u00f4nia Aparecida Machado, com 10 anos de atua\u00e7\u00e3o regularizada, refor\u00e7ou o drama vivido pela categoria. \u201cA pesca era nossa fonte de renda. Eu ficava at\u00e9 duas semanas direto no rio. Hoje, n\u00e3o posso transportar o peixe. Se n\u00e3o fosse meu companheiro, eu estaria dependendo da cesta b\u00e1sica. A situa\u00e7\u00e3o est\u00e1 muito dif\u00edcil. E se n\u00e3o fosse o apoio do Wilson Santos, nem sei como estar\u00edamos. A maioria de n\u00f3s est\u00e1 passando necessidade. Essa \u00e9 a nossa realidade\u201d, desabafou.<\/p>\n\n\n\n<p>A presidente da Associa\u00e7\u00e3o do Segmento da Pesca de Mato Grosso (ASP\/MT), Nilma Silva, afirmou que os pescadores vivem um estado de calamidade p\u00fablica. \u201cMe sinto honrada por ser acolhida por esta Casa Legislativa e pelos pescadores. Trabalho h\u00e1 25 anos na pesca e essa \u00e9 uma luta desleal. Desde 2012 tentam encerrar nossa atividade. A cria\u00e7\u00e3o do Cepesca (Conselho Estadual de Pesca) s\u00f3 agravou a situa\u00e7\u00e3o, substituindo o defeso e penalizando ainda mais os profissionais, especialmente financeiramente\u201d, comentou.<\/p>\n\n\n\n<p>Wilson Santos explicou que importantes \u00f3rg\u00e3os federais j\u00e1 analisaram a mat\u00e9ria e apontaram inconstitucionalidade na lei Transporte Zero. Entre eles est\u00e3o o Minist\u00e9rio P\u00fablico Federal (MPF), a Defensoria P\u00fablica da Uni\u00e3o (DPU), a Advocacia-Geral da Uni\u00e3o (AGU), a Procuradoria-Geral da Rep\u00fablica (PGR) e o Minist\u00e9rio da Pesca e Aquicultura que destacaram a aus\u00eancia de estudos t\u00e9cnicos ou evid\u00eancias cient\u00edficas que justifiquem a suspens\u00e3o da pesca por cinco anos.<\/p>\n\n\n\n<p>\u201cAs duas leis continuam em vigor, mas precisamos mobilizar for\u00e7as para que o STF paute e julgue as ADIs que est\u00e3o paradas. A luta ainda n\u00e3o est\u00e1 perdida. Sugiro que os vereadores apresentem indica\u00e7\u00f5es ao STF, \u00e0 Assembleia Legislativa e \u00e0 bancada federal de Mato Grosso, para refor\u00e7armos esse movimento e cobrarmos o julgamento das a\u00e7\u00f5es. Coloco minha assessoria \u00e0 disposi\u00e7\u00e3o dos pescadores para apoio jur\u00eddico, caso necessitem\u201d, disse Wilson.<\/p>\n\n\n\n<p>Nilma Silva complementou dizendo que os pareceres de \u00f3rg\u00e3os federais d\u00e3o seguran\u00e7a jur\u00eddica para derrubar a lei, mas \u00e9 preciso articula\u00e7\u00e3o entre as col\u00f4nias. \u201cA Cota Zero trouxe fome, mis\u00e9ria e desemprego \u00e0 popula\u00e7\u00e3o. Perdemos na Assembleia, mas propusemos as ADIs. Agora, nossa esperan\u00e7a est\u00e1 no STF. Estamos confiantes\u201d, declarou a presidente da ASP.<\/p>\n\n\n\n<p>Depois de Ju\u00edna, Wilson Santos j\u00e1 articula novas reuni\u00f5es com col\u00f4nias de pescadores em diversas regi\u00f5es do estado. Neste s\u00e1bado (12), ele estar\u00e1 nos munic\u00edpios de Porto Alegre do Norte e Santa Teresinha, dando continuidade ao debate com a categoria.<\/p>\n","protected":false},"excerpt":{"rendered":"<p>Para acompanhar de perto a situa\u00e7\u00e3o dos pescadores de Mato Grosso, o deputado estadual Wilson Santos (PSD) esteve no munic\u00edpio de Ju\u00edna, na \u00faltima sexta-feira (4), reunido na C\u00e2mara Municipal para debater a Lei Estadual n\u00ba 12.434\/2023 \u2014 conhecida como Transporte Zero &#8211; que pro\u00edbe o transporte, armazenamento e comercializa\u00e7\u00e3o de pescado no estado. Durante [&hellip;]<\/p>\n","protected":false},"author":4,"featured_media":1712,"comment_status":"closed","ping_status":"open","sticky":false,"template":"","format":"standard","meta":{"footnotes":""},"categories":[13],"tags":[],"yoast_head":"<!-- This site is optimized with the Yoast SEO Premium plugin v21.5 (Yoast SEO v21.4) - https:\/\/yoast.com\/wordpress\/plugins\/seo\/ -->\n<title>Wilson Santos debate impactos da Lei do Transporte Zero com pescadores de Ju\u00edna - wilsonsantosmt.com.br<\/title>\n<meta name=\"robots\" content=\"index, follow, max-snippet:-1, max-image-preview:large, max-video-preview:-1\" \/>\n<link rel=\"canonical\" href=\"https:\/\/wilsonsantosmt.com.br\/index.php\/2025\/07\/10\/wilson-santos-debate-impactos-da-lei-do-transporte-zero-com-pescadores-de-juina\/\" \/>\n<meta property=\"og:locale\" content=\"pt_BR\" \/>\n<meta property=\"og:type\" content=\"article\" \/>\n<meta property=\"og:title\" content=\"Wilson Santos debate impactos da Lei do Transporte Zero com pescadores de Ju\u00edna\" \/>\n<meta property=\"og:description\" content=\"Para acompanhar de perto a situa\u00e7\u00e3o dos pescadores de Mato Grosso, o deputado estadual Wilson Santos (PSD) esteve no munic\u00edpio de Ju\u00edna, na \u00faltima sexta-feira (4), reunido na C\u00e2mara Municipal para debater a Lei Estadual n\u00ba 12.434\/2023 \u2014 conhecida como Transporte Zero &#8211; que pro\u00edbe o transporte, armazenamento e comercializa\u00e7\u00e3o de pescado no estado. Durante [&hellip;]\" \/>\n<meta property=\"og:url\" content=\"https:\/\/wilsonsantosmt.com.br\/index.php\/2025\/07\/10\/wilson-santos-debate-impactos-da-lei-do-transporte-zero-com-pescadores-de-juina\/\" \/>\n<meta property=\"og:site_name\" content=\"wilsonsantosmt.com.br\" \/>\n<meta property=\"article:publisher\" content=\"https:\/\/www.facebook.com\/WilsonSantosMT\/\" \/>\n<meta property=\"article:published_time\" content=\"2025-07-10T20:40:00+00:00\" \/>\n<meta property=\"article:modified_time\" content=\"2025-07-11T20:41:17+00:00\" \/>\n<meta property=\"og:image\" content=\"http:\/\/wilsonsantosmt.com.br\/wp-content\/uploads\/2025\/07\/WhatsApp-Image-2025-07-11-at-11.59.00.jpeg\" \/>\n\t<meta property=\"og:image:width\" content=\"1280\" \/>\n\t<meta property=\"og:image:height\" content=\"960\" \/>\n\t<meta property=\"og:image:type\" content=\"image\/jpeg\" \/>\n<meta name=\"author\" content=\"Samantha dos Anjos\" \/>\n<meta name=\"twitter:card\" content=\"summary_large_image\" \/>\n<meta name=\"twitter:label1\" content=\"Escrito por\" \/>\n\t<meta name=\"twitter:data1\" content=\"Samantha dos Anjos\" \/>\n\t<meta name=\"twitter:label2\" content=\"Est. tempo de leitura\" \/>\n\t<meta name=\"twitter:data2\" content=\"4 minutos\" \/>\n<script type=\"application\/ld+json\" class=\"yoast-schema-graph\">{\"@context\":\"https:\/\/schema.org\",\"@graph\":[{\"@type\":\"Article\",\"@id\":\"https:\/\/wilsonsantosmt.com.br\/index.php\/2025\/07\/10\/wilson-santos-debate-impactos-da-lei-do-transporte-zero-com-pescadores-de-juina\/#article\",\"isPartOf\":{\"@id\":\"https:\/\/wilsonsantosmt.com.br\/index.php\/2025\/07\/10\/wilson-santos-debate-impactos-da-lei-do-transporte-zero-com-pescadores-de-juina\/\"},\"author\":{\"name\":\"Samantha dos Anjos\",\"@id\":\"https:\/\/wilsonsantosmt.com.br\/#\/schema\/person\/1d097ee45f526dd0455dbad8c679932c\"},\"headline\":\"Wilson Santos debate impactos da Lei do Transporte Zero com pescadores de Ju\u00edna\",\"datePublished\":\"2025-07-10T20:40:00+00:00\",\"dateModified\":\"2025-07-11T20:41:17+00:00\",\"mainEntityOfPage\":{\"@id\":\"https:\/\/wilsonsantosmt.com.br\/index.php\/2025\/07\/10\/wilson-santos-debate-impactos-da-lei-do-transporte-zero-com-pescadores-de-juina\/\"},\"wordCount\":810,\"publisher\":{\"@id\":\"https:\/\/wilsonsantosmt.com.br\/#\/schema\/person\/9de3c54961637a9eadb16bcbf895b1ef\"},\"articleSection\":[\"Not\u00edcias\"],\"inLanguage\":\"pt-BR\"},{\"@type\":\"WebPage\",\"@id\":\"https:\/\/wilsonsantosmt.com.br\/index.php\/2025\/07\/10\/wilson-santos-debate-impactos-da-lei-do-transporte-zero-com-pescadores-de-juina\/\",\"url\":\"https:\/\/wilsonsantosmt.com.br\/index.php\/2025\/07\/10\/wilson-santos-debate-impactos-da-lei-do-transporte-zero-com-pescadores-de-juina\/\",\"name\":\"Wilson Santos debate impactos da Lei do Transporte Zero com pescadores de Ju\u00edna - wilsonsantosmt.com.br\",\"isPartOf\":{\"@id\":\"https:\/\/wilsonsantosmt.com.br\/#website\"},\"datePublished\":\"2025-07-10T20:40:00+00:00\",\"dateModified\":\"2025-07-11T20:41:17+00:00\",\"breadcrumb\":{\"@id\":\"https:\/\/wilsonsantosmt.com.br\/index.php\/2025\/07\/10\/wilson-santos-debate-impactos-da-lei-do-transporte-zero-com-pescadores-de-juina\/#breadcrumb\"},\"inLanguage\":\"pt-BR\",\"potentialAction\":[{\"@type\":\"ReadAction\",\"target\":[\"https:\/\/wilsonsantosmt.com.br\/index.php\/2025\/07\/10\/wilson-santos-debate-impactos-da-lei-do-transporte-zero-com-pescadores-de-juina\/\"]}]},{\"@type\":\"BreadcrumbList\",\"@id\":\"https:\/\/wilsonsantosmt.com.br\/index.php\/2025\/07\/10\/wilson-santos-debate-impactos-da-lei-do-transporte-zero-com-pescadores-de-juina\/#breadcrumb\",\"itemListElement\":[{\"@type\":\"ListItem\",\"position\":1,\"name\":\"In\u00edcio\",\"item\":\"https:\/\/wilsonsantosmt.com.br\/\"},{\"@type\":\"ListItem\",\"position\":2,\"name\":\"Not\u00edcias\",\"item\":\"https:\/\/wilsonsantosmt.com.br\/index.php\/category\/noticias\/\"},{\"@type\":\"ListItem\",\"position\":3,\"name\":\"Wilson Santos debate impactos da Lei do Transporte Zero com pescadores de Ju\u00edna\"}]},{\"@type\":\"WebSite\",\"@id\":\"https:\/\/wilsonsantosmt.com.br\/#website\",\"url\":\"https:\/\/wilsonsantosmt.com.br\/\",\"name\":\"wilsonsantosmt.com.br\",\"description\":\"\",\"publisher\":{\"@id\":\"https:\/\/wilsonsantosmt.com.br\/#\/schema\/person\/9de3c54961637a9eadb16bcbf895b1ef\"},\"potentialAction\":[{\"@type\":\"SearchAction\",\"target\":{\"@type\":\"EntryPoint\",\"urlTemplate\":\"https:\/\/wilsonsantosmt.com.br\/?s={search_term_string}\"},\"query-input\":\"required name=search_term_string\"}],\"inLanguage\":\"pt-BR\"},{\"@type\":[\"Person\",\"Organization\"],\"@id\":\"https:\/\/wilsonsantosmt.com.br\/#\/schema\/person\/9de3c54961637a9eadb16bcbf895b1ef\",\"name\":\"Wilson Santos\",\"image\":{\"@type\":\"ImageObject\",\"inLanguage\":\"pt-BR\",\"@id\":\"https:\/\/wilsonsantosmt.com.br\/#\/schema\/person\/image\/\",\"url\":\"https:\/\/wilsonsantosmt.com.br\/wp-content\/uploads\/2023\/11\/310828673_653254583023360_8795459643194608438_n.jpg\",\"contentUrl\":\"https:\/\/wilsonsantosmt.com.br\/wp-content\/uploads\/2023\/11\/310828673_653254583023360_8795459643194608438_n.jpg\",\"width\":1078,\"height\":1079,\"caption\":\"Wilson Santos\"},\"logo\":{\"@id\":\"https:\/\/wilsonsantosmt.com.br\/#\/schema\/person\/image\/\"},\"sameAs\":[\"http:\/\/wilsonsantosmt.com.br\",\"https:\/\/www.facebook.com\/WilsonSantosMT\/\",\"https:\/\/www.instagram.com\/wilsonsantosmt\/\",\"https:\/\/www.youtube.com\/@WilsonSantosWS\/videos\",\"https:\/\/pt.wikipedia.org\/wiki\/Wilson_Santos\"],\"honorificPrefix\":\"Sr\",\"gender\":\"masculino\",\"jobTitle\":\"Deputado Estadual\",\"worksFor\":\"Assembleia Legislativa de Mato Grosso\"},{\"@type\":\"Person\",\"@id\":\"https:\/\/wilsonsantosmt.com.br\/#\/schema\/person\/1d097ee45f526dd0455dbad8c679932c\",\"name\":\"Samantha dos Anjos\",\"image\":{\"@type\":\"ImageObject\",\"inLanguage\":\"pt-BR\",\"@id\":\"https:\/\/wilsonsantosmt.com.br\/#\/schema\/person\/image\/\",\"url\":\"https:\/\/secure.gravatar.com\/avatar\/7d8d0b6dd67d134a9fa841bee90c57c7?s=96&d=mm&r=g\",\"contentUrl\":\"https:\/\/secure.gravatar.com\/avatar\/7d8d0b6dd67d134a9fa841bee90c57c7?s=96&d=mm&r=g\",\"caption\":\"Samantha dos Anjos\"},\"url\":\"https:\/\/wilsonsantosmt.com.br\/index.php\/author\/samantha-dos-anjos\/\"}]}<\/script>\n<!-- \/ Yoast SEO Premium plugin. -->","yoast_head_json":{"title":"Wilson Santos debate impactos da Lei do Transporte Zero com pescadores de Ju\u00edna - wilsonsantosmt.com.br","robots":{"index":"index","follow":"follow","max-snippet":"max-snippet:-1","max-image-preview":"max-image-preview:large","max-video-preview":"max-video-preview:-1"},"canonical":"https:\/\/wilsonsantosmt.com.br\/index.php\/2025\/07\/10\/wilson-santos-debate-impactos-da-lei-do-transporte-zero-com-pescadores-de-juina\/","og_locale":"pt_BR","og_type":"article","og_title":"Wilson Santos debate impactos da Lei do Transporte Zero com pescadores de Ju\u00edna","og_description":"Para acompanhar de perto a situa\u00e7\u00e3o dos pescadores de Mato Grosso, o deputado estadual Wilson Santos (PSD) esteve no munic\u00edpio de Ju\u00edna, na \u00faltima sexta-feira (4), reunido na C\u00e2mara Municipal para debater a Lei Estadual n\u00ba 12.434\/2023 \u2014 conhecida como Transporte Zero &#8211; que pro\u00edbe o transporte, armazenamento e comercializa\u00e7\u00e3o de pescado no estado. Durante [&hellip;]","og_url":"https:\/\/wilsonsantosmt.com.br\/index.php\/2025\/07\/10\/wilson-santos-debate-impactos-da-lei-do-transporte-zero-com-pescadores-de-juina\/","og_site_name":"wilsonsantosmt.com.br","article_publisher":"https:\/\/www.facebook.com\/WilsonSantosMT\/","article_published_time":"2025-07-10T20:40:00+00:00","article_modified_time":"2025-07-11T20:41:17+00:00","og_image":[{"width":1280,"height":960,"url":"http:\/\/wilsonsantosmt.com.br\/wp-content\/uploads\/2025\/07\/WhatsApp-Image-2025-07-11-at-11.59.00.jpeg","type":"image\/jpeg"}],"author":"Samantha dos Anjos","twitter_card":"summary_large_image","twitter_misc":{"Escrito por":"Samantha dos Anjos","Est. tempo de leitura":"4 minutos"},"schema":{"@context":"https:\/\/schema.org","@graph":[{"@type":"Article","@id":"https:\/\/wilsonsantosmt.com.br\/index.php\/2025\/07\/10\/wilson-santos-debate-impactos-da-lei-do-transporte-zero-com-pescadores-de-juina\/#article","isPartOf":{"@id":"https:\/\/wilsonsantosmt.com.br\/index.php\/2025\/07\/10\/wilson-santos-debate-impactos-da-lei-do-transporte-zero-com-pescadores-de-juina\/"},"author":{"name":"Samantha dos Anjos","@id":"https:\/\/wilsonsantosmt.com.br\/#\/schema\/person\/1d097ee45f526dd0455dbad8c679932c"},"headline":"Wilson Santos debate impactos da Lei do Transporte Zero com pescadores de Ju\u00edna","datePublished":"2025-07-10T20:40:00+00:00","dateModified":"2025-07-11T20:41:17+00:00","mainEntityOfPage":{"@id":"https:\/\/wilsonsantosmt.com.br\/index.php\/2025\/07\/10\/wilson-santos-debate-impactos-da-lei-do-transporte-zero-com-pescadores-de-juina\/"},"wordCount":810,"publisher":{"@id":"https:\/\/wilsonsantosmt.com.br\/#\/schema\/person\/9de3c54961637a9eadb16bcbf895b1ef"},"articleSection":["Not\u00edcias"],"inLanguage":"pt-BR"},{"@type":"WebPage","@id":"https:\/\/wilsonsantosmt.com.br\/index.php\/2025\/07\/10\/wilson-santos-debate-impactos-da-lei-do-transporte-zero-com-pescadores-de-juina\/","url":"https:\/\/wilsonsantosmt.com.br\/index.php\/2025\/07\/10\/wilson-santos-debate-impactos-da-lei-do-transporte-zero-com-pescadores-de-juina\/","name":"Wilson Santos debate impactos da Lei do Transporte Zero com pescadores de Ju\u00edna - wilsonsantosmt.com.br","isPartOf":{"@id":"https:\/\/wilsonsantosmt.com.br\/#website"},"datePublished":"2025-07-10T20:40:00+00:00","dateModified":"2025-07-11T20:41:17+00:00","breadcrumb":{"@id":"https:\/\/wilsonsantosmt.com.br\/index.php\/2025\/07\/10\/wilson-santos-debate-impactos-da-lei-do-transporte-zero-com-pescadores-de-juina\/#breadcrumb"},"inLanguage":"pt-BR","potentialAction":[{"@type":"ReadAction","target":["https:\/\/wilsonsantosmt.com.br\/index.php\/2025\/07\/10\/wilson-santos-debate-impactos-da-lei-do-transporte-zero-com-pescadores-de-juina\/"]}]},{"@type":"BreadcrumbList","@id":"https:\/\/wilsonsantosmt.com.br\/index.php\/2025\/07\/10\/wilson-santos-debate-impactos-da-lei-do-transporte-zero-com-pescadores-de-juina\/#breadcrumb","itemListElement":[{"@type":"ListItem","position":1,"name":"In\u00edcio","item":"https:\/\/wilsonsantosmt.com.br\/"},{"@type":"ListItem","position":2,"name":"Not\u00edcias","item":"https:\/\/wilsonsantosmt.com.br\/index.php\/category\/noticias\/"},{"@type":"ListItem","position":3,"name":"Wilson Santos debate impactos da Lei do Transporte Zero com pescadores de Ju\u00edna"}]},{"@type":"WebSite","@id":"https:\/\/wilsonsantosmt.com.br\/#website","url":"https:\/\/wilsonsantosmt.com.br\/","name":"wilsonsantosmt.com.br","description":"","publisher":{"@id":"https:\/\/wilsonsantosmt.com.br\/#\/schema\/person\/9de3c54961637a9eadb16bcbf895b1ef"},"potentialAction":[{"@type":"SearchAction","target":{"@type":"EntryPoint","urlTemplate":"https:\/\/wilsonsantosmt.com.br\/?s={search_term_string}"},"query-input":"required name=search_term_string"}],"inLanguage":"pt-BR"},{"@type":["Person","Organization"],"@id":"https:\/\/wilsonsantosmt.com.br\/#\/schema\/person\/9de3c54961637a9eadb16bcbf895b1ef","name":"Wilson Santos","image":{"@type":"ImageObject","inLanguage":"pt-BR","@id":"https:\/\/wilsonsantosmt.com.br\/#\/schema\/person\/image\/","url":"https:\/\/wilsonsantosmt.com.br\/wp-content\/uploads\/2023\/11\/310828673_653254583023360_8795459643194608438_n.jpg","contentUrl":"https:\/\/wilsonsantosmt.com.br\/wp-content\/uploads\/2023\/11\/310828673_653254583023360_8795459643194608438_n.jpg","width":1078,"height":1079,"caption":"Wilson Santos"},"logo":{"@id":"https:\/\/wilsonsantosmt.com.br\/#\/schema\/person\/image\/"},"sameAs":["http:\/\/wilsonsantosmt.com.br","https:\/\/www.facebook.com\/WilsonSantosMT\/","https:\/\/www.instagram.com\/wilsonsantosmt\/","https:\/\/www.youtube.com\/@WilsonSantosWS\/videos","https:\/\/pt.wikipedia.org\/wiki\/Wilson_Santos"],"honorificPrefix":"Sr","gender":"masculino","jobTitle":"Deputado Estadual","worksFor":"Assembleia Legislativa de Mato Grosso"},{"@type":"Person","@id":"https:\/\/wilsonsantosmt.com.br\/#\/schema\/person\/1d097ee45f526dd0455dbad8c679932c","name":"Samantha dos Anjos","image":{"@type":"ImageObject","inLanguage":"pt-BR","@id":"https:\/\/wilsonsantosmt.com.br\/#\/schema\/person\/image\/","url":"https:\/\/secure.gravatar.com\/avatar\/7d8d0b6dd67d134a9fa841bee90c57c7?s=96&d=mm&r=g","contentUrl":"https:\/\/secure.gravatar.com\/avatar\/7d8d0b6dd67d134a9fa841bee90c57c7?s=96&d=mm&r=g","caption":"Samantha dos Anjos"},"url":"https:\/\/wilsonsantosmt.com.br\/index.php\/author\/samantha-dos-anjos\/"}]}},"_links":{"self":[{"href":"https:\/\/wilsonsantosmt.com.br\/index.php\/wp-json\/wp\/v2\/posts\/1711"}],"collection":[{"href":"https:\/\/wilsonsantosmt.com.br\/index.php\/wp-json\/wp\/v2\/posts"}],"about":[{"href":"https:\/\/wilsonsantosmt.com.br\/index.php\/wp-json\/wp\/v2\/types\/post"}],"author":[{"embeddable":true,"href":"https:\/\/wilsonsantosmt.com.br\/index.php\/wp-json\/wp\/v2\/users\/4"}],"replies":[{"embeddable":true,"href":"https:\/\/wilsonsantosmt.com.br\/index.php\/wp-json\/wp\/v2\/comments?post=1711"}],"version-history":[{"count":1,"href":"https:\/\/wilsonsantosmt.com.br\/index.php\/wp-json\/wp\/v2\/posts\/1711\/revisions"}],"predecessor-version":[{"id":1713,"href":"https:\/\/wilsonsantosmt.com.br\/index.php\/wp-json\/wp\/v2\/posts\/1711\/revisions\/1713"}],"wp:featuredmedia":[{"embeddable":true,"href":"https:\/\/wilsonsantosmt.com.br\/index.php\/wp-json\/wp\/v2\/media\/1712"}],"wp:attachment":[{"href":"https:\/\/wilsonsantosmt.com.br\/index.php\/wp-json\/wp\/v2\/media?parent=1711"}],"wp:term":[{"taxonomy":"category","embeddable":true,"href":"https:\/\/wilsonsantosmt.com.br\/index.php\/wp-json\/wp\/v2\/categories?post=1711"},{"taxonomy":"post_tag","embeddable":true,"href":"https:\/\/wilsonsantosmt.com.br\/index.php\/wp-json\/wp\/v2\/tags?post=1711"}],"curies":[{"name":"wp","href":"https:\/\/api.w.org\/{rel}","templated":true}]}}