{"id":1714,"date":"2025-07-10T05:41:00","date_gmt":"2025-07-10T09:41:00","guid":{"rendered":"https:\/\/wilsonsantosmt.com.br\/?p=1714"},"modified":"2025-07-11T16:42:17","modified_gmt":"2025-07-11T20:42:17","slug":"deputado-e-vereadora-do-psd-somam-forcas-para-atender-populacao-de-tangara-da-serra","status":"publish","type":"post","link":"https:\/\/wilsonsantosmt.com.br\/index.php\/2025\/07\/10\/deputado-e-vereadora-do-psd-somam-forcas-para-atender-populacao-de-tangara-da-serra\/","title":{"rendered":"Deputado e vereadora do PSD somam for\u00e7as para atender popula\u00e7\u00e3o de Tangar\u00e1 da Serra"},"content":{"rendered":"\n<p><\/p>\n\n\n\n<p>A vereadora Sarah Botelho (PSD) de Tangar\u00e1 da Serra foi recebida, nesta quinta-feira (10), pelo deputado estadual Wilson Santos (PSD) na Assembleia Legislativa de Mato Grosso. Durante o encontro, foram discutidas as principais demandas do munic\u00edpio, com destaque para a sa\u00fade mental, a valoriza\u00e7\u00e3o dos servidores p\u00fablicos e o fortalecimento de pol\u00edticas p\u00fablicas de prote\u00e7\u00e3o \u00e0s mulheres. O encontro teve a presen\u00e7a de representantes da Federa\u00e7\u00e3o de Servidores P\u00fablicos Municipais de Mato Grosso (FESSP-MT) e do Sindicato dos Servidores do munic\u00edpio.<\/p>\n\n\n\n<p>Em seu primeiro mandato na C\u00e2mara Municipal, a parlamentar compartilhou um pouco da sua trajet\u00f3ria como servidora p\u00fablica efetiva do munic\u00edpio durante a reuni\u00e3o. Como defensora da valoriza\u00e7\u00e3o do funcionalismo, ela destacou que uma de suas principais bandeiras \u00e9 justamente a luta por melhores condi\u00e7\u00f5es de trabalho, reposi\u00e7\u00e3o salarial e valoriza\u00e7\u00e3o da categoria dos servidores p\u00fablicos.<\/p>\n\n\n\n<p>Sarah tamb\u00e9m apresentou pautas voltadas \u00e0 prote\u00e7\u00e3o e direitos das mulheres, como o enfrentamento \u00e0 viol\u00eancia dom\u00e9stica, o suporte \u00e0 sa\u00fade mental e o combate ao abuso sexual contra crian\u00e7as e adolescentes. Atualmente, a parlamentar integra a Procuradoria Especial da Mulher de Tangar\u00e1 da Serra, que \u00e9 um \u00f3rg\u00e3o independente e integra as a\u00e7\u00f5es da Casa Legislativa.<\/p>\n\n\n\n<p>Entre os principais desafios enfrentados por Tangar\u00e1 da Serra, a vereadora ressaltou a urg\u00eancia na contrata\u00e7\u00e3o de pelo menos dois profissionais da psicologia para atender a popula\u00e7\u00e3o que necessita de acompanhamento terap\u00eautico. Segundo ela, o munic\u00edpio conta com um Centro de Aten\u00e7\u00e3o Psicossocial (CAPS), mas a estrutura \u00e9 limitada e insuficiente para atender \u00e0 grande demanda existente na cidade.<\/p>\n\n\n\n<p>Wilson Santos, que esteve recentemente ao lado do ministro da Agricultura e Pecu\u00e1ria e senador licenciado Carlos F\u00e1varo (PSD), durante o lan\u00e7amento do Novo PAC Sele\u00e7\u00f5es &#8211; Sa\u00fade, destacou que dos 142 munic\u00edpios de Mato Grosso, 136 foram selecionados para receber recursos na \u00e1rea da sa\u00fade. No caso de Tangar\u00e1 da Serra foi contemplada com uma ambul\u00e2ncia dentro do pacote de investimentos.<\/p>\n\n\n\n<p>Ele esclareceu informa\u00e7\u00f5es sobre o Novo PAC e se colocou \u00e0 disposi\u00e7\u00e3o para articular, junto ao senador F\u00e1varo, recursos que permitam a amplia\u00e7\u00e3o da estrutura de sa\u00fade no munic\u00edpio, incluindo a constru\u00e7\u00e3o de uma nova unidade do CAPS, al\u00e9m da aquisi\u00e7\u00e3o de mobili\u00e1rios e equipamentos, como, tamb\u00e9m, a constru\u00e7\u00e3o de Unidades B\u00e1sicas de Sa\u00fade (UBS) \u2013 sendo uma das demandas apresentadas pela vereadora que apontou a necessidade de duas novas sedes, j\u00e1 que apenas 33% da popula\u00e7\u00e3o de Tangar\u00e1 consegue ser atendida.<\/p>\n\n\n\n<p>Em rela\u00e7\u00e3o a sa\u00fade mental que \u00e9 uma das necessidades do munic\u00edpio, Wilson Santos destacou que, no \u00e2mbito da Assembleia Legislativa, o deputado estadual Carlos Avallone (PSB) coordena uma C\u00e2mara Tem\u00e1tica Setorial (CTS) dedicada \u00e0 sa\u00fade mental e tem atuado na media\u00e7\u00e3o junto ao Governo do Estado para a amplia\u00e7\u00e3o do financiamento nessa \u00e1rea. \u201cJ\u00e1 foi sinalizado um recurso de R$ 100 milh\u00f5es destinados \u00e0 sa\u00fade mental, o que pode representar uma oportunidade concreta para contemplar munic\u00edpios como Tangar\u00e1 da Serra com novos investimentos\u201d, comentou o deputado.<\/p>\n\n\n\n<p>Ao final da reuni\u00e3o, Wilson Santos afirmou que todas as demandas apresentadas ser\u00e3o avaliadas com aten\u00e7\u00e3o e que a vereadora poder\u00e1 contar com a parceria, em que far\u00e1 as devidas articula\u00e7\u00f5es com as autoridades estaduais e federais e fazer os encaminhamentos necess\u00e1rios e se comprometeu a visitar Tangar\u00e1 da Serra, na pr\u00f3xima semana, para acompanhar de perto as necessidades locais.<\/p>\n","protected":false},"excerpt":{"rendered":"<p>A vereadora Sarah Botelho (PSD) de Tangar\u00e1 da Serra foi recebida, nesta quinta-feira (10), pelo deputado estadual Wilson Santos (PSD) na Assembleia Legislativa de Mato Grosso. Durante o encontro, foram discutidas as principais demandas do munic\u00edpio, com destaque para a sa\u00fade mental, a valoriza\u00e7\u00e3o dos servidores p\u00fablicos e o fortalecimento de pol\u00edticas p\u00fablicas de prote\u00e7\u00e3o [&hellip;]<\/p>\n","protected":false},"author":4,"featured_media":1715,"comment_status":"closed","ping_status":"open","sticky":false,"template":"","format":"standard","meta":{"footnotes":""},"categories":[13],"tags":[],"yoast_head":"<!-- This site is optimized with the Yoast SEO Premium plugin v21.5 (Yoast SEO v21.4) - https:\/\/yoast.com\/wordpress\/plugins\/seo\/ -->\n<title>Deputado e vereadora do PSD somam for\u00e7as para atender popula\u00e7\u00e3o de Tangar\u00e1 da Serra - wilsonsantosmt.com.br<\/title>\n<meta name=\"robots\" content=\"index, follow, max-snippet:-1, max-image-preview:large, max-video-preview:-1\" \/>\n<link rel=\"canonical\" href=\"https:\/\/wilsonsantosmt.com.br\/index.php\/2025\/07\/10\/deputado-e-vereadora-do-psd-somam-forcas-para-atender-populacao-de-tangara-da-serra\/\" \/>\n<meta property=\"og:locale\" content=\"pt_BR\" \/>\n<meta property=\"og:type\" content=\"article\" \/>\n<meta property=\"og:title\" content=\"Deputado e vereadora do PSD somam for\u00e7as para atender popula\u00e7\u00e3o de Tangar\u00e1 da Serra\" \/>\n<meta property=\"og:description\" content=\"A vereadora Sarah Botelho (PSD) de Tangar\u00e1 da Serra foi recebida, nesta quinta-feira (10), pelo deputado estadual Wilson Santos (PSD) na Assembleia Legislativa de Mato Grosso. Durante o encontro, foram discutidas as principais demandas do munic\u00edpio, com destaque para a sa\u00fade mental, a valoriza\u00e7\u00e3o dos servidores p\u00fablicos e o fortalecimento de pol\u00edticas p\u00fablicas de prote\u00e7\u00e3o [&hellip;]\" \/>\n<meta property=\"og:url\" content=\"https:\/\/wilsonsantosmt.com.br\/index.php\/2025\/07\/10\/deputado-e-vereadora-do-psd-somam-forcas-para-atender-populacao-de-tangara-da-serra\/\" \/>\n<meta property=\"og:site_name\" content=\"wilsonsantosmt.com.br\" \/>\n<meta property=\"article:publisher\" content=\"https:\/\/www.facebook.com\/WilsonSantosMT\/\" \/>\n<meta property=\"article:published_time\" content=\"2025-07-10T09:41:00+00:00\" \/>\n<meta property=\"article:modified_time\" content=\"2025-07-11T20:42:17+00:00\" \/>\n<meta property=\"og:image\" content=\"http:\/\/wilsonsantosmt.com.br\/wp-content\/uploads\/2025\/07\/WhatsApp-Image-2025-07-11-at-09.10.37.jpeg\" \/>\n\t<meta property=\"og:image:width\" content=\"1600\" \/>\n\t<meta property=\"og:image:height\" content=\"1200\" \/>\n\t<meta property=\"og:image:type\" content=\"image\/jpeg\" \/>\n<meta name=\"author\" content=\"Samantha dos Anjos\" \/>\n<meta name=\"twitter:card\" content=\"summary_large_image\" \/>\n<meta name=\"twitter:label1\" content=\"Escrito por\" \/>\n\t<meta name=\"twitter:data1\" content=\"Samantha dos Anjos\" \/>\n\t<meta name=\"twitter:label2\" content=\"Est. tempo de leitura\" \/>\n\t<meta name=\"twitter:data2\" content=\"3 minutos\" \/>\n<script type=\"application\/ld+json\" class=\"yoast-schema-graph\">{\"@context\":\"https:\/\/schema.org\",\"@graph\":[{\"@type\":\"Article\",\"@id\":\"https:\/\/wilsonsantosmt.com.br\/index.php\/2025\/07\/10\/deputado-e-vereadora-do-psd-somam-forcas-para-atender-populacao-de-tangara-da-serra\/#article\",\"isPartOf\":{\"@id\":\"https:\/\/wilsonsantosmt.com.br\/index.php\/2025\/07\/10\/deputado-e-vereadora-do-psd-somam-forcas-para-atender-populacao-de-tangara-da-serra\/\"},\"author\":{\"name\":\"Samantha dos Anjos\",\"@id\":\"https:\/\/wilsonsantosmt.com.br\/#\/schema\/person\/1d097ee45f526dd0455dbad8c679932c\"},\"headline\":\"Deputado e vereadora do PSD somam for\u00e7as para atender popula\u00e7\u00e3o de Tangar\u00e1 da Serra\",\"datePublished\":\"2025-07-10T09:41:00+00:00\",\"dateModified\":\"2025-07-11T20:42:17+00:00\",\"mainEntityOfPage\":{\"@id\":\"https:\/\/wilsonsantosmt.com.br\/index.php\/2025\/07\/10\/deputado-e-vereadora-do-psd-somam-forcas-para-atender-populacao-de-tangara-da-serra\/\"},\"wordCount\":618,\"publisher\":{\"@id\":\"https:\/\/wilsonsantosmt.com.br\/#\/schema\/person\/9de3c54961637a9eadb16bcbf895b1ef\"},\"articleSection\":[\"Not\u00edcias\"],\"inLanguage\":\"pt-BR\"},{\"@type\":\"WebPage\",\"@id\":\"https:\/\/wilsonsantosmt.com.br\/index.php\/2025\/07\/10\/deputado-e-vereadora-do-psd-somam-forcas-para-atender-populacao-de-tangara-da-serra\/\",\"url\":\"https:\/\/wilsonsantosmt.com.br\/index.php\/2025\/07\/10\/deputado-e-vereadora-do-psd-somam-forcas-para-atender-populacao-de-tangara-da-serra\/\",\"name\":\"Deputado e vereadora do PSD somam for\u00e7as para atender popula\u00e7\u00e3o de Tangar\u00e1 da Serra - wilsonsantosmt.com.br\",\"isPartOf\":{\"@id\":\"https:\/\/wilsonsantosmt.com.br\/#website\"},\"datePublished\":\"2025-07-10T09:41:00+00:00\",\"dateModified\":\"2025-07-11T20:42:17+00:00\",\"breadcrumb\":{\"@id\":\"https:\/\/wilsonsantosmt.com.br\/index.php\/2025\/07\/10\/deputado-e-vereadora-do-psd-somam-forcas-para-atender-populacao-de-tangara-da-serra\/#breadcrumb\"},\"inLanguage\":\"pt-BR\",\"potentialAction\":[{\"@type\":\"ReadAction\",\"target\":[\"https:\/\/wilsonsantosmt.com.br\/index.php\/2025\/07\/10\/deputado-e-vereadora-do-psd-somam-forcas-para-atender-populacao-de-tangara-da-serra\/\"]}]},{\"@type\":\"BreadcrumbList\",\"@id\":\"https:\/\/wilsonsantosmt.com.br\/index.php\/2025\/07\/10\/deputado-e-vereadora-do-psd-somam-forcas-para-atender-populacao-de-tangara-da-serra\/#breadcrumb\",\"itemListElement\":[{\"@type\":\"ListItem\",\"position\":1,\"name\":\"In\u00edcio\",\"item\":\"https:\/\/wilsonsantosmt.com.br\/\"},{\"@type\":\"ListItem\",\"position\":2,\"name\":\"Not\u00edcias\",\"item\":\"https:\/\/wilsonsantosmt.com.br\/index.php\/category\/noticias\/\"},{\"@type\":\"ListItem\",\"position\":3,\"name\":\"Deputado e vereadora do PSD somam for\u00e7as para atender popula\u00e7\u00e3o de Tangar\u00e1 da Serra\"}]},{\"@type\":\"WebSite\",\"@id\":\"https:\/\/wilsonsantosmt.com.br\/#website\",\"url\":\"https:\/\/wilsonsantosmt.com.br\/\",\"name\":\"wilsonsantosmt.com.br\",\"description\":\"\",\"publisher\":{\"@id\":\"https:\/\/wilsonsantosmt.com.br\/#\/schema\/person\/9de3c54961637a9eadb16bcbf895b1ef\"},\"potentialAction\":[{\"@type\":\"SearchAction\",\"target\":{\"@type\":\"EntryPoint\",\"urlTemplate\":\"https:\/\/wilsonsantosmt.com.br\/?s={search_term_string}\"},\"query-input\":\"required name=search_term_string\"}],\"inLanguage\":\"pt-BR\"},{\"@type\":[\"Person\",\"Organization\"],\"@id\":\"https:\/\/wilsonsantosmt.com.br\/#\/schema\/person\/9de3c54961637a9eadb16bcbf895b1ef\",\"name\":\"Wilson Santos\",\"image\":{\"@type\":\"ImageObject\",\"inLanguage\":\"pt-BR\",\"@id\":\"https:\/\/wilsonsantosmt.com.br\/#\/schema\/person\/image\/\",\"url\":\"https:\/\/wilsonsantosmt.com.br\/wp-content\/uploads\/2023\/11\/310828673_653254583023360_8795459643194608438_n.jpg\",\"contentUrl\":\"https:\/\/wilsonsantosmt.com.br\/wp-content\/uploads\/2023\/11\/310828673_653254583023360_8795459643194608438_n.jpg\",\"width\":1078,\"height\":1079,\"caption\":\"Wilson Santos\"},\"logo\":{\"@id\":\"https:\/\/wilsonsantosmt.com.br\/#\/schema\/person\/image\/\"},\"sameAs\":[\"http:\/\/wilsonsantosmt.com.br\",\"https:\/\/www.facebook.com\/WilsonSantosMT\/\",\"https:\/\/www.instagram.com\/wilsonsantosmt\/\",\"https:\/\/www.youtube.com\/@WilsonSantosWS\/videos\",\"https:\/\/pt.wikipedia.org\/wiki\/Wilson_Santos\"],\"honorificPrefix\":\"Sr\",\"gender\":\"masculino\",\"jobTitle\":\"Deputado Estadual\",\"worksFor\":\"Assembleia Legislativa de Mato Grosso\"},{\"@type\":\"Person\",\"@id\":\"https:\/\/wilsonsantosmt.com.br\/#\/schema\/person\/1d097ee45f526dd0455dbad8c679932c\",\"name\":\"Samantha dos Anjos\",\"image\":{\"@type\":\"ImageObject\",\"inLanguage\":\"pt-BR\",\"@id\":\"https:\/\/wilsonsantosmt.com.br\/#\/schema\/person\/image\/\",\"url\":\"https:\/\/secure.gravatar.com\/avatar\/7d8d0b6dd67d134a9fa841bee90c57c7?s=96&d=mm&r=g\",\"contentUrl\":\"https:\/\/secure.gravatar.com\/avatar\/7d8d0b6dd67d134a9fa841bee90c57c7?s=96&d=mm&r=g\",\"caption\":\"Samantha dos Anjos\"},\"url\":\"https:\/\/wilsonsantosmt.com.br\/index.php\/author\/samantha-dos-anjos\/\"}]}<\/script>\n<!-- \/ Yoast SEO Premium plugin. -->","yoast_head_json":{"title":"Deputado e vereadora do PSD somam for\u00e7as para atender popula\u00e7\u00e3o de Tangar\u00e1 da Serra - wilsonsantosmt.com.br","robots":{"index":"index","follow":"follow","max-snippet":"max-snippet:-1","max-image-preview":"max-image-preview:large","max-video-preview":"max-video-preview:-1"},"canonical":"https:\/\/wilsonsantosmt.com.br\/index.php\/2025\/07\/10\/deputado-e-vereadora-do-psd-somam-forcas-para-atender-populacao-de-tangara-da-serra\/","og_locale":"pt_BR","og_type":"article","og_title":"Deputado e vereadora do PSD somam for\u00e7as para atender popula\u00e7\u00e3o de Tangar\u00e1 da Serra","og_description":"A vereadora Sarah Botelho (PSD) de Tangar\u00e1 da Serra foi recebida, nesta quinta-feira (10), pelo deputado estadual Wilson Santos (PSD) na Assembleia Legislativa de Mato Grosso. Durante o encontro, foram discutidas as principais demandas do munic\u00edpio, com destaque para a sa\u00fade mental, a valoriza\u00e7\u00e3o dos servidores p\u00fablicos e o fortalecimento de pol\u00edticas p\u00fablicas de prote\u00e7\u00e3o [&hellip;]","og_url":"https:\/\/wilsonsantosmt.com.br\/index.php\/2025\/07\/10\/deputado-e-vereadora-do-psd-somam-forcas-para-atender-populacao-de-tangara-da-serra\/","og_site_name":"wilsonsantosmt.com.br","article_publisher":"https:\/\/www.facebook.com\/WilsonSantosMT\/","article_published_time":"2025-07-10T09:41:00+00:00","article_modified_time":"2025-07-11T20:42:17+00:00","og_image":[{"width":1600,"height":1200,"url":"http:\/\/wilsonsantosmt.com.br\/wp-content\/uploads\/2025\/07\/WhatsApp-Image-2025-07-11-at-09.10.37.jpeg","type":"image\/jpeg"}],"author":"Samantha dos Anjos","twitter_card":"summary_large_image","twitter_misc":{"Escrito por":"Samantha dos Anjos","Est. tempo de leitura":"3 minutos"},"schema":{"@context":"https:\/\/schema.org","@graph":[{"@type":"Article","@id":"https:\/\/wilsonsantosmt.com.br\/index.php\/2025\/07\/10\/deputado-e-vereadora-do-psd-somam-forcas-para-atender-populacao-de-tangara-da-serra\/#article","isPartOf":{"@id":"https:\/\/wilsonsantosmt.com.br\/index.php\/2025\/07\/10\/deputado-e-vereadora-do-psd-somam-forcas-para-atender-populacao-de-tangara-da-serra\/"},"author":{"name":"Samantha dos Anjos","@id":"https:\/\/wilsonsantosmt.com.br\/#\/schema\/person\/1d097ee45f526dd0455dbad8c679932c"},"headline":"Deputado e vereadora do PSD somam for\u00e7as para atender popula\u00e7\u00e3o de Tangar\u00e1 da Serra","datePublished":"2025-07-10T09:41:00+00:00","dateModified":"2025-07-11T20:42:17+00:00","mainEntityOfPage":{"@id":"https:\/\/wilsonsantosmt.com.br\/index.php\/2025\/07\/10\/deputado-e-vereadora-do-psd-somam-forcas-para-atender-populacao-de-tangara-da-serra\/"},"wordCount":618,"publisher":{"@id":"https:\/\/wilsonsantosmt.com.br\/#\/schema\/person\/9de3c54961637a9eadb16bcbf895b1ef"},"articleSection":["Not\u00edcias"],"inLanguage":"pt-BR"},{"@type":"WebPage","@id":"https:\/\/wilsonsantosmt.com.br\/index.php\/2025\/07\/10\/deputado-e-vereadora-do-psd-somam-forcas-para-atender-populacao-de-tangara-da-serra\/","url":"https:\/\/wilsonsantosmt.com.br\/index.php\/2025\/07\/10\/deputado-e-vereadora-do-psd-somam-forcas-para-atender-populacao-de-tangara-da-serra\/","name":"Deputado e vereadora do PSD somam for\u00e7as para atender popula\u00e7\u00e3o de Tangar\u00e1 da Serra - wilsonsantosmt.com.br","isPartOf":{"@id":"https:\/\/wilsonsantosmt.com.br\/#website"},"datePublished":"2025-07-10T09:41:00+00:00","dateModified":"2025-07-11T20:42:17+00:00","breadcrumb":{"@id":"https:\/\/wilsonsantosmt.com.br\/index.php\/2025\/07\/10\/deputado-e-vereadora-do-psd-somam-forcas-para-atender-populacao-de-tangara-da-serra\/#breadcrumb"},"inLanguage":"pt-BR","potentialAction":[{"@type":"ReadAction","target":["https:\/\/wilsonsantosmt.com.br\/index.php\/2025\/07\/10\/deputado-e-vereadora-do-psd-somam-forcas-para-atender-populacao-de-tangara-da-serra\/"]}]},{"@type":"BreadcrumbList","@id":"https:\/\/wilsonsantosmt.com.br\/index.php\/2025\/07\/10\/deputado-e-vereadora-do-psd-somam-forcas-para-atender-populacao-de-tangara-da-serra\/#breadcrumb","itemListElement":[{"@type":"ListItem","position":1,"name":"In\u00edcio","item":"https:\/\/wilsonsantosmt.com.br\/"},{"@type":"ListItem","position":2,"name":"Not\u00edcias","item":"https:\/\/wilsonsantosmt.com.br\/index.php\/category\/noticias\/"},{"@type":"ListItem","position":3,"name":"Deputado e vereadora do PSD somam for\u00e7as para atender popula\u00e7\u00e3o de Tangar\u00e1 da Serra"}]},{"@type":"WebSite","@id":"https:\/\/wilsonsantosmt.com.br\/#website","url":"https:\/\/wilsonsantosmt.com.br\/","name":"wilsonsantosmt.com.br","description":"","publisher":{"@id":"https:\/\/wilsonsantosmt.com.br\/#\/schema\/person\/9de3c54961637a9eadb16bcbf895b1ef"},"potentialAction":[{"@type":"SearchAction","target":{"@type":"EntryPoint","urlTemplate":"https:\/\/wilsonsantosmt.com.br\/?s={search_term_string}"},"query-input":"required name=search_term_string"}],"inLanguage":"pt-BR"},{"@type":["Person","Organization"],"@id":"https:\/\/wilsonsantosmt.com.br\/#\/schema\/person\/9de3c54961637a9eadb16bcbf895b1ef","name":"Wilson Santos","image":{"@type":"ImageObject","inLanguage":"pt-BR","@id":"https:\/\/wilsonsantosmt.com.br\/#\/schema\/person\/image\/","url":"https:\/\/wilsonsantosmt.com.br\/wp-content\/uploads\/2023\/11\/310828673_653254583023360_8795459643194608438_n.jpg","contentUrl":"https:\/\/wilsonsantosmt.com.br\/wp-content\/uploads\/2023\/11\/310828673_653254583023360_8795459643194608438_n.jpg","width":1078,"height":1079,"caption":"Wilson Santos"},"logo":{"@id":"https:\/\/wilsonsantosmt.com.br\/#\/schema\/person\/image\/"},"sameAs":["http:\/\/wilsonsantosmt.com.br","https:\/\/www.facebook.com\/WilsonSantosMT\/","https:\/\/www.instagram.com\/wilsonsantosmt\/","https:\/\/www.youtube.com\/@WilsonSantosWS\/videos","https:\/\/pt.wikipedia.org\/wiki\/Wilson_Santos"],"honorificPrefix":"Sr","gender":"masculino","jobTitle":"Deputado Estadual","worksFor":"Assembleia Legislativa de Mato Grosso"},{"@type":"Person","@id":"https:\/\/wilsonsantosmt.com.br\/#\/schema\/person\/1d097ee45f526dd0455dbad8c679932c","name":"Samantha dos Anjos","image":{"@type":"ImageObject","inLanguage":"pt-BR","@id":"https:\/\/wilsonsantosmt.com.br\/#\/schema\/person\/image\/","url":"https:\/\/secure.gravatar.com\/avatar\/7d8d0b6dd67d134a9fa841bee90c57c7?s=96&d=mm&r=g","contentUrl":"https:\/\/secure.gravatar.com\/avatar\/7d8d0b6dd67d134a9fa841bee90c57c7?s=96&d=mm&r=g","caption":"Samantha dos Anjos"},"url":"https:\/\/wilsonsantosmt.com.br\/index.php\/author\/samantha-dos-anjos\/"}]}},"_links":{"self":[{"href":"https:\/\/wilsonsantosmt.com.br\/index.php\/wp-json\/wp\/v2\/posts\/1714"}],"collection":[{"href":"https:\/\/wilsonsantosmt.com.br\/index.php\/wp-json\/wp\/v2\/posts"}],"about":[{"href":"https:\/\/wilsonsantosmt.com.br\/index.php\/wp-json\/wp\/v2\/types\/post"}],"author":[{"embeddable":true,"href":"https:\/\/wilsonsantosmt.com.br\/index.php\/wp-json\/wp\/v2\/users\/4"}],"replies":[{"embeddable":true,"href":"https:\/\/wilsonsantosmt.com.br\/index.php\/wp-json\/wp\/v2\/comments?post=1714"}],"version-history":[{"count":1,"href":"https:\/\/wilsonsantosmt.com.br\/index.php\/wp-json\/wp\/v2\/posts\/1714\/revisions"}],"predecessor-version":[{"id":1716,"href":"https:\/\/wilsonsantosmt.com.br\/index.php\/wp-json\/wp\/v2\/posts\/1714\/revisions\/1716"}],"wp:featuredmedia":[{"embeddable":true,"href":"https:\/\/wilsonsantosmt.com.br\/index.php\/wp-json\/wp\/v2\/media\/1715"}],"wp:attachment":[{"href":"https:\/\/wilsonsantosmt.com.br\/index.php\/wp-json\/wp\/v2\/media?parent=1714"}],"wp:term":[{"taxonomy":"category","embeddable":true,"href":"https:\/\/wilsonsantosmt.com.br\/index.php\/wp-json\/wp\/v2\/categories?post=1714"},{"taxonomy":"post_tag","embeddable":true,"href":"https:\/\/wilsonsantosmt.com.br\/index.php\/wp-json\/wp\/v2\/tags?post=1714"}],"curies":[{"name":"wp","href":"https:\/\/api.w.org\/{rel}","templated":true}]}}