{"id":1718,"date":"2025-07-09T16:43:00","date_gmt":"2025-07-09T20:43:00","guid":{"rendered":"https:\/\/wilsonsantosmt.com.br\/?p=1718"},"modified":"2025-07-11T16:43:44","modified_gmt":"2025-07-11T20:43:44","slug":"wilson-santos-defende-loteamento-popular-e-solicita-apoio-ao-ministerio-das-cidades","status":"publish","type":"post","link":"https:\/\/wilsonsantosmt.com.br\/index.php\/2025\/07\/09\/wilson-santos-defende-loteamento-popular-e-solicita-apoio-ao-ministerio-das-cidades\/","title":{"rendered":"Wilson Santos defende loteamento popular e solicita apoio ao Minist\u00e9rio das Cidades"},"content":{"rendered":"\n<p><\/p>\n\n\n\n<p>Durante o lan\u00e7amento do Novo PAC Sele\u00e7\u00f5es, realizado nesta segunda-feira (7), em Cuiab\u00e1, o deputado estadual Wilson Santos (PSD) solicitou a\u00e7\u00f5es mais eficazes por parte do governo federal para enfrentar o d\u00e9ficit habitacional em Mato Grosso. Na presen\u00e7a do senador licenciado e ministro da Agricultura e Pecu\u00e1ria (MAPA), Carlos F\u00e1varo (PSD), e do secret\u00e1rio Nacional de Habita\u00e7\u00e3o do Minist\u00e9rio das Cidades, Augusto Rabelo, ele defendeu a cria\u00e7\u00e3o de um grande loteamento popular na capital, como forma de atender mais de 30 mil fam\u00edlias que aguardam por uma moradia digna.<\/p>\n\n\n\n<p>Em seu discurso, o parlamentar compartilhou a sua trajet\u00f3ria ligada \u00e0 habita\u00e7\u00e3o de interesse social desde que ingressou na vida p\u00fablica, sendo que j\u00e1 participou da funda\u00e7\u00e3o de 30 bairros em Cuiab\u00e1 e refor\u00e7ou que a modalidade de loteamento popular \u00e9 mais \u00e1gil e acess\u00edvel para as fam\u00edlias iniciarem a constru\u00e7\u00e3o de seus lares. Ele enfatizou que \u00e9 preciso olhar com mais aten\u00e7\u00e3o para as popula\u00e7\u00f5es vulner\u00e1veis.<\/p>\n\n\n\n<p>\u201cAlgu\u00e9m precisa olhar para esse povo. Que para o ano que vem o Minist\u00e9rio das Cidades possa providenciar um grande loteamento aqui, em Cuiab\u00e1. O loteamento popular \u00e9 o primeiro passo para que o cidad\u00e3o garanta a sua dignidade. N\u00e3o sou contra a entrega de casas populares, mas \u00e9 preciso garantir o acesso \u00e0 terra para que o sonho de ter uma casa aconte\u00e7a de forma r\u00e1pida, sendo que as pr\u00f3prias fam\u00edlias se mobilizam para levantar os muros e as estruturas do im\u00f3vel. J\u00e1 testemunhei muitos casos assim e que deu certo\u201d, relatou o deputado.<\/p>\n\n\n\n<p>Logo, o secret\u00e1rio Nacional de Habita\u00e7\u00e3o posicionou que a pol\u00edtica de loteamentos populares ainda \u00e9 pouco explorada pelo poder p\u00fablico. \u201cEsse assunto de loteamento, historicamente, ficou um pouco renegado pelo poder p\u00fablico local, porque tem uma necessidade de acompanhar. Mas, a gente tem uma linha de financiamento do pr\u00f3-moradia que j\u00e1 contempla lotes, ainda mais t\u00edmida. Mas, vou levar essa proposta e provocar o ministro\u201d, respondeu Augusto ao parlamentar.<\/p>\n\n\n\n<p>Rabelo se comprometeu a levar a proposta de Wilson Santos ao ministro das Cidades, Jader Barbalho Filho, e refor\u00e7ou que o governo federal est\u00e1 aberto a novas solu\u00e7\u00f5es para ampliar o acesso \u00e0 moradia. Ele tamb\u00e9m aproveitou para apresentar as diversas frentes do programa Minha Casa, Minha Vida, que incluem modalidades voltadas para a \u00e1rea urbana, zona rural e para entidades sociais habilitadas, sendo que essas duas \u00faltimas ainda pouco utilizadas em Mato Grosso.<\/p>\n\n\n\n<p>Wilson Santos tem uma forte atua\u00e7\u00e3o com pol\u00edtica habitacional, sendo que atualmente preside a C\u00e2mara Setorial Tem\u00e1tica (CST) da Moradia Popular na Assembleia Legislativa de Mato Grosso \u2013 no prop\u00f3sito de buscar solu\u00e7\u00f5es, identificar oportunidades e garantir propostas para resolver o d\u00e9ficit habitacional que atinge mais de 100 mil fam\u00edlias no estado de Mato Grosso.<\/p>\n","protected":false},"excerpt":{"rendered":"<p>Durante o lan\u00e7amento do Novo PAC Sele\u00e7\u00f5es, realizado nesta segunda-feira (7), em Cuiab\u00e1, o deputado estadual Wilson Santos (PSD) solicitou a\u00e7\u00f5es mais eficazes por parte do governo federal para enfrentar o d\u00e9ficit habitacional em Mato Grosso. Na presen\u00e7a do senador licenciado e ministro da Agricultura e Pecu\u00e1ria (MAPA), Carlos F\u00e1varo (PSD), e do secret\u00e1rio Nacional [&hellip;]<\/p>\n","protected":false},"author":4,"featured_media":1719,"comment_status":"closed","ping_status":"open","sticky":false,"template":"","format":"standard","meta":{"footnotes":""},"categories":[13],"tags":[],"yoast_head":"<!-- This site is optimized with the Yoast SEO Premium plugin v21.5 (Yoast SEO v21.4) - https:\/\/yoast.com\/wordpress\/plugins\/seo\/ -->\n<title>Wilson Santos defende loteamento popular e solicita apoio ao Minist\u00e9rio das Cidades - wilsonsantosmt.com.br<\/title>\n<meta name=\"robots\" content=\"index, follow, max-snippet:-1, max-image-preview:large, max-video-preview:-1\" \/>\n<link rel=\"canonical\" href=\"https:\/\/wilsonsantosmt.com.br\/index.php\/2025\/07\/09\/wilson-santos-defende-loteamento-popular-e-solicita-apoio-ao-ministerio-das-cidades\/\" \/>\n<meta property=\"og:locale\" content=\"pt_BR\" \/>\n<meta property=\"og:type\" content=\"article\" \/>\n<meta property=\"og:title\" content=\"Wilson Santos defende loteamento popular e solicita apoio ao Minist\u00e9rio das Cidades\" \/>\n<meta property=\"og:description\" content=\"Durante o lan\u00e7amento do Novo PAC Sele\u00e7\u00f5es, realizado nesta segunda-feira (7), em Cuiab\u00e1, o deputado estadual Wilson Santos (PSD) solicitou a\u00e7\u00f5es mais eficazes por parte do governo federal para enfrentar o d\u00e9ficit habitacional em Mato Grosso. Na presen\u00e7a do senador licenciado e ministro da Agricultura e Pecu\u00e1ria (MAPA), Carlos F\u00e1varo (PSD), e do secret\u00e1rio Nacional [&hellip;]\" \/>\n<meta property=\"og:url\" content=\"https:\/\/wilsonsantosmt.com.br\/index.php\/2025\/07\/09\/wilson-santos-defende-loteamento-popular-e-solicita-apoio-ao-ministerio-das-cidades\/\" \/>\n<meta property=\"og:site_name\" content=\"wilsonsantosmt.com.br\" \/>\n<meta property=\"article:publisher\" content=\"https:\/\/www.facebook.com\/WilsonSantosMT\/\" \/>\n<meta property=\"article:published_time\" content=\"2025-07-09T20:43:00+00:00\" \/>\n<meta property=\"article:modified_time\" content=\"2025-07-11T20:43:44+00:00\" \/>\n<meta property=\"og:image\" content=\"http:\/\/wilsonsantosmt.com.br\/wp-content\/uploads\/2025\/07\/WhatsApp-Image-2025-07-10-at-14.39.02.jpeg\" \/>\n\t<meta property=\"og:image:width\" content=\"1600\" \/>\n\t<meta property=\"og:image:height\" content=\"1066\" \/>\n\t<meta property=\"og:image:type\" content=\"image\/jpeg\" \/>\n<meta name=\"author\" content=\"Samantha dos Anjos\" \/>\n<meta name=\"twitter:card\" content=\"summary_large_image\" \/>\n<meta name=\"twitter:label1\" content=\"Escrito por\" \/>\n\t<meta name=\"twitter:data1\" content=\"Samantha dos Anjos\" \/>\n\t<meta name=\"twitter:label2\" content=\"Est. tempo de leitura\" \/>\n\t<meta name=\"twitter:data2\" content=\"3 minutos\" \/>\n<script type=\"application\/ld+json\" class=\"yoast-schema-graph\">{\"@context\":\"https:\/\/schema.org\",\"@graph\":[{\"@type\":\"Article\",\"@id\":\"https:\/\/wilsonsantosmt.com.br\/index.php\/2025\/07\/09\/wilson-santos-defende-loteamento-popular-e-solicita-apoio-ao-ministerio-das-cidades\/#article\",\"isPartOf\":{\"@id\":\"https:\/\/wilsonsantosmt.com.br\/index.php\/2025\/07\/09\/wilson-santos-defende-loteamento-popular-e-solicita-apoio-ao-ministerio-das-cidades\/\"},\"author\":{\"name\":\"Samantha dos Anjos\",\"@id\":\"https:\/\/wilsonsantosmt.com.br\/#\/schema\/person\/1d097ee45f526dd0455dbad8c679932c\"},\"headline\":\"Wilson Santos defende loteamento popular e solicita apoio ao Minist\u00e9rio das Cidades\",\"datePublished\":\"2025-07-09T20:43:00+00:00\",\"dateModified\":\"2025-07-11T20:43:44+00:00\",\"mainEntityOfPage\":{\"@id\":\"https:\/\/wilsonsantosmt.com.br\/index.php\/2025\/07\/09\/wilson-santos-defende-loteamento-popular-e-solicita-apoio-ao-ministerio-das-cidades\/\"},\"wordCount\":499,\"publisher\":{\"@id\":\"https:\/\/wilsonsantosmt.com.br\/#\/schema\/person\/9de3c54961637a9eadb16bcbf895b1ef\"},\"articleSection\":[\"Not\u00edcias\"],\"inLanguage\":\"pt-BR\"},{\"@type\":\"WebPage\",\"@id\":\"https:\/\/wilsonsantosmt.com.br\/index.php\/2025\/07\/09\/wilson-santos-defende-loteamento-popular-e-solicita-apoio-ao-ministerio-das-cidades\/\",\"url\":\"https:\/\/wilsonsantosmt.com.br\/index.php\/2025\/07\/09\/wilson-santos-defende-loteamento-popular-e-solicita-apoio-ao-ministerio-das-cidades\/\",\"name\":\"Wilson Santos defende loteamento popular e solicita apoio ao Minist\u00e9rio das Cidades - wilsonsantosmt.com.br\",\"isPartOf\":{\"@id\":\"https:\/\/wilsonsantosmt.com.br\/#website\"},\"datePublished\":\"2025-07-09T20:43:00+00:00\",\"dateModified\":\"2025-07-11T20:43:44+00:00\",\"breadcrumb\":{\"@id\":\"https:\/\/wilsonsantosmt.com.br\/index.php\/2025\/07\/09\/wilson-santos-defende-loteamento-popular-e-solicita-apoio-ao-ministerio-das-cidades\/#breadcrumb\"},\"inLanguage\":\"pt-BR\",\"potentialAction\":[{\"@type\":\"ReadAction\",\"target\":[\"https:\/\/wilsonsantosmt.com.br\/index.php\/2025\/07\/09\/wilson-santos-defende-loteamento-popular-e-solicita-apoio-ao-ministerio-das-cidades\/\"]}]},{\"@type\":\"BreadcrumbList\",\"@id\":\"https:\/\/wilsonsantosmt.com.br\/index.php\/2025\/07\/09\/wilson-santos-defende-loteamento-popular-e-solicita-apoio-ao-ministerio-das-cidades\/#breadcrumb\",\"itemListElement\":[{\"@type\":\"ListItem\",\"position\":1,\"name\":\"In\u00edcio\",\"item\":\"https:\/\/wilsonsantosmt.com.br\/\"},{\"@type\":\"ListItem\",\"position\":2,\"name\":\"Not\u00edcias\",\"item\":\"https:\/\/wilsonsantosmt.com.br\/index.php\/category\/noticias\/\"},{\"@type\":\"ListItem\",\"position\":3,\"name\":\"Wilson Santos defende loteamento popular e solicita apoio ao Minist\u00e9rio das Cidades\"}]},{\"@type\":\"WebSite\",\"@id\":\"https:\/\/wilsonsantosmt.com.br\/#website\",\"url\":\"https:\/\/wilsonsantosmt.com.br\/\",\"name\":\"wilsonsantosmt.com.br\",\"description\":\"\",\"publisher\":{\"@id\":\"https:\/\/wilsonsantosmt.com.br\/#\/schema\/person\/9de3c54961637a9eadb16bcbf895b1ef\"},\"potentialAction\":[{\"@type\":\"SearchAction\",\"target\":{\"@type\":\"EntryPoint\",\"urlTemplate\":\"https:\/\/wilsonsantosmt.com.br\/?s={search_term_string}\"},\"query-input\":\"required name=search_term_string\"}],\"inLanguage\":\"pt-BR\"},{\"@type\":[\"Person\",\"Organization\"],\"@id\":\"https:\/\/wilsonsantosmt.com.br\/#\/schema\/person\/9de3c54961637a9eadb16bcbf895b1ef\",\"name\":\"Wilson Santos\",\"image\":{\"@type\":\"ImageObject\",\"inLanguage\":\"pt-BR\",\"@id\":\"https:\/\/wilsonsantosmt.com.br\/#\/schema\/person\/image\/\",\"url\":\"https:\/\/wilsonsantosmt.com.br\/wp-content\/uploads\/2023\/11\/310828673_653254583023360_8795459643194608438_n.jpg\",\"contentUrl\":\"https:\/\/wilsonsantosmt.com.br\/wp-content\/uploads\/2023\/11\/310828673_653254583023360_8795459643194608438_n.jpg\",\"width\":1078,\"height\":1079,\"caption\":\"Wilson Santos\"},\"logo\":{\"@id\":\"https:\/\/wilsonsantosmt.com.br\/#\/schema\/person\/image\/\"},\"sameAs\":[\"http:\/\/wilsonsantosmt.com.br\",\"https:\/\/www.facebook.com\/WilsonSantosMT\/\",\"https:\/\/www.instagram.com\/wilsonsantosmt\/\",\"https:\/\/www.youtube.com\/@WilsonSantosWS\/videos\",\"https:\/\/pt.wikipedia.org\/wiki\/Wilson_Santos\"],\"honorificPrefix\":\"Sr\",\"gender\":\"masculino\",\"jobTitle\":\"Deputado Estadual\",\"worksFor\":\"Assembleia Legislativa de Mato Grosso\"},{\"@type\":\"Person\",\"@id\":\"https:\/\/wilsonsantosmt.com.br\/#\/schema\/person\/1d097ee45f526dd0455dbad8c679932c\",\"name\":\"Samantha dos Anjos\",\"image\":{\"@type\":\"ImageObject\",\"inLanguage\":\"pt-BR\",\"@id\":\"https:\/\/wilsonsantosmt.com.br\/#\/schema\/person\/image\/\",\"url\":\"https:\/\/secure.gravatar.com\/avatar\/7d8d0b6dd67d134a9fa841bee90c57c7?s=96&d=mm&r=g\",\"contentUrl\":\"https:\/\/secure.gravatar.com\/avatar\/7d8d0b6dd67d134a9fa841bee90c57c7?s=96&d=mm&r=g\",\"caption\":\"Samantha dos Anjos\"},\"url\":\"https:\/\/wilsonsantosmt.com.br\/index.php\/author\/samantha-dos-anjos\/\"}]}<\/script>\n<!-- \/ Yoast SEO Premium plugin. -->","yoast_head_json":{"title":"Wilson Santos defende loteamento popular e solicita apoio ao Minist\u00e9rio das Cidades - wilsonsantosmt.com.br","robots":{"index":"index","follow":"follow","max-snippet":"max-snippet:-1","max-image-preview":"max-image-preview:large","max-video-preview":"max-video-preview:-1"},"canonical":"https:\/\/wilsonsantosmt.com.br\/index.php\/2025\/07\/09\/wilson-santos-defende-loteamento-popular-e-solicita-apoio-ao-ministerio-das-cidades\/","og_locale":"pt_BR","og_type":"article","og_title":"Wilson Santos defende loteamento popular e solicita apoio ao Minist\u00e9rio das Cidades","og_description":"Durante o lan\u00e7amento do Novo PAC Sele\u00e7\u00f5es, realizado nesta segunda-feira (7), em Cuiab\u00e1, o deputado estadual Wilson Santos (PSD) solicitou a\u00e7\u00f5es mais eficazes por parte do governo federal para enfrentar o d\u00e9ficit habitacional em Mato Grosso. Na presen\u00e7a do senador licenciado e ministro da Agricultura e Pecu\u00e1ria (MAPA), Carlos F\u00e1varo (PSD), e do secret\u00e1rio Nacional [&hellip;]","og_url":"https:\/\/wilsonsantosmt.com.br\/index.php\/2025\/07\/09\/wilson-santos-defende-loteamento-popular-e-solicita-apoio-ao-ministerio-das-cidades\/","og_site_name":"wilsonsantosmt.com.br","article_publisher":"https:\/\/www.facebook.com\/WilsonSantosMT\/","article_published_time":"2025-07-09T20:43:00+00:00","article_modified_time":"2025-07-11T20:43:44+00:00","og_image":[{"width":1600,"height":1066,"url":"http:\/\/wilsonsantosmt.com.br\/wp-content\/uploads\/2025\/07\/WhatsApp-Image-2025-07-10-at-14.39.02.jpeg","type":"image\/jpeg"}],"author":"Samantha dos Anjos","twitter_card":"summary_large_image","twitter_misc":{"Escrito por":"Samantha dos Anjos","Est. tempo de leitura":"3 minutos"},"schema":{"@context":"https:\/\/schema.org","@graph":[{"@type":"Article","@id":"https:\/\/wilsonsantosmt.com.br\/index.php\/2025\/07\/09\/wilson-santos-defende-loteamento-popular-e-solicita-apoio-ao-ministerio-das-cidades\/#article","isPartOf":{"@id":"https:\/\/wilsonsantosmt.com.br\/index.php\/2025\/07\/09\/wilson-santos-defende-loteamento-popular-e-solicita-apoio-ao-ministerio-das-cidades\/"},"author":{"name":"Samantha dos Anjos","@id":"https:\/\/wilsonsantosmt.com.br\/#\/schema\/person\/1d097ee45f526dd0455dbad8c679932c"},"headline":"Wilson Santos defende loteamento popular e solicita apoio ao Minist\u00e9rio das Cidades","datePublished":"2025-07-09T20:43:00+00:00","dateModified":"2025-07-11T20:43:44+00:00","mainEntityOfPage":{"@id":"https:\/\/wilsonsantosmt.com.br\/index.php\/2025\/07\/09\/wilson-santos-defende-loteamento-popular-e-solicita-apoio-ao-ministerio-das-cidades\/"},"wordCount":499,"publisher":{"@id":"https:\/\/wilsonsantosmt.com.br\/#\/schema\/person\/9de3c54961637a9eadb16bcbf895b1ef"},"articleSection":["Not\u00edcias"],"inLanguage":"pt-BR"},{"@type":"WebPage","@id":"https:\/\/wilsonsantosmt.com.br\/index.php\/2025\/07\/09\/wilson-santos-defende-loteamento-popular-e-solicita-apoio-ao-ministerio-das-cidades\/","url":"https:\/\/wilsonsantosmt.com.br\/index.php\/2025\/07\/09\/wilson-santos-defende-loteamento-popular-e-solicita-apoio-ao-ministerio-das-cidades\/","name":"Wilson Santos defende loteamento popular e solicita apoio ao Minist\u00e9rio das Cidades - wilsonsantosmt.com.br","isPartOf":{"@id":"https:\/\/wilsonsantosmt.com.br\/#website"},"datePublished":"2025-07-09T20:43:00+00:00","dateModified":"2025-07-11T20:43:44+00:00","breadcrumb":{"@id":"https:\/\/wilsonsantosmt.com.br\/index.php\/2025\/07\/09\/wilson-santos-defende-loteamento-popular-e-solicita-apoio-ao-ministerio-das-cidades\/#breadcrumb"},"inLanguage":"pt-BR","potentialAction":[{"@type":"ReadAction","target":["https:\/\/wilsonsantosmt.com.br\/index.php\/2025\/07\/09\/wilson-santos-defende-loteamento-popular-e-solicita-apoio-ao-ministerio-das-cidades\/"]}]},{"@type":"BreadcrumbList","@id":"https:\/\/wilsonsantosmt.com.br\/index.php\/2025\/07\/09\/wilson-santos-defende-loteamento-popular-e-solicita-apoio-ao-ministerio-das-cidades\/#breadcrumb","itemListElement":[{"@type":"ListItem","position":1,"name":"In\u00edcio","item":"https:\/\/wilsonsantosmt.com.br\/"},{"@type":"ListItem","position":2,"name":"Not\u00edcias","item":"https:\/\/wilsonsantosmt.com.br\/index.php\/category\/noticias\/"},{"@type":"ListItem","position":3,"name":"Wilson Santos defende loteamento popular e solicita apoio ao Minist\u00e9rio das Cidades"}]},{"@type":"WebSite","@id":"https:\/\/wilsonsantosmt.com.br\/#website","url":"https:\/\/wilsonsantosmt.com.br\/","name":"wilsonsantosmt.com.br","description":"","publisher":{"@id":"https:\/\/wilsonsantosmt.com.br\/#\/schema\/person\/9de3c54961637a9eadb16bcbf895b1ef"},"potentialAction":[{"@type":"SearchAction","target":{"@type":"EntryPoint","urlTemplate":"https:\/\/wilsonsantosmt.com.br\/?s={search_term_string}"},"query-input":"required name=search_term_string"}],"inLanguage":"pt-BR"},{"@type":["Person","Organization"],"@id":"https:\/\/wilsonsantosmt.com.br\/#\/schema\/person\/9de3c54961637a9eadb16bcbf895b1ef","name":"Wilson Santos","image":{"@type":"ImageObject","inLanguage":"pt-BR","@id":"https:\/\/wilsonsantosmt.com.br\/#\/schema\/person\/image\/","url":"https:\/\/wilsonsantosmt.com.br\/wp-content\/uploads\/2023\/11\/310828673_653254583023360_8795459643194608438_n.jpg","contentUrl":"https:\/\/wilsonsantosmt.com.br\/wp-content\/uploads\/2023\/11\/310828673_653254583023360_8795459643194608438_n.jpg","width":1078,"height":1079,"caption":"Wilson Santos"},"logo":{"@id":"https:\/\/wilsonsantosmt.com.br\/#\/schema\/person\/image\/"},"sameAs":["http:\/\/wilsonsantosmt.com.br","https:\/\/www.facebook.com\/WilsonSantosMT\/","https:\/\/www.instagram.com\/wilsonsantosmt\/","https:\/\/www.youtube.com\/@WilsonSantosWS\/videos","https:\/\/pt.wikipedia.org\/wiki\/Wilson_Santos"],"honorificPrefix":"Sr","gender":"masculino","jobTitle":"Deputado Estadual","worksFor":"Assembleia Legislativa de Mato Grosso"},{"@type":"Person","@id":"https:\/\/wilsonsantosmt.com.br\/#\/schema\/person\/1d097ee45f526dd0455dbad8c679932c","name":"Samantha dos Anjos","image":{"@type":"ImageObject","inLanguage":"pt-BR","@id":"https:\/\/wilsonsantosmt.com.br\/#\/schema\/person\/image\/","url":"https:\/\/secure.gravatar.com\/avatar\/7d8d0b6dd67d134a9fa841bee90c57c7?s=96&d=mm&r=g","contentUrl":"https:\/\/secure.gravatar.com\/avatar\/7d8d0b6dd67d134a9fa841bee90c57c7?s=96&d=mm&r=g","caption":"Samantha dos Anjos"},"url":"https:\/\/wilsonsantosmt.com.br\/index.php\/author\/samantha-dos-anjos\/"}]}},"_links":{"self":[{"href":"https:\/\/wilsonsantosmt.com.br\/index.php\/wp-json\/wp\/v2\/posts\/1718"}],"collection":[{"href":"https:\/\/wilsonsantosmt.com.br\/index.php\/wp-json\/wp\/v2\/posts"}],"about":[{"href":"https:\/\/wilsonsantosmt.com.br\/index.php\/wp-json\/wp\/v2\/types\/post"}],"author":[{"embeddable":true,"href":"https:\/\/wilsonsantosmt.com.br\/index.php\/wp-json\/wp\/v2\/users\/4"}],"replies":[{"embeddable":true,"href":"https:\/\/wilsonsantosmt.com.br\/index.php\/wp-json\/wp\/v2\/comments?post=1718"}],"version-history":[{"count":1,"href":"https:\/\/wilsonsantosmt.com.br\/index.php\/wp-json\/wp\/v2\/posts\/1718\/revisions"}],"predecessor-version":[{"id":1720,"href":"https:\/\/wilsonsantosmt.com.br\/index.php\/wp-json\/wp\/v2\/posts\/1718\/revisions\/1720"}],"wp:featuredmedia":[{"embeddable":true,"href":"https:\/\/wilsonsantosmt.com.br\/index.php\/wp-json\/wp\/v2\/media\/1719"}],"wp:attachment":[{"href":"https:\/\/wilsonsantosmt.com.br\/index.php\/wp-json\/wp\/v2\/media?parent=1718"}],"wp:term":[{"taxonomy":"category","embeddable":true,"href":"https:\/\/wilsonsantosmt.com.br\/index.php\/wp-json\/wp\/v2\/categories?post=1718"},{"taxonomy":"post_tag","embeddable":true,"href":"https:\/\/wilsonsantosmt.com.br\/index.php\/wp-json\/wp\/v2\/tags?post=1718"}],"curies":[{"name":"wp","href":"https:\/\/api.w.org\/{rel}","templated":true}]}}