{"id":1721,"date":"2025-07-10T16:44:04","date_gmt":"2025-07-10T20:44:04","guid":{"rendered":"https:\/\/wilsonsantosmt.com.br\/?p=1721"},"modified":"2025-07-11T16:44:36","modified_gmt":"2025-07-11T20:44:36","slug":"wilson-santos-cobra-explicacoes-da-pm-de-protecao-ambiental-sobre-operacao-contra-catadores-de-iscas-vivas","status":"publish","type":"post","link":"https:\/\/wilsonsantosmt.com.br\/index.php\/2025\/07\/10\/wilson-santos-cobra-explicacoes-da-pm-de-protecao-ambiental-sobre-operacao-contra-catadores-de-iscas-vivas\/","title":{"rendered":"Wilson Santos cobra explica\u00e7\u00f5es da PM de Prote\u00e7\u00e3o Ambiental sobre opera\u00e7\u00e3o contra catadores de iscas vivas"},"content":{"rendered":"\n<p><\/p>\n\n\n\n<p>O deputado estadual Wilson Santos (PSD) apresentou o Requerimento n.\u00b0 426\/2025 durante a sess\u00e3o plen\u00e1ria desta quarta-feira (9), solicitando a presen\u00e7a do comandante do Batalh\u00e3o da Pol\u00edcia Militar de Prote\u00e7\u00e3o Ambiental (BPMPA-MT), tenente-coronel Fagner Augusto do Nascimento, para prestar esclarecimentos sobre os fundamentos jur\u00eddicos e t\u00e9cnicos da \u201cOpera\u00e7\u00e3o Isca Viva\u201d, realizada em regi\u00f5es ribeirinhas e comunidades pesqueiras tradicionais de Mato Grosso.<\/p>\n\n\n\n<p>O parlamentar explica que a reivindica\u00e7\u00e3o surgiu em raz\u00e3o de den\u00fancias recebidas de catadores de iscas vivas e propriet\u00e1rios de estabelecimentos comerciais que atuam na coleta e comercializa\u00e7\u00e3o deste tipo de recurso pesqueiro. Tamb\u00e9m, acrescenta que eles alegam viola\u00e7\u00f5es de direitos durante abordagens e apreens\u00f5es promovidas durante a opera\u00e7\u00e3o policial.<\/p>\n\n\n\n<p>Segundo Wilson Santos, as recentes a\u00e7\u00f5es de fiscaliza\u00e7\u00e3o e repress\u00e3o t\u00eam provocado grande repercuss\u00e3o social, econ\u00f4mica e jur\u00eddica. Ele destaca a necessidade de esclarecer os motivos que levaram \u00e0 realiza\u00e7\u00e3o das opera\u00e7\u00f5es, a proporcionalidade das medidas adotadas, a forma de abordagem dos agentes e os impactos diretos sobre a atividade econ\u00f4mica local.<\/p>\n\n\n\n<p>\u201cH\u00e1 registros de apreens\u00f5es, notifica\u00e7\u00f5es e, at\u00e9 mesmo, san\u00e7\u00f5es que, em alguns casos, carecem de transpar\u00eancia e respaldo t\u00e9cnico claro, segundo relatos recebidos por nosso gabinete. Diante disso, \u00e9 fundamental que o comandante da Pol\u00edcia Militar de Prote\u00e7\u00e3o Ambiental esclare\u00e7a \u00e0 Assembleia Legislativa quais foram os crit\u00e9rios normativos e cient\u00edficos utilizados como base para as fiscaliza\u00e7\u00f5es e a\u00e7\u00f5es repressivas. Tamb\u00e9m queremos compreender o n\u00edvel de articula\u00e7\u00e3o entre os \u00f3rg\u00e3os ambientais estaduais e as for\u00e7as de seguran\u00e7a na execu\u00e7\u00e3o dessas a\u00e7\u00f5es\u201d, justificou o deputado.<\/p>\n\n\n\n<p>Wilson ressaltou que \u00e9 preciso estabelecer medidas que co\u00edbam abusos ou viola\u00e7\u00f5es de direitos durante abordagens e apreens\u00f5es, reafirmando que a Assembleia Legislativa tem o dever de garantir que a legisla\u00e7\u00e3o ambiental seja aplicada com equil\u00edbrio, justi\u00e7a e razoabilidade. Ele refor\u00e7a que \u00e9 preciso considerar os impactos sociais, econ\u00f4micos e culturais sobre comunidades que h\u00e1 d\u00e9cadas sobrevivem da pesca e da comercializa\u00e7\u00e3o de iscas vivas.<\/p>\n\n\n\n<p>\u201cNossa solicita\u00e7\u00e3o visa garantir transpar\u00eancia, di\u00e1logo institucional e busca por solu\u00e7\u00f5es pac\u00edficas que preservem o meio ambiente sem comprometer, de forma desproporcional, os modos de vida e a dignidade de trabalhadores vulner\u00e1veis. Os relatos de abordagens violentas, abusivas e desumanas s\u00e3o extremamente preocupantes. Ainda mais quando envolvem idosos com mais de 70 anos e pequenos comerciantes, tratados como criminosos, quando, na verdade, s\u00e3o pais e m\u00e3es de fam\u00edlia tentando garantir sua subsist\u00eancia de forma digna\u201d, concluiu o parlamentar.<\/p>\n","protected":false},"excerpt":{"rendered":"<p>O deputado estadual Wilson Santos (PSD) apresentou o Requerimento n.\u00b0 426\/2025 durante a sess\u00e3o plen\u00e1ria desta quarta-feira (9), solicitando a presen\u00e7a do comandante do Batalh\u00e3o da Pol\u00edcia Militar de Prote\u00e7\u00e3o Ambiental (BPMPA-MT), tenente-coronel Fagner Augusto do Nascimento, para prestar esclarecimentos sobre os fundamentos jur\u00eddicos e t\u00e9cnicos da \u201cOpera\u00e7\u00e3o Isca Viva\u201d, realizada em regi\u00f5es ribeirinhas e [&hellip;]<\/p>\n","protected":false},"author":4,"featured_media":1722,"comment_status":"closed","ping_status":"open","sticky":false,"template":"","format":"standard","meta":{"footnotes":""},"categories":[13],"tags":[],"yoast_head":"<!-- This site is optimized with the Yoast SEO Premium plugin v21.5 (Yoast SEO v21.4) - https:\/\/yoast.com\/wordpress\/plugins\/seo\/ -->\n<title>Wilson Santos cobra explica\u00e7\u00f5es da PM de Prote\u00e7\u00e3o Ambiental sobre opera\u00e7\u00e3o contra catadores de iscas vivas - wilsonsantosmt.com.br<\/title>\n<meta name=\"robots\" content=\"index, follow, max-snippet:-1, max-image-preview:large, max-video-preview:-1\" \/>\n<link rel=\"canonical\" href=\"https:\/\/wilsonsantosmt.com.br\/index.php\/2025\/07\/10\/wilson-santos-cobra-explicacoes-da-pm-de-protecao-ambiental-sobre-operacao-contra-catadores-de-iscas-vivas\/\" \/>\n<meta property=\"og:locale\" content=\"pt_BR\" \/>\n<meta property=\"og:type\" content=\"article\" \/>\n<meta property=\"og:title\" content=\"Wilson Santos cobra explica\u00e7\u00f5es da PM de Prote\u00e7\u00e3o Ambiental sobre opera\u00e7\u00e3o contra catadores de iscas vivas\" \/>\n<meta property=\"og:description\" content=\"O deputado estadual Wilson Santos (PSD) apresentou o Requerimento n.\u00b0 426\/2025 durante a sess\u00e3o plen\u00e1ria desta quarta-feira (9), solicitando a presen\u00e7a do comandante do Batalh\u00e3o da Pol\u00edcia Militar de Prote\u00e7\u00e3o Ambiental (BPMPA-MT), tenente-coronel Fagner Augusto do Nascimento, para prestar esclarecimentos sobre os fundamentos jur\u00eddicos e t\u00e9cnicos da \u201cOpera\u00e7\u00e3o Isca Viva\u201d, realizada em regi\u00f5es ribeirinhas e [&hellip;]\" \/>\n<meta property=\"og:url\" content=\"https:\/\/wilsonsantosmt.com.br\/index.php\/2025\/07\/10\/wilson-santos-cobra-explicacoes-da-pm-de-protecao-ambiental-sobre-operacao-contra-catadores-de-iscas-vivas\/\" \/>\n<meta property=\"og:site_name\" content=\"wilsonsantosmt.com.br\" \/>\n<meta property=\"article:publisher\" content=\"https:\/\/www.facebook.com\/WilsonSantosMT\/\" \/>\n<meta property=\"article:published_time\" content=\"2025-07-10T20:44:04+00:00\" \/>\n<meta property=\"article:modified_time\" content=\"2025-07-11T20:44:36+00:00\" \/>\n<meta property=\"og:image\" content=\"http:\/\/wilsonsantosmt.com.br\/wp-content\/uploads\/2025\/07\/WhatsApp-Image-2025-07-10-at-10.04.56.jpeg\" \/>\n\t<meta property=\"og:image:width\" content=\"1600\" \/>\n\t<meta property=\"og:image:height\" content=\"1066\" \/>\n\t<meta property=\"og:image:type\" content=\"image\/jpeg\" \/>\n<meta name=\"author\" content=\"Samantha dos Anjos\" \/>\n<meta name=\"twitter:card\" content=\"summary_large_image\" \/>\n<meta name=\"twitter:label1\" content=\"Escrito por\" \/>\n\t<meta name=\"twitter:data1\" content=\"Samantha dos Anjos\" \/>\n\t<meta name=\"twitter:label2\" content=\"Est. tempo de leitura\" \/>\n\t<meta name=\"twitter:data2\" content=\"3 minutos\" \/>\n<script type=\"application\/ld+json\" class=\"yoast-schema-graph\">{\"@context\":\"https:\/\/schema.org\",\"@graph\":[{\"@type\":\"Article\",\"@id\":\"https:\/\/wilsonsantosmt.com.br\/index.php\/2025\/07\/10\/wilson-santos-cobra-explicacoes-da-pm-de-protecao-ambiental-sobre-operacao-contra-catadores-de-iscas-vivas\/#article\",\"isPartOf\":{\"@id\":\"https:\/\/wilsonsantosmt.com.br\/index.php\/2025\/07\/10\/wilson-santos-cobra-explicacoes-da-pm-de-protecao-ambiental-sobre-operacao-contra-catadores-de-iscas-vivas\/\"},\"author\":{\"name\":\"Samantha dos Anjos\",\"@id\":\"https:\/\/wilsonsantosmt.com.br\/#\/schema\/person\/1d097ee45f526dd0455dbad8c679932c\"},\"headline\":\"Wilson Santos cobra explica\u00e7\u00f5es da PM de Prote\u00e7\u00e3o Ambiental sobre opera\u00e7\u00e3o contra catadores de iscas vivas\",\"datePublished\":\"2025-07-10T20:44:04+00:00\",\"dateModified\":\"2025-07-11T20:44:36+00:00\",\"mainEntityOfPage\":{\"@id\":\"https:\/\/wilsonsantosmt.com.br\/index.php\/2025\/07\/10\/wilson-santos-cobra-explicacoes-da-pm-de-protecao-ambiental-sobre-operacao-contra-catadores-de-iscas-vivas\/\"},\"wordCount\":470,\"publisher\":{\"@id\":\"https:\/\/wilsonsantosmt.com.br\/#\/schema\/person\/9de3c54961637a9eadb16bcbf895b1ef\"},\"articleSection\":[\"Not\u00edcias\"],\"inLanguage\":\"pt-BR\"},{\"@type\":\"WebPage\",\"@id\":\"https:\/\/wilsonsantosmt.com.br\/index.php\/2025\/07\/10\/wilson-santos-cobra-explicacoes-da-pm-de-protecao-ambiental-sobre-operacao-contra-catadores-de-iscas-vivas\/\",\"url\":\"https:\/\/wilsonsantosmt.com.br\/index.php\/2025\/07\/10\/wilson-santos-cobra-explicacoes-da-pm-de-protecao-ambiental-sobre-operacao-contra-catadores-de-iscas-vivas\/\",\"name\":\"Wilson Santos cobra explica\u00e7\u00f5es da PM de Prote\u00e7\u00e3o Ambiental sobre opera\u00e7\u00e3o contra catadores de iscas vivas - wilsonsantosmt.com.br\",\"isPartOf\":{\"@id\":\"https:\/\/wilsonsantosmt.com.br\/#website\"},\"datePublished\":\"2025-07-10T20:44:04+00:00\",\"dateModified\":\"2025-07-11T20:44:36+00:00\",\"breadcrumb\":{\"@id\":\"https:\/\/wilsonsantosmt.com.br\/index.php\/2025\/07\/10\/wilson-santos-cobra-explicacoes-da-pm-de-protecao-ambiental-sobre-operacao-contra-catadores-de-iscas-vivas\/#breadcrumb\"},\"inLanguage\":\"pt-BR\",\"potentialAction\":[{\"@type\":\"ReadAction\",\"target\":[\"https:\/\/wilsonsantosmt.com.br\/index.php\/2025\/07\/10\/wilson-santos-cobra-explicacoes-da-pm-de-protecao-ambiental-sobre-operacao-contra-catadores-de-iscas-vivas\/\"]}]},{\"@type\":\"BreadcrumbList\",\"@id\":\"https:\/\/wilsonsantosmt.com.br\/index.php\/2025\/07\/10\/wilson-santos-cobra-explicacoes-da-pm-de-protecao-ambiental-sobre-operacao-contra-catadores-de-iscas-vivas\/#breadcrumb\",\"itemListElement\":[{\"@type\":\"ListItem\",\"position\":1,\"name\":\"In\u00edcio\",\"item\":\"https:\/\/wilsonsantosmt.com.br\/\"},{\"@type\":\"ListItem\",\"position\":2,\"name\":\"Not\u00edcias\",\"item\":\"https:\/\/wilsonsantosmt.com.br\/index.php\/category\/noticias\/\"},{\"@type\":\"ListItem\",\"position\":3,\"name\":\"Wilson Santos cobra explica\u00e7\u00f5es da PM de Prote\u00e7\u00e3o Ambiental sobre opera\u00e7\u00e3o contra catadores de iscas vivas\"}]},{\"@type\":\"WebSite\",\"@id\":\"https:\/\/wilsonsantosmt.com.br\/#website\",\"url\":\"https:\/\/wilsonsantosmt.com.br\/\",\"name\":\"wilsonsantosmt.com.br\",\"description\":\"\",\"publisher\":{\"@id\":\"https:\/\/wilsonsantosmt.com.br\/#\/schema\/person\/9de3c54961637a9eadb16bcbf895b1ef\"},\"potentialAction\":[{\"@type\":\"SearchAction\",\"target\":{\"@type\":\"EntryPoint\",\"urlTemplate\":\"https:\/\/wilsonsantosmt.com.br\/?s={search_term_string}\"},\"query-input\":\"required name=search_term_string\"}],\"inLanguage\":\"pt-BR\"},{\"@type\":[\"Person\",\"Organization\"],\"@id\":\"https:\/\/wilsonsantosmt.com.br\/#\/schema\/person\/9de3c54961637a9eadb16bcbf895b1ef\",\"name\":\"Wilson Santos\",\"image\":{\"@type\":\"ImageObject\",\"inLanguage\":\"pt-BR\",\"@id\":\"https:\/\/wilsonsantosmt.com.br\/#\/schema\/person\/image\/\",\"url\":\"https:\/\/wilsonsantosmt.com.br\/wp-content\/uploads\/2023\/11\/310828673_653254583023360_8795459643194608438_n.jpg\",\"contentUrl\":\"https:\/\/wilsonsantosmt.com.br\/wp-content\/uploads\/2023\/11\/310828673_653254583023360_8795459643194608438_n.jpg\",\"width\":1078,\"height\":1079,\"caption\":\"Wilson Santos\"},\"logo\":{\"@id\":\"https:\/\/wilsonsantosmt.com.br\/#\/schema\/person\/image\/\"},\"sameAs\":[\"http:\/\/wilsonsantosmt.com.br\",\"https:\/\/www.facebook.com\/WilsonSantosMT\/\",\"https:\/\/www.instagram.com\/wilsonsantosmt\/\",\"https:\/\/www.youtube.com\/@WilsonSantosWS\/videos\",\"https:\/\/pt.wikipedia.org\/wiki\/Wilson_Santos\"],\"honorificPrefix\":\"Sr\",\"gender\":\"masculino\",\"jobTitle\":\"Deputado Estadual\",\"worksFor\":\"Assembleia Legislativa de Mato Grosso\"},{\"@type\":\"Person\",\"@id\":\"https:\/\/wilsonsantosmt.com.br\/#\/schema\/person\/1d097ee45f526dd0455dbad8c679932c\",\"name\":\"Samantha dos Anjos\",\"image\":{\"@type\":\"ImageObject\",\"inLanguage\":\"pt-BR\",\"@id\":\"https:\/\/wilsonsantosmt.com.br\/#\/schema\/person\/image\/\",\"url\":\"https:\/\/secure.gravatar.com\/avatar\/7d8d0b6dd67d134a9fa841bee90c57c7?s=96&d=mm&r=g\",\"contentUrl\":\"https:\/\/secure.gravatar.com\/avatar\/7d8d0b6dd67d134a9fa841bee90c57c7?s=96&d=mm&r=g\",\"caption\":\"Samantha dos Anjos\"},\"url\":\"https:\/\/wilsonsantosmt.com.br\/index.php\/author\/samantha-dos-anjos\/\"}]}<\/script>\n<!-- \/ Yoast SEO Premium plugin. -->","yoast_head_json":{"title":"Wilson Santos cobra explica\u00e7\u00f5es da PM de Prote\u00e7\u00e3o Ambiental sobre opera\u00e7\u00e3o contra catadores de iscas vivas - wilsonsantosmt.com.br","robots":{"index":"index","follow":"follow","max-snippet":"max-snippet:-1","max-image-preview":"max-image-preview:large","max-video-preview":"max-video-preview:-1"},"canonical":"https:\/\/wilsonsantosmt.com.br\/index.php\/2025\/07\/10\/wilson-santos-cobra-explicacoes-da-pm-de-protecao-ambiental-sobre-operacao-contra-catadores-de-iscas-vivas\/","og_locale":"pt_BR","og_type":"article","og_title":"Wilson Santos cobra explica\u00e7\u00f5es da PM de Prote\u00e7\u00e3o Ambiental sobre opera\u00e7\u00e3o contra catadores de iscas vivas","og_description":"O deputado estadual Wilson Santos (PSD) apresentou o Requerimento n.\u00b0 426\/2025 durante a sess\u00e3o plen\u00e1ria desta quarta-feira (9), solicitando a presen\u00e7a do comandante do Batalh\u00e3o da Pol\u00edcia Militar de Prote\u00e7\u00e3o Ambiental (BPMPA-MT), tenente-coronel Fagner Augusto do Nascimento, para prestar esclarecimentos sobre os fundamentos jur\u00eddicos e t\u00e9cnicos da \u201cOpera\u00e7\u00e3o Isca Viva\u201d, realizada em regi\u00f5es ribeirinhas e [&hellip;]","og_url":"https:\/\/wilsonsantosmt.com.br\/index.php\/2025\/07\/10\/wilson-santos-cobra-explicacoes-da-pm-de-protecao-ambiental-sobre-operacao-contra-catadores-de-iscas-vivas\/","og_site_name":"wilsonsantosmt.com.br","article_publisher":"https:\/\/www.facebook.com\/WilsonSantosMT\/","article_published_time":"2025-07-10T20:44:04+00:00","article_modified_time":"2025-07-11T20:44:36+00:00","og_image":[{"width":1600,"height":1066,"url":"http:\/\/wilsonsantosmt.com.br\/wp-content\/uploads\/2025\/07\/WhatsApp-Image-2025-07-10-at-10.04.56.jpeg","type":"image\/jpeg"}],"author":"Samantha dos Anjos","twitter_card":"summary_large_image","twitter_misc":{"Escrito por":"Samantha dos Anjos","Est. tempo de leitura":"3 minutos"},"schema":{"@context":"https:\/\/schema.org","@graph":[{"@type":"Article","@id":"https:\/\/wilsonsantosmt.com.br\/index.php\/2025\/07\/10\/wilson-santos-cobra-explicacoes-da-pm-de-protecao-ambiental-sobre-operacao-contra-catadores-de-iscas-vivas\/#article","isPartOf":{"@id":"https:\/\/wilsonsantosmt.com.br\/index.php\/2025\/07\/10\/wilson-santos-cobra-explicacoes-da-pm-de-protecao-ambiental-sobre-operacao-contra-catadores-de-iscas-vivas\/"},"author":{"name":"Samantha dos Anjos","@id":"https:\/\/wilsonsantosmt.com.br\/#\/schema\/person\/1d097ee45f526dd0455dbad8c679932c"},"headline":"Wilson Santos cobra explica\u00e7\u00f5es da PM de Prote\u00e7\u00e3o Ambiental sobre opera\u00e7\u00e3o contra catadores de iscas vivas","datePublished":"2025-07-10T20:44:04+00:00","dateModified":"2025-07-11T20:44:36+00:00","mainEntityOfPage":{"@id":"https:\/\/wilsonsantosmt.com.br\/index.php\/2025\/07\/10\/wilson-santos-cobra-explicacoes-da-pm-de-protecao-ambiental-sobre-operacao-contra-catadores-de-iscas-vivas\/"},"wordCount":470,"publisher":{"@id":"https:\/\/wilsonsantosmt.com.br\/#\/schema\/person\/9de3c54961637a9eadb16bcbf895b1ef"},"articleSection":["Not\u00edcias"],"inLanguage":"pt-BR"},{"@type":"WebPage","@id":"https:\/\/wilsonsantosmt.com.br\/index.php\/2025\/07\/10\/wilson-santos-cobra-explicacoes-da-pm-de-protecao-ambiental-sobre-operacao-contra-catadores-de-iscas-vivas\/","url":"https:\/\/wilsonsantosmt.com.br\/index.php\/2025\/07\/10\/wilson-santos-cobra-explicacoes-da-pm-de-protecao-ambiental-sobre-operacao-contra-catadores-de-iscas-vivas\/","name":"Wilson Santos cobra explica\u00e7\u00f5es da PM de Prote\u00e7\u00e3o Ambiental sobre opera\u00e7\u00e3o contra catadores de iscas vivas - wilsonsantosmt.com.br","isPartOf":{"@id":"https:\/\/wilsonsantosmt.com.br\/#website"},"datePublished":"2025-07-10T20:44:04+00:00","dateModified":"2025-07-11T20:44:36+00:00","breadcrumb":{"@id":"https:\/\/wilsonsantosmt.com.br\/index.php\/2025\/07\/10\/wilson-santos-cobra-explicacoes-da-pm-de-protecao-ambiental-sobre-operacao-contra-catadores-de-iscas-vivas\/#breadcrumb"},"inLanguage":"pt-BR","potentialAction":[{"@type":"ReadAction","target":["https:\/\/wilsonsantosmt.com.br\/index.php\/2025\/07\/10\/wilson-santos-cobra-explicacoes-da-pm-de-protecao-ambiental-sobre-operacao-contra-catadores-de-iscas-vivas\/"]}]},{"@type":"BreadcrumbList","@id":"https:\/\/wilsonsantosmt.com.br\/index.php\/2025\/07\/10\/wilson-santos-cobra-explicacoes-da-pm-de-protecao-ambiental-sobre-operacao-contra-catadores-de-iscas-vivas\/#breadcrumb","itemListElement":[{"@type":"ListItem","position":1,"name":"In\u00edcio","item":"https:\/\/wilsonsantosmt.com.br\/"},{"@type":"ListItem","position":2,"name":"Not\u00edcias","item":"https:\/\/wilsonsantosmt.com.br\/index.php\/category\/noticias\/"},{"@type":"ListItem","position":3,"name":"Wilson Santos cobra explica\u00e7\u00f5es da PM de Prote\u00e7\u00e3o Ambiental sobre opera\u00e7\u00e3o contra catadores de iscas vivas"}]},{"@type":"WebSite","@id":"https:\/\/wilsonsantosmt.com.br\/#website","url":"https:\/\/wilsonsantosmt.com.br\/","name":"wilsonsantosmt.com.br","description":"","publisher":{"@id":"https:\/\/wilsonsantosmt.com.br\/#\/schema\/person\/9de3c54961637a9eadb16bcbf895b1ef"},"potentialAction":[{"@type":"SearchAction","target":{"@type":"EntryPoint","urlTemplate":"https:\/\/wilsonsantosmt.com.br\/?s={search_term_string}"},"query-input":"required name=search_term_string"}],"inLanguage":"pt-BR"},{"@type":["Person","Organization"],"@id":"https:\/\/wilsonsantosmt.com.br\/#\/schema\/person\/9de3c54961637a9eadb16bcbf895b1ef","name":"Wilson Santos","image":{"@type":"ImageObject","inLanguage":"pt-BR","@id":"https:\/\/wilsonsantosmt.com.br\/#\/schema\/person\/image\/","url":"https:\/\/wilsonsantosmt.com.br\/wp-content\/uploads\/2023\/11\/310828673_653254583023360_8795459643194608438_n.jpg","contentUrl":"https:\/\/wilsonsantosmt.com.br\/wp-content\/uploads\/2023\/11\/310828673_653254583023360_8795459643194608438_n.jpg","width":1078,"height":1079,"caption":"Wilson Santos"},"logo":{"@id":"https:\/\/wilsonsantosmt.com.br\/#\/schema\/person\/image\/"},"sameAs":["http:\/\/wilsonsantosmt.com.br","https:\/\/www.facebook.com\/WilsonSantosMT\/","https:\/\/www.instagram.com\/wilsonsantosmt\/","https:\/\/www.youtube.com\/@WilsonSantosWS\/videos","https:\/\/pt.wikipedia.org\/wiki\/Wilson_Santos"],"honorificPrefix":"Sr","gender":"masculino","jobTitle":"Deputado Estadual","worksFor":"Assembleia Legislativa de Mato Grosso"},{"@type":"Person","@id":"https:\/\/wilsonsantosmt.com.br\/#\/schema\/person\/1d097ee45f526dd0455dbad8c679932c","name":"Samantha dos Anjos","image":{"@type":"ImageObject","inLanguage":"pt-BR","@id":"https:\/\/wilsonsantosmt.com.br\/#\/schema\/person\/image\/","url":"https:\/\/secure.gravatar.com\/avatar\/7d8d0b6dd67d134a9fa841bee90c57c7?s=96&d=mm&r=g","contentUrl":"https:\/\/secure.gravatar.com\/avatar\/7d8d0b6dd67d134a9fa841bee90c57c7?s=96&d=mm&r=g","caption":"Samantha dos Anjos"},"url":"https:\/\/wilsonsantosmt.com.br\/index.php\/author\/samantha-dos-anjos\/"}]}},"_links":{"self":[{"href":"https:\/\/wilsonsantosmt.com.br\/index.php\/wp-json\/wp\/v2\/posts\/1721"}],"collection":[{"href":"https:\/\/wilsonsantosmt.com.br\/index.php\/wp-json\/wp\/v2\/posts"}],"about":[{"href":"https:\/\/wilsonsantosmt.com.br\/index.php\/wp-json\/wp\/v2\/types\/post"}],"author":[{"embeddable":true,"href":"https:\/\/wilsonsantosmt.com.br\/index.php\/wp-json\/wp\/v2\/users\/4"}],"replies":[{"embeddable":true,"href":"https:\/\/wilsonsantosmt.com.br\/index.php\/wp-json\/wp\/v2\/comments?post=1721"}],"version-history":[{"count":1,"href":"https:\/\/wilsonsantosmt.com.br\/index.php\/wp-json\/wp\/v2\/posts\/1721\/revisions"}],"predecessor-version":[{"id":1723,"href":"https:\/\/wilsonsantosmt.com.br\/index.php\/wp-json\/wp\/v2\/posts\/1721\/revisions\/1723"}],"wp:featuredmedia":[{"embeddable":true,"href":"https:\/\/wilsonsantosmt.com.br\/index.php\/wp-json\/wp\/v2\/media\/1722"}],"wp:attachment":[{"href":"https:\/\/wilsonsantosmt.com.br\/index.php\/wp-json\/wp\/v2\/media?parent=1721"}],"wp:term":[{"taxonomy":"category","embeddable":true,"href":"https:\/\/wilsonsantosmt.com.br\/index.php\/wp-json\/wp\/v2\/categories?post=1721"},{"taxonomy":"post_tag","embeddable":true,"href":"https:\/\/wilsonsantosmt.com.br\/index.php\/wp-json\/wp\/v2\/tags?post=1721"}],"curies":[{"name":"wp","href":"https:\/\/api.w.org\/{rel}","templated":true}]}}