{"id":1724,"date":"2025-07-23T11:22:48","date_gmt":"2025-07-23T15:22:48","guid":{"rendered":"https:\/\/wilsonsantosmt.com.br\/?p=1724"},"modified":"2025-07-23T11:32:55","modified_gmt":"2025-07-23T15:32:55","slug":"artigo-l-violencia-domestica-impacto-aos-cofres-publicos","status":"publish","type":"post","link":"https:\/\/wilsonsantosmt.com.br\/index.php\/2025\/07\/23\/artigo-l-violencia-domestica-impacto-aos-cofres-publicos\/","title":{"rendered":"Viol\u00eancia dom\u00e9stica: impacto aos cofres p\u00fablicos"},"content":{"rendered":"\n<p><\/p>\n\n\n\n<p>Por Wilson Santos: Professor e Deputado Estadual<\/p>\n\n\n\n<p>Quando entrei na vida p\u00fablica, escolhi atuar em prol dos mais necessitados e vulner\u00e1veis. Uma das situa\u00e7\u00f5es mais alarmantes que enfrentamos em nosso estado de Mato Grosso s\u00e3o os altos \u00edndices de viol\u00eancia dom\u00e9stica. Os casos de feminic\u00eddio, por exemplo, s\u00e3o ainda mais preocupantes. Dados do Observat\u00f3rio Caliandra do Minist\u00e9rio P\u00fablico de Mato Grosso (MPMT), revelam que mais de 70% dos feminic\u00eddios registrados em 2025 foram cometidos na casa das v\u00edtimas.<\/p>\n\n\n\n<p>Observamos que muitas mulheres que sofrem abuso e agress\u00f5es acabam ref\u00e9ns de seus agressores \u2014 seja pela depend\u00eancia financeira, seja pela esperan\u00e7a de mudan\u00e7a de comportamento do parceiro e na tentativa de manter a uni\u00e3o familiar. Ainda h\u00e1 muito a ser feito para que pol\u00edticas p\u00fablicas eficazes incentivem essas mulheres a romper o sil\u00eancio e retomarem suas vidas com dignidade. \u00c9 preciso considerar, tamb\u00e9m, os impactos que essa viol\u00eancia causa aos cofres p\u00fablicos, nas esferas federal, estadual e municipal. Isso refor\u00e7a a urg\u00eancia de a\u00e7\u00f5es preventivas, que, al\u00e9m de salvar vidas, evitam grandes despesas ao sistema p\u00fablico.<\/p>\n\n\n\n<p>Como diz o ditado: \u201c\u00c9 melhor prevenir do que remediar\u201d. A preven\u00e7\u00e3o pode come\u00e7ar nas escolas, por meio da forma\u00e7\u00e3o de jovens conscientes sobre a import\u00e2ncia do respeito ao pr\u00f3ximo, da n\u00e3o aceita\u00e7\u00e3o de qualquer tipo de coa\u00e7\u00e3o ou agress\u00e3o e do entendimento dos danos f\u00edsicos e emocionais causados por esse tipo de viol\u00eancia. \u00c9 fundamental ampliar as a\u00e7\u00f5es de conscientiza\u00e7\u00e3o e sensibiliza\u00e7\u00e3o em diferentes espa\u00e7os da sociedade, oferecendo orienta\u00e7\u00f5es e apoio a quem j\u00e1 sofre ou presencie a viol\u00eancia no dia a dia.<\/p>\n\n\n\n<p>As a\u00e7\u00f5es preventivas, al\u00e9m de mais humanas, s\u00e3o muito mais econ\u00f4micas do que os custos gerados pelo tratamento de v\u00edtimas no sistema de sa\u00fade que, muitas vezes &#8211; sofrem les\u00f5es, mutila\u00e7\u00f5es e transtornos mentais, o que as afasta do mercado de trabalho. Al\u00e9m disso, os filhos que presenciam a viol\u00eancia dom\u00e9stica enfrentam impactos diretos em seu desenvolvimento, com baixo rendimento escolar e necessidade de acompanhamento psicol\u00f3gico.<\/p>\n\n\n\n<p>Outro ponto a ser considerado \u00e9 o sistema penitenci\u00e1rio que absorve os autores de viol\u00eancia dom\u00e9stica e feminic\u00eddios, gerando alto custo ao Estado e comprometendo o or\u00e7amento p\u00fablico. Recursos que poderiam ser destinados a projetos sociais e de desenvolvimento acabam sendo utilizados para manter um sistema que, muitas vezes, age apenas de forma reativa.<\/p>\n\n\n\n<p>Precisamos quebrar o ciclo da viol\u00eancia dom\u00e9stica, intensificar as pol\u00edticas p\u00fablicas e oferecer o apoio necess\u00e1rio \u00e0s mulheres e seus familiares em situa\u00e7\u00e3o de vulnerabilidade. Ao mesmo tempo, \u00e9 preciso garantir que os agressores sejam responsabilizados por seus atos. Nesse sentido, apresentamos importantes propostas na Assembleia Legislativa de Mato Grosso, como o Projeto de Lei n\u00ba 849\/2025, que disp\u00f5e sobre assist\u00eancia psicol\u00f3gica e social \u00e0s fam\u00edlias de v\u00edtimas de feminic\u00eddio.<\/p>\n\n\n\n<p>De acordo com a Pol\u00edcia Judici\u00e1ria Civil de Mato Grosso (PJC), os crimes de feminic\u00eddio registrados em 2024 deixaram 83 crian\u00e7as \u00f3rf\u00e3s de m\u00e3e. Com base nessa situa\u00e7\u00e3o, temos o Projeto de Lei n\u00ba 2303\/2023, em tramita\u00e7\u00e3o na Assembleia Legislativa, que obriga a inclus\u00e3o de informa\u00e7\u00f5es sobre os filhos menores de idade nas ocorr\u00eancias registradas, o que possibilita um acompanhamento mais efetivo por parte do Estado.<\/p>\n\n\n\n<p>\u00c9 hora de enxergar a viol\u00eancia dom\u00e9stica como um problema de toda a sociedade que exige responsabilidade coletiva, pol\u00edticas p\u00fablicas eficientes e um olhar atento \u00e0s v\u00edtimas. Combater essa chaga \u00e9, ao mesmo tempo, um dever moral e uma estrat\u00e9gia inteligente de gest\u00e3o p\u00fablica. O custo da omiss\u00e3o \u00e9 alto demais &#8211; em vidas, em sofrimento e em recursos.<\/p>\n","protected":false},"excerpt":{"rendered":"<p>Por Wilson Santos: Professor e Deputado Estadual Quando entrei na vida p\u00fablica, escolhi atuar em prol dos mais necessitados e vulner\u00e1veis. Uma das situa\u00e7\u00f5es mais alarmantes que enfrentamos em nosso estado de Mato Grosso s\u00e3o os altos \u00edndices de viol\u00eancia dom\u00e9stica. Os casos de feminic\u00eddio, por exemplo, s\u00e3o ainda mais preocupantes. Dados do Observat\u00f3rio Caliandra [&hellip;]<\/p>\n","protected":false},"author":1,"featured_media":1725,"comment_status":"closed","ping_status":"open","sticky":false,"template":"","format":"standard","meta":{"footnotes":""},"categories":[13],"tags":[],"yoast_head":"<!-- This site is optimized with the Yoast SEO Premium plugin v21.5 (Yoast SEO v21.4) - https:\/\/yoast.com\/wordpress\/plugins\/seo\/ -->\n<title>Viol\u00eancia dom\u00e9stica: impacto aos cofres p\u00fablicos - wilsonsantosmt.com.br<\/title>\n<meta name=\"robots\" content=\"index, follow, max-snippet:-1, max-image-preview:large, max-video-preview:-1\" \/>\n<link rel=\"canonical\" href=\"https:\/\/wilsonsantosmt.com.br\/index.php\/2025\/07\/23\/artigo-l-violencia-domestica-impacto-aos-cofres-publicos\/\" \/>\n<meta property=\"og:locale\" content=\"pt_BR\" \/>\n<meta property=\"og:type\" content=\"article\" \/>\n<meta property=\"og:title\" content=\"Viol\u00eancia dom\u00e9stica: impacto aos cofres p\u00fablicos\" \/>\n<meta property=\"og:description\" content=\"Por Wilson Santos: Professor e Deputado Estadual Quando entrei na vida p\u00fablica, escolhi atuar em prol dos mais necessitados e vulner\u00e1veis. Uma das situa\u00e7\u00f5es mais alarmantes que enfrentamos em nosso estado de Mato Grosso s\u00e3o os altos \u00edndices de viol\u00eancia dom\u00e9stica. Os casos de feminic\u00eddio, por exemplo, s\u00e3o ainda mais preocupantes. Dados do Observat\u00f3rio Caliandra [&hellip;]\" \/>\n<meta property=\"og:url\" content=\"https:\/\/wilsonsantosmt.com.br\/index.php\/2025\/07\/23\/artigo-l-violencia-domestica-impacto-aos-cofres-publicos\/\" \/>\n<meta property=\"og:site_name\" content=\"wilsonsantosmt.com.br\" \/>\n<meta property=\"article:publisher\" content=\"https:\/\/www.facebook.com\/WilsonSantosMT\/\" \/>\n<meta property=\"article:author\" content=\"https:\/\/www.facebook.com\/WilsonSantosMT\/\" \/>\n<meta property=\"article:published_time\" content=\"2025-07-23T15:22:48+00:00\" \/>\n<meta property=\"article:modified_time\" content=\"2025-07-23T15:32:55+00:00\" \/>\n<meta property=\"og:image\" content=\"http:\/\/wilsonsantosmt.com.br\/wp-content\/uploads\/2025\/07\/WhatsApp-Image-2025-07-23-at-09.59.15.jpeg\" \/>\n\t<meta property=\"og:image:width\" content=\"1396\" \/>\n\t<meta property=\"og:image:height\" content=\"1067\" \/>\n\t<meta property=\"og:image:type\" content=\"image\/jpeg\" \/>\n<meta name=\"author\" content=\"Wilson Santos\" \/>\n<meta name=\"twitter:card\" content=\"summary_large_image\" \/>\n<meta name=\"twitter:label1\" content=\"Escrito por\" \/>\n\t<meta name=\"twitter:data1\" content=\"Wilson Santos\" \/>\n\t<meta name=\"twitter:label2\" content=\"Est. tempo de leitura\" \/>\n\t<meta name=\"twitter:data2\" content=\"4 minutos\" \/>\n<script type=\"application\/ld+json\" class=\"yoast-schema-graph\">{\"@context\":\"https:\/\/schema.org\",\"@graph\":[{\"@type\":\"Article\",\"@id\":\"https:\/\/wilsonsantosmt.com.br\/index.php\/2025\/07\/23\/artigo-l-violencia-domestica-impacto-aos-cofres-publicos\/#article\",\"isPartOf\":{\"@id\":\"https:\/\/wilsonsantosmt.com.br\/index.php\/2025\/07\/23\/artigo-l-violencia-domestica-impacto-aos-cofres-publicos\/\"},\"author\":{\"name\":\"Wilson Santos\",\"@id\":\"https:\/\/wilsonsantosmt.com.br\/#\/schema\/person\/9de3c54961637a9eadb16bcbf895b1ef\"},\"headline\":\"Viol\u00eancia dom\u00e9stica: impacto aos cofres p\u00fablicos\",\"datePublished\":\"2025-07-23T15:22:48+00:00\",\"dateModified\":\"2025-07-23T15:32:55+00:00\",\"mainEntityOfPage\":{\"@id\":\"https:\/\/wilsonsantosmt.com.br\/index.php\/2025\/07\/23\/artigo-l-violencia-domestica-impacto-aos-cofres-publicos\/\"},\"wordCount\":665,\"publisher\":{\"@id\":\"https:\/\/wilsonsantosmt.com.br\/#\/schema\/person\/9de3c54961637a9eadb16bcbf895b1ef\"},\"articleSection\":[\"Not\u00edcias\"],\"inLanguage\":\"pt-BR\"},{\"@type\":\"WebPage\",\"@id\":\"https:\/\/wilsonsantosmt.com.br\/index.php\/2025\/07\/23\/artigo-l-violencia-domestica-impacto-aos-cofres-publicos\/\",\"url\":\"https:\/\/wilsonsantosmt.com.br\/index.php\/2025\/07\/23\/artigo-l-violencia-domestica-impacto-aos-cofres-publicos\/\",\"name\":\"Viol\u00eancia dom\u00e9stica: impacto aos cofres p\u00fablicos - wilsonsantosmt.com.br\",\"isPartOf\":{\"@id\":\"https:\/\/wilsonsantosmt.com.br\/#website\"},\"datePublished\":\"2025-07-23T15:22:48+00:00\",\"dateModified\":\"2025-07-23T15:32:55+00:00\",\"breadcrumb\":{\"@id\":\"https:\/\/wilsonsantosmt.com.br\/index.php\/2025\/07\/23\/artigo-l-violencia-domestica-impacto-aos-cofres-publicos\/#breadcrumb\"},\"inLanguage\":\"pt-BR\",\"potentialAction\":[{\"@type\":\"ReadAction\",\"target\":[\"https:\/\/wilsonsantosmt.com.br\/index.php\/2025\/07\/23\/artigo-l-violencia-domestica-impacto-aos-cofres-publicos\/\"]}]},{\"@type\":\"BreadcrumbList\",\"@id\":\"https:\/\/wilsonsantosmt.com.br\/index.php\/2025\/07\/23\/artigo-l-violencia-domestica-impacto-aos-cofres-publicos\/#breadcrumb\",\"itemListElement\":[{\"@type\":\"ListItem\",\"position\":1,\"name\":\"In\u00edcio\",\"item\":\"https:\/\/wilsonsantosmt.com.br\/\"},{\"@type\":\"ListItem\",\"position\":2,\"name\":\"Not\u00edcias\",\"item\":\"https:\/\/wilsonsantosmt.com.br\/index.php\/category\/noticias\/\"},{\"@type\":\"ListItem\",\"position\":3,\"name\":\"Viol\u00eancia dom\u00e9stica: impacto aos cofres p\u00fablicos\"}]},{\"@type\":\"WebSite\",\"@id\":\"https:\/\/wilsonsantosmt.com.br\/#website\",\"url\":\"https:\/\/wilsonsantosmt.com.br\/\",\"name\":\"wilsonsantosmt.com.br\",\"description\":\"\",\"publisher\":{\"@id\":\"https:\/\/wilsonsantosmt.com.br\/#\/schema\/person\/9de3c54961637a9eadb16bcbf895b1ef\"},\"potentialAction\":[{\"@type\":\"SearchAction\",\"target\":{\"@type\":\"EntryPoint\",\"urlTemplate\":\"https:\/\/wilsonsantosmt.com.br\/?s={search_term_string}\"},\"query-input\":\"required name=search_term_string\"}],\"inLanguage\":\"pt-BR\"},{\"@type\":[\"Person\",\"Organization\"],\"@id\":\"https:\/\/wilsonsantosmt.com.br\/#\/schema\/person\/9de3c54961637a9eadb16bcbf895b1ef\",\"name\":\"Wilson Santos\",\"image\":{\"@type\":\"ImageObject\",\"inLanguage\":\"pt-BR\",\"@id\":\"https:\/\/wilsonsantosmt.com.br\/#\/schema\/person\/image\/\",\"url\":\"https:\/\/wilsonsantosmt.com.br\/wp-content\/uploads\/2023\/11\/310828673_653254583023360_8795459643194608438_n.jpg\",\"contentUrl\":\"https:\/\/wilsonsantosmt.com.br\/wp-content\/uploads\/2023\/11\/310828673_653254583023360_8795459643194608438_n.jpg\",\"width\":1078,\"height\":1079,\"caption\":\"Wilson Santos\"},\"logo\":{\"@id\":\"https:\/\/wilsonsantosmt.com.br\/#\/schema\/person\/image\/\"},\"sameAs\":[\"http:\/\/wilsonsantosmt.com.br\",\"https:\/\/www.facebook.com\/WilsonSantosMT\/\",\"https:\/\/www.instagram.com\/wilsonsantosmt\/\",\"https:\/\/www.youtube.com\/@WilsonSantosWS\/videos\",\"https:\/\/pt.wikipedia.org\/wiki\/Wilson_Santos\"],\"honorificPrefix\":\"Sr\",\"gender\":\"masculino\",\"jobTitle\":\"Deputado Estadual\",\"worksFor\":\"Assembleia Legislativa de Mato Grosso\",\"url\":\"https:\/\/wilsonsantosmt.com.br\/index.php\/author\/wilsonsantosmt-com-br\/\"}]}<\/script>\n<!-- \/ Yoast SEO Premium plugin. -->","yoast_head_json":{"title":"Viol\u00eancia dom\u00e9stica: impacto aos cofres p\u00fablicos - wilsonsantosmt.com.br","robots":{"index":"index","follow":"follow","max-snippet":"max-snippet:-1","max-image-preview":"max-image-preview:large","max-video-preview":"max-video-preview:-1"},"canonical":"https:\/\/wilsonsantosmt.com.br\/index.php\/2025\/07\/23\/artigo-l-violencia-domestica-impacto-aos-cofres-publicos\/","og_locale":"pt_BR","og_type":"article","og_title":"Viol\u00eancia dom\u00e9stica: impacto aos cofres p\u00fablicos","og_description":"Por Wilson Santos: Professor e Deputado Estadual Quando entrei na vida p\u00fablica, escolhi atuar em prol dos mais necessitados e vulner\u00e1veis. Uma das situa\u00e7\u00f5es mais alarmantes que enfrentamos em nosso estado de Mato Grosso s\u00e3o os altos \u00edndices de viol\u00eancia dom\u00e9stica. Os casos de feminic\u00eddio, por exemplo, s\u00e3o ainda mais preocupantes. Dados do Observat\u00f3rio Caliandra [&hellip;]","og_url":"https:\/\/wilsonsantosmt.com.br\/index.php\/2025\/07\/23\/artigo-l-violencia-domestica-impacto-aos-cofres-publicos\/","og_site_name":"wilsonsantosmt.com.br","article_publisher":"https:\/\/www.facebook.com\/WilsonSantosMT\/","article_author":"https:\/\/www.facebook.com\/WilsonSantosMT\/","article_published_time":"2025-07-23T15:22:48+00:00","article_modified_time":"2025-07-23T15:32:55+00:00","og_image":[{"width":1396,"height":1067,"url":"http:\/\/wilsonsantosmt.com.br\/wp-content\/uploads\/2025\/07\/WhatsApp-Image-2025-07-23-at-09.59.15.jpeg","type":"image\/jpeg"}],"author":"Wilson Santos","twitter_card":"summary_large_image","twitter_misc":{"Escrito por":"Wilson Santos","Est. tempo de leitura":"4 minutos"},"schema":{"@context":"https:\/\/schema.org","@graph":[{"@type":"Article","@id":"https:\/\/wilsonsantosmt.com.br\/index.php\/2025\/07\/23\/artigo-l-violencia-domestica-impacto-aos-cofres-publicos\/#article","isPartOf":{"@id":"https:\/\/wilsonsantosmt.com.br\/index.php\/2025\/07\/23\/artigo-l-violencia-domestica-impacto-aos-cofres-publicos\/"},"author":{"name":"Wilson Santos","@id":"https:\/\/wilsonsantosmt.com.br\/#\/schema\/person\/9de3c54961637a9eadb16bcbf895b1ef"},"headline":"Viol\u00eancia dom\u00e9stica: impacto aos cofres p\u00fablicos","datePublished":"2025-07-23T15:22:48+00:00","dateModified":"2025-07-23T15:32:55+00:00","mainEntityOfPage":{"@id":"https:\/\/wilsonsantosmt.com.br\/index.php\/2025\/07\/23\/artigo-l-violencia-domestica-impacto-aos-cofres-publicos\/"},"wordCount":665,"publisher":{"@id":"https:\/\/wilsonsantosmt.com.br\/#\/schema\/person\/9de3c54961637a9eadb16bcbf895b1ef"},"articleSection":["Not\u00edcias"],"inLanguage":"pt-BR"},{"@type":"WebPage","@id":"https:\/\/wilsonsantosmt.com.br\/index.php\/2025\/07\/23\/artigo-l-violencia-domestica-impacto-aos-cofres-publicos\/","url":"https:\/\/wilsonsantosmt.com.br\/index.php\/2025\/07\/23\/artigo-l-violencia-domestica-impacto-aos-cofres-publicos\/","name":"Viol\u00eancia dom\u00e9stica: impacto aos cofres p\u00fablicos - wilsonsantosmt.com.br","isPartOf":{"@id":"https:\/\/wilsonsantosmt.com.br\/#website"},"datePublished":"2025-07-23T15:22:48+00:00","dateModified":"2025-07-23T15:32:55+00:00","breadcrumb":{"@id":"https:\/\/wilsonsantosmt.com.br\/index.php\/2025\/07\/23\/artigo-l-violencia-domestica-impacto-aos-cofres-publicos\/#breadcrumb"},"inLanguage":"pt-BR","potentialAction":[{"@type":"ReadAction","target":["https:\/\/wilsonsantosmt.com.br\/index.php\/2025\/07\/23\/artigo-l-violencia-domestica-impacto-aos-cofres-publicos\/"]}]},{"@type":"BreadcrumbList","@id":"https:\/\/wilsonsantosmt.com.br\/index.php\/2025\/07\/23\/artigo-l-violencia-domestica-impacto-aos-cofres-publicos\/#breadcrumb","itemListElement":[{"@type":"ListItem","position":1,"name":"In\u00edcio","item":"https:\/\/wilsonsantosmt.com.br\/"},{"@type":"ListItem","position":2,"name":"Not\u00edcias","item":"https:\/\/wilsonsantosmt.com.br\/index.php\/category\/noticias\/"},{"@type":"ListItem","position":3,"name":"Viol\u00eancia dom\u00e9stica: impacto aos cofres p\u00fablicos"}]},{"@type":"WebSite","@id":"https:\/\/wilsonsantosmt.com.br\/#website","url":"https:\/\/wilsonsantosmt.com.br\/","name":"wilsonsantosmt.com.br","description":"","publisher":{"@id":"https:\/\/wilsonsantosmt.com.br\/#\/schema\/person\/9de3c54961637a9eadb16bcbf895b1ef"},"potentialAction":[{"@type":"SearchAction","target":{"@type":"EntryPoint","urlTemplate":"https:\/\/wilsonsantosmt.com.br\/?s={search_term_string}"},"query-input":"required name=search_term_string"}],"inLanguage":"pt-BR"},{"@type":["Person","Organization"],"@id":"https:\/\/wilsonsantosmt.com.br\/#\/schema\/person\/9de3c54961637a9eadb16bcbf895b1ef","name":"Wilson Santos","image":{"@type":"ImageObject","inLanguage":"pt-BR","@id":"https:\/\/wilsonsantosmt.com.br\/#\/schema\/person\/image\/","url":"https:\/\/wilsonsantosmt.com.br\/wp-content\/uploads\/2023\/11\/310828673_653254583023360_8795459643194608438_n.jpg","contentUrl":"https:\/\/wilsonsantosmt.com.br\/wp-content\/uploads\/2023\/11\/310828673_653254583023360_8795459643194608438_n.jpg","width":1078,"height":1079,"caption":"Wilson Santos"},"logo":{"@id":"https:\/\/wilsonsantosmt.com.br\/#\/schema\/person\/image\/"},"sameAs":["http:\/\/wilsonsantosmt.com.br","https:\/\/www.facebook.com\/WilsonSantosMT\/","https:\/\/www.instagram.com\/wilsonsantosmt\/","https:\/\/www.youtube.com\/@WilsonSantosWS\/videos","https:\/\/pt.wikipedia.org\/wiki\/Wilson_Santos"],"honorificPrefix":"Sr","gender":"masculino","jobTitle":"Deputado Estadual","worksFor":"Assembleia Legislativa de Mato Grosso","url":"https:\/\/wilsonsantosmt.com.br\/index.php\/author\/wilsonsantosmt-com-br\/"}]}},"_links":{"self":[{"href":"https:\/\/wilsonsantosmt.com.br\/index.php\/wp-json\/wp\/v2\/posts\/1724"}],"collection":[{"href":"https:\/\/wilsonsantosmt.com.br\/index.php\/wp-json\/wp\/v2\/posts"}],"about":[{"href":"https:\/\/wilsonsantosmt.com.br\/index.php\/wp-json\/wp\/v2\/types\/post"}],"author":[{"embeddable":true,"href":"https:\/\/wilsonsantosmt.com.br\/index.php\/wp-json\/wp\/v2\/users\/1"}],"replies":[{"embeddable":true,"href":"https:\/\/wilsonsantosmt.com.br\/index.php\/wp-json\/wp\/v2\/comments?post=1724"}],"version-history":[{"count":2,"href":"https:\/\/wilsonsantosmt.com.br\/index.php\/wp-json\/wp\/v2\/posts\/1724\/revisions"}],"predecessor-version":[{"id":1743,"href":"https:\/\/wilsonsantosmt.com.br\/index.php\/wp-json\/wp\/v2\/posts\/1724\/revisions\/1743"}],"wp:featuredmedia":[{"embeddable":true,"href":"https:\/\/wilsonsantosmt.com.br\/index.php\/wp-json\/wp\/v2\/media\/1725"}],"wp:attachment":[{"href":"https:\/\/wilsonsantosmt.com.br\/index.php\/wp-json\/wp\/v2\/media?parent=1724"}],"wp:term":[{"taxonomy":"category","embeddable":true,"href":"https:\/\/wilsonsantosmt.com.br\/index.php\/wp-json\/wp\/v2\/categories?post=1724"},{"taxonomy":"post_tag","embeddable":true,"href":"https:\/\/wilsonsantosmt.com.br\/index.php\/wp-json\/wp\/v2\/tags?post=1724"}],"curies":[{"name":"wp","href":"https:\/\/api.w.org\/{rel}","templated":true}]}}