{"id":1727,"date":"2025-07-22T11:23:00","date_gmt":"2025-07-22T15:23:00","guid":{"rendered":"https:\/\/wilsonsantosmt.com.br\/?p=1727"},"modified":"2025-07-23T11:23:56","modified_gmt":"2025-07-23T15:23:56","slug":"com-articulacao-de-wilson-santos-senador-wellington-sinaliza-emendas-para-o-contorno-leste","status":"publish","type":"post","link":"https:\/\/wilsonsantosmt.com.br\/index.php\/2025\/07\/22\/com-articulacao-de-wilson-santos-senador-wellington-sinaliza-emendas-para-o-contorno-leste\/","title":{"rendered":"Com articula\u00e7\u00e3o de Wilson Santos, senador Wellington sinaliza emendas para o Contorno Leste"},"content":{"rendered":"\n<p><\/p>\n\n\n\n<p>A C\u00e2mara Setorial Tem\u00e1tica (CST) da Moradia Popular, presidida pelo deputado estadual Wilson Santos (PSD), recebeu o senador Wellington Fagundes (PL) que relatou experi\u00eancias vivenciadas no campo habitacional em sua trajet\u00f3ria pol\u00edtica, a import\u00e2ncia do mutir\u00e3o social para a constru\u00e7\u00e3o de casas e relatou o seu ponto de vista em rela\u00e7\u00e3o a habita\u00e7\u00e3o no \u00e2mbito de Mato Grosso. O encontro ocorreu nesta segunda-feira (21), no plen\u00e1rio das delibera\u00e7\u00f5es Deputado Ren\u00ea Barbour, na Assembleia Legislativa.<\/p>\n\n\n\n<p>O parlamentar agradeceu Fagundes por ter aceitado o convite e expressou a sua grande preocupa\u00e7\u00e3o com o d\u00e9ficit habitacional de 120 mil fam\u00edlias no estado de Mato Grosso, conforme dados da Funda\u00e7\u00e3o Jo\u00e3o Pinheiro, sendo que em Cuiab\u00e1 chega a 40 mil. \u201cEssa realidade nos motivou a realizar essa C\u00e2mara Setorial, pois h\u00e1 muitas fam\u00edlias sem um teto para viver. Recentemente, a Prefeitura de Cuiab\u00e1 anunciou as inscri\u00e7\u00f5es para o programa Casa Cuiabana, no primeiro dia foram 40 mil inscritos e, agora, alcan\u00e7ou-se 60 mil. Esses n\u00fameros falam por si e demonstram o drama habitacional existente na capital\u201d, comentou.<\/p>\n\n\n\n<p>Durante a sua fala, o senador destacou os direitos do cidad\u00e3o brasileiro, conforme a Constitui\u00e7\u00e3o Federal, em que os Estados, Distrito Federal e munic\u00edpios devem promover programas de constru\u00e7\u00e3o de moradia e as melhorias das condi\u00e7\u00f5es habitacionais. \u201cVale destacar que a Constitui\u00e7\u00e3o trata da habita\u00e7\u00e3o como um direito social, uma responsabilidade dos entes federativos sendo um princ\u00edpio da pol\u00edtica urbana que vai garantir a qualidade de vida e dignidade ao cidad\u00e3o\u201d, referiu.<\/p>\n\n\n\n<p>Wellington contou sobre as suas primeiras experi\u00eancias com a moradia popular, como foi o caso do conjunto habitacional Cidade de Deus, em Rondon\u00f3polis, em que garantiu um recurso do governo federal, transferido para a Caixa Econ\u00f4mica Federal, para a constru\u00e7\u00e3o de mil casas. \u201cA maioria das pessoas trabalhavam e s\u00f3 podiam ir no mutir\u00e3o aos finais de semana e pelas contas que a gente fez ia demorar demais. Logo, conseguimos um outro recurso para fazer a constru\u00e7\u00e3o das casas, fizemos o sorteio dos inscritos que queriam morar l\u00e1, seguindo alguns crit\u00e9rios sociais impostos\u201d, relatou.<\/p>\n\n\n\n<p>A representante Juliana Patr\u00edcia dos moradores do Contorno Leste, localizada em Cuiab\u00e1, que teve a ocupa\u00e7\u00e3o da \u00e1rea no in\u00edcio em outubro de 2022, sob o risco de mais de tr\u00eas mil fam\u00edlias serem retiradas para reintegra\u00e7\u00e3o de posse, solicitou um posicionamento do senador sobre a possibilidade de ajudar a comunidade que est\u00e1 aflita com a amea\u00e7a de despejo. \u201cTemos v\u00e1rias fam\u00edlias por l\u00e1, com crian\u00e7as e idosos. Qual a posi\u00e7\u00e3o do senhor em nos ajudar no Contorno Leste\u201d, questionou.<\/p>\n\n\n\n<p>Em resposta \u00e0 indaga\u00e7\u00e3o, Fagundes deu uma breve explica\u00e7\u00e3o como \u00e9 o processo de desapropria\u00e7\u00e3o de \u00e1reas ocupadas. \u201cEssa situa\u00e7\u00e3o do Contorno Leste tem que ser resolvido, sendo um papel da Prefeitura de Cuiab\u00e1. Ser\u00e1 preciso enfrentar um di\u00e1logo junto com a justi\u00e7a. Vamos buscar resolver e, eu como senador, darei uma resposta. Teve um condicionamento que o prefeito colocou, onde o ministro Carlos F\u00e1varo ficou de colocar um recurso para o ano que vem e segundo o prefeito Ab\u00edlio \u00e9 preciso dinheiro de onde for ou a justi\u00e7a vai mandar tirar as fam\u00edlias. Eu estou aqui para falar da solu\u00e7\u00e3o\u201d, ponderou.<\/p>\n\n\n\n<p>Com a confirma\u00e7\u00e3o da destina\u00e7\u00e3o para o pr\u00f3ximo ano &#8211; de R$ 18 milh\u00f5es do senador licenciado e ministro da Agricultura e Pecu\u00e1ria (Mapa), Carlos F\u00e1varo (PSD), para a desapropria\u00e7\u00e3o das \u00e1reas do Contorno Leste, Wellington anunciou emendas livres para este ano de 2025. \u201cDiferentemente do ministro, eu j\u00e1 tenho emenda livre neste ano. A responsabilidade do prefeito Ab\u00edlio, ele tem que estar com o dinheiro na conta da prefeitura. Dever\u00e1 ser feito um acordo judicial com o propriet\u00e1rio da \u00e1rea e o Minist\u00e9rio P\u00fablico. E esse recurso, eu tenho e posso fazer no entendimento com prefeito ou com governador Mauro Mendes\u201d, informou.<\/p>\n\n\n\n<p>Ele complementou que o valor da emenda ser\u00e1 definido, como, tamb\u00e9m, vai juntar for\u00e7as com toda a bancada federal de Mato Grosso. Logo, Wilson Santos esclareceu que, conforme o prefeito Ab\u00edlio Brunini (PL), o valor estimado para a desapropria\u00e7\u00e3o da \u00e1rea do Contorno Leste seria de cerca de R$ 20 milh\u00f5es. \u201cO senador Wellington Fagundes compareceu de maneira civilizada e educada. Fizemos um pedido para ajudar financeiramente com emendas para solucionar este imbr\u00f3glio do Contorno Leste. Ele n\u00e3o definiu o valor, podendo ser de R$ 5 a R$ 8 milh\u00f5es, mas o importante \u00e9 que tem emenda para ajudar. S\u00f3 agradecemos\u201d, comunicou o deputado.<\/p>\n\n\n\n<p>Tamb\u00e9m, marcaram presen\u00e7a a secret\u00e1ria adjunta de Cidades da Secretaria de Estado de Infraestrutura e Log\u00edstica (Sinfra), Rafaela Damiani, a assessora executiva do Instituto de Terras do Mato Grosso (Intermat), Iza Karol, presidente da Associa\u00e7\u00e3o Comunit\u00e1ria de Habita\u00e7\u00e3o do Estado de Mato Grosso (ACDHAM), Em\u00eddio de Souza, o presidente da Federa\u00e7\u00e3o Mato-grossense de Bairros, Walter Arruda, representando a Uni\u00e3o Coxipoense das Associa\u00e7\u00f5es de Moradores, Benedito de Paula, al\u00e9m de representantes de entidades e lideran\u00e7as de movimentos sociais.<\/p>\n","protected":false},"excerpt":{"rendered":"<p>A C\u00e2mara Setorial Tem\u00e1tica (CST) da Moradia Popular, presidida pelo deputado estadual Wilson Santos (PSD), recebeu o senador Wellington Fagundes (PL) que relatou experi\u00eancias vivenciadas no campo habitacional em sua trajet\u00f3ria pol\u00edtica, a import\u00e2ncia do mutir\u00e3o social para a constru\u00e7\u00e3o de casas e relatou o seu ponto de vista em rela\u00e7\u00e3o a habita\u00e7\u00e3o no \u00e2mbito [&hellip;]<\/p>\n","protected":false},"author":4,"featured_media":1728,"comment_status":"closed","ping_status":"open","sticky":false,"template":"","format":"standard","meta":{"footnotes":""},"categories":[13],"tags":[],"yoast_head":"<!-- This site is optimized with the Yoast SEO Premium plugin v21.5 (Yoast SEO v21.4) - https:\/\/yoast.com\/wordpress\/plugins\/seo\/ -->\n<title>Com articula\u00e7\u00e3o de Wilson Santos, senador Wellington sinaliza emendas para o Contorno Leste - wilsonsantosmt.com.br<\/title>\n<meta name=\"robots\" content=\"index, follow, max-snippet:-1, max-image-preview:large, max-video-preview:-1\" \/>\n<link rel=\"canonical\" href=\"https:\/\/wilsonsantosmt.com.br\/index.php\/2025\/07\/22\/com-articulacao-de-wilson-santos-senador-wellington-sinaliza-emendas-para-o-contorno-leste\/\" \/>\n<meta property=\"og:locale\" content=\"pt_BR\" \/>\n<meta property=\"og:type\" content=\"article\" \/>\n<meta property=\"og:title\" content=\"Com articula\u00e7\u00e3o de Wilson Santos, senador Wellington sinaliza emendas para o Contorno Leste\" \/>\n<meta property=\"og:description\" content=\"A C\u00e2mara Setorial Tem\u00e1tica (CST) da Moradia Popular, presidida pelo deputado estadual Wilson Santos (PSD), recebeu o senador Wellington Fagundes (PL) que relatou experi\u00eancias vivenciadas no campo habitacional em sua trajet\u00f3ria pol\u00edtica, a import\u00e2ncia do mutir\u00e3o social para a constru\u00e7\u00e3o de casas e relatou o seu ponto de vista em rela\u00e7\u00e3o a habita\u00e7\u00e3o no \u00e2mbito [&hellip;]\" \/>\n<meta property=\"og:url\" content=\"https:\/\/wilsonsantosmt.com.br\/index.php\/2025\/07\/22\/com-articulacao-de-wilson-santos-senador-wellington-sinaliza-emendas-para-o-contorno-leste\/\" \/>\n<meta property=\"og:site_name\" content=\"wilsonsantosmt.com.br\" \/>\n<meta property=\"article:publisher\" content=\"https:\/\/www.facebook.com\/WilsonSantosMT\/\" \/>\n<meta property=\"article:published_time\" content=\"2025-07-22T15:23:00+00:00\" \/>\n<meta property=\"article:modified_time\" content=\"2025-07-23T15:23:56+00:00\" \/>\n<meta property=\"og:image\" content=\"http:\/\/wilsonsantosmt.com.br\/wp-content\/uploads\/2025\/07\/WhatsApp-Image-2025-07-22-at-11.34.02.jpeg\" \/>\n\t<meta property=\"og:image:width\" content=\"1600\" \/>\n\t<meta property=\"og:image:height\" content=\"1066\" \/>\n\t<meta property=\"og:image:type\" content=\"image\/jpeg\" \/>\n<meta name=\"author\" content=\"Samantha dos Anjos\" \/>\n<meta name=\"twitter:card\" content=\"summary_large_image\" \/>\n<meta name=\"twitter:label1\" content=\"Escrito por\" \/>\n\t<meta name=\"twitter:data1\" content=\"Samantha dos Anjos\" \/>\n\t<meta name=\"twitter:label2\" content=\"Est. tempo de leitura\" \/>\n\t<meta name=\"twitter:data2\" content=\"5 minutos\" \/>\n<script type=\"application\/ld+json\" class=\"yoast-schema-graph\">{\"@context\":\"https:\/\/schema.org\",\"@graph\":[{\"@type\":\"Article\",\"@id\":\"https:\/\/wilsonsantosmt.com.br\/index.php\/2025\/07\/22\/com-articulacao-de-wilson-santos-senador-wellington-sinaliza-emendas-para-o-contorno-leste\/#article\",\"isPartOf\":{\"@id\":\"https:\/\/wilsonsantosmt.com.br\/index.php\/2025\/07\/22\/com-articulacao-de-wilson-santos-senador-wellington-sinaliza-emendas-para-o-contorno-leste\/\"},\"author\":{\"name\":\"Samantha dos Anjos\",\"@id\":\"https:\/\/wilsonsantosmt.com.br\/#\/schema\/person\/1d097ee45f526dd0455dbad8c679932c\"},\"headline\":\"Com articula\u00e7\u00e3o de Wilson Santos, senador Wellington sinaliza emendas para o Contorno Leste\",\"datePublished\":\"2025-07-22T15:23:00+00:00\",\"dateModified\":\"2025-07-23T15:23:56+00:00\",\"mainEntityOfPage\":{\"@id\":\"https:\/\/wilsonsantosmt.com.br\/index.php\/2025\/07\/22\/com-articulacao-de-wilson-santos-senador-wellington-sinaliza-emendas-para-o-contorno-leste\/\"},\"wordCount\":897,\"publisher\":{\"@id\":\"https:\/\/wilsonsantosmt.com.br\/#\/schema\/person\/9de3c54961637a9eadb16bcbf895b1ef\"},\"articleSection\":[\"Not\u00edcias\"],\"inLanguage\":\"pt-BR\"},{\"@type\":\"WebPage\",\"@id\":\"https:\/\/wilsonsantosmt.com.br\/index.php\/2025\/07\/22\/com-articulacao-de-wilson-santos-senador-wellington-sinaliza-emendas-para-o-contorno-leste\/\",\"url\":\"https:\/\/wilsonsantosmt.com.br\/index.php\/2025\/07\/22\/com-articulacao-de-wilson-santos-senador-wellington-sinaliza-emendas-para-o-contorno-leste\/\",\"name\":\"Com articula\u00e7\u00e3o de Wilson Santos, senador Wellington sinaliza emendas para o Contorno Leste - wilsonsantosmt.com.br\",\"isPartOf\":{\"@id\":\"https:\/\/wilsonsantosmt.com.br\/#website\"},\"datePublished\":\"2025-07-22T15:23:00+00:00\",\"dateModified\":\"2025-07-23T15:23:56+00:00\",\"breadcrumb\":{\"@id\":\"https:\/\/wilsonsantosmt.com.br\/index.php\/2025\/07\/22\/com-articulacao-de-wilson-santos-senador-wellington-sinaliza-emendas-para-o-contorno-leste\/#breadcrumb\"},\"inLanguage\":\"pt-BR\",\"potentialAction\":[{\"@type\":\"ReadAction\",\"target\":[\"https:\/\/wilsonsantosmt.com.br\/index.php\/2025\/07\/22\/com-articulacao-de-wilson-santos-senador-wellington-sinaliza-emendas-para-o-contorno-leste\/\"]}]},{\"@type\":\"BreadcrumbList\",\"@id\":\"https:\/\/wilsonsantosmt.com.br\/index.php\/2025\/07\/22\/com-articulacao-de-wilson-santos-senador-wellington-sinaliza-emendas-para-o-contorno-leste\/#breadcrumb\",\"itemListElement\":[{\"@type\":\"ListItem\",\"position\":1,\"name\":\"In\u00edcio\",\"item\":\"https:\/\/wilsonsantosmt.com.br\/\"},{\"@type\":\"ListItem\",\"position\":2,\"name\":\"Not\u00edcias\",\"item\":\"https:\/\/wilsonsantosmt.com.br\/index.php\/category\/noticias\/\"},{\"@type\":\"ListItem\",\"position\":3,\"name\":\"Com articula\u00e7\u00e3o de Wilson Santos, senador Wellington sinaliza emendas para o Contorno Leste\"}]},{\"@type\":\"WebSite\",\"@id\":\"https:\/\/wilsonsantosmt.com.br\/#website\",\"url\":\"https:\/\/wilsonsantosmt.com.br\/\",\"name\":\"wilsonsantosmt.com.br\",\"description\":\"\",\"publisher\":{\"@id\":\"https:\/\/wilsonsantosmt.com.br\/#\/schema\/person\/9de3c54961637a9eadb16bcbf895b1ef\"},\"potentialAction\":[{\"@type\":\"SearchAction\",\"target\":{\"@type\":\"EntryPoint\",\"urlTemplate\":\"https:\/\/wilsonsantosmt.com.br\/?s={search_term_string}\"},\"query-input\":\"required name=search_term_string\"}],\"inLanguage\":\"pt-BR\"},{\"@type\":[\"Person\",\"Organization\"],\"@id\":\"https:\/\/wilsonsantosmt.com.br\/#\/schema\/person\/9de3c54961637a9eadb16bcbf895b1ef\",\"name\":\"Wilson Santos\",\"image\":{\"@type\":\"ImageObject\",\"inLanguage\":\"pt-BR\",\"@id\":\"https:\/\/wilsonsantosmt.com.br\/#\/schema\/person\/image\/\",\"url\":\"https:\/\/wilsonsantosmt.com.br\/wp-content\/uploads\/2023\/11\/310828673_653254583023360_8795459643194608438_n.jpg\",\"contentUrl\":\"https:\/\/wilsonsantosmt.com.br\/wp-content\/uploads\/2023\/11\/310828673_653254583023360_8795459643194608438_n.jpg\",\"width\":1078,\"height\":1079,\"caption\":\"Wilson Santos\"},\"logo\":{\"@id\":\"https:\/\/wilsonsantosmt.com.br\/#\/schema\/person\/image\/\"},\"sameAs\":[\"http:\/\/wilsonsantosmt.com.br\",\"https:\/\/www.facebook.com\/WilsonSantosMT\/\",\"https:\/\/www.instagram.com\/wilsonsantosmt\/\",\"https:\/\/www.youtube.com\/@WilsonSantosWS\/videos\",\"https:\/\/pt.wikipedia.org\/wiki\/Wilson_Santos\"],\"honorificPrefix\":\"Sr\",\"gender\":\"masculino\",\"jobTitle\":\"Deputado Estadual\",\"worksFor\":\"Assembleia Legislativa de Mato Grosso\"},{\"@type\":\"Person\",\"@id\":\"https:\/\/wilsonsantosmt.com.br\/#\/schema\/person\/1d097ee45f526dd0455dbad8c679932c\",\"name\":\"Samantha dos Anjos\",\"image\":{\"@type\":\"ImageObject\",\"inLanguage\":\"pt-BR\",\"@id\":\"https:\/\/wilsonsantosmt.com.br\/#\/schema\/person\/image\/\",\"url\":\"https:\/\/secure.gravatar.com\/avatar\/7d8d0b6dd67d134a9fa841bee90c57c7?s=96&d=mm&r=g\",\"contentUrl\":\"https:\/\/secure.gravatar.com\/avatar\/7d8d0b6dd67d134a9fa841bee90c57c7?s=96&d=mm&r=g\",\"caption\":\"Samantha dos Anjos\"},\"url\":\"https:\/\/wilsonsantosmt.com.br\/index.php\/author\/samantha-dos-anjos\/\"}]}<\/script>\n<!-- \/ Yoast SEO Premium plugin. -->","yoast_head_json":{"title":"Com articula\u00e7\u00e3o de Wilson Santos, senador Wellington sinaliza emendas para o Contorno Leste - wilsonsantosmt.com.br","robots":{"index":"index","follow":"follow","max-snippet":"max-snippet:-1","max-image-preview":"max-image-preview:large","max-video-preview":"max-video-preview:-1"},"canonical":"https:\/\/wilsonsantosmt.com.br\/index.php\/2025\/07\/22\/com-articulacao-de-wilson-santos-senador-wellington-sinaliza-emendas-para-o-contorno-leste\/","og_locale":"pt_BR","og_type":"article","og_title":"Com articula\u00e7\u00e3o de Wilson Santos, senador Wellington sinaliza emendas para o Contorno Leste","og_description":"A C\u00e2mara Setorial Tem\u00e1tica (CST) da Moradia Popular, presidida pelo deputado estadual Wilson Santos (PSD), recebeu o senador Wellington Fagundes (PL) que relatou experi\u00eancias vivenciadas no campo habitacional em sua trajet\u00f3ria pol\u00edtica, a import\u00e2ncia do mutir\u00e3o social para a constru\u00e7\u00e3o de casas e relatou o seu ponto de vista em rela\u00e7\u00e3o a habita\u00e7\u00e3o no \u00e2mbito [&hellip;]","og_url":"https:\/\/wilsonsantosmt.com.br\/index.php\/2025\/07\/22\/com-articulacao-de-wilson-santos-senador-wellington-sinaliza-emendas-para-o-contorno-leste\/","og_site_name":"wilsonsantosmt.com.br","article_publisher":"https:\/\/www.facebook.com\/WilsonSantosMT\/","article_published_time":"2025-07-22T15:23:00+00:00","article_modified_time":"2025-07-23T15:23:56+00:00","og_image":[{"width":1600,"height":1066,"url":"http:\/\/wilsonsantosmt.com.br\/wp-content\/uploads\/2025\/07\/WhatsApp-Image-2025-07-22-at-11.34.02.jpeg","type":"image\/jpeg"}],"author":"Samantha dos Anjos","twitter_card":"summary_large_image","twitter_misc":{"Escrito por":"Samantha dos Anjos","Est. tempo de leitura":"5 minutos"},"schema":{"@context":"https:\/\/schema.org","@graph":[{"@type":"Article","@id":"https:\/\/wilsonsantosmt.com.br\/index.php\/2025\/07\/22\/com-articulacao-de-wilson-santos-senador-wellington-sinaliza-emendas-para-o-contorno-leste\/#article","isPartOf":{"@id":"https:\/\/wilsonsantosmt.com.br\/index.php\/2025\/07\/22\/com-articulacao-de-wilson-santos-senador-wellington-sinaliza-emendas-para-o-contorno-leste\/"},"author":{"name":"Samantha dos Anjos","@id":"https:\/\/wilsonsantosmt.com.br\/#\/schema\/person\/1d097ee45f526dd0455dbad8c679932c"},"headline":"Com articula\u00e7\u00e3o de Wilson Santos, senador Wellington sinaliza emendas para o Contorno Leste","datePublished":"2025-07-22T15:23:00+00:00","dateModified":"2025-07-23T15:23:56+00:00","mainEntityOfPage":{"@id":"https:\/\/wilsonsantosmt.com.br\/index.php\/2025\/07\/22\/com-articulacao-de-wilson-santos-senador-wellington-sinaliza-emendas-para-o-contorno-leste\/"},"wordCount":897,"publisher":{"@id":"https:\/\/wilsonsantosmt.com.br\/#\/schema\/person\/9de3c54961637a9eadb16bcbf895b1ef"},"articleSection":["Not\u00edcias"],"inLanguage":"pt-BR"},{"@type":"WebPage","@id":"https:\/\/wilsonsantosmt.com.br\/index.php\/2025\/07\/22\/com-articulacao-de-wilson-santos-senador-wellington-sinaliza-emendas-para-o-contorno-leste\/","url":"https:\/\/wilsonsantosmt.com.br\/index.php\/2025\/07\/22\/com-articulacao-de-wilson-santos-senador-wellington-sinaliza-emendas-para-o-contorno-leste\/","name":"Com articula\u00e7\u00e3o de Wilson Santos, senador Wellington sinaliza emendas para o Contorno Leste - wilsonsantosmt.com.br","isPartOf":{"@id":"https:\/\/wilsonsantosmt.com.br\/#website"},"datePublished":"2025-07-22T15:23:00+00:00","dateModified":"2025-07-23T15:23:56+00:00","breadcrumb":{"@id":"https:\/\/wilsonsantosmt.com.br\/index.php\/2025\/07\/22\/com-articulacao-de-wilson-santos-senador-wellington-sinaliza-emendas-para-o-contorno-leste\/#breadcrumb"},"inLanguage":"pt-BR","potentialAction":[{"@type":"ReadAction","target":["https:\/\/wilsonsantosmt.com.br\/index.php\/2025\/07\/22\/com-articulacao-de-wilson-santos-senador-wellington-sinaliza-emendas-para-o-contorno-leste\/"]}]},{"@type":"BreadcrumbList","@id":"https:\/\/wilsonsantosmt.com.br\/index.php\/2025\/07\/22\/com-articulacao-de-wilson-santos-senador-wellington-sinaliza-emendas-para-o-contorno-leste\/#breadcrumb","itemListElement":[{"@type":"ListItem","position":1,"name":"In\u00edcio","item":"https:\/\/wilsonsantosmt.com.br\/"},{"@type":"ListItem","position":2,"name":"Not\u00edcias","item":"https:\/\/wilsonsantosmt.com.br\/index.php\/category\/noticias\/"},{"@type":"ListItem","position":3,"name":"Com articula\u00e7\u00e3o de Wilson Santos, senador Wellington sinaliza emendas para o Contorno Leste"}]},{"@type":"WebSite","@id":"https:\/\/wilsonsantosmt.com.br\/#website","url":"https:\/\/wilsonsantosmt.com.br\/","name":"wilsonsantosmt.com.br","description":"","publisher":{"@id":"https:\/\/wilsonsantosmt.com.br\/#\/schema\/person\/9de3c54961637a9eadb16bcbf895b1ef"},"potentialAction":[{"@type":"SearchAction","target":{"@type":"EntryPoint","urlTemplate":"https:\/\/wilsonsantosmt.com.br\/?s={search_term_string}"},"query-input":"required name=search_term_string"}],"inLanguage":"pt-BR"},{"@type":["Person","Organization"],"@id":"https:\/\/wilsonsantosmt.com.br\/#\/schema\/person\/9de3c54961637a9eadb16bcbf895b1ef","name":"Wilson Santos","image":{"@type":"ImageObject","inLanguage":"pt-BR","@id":"https:\/\/wilsonsantosmt.com.br\/#\/schema\/person\/image\/","url":"https:\/\/wilsonsantosmt.com.br\/wp-content\/uploads\/2023\/11\/310828673_653254583023360_8795459643194608438_n.jpg","contentUrl":"https:\/\/wilsonsantosmt.com.br\/wp-content\/uploads\/2023\/11\/310828673_653254583023360_8795459643194608438_n.jpg","width":1078,"height":1079,"caption":"Wilson Santos"},"logo":{"@id":"https:\/\/wilsonsantosmt.com.br\/#\/schema\/person\/image\/"},"sameAs":["http:\/\/wilsonsantosmt.com.br","https:\/\/www.facebook.com\/WilsonSantosMT\/","https:\/\/www.instagram.com\/wilsonsantosmt\/","https:\/\/www.youtube.com\/@WilsonSantosWS\/videos","https:\/\/pt.wikipedia.org\/wiki\/Wilson_Santos"],"honorificPrefix":"Sr","gender":"masculino","jobTitle":"Deputado Estadual","worksFor":"Assembleia Legislativa de Mato Grosso"},{"@type":"Person","@id":"https:\/\/wilsonsantosmt.com.br\/#\/schema\/person\/1d097ee45f526dd0455dbad8c679932c","name":"Samantha dos Anjos","image":{"@type":"ImageObject","inLanguage":"pt-BR","@id":"https:\/\/wilsonsantosmt.com.br\/#\/schema\/person\/image\/","url":"https:\/\/secure.gravatar.com\/avatar\/7d8d0b6dd67d134a9fa841bee90c57c7?s=96&d=mm&r=g","contentUrl":"https:\/\/secure.gravatar.com\/avatar\/7d8d0b6dd67d134a9fa841bee90c57c7?s=96&d=mm&r=g","caption":"Samantha dos Anjos"},"url":"https:\/\/wilsonsantosmt.com.br\/index.php\/author\/samantha-dos-anjos\/"}]}},"_links":{"self":[{"href":"https:\/\/wilsonsantosmt.com.br\/index.php\/wp-json\/wp\/v2\/posts\/1727"}],"collection":[{"href":"https:\/\/wilsonsantosmt.com.br\/index.php\/wp-json\/wp\/v2\/posts"}],"about":[{"href":"https:\/\/wilsonsantosmt.com.br\/index.php\/wp-json\/wp\/v2\/types\/post"}],"author":[{"embeddable":true,"href":"https:\/\/wilsonsantosmt.com.br\/index.php\/wp-json\/wp\/v2\/users\/4"}],"replies":[{"embeddable":true,"href":"https:\/\/wilsonsantosmt.com.br\/index.php\/wp-json\/wp\/v2\/comments?post=1727"}],"version-history":[{"count":1,"href":"https:\/\/wilsonsantosmt.com.br\/index.php\/wp-json\/wp\/v2\/posts\/1727\/revisions"}],"predecessor-version":[{"id":1729,"href":"https:\/\/wilsonsantosmt.com.br\/index.php\/wp-json\/wp\/v2\/posts\/1727\/revisions\/1729"}],"wp:featuredmedia":[{"embeddable":true,"href":"https:\/\/wilsonsantosmt.com.br\/index.php\/wp-json\/wp\/v2\/media\/1728"}],"wp:attachment":[{"href":"https:\/\/wilsonsantosmt.com.br\/index.php\/wp-json\/wp\/v2\/media?parent=1727"}],"wp:term":[{"taxonomy":"category","embeddable":true,"href":"https:\/\/wilsonsantosmt.com.br\/index.php\/wp-json\/wp\/v2\/categories?post=1727"},{"taxonomy":"post_tag","embeddable":true,"href":"https:\/\/wilsonsantosmt.com.br\/index.php\/wp-json\/wp\/v2\/tags?post=1727"}],"curies":[{"name":"wp","href":"https:\/\/api.w.org\/{rel}","templated":true}]}}