{"id":1730,"date":"2025-07-22T09:24:00","date_gmt":"2025-07-22T13:24:00","guid":{"rendered":"https:\/\/wilsonsantosmt.com.br\/?p=1730"},"modified":"2025-07-23T11:25:50","modified_gmt":"2025-07-23T15:25:50","slug":"wilson-santos-participa-de-entrega-de-maquinas-com-o-ministro-favaro-em-tangara-da-serra","status":"publish","type":"post","link":"https:\/\/wilsonsantosmt.com.br\/index.php\/2025\/07\/22\/wilson-santos-participa-de-entrega-de-maquinas-com-o-ministro-favaro-em-tangara-da-serra\/","title":{"rendered":"Wilson Santos participa de entrega de m\u00e1quinas com o ministro F\u00e1varo em Tangar\u00e1 da Serra"},"content":{"rendered":"\n<p><\/p>\n\n\n\n<p>Ap\u00f3s acompanhar de perto os investimentos do Governo Federal voltados ao fortalecimento da agricultura familiar nos munic\u00edpios de Campo Verde e V\u00e1rzea Grande, o deputado estadual Wilson Santos (PSD) esteve em Tangar\u00e1 da Serra para prestigiar a nova entrega de m\u00e1quinas e equipamentos realizada pelo ministro da Agricultura e Pecu\u00e1ria, Carlos F\u00e1varo (PSD). A a\u00e7\u00e3o integra o Programa Estrat\u00e9gico de Fortalecimento Estrutural de Assentamentos Rurais e Sustentabilidade da Agricultura Familiar em Mato Grosso e ocorreu na \u00faltima sexta-feira (18), no Assentamento Ant\u00f4nio Conselheiro \u2013 Agrovila II, sendo que os munic\u00edpios de Nortel\u00e2ndia e Nova Ol\u00edmpia tamb\u00e9m foram contemplados.<\/p>\n\n\n\n<p>Defensor hist\u00f3rico da reforma agr\u00e1ria desde a d\u00e9cada de 80, o parlamentar elogiou a atua\u00e7\u00e3o de F\u00e1varo, destacando os programas que v\u00eam impulsionando a produtividade das fam\u00edlias que vivem da agricultura familiar. \u201cA reforma agr\u00e1ria n\u00e3o se faz apenas com a entrega de terras. \u00c9 preciso garantir incentivos como linhas de cr\u00e9dito, insumos, equipamentos, maquin\u00e1rios e assist\u00eancia t\u00e9cnica para suprir as car\u00eancias e atender \u00e0s necessidades do pequeno produtor rural\u201d, afirmou.<\/p>\n\n\n\n<p>\u201c\u00c9 um momento muito positivo e que deve ter continuidade. Tamb\u00e9m acompanhei o lan\u00e7amento do Programa Solo Vivo, que vai transformar Mato Grosso e o pa\u00eds com parcerias estrat\u00e9gicas para a prepara\u00e7\u00e3o do solo, garantindo um plantio adequado e colheitas mais produtivas. Hoje, j\u00e1 produzimos mais do que muitos outros estados. Se o grande produtor consegue, o pequeno tamb\u00e9m pode fazer a agricultura decolar\u201d, destacou o deputado.<\/p>\n\n\n\n<figure class=\"wp-block-image size-large is-style-default\"><img fetchpriority=\"high\" decoding=\"async\" width=\"1024\" height=\"576\" src=\"http:\/\/wilsonsantosmt.com.br\/wp-content\/uploads\/2025\/07\/WhatsApp-Image-2025-07-21-at-15.12.54-1024x576.jpeg\" alt=\"\" class=\"wp-image-1732\" srcset=\"https:\/\/wilsonsantosmt.com.br\/wp-content\/uploads\/2025\/07\/WhatsApp-Image-2025-07-21-at-15.12.54-1024x576.jpeg 1024w, https:\/\/wilsonsantosmt.com.br\/wp-content\/uploads\/2025\/07\/WhatsApp-Image-2025-07-21-at-15.12.54-300x169.jpeg 300w, https:\/\/wilsonsantosmt.com.br\/wp-content\/uploads\/2025\/07\/WhatsApp-Image-2025-07-21-at-15.12.54-768x432.jpeg 768w, https:\/\/wilsonsantosmt.com.br\/wp-content\/uploads\/2025\/07\/WhatsApp-Image-2025-07-21-at-15.12.54-1536x864.jpeg 1536w, https:\/\/wilsonsantosmt.com.br\/wp-content\/uploads\/2025\/07\/WhatsApp-Image-2025-07-21-at-15.12.54-600x338.jpeg 600w, https:\/\/wilsonsantosmt.com.br\/wp-content\/uploads\/2025\/07\/WhatsApp-Image-2025-07-21-at-15.12.54.jpeg 1600w\" sizes=\"(max-width: 1024px) 100vw, 1024px\" \/><\/figure>\n\n\n\n<p>Durante o evento, Carlos F\u00e1varo refor\u00e7ou o compromisso do governo federal em atuar para a popula\u00e7\u00e3o, independente do vi\u00e9s partid\u00e1rio. \u201cAs pol\u00edticas p\u00fablicas precisam chegar \u00e0 popula\u00e7\u00e3o que depositou um voto de esperan\u00e7a. Diversos programas do Minist\u00e9rio da Agricultura est\u00e3o em andamento e todos os 142 munic\u00edpios de Mato Grosso ser\u00e3o contemplados. Nosso foco \u00e9 manter o di\u00e1logo e valorizar os produtores do campo\u201d, pontuou o ministro, que destacou que foram mais de R$ 600 bilh\u00f5es investidos no setor agropecu\u00e1rio, sendo R$ 89 bilh\u00f5es destinados exclusivamente \u00e0 agricultura familiar.<\/p>\n\n\n\n<p>O ex-deputado federal e atual secret\u00e1rio da Presid\u00eancia da Rep\u00fablica, Valtenir Pereira, destacou a compet\u00eancia t\u00e9cnica e os resultados obtidos por F\u00e1varo, que abriu mais de 400 mercados para produtos brasileiros. J\u00e1, o prefeito de Tangar\u00e1 da Serra, Vander Alberto Masson (Uni\u00e3o), enfatizou a import\u00e2ncia da uni\u00e3o de esfor\u00e7os em prol do desenvolvimento rural do munic\u00edpio. \u201cPrecisamos superar os desafios que o campo nos imp\u00f5e. A presen\u00e7a do ministro F\u00e1varo nos honra muito. Torcemos para que novas a\u00e7\u00f5es venham fortalecer ainda mais o nosso agroneg\u00f3cio\u201d, disse o gestor.<\/p>\n\n\n\n<p>Al\u00e9m de Wilson Santos, a Assembleia Legislativa de Mato Grosso tamb\u00e9m foi representada pelo primeiro-secret\u00e1rio, deputado estadual Dr. Jo\u00e3o (MDB) &#8211; com base em Tangar\u00e1 da Serra &#8211; e pelos parlamentares Valdir Barranco e Gleice Santos, ambos do PT. A solenidade contou ainda com lideran\u00e7as pol\u00edticas de Nova Ol\u00edmpia, Denise, Porto Estrela e Nortel\u00e2ndia, representantes da Universidade Federal de Mato Grosso (UFMT), Cooperativa Regional de Produ\u00e7\u00e3o Agropecu\u00e1ria da Agricultura Familiar (COOPRAF), entre outras entidades representativas e convidados.<\/p>\n","protected":false},"excerpt":{"rendered":"<p>Ap\u00f3s acompanhar de perto os investimentos do Governo Federal voltados ao fortalecimento da agricultura familiar nos munic\u00edpios de Campo Verde e V\u00e1rzea Grande, o deputado estadual Wilson Santos (PSD) esteve em Tangar\u00e1 da Serra para prestigiar a nova entrega de m\u00e1quinas e equipamentos realizada pelo ministro da Agricultura e Pecu\u00e1ria, Carlos F\u00e1varo (PSD). A a\u00e7\u00e3o [&hellip;]<\/p>\n","protected":false},"author":4,"featured_media":1731,"comment_status":"closed","ping_status":"open","sticky":false,"template":"","format":"standard","meta":{"footnotes":""},"categories":[13],"tags":[],"yoast_head":"<!-- This site is optimized with the Yoast SEO Premium plugin v21.5 (Yoast SEO v21.4) - https:\/\/yoast.com\/wordpress\/plugins\/seo\/ -->\n<title>Wilson Santos participa de entrega de m\u00e1quinas com o ministro F\u00e1varo em Tangar\u00e1 da Serra - wilsonsantosmt.com.br<\/title>\n<meta name=\"robots\" content=\"index, follow, max-snippet:-1, max-image-preview:large, max-video-preview:-1\" \/>\n<link rel=\"canonical\" href=\"https:\/\/wilsonsantosmt.com.br\/index.php\/2025\/07\/22\/wilson-santos-participa-de-entrega-de-maquinas-com-o-ministro-favaro-em-tangara-da-serra\/\" \/>\n<meta property=\"og:locale\" content=\"pt_BR\" \/>\n<meta property=\"og:type\" content=\"article\" \/>\n<meta property=\"og:title\" content=\"Wilson Santos participa de entrega de m\u00e1quinas com o ministro F\u00e1varo em Tangar\u00e1 da Serra\" \/>\n<meta property=\"og:description\" content=\"Ap\u00f3s acompanhar de perto os investimentos do Governo Federal voltados ao fortalecimento da agricultura familiar nos munic\u00edpios de Campo Verde e V\u00e1rzea Grande, o deputado estadual Wilson Santos (PSD) esteve em Tangar\u00e1 da Serra para prestigiar a nova entrega de m\u00e1quinas e equipamentos realizada pelo ministro da Agricultura e Pecu\u00e1ria, Carlos F\u00e1varo (PSD). A a\u00e7\u00e3o [&hellip;]\" \/>\n<meta property=\"og:url\" content=\"https:\/\/wilsonsantosmt.com.br\/index.php\/2025\/07\/22\/wilson-santos-participa-de-entrega-de-maquinas-com-o-ministro-favaro-em-tangara-da-serra\/\" \/>\n<meta property=\"og:site_name\" content=\"wilsonsantosmt.com.br\" \/>\n<meta property=\"article:publisher\" content=\"https:\/\/www.facebook.com\/WilsonSantosMT\/\" \/>\n<meta property=\"article:published_time\" content=\"2025-07-22T13:24:00+00:00\" \/>\n<meta property=\"article:modified_time\" content=\"2025-07-23T15:25:50+00:00\" \/>\n<meta property=\"og:image\" content=\"http:\/\/wilsonsantosmt.com.br\/wp-content\/uploads\/2025\/07\/WhatsApp-Image-2025-07-21-at-15.12.55.jpeg\" \/>\n\t<meta property=\"og:image:width\" content=\"1600\" \/>\n\t<meta property=\"og:image:height\" content=\"1066\" \/>\n\t<meta property=\"og:image:type\" content=\"image\/jpeg\" \/>\n<meta name=\"author\" content=\"Samantha dos Anjos\" \/>\n<meta name=\"twitter:card\" content=\"summary_large_image\" \/>\n<meta name=\"twitter:label1\" content=\"Escrito por\" \/>\n\t<meta name=\"twitter:data1\" content=\"Samantha dos Anjos\" \/>\n\t<meta name=\"twitter:label2\" content=\"Est. tempo de leitura\" \/>\n\t<meta name=\"twitter:data2\" content=\"3 minutos\" \/>\n<script type=\"application\/ld+json\" class=\"yoast-schema-graph\">{\"@context\":\"https:\/\/schema.org\",\"@graph\":[{\"@type\":\"Article\",\"@id\":\"https:\/\/wilsonsantosmt.com.br\/index.php\/2025\/07\/22\/wilson-santos-participa-de-entrega-de-maquinas-com-o-ministro-favaro-em-tangara-da-serra\/#article\",\"isPartOf\":{\"@id\":\"https:\/\/wilsonsantosmt.com.br\/index.php\/2025\/07\/22\/wilson-santos-participa-de-entrega-de-maquinas-com-o-ministro-favaro-em-tangara-da-serra\/\"},\"author\":{\"name\":\"Samantha dos Anjos\",\"@id\":\"https:\/\/wilsonsantosmt.com.br\/#\/schema\/person\/1d097ee45f526dd0455dbad8c679932c\"},\"headline\":\"Wilson Santos participa de entrega de m\u00e1quinas com o ministro F\u00e1varo em Tangar\u00e1 da Serra\",\"datePublished\":\"2025-07-22T13:24:00+00:00\",\"dateModified\":\"2025-07-23T15:25:50+00:00\",\"mainEntityOfPage\":{\"@id\":\"https:\/\/wilsonsantosmt.com.br\/index.php\/2025\/07\/22\/wilson-santos-participa-de-entrega-de-maquinas-com-o-ministro-favaro-em-tangara-da-serra\/\"},\"wordCount\":571,\"publisher\":{\"@id\":\"https:\/\/wilsonsantosmt.com.br\/#\/schema\/person\/9de3c54961637a9eadb16bcbf895b1ef\"},\"articleSection\":[\"Not\u00edcias\"],\"inLanguage\":\"pt-BR\"},{\"@type\":\"WebPage\",\"@id\":\"https:\/\/wilsonsantosmt.com.br\/index.php\/2025\/07\/22\/wilson-santos-participa-de-entrega-de-maquinas-com-o-ministro-favaro-em-tangara-da-serra\/\",\"url\":\"https:\/\/wilsonsantosmt.com.br\/index.php\/2025\/07\/22\/wilson-santos-participa-de-entrega-de-maquinas-com-o-ministro-favaro-em-tangara-da-serra\/\",\"name\":\"Wilson Santos participa de entrega de m\u00e1quinas com o ministro F\u00e1varo em Tangar\u00e1 da Serra - wilsonsantosmt.com.br\",\"isPartOf\":{\"@id\":\"https:\/\/wilsonsantosmt.com.br\/#website\"},\"datePublished\":\"2025-07-22T13:24:00+00:00\",\"dateModified\":\"2025-07-23T15:25:50+00:00\",\"breadcrumb\":{\"@id\":\"https:\/\/wilsonsantosmt.com.br\/index.php\/2025\/07\/22\/wilson-santos-participa-de-entrega-de-maquinas-com-o-ministro-favaro-em-tangara-da-serra\/#breadcrumb\"},\"inLanguage\":\"pt-BR\",\"potentialAction\":[{\"@type\":\"ReadAction\",\"target\":[\"https:\/\/wilsonsantosmt.com.br\/index.php\/2025\/07\/22\/wilson-santos-participa-de-entrega-de-maquinas-com-o-ministro-favaro-em-tangara-da-serra\/\"]}]},{\"@type\":\"BreadcrumbList\",\"@id\":\"https:\/\/wilsonsantosmt.com.br\/index.php\/2025\/07\/22\/wilson-santos-participa-de-entrega-de-maquinas-com-o-ministro-favaro-em-tangara-da-serra\/#breadcrumb\",\"itemListElement\":[{\"@type\":\"ListItem\",\"position\":1,\"name\":\"In\u00edcio\",\"item\":\"https:\/\/wilsonsantosmt.com.br\/\"},{\"@type\":\"ListItem\",\"position\":2,\"name\":\"Not\u00edcias\",\"item\":\"https:\/\/wilsonsantosmt.com.br\/index.php\/category\/noticias\/\"},{\"@type\":\"ListItem\",\"position\":3,\"name\":\"Wilson Santos participa de entrega de m\u00e1quinas com o ministro F\u00e1varo em Tangar\u00e1 da Serra\"}]},{\"@type\":\"WebSite\",\"@id\":\"https:\/\/wilsonsantosmt.com.br\/#website\",\"url\":\"https:\/\/wilsonsantosmt.com.br\/\",\"name\":\"wilsonsantosmt.com.br\",\"description\":\"\",\"publisher\":{\"@id\":\"https:\/\/wilsonsantosmt.com.br\/#\/schema\/person\/9de3c54961637a9eadb16bcbf895b1ef\"},\"potentialAction\":[{\"@type\":\"SearchAction\",\"target\":{\"@type\":\"EntryPoint\",\"urlTemplate\":\"https:\/\/wilsonsantosmt.com.br\/?s={search_term_string}\"},\"query-input\":\"required name=search_term_string\"}],\"inLanguage\":\"pt-BR\"},{\"@type\":[\"Person\",\"Organization\"],\"@id\":\"https:\/\/wilsonsantosmt.com.br\/#\/schema\/person\/9de3c54961637a9eadb16bcbf895b1ef\",\"name\":\"Wilson Santos\",\"image\":{\"@type\":\"ImageObject\",\"inLanguage\":\"pt-BR\",\"@id\":\"https:\/\/wilsonsantosmt.com.br\/#\/schema\/person\/image\/\",\"url\":\"https:\/\/wilsonsantosmt.com.br\/wp-content\/uploads\/2023\/11\/310828673_653254583023360_8795459643194608438_n.jpg\",\"contentUrl\":\"https:\/\/wilsonsantosmt.com.br\/wp-content\/uploads\/2023\/11\/310828673_653254583023360_8795459643194608438_n.jpg\",\"width\":1078,\"height\":1079,\"caption\":\"Wilson Santos\"},\"logo\":{\"@id\":\"https:\/\/wilsonsantosmt.com.br\/#\/schema\/person\/image\/\"},\"sameAs\":[\"http:\/\/wilsonsantosmt.com.br\",\"https:\/\/www.facebook.com\/WilsonSantosMT\/\",\"https:\/\/www.instagram.com\/wilsonsantosmt\/\",\"https:\/\/www.youtube.com\/@WilsonSantosWS\/videos\",\"https:\/\/pt.wikipedia.org\/wiki\/Wilson_Santos\"],\"honorificPrefix\":\"Sr\",\"gender\":\"masculino\",\"jobTitle\":\"Deputado Estadual\",\"worksFor\":\"Assembleia Legislativa de Mato Grosso\"},{\"@type\":\"Person\",\"@id\":\"https:\/\/wilsonsantosmt.com.br\/#\/schema\/person\/1d097ee45f526dd0455dbad8c679932c\",\"name\":\"Samantha dos Anjos\",\"image\":{\"@type\":\"ImageObject\",\"inLanguage\":\"pt-BR\",\"@id\":\"https:\/\/wilsonsantosmt.com.br\/#\/schema\/person\/image\/\",\"url\":\"https:\/\/secure.gravatar.com\/avatar\/7d8d0b6dd67d134a9fa841bee90c57c7?s=96&d=mm&r=g\",\"contentUrl\":\"https:\/\/secure.gravatar.com\/avatar\/7d8d0b6dd67d134a9fa841bee90c57c7?s=96&d=mm&r=g\",\"caption\":\"Samantha dos Anjos\"},\"url\":\"https:\/\/wilsonsantosmt.com.br\/index.php\/author\/samantha-dos-anjos\/\"}]}<\/script>\n<!-- \/ Yoast SEO Premium plugin. -->","yoast_head_json":{"title":"Wilson Santos participa de entrega de m\u00e1quinas com o ministro F\u00e1varo em Tangar\u00e1 da Serra - wilsonsantosmt.com.br","robots":{"index":"index","follow":"follow","max-snippet":"max-snippet:-1","max-image-preview":"max-image-preview:large","max-video-preview":"max-video-preview:-1"},"canonical":"https:\/\/wilsonsantosmt.com.br\/index.php\/2025\/07\/22\/wilson-santos-participa-de-entrega-de-maquinas-com-o-ministro-favaro-em-tangara-da-serra\/","og_locale":"pt_BR","og_type":"article","og_title":"Wilson Santos participa de entrega de m\u00e1quinas com o ministro F\u00e1varo em Tangar\u00e1 da Serra","og_description":"Ap\u00f3s acompanhar de perto os investimentos do Governo Federal voltados ao fortalecimento da agricultura familiar nos munic\u00edpios de Campo Verde e V\u00e1rzea Grande, o deputado estadual Wilson Santos (PSD) esteve em Tangar\u00e1 da Serra para prestigiar a nova entrega de m\u00e1quinas e equipamentos realizada pelo ministro da Agricultura e Pecu\u00e1ria, Carlos F\u00e1varo (PSD). A a\u00e7\u00e3o [&hellip;]","og_url":"https:\/\/wilsonsantosmt.com.br\/index.php\/2025\/07\/22\/wilson-santos-participa-de-entrega-de-maquinas-com-o-ministro-favaro-em-tangara-da-serra\/","og_site_name":"wilsonsantosmt.com.br","article_publisher":"https:\/\/www.facebook.com\/WilsonSantosMT\/","article_published_time":"2025-07-22T13:24:00+00:00","article_modified_time":"2025-07-23T15:25:50+00:00","og_image":[{"width":1600,"height":1066,"url":"http:\/\/wilsonsantosmt.com.br\/wp-content\/uploads\/2025\/07\/WhatsApp-Image-2025-07-21-at-15.12.55.jpeg","type":"image\/jpeg"}],"author":"Samantha dos Anjos","twitter_card":"summary_large_image","twitter_misc":{"Escrito por":"Samantha dos Anjos","Est. tempo de leitura":"3 minutos"},"schema":{"@context":"https:\/\/schema.org","@graph":[{"@type":"Article","@id":"https:\/\/wilsonsantosmt.com.br\/index.php\/2025\/07\/22\/wilson-santos-participa-de-entrega-de-maquinas-com-o-ministro-favaro-em-tangara-da-serra\/#article","isPartOf":{"@id":"https:\/\/wilsonsantosmt.com.br\/index.php\/2025\/07\/22\/wilson-santos-participa-de-entrega-de-maquinas-com-o-ministro-favaro-em-tangara-da-serra\/"},"author":{"name":"Samantha dos Anjos","@id":"https:\/\/wilsonsantosmt.com.br\/#\/schema\/person\/1d097ee45f526dd0455dbad8c679932c"},"headline":"Wilson Santos participa de entrega de m\u00e1quinas com o ministro F\u00e1varo em Tangar\u00e1 da Serra","datePublished":"2025-07-22T13:24:00+00:00","dateModified":"2025-07-23T15:25:50+00:00","mainEntityOfPage":{"@id":"https:\/\/wilsonsantosmt.com.br\/index.php\/2025\/07\/22\/wilson-santos-participa-de-entrega-de-maquinas-com-o-ministro-favaro-em-tangara-da-serra\/"},"wordCount":571,"publisher":{"@id":"https:\/\/wilsonsantosmt.com.br\/#\/schema\/person\/9de3c54961637a9eadb16bcbf895b1ef"},"articleSection":["Not\u00edcias"],"inLanguage":"pt-BR"},{"@type":"WebPage","@id":"https:\/\/wilsonsantosmt.com.br\/index.php\/2025\/07\/22\/wilson-santos-participa-de-entrega-de-maquinas-com-o-ministro-favaro-em-tangara-da-serra\/","url":"https:\/\/wilsonsantosmt.com.br\/index.php\/2025\/07\/22\/wilson-santos-participa-de-entrega-de-maquinas-com-o-ministro-favaro-em-tangara-da-serra\/","name":"Wilson Santos participa de entrega de m\u00e1quinas com o ministro F\u00e1varo em Tangar\u00e1 da Serra - wilsonsantosmt.com.br","isPartOf":{"@id":"https:\/\/wilsonsantosmt.com.br\/#website"},"datePublished":"2025-07-22T13:24:00+00:00","dateModified":"2025-07-23T15:25:50+00:00","breadcrumb":{"@id":"https:\/\/wilsonsantosmt.com.br\/index.php\/2025\/07\/22\/wilson-santos-participa-de-entrega-de-maquinas-com-o-ministro-favaro-em-tangara-da-serra\/#breadcrumb"},"inLanguage":"pt-BR","potentialAction":[{"@type":"ReadAction","target":["https:\/\/wilsonsantosmt.com.br\/index.php\/2025\/07\/22\/wilson-santos-participa-de-entrega-de-maquinas-com-o-ministro-favaro-em-tangara-da-serra\/"]}]},{"@type":"BreadcrumbList","@id":"https:\/\/wilsonsantosmt.com.br\/index.php\/2025\/07\/22\/wilson-santos-participa-de-entrega-de-maquinas-com-o-ministro-favaro-em-tangara-da-serra\/#breadcrumb","itemListElement":[{"@type":"ListItem","position":1,"name":"In\u00edcio","item":"https:\/\/wilsonsantosmt.com.br\/"},{"@type":"ListItem","position":2,"name":"Not\u00edcias","item":"https:\/\/wilsonsantosmt.com.br\/index.php\/category\/noticias\/"},{"@type":"ListItem","position":3,"name":"Wilson Santos participa de entrega de m\u00e1quinas com o ministro F\u00e1varo em Tangar\u00e1 da Serra"}]},{"@type":"WebSite","@id":"https:\/\/wilsonsantosmt.com.br\/#website","url":"https:\/\/wilsonsantosmt.com.br\/","name":"wilsonsantosmt.com.br","description":"","publisher":{"@id":"https:\/\/wilsonsantosmt.com.br\/#\/schema\/person\/9de3c54961637a9eadb16bcbf895b1ef"},"potentialAction":[{"@type":"SearchAction","target":{"@type":"EntryPoint","urlTemplate":"https:\/\/wilsonsantosmt.com.br\/?s={search_term_string}"},"query-input":"required name=search_term_string"}],"inLanguage":"pt-BR"},{"@type":["Person","Organization"],"@id":"https:\/\/wilsonsantosmt.com.br\/#\/schema\/person\/9de3c54961637a9eadb16bcbf895b1ef","name":"Wilson Santos","image":{"@type":"ImageObject","inLanguage":"pt-BR","@id":"https:\/\/wilsonsantosmt.com.br\/#\/schema\/person\/image\/","url":"https:\/\/wilsonsantosmt.com.br\/wp-content\/uploads\/2023\/11\/310828673_653254583023360_8795459643194608438_n.jpg","contentUrl":"https:\/\/wilsonsantosmt.com.br\/wp-content\/uploads\/2023\/11\/310828673_653254583023360_8795459643194608438_n.jpg","width":1078,"height":1079,"caption":"Wilson Santos"},"logo":{"@id":"https:\/\/wilsonsantosmt.com.br\/#\/schema\/person\/image\/"},"sameAs":["http:\/\/wilsonsantosmt.com.br","https:\/\/www.facebook.com\/WilsonSantosMT\/","https:\/\/www.instagram.com\/wilsonsantosmt\/","https:\/\/www.youtube.com\/@WilsonSantosWS\/videos","https:\/\/pt.wikipedia.org\/wiki\/Wilson_Santos"],"honorificPrefix":"Sr","gender":"masculino","jobTitle":"Deputado Estadual","worksFor":"Assembleia Legislativa de Mato Grosso"},{"@type":"Person","@id":"https:\/\/wilsonsantosmt.com.br\/#\/schema\/person\/1d097ee45f526dd0455dbad8c679932c","name":"Samantha dos Anjos","image":{"@type":"ImageObject","inLanguage":"pt-BR","@id":"https:\/\/wilsonsantosmt.com.br\/#\/schema\/person\/image\/","url":"https:\/\/secure.gravatar.com\/avatar\/7d8d0b6dd67d134a9fa841bee90c57c7?s=96&d=mm&r=g","contentUrl":"https:\/\/secure.gravatar.com\/avatar\/7d8d0b6dd67d134a9fa841bee90c57c7?s=96&d=mm&r=g","caption":"Samantha dos Anjos"},"url":"https:\/\/wilsonsantosmt.com.br\/index.php\/author\/samantha-dos-anjos\/"}]}},"_links":{"self":[{"href":"https:\/\/wilsonsantosmt.com.br\/index.php\/wp-json\/wp\/v2\/posts\/1730"}],"collection":[{"href":"https:\/\/wilsonsantosmt.com.br\/index.php\/wp-json\/wp\/v2\/posts"}],"about":[{"href":"https:\/\/wilsonsantosmt.com.br\/index.php\/wp-json\/wp\/v2\/types\/post"}],"author":[{"embeddable":true,"href":"https:\/\/wilsonsantosmt.com.br\/index.php\/wp-json\/wp\/v2\/users\/4"}],"replies":[{"embeddable":true,"href":"https:\/\/wilsonsantosmt.com.br\/index.php\/wp-json\/wp\/v2\/comments?post=1730"}],"version-history":[{"count":1,"href":"https:\/\/wilsonsantosmt.com.br\/index.php\/wp-json\/wp\/v2\/posts\/1730\/revisions"}],"predecessor-version":[{"id":1733,"href":"https:\/\/wilsonsantosmt.com.br\/index.php\/wp-json\/wp\/v2\/posts\/1730\/revisions\/1733"}],"wp:featuredmedia":[{"embeddable":true,"href":"https:\/\/wilsonsantosmt.com.br\/index.php\/wp-json\/wp\/v2\/media\/1731"}],"wp:attachment":[{"href":"https:\/\/wilsonsantosmt.com.br\/index.php\/wp-json\/wp\/v2\/media?parent=1730"}],"wp:term":[{"taxonomy":"category","embeddable":true,"href":"https:\/\/wilsonsantosmt.com.br\/index.php\/wp-json\/wp\/v2\/categories?post=1730"},{"taxonomy":"post_tag","embeddable":true,"href":"https:\/\/wilsonsantosmt.com.br\/index.php\/wp-json\/wp\/v2\/tags?post=1730"}],"curies":[{"name":"wp","href":"https:\/\/api.w.org\/{rel}","templated":true}]}}