{"id":1734,"date":"2025-07-19T11:27:00","date_gmt":"2025-07-19T15:27:00","guid":{"rendered":"https:\/\/wilsonsantosmt.com.br\/?p=1734"},"modified":"2025-07-23T11:28:27","modified_gmt":"2025-07-23T15:28:27","slug":"wilson-santos-lidera-dialogo-entre-o-tce-e-o-banco-do-brasil-para-rever-situacao-dos-consignados","status":"publish","type":"post","link":"https:\/\/wilsonsantosmt.com.br\/index.php\/2025\/07\/19\/wilson-santos-lidera-dialogo-entre-o-tce-e-o-banco-do-brasil-para-rever-situacao-dos-consignados\/","title":{"rendered":"Wilson Santos lidera di\u00e1logo entre o TCE e o Banco do Brasil para rever situa\u00e7\u00e3o dos consignados"},"content":{"rendered":"\n<p><\/p>\n\n\n\n<p>Conforme o requerimento n\u00ba 334\/2025, de autoria do deputado estadual Wilson Santos (PSD), ainda n\u00e3o foi definida data para que representantes do Banco do Brasil prestem esclarecimentos na Assembleia Legislativa sobre o conv\u00eanio n\u00ba 030\/2022\/SEPLAG\/MT e outros contratos relacionados a opera\u00e7\u00f5es de consigna\u00e7\u00e3o com servidores p\u00fablicos estaduais. Por\u00e9m, o parlamentar e o conselheiro do Tribunal de Contas do Estado (TCE), Valter Albano, adiantaram reuni\u00e3o com o gerente geral da institui\u00e7\u00e3o financeira, M\u00e1rcio Corr\u00eaa, e seus t\u00e9cnicos &#8211; na \u00faltima quinta-feira (17), no prop\u00f3sito de buscar solu\u00e7\u00f5es para o problema do superendividamento que atinge mais de 62 mil agentes p\u00fablicos.<\/p>\n\n\n\n<p>\u201cO Banco Brasil \u00e9 o que det\u00e9m a folha de pagamento do servidor p\u00fablico e \u00e9 um dos principais parceiros deles, em que faz os empr\u00e9stimos consignados, quando o servidor chega no teto da margem, podendo fazer novas rela\u00e7\u00f5es comerciais, como antecipa\u00e7\u00e3o do d\u00e9cimo terceiro, f\u00e9rias, entre outros servi\u00e7os. Fiz o convite no plen\u00e1rio \u00e0 institui\u00e7\u00e3o financeira e eles, prontamente, entraram em contato e sugeriram um encontro t\u00e9cnico e o Valter Albano, que preside da Mesa T\u00e9cnica dos Consignados no TCE, agendou essa reuni\u00e3o\u201d, conta o deputado.<\/p>\n\n\n\n<p>O gerente geral do Banco do Brasil exp\u00f4s que \u00e9 preocupante \u00e0 situa\u00e7\u00e3o dos servidores p\u00fablicos, principalmente as altas taxas de juros. \u201cEstamos empenhados em resolver. Pelo conhecimento que temos, o problema \u00e9 o cart\u00e3o consignado. Nos colocamos \u00e0 disposi\u00e7\u00e3o para fazer parte da constru\u00e7\u00e3o de uma solu\u00e7\u00e3o, n\u00f3s temos condi\u00e7\u00f5es de contribuir bastante com essa situa\u00e7\u00e3o. Talvez, pud\u00e9ssemos criar uma margem extraordin\u00e1ria, somente para renegocia\u00e7\u00e3o, n\u00e3o aumentando o endividamento do servidor. S\u00e3o v\u00e1rios pontos que precisamos trazer e ver se \u00e9 poss\u00edvel. O Banco do Brasil est\u00e1 \u00e0 disposi\u00e7\u00e3o para trabalhar nesta situa\u00e7\u00e3o e precisamos fazer a v\u00e1rias m\u00e3os, pois sozinho e isoladamente n\u00e3o vamos conseguir avan\u00e7ar\u201d, frisou M\u00e1rcio.<\/p>\n\n\n\n<p>Ele adiantou que o Banco Central ainda n\u00e3o permite a compra de cart\u00e3o consignado, neste momento, para fazer a portabilidade para uma opera\u00e7\u00e3o de consignado tradicional, onde pudesse fazer o parcelamento de 10 e at\u00e9 120 vezes, em uma parcela que coubesse no bolso do servidor p\u00fablico. \u201cIsso daria condi\u00e7\u00f5es para fazer um planejamento. N\u00f3s temos algumas limita\u00e7\u00f5es que nos impedem como institui\u00e7\u00e3o financeira de avan\u00e7ar. Por\u00e9m, j\u00e1 que o Banco Central n\u00e3o permite que fa\u00e7a portabilidade, o Estado teria de alguma forma conseguir uma maneira de garantir que servidor pegasse o consignado no banco. S\u00e3o v\u00e1rios pontos que precisamos trazer e ver se \u00e9 poss\u00edvel. A margem consignada, por exemplo, vai precisar de uma aprecia\u00e7\u00e3o do legislativo, s\u00e3o v\u00e1rios pontos que o Estado limita\u201d, pontua.<\/p>\n\n\n\n<p>Valter Albano considerou a reuni\u00e3o extremamente produtiva, sendo que ter\u00e3o outros encontros t\u00e9cnicos, para que assim, seja deliberado uma solu\u00e7\u00e3o oportuna e com boas not\u00edcias aos servidores p\u00fablicos. \u201cO nosso presidente do TCE, S\u00e9rgio Ricardo, est\u00e1 bem empenhado nesta situa\u00e7\u00e3o. A grande quest\u00e3o \u00e9 como resolver de forma satisfat\u00f3ria o superendividamento. Essa oportunidade de trazer o Banco do Brasil foi a luz. \u00c9 extremamente importante o envolvimento do Banco do Brasil. O endividamento \u00e9 algo assustador. Estamos trabalhando da melhor forma para encontrarmos uma solu\u00e7\u00e3o e a Assembleia Legislativa j\u00e1 tem uns marcos legislativos importantes para avan\u00e7armos. E o Banco do Brasil est\u00e1 preocupado com essa situa\u00e7\u00e3o, nos alegra muito. Vamos construir juntos. No geral sinto muita seguran\u00e7a nesta rela\u00e7\u00e3o\u201d, posicionou o conselheiro.<\/p>\n\n\n\n<p>Atualmente, s\u00e3o cerca de 104 servidores p\u00fablicos em Mato Grosso \u2013 sendo que aproximadamente 62 mil \u2013 entre ativos, inativos e pensionistas \u2013 possuem rela\u00e7\u00e3o com empresas consignat\u00e1rias. Para a realiza\u00e7\u00e3o de empr\u00e9stimos h\u00e1 uma margem de at\u00e9 35%, cart\u00f5es de cr\u00e9dito em 15% e o cart\u00e3o consignado de benef\u00edcio at\u00e9 10% &#8211; sendo que a Secretaria de Estado de Planejamento e Gest\u00e3o (Seplag) aponta que 42,5% dos servidores excedem aos limites normativos impostos.<\/p>\n\n\n\n<p>Wilson Santos integra, por meio da Assembleia Legislativa, a mesa t\u00e9cnica do TCE que foi criada para apurar a legalidade e a regularidade das opera\u00e7\u00f5es financeiras realizadas pelas consignat\u00e1rias com servidores p\u00fablicos de Mato Grosso.<\/p>\n","protected":false},"excerpt":{"rendered":"<p>Conforme o requerimento n\u00ba 334\/2025, de autoria do deputado estadual Wilson Santos (PSD), ainda n\u00e3o foi definida data para que representantes do Banco do Brasil prestem esclarecimentos na Assembleia Legislativa sobre o conv\u00eanio n\u00ba 030\/2022\/SEPLAG\/MT e outros contratos relacionados a opera\u00e7\u00f5es de consigna\u00e7\u00e3o com servidores p\u00fablicos estaduais. Por\u00e9m, o parlamentar e o conselheiro do Tribunal [&hellip;]<\/p>\n","protected":false},"author":4,"featured_media":1735,"comment_status":"closed","ping_status":"open","sticky":false,"template":"","format":"standard","meta":{"footnotes":""},"categories":[13],"tags":[],"yoast_head":"<!-- This site is optimized with the Yoast SEO Premium plugin v21.5 (Yoast SEO v21.4) - https:\/\/yoast.com\/wordpress\/plugins\/seo\/ -->\n<title>Wilson Santos lidera di\u00e1logo entre o TCE e o Banco do Brasil para rever situa\u00e7\u00e3o dos consignados - wilsonsantosmt.com.br<\/title>\n<meta name=\"robots\" content=\"index, follow, max-snippet:-1, max-image-preview:large, max-video-preview:-1\" \/>\n<link rel=\"canonical\" href=\"https:\/\/wilsonsantosmt.com.br\/index.php\/2025\/07\/19\/wilson-santos-lidera-dialogo-entre-o-tce-e-o-banco-do-brasil-para-rever-situacao-dos-consignados\/\" \/>\n<meta property=\"og:locale\" content=\"pt_BR\" \/>\n<meta property=\"og:type\" content=\"article\" \/>\n<meta property=\"og:title\" content=\"Wilson Santos lidera di\u00e1logo entre o TCE e o Banco do Brasil para rever situa\u00e7\u00e3o dos consignados\" \/>\n<meta property=\"og:description\" content=\"Conforme o requerimento n\u00ba 334\/2025, de autoria do deputado estadual Wilson Santos (PSD), ainda n\u00e3o foi definida data para que representantes do Banco do Brasil prestem esclarecimentos na Assembleia Legislativa sobre o conv\u00eanio n\u00ba 030\/2022\/SEPLAG\/MT e outros contratos relacionados a opera\u00e7\u00f5es de consigna\u00e7\u00e3o com servidores p\u00fablicos estaduais. Por\u00e9m, o parlamentar e o conselheiro do Tribunal [&hellip;]\" \/>\n<meta property=\"og:url\" content=\"https:\/\/wilsonsantosmt.com.br\/index.php\/2025\/07\/19\/wilson-santos-lidera-dialogo-entre-o-tce-e-o-banco-do-brasil-para-rever-situacao-dos-consignados\/\" \/>\n<meta property=\"og:site_name\" content=\"wilsonsantosmt.com.br\" \/>\n<meta property=\"article:publisher\" content=\"https:\/\/www.facebook.com\/WilsonSantosMT\/\" \/>\n<meta property=\"article:published_time\" content=\"2025-07-19T15:27:00+00:00\" \/>\n<meta property=\"article:modified_time\" content=\"2025-07-23T15:28:27+00:00\" \/>\n<meta property=\"og:image\" content=\"http:\/\/wilsonsantosmt.com.br\/wp-content\/uploads\/2025\/07\/WhatsApp-Image-2025-07-21-at-11.19.29.jpeg\" \/>\n\t<meta property=\"og:image:width\" content=\"1600\" \/>\n\t<meta property=\"og:image:height\" content=\"900\" \/>\n\t<meta property=\"og:image:type\" content=\"image\/jpeg\" \/>\n<meta name=\"author\" content=\"Samantha dos Anjos\" \/>\n<meta name=\"twitter:card\" content=\"summary_large_image\" \/>\n<meta name=\"twitter:label1\" content=\"Escrito por\" \/>\n\t<meta name=\"twitter:data1\" content=\"Samantha dos Anjos\" \/>\n\t<meta name=\"twitter:label2\" content=\"Est. tempo de leitura\" \/>\n\t<meta name=\"twitter:data2\" content=\"4 minutos\" \/>\n<script type=\"application\/ld+json\" class=\"yoast-schema-graph\">{\"@context\":\"https:\/\/schema.org\",\"@graph\":[{\"@type\":\"Article\",\"@id\":\"https:\/\/wilsonsantosmt.com.br\/index.php\/2025\/07\/19\/wilson-santos-lidera-dialogo-entre-o-tce-e-o-banco-do-brasil-para-rever-situacao-dos-consignados\/#article\",\"isPartOf\":{\"@id\":\"https:\/\/wilsonsantosmt.com.br\/index.php\/2025\/07\/19\/wilson-santos-lidera-dialogo-entre-o-tce-e-o-banco-do-brasil-para-rever-situacao-dos-consignados\/\"},\"author\":{\"name\":\"Samantha dos Anjos\",\"@id\":\"https:\/\/wilsonsantosmt.com.br\/#\/schema\/person\/1d097ee45f526dd0455dbad8c679932c\"},\"headline\":\"Wilson Santos lidera di\u00e1logo entre o TCE e o Banco do Brasil para rever situa\u00e7\u00e3o dos consignados\",\"datePublished\":\"2025-07-19T15:27:00+00:00\",\"dateModified\":\"2025-07-23T15:28:27+00:00\",\"mainEntityOfPage\":{\"@id\":\"https:\/\/wilsonsantosmt.com.br\/index.php\/2025\/07\/19\/wilson-santos-lidera-dialogo-entre-o-tce-e-o-banco-do-brasil-para-rever-situacao-dos-consignados\/\"},\"wordCount\":746,\"publisher\":{\"@id\":\"https:\/\/wilsonsantosmt.com.br\/#\/schema\/person\/9de3c54961637a9eadb16bcbf895b1ef\"},\"articleSection\":[\"Not\u00edcias\"],\"inLanguage\":\"pt-BR\"},{\"@type\":\"WebPage\",\"@id\":\"https:\/\/wilsonsantosmt.com.br\/index.php\/2025\/07\/19\/wilson-santos-lidera-dialogo-entre-o-tce-e-o-banco-do-brasil-para-rever-situacao-dos-consignados\/\",\"url\":\"https:\/\/wilsonsantosmt.com.br\/index.php\/2025\/07\/19\/wilson-santos-lidera-dialogo-entre-o-tce-e-o-banco-do-brasil-para-rever-situacao-dos-consignados\/\",\"name\":\"Wilson Santos lidera di\u00e1logo entre o TCE e o Banco do Brasil para rever situa\u00e7\u00e3o dos consignados - wilsonsantosmt.com.br\",\"isPartOf\":{\"@id\":\"https:\/\/wilsonsantosmt.com.br\/#website\"},\"datePublished\":\"2025-07-19T15:27:00+00:00\",\"dateModified\":\"2025-07-23T15:28:27+00:00\",\"breadcrumb\":{\"@id\":\"https:\/\/wilsonsantosmt.com.br\/index.php\/2025\/07\/19\/wilson-santos-lidera-dialogo-entre-o-tce-e-o-banco-do-brasil-para-rever-situacao-dos-consignados\/#breadcrumb\"},\"inLanguage\":\"pt-BR\",\"potentialAction\":[{\"@type\":\"ReadAction\",\"target\":[\"https:\/\/wilsonsantosmt.com.br\/index.php\/2025\/07\/19\/wilson-santos-lidera-dialogo-entre-o-tce-e-o-banco-do-brasil-para-rever-situacao-dos-consignados\/\"]}]},{\"@type\":\"BreadcrumbList\",\"@id\":\"https:\/\/wilsonsantosmt.com.br\/index.php\/2025\/07\/19\/wilson-santos-lidera-dialogo-entre-o-tce-e-o-banco-do-brasil-para-rever-situacao-dos-consignados\/#breadcrumb\",\"itemListElement\":[{\"@type\":\"ListItem\",\"position\":1,\"name\":\"In\u00edcio\",\"item\":\"https:\/\/wilsonsantosmt.com.br\/\"},{\"@type\":\"ListItem\",\"position\":2,\"name\":\"Not\u00edcias\",\"item\":\"https:\/\/wilsonsantosmt.com.br\/index.php\/category\/noticias\/\"},{\"@type\":\"ListItem\",\"position\":3,\"name\":\"Wilson Santos lidera di\u00e1logo entre o TCE e o Banco do Brasil para rever situa\u00e7\u00e3o dos consignados\"}]},{\"@type\":\"WebSite\",\"@id\":\"https:\/\/wilsonsantosmt.com.br\/#website\",\"url\":\"https:\/\/wilsonsantosmt.com.br\/\",\"name\":\"wilsonsantosmt.com.br\",\"description\":\"\",\"publisher\":{\"@id\":\"https:\/\/wilsonsantosmt.com.br\/#\/schema\/person\/9de3c54961637a9eadb16bcbf895b1ef\"},\"potentialAction\":[{\"@type\":\"SearchAction\",\"target\":{\"@type\":\"EntryPoint\",\"urlTemplate\":\"https:\/\/wilsonsantosmt.com.br\/?s={search_term_string}\"},\"query-input\":\"required name=search_term_string\"}],\"inLanguage\":\"pt-BR\"},{\"@type\":[\"Person\",\"Organization\"],\"@id\":\"https:\/\/wilsonsantosmt.com.br\/#\/schema\/person\/9de3c54961637a9eadb16bcbf895b1ef\",\"name\":\"Wilson Santos\",\"image\":{\"@type\":\"ImageObject\",\"inLanguage\":\"pt-BR\",\"@id\":\"https:\/\/wilsonsantosmt.com.br\/#\/schema\/person\/image\/\",\"url\":\"https:\/\/wilsonsantosmt.com.br\/wp-content\/uploads\/2023\/11\/310828673_653254583023360_8795459643194608438_n.jpg\",\"contentUrl\":\"https:\/\/wilsonsantosmt.com.br\/wp-content\/uploads\/2023\/11\/310828673_653254583023360_8795459643194608438_n.jpg\",\"width\":1078,\"height\":1079,\"caption\":\"Wilson Santos\"},\"logo\":{\"@id\":\"https:\/\/wilsonsantosmt.com.br\/#\/schema\/person\/image\/\"},\"sameAs\":[\"http:\/\/wilsonsantosmt.com.br\",\"https:\/\/www.facebook.com\/WilsonSantosMT\/\",\"https:\/\/www.instagram.com\/wilsonsantosmt\/\",\"https:\/\/www.youtube.com\/@WilsonSantosWS\/videos\",\"https:\/\/pt.wikipedia.org\/wiki\/Wilson_Santos\"],\"honorificPrefix\":\"Sr\",\"gender\":\"masculino\",\"jobTitle\":\"Deputado Estadual\",\"worksFor\":\"Assembleia Legislativa de Mato Grosso\"},{\"@type\":\"Person\",\"@id\":\"https:\/\/wilsonsantosmt.com.br\/#\/schema\/person\/1d097ee45f526dd0455dbad8c679932c\",\"name\":\"Samantha dos Anjos\",\"image\":{\"@type\":\"ImageObject\",\"inLanguage\":\"pt-BR\",\"@id\":\"https:\/\/wilsonsantosmt.com.br\/#\/schema\/person\/image\/\",\"url\":\"https:\/\/secure.gravatar.com\/avatar\/7d8d0b6dd67d134a9fa841bee90c57c7?s=96&d=mm&r=g\",\"contentUrl\":\"https:\/\/secure.gravatar.com\/avatar\/7d8d0b6dd67d134a9fa841bee90c57c7?s=96&d=mm&r=g\",\"caption\":\"Samantha dos Anjos\"},\"url\":\"https:\/\/wilsonsantosmt.com.br\/index.php\/author\/samantha-dos-anjos\/\"}]}<\/script>\n<!-- \/ Yoast SEO Premium plugin. -->","yoast_head_json":{"title":"Wilson Santos lidera di\u00e1logo entre o TCE e o Banco do Brasil para rever situa\u00e7\u00e3o dos consignados - wilsonsantosmt.com.br","robots":{"index":"index","follow":"follow","max-snippet":"max-snippet:-1","max-image-preview":"max-image-preview:large","max-video-preview":"max-video-preview:-1"},"canonical":"https:\/\/wilsonsantosmt.com.br\/index.php\/2025\/07\/19\/wilson-santos-lidera-dialogo-entre-o-tce-e-o-banco-do-brasil-para-rever-situacao-dos-consignados\/","og_locale":"pt_BR","og_type":"article","og_title":"Wilson Santos lidera di\u00e1logo entre o TCE e o Banco do Brasil para rever situa\u00e7\u00e3o dos consignados","og_description":"Conforme o requerimento n\u00ba 334\/2025, de autoria do deputado estadual Wilson Santos (PSD), ainda n\u00e3o foi definida data para que representantes do Banco do Brasil prestem esclarecimentos na Assembleia Legislativa sobre o conv\u00eanio n\u00ba 030\/2022\/SEPLAG\/MT e outros contratos relacionados a opera\u00e7\u00f5es de consigna\u00e7\u00e3o com servidores p\u00fablicos estaduais. Por\u00e9m, o parlamentar e o conselheiro do Tribunal [&hellip;]","og_url":"https:\/\/wilsonsantosmt.com.br\/index.php\/2025\/07\/19\/wilson-santos-lidera-dialogo-entre-o-tce-e-o-banco-do-brasil-para-rever-situacao-dos-consignados\/","og_site_name":"wilsonsantosmt.com.br","article_publisher":"https:\/\/www.facebook.com\/WilsonSantosMT\/","article_published_time":"2025-07-19T15:27:00+00:00","article_modified_time":"2025-07-23T15:28:27+00:00","og_image":[{"width":1600,"height":900,"url":"http:\/\/wilsonsantosmt.com.br\/wp-content\/uploads\/2025\/07\/WhatsApp-Image-2025-07-21-at-11.19.29.jpeg","type":"image\/jpeg"}],"author":"Samantha dos Anjos","twitter_card":"summary_large_image","twitter_misc":{"Escrito por":"Samantha dos Anjos","Est. tempo de leitura":"4 minutos"},"schema":{"@context":"https:\/\/schema.org","@graph":[{"@type":"Article","@id":"https:\/\/wilsonsantosmt.com.br\/index.php\/2025\/07\/19\/wilson-santos-lidera-dialogo-entre-o-tce-e-o-banco-do-brasil-para-rever-situacao-dos-consignados\/#article","isPartOf":{"@id":"https:\/\/wilsonsantosmt.com.br\/index.php\/2025\/07\/19\/wilson-santos-lidera-dialogo-entre-o-tce-e-o-banco-do-brasil-para-rever-situacao-dos-consignados\/"},"author":{"name":"Samantha dos Anjos","@id":"https:\/\/wilsonsantosmt.com.br\/#\/schema\/person\/1d097ee45f526dd0455dbad8c679932c"},"headline":"Wilson Santos lidera di\u00e1logo entre o TCE e o Banco do Brasil para rever situa\u00e7\u00e3o dos consignados","datePublished":"2025-07-19T15:27:00+00:00","dateModified":"2025-07-23T15:28:27+00:00","mainEntityOfPage":{"@id":"https:\/\/wilsonsantosmt.com.br\/index.php\/2025\/07\/19\/wilson-santos-lidera-dialogo-entre-o-tce-e-o-banco-do-brasil-para-rever-situacao-dos-consignados\/"},"wordCount":746,"publisher":{"@id":"https:\/\/wilsonsantosmt.com.br\/#\/schema\/person\/9de3c54961637a9eadb16bcbf895b1ef"},"articleSection":["Not\u00edcias"],"inLanguage":"pt-BR"},{"@type":"WebPage","@id":"https:\/\/wilsonsantosmt.com.br\/index.php\/2025\/07\/19\/wilson-santos-lidera-dialogo-entre-o-tce-e-o-banco-do-brasil-para-rever-situacao-dos-consignados\/","url":"https:\/\/wilsonsantosmt.com.br\/index.php\/2025\/07\/19\/wilson-santos-lidera-dialogo-entre-o-tce-e-o-banco-do-brasil-para-rever-situacao-dos-consignados\/","name":"Wilson Santos lidera di\u00e1logo entre o TCE e o Banco do Brasil para rever situa\u00e7\u00e3o dos consignados - wilsonsantosmt.com.br","isPartOf":{"@id":"https:\/\/wilsonsantosmt.com.br\/#website"},"datePublished":"2025-07-19T15:27:00+00:00","dateModified":"2025-07-23T15:28:27+00:00","breadcrumb":{"@id":"https:\/\/wilsonsantosmt.com.br\/index.php\/2025\/07\/19\/wilson-santos-lidera-dialogo-entre-o-tce-e-o-banco-do-brasil-para-rever-situacao-dos-consignados\/#breadcrumb"},"inLanguage":"pt-BR","potentialAction":[{"@type":"ReadAction","target":["https:\/\/wilsonsantosmt.com.br\/index.php\/2025\/07\/19\/wilson-santos-lidera-dialogo-entre-o-tce-e-o-banco-do-brasil-para-rever-situacao-dos-consignados\/"]}]},{"@type":"BreadcrumbList","@id":"https:\/\/wilsonsantosmt.com.br\/index.php\/2025\/07\/19\/wilson-santos-lidera-dialogo-entre-o-tce-e-o-banco-do-brasil-para-rever-situacao-dos-consignados\/#breadcrumb","itemListElement":[{"@type":"ListItem","position":1,"name":"In\u00edcio","item":"https:\/\/wilsonsantosmt.com.br\/"},{"@type":"ListItem","position":2,"name":"Not\u00edcias","item":"https:\/\/wilsonsantosmt.com.br\/index.php\/category\/noticias\/"},{"@type":"ListItem","position":3,"name":"Wilson Santos lidera di\u00e1logo entre o TCE e o Banco do Brasil para rever situa\u00e7\u00e3o dos consignados"}]},{"@type":"WebSite","@id":"https:\/\/wilsonsantosmt.com.br\/#website","url":"https:\/\/wilsonsantosmt.com.br\/","name":"wilsonsantosmt.com.br","description":"","publisher":{"@id":"https:\/\/wilsonsantosmt.com.br\/#\/schema\/person\/9de3c54961637a9eadb16bcbf895b1ef"},"potentialAction":[{"@type":"SearchAction","target":{"@type":"EntryPoint","urlTemplate":"https:\/\/wilsonsantosmt.com.br\/?s={search_term_string}"},"query-input":"required name=search_term_string"}],"inLanguage":"pt-BR"},{"@type":["Person","Organization"],"@id":"https:\/\/wilsonsantosmt.com.br\/#\/schema\/person\/9de3c54961637a9eadb16bcbf895b1ef","name":"Wilson Santos","image":{"@type":"ImageObject","inLanguage":"pt-BR","@id":"https:\/\/wilsonsantosmt.com.br\/#\/schema\/person\/image\/","url":"https:\/\/wilsonsantosmt.com.br\/wp-content\/uploads\/2023\/11\/310828673_653254583023360_8795459643194608438_n.jpg","contentUrl":"https:\/\/wilsonsantosmt.com.br\/wp-content\/uploads\/2023\/11\/310828673_653254583023360_8795459643194608438_n.jpg","width":1078,"height":1079,"caption":"Wilson Santos"},"logo":{"@id":"https:\/\/wilsonsantosmt.com.br\/#\/schema\/person\/image\/"},"sameAs":["http:\/\/wilsonsantosmt.com.br","https:\/\/www.facebook.com\/WilsonSantosMT\/","https:\/\/www.instagram.com\/wilsonsantosmt\/","https:\/\/www.youtube.com\/@WilsonSantosWS\/videos","https:\/\/pt.wikipedia.org\/wiki\/Wilson_Santos"],"honorificPrefix":"Sr","gender":"masculino","jobTitle":"Deputado Estadual","worksFor":"Assembleia Legislativa de Mato Grosso"},{"@type":"Person","@id":"https:\/\/wilsonsantosmt.com.br\/#\/schema\/person\/1d097ee45f526dd0455dbad8c679932c","name":"Samantha dos Anjos","image":{"@type":"ImageObject","inLanguage":"pt-BR","@id":"https:\/\/wilsonsantosmt.com.br\/#\/schema\/person\/image\/","url":"https:\/\/secure.gravatar.com\/avatar\/7d8d0b6dd67d134a9fa841bee90c57c7?s=96&d=mm&r=g","contentUrl":"https:\/\/secure.gravatar.com\/avatar\/7d8d0b6dd67d134a9fa841bee90c57c7?s=96&d=mm&r=g","caption":"Samantha dos Anjos"},"url":"https:\/\/wilsonsantosmt.com.br\/index.php\/author\/samantha-dos-anjos\/"}]}},"_links":{"self":[{"href":"https:\/\/wilsonsantosmt.com.br\/index.php\/wp-json\/wp\/v2\/posts\/1734"}],"collection":[{"href":"https:\/\/wilsonsantosmt.com.br\/index.php\/wp-json\/wp\/v2\/posts"}],"about":[{"href":"https:\/\/wilsonsantosmt.com.br\/index.php\/wp-json\/wp\/v2\/types\/post"}],"author":[{"embeddable":true,"href":"https:\/\/wilsonsantosmt.com.br\/index.php\/wp-json\/wp\/v2\/users\/4"}],"replies":[{"embeddable":true,"href":"https:\/\/wilsonsantosmt.com.br\/index.php\/wp-json\/wp\/v2\/comments?post=1734"}],"version-history":[{"count":1,"href":"https:\/\/wilsonsantosmt.com.br\/index.php\/wp-json\/wp\/v2\/posts\/1734\/revisions"}],"predecessor-version":[{"id":1736,"href":"https:\/\/wilsonsantosmt.com.br\/index.php\/wp-json\/wp\/v2\/posts\/1734\/revisions\/1736"}],"wp:featuredmedia":[{"embeddable":true,"href":"https:\/\/wilsonsantosmt.com.br\/index.php\/wp-json\/wp\/v2\/media\/1735"}],"wp:attachment":[{"href":"https:\/\/wilsonsantosmt.com.br\/index.php\/wp-json\/wp\/v2\/media?parent=1734"}],"wp:term":[{"taxonomy":"category","embeddable":true,"href":"https:\/\/wilsonsantosmt.com.br\/index.php\/wp-json\/wp\/v2\/categories?post=1734"},{"taxonomy":"post_tag","embeddable":true,"href":"https:\/\/wilsonsantosmt.com.br\/index.php\/wp-json\/wp\/v2\/tags?post=1734"}],"curies":[{"name":"wp","href":"https:\/\/api.w.org\/{rel}","templated":true}]}}