{"id":1737,"date":"2025-07-17T11:28:00","date_gmt":"2025-07-17T15:28:00","guid":{"rendered":"https:\/\/wilsonsantosmt.com.br\/?p=1737"},"modified":"2025-07-23T11:29:39","modified_gmt":"2025-07-23T15:29:39","slug":"audiencia-publica-vai-debater-situacao-do-portao-do-inferno-e-conservacao-do-parque-quineira-nesta-quinta-17","status":"publish","type":"post","link":"https:\/\/wilsonsantosmt.com.br\/index.php\/2025\/07\/17\/audiencia-publica-vai-debater-situacao-do-portao-do-inferno-e-conservacao-do-parque-quineira-nesta-quinta-17\/","title":{"rendered":"Audi\u00eancia p\u00fablica vai debater situa\u00e7\u00e3o do Port\u00e3o do Inferno e conserva\u00e7\u00e3o do Parque Quineira nesta quinta (17)"},"content":{"rendered":"\n<p><\/p>\n\n\n\n<p>Com o objetivo de promover mais transpar\u00eancia e entendimento sobre os projetos propostos pelo Governo de Mato Grosso, por meio da Secretaria de Estado de Infraestrutura e Log\u00edstica (Sinfra), em rela\u00e7\u00e3o \u00e0s melhorias na infraestrutura do Port\u00e3o do Inferno, localizado na MT-251, em Chapada dos Guimar\u00e3es, o deputado estadual Wilson Santos (PSD) realizar\u00e1 uma audi\u00eancia p\u00fablica nesta quinta-feira (17), \u00e0s 19h, na C\u00e2mara Municipal de Vereadores.<\/p>\n\n\n\n<p>A iniciativa atende ao Requerimento n\u00ba 423\/2025, apresentado pelo parlamentar, na \u00faltima sess\u00e3o plen\u00e1ria, da Assembleia Legislativa. Desde novembro de 2023, quando foi registrado o primeiro deslizamento de terra no trecho, ainda n\u00e3o foi apresentada uma solu\u00e7\u00e3o definitiva que garanta a seguran\u00e7a e integridade f\u00edsica dos motoristas que trafegam pela regi\u00e3o.<\/p>\n\n\n\n<p>O projeto inicial de retaludamento da pista &#8211; iniciado em mar\u00e7o de 2024 &#8211; previa a cria\u00e7\u00e3o de taludes para conter deslizamentos de terra e rochas, mas n\u00e3o foi eficaz na estabiliza\u00e7\u00e3o do pared\u00e3o rochoso. Diante disso, o Governo do Estado prop\u00f4s uma nova alternativa: a constru\u00e7\u00e3o de um t\u00fanel. O edital de licita\u00e7\u00e3o para a obra est\u00e1 previsto para o m\u00eas de agosto, e a estrutura dever\u00e1 permitir o fluxo cont\u00ednuo de ve\u00edculos sem comprometer o potencial tur\u00edstico e ambiental do munic\u00edpio.<\/p>\n\n\n\n<p>Chapada dos Guimar\u00e3es \u00e9 um dos principais destinos tur\u00edsticos de Mato Grosso, atraindo milhares de visitantes e movimentando a economia local. Com os problemas estruturais persistentes, o tr\u00e2nsito na MT-251 foi bloqueado diversas vezes, obrigando motoristas a utilizarem rotas alternativas com at\u00e9 150 quil\u00f4metros de percurso &#8211; passando pela BR-364 ou MT-246. A crise tamb\u00e9m afetou diretamente o com\u00e9rcio local, com fechamento de estabelecimentos e preju\u00edzos financeiros.<\/p>\n\n\n\n<p>Para evitar acidentes, a equipe t\u00e9cnica da Sinfra segue um protocolo de bloqueio parcial ou total da via durante o per\u00edodo de chuvas. Ap\u00f3s vistoria e libera\u00e7\u00e3o, o tr\u00e1fego \u00e9 retomado, muitas vezes, sob o sistema de \u201cpare e siga\u201d.<\/p>\n\n\n\n<p>Al\u00e9m das interven\u00e7\u00f5es no Port\u00e3o do Inferno, Wilson Santos tamb\u00e9m prop\u00f4s incluir na pauta os entraves relacionados \u00e0 gest\u00e3o e conserva\u00e7\u00e3o do Parque Estadual da Quineira &#8211; localizado na \u00e1rea urbana de Chapada dos Guimar\u00e3es, sendo considerado um importante patrim\u00f4nio ambiental e cultural da cidade &#8211; que envolve a parceria entre os governos estadual e municipal para garantir a prote\u00e7\u00e3o dos recursos naturais existentes na regi\u00e3o.<\/p>\n\n\n\n<p>A audi\u00eancia p\u00fablica contar\u00e1 com a participa\u00e7\u00e3o de representantes da Sinfra, da Secretaria de Estado de Meio Ambiente (Sema), do Minist\u00e9rio P\u00fablico Estadual (MPE), de organiza\u00e7\u00f5es da sociedade civil, t\u00e9cnicos especialistas, moradores e lideran\u00e7as locais.<\/p>\n\n\n\n<p>SERVI\u00c7O<\/p>\n\n\n\n<p>Evento: Audi\u00eancia P\u00fablica sobre o Port\u00e3o do Inferno e o Parque Estadual da Quineira<br>Data: Quinta-feira, 17 de julho<br>Hor\u00e1rio: 19h<br>Local: C\u00e2mara Municipal de Vereadores de Chapada dos Guimar\u00e3es<br>Informa\u00e7\u00f5es: Samantha dos Anjos<br>Assessoria de Imprensa | (65) 99639-9715<\/p>\n","protected":false},"excerpt":{"rendered":"<p>Com o objetivo de promover mais transpar\u00eancia e entendimento sobre os projetos propostos pelo Governo de Mato Grosso, por meio da Secretaria de Estado de Infraestrutura e Log\u00edstica (Sinfra), em rela\u00e7\u00e3o \u00e0s melhorias na infraestrutura do Port\u00e3o do Inferno, localizado na MT-251, em Chapada dos Guimar\u00e3es, o deputado estadual Wilson Santos (PSD) realizar\u00e1 uma audi\u00eancia [&hellip;]<\/p>\n","protected":false},"author":4,"featured_media":1738,"comment_status":"closed","ping_status":"open","sticky":false,"template":"","format":"standard","meta":{"footnotes":""},"categories":[13],"tags":[],"yoast_head":"<!-- This site is optimized with the Yoast SEO Premium plugin v21.5 (Yoast SEO v21.4) - https:\/\/yoast.com\/wordpress\/plugins\/seo\/ -->\n<title>Audi\u00eancia p\u00fablica vai debater situa\u00e7\u00e3o do Port\u00e3o do Inferno e conserva\u00e7\u00e3o do Parque Quineira nesta quinta (17) - wilsonsantosmt.com.br<\/title>\n<meta name=\"robots\" content=\"index, follow, max-snippet:-1, max-image-preview:large, max-video-preview:-1\" \/>\n<link rel=\"canonical\" href=\"https:\/\/wilsonsantosmt.com.br\/index.php\/2025\/07\/17\/audiencia-publica-vai-debater-situacao-do-portao-do-inferno-e-conservacao-do-parque-quineira-nesta-quinta-17\/\" \/>\n<meta property=\"og:locale\" content=\"pt_BR\" \/>\n<meta property=\"og:type\" content=\"article\" \/>\n<meta property=\"og:title\" content=\"Audi\u00eancia p\u00fablica vai debater situa\u00e7\u00e3o do Port\u00e3o do Inferno e conserva\u00e7\u00e3o do Parque Quineira nesta quinta (17)\" \/>\n<meta property=\"og:description\" content=\"Com o objetivo de promover mais transpar\u00eancia e entendimento sobre os projetos propostos pelo Governo de Mato Grosso, por meio da Secretaria de Estado de Infraestrutura e Log\u00edstica (Sinfra), em rela\u00e7\u00e3o \u00e0s melhorias na infraestrutura do Port\u00e3o do Inferno, localizado na MT-251, em Chapada dos Guimar\u00e3es, o deputado estadual Wilson Santos (PSD) realizar\u00e1 uma audi\u00eancia [&hellip;]\" \/>\n<meta property=\"og:url\" content=\"https:\/\/wilsonsantosmt.com.br\/index.php\/2025\/07\/17\/audiencia-publica-vai-debater-situacao-do-portao-do-inferno-e-conservacao-do-parque-quineira-nesta-quinta-17\/\" \/>\n<meta property=\"og:site_name\" content=\"wilsonsantosmt.com.br\" \/>\n<meta property=\"article:publisher\" content=\"https:\/\/www.facebook.com\/WilsonSantosMT\/\" \/>\n<meta property=\"article:published_time\" content=\"2025-07-17T15:28:00+00:00\" \/>\n<meta property=\"article:modified_time\" content=\"2025-07-23T15:29:39+00:00\" \/>\n<meta property=\"og:image\" content=\"http:\/\/wilsonsantosmt.com.br\/wp-content\/uploads\/2025\/07\/WhatsApp-Image-2025-07-15-at-17.05.26.jpeg\" \/>\n\t<meta property=\"og:image:width\" content=\"1600\" \/>\n\t<meta property=\"og:image:height\" content=\"900\" \/>\n\t<meta property=\"og:image:type\" content=\"image\/jpeg\" \/>\n<meta name=\"author\" content=\"Samantha dos Anjos\" \/>\n<meta name=\"twitter:card\" content=\"summary_large_image\" \/>\n<meta name=\"twitter:label1\" content=\"Escrito por\" \/>\n\t<meta name=\"twitter:data1\" content=\"Samantha dos Anjos\" \/>\n\t<meta name=\"twitter:label2\" content=\"Est. tempo de leitura\" \/>\n\t<meta name=\"twitter:data2\" content=\"3 minutos\" \/>\n<script type=\"application\/ld+json\" class=\"yoast-schema-graph\">{\"@context\":\"https:\/\/schema.org\",\"@graph\":[{\"@type\":\"Article\",\"@id\":\"https:\/\/wilsonsantosmt.com.br\/index.php\/2025\/07\/17\/audiencia-publica-vai-debater-situacao-do-portao-do-inferno-e-conservacao-do-parque-quineira-nesta-quinta-17\/#article\",\"isPartOf\":{\"@id\":\"https:\/\/wilsonsantosmt.com.br\/index.php\/2025\/07\/17\/audiencia-publica-vai-debater-situacao-do-portao-do-inferno-e-conservacao-do-parque-quineira-nesta-quinta-17\/\"},\"author\":{\"name\":\"Samantha dos Anjos\",\"@id\":\"https:\/\/wilsonsantosmt.com.br\/#\/schema\/person\/1d097ee45f526dd0455dbad8c679932c\"},\"headline\":\"Audi\u00eancia p\u00fablica vai debater situa\u00e7\u00e3o do Port\u00e3o do Inferno e conserva\u00e7\u00e3o do Parque Quineira nesta quinta (17)\",\"datePublished\":\"2025-07-17T15:28:00+00:00\",\"dateModified\":\"2025-07-23T15:29:39+00:00\",\"mainEntityOfPage\":{\"@id\":\"https:\/\/wilsonsantosmt.com.br\/index.php\/2025\/07\/17\/audiencia-publica-vai-debater-situacao-do-portao-do-inferno-e-conservacao-do-parque-quineira-nesta-quinta-17\/\"},\"wordCount\":522,\"publisher\":{\"@id\":\"https:\/\/wilsonsantosmt.com.br\/#\/schema\/person\/9de3c54961637a9eadb16bcbf895b1ef\"},\"articleSection\":[\"Not\u00edcias\"],\"inLanguage\":\"pt-BR\"},{\"@type\":\"WebPage\",\"@id\":\"https:\/\/wilsonsantosmt.com.br\/index.php\/2025\/07\/17\/audiencia-publica-vai-debater-situacao-do-portao-do-inferno-e-conservacao-do-parque-quineira-nesta-quinta-17\/\",\"url\":\"https:\/\/wilsonsantosmt.com.br\/index.php\/2025\/07\/17\/audiencia-publica-vai-debater-situacao-do-portao-do-inferno-e-conservacao-do-parque-quineira-nesta-quinta-17\/\",\"name\":\"Audi\u00eancia p\u00fablica vai debater situa\u00e7\u00e3o do Port\u00e3o do Inferno e conserva\u00e7\u00e3o do Parque Quineira nesta quinta (17) - wilsonsantosmt.com.br\",\"isPartOf\":{\"@id\":\"https:\/\/wilsonsantosmt.com.br\/#website\"},\"datePublished\":\"2025-07-17T15:28:00+00:00\",\"dateModified\":\"2025-07-23T15:29:39+00:00\",\"breadcrumb\":{\"@id\":\"https:\/\/wilsonsantosmt.com.br\/index.php\/2025\/07\/17\/audiencia-publica-vai-debater-situacao-do-portao-do-inferno-e-conservacao-do-parque-quineira-nesta-quinta-17\/#breadcrumb\"},\"inLanguage\":\"pt-BR\",\"potentialAction\":[{\"@type\":\"ReadAction\",\"target\":[\"https:\/\/wilsonsantosmt.com.br\/index.php\/2025\/07\/17\/audiencia-publica-vai-debater-situacao-do-portao-do-inferno-e-conservacao-do-parque-quineira-nesta-quinta-17\/\"]}]},{\"@type\":\"BreadcrumbList\",\"@id\":\"https:\/\/wilsonsantosmt.com.br\/index.php\/2025\/07\/17\/audiencia-publica-vai-debater-situacao-do-portao-do-inferno-e-conservacao-do-parque-quineira-nesta-quinta-17\/#breadcrumb\",\"itemListElement\":[{\"@type\":\"ListItem\",\"position\":1,\"name\":\"In\u00edcio\",\"item\":\"https:\/\/wilsonsantosmt.com.br\/\"},{\"@type\":\"ListItem\",\"position\":2,\"name\":\"Not\u00edcias\",\"item\":\"https:\/\/wilsonsantosmt.com.br\/index.php\/category\/noticias\/\"},{\"@type\":\"ListItem\",\"position\":3,\"name\":\"Audi\u00eancia p\u00fablica vai debater situa\u00e7\u00e3o do Port\u00e3o do Inferno e conserva\u00e7\u00e3o do Parque Quineira nesta quinta (17)\"}]},{\"@type\":\"WebSite\",\"@id\":\"https:\/\/wilsonsantosmt.com.br\/#website\",\"url\":\"https:\/\/wilsonsantosmt.com.br\/\",\"name\":\"wilsonsantosmt.com.br\",\"description\":\"\",\"publisher\":{\"@id\":\"https:\/\/wilsonsantosmt.com.br\/#\/schema\/person\/9de3c54961637a9eadb16bcbf895b1ef\"},\"potentialAction\":[{\"@type\":\"SearchAction\",\"target\":{\"@type\":\"EntryPoint\",\"urlTemplate\":\"https:\/\/wilsonsantosmt.com.br\/?s={search_term_string}\"},\"query-input\":\"required name=search_term_string\"}],\"inLanguage\":\"pt-BR\"},{\"@type\":[\"Person\",\"Organization\"],\"@id\":\"https:\/\/wilsonsantosmt.com.br\/#\/schema\/person\/9de3c54961637a9eadb16bcbf895b1ef\",\"name\":\"Wilson Santos\",\"image\":{\"@type\":\"ImageObject\",\"inLanguage\":\"pt-BR\",\"@id\":\"https:\/\/wilsonsantosmt.com.br\/#\/schema\/person\/image\/\",\"url\":\"https:\/\/wilsonsantosmt.com.br\/wp-content\/uploads\/2023\/11\/310828673_653254583023360_8795459643194608438_n.jpg\",\"contentUrl\":\"https:\/\/wilsonsantosmt.com.br\/wp-content\/uploads\/2023\/11\/310828673_653254583023360_8795459643194608438_n.jpg\",\"width\":1078,\"height\":1079,\"caption\":\"Wilson Santos\"},\"logo\":{\"@id\":\"https:\/\/wilsonsantosmt.com.br\/#\/schema\/person\/image\/\"},\"sameAs\":[\"http:\/\/wilsonsantosmt.com.br\",\"https:\/\/www.facebook.com\/WilsonSantosMT\/\",\"https:\/\/www.instagram.com\/wilsonsantosmt\/\",\"https:\/\/www.youtube.com\/@WilsonSantosWS\/videos\",\"https:\/\/pt.wikipedia.org\/wiki\/Wilson_Santos\"],\"honorificPrefix\":\"Sr\",\"gender\":\"masculino\",\"jobTitle\":\"Deputado Estadual\",\"worksFor\":\"Assembleia Legislativa de Mato Grosso\"},{\"@type\":\"Person\",\"@id\":\"https:\/\/wilsonsantosmt.com.br\/#\/schema\/person\/1d097ee45f526dd0455dbad8c679932c\",\"name\":\"Samantha dos Anjos\",\"image\":{\"@type\":\"ImageObject\",\"inLanguage\":\"pt-BR\",\"@id\":\"https:\/\/wilsonsantosmt.com.br\/#\/schema\/person\/image\/\",\"url\":\"https:\/\/secure.gravatar.com\/avatar\/7d8d0b6dd67d134a9fa841bee90c57c7?s=96&d=mm&r=g\",\"contentUrl\":\"https:\/\/secure.gravatar.com\/avatar\/7d8d0b6dd67d134a9fa841bee90c57c7?s=96&d=mm&r=g\",\"caption\":\"Samantha dos Anjos\"},\"url\":\"https:\/\/wilsonsantosmt.com.br\/index.php\/author\/samantha-dos-anjos\/\"}]}<\/script>\n<!-- \/ Yoast SEO Premium plugin. -->","yoast_head_json":{"title":"Audi\u00eancia p\u00fablica vai debater situa\u00e7\u00e3o do Port\u00e3o do Inferno e conserva\u00e7\u00e3o do Parque Quineira nesta quinta (17) - wilsonsantosmt.com.br","robots":{"index":"index","follow":"follow","max-snippet":"max-snippet:-1","max-image-preview":"max-image-preview:large","max-video-preview":"max-video-preview:-1"},"canonical":"https:\/\/wilsonsantosmt.com.br\/index.php\/2025\/07\/17\/audiencia-publica-vai-debater-situacao-do-portao-do-inferno-e-conservacao-do-parque-quineira-nesta-quinta-17\/","og_locale":"pt_BR","og_type":"article","og_title":"Audi\u00eancia p\u00fablica vai debater situa\u00e7\u00e3o do Port\u00e3o do Inferno e conserva\u00e7\u00e3o do Parque Quineira nesta quinta (17)","og_description":"Com o objetivo de promover mais transpar\u00eancia e entendimento sobre os projetos propostos pelo Governo de Mato Grosso, por meio da Secretaria de Estado de Infraestrutura e Log\u00edstica (Sinfra), em rela\u00e7\u00e3o \u00e0s melhorias na infraestrutura do Port\u00e3o do Inferno, localizado na MT-251, em Chapada dos Guimar\u00e3es, o deputado estadual Wilson Santos (PSD) realizar\u00e1 uma audi\u00eancia [&hellip;]","og_url":"https:\/\/wilsonsantosmt.com.br\/index.php\/2025\/07\/17\/audiencia-publica-vai-debater-situacao-do-portao-do-inferno-e-conservacao-do-parque-quineira-nesta-quinta-17\/","og_site_name":"wilsonsantosmt.com.br","article_publisher":"https:\/\/www.facebook.com\/WilsonSantosMT\/","article_published_time":"2025-07-17T15:28:00+00:00","article_modified_time":"2025-07-23T15:29:39+00:00","og_image":[{"width":1600,"height":900,"url":"http:\/\/wilsonsantosmt.com.br\/wp-content\/uploads\/2025\/07\/WhatsApp-Image-2025-07-15-at-17.05.26.jpeg","type":"image\/jpeg"}],"author":"Samantha dos Anjos","twitter_card":"summary_large_image","twitter_misc":{"Escrito por":"Samantha dos Anjos","Est. tempo de leitura":"3 minutos"},"schema":{"@context":"https:\/\/schema.org","@graph":[{"@type":"Article","@id":"https:\/\/wilsonsantosmt.com.br\/index.php\/2025\/07\/17\/audiencia-publica-vai-debater-situacao-do-portao-do-inferno-e-conservacao-do-parque-quineira-nesta-quinta-17\/#article","isPartOf":{"@id":"https:\/\/wilsonsantosmt.com.br\/index.php\/2025\/07\/17\/audiencia-publica-vai-debater-situacao-do-portao-do-inferno-e-conservacao-do-parque-quineira-nesta-quinta-17\/"},"author":{"name":"Samantha dos Anjos","@id":"https:\/\/wilsonsantosmt.com.br\/#\/schema\/person\/1d097ee45f526dd0455dbad8c679932c"},"headline":"Audi\u00eancia p\u00fablica vai debater situa\u00e7\u00e3o do Port\u00e3o do Inferno e conserva\u00e7\u00e3o do Parque Quineira nesta quinta (17)","datePublished":"2025-07-17T15:28:00+00:00","dateModified":"2025-07-23T15:29:39+00:00","mainEntityOfPage":{"@id":"https:\/\/wilsonsantosmt.com.br\/index.php\/2025\/07\/17\/audiencia-publica-vai-debater-situacao-do-portao-do-inferno-e-conservacao-do-parque-quineira-nesta-quinta-17\/"},"wordCount":522,"publisher":{"@id":"https:\/\/wilsonsantosmt.com.br\/#\/schema\/person\/9de3c54961637a9eadb16bcbf895b1ef"},"articleSection":["Not\u00edcias"],"inLanguage":"pt-BR"},{"@type":"WebPage","@id":"https:\/\/wilsonsantosmt.com.br\/index.php\/2025\/07\/17\/audiencia-publica-vai-debater-situacao-do-portao-do-inferno-e-conservacao-do-parque-quineira-nesta-quinta-17\/","url":"https:\/\/wilsonsantosmt.com.br\/index.php\/2025\/07\/17\/audiencia-publica-vai-debater-situacao-do-portao-do-inferno-e-conservacao-do-parque-quineira-nesta-quinta-17\/","name":"Audi\u00eancia p\u00fablica vai debater situa\u00e7\u00e3o do Port\u00e3o do Inferno e conserva\u00e7\u00e3o do Parque Quineira nesta quinta (17) - wilsonsantosmt.com.br","isPartOf":{"@id":"https:\/\/wilsonsantosmt.com.br\/#website"},"datePublished":"2025-07-17T15:28:00+00:00","dateModified":"2025-07-23T15:29:39+00:00","breadcrumb":{"@id":"https:\/\/wilsonsantosmt.com.br\/index.php\/2025\/07\/17\/audiencia-publica-vai-debater-situacao-do-portao-do-inferno-e-conservacao-do-parque-quineira-nesta-quinta-17\/#breadcrumb"},"inLanguage":"pt-BR","potentialAction":[{"@type":"ReadAction","target":["https:\/\/wilsonsantosmt.com.br\/index.php\/2025\/07\/17\/audiencia-publica-vai-debater-situacao-do-portao-do-inferno-e-conservacao-do-parque-quineira-nesta-quinta-17\/"]}]},{"@type":"BreadcrumbList","@id":"https:\/\/wilsonsantosmt.com.br\/index.php\/2025\/07\/17\/audiencia-publica-vai-debater-situacao-do-portao-do-inferno-e-conservacao-do-parque-quineira-nesta-quinta-17\/#breadcrumb","itemListElement":[{"@type":"ListItem","position":1,"name":"In\u00edcio","item":"https:\/\/wilsonsantosmt.com.br\/"},{"@type":"ListItem","position":2,"name":"Not\u00edcias","item":"https:\/\/wilsonsantosmt.com.br\/index.php\/category\/noticias\/"},{"@type":"ListItem","position":3,"name":"Audi\u00eancia p\u00fablica vai debater situa\u00e7\u00e3o do Port\u00e3o do Inferno e conserva\u00e7\u00e3o do Parque Quineira nesta quinta (17)"}]},{"@type":"WebSite","@id":"https:\/\/wilsonsantosmt.com.br\/#website","url":"https:\/\/wilsonsantosmt.com.br\/","name":"wilsonsantosmt.com.br","description":"","publisher":{"@id":"https:\/\/wilsonsantosmt.com.br\/#\/schema\/person\/9de3c54961637a9eadb16bcbf895b1ef"},"potentialAction":[{"@type":"SearchAction","target":{"@type":"EntryPoint","urlTemplate":"https:\/\/wilsonsantosmt.com.br\/?s={search_term_string}"},"query-input":"required name=search_term_string"}],"inLanguage":"pt-BR"},{"@type":["Person","Organization"],"@id":"https:\/\/wilsonsantosmt.com.br\/#\/schema\/person\/9de3c54961637a9eadb16bcbf895b1ef","name":"Wilson Santos","image":{"@type":"ImageObject","inLanguage":"pt-BR","@id":"https:\/\/wilsonsantosmt.com.br\/#\/schema\/person\/image\/","url":"https:\/\/wilsonsantosmt.com.br\/wp-content\/uploads\/2023\/11\/310828673_653254583023360_8795459643194608438_n.jpg","contentUrl":"https:\/\/wilsonsantosmt.com.br\/wp-content\/uploads\/2023\/11\/310828673_653254583023360_8795459643194608438_n.jpg","width":1078,"height":1079,"caption":"Wilson Santos"},"logo":{"@id":"https:\/\/wilsonsantosmt.com.br\/#\/schema\/person\/image\/"},"sameAs":["http:\/\/wilsonsantosmt.com.br","https:\/\/www.facebook.com\/WilsonSantosMT\/","https:\/\/www.instagram.com\/wilsonsantosmt\/","https:\/\/www.youtube.com\/@WilsonSantosWS\/videos","https:\/\/pt.wikipedia.org\/wiki\/Wilson_Santos"],"honorificPrefix":"Sr","gender":"masculino","jobTitle":"Deputado Estadual","worksFor":"Assembleia Legislativa de Mato Grosso"},{"@type":"Person","@id":"https:\/\/wilsonsantosmt.com.br\/#\/schema\/person\/1d097ee45f526dd0455dbad8c679932c","name":"Samantha dos Anjos","image":{"@type":"ImageObject","inLanguage":"pt-BR","@id":"https:\/\/wilsonsantosmt.com.br\/#\/schema\/person\/image\/","url":"https:\/\/secure.gravatar.com\/avatar\/7d8d0b6dd67d134a9fa841bee90c57c7?s=96&d=mm&r=g","contentUrl":"https:\/\/secure.gravatar.com\/avatar\/7d8d0b6dd67d134a9fa841bee90c57c7?s=96&d=mm&r=g","caption":"Samantha dos Anjos"},"url":"https:\/\/wilsonsantosmt.com.br\/index.php\/author\/samantha-dos-anjos\/"}]}},"_links":{"self":[{"href":"https:\/\/wilsonsantosmt.com.br\/index.php\/wp-json\/wp\/v2\/posts\/1737"}],"collection":[{"href":"https:\/\/wilsonsantosmt.com.br\/index.php\/wp-json\/wp\/v2\/posts"}],"about":[{"href":"https:\/\/wilsonsantosmt.com.br\/index.php\/wp-json\/wp\/v2\/types\/post"}],"author":[{"embeddable":true,"href":"https:\/\/wilsonsantosmt.com.br\/index.php\/wp-json\/wp\/v2\/users\/4"}],"replies":[{"embeddable":true,"href":"https:\/\/wilsonsantosmt.com.br\/index.php\/wp-json\/wp\/v2\/comments?post=1737"}],"version-history":[{"count":1,"href":"https:\/\/wilsonsantosmt.com.br\/index.php\/wp-json\/wp\/v2\/posts\/1737\/revisions"}],"predecessor-version":[{"id":1739,"href":"https:\/\/wilsonsantosmt.com.br\/index.php\/wp-json\/wp\/v2\/posts\/1737\/revisions\/1739"}],"wp:featuredmedia":[{"embeddable":true,"href":"https:\/\/wilsonsantosmt.com.br\/index.php\/wp-json\/wp\/v2\/media\/1738"}],"wp:attachment":[{"href":"https:\/\/wilsonsantosmt.com.br\/index.php\/wp-json\/wp\/v2\/media?parent=1737"}],"wp:term":[{"taxonomy":"category","embeddable":true,"href":"https:\/\/wilsonsantosmt.com.br\/index.php\/wp-json\/wp\/v2\/categories?post=1737"},{"taxonomy":"post_tag","embeddable":true,"href":"https:\/\/wilsonsantosmt.com.br\/index.php\/wp-json\/wp\/v2\/tags?post=1737"}],"curies":[{"name":"wp","href":"https:\/\/api.w.org\/{rel}","templated":true}]}}