{"id":1740,"date":"2025-07-15T11:29:00","date_gmt":"2025-07-15T15:29:00","guid":{"rendered":"https:\/\/wilsonsantosmt.com.br\/?p=1740"},"modified":"2025-07-23T11:30:31","modified_gmt":"2025-07-23T15:30:31","slug":"wilson-santos-reforca-apoio-e-propoe-emendas-parlamentares-para-tangara-da-serra","status":"publish","type":"post","link":"https:\/\/wilsonsantosmt.com.br\/index.php\/2025\/07\/15\/wilson-santos-reforca-apoio-e-propoe-emendas-parlamentares-para-tangara-da-serra\/","title":{"rendered":"Wilson Santos refor\u00e7a apoio e prop\u00f5e emendas parlamentares para Tangar\u00e1 da Serra"},"content":{"rendered":"\n<p><\/p>\n\n\n\n<p>O deputado estadual Wilson Santos (PSD) realizou importantes reuni\u00f5es nesta segunda-feira (14), em Tangar\u00e1 da Serra. Ele esteve com o prefeito Vander Alberto Masson (Uni\u00e3o) e todo o secretariado municipal para identificar as principais demandas da cidade. Tamb\u00e9m, se reuniu com a vereadora Sarah Botelho (PSD) e representantes do Sindicato dos Servidores P\u00fablicos Municipais (SSERP) que apresentaram as principais pautas da categoria e o trabalho realizado em defesa do funcionalismo.<\/p>\n\n\n\n<p>Durante a agenda no gabinete do gestor municipal, o deputado obteve um panorama das potencialidades e dos desafios do munic\u00edpio, especialmente nas \u00e1reas de educa\u00e7\u00e3o, sa\u00fade e infraestrutura. Uma das demandas centrais foi o fortalecimento da pol\u00edtica industrial local, com o objetivo de promover o desenvolvimento socioecon\u00f4mico a partir da exporta\u00e7\u00e3o de mat\u00e9rias-primas e da gera\u00e7\u00e3o de emprego e renda.<\/p>\n\n\n\n<p>\u201cO deputado nos honra com a sua presen\u00e7a. Temos pautas que refor\u00e7amos em nosso mandato, especialmente a industrializa\u00e7\u00e3o. Apesar das pol\u00edticas estaduais, temos dificuldades na implanta\u00e7\u00e3o de ind\u00fastrias e acredito que Wilson Santos poder\u00e1 defender essa bandeira na Assembleia Legislativa. Tangar\u00e1 tem grande potencial para atrair investimentos\u201d, destacou o prefeito.<\/p>\n\n\n\n<p>O deputado destacou a import\u00e2ncia de um plano consistente para o setor industrial. \u201cImplantar programas de desenvolvimento \u00e9 desafiador. Tangar\u00e1 possui mat\u00e9ria-prima, m\u00e3o de obra que pode ser capacitada e acesso a linhas de financiamento. O que falta \u00e9 intensificar o processo de industrializa\u00e7\u00e3o. A economia do nosso Estado \u00e9 fortemente voltada ao agroneg\u00f3cio, mas precisamos transformar essa base produtiva em produtos industrializados para agregar valor e gerar mais oportunidades\u201d, afirmou.<\/p>\n\n\n\n<p>Na ocasi\u00e3o, o prefeito tamb\u00e9m agradeceu a Wilson Santos pela autoria do Projeto de Lei n\u00ba 103\/2021, que deu o nome do Hospital Regional de Tangar\u00e1 da Serra ao saudoso ex-prefeito, deputado federal e estadual, Saturnino Masson. A obra j\u00e1 est\u00e1 com 50% de execu\u00e7\u00e3o pelo Governo de Mato Grosso. \u201cAgradecemos ao deputado, autor do projeto que homenageia meu pai. Estou feliz e grato\u201d, expressou Vander.<\/p>\n\n\n\n<p>Wilson lembrou da conviv\u00eancia com Saturnino Masson durante o mandato em conjunto na Assembleia Legislativa, entre 2015 e 2018, o que possibilitou tamb\u00e9m o v\u00ednculo com o atual prefeito. \u201cTenho interesse em destinar emendas parlamentares para Tangar\u00e1, fazer uma parceria com a prefeitura e a C\u00e2mara Municipal. Quero manter uma rela\u00e7\u00e3o amistosa e produtiva com o munic\u00edpio e contribuir com seu crescimento\u201d, declarou.<\/p>\n\n\n\n<p>Durante a reuni\u00e3o com o SSERP, o deputado recebeu as principais reivindica\u00e7\u00f5es da categoria, como a reposi\u00e7\u00e3o salarial, melhores condi\u00e7\u00f5es de trabalho e valoriza\u00e7\u00e3o dos servidores p\u00fablicos. \u201cA audi\u00eancia com o prefeito foi positiva. Encaminhamos o que nos foi passado pelo sindicato e, com brevidade, devemos ter uma resposta. Estou confiante na reabertura do di\u00e1logo com a categoria. Tamb\u00e9m discutimos poss\u00edveis emendas parlamentares que pretendemos definir ainda esta semana\u201d, disse.<\/p>\n\n\n\n<p>Com mandato propositivo, o deputado Wilson Santos refor\u00e7ou o seu compromisso com Tangar\u00e1 da Serra ao levantar as demandas das lideran\u00e7as pol\u00edticas e sindicais, com foco em viabilizar investimentos, fortalecer pol\u00edticas p\u00fablicas e incentivar o desenvolvimento industrial, social e econ\u00f4mico do munic\u00edpio.<\/p>\n","protected":false},"excerpt":{"rendered":"<p>O deputado estadual Wilson Santos (PSD) realizou importantes reuni\u00f5es nesta segunda-feira (14), em Tangar\u00e1 da Serra. Ele esteve com o prefeito Vander Alberto Masson (Uni\u00e3o) e todo o secretariado municipal para identificar as principais demandas da cidade. Tamb\u00e9m, se reuniu com a vereadora Sarah Botelho (PSD) e representantes do Sindicato dos Servidores P\u00fablicos Municipais (SSERP) [&hellip;]<\/p>\n","protected":false},"author":4,"featured_media":1741,"comment_status":"closed","ping_status":"open","sticky":false,"template":"","format":"standard","meta":{"footnotes":""},"categories":[13],"tags":[],"yoast_head":"<!-- This site is optimized with the Yoast SEO Premium plugin v21.5 (Yoast SEO v21.4) - https:\/\/yoast.com\/wordpress\/plugins\/seo\/ -->\n<title>Wilson Santos refor\u00e7a apoio e prop\u00f5e emendas parlamentares para Tangar\u00e1 da Serra - wilsonsantosmt.com.br<\/title>\n<meta name=\"robots\" content=\"index, follow, max-snippet:-1, max-image-preview:large, max-video-preview:-1\" \/>\n<link rel=\"canonical\" href=\"https:\/\/wilsonsantosmt.com.br\/index.php\/2025\/07\/15\/wilson-santos-reforca-apoio-e-propoe-emendas-parlamentares-para-tangara-da-serra\/\" \/>\n<meta property=\"og:locale\" content=\"pt_BR\" \/>\n<meta property=\"og:type\" content=\"article\" \/>\n<meta property=\"og:title\" content=\"Wilson Santos refor\u00e7a apoio e prop\u00f5e emendas parlamentares para Tangar\u00e1 da Serra\" \/>\n<meta property=\"og:description\" content=\"O deputado estadual Wilson Santos (PSD) realizou importantes reuni\u00f5es nesta segunda-feira (14), em Tangar\u00e1 da Serra. Ele esteve com o prefeito Vander Alberto Masson (Uni\u00e3o) e todo o secretariado municipal para identificar as principais demandas da cidade. Tamb\u00e9m, se reuniu com a vereadora Sarah Botelho (PSD) e representantes do Sindicato dos Servidores P\u00fablicos Municipais (SSERP) [&hellip;]\" \/>\n<meta property=\"og:url\" content=\"https:\/\/wilsonsantosmt.com.br\/index.php\/2025\/07\/15\/wilson-santos-reforca-apoio-e-propoe-emendas-parlamentares-para-tangara-da-serra\/\" \/>\n<meta property=\"og:site_name\" content=\"wilsonsantosmt.com.br\" \/>\n<meta property=\"article:publisher\" content=\"https:\/\/www.facebook.com\/WilsonSantosMT\/\" \/>\n<meta property=\"article:published_time\" content=\"2025-07-15T15:29:00+00:00\" \/>\n<meta property=\"article:modified_time\" content=\"2025-07-23T15:30:31+00:00\" \/>\n<meta property=\"og:image\" content=\"http:\/\/wilsonsantosmt.com.br\/wp-content\/uploads\/2025\/07\/WhatsApp-Image-2025-07-15-at-13.29.23.jpeg\" \/>\n\t<meta property=\"og:image:width\" content=\"1280\" \/>\n\t<meta property=\"og:image:height\" content=\"720\" \/>\n\t<meta property=\"og:image:type\" content=\"image\/jpeg\" \/>\n<meta name=\"author\" content=\"Samantha dos Anjos\" \/>\n<meta name=\"twitter:card\" content=\"summary_large_image\" \/>\n<meta name=\"twitter:label1\" content=\"Escrito por\" \/>\n\t<meta name=\"twitter:data1\" content=\"Samantha dos Anjos\" \/>\n\t<meta name=\"twitter:label2\" content=\"Est. tempo de leitura\" \/>\n\t<meta name=\"twitter:data2\" content=\"3 minutos\" \/>\n<script type=\"application\/ld+json\" class=\"yoast-schema-graph\">{\"@context\":\"https:\/\/schema.org\",\"@graph\":[{\"@type\":\"Article\",\"@id\":\"https:\/\/wilsonsantosmt.com.br\/index.php\/2025\/07\/15\/wilson-santos-reforca-apoio-e-propoe-emendas-parlamentares-para-tangara-da-serra\/#article\",\"isPartOf\":{\"@id\":\"https:\/\/wilsonsantosmt.com.br\/index.php\/2025\/07\/15\/wilson-santos-reforca-apoio-e-propoe-emendas-parlamentares-para-tangara-da-serra\/\"},\"author\":{\"name\":\"Samantha dos Anjos\",\"@id\":\"https:\/\/wilsonsantosmt.com.br\/#\/schema\/person\/1d097ee45f526dd0455dbad8c679932c\"},\"headline\":\"Wilson Santos refor\u00e7a apoio e prop\u00f5e emendas parlamentares para Tangar\u00e1 da Serra\",\"datePublished\":\"2025-07-15T15:29:00+00:00\",\"dateModified\":\"2025-07-23T15:30:31+00:00\",\"mainEntityOfPage\":{\"@id\":\"https:\/\/wilsonsantosmt.com.br\/index.php\/2025\/07\/15\/wilson-santos-reforca-apoio-e-propoe-emendas-parlamentares-para-tangara-da-serra\/\"},\"wordCount\":547,\"publisher\":{\"@id\":\"https:\/\/wilsonsantosmt.com.br\/#\/schema\/person\/9de3c54961637a9eadb16bcbf895b1ef\"},\"articleSection\":[\"Not\u00edcias\"],\"inLanguage\":\"pt-BR\"},{\"@type\":\"WebPage\",\"@id\":\"https:\/\/wilsonsantosmt.com.br\/index.php\/2025\/07\/15\/wilson-santos-reforca-apoio-e-propoe-emendas-parlamentares-para-tangara-da-serra\/\",\"url\":\"https:\/\/wilsonsantosmt.com.br\/index.php\/2025\/07\/15\/wilson-santos-reforca-apoio-e-propoe-emendas-parlamentares-para-tangara-da-serra\/\",\"name\":\"Wilson Santos refor\u00e7a apoio e prop\u00f5e emendas parlamentares para Tangar\u00e1 da Serra - wilsonsantosmt.com.br\",\"isPartOf\":{\"@id\":\"https:\/\/wilsonsantosmt.com.br\/#website\"},\"datePublished\":\"2025-07-15T15:29:00+00:00\",\"dateModified\":\"2025-07-23T15:30:31+00:00\",\"breadcrumb\":{\"@id\":\"https:\/\/wilsonsantosmt.com.br\/index.php\/2025\/07\/15\/wilson-santos-reforca-apoio-e-propoe-emendas-parlamentares-para-tangara-da-serra\/#breadcrumb\"},\"inLanguage\":\"pt-BR\",\"potentialAction\":[{\"@type\":\"ReadAction\",\"target\":[\"https:\/\/wilsonsantosmt.com.br\/index.php\/2025\/07\/15\/wilson-santos-reforca-apoio-e-propoe-emendas-parlamentares-para-tangara-da-serra\/\"]}]},{\"@type\":\"BreadcrumbList\",\"@id\":\"https:\/\/wilsonsantosmt.com.br\/index.php\/2025\/07\/15\/wilson-santos-reforca-apoio-e-propoe-emendas-parlamentares-para-tangara-da-serra\/#breadcrumb\",\"itemListElement\":[{\"@type\":\"ListItem\",\"position\":1,\"name\":\"In\u00edcio\",\"item\":\"https:\/\/wilsonsantosmt.com.br\/\"},{\"@type\":\"ListItem\",\"position\":2,\"name\":\"Not\u00edcias\",\"item\":\"https:\/\/wilsonsantosmt.com.br\/index.php\/category\/noticias\/\"},{\"@type\":\"ListItem\",\"position\":3,\"name\":\"Wilson Santos refor\u00e7a apoio e prop\u00f5e emendas parlamentares para Tangar\u00e1 da Serra\"}]},{\"@type\":\"WebSite\",\"@id\":\"https:\/\/wilsonsantosmt.com.br\/#website\",\"url\":\"https:\/\/wilsonsantosmt.com.br\/\",\"name\":\"wilsonsantosmt.com.br\",\"description\":\"\",\"publisher\":{\"@id\":\"https:\/\/wilsonsantosmt.com.br\/#\/schema\/person\/9de3c54961637a9eadb16bcbf895b1ef\"},\"potentialAction\":[{\"@type\":\"SearchAction\",\"target\":{\"@type\":\"EntryPoint\",\"urlTemplate\":\"https:\/\/wilsonsantosmt.com.br\/?s={search_term_string}\"},\"query-input\":\"required name=search_term_string\"}],\"inLanguage\":\"pt-BR\"},{\"@type\":[\"Person\",\"Organization\"],\"@id\":\"https:\/\/wilsonsantosmt.com.br\/#\/schema\/person\/9de3c54961637a9eadb16bcbf895b1ef\",\"name\":\"Wilson Santos\",\"image\":{\"@type\":\"ImageObject\",\"inLanguage\":\"pt-BR\",\"@id\":\"https:\/\/wilsonsantosmt.com.br\/#\/schema\/person\/image\/\",\"url\":\"https:\/\/wilsonsantosmt.com.br\/wp-content\/uploads\/2023\/11\/310828673_653254583023360_8795459643194608438_n.jpg\",\"contentUrl\":\"https:\/\/wilsonsantosmt.com.br\/wp-content\/uploads\/2023\/11\/310828673_653254583023360_8795459643194608438_n.jpg\",\"width\":1078,\"height\":1079,\"caption\":\"Wilson Santos\"},\"logo\":{\"@id\":\"https:\/\/wilsonsantosmt.com.br\/#\/schema\/person\/image\/\"},\"sameAs\":[\"http:\/\/wilsonsantosmt.com.br\",\"https:\/\/www.facebook.com\/WilsonSantosMT\/\",\"https:\/\/www.instagram.com\/wilsonsantosmt\/\",\"https:\/\/www.youtube.com\/@WilsonSantosWS\/videos\",\"https:\/\/pt.wikipedia.org\/wiki\/Wilson_Santos\"],\"honorificPrefix\":\"Sr\",\"gender\":\"masculino\",\"jobTitle\":\"Deputado Estadual\",\"worksFor\":\"Assembleia Legislativa de Mato Grosso\"},{\"@type\":\"Person\",\"@id\":\"https:\/\/wilsonsantosmt.com.br\/#\/schema\/person\/1d097ee45f526dd0455dbad8c679932c\",\"name\":\"Samantha dos Anjos\",\"image\":{\"@type\":\"ImageObject\",\"inLanguage\":\"pt-BR\",\"@id\":\"https:\/\/wilsonsantosmt.com.br\/#\/schema\/person\/image\/\",\"url\":\"https:\/\/secure.gravatar.com\/avatar\/7d8d0b6dd67d134a9fa841bee90c57c7?s=96&d=mm&r=g\",\"contentUrl\":\"https:\/\/secure.gravatar.com\/avatar\/7d8d0b6dd67d134a9fa841bee90c57c7?s=96&d=mm&r=g\",\"caption\":\"Samantha dos Anjos\"},\"url\":\"https:\/\/wilsonsantosmt.com.br\/index.php\/author\/samantha-dos-anjos\/\"}]}<\/script>\n<!-- \/ Yoast SEO Premium plugin. -->","yoast_head_json":{"title":"Wilson Santos refor\u00e7a apoio e prop\u00f5e emendas parlamentares para Tangar\u00e1 da Serra - wilsonsantosmt.com.br","robots":{"index":"index","follow":"follow","max-snippet":"max-snippet:-1","max-image-preview":"max-image-preview:large","max-video-preview":"max-video-preview:-1"},"canonical":"https:\/\/wilsonsantosmt.com.br\/index.php\/2025\/07\/15\/wilson-santos-reforca-apoio-e-propoe-emendas-parlamentares-para-tangara-da-serra\/","og_locale":"pt_BR","og_type":"article","og_title":"Wilson Santos refor\u00e7a apoio e prop\u00f5e emendas parlamentares para Tangar\u00e1 da Serra","og_description":"O deputado estadual Wilson Santos (PSD) realizou importantes reuni\u00f5es nesta segunda-feira (14), em Tangar\u00e1 da Serra. Ele esteve com o prefeito Vander Alberto Masson (Uni\u00e3o) e todo o secretariado municipal para identificar as principais demandas da cidade. Tamb\u00e9m, se reuniu com a vereadora Sarah Botelho (PSD) e representantes do Sindicato dos Servidores P\u00fablicos Municipais (SSERP) [&hellip;]","og_url":"https:\/\/wilsonsantosmt.com.br\/index.php\/2025\/07\/15\/wilson-santos-reforca-apoio-e-propoe-emendas-parlamentares-para-tangara-da-serra\/","og_site_name":"wilsonsantosmt.com.br","article_publisher":"https:\/\/www.facebook.com\/WilsonSantosMT\/","article_published_time":"2025-07-15T15:29:00+00:00","article_modified_time":"2025-07-23T15:30:31+00:00","og_image":[{"width":1280,"height":720,"url":"http:\/\/wilsonsantosmt.com.br\/wp-content\/uploads\/2025\/07\/WhatsApp-Image-2025-07-15-at-13.29.23.jpeg","type":"image\/jpeg"}],"author":"Samantha dos Anjos","twitter_card":"summary_large_image","twitter_misc":{"Escrito por":"Samantha dos Anjos","Est. tempo de leitura":"3 minutos"},"schema":{"@context":"https:\/\/schema.org","@graph":[{"@type":"Article","@id":"https:\/\/wilsonsantosmt.com.br\/index.php\/2025\/07\/15\/wilson-santos-reforca-apoio-e-propoe-emendas-parlamentares-para-tangara-da-serra\/#article","isPartOf":{"@id":"https:\/\/wilsonsantosmt.com.br\/index.php\/2025\/07\/15\/wilson-santos-reforca-apoio-e-propoe-emendas-parlamentares-para-tangara-da-serra\/"},"author":{"name":"Samantha dos Anjos","@id":"https:\/\/wilsonsantosmt.com.br\/#\/schema\/person\/1d097ee45f526dd0455dbad8c679932c"},"headline":"Wilson Santos refor\u00e7a apoio e prop\u00f5e emendas parlamentares para Tangar\u00e1 da Serra","datePublished":"2025-07-15T15:29:00+00:00","dateModified":"2025-07-23T15:30:31+00:00","mainEntityOfPage":{"@id":"https:\/\/wilsonsantosmt.com.br\/index.php\/2025\/07\/15\/wilson-santos-reforca-apoio-e-propoe-emendas-parlamentares-para-tangara-da-serra\/"},"wordCount":547,"publisher":{"@id":"https:\/\/wilsonsantosmt.com.br\/#\/schema\/person\/9de3c54961637a9eadb16bcbf895b1ef"},"articleSection":["Not\u00edcias"],"inLanguage":"pt-BR"},{"@type":"WebPage","@id":"https:\/\/wilsonsantosmt.com.br\/index.php\/2025\/07\/15\/wilson-santos-reforca-apoio-e-propoe-emendas-parlamentares-para-tangara-da-serra\/","url":"https:\/\/wilsonsantosmt.com.br\/index.php\/2025\/07\/15\/wilson-santos-reforca-apoio-e-propoe-emendas-parlamentares-para-tangara-da-serra\/","name":"Wilson Santos refor\u00e7a apoio e prop\u00f5e emendas parlamentares para Tangar\u00e1 da Serra - wilsonsantosmt.com.br","isPartOf":{"@id":"https:\/\/wilsonsantosmt.com.br\/#website"},"datePublished":"2025-07-15T15:29:00+00:00","dateModified":"2025-07-23T15:30:31+00:00","breadcrumb":{"@id":"https:\/\/wilsonsantosmt.com.br\/index.php\/2025\/07\/15\/wilson-santos-reforca-apoio-e-propoe-emendas-parlamentares-para-tangara-da-serra\/#breadcrumb"},"inLanguage":"pt-BR","potentialAction":[{"@type":"ReadAction","target":["https:\/\/wilsonsantosmt.com.br\/index.php\/2025\/07\/15\/wilson-santos-reforca-apoio-e-propoe-emendas-parlamentares-para-tangara-da-serra\/"]}]},{"@type":"BreadcrumbList","@id":"https:\/\/wilsonsantosmt.com.br\/index.php\/2025\/07\/15\/wilson-santos-reforca-apoio-e-propoe-emendas-parlamentares-para-tangara-da-serra\/#breadcrumb","itemListElement":[{"@type":"ListItem","position":1,"name":"In\u00edcio","item":"https:\/\/wilsonsantosmt.com.br\/"},{"@type":"ListItem","position":2,"name":"Not\u00edcias","item":"https:\/\/wilsonsantosmt.com.br\/index.php\/category\/noticias\/"},{"@type":"ListItem","position":3,"name":"Wilson Santos refor\u00e7a apoio e prop\u00f5e emendas parlamentares para Tangar\u00e1 da Serra"}]},{"@type":"WebSite","@id":"https:\/\/wilsonsantosmt.com.br\/#website","url":"https:\/\/wilsonsantosmt.com.br\/","name":"wilsonsantosmt.com.br","description":"","publisher":{"@id":"https:\/\/wilsonsantosmt.com.br\/#\/schema\/person\/9de3c54961637a9eadb16bcbf895b1ef"},"potentialAction":[{"@type":"SearchAction","target":{"@type":"EntryPoint","urlTemplate":"https:\/\/wilsonsantosmt.com.br\/?s={search_term_string}"},"query-input":"required name=search_term_string"}],"inLanguage":"pt-BR"},{"@type":["Person","Organization"],"@id":"https:\/\/wilsonsantosmt.com.br\/#\/schema\/person\/9de3c54961637a9eadb16bcbf895b1ef","name":"Wilson Santos","image":{"@type":"ImageObject","inLanguage":"pt-BR","@id":"https:\/\/wilsonsantosmt.com.br\/#\/schema\/person\/image\/","url":"https:\/\/wilsonsantosmt.com.br\/wp-content\/uploads\/2023\/11\/310828673_653254583023360_8795459643194608438_n.jpg","contentUrl":"https:\/\/wilsonsantosmt.com.br\/wp-content\/uploads\/2023\/11\/310828673_653254583023360_8795459643194608438_n.jpg","width":1078,"height":1079,"caption":"Wilson Santos"},"logo":{"@id":"https:\/\/wilsonsantosmt.com.br\/#\/schema\/person\/image\/"},"sameAs":["http:\/\/wilsonsantosmt.com.br","https:\/\/www.facebook.com\/WilsonSantosMT\/","https:\/\/www.instagram.com\/wilsonsantosmt\/","https:\/\/www.youtube.com\/@WilsonSantosWS\/videos","https:\/\/pt.wikipedia.org\/wiki\/Wilson_Santos"],"honorificPrefix":"Sr","gender":"masculino","jobTitle":"Deputado Estadual","worksFor":"Assembleia Legislativa de Mato Grosso"},{"@type":"Person","@id":"https:\/\/wilsonsantosmt.com.br\/#\/schema\/person\/1d097ee45f526dd0455dbad8c679932c","name":"Samantha dos Anjos","image":{"@type":"ImageObject","inLanguage":"pt-BR","@id":"https:\/\/wilsonsantosmt.com.br\/#\/schema\/person\/image\/","url":"https:\/\/secure.gravatar.com\/avatar\/7d8d0b6dd67d134a9fa841bee90c57c7?s=96&d=mm&r=g","contentUrl":"https:\/\/secure.gravatar.com\/avatar\/7d8d0b6dd67d134a9fa841bee90c57c7?s=96&d=mm&r=g","caption":"Samantha dos Anjos"},"url":"https:\/\/wilsonsantosmt.com.br\/index.php\/author\/samantha-dos-anjos\/"}]}},"_links":{"self":[{"href":"https:\/\/wilsonsantosmt.com.br\/index.php\/wp-json\/wp\/v2\/posts\/1740"}],"collection":[{"href":"https:\/\/wilsonsantosmt.com.br\/index.php\/wp-json\/wp\/v2\/posts"}],"about":[{"href":"https:\/\/wilsonsantosmt.com.br\/index.php\/wp-json\/wp\/v2\/types\/post"}],"author":[{"embeddable":true,"href":"https:\/\/wilsonsantosmt.com.br\/index.php\/wp-json\/wp\/v2\/users\/4"}],"replies":[{"embeddable":true,"href":"https:\/\/wilsonsantosmt.com.br\/index.php\/wp-json\/wp\/v2\/comments?post=1740"}],"version-history":[{"count":1,"href":"https:\/\/wilsonsantosmt.com.br\/index.php\/wp-json\/wp\/v2\/posts\/1740\/revisions"}],"predecessor-version":[{"id":1742,"href":"https:\/\/wilsonsantosmt.com.br\/index.php\/wp-json\/wp\/v2\/posts\/1740\/revisions\/1742"}],"wp:featuredmedia":[{"embeddable":true,"href":"https:\/\/wilsonsantosmt.com.br\/index.php\/wp-json\/wp\/v2\/media\/1741"}],"wp:attachment":[{"href":"https:\/\/wilsonsantosmt.com.br\/index.php\/wp-json\/wp\/v2\/media?parent=1740"}],"wp:term":[{"taxonomy":"category","embeddable":true,"href":"https:\/\/wilsonsantosmt.com.br\/index.php\/wp-json\/wp\/v2\/categories?post=1740"},{"taxonomy":"post_tag","embeddable":true,"href":"https:\/\/wilsonsantosmt.com.br\/index.php\/wp-json\/wp\/v2\/tags?post=1740"}],"curies":[{"name":"wp","href":"https:\/\/api.w.org\/{rel}","templated":true}]}}