{"id":1744,"date":"2025-08-04T15:57:12","date_gmt":"2025-08-04T19:57:12","guid":{"rendered":"https:\/\/wilsonsantosmt.com.br\/?p=1744"},"modified":"2025-08-04T15:57:13","modified_gmt":"2025-08-04T19:57:13","slug":"cst-da-moradia-popular-tera-presenca-da-secretaria-de-habitacao-de-cuiaba","status":"publish","type":"post","link":"https:\/\/wilsonsantosmt.com.br\/index.php\/2025\/08\/04\/cst-da-moradia-popular-tera-presenca-da-secretaria-de-habitacao-de-cuiaba\/","title":{"rendered":"CST da Moradia Popular ter\u00e1 presen\u00e7a da secret\u00e1ria de Habita\u00e7\u00e3o de Cuiab\u00e1"},"content":{"rendered":"\n<p><\/p>\n\n\n\n<p>O deputado estadual Wilson Santos (PSD) reuniu-se, na \u00faltima quarta-feira (30), com a secret\u00e1ria de Habita\u00e7\u00e3o e Regulariza\u00e7\u00e3o Fundi\u00e1ria da Prefeitura de Cuiab\u00e1, Michelle Dreher, para convid\u00e1-la a participar da 12\u00aa reuni\u00e3o da C\u00e2mara Setorial Tem\u00e1tica (CST) da Moradia Popular. Ela confirmou presen\u00e7a no encontro que est\u00e1 previsto para a segunda quinzena de agosto, em data a ser definida, e se comprometeu a apresentar um panorama dos projetos habitacionais para o munic\u00edpio.<\/p>\n\n\n\n<p>De acordo com dados da Funda\u00e7\u00e3o Jo\u00e3o Pinheiro (FJP), Cuiab\u00e1 enfrenta um d\u00e9ficit habitacional de cerca de 40 mil fam\u00edlias. Em todo o estado de Mato Grosso, esse n\u00famero ultrapassa a 120 mil. Na oportunidade, o parlamentar explicou a din\u00e2mica de funcionamento da CST, em que preside e que foi criada em abril de 2024 &#8211; e mencionou as entidades representativas que participam dos debates, sendo todas unidas em torno do mesmo objetivo que \u00e9 garantir moradia digna para quem mais precisa.<\/p>\n\n\n\n<p>Um dos pontos que despertou aten\u00e7\u00e3o do deputado, durante o encontro, foi a prioridade dada pela gest\u00e3o municipal aos loteamentos populares, isso porque Michelle Dreher informou que a pasta j\u00e1 est\u00e1 mapeando \u00e1reas p\u00fablicas e privadas com viabilidade t\u00e9cnica e econ\u00f4mica para a implanta\u00e7\u00e3o desses empreendimentos. \u201cEstamos focados em tirar do papel os loteamentos populares. \u00c9 uma forma mais r\u00e1pida e eficaz de atender um grande n\u00famero de fam\u00edlias\u201d, destacou a secret\u00e1ria.<\/p>\n\n\n\n<p>Wilson Santos concordou com a estrat\u00e9gia e reafirmou sua defesa do modelo de loteamentos com infraestrutura b\u00e1sica como solu\u00e7\u00e3o concreta ao d\u00e9ficit habitacional. \u201cAo longo da minha trajet\u00f3ria, vi a cria\u00e7\u00e3o de 30 bairros em Cuiab\u00e1. Com base na solidariedade, as fam\u00edlias se organizavam e levantavam as paredes com ajuda de amigos e vizinhos. O lote popular \u00e9 o caminho mais vi\u00e1vel, especialmente quando as concession\u00e1rias garantem \u00e1gua e energia, sem custo adicional ao munic\u00edpio\u201d, pontuou o deputado.<\/p>\n\n\n\n<p>Dreher tamb\u00e9m atualizou o parlamentar sobre o Programa Casa Cuiabana, executado pelo prefeito Ab\u00edlio Brunini (PL), que prev\u00ea beneficiar inicialmente 700 fam\u00edlias, com apoio da Caixa Econ\u00f4mica Federal e do Governo Federal. Atualmente, s\u00e3o cerca de 70 mil fam\u00edlias que j\u00e1 se inscreveram para garantir uma moradia. \u201cTamb\u00e9m, j\u00e1 protocolamos dois projetos junto ao Governo Federal para constru\u00e7\u00e3o de mais duas mil casas. Nosso foco est\u00e1 nas fam\u00edlias em situa\u00e7\u00e3o de vulnerabilidade\u201d, concluiu.<\/p>\n\n\n\n<p>Wilson Santos agradeceu a aten\u00e7\u00e3o e o aceite ao convite pela secret\u00e1ria e acredita que a sua participa\u00e7\u00e3o, na pr\u00f3xima reuni\u00e3o da CST de Moradia Popular, dever\u00e1 contribuir com solu\u00e7\u00f5es para a crise habitacional em Mato Grosso e, em especial, a capital de Cuiab\u00e1.<\/p>\n","protected":false},"excerpt":{"rendered":"<p>O deputado estadual Wilson Santos (PSD) reuniu-se, na \u00faltima quarta-feira (30), com a secret\u00e1ria de Habita\u00e7\u00e3o e Regulariza\u00e7\u00e3o Fundi\u00e1ria da Prefeitura de Cuiab\u00e1, Michelle Dreher, para convid\u00e1-la a participar da 12\u00aa reuni\u00e3o da C\u00e2mara Setorial Tem\u00e1tica (CST) da Moradia Popular. Ela confirmou presen\u00e7a no encontro que est\u00e1 previsto para a segunda quinzena de agosto, em [&hellip;]<\/p>\n","protected":false},"author":4,"featured_media":1745,"comment_status":"closed","ping_status":"open","sticky":false,"template":"","format":"standard","meta":{"footnotes":""},"categories":[13],"tags":[],"yoast_head":"<!-- This site is optimized with the Yoast SEO Premium plugin v21.5 (Yoast SEO v21.4) - https:\/\/yoast.com\/wordpress\/plugins\/seo\/ -->\n<title>CST da Moradia Popular ter\u00e1 presen\u00e7a da secret\u00e1ria de Habita\u00e7\u00e3o de Cuiab\u00e1 - wilsonsantosmt.com.br<\/title>\n<meta name=\"robots\" content=\"index, follow, max-snippet:-1, max-image-preview:large, max-video-preview:-1\" \/>\n<link rel=\"canonical\" href=\"https:\/\/wilsonsantosmt.com.br\/index.php\/2025\/08\/04\/cst-da-moradia-popular-tera-presenca-da-secretaria-de-habitacao-de-cuiaba\/\" \/>\n<meta property=\"og:locale\" content=\"pt_BR\" \/>\n<meta property=\"og:type\" content=\"article\" \/>\n<meta property=\"og:title\" content=\"CST da Moradia Popular ter\u00e1 presen\u00e7a da secret\u00e1ria de Habita\u00e7\u00e3o de Cuiab\u00e1\" \/>\n<meta property=\"og:description\" content=\"O deputado estadual Wilson Santos (PSD) reuniu-se, na \u00faltima quarta-feira (30), com a secret\u00e1ria de Habita\u00e7\u00e3o e Regulariza\u00e7\u00e3o Fundi\u00e1ria da Prefeitura de Cuiab\u00e1, Michelle Dreher, para convid\u00e1-la a participar da 12\u00aa reuni\u00e3o da C\u00e2mara Setorial Tem\u00e1tica (CST) da Moradia Popular. Ela confirmou presen\u00e7a no encontro que est\u00e1 previsto para a segunda quinzena de agosto, em [&hellip;]\" \/>\n<meta property=\"og:url\" content=\"https:\/\/wilsonsantosmt.com.br\/index.php\/2025\/08\/04\/cst-da-moradia-popular-tera-presenca-da-secretaria-de-habitacao-de-cuiaba\/\" \/>\n<meta property=\"og:site_name\" content=\"wilsonsantosmt.com.br\" \/>\n<meta property=\"article:publisher\" content=\"https:\/\/www.facebook.com\/WilsonSantosMT\/\" \/>\n<meta property=\"article:published_time\" content=\"2025-08-04T19:57:12+00:00\" \/>\n<meta property=\"article:modified_time\" content=\"2025-08-04T19:57:13+00:00\" \/>\n<meta property=\"og:image\" content=\"http:\/\/wilsonsantosmt.com.br\/wp-content\/uploads\/2025\/08\/WhatsApp-Image-2025-08-04-at-10.34.51-scaled.jpeg\" \/>\n\t<meta property=\"og:image:width\" content=\"2560\" \/>\n\t<meta property=\"og:image:height\" content=\"1440\" \/>\n\t<meta property=\"og:image:type\" content=\"image\/jpeg\" \/>\n<meta name=\"author\" content=\"Samantha dos Anjos\" \/>\n<meta name=\"twitter:card\" content=\"summary_large_image\" \/>\n<meta name=\"twitter:label1\" content=\"Escrito por\" \/>\n\t<meta name=\"twitter:data1\" content=\"Samantha dos Anjos\" \/>\n\t<meta name=\"twitter:label2\" content=\"Est. tempo de leitura\" \/>\n\t<meta name=\"twitter:data2\" content=\"3 minutos\" \/>\n<script type=\"application\/ld+json\" class=\"yoast-schema-graph\">{\"@context\":\"https:\/\/schema.org\",\"@graph\":[{\"@type\":\"Article\",\"@id\":\"https:\/\/wilsonsantosmt.com.br\/index.php\/2025\/08\/04\/cst-da-moradia-popular-tera-presenca-da-secretaria-de-habitacao-de-cuiaba\/#article\",\"isPartOf\":{\"@id\":\"https:\/\/wilsonsantosmt.com.br\/index.php\/2025\/08\/04\/cst-da-moradia-popular-tera-presenca-da-secretaria-de-habitacao-de-cuiaba\/\"},\"author\":{\"name\":\"Samantha dos Anjos\",\"@id\":\"https:\/\/wilsonsantosmt.com.br\/#\/schema\/person\/1d097ee45f526dd0455dbad8c679932c\"},\"headline\":\"CST da Moradia Popular ter\u00e1 presen\u00e7a da secret\u00e1ria de Habita\u00e7\u00e3o de Cuiab\u00e1\",\"datePublished\":\"2025-08-04T19:57:12+00:00\",\"dateModified\":\"2025-08-04T19:57:13+00:00\",\"mainEntityOfPage\":{\"@id\":\"https:\/\/wilsonsantosmt.com.br\/index.php\/2025\/08\/04\/cst-da-moradia-popular-tera-presenca-da-secretaria-de-habitacao-de-cuiaba\/\"},\"wordCount\":477,\"publisher\":{\"@id\":\"https:\/\/wilsonsantosmt.com.br\/#\/schema\/person\/9de3c54961637a9eadb16bcbf895b1ef\"},\"articleSection\":[\"Not\u00edcias\"],\"inLanguage\":\"pt-BR\"},{\"@type\":\"WebPage\",\"@id\":\"https:\/\/wilsonsantosmt.com.br\/index.php\/2025\/08\/04\/cst-da-moradia-popular-tera-presenca-da-secretaria-de-habitacao-de-cuiaba\/\",\"url\":\"https:\/\/wilsonsantosmt.com.br\/index.php\/2025\/08\/04\/cst-da-moradia-popular-tera-presenca-da-secretaria-de-habitacao-de-cuiaba\/\",\"name\":\"CST da Moradia Popular ter\u00e1 presen\u00e7a da secret\u00e1ria de Habita\u00e7\u00e3o de Cuiab\u00e1 - wilsonsantosmt.com.br\",\"isPartOf\":{\"@id\":\"https:\/\/wilsonsantosmt.com.br\/#website\"},\"datePublished\":\"2025-08-04T19:57:12+00:00\",\"dateModified\":\"2025-08-04T19:57:13+00:00\",\"breadcrumb\":{\"@id\":\"https:\/\/wilsonsantosmt.com.br\/index.php\/2025\/08\/04\/cst-da-moradia-popular-tera-presenca-da-secretaria-de-habitacao-de-cuiaba\/#breadcrumb\"},\"inLanguage\":\"pt-BR\",\"potentialAction\":[{\"@type\":\"ReadAction\",\"target\":[\"https:\/\/wilsonsantosmt.com.br\/index.php\/2025\/08\/04\/cst-da-moradia-popular-tera-presenca-da-secretaria-de-habitacao-de-cuiaba\/\"]}]},{\"@type\":\"BreadcrumbList\",\"@id\":\"https:\/\/wilsonsantosmt.com.br\/index.php\/2025\/08\/04\/cst-da-moradia-popular-tera-presenca-da-secretaria-de-habitacao-de-cuiaba\/#breadcrumb\",\"itemListElement\":[{\"@type\":\"ListItem\",\"position\":1,\"name\":\"In\u00edcio\",\"item\":\"https:\/\/wilsonsantosmt.com.br\/\"},{\"@type\":\"ListItem\",\"position\":2,\"name\":\"Not\u00edcias\",\"item\":\"https:\/\/wilsonsantosmt.com.br\/index.php\/category\/noticias\/\"},{\"@type\":\"ListItem\",\"position\":3,\"name\":\"CST da Moradia Popular ter\u00e1 presen\u00e7a da secret\u00e1ria de Habita\u00e7\u00e3o de Cuiab\u00e1\"}]},{\"@type\":\"WebSite\",\"@id\":\"https:\/\/wilsonsantosmt.com.br\/#website\",\"url\":\"https:\/\/wilsonsantosmt.com.br\/\",\"name\":\"wilsonsantosmt.com.br\",\"description\":\"\",\"publisher\":{\"@id\":\"https:\/\/wilsonsantosmt.com.br\/#\/schema\/person\/9de3c54961637a9eadb16bcbf895b1ef\"},\"potentialAction\":[{\"@type\":\"SearchAction\",\"target\":{\"@type\":\"EntryPoint\",\"urlTemplate\":\"https:\/\/wilsonsantosmt.com.br\/?s={search_term_string}\"},\"query-input\":\"required name=search_term_string\"}],\"inLanguage\":\"pt-BR\"},{\"@type\":[\"Person\",\"Organization\"],\"@id\":\"https:\/\/wilsonsantosmt.com.br\/#\/schema\/person\/9de3c54961637a9eadb16bcbf895b1ef\",\"name\":\"Wilson Santos\",\"image\":{\"@type\":\"ImageObject\",\"inLanguage\":\"pt-BR\",\"@id\":\"https:\/\/wilsonsantosmt.com.br\/#\/schema\/person\/image\/\",\"url\":\"https:\/\/wilsonsantosmt.com.br\/wp-content\/uploads\/2023\/11\/310828673_653254583023360_8795459643194608438_n.jpg\",\"contentUrl\":\"https:\/\/wilsonsantosmt.com.br\/wp-content\/uploads\/2023\/11\/310828673_653254583023360_8795459643194608438_n.jpg\",\"width\":1078,\"height\":1079,\"caption\":\"Wilson Santos\"},\"logo\":{\"@id\":\"https:\/\/wilsonsantosmt.com.br\/#\/schema\/person\/image\/\"},\"sameAs\":[\"http:\/\/wilsonsantosmt.com.br\",\"https:\/\/www.facebook.com\/WilsonSantosMT\/\",\"https:\/\/www.instagram.com\/wilsonsantosmt\/\",\"https:\/\/www.youtube.com\/@WilsonSantosWS\/videos\",\"https:\/\/pt.wikipedia.org\/wiki\/Wilson_Santos\"],\"honorificPrefix\":\"Sr\",\"gender\":\"masculino\",\"jobTitle\":\"Deputado Estadual\",\"worksFor\":\"Assembleia Legislativa de Mato Grosso\"},{\"@type\":\"Person\",\"@id\":\"https:\/\/wilsonsantosmt.com.br\/#\/schema\/person\/1d097ee45f526dd0455dbad8c679932c\",\"name\":\"Samantha dos Anjos\",\"image\":{\"@type\":\"ImageObject\",\"inLanguage\":\"pt-BR\",\"@id\":\"https:\/\/wilsonsantosmt.com.br\/#\/schema\/person\/image\/\",\"url\":\"https:\/\/secure.gravatar.com\/avatar\/7d8d0b6dd67d134a9fa841bee90c57c7?s=96&d=mm&r=g\",\"contentUrl\":\"https:\/\/secure.gravatar.com\/avatar\/7d8d0b6dd67d134a9fa841bee90c57c7?s=96&d=mm&r=g\",\"caption\":\"Samantha dos Anjos\"},\"url\":\"https:\/\/wilsonsantosmt.com.br\/index.php\/author\/samantha-dos-anjos\/\"}]}<\/script>\n<!-- \/ Yoast SEO Premium plugin. -->","yoast_head_json":{"title":"CST da Moradia Popular ter\u00e1 presen\u00e7a da secret\u00e1ria de Habita\u00e7\u00e3o de Cuiab\u00e1 - wilsonsantosmt.com.br","robots":{"index":"index","follow":"follow","max-snippet":"max-snippet:-1","max-image-preview":"max-image-preview:large","max-video-preview":"max-video-preview:-1"},"canonical":"https:\/\/wilsonsantosmt.com.br\/index.php\/2025\/08\/04\/cst-da-moradia-popular-tera-presenca-da-secretaria-de-habitacao-de-cuiaba\/","og_locale":"pt_BR","og_type":"article","og_title":"CST da Moradia Popular ter\u00e1 presen\u00e7a da secret\u00e1ria de Habita\u00e7\u00e3o de Cuiab\u00e1","og_description":"O deputado estadual Wilson Santos (PSD) reuniu-se, na \u00faltima quarta-feira (30), com a secret\u00e1ria de Habita\u00e7\u00e3o e Regulariza\u00e7\u00e3o Fundi\u00e1ria da Prefeitura de Cuiab\u00e1, Michelle Dreher, para convid\u00e1-la a participar da 12\u00aa reuni\u00e3o da C\u00e2mara Setorial Tem\u00e1tica (CST) da Moradia Popular. Ela confirmou presen\u00e7a no encontro que est\u00e1 previsto para a segunda quinzena de agosto, em [&hellip;]","og_url":"https:\/\/wilsonsantosmt.com.br\/index.php\/2025\/08\/04\/cst-da-moradia-popular-tera-presenca-da-secretaria-de-habitacao-de-cuiaba\/","og_site_name":"wilsonsantosmt.com.br","article_publisher":"https:\/\/www.facebook.com\/WilsonSantosMT\/","article_published_time":"2025-08-04T19:57:12+00:00","article_modified_time":"2025-08-04T19:57:13+00:00","og_image":[{"width":2560,"height":1440,"url":"http:\/\/wilsonsantosmt.com.br\/wp-content\/uploads\/2025\/08\/WhatsApp-Image-2025-08-04-at-10.34.51-scaled.jpeg","type":"image\/jpeg"}],"author":"Samantha dos Anjos","twitter_card":"summary_large_image","twitter_misc":{"Escrito por":"Samantha dos Anjos","Est. tempo de leitura":"3 minutos"},"schema":{"@context":"https:\/\/schema.org","@graph":[{"@type":"Article","@id":"https:\/\/wilsonsantosmt.com.br\/index.php\/2025\/08\/04\/cst-da-moradia-popular-tera-presenca-da-secretaria-de-habitacao-de-cuiaba\/#article","isPartOf":{"@id":"https:\/\/wilsonsantosmt.com.br\/index.php\/2025\/08\/04\/cst-da-moradia-popular-tera-presenca-da-secretaria-de-habitacao-de-cuiaba\/"},"author":{"name":"Samantha dos Anjos","@id":"https:\/\/wilsonsantosmt.com.br\/#\/schema\/person\/1d097ee45f526dd0455dbad8c679932c"},"headline":"CST da Moradia Popular ter\u00e1 presen\u00e7a da secret\u00e1ria de Habita\u00e7\u00e3o de Cuiab\u00e1","datePublished":"2025-08-04T19:57:12+00:00","dateModified":"2025-08-04T19:57:13+00:00","mainEntityOfPage":{"@id":"https:\/\/wilsonsantosmt.com.br\/index.php\/2025\/08\/04\/cst-da-moradia-popular-tera-presenca-da-secretaria-de-habitacao-de-cuiaba\/"},"wordCount":477,"publisher":{"@id":"https:\/\/wilsonsantosmt.com.br\/#\/schema\/person\/9de3c54961637a9eadb16bcbf895b1ef"},"articleSection":["Not\u00edcias"],"inLanguage":"pt-BR"},{"@type":"WebPage","@id":"https:\/\/wilsonsantosmt.com.br\/index.php\/2025\/08\/04\/cst-da-moradia-popular-tera-presenca-da-secretaria-de-habitacao-de-cuiaba\/","url":"https:\/\/wilsonsantosmt.com.br\/index.php\/2025\/08\/04\/cst-da-moradia-popular-tera-presenca-da-secretaria-de-habitacao-de-cuiaba\/","name":"CST da Moradia Popular ter\u00e1 presen\u00e7a da secret\u00e1ria de Habita\u00e7\u00e3o de Cuiab\u00e1 - wilsonsantosmt.com.br","isPartOf":{"@id":"https:\/\/wilsonsantosmt.com.br\/#website"},"datePublished":"2025-08-04T19:57:12+00:00","dateModified":"2025-08-04T19:57:13+00:00","breadcrumb":{"@id":"https:\/\/wilsonsantosmt.com.br\/index.php\/2025\/08\/04\/cst-da-moradia-popular-tera-presenca-da-secretaria-de-habitacao-de-cuiaba\/#breadcrumb"},"inLanguage":"pt-BR","potentialAction":[{"@type":"ReadAction","target":["https:\/\/wilsonsantosmt.com.br\/index.php\/2025\/08\/04\/cst-da-moradia-popular-tera-presenca-da-secretaria-de-habitacao-de-cuiaba\/"]}]},{"@type":"BreadcrumbList","@id":"https:\/\/wilsonsantosmt.com.br\/index.php\/2025\/08\/04\/cst-da-moradia-popular-tera-presenca-da-secretaria-de-habitacao-de-cuiaba\/#breadcrumb","itemListElement":[{"@type":"ListItem","position":1,"name":"In\u00edcio","item":"https:\/\/wilsonsantosmt.com.br\/"},{"@type":"ListItem","position":2,"name":"Not\u00edcias","item":"https:\/\/wilsonsantosmt.com.br\/index.php\/category\/noticias\/"},{"@type":"ListItem","position":3,"name":"CST da Moradia Popular ter\u00e1 presen\u00e7a da secret\u00e1ria de Habita\u00e7\u00e3o de Cuiab\u00e1"}]},{"@type":"WebSite","@id":"https:\/\/wilsonsantosmt.com.br\/#website","url":"https:\/\/wilsonsantosmt.com.br\/","name":"wilsonsantosmt.com.br","description":"","publisher":{"@id":"https:\/\/wilsonsantosmt.com.br\/#\/schema\/person\/9de3c54961637a9eadb16bcbf895b1ef"},"potentialAction":[{"@type":"SearchAction","target":{"@type":"EntryPoint","urlTemplate":"https:\/\/wilsonsantosmt.com.br\/?s={search_term_string}"},"query-input":"required name=search_term_string"}],"inLanguage":"pt-BR"},{"@type":["Person","Organization"],"@id":"https:\/\/wilsonsantosmt.com.br\/#\/schema\/person\/9de3c54961637a9eadb16bcbf895b1ef","name":"Wilson Santos","image":{"@type":"ImageObject","inLanguage":"pt-BR","@id":"https:\/\/wilsonsantosmt.com.br\/#\/schema\/person\/image\/","url":"https:\/\/wilsonsantosmt.com.br\/wp-content\/uploads\/2023\/11\/310828673_653254583023360_8795459643194608438_n.jpg","contentUrl":"https:\/\/wilsonsantosmt.com.br\/wp-content\/uploads\/2023\/11\/310828673_653254583023360_8795459643194608438_n.jpg","width":1078,"height":1079,"caption":"Wilson Santos"},"logo":{"@id":"https:\/\/wilsonsantosmt.com.br\/#\/schema\/person\/image\/"},"sameAs":["http:\/\/wilsonsantosmt.com.br","https:\/\/www.facebook.com\/WilsonSantosMT\/","https:\/\/www.instagram.com\/wilsonsantosmt\/","https:\/\/www.youtube.com\/@WilsonSantosWS\/videos","https:\/\/pt.wikipedia.org\/wiki\/Wilson_Santos"],"honorificPrefix":"Sr","gender":"masculino","jobTitle":"Deputado Estadual","worksFor":"Assembleia Legislativa de Mato Grosso"},{"@type":"Person","@id":"https:\/\/wilsonsantosmt.com.br\/#\/schema\/person\/1d097ee45f526dd0455dbad8c679932c","name":"Samantha dos Anjos","image":{"@type":"ImageObject","inLanguage":"pt-BR","@id":"https:\/\/wilsonsantosmt.com.br\/#\/schema\/person\/image\/","url":"https:\/\/secure.gravatar.com\/avatar\/7d8d0b6dd67d134a9fa841bee90c57c7?s=96&d=mm&r=g","contentUrl":"https:\/\/secure.gravatar.com\/avatar\/7d8d0b6dd67d134a9fa841bee90c57c7?s=96&d=mm&r=g","caption":"Samantha dos Anjos"},"url":"https:\/\/wilsonsantosmt.com.br\/index.php\/author\/samantha-dos-anjos\/"}]}},"_links":{"self":[{"href":"https:\/\/wilsonsantosmt.com.br\/index.php\/wp-json\/wp\/v2\/posts\/1744"}],"collection":[{"href":"https:\/\/wilsonsantosmt.com.br\/index.php\/wp-json\/wp\/v2\/posts"}],"about":[{"href":"https:\/\/wilsonsantosmt.com.br\/index.php\/wp-json\/wp\/v2\/types\/post"}],"author":[{"embeddable":true,"href":"https:\/\/wilsonsantosmt.com.br\/index.php\/wp-json\/wp\/v2\/users\/4"}],"replies":[{"embeddable":true,"href":"https:\/\/wilsonsantosmt.com.br\/index.php\/wp-json\/wp\/v2\/comments?post=1744"}],"version-history":[{"count":1,"href":"https:\/\/wilsonsantosmt.com.br\/index.php\/wp-json\/wp\/v2\/posts\/1744\/revisions"}],"predecessor-version":[{"id":1746,"href":"https:\/\/wilsonsantosmt.com.br\/index.php\/wp-json\/wp\/v2\/posts\/1744\/revisions\/1746"}],"wp:featuredmedia":[{"embeddable":true,"href":"https:\/\/wilsonsantosmt.com.br\/index.php\/wp-json\/wp\/v2\/media\/1745"}],"wp:attachment":[{"href":"https:\/\/wilsonsantosmt.com.br\/index.php\/wp-json\/wp\/v2\/media?parent=1744"}],"wp:term":[{"taxonomy":"category","embeddable":true,"href":"https:\/\/wilsonsantosmt.com.br\/index.php\/wp-json\/wp\/v2\/categories?post=1744"},{"taxonomy":"post_tag","embeddable":true,"href":"https:\/\/wilsonsantosmt.com.br\/index.php\/wp-json\/wp\/v2\/tags?post=1744"}],"curies":[{"name":"wp","href":"https:\/\/api.w.org\/{rel}","templated":true}]}}