{"id":1747,"date":"2025-08-01T15:57:33","date_gmt":"2025-08-01T19:57:33","guid":{"rendered":"https:\/\/wilsonsantosmt.com.br\/?p=1747"},"modified":"2025-08-04T15:58:18","modified_gmt":"2025-08-04T19:58:18","slug":"artigo-moradia-popular-a-politica-habitacional-de-mt-que-vale-menos-de-1","status":"publish","type":"post","link":"https:\/\/wilsonsantosmt.com.br\/index.php\/2025\/08\/01\/artigo-moradia-popular-a-politica-habitacional-de-mt-que-vale-menos-de-1\/","title":{"rendered":"ARTIGO &#8211; Moradia Popular: A pol\u00edtica habitacional de MT que vale menos de 1%"},"content":{"rendered":"\n<p><\/p>\n\n\n\n<p><\/p>\n\n\n\n<p>Colocar-se no lugar do outro \u00e9 para mim, o verdadeiro significado de empatia. E foi exatamente isso que me impulsionou a abra\u00e7ar uma das pautas mais sens\u00edveis que qualquer cidad\u00e3o pode carregar: o direito de ter um teto e, assim, acolher sua fam\u00edlia, proteger os filhos, construir e ter dignidade.<\/p>\n\n\n\n<p>No meu ponto de vista, uma das maiores causas de vulnerabilidade humana \u00e9 n\u00e3o ter moradia. Viver sem um teto para morar com a fam\u00edlia \u00e9 doloroso em todas as dimens\u00f5es, seja f\u00edsica, emocional ou psicol\u00f3gica. Em 40 anos de vida p\u00fablica, percebi que n\u00e3o h\u00e1 dor maior do que ver uma m\u00e3e dormir em um ch\u00e3o de lona com seus filhos sem saber onde estar\u00e3o no dia seguinte. Essa realidade me fez agir.<\/p>\n\n\n\n<p>Lembro-me do conselho do saudoso ex-governador de Mato Grosso e ex-prefeito de Cuiab\u00e1, Dante de Oliveira: \u201cSe for para governar para os ricos, desista! Mas se quiser lutar pelos mais necessitados, prossiga.\u201d E eu escolhi estar ao lado dos mais vulner\u00e1veis.<\/p>\n\n\n\n<p>Mato Grosso enfrenta hoje um d\u00e9ficit habitacional de mais de 120 mil fam\u00edlias. S\u00f3 em Cuiab\u00e1, s\u00e3o cerca de 40 mil fam\u00edlias que aguardam uma moradia digna, segundo dados da Funda\u00e7\u00e3o Jo\u00e3o Pinheiro (FJP). Quando a Prefeitura de Cuiab\u00e1 lan\u00e7ou o Programa Casa Cuiabana, neste m\u00eas de julho, mais de 63 mil fam\u00edlias se inscreveram. Isso \u00e9 mais do que um n\u00famero &#8211; \u00e9 o retrato da urg\u00eancia social que enfrentamos.<\/p>\n\n\n\n<p>Mesmo diante dessa emerg\u00eancia, o Estado investiu menos de 1% da sua receita em habita\u00e7\u00e3o nos \u00faltimos anos. Dados oficiais da Secretaria Estadual de Fazenda (Sefaz) mostram que, em 2023, foram 0,08%, e em 2024, apenas 0,03% da Receita Corrente L\u00edquida (RCL) &#8211; mesmo com or\u00e7amentos superiores a R$ 35 bilh\u00f5es. \u00c9 inaceit\u00e1vel! A Lei n\u00ba 7.263\/2000, que criou o Fundo de Transporte e Habita\u00e7\u00e3o (Fethab), por Dante de Oliveira, determina que at\u00e9 30% dos recursos arrecadados poderiam ser aplicados na constru\u00e7\u00e3o de casas. Mas o que vemos hoje \u00e9 que esse fundo virou, na pr\u00e1tica, um recurso exclusivo para estradas.<\/p>\n\n\n\n<p>Esse abandono da pol\u00edtica habitacional n\u00e3o pode continuar. Por isso, propus e presido na Assembleia Legislativa, a C\u00e2mara Setorial Tem\u00e1tica (CST) da Moradia Popular, criada em abril de 2024. Estamos percorrendo o Estado, ouvindo o povo, mapeando as regi\u00f5es mais cr\u00edticas e identificando os caminhos reais e vi\u00e1veis para reduzir o d\u00e9ficit habitacional.<\/p>\n\n\n\n<p>J\u00e1 visitamos cidades como Rondon\u00f3polis e Lucas do Rio Verde, onde h\u00e1 programas habitacionais estruturados. Mas em lugares como Aren\u00e1polis, onde a aus\u00eancia de qualquer pol\u00edtica habitacional \u00e9 gritante. De 142 munic\u00edpios mato-grossenses, a maioria enfrenta o mesmo drama: milhares de fam\u00edlias sem lar e invis\u00edveis para o Estado.<\/p>\n\n\n\n<p>Ao longo da minha trajet\u00f3ria pol\u00edtica, estive presente e testemunhei a funda\u00e7\u00e3o de mais de 30 bairros populares em Cuiab\u00e1. N\u00e3o ficamos esperando programas prontos do governo. Com mutir\u00f5es, mobiliza\u00e7\u00e3o social e solidariedade, ajudamos fam\u00edlias a erguer suas casas, em que levantamos paredes, colocamos telhas e demos dignidade. Vi l\u00e1grimas de al\u00edvio e sorrisos de esperan\u00e7a brotarem, onde antes havia desespero e incertezas.<\/p>\n\n\n\n<p>Defendo que o modelo de loteamento popular com infraestrutura b\u00e1sica, assist\u00eancia t\u00e9cnica e apoio social \u00e9 a forma mais r\u00e1pida e eficaz de garantir moradia. Entregar o lote \u00e9 o primeiro passo. A casa, muitas vezes, vir\u00e1 depois, mas com o esfor\u00e7o da pr\u00f3pria fam\u00edlia, como j\u00e1 aconteceu em tantos bairros cuiabanos, esse sonho se tornar\u00e1 realidade. O povo n\u00e3o pode esperar eternamente por uma moradia pronta.<\/p>\n\n\n\n<p>Tamb\u00e9m ressalto que, em 2024, havia proposto uma emenda de R$ 100 milh\u00f5es \u00e0 Lei Or\u00e7ament\u00e1ria Anual (LOA) para habita\u00e7\u00e3o. Ela foi rejeitada, mas vou insistir para conseguirmos que esse valor seja previsto para 2025, com destina\u00e7\u00e3o dos recursos \u00e0s Secretarias Estaduais de Infraestrutura (Sinfra) e Assist\u00eancia Social (Setasc).<\/p>\n\n\n\n<p>O povo mato-grossense n\u00e3o pede luxo, mas, sim, pede dignidade. Chega de invisibilidade! Chega de desculpas or\u00e7ament\u00e1rias, enquanto bilh\u00f5es s\u00e3o movimentados em outras \u00e1reas. Habita\u00e7\u00e3o \u00e9 urg\u00eancia! \u00c9 justi\u00e7a social!<\/p>\n","protected":false},"excerpt":{"rendered":"<p>Colocar-se no lugar do outro \u00e9 para mim, o verdadeiro significado de empatia. E foi exatamente isso que me impulsionou a abra\u00e7ar uma das pautas mais sens\u00edveis que qualquer cidad\u00e3o pode carregar: o direito de ter um teto e, assim, acolher sua fam\u00edlia, proteger os filhos, construir e ter dignidade. No meu ponto de vista, [&hellip;]<\/p>\n","protected":false},"author":4,"featured_media":1748,"comment_status":"closed","ping_status":"open","sticky":false,"template":"","format":"standard","meta":{"footnotes":""},"categories":[13],"tags":[],"yoast_head":"<!-- This site is optimized with the Yoast SEO Premium plugin v21.5 (Yoast SEO v21.4) - https:\/\/yoast.com\/wordpress\/plugins\/seo\/ -->\n<title>ARTIGO - Moradia Popular: A pol\u00edtica habitacional de MT que vale menos de 1% - wilsonsantosmt.com.br<\/title>\n<meta name=\"robots\" content=\"index, follow, max-snippet:-1, max-image-preview:large, max-video-preview:-1\" \/>\n<link rel=\"canonical\" href=\"https:\/\/wilsonsantosmt.com.br\/index.php\/2025\/08\/01\/artigo-moradia-popular-a-politica-habitacional-de-mt-que-vale-menos-de-1\/\" \/>\n<meta property=\"og:locale\" content=\"pt_BR\" \/>\n<meta property=\"og:type\" content=\"article\" \/>\n<meta property=\"og:title\" content=\"ARTIGO - Moradia Popular: A pol\u00edtica habitacional de MT que vale menos de 1%\" \/>\n<meta property=\"og:description\" content=\"Colocar-se no lugar do outro \u00e9 para mim, o verdadeiro significado de empatia. E foi exatamente isso que me impulsionou a abra\u00e7ar uma das pautas mais sens\u00edveis que qualquer cidad\u00e3o pode carregar: o direito de ter um teto e, assim, acolher sua fam\u00edlia, proteger os filhos, construir e ter dignidade. No meu ponto de vista, [&hellip;]\" \/>\n<meta property=\"og:url\" content=\"https:\/\/wilsonsantosmt.com.br\/index.php\/2025\/08\/01\/artigo-moradia-popular-a-politica-habitacional-de-mt-que-vale-menos-de-1\/\" \/>\n<meta property=\"og:site_name\" content=\"wilsonsantosmt.com.br\" \/>\n<meta property=\"article:publisher\" content=\"https:\/\/www.facebook.com\/WilsonSantosMT\/\" \/>\n<meta property=\"article:published_time\" content=\"2025-08-01T19:57:33+00:00\" \/>\n<meta property=\"article:modified_time\" content=\"2025-08-04T19:58:18+00:00\" \/>\n<meta property=\"og:image\" content=\"http:\/\/wilsonsantosmt.com.br\/wp-content\/uploads\/2025\/08\/WhatsApp-Image-2025-08-01-at-09.44.42-5.jpeg\" \/>\n\t<meta property=\"og:image:width\" content=\"1080\" \/>\n\t<meta property=\"og:image:height\" content=\"715\" \/>\n\t<meta property=\"og:image:type\" content=\"image\/jpeg\" \/>\n<meta name=\"author\" content=\"Samantha dos Anjos\" \/>\n<meta name=\"twitter:card\" content=\"summary_large_image\" \/>\n<meta name=\"twitter:label1\" content=\"Escrito por\" \/>\n\t<meta name=\"twitter:data1\" content=\"Samantha dos Anjos\" \/>\n\t<meta name=\"twitter:label2\" content=\"Est. tempo de leitura\" \/>\n\t<meta name=\"twitter:data2\" content=\"4 minutos\" \/>\n<script type=\"application\/ld+json\" class=\"yoast-schema-graph\">{\"@context\":\"https:\/\/schema.org\",\"@graph\":[{\"@type\":\"Article\",\"@id\":\"https:\/\/wilsonsantosmt.com.br\/index.php\/2025\/08\/01\/artigo-moradia-popular-a-politica-habitacional-de-mt-que-vale-menos-de-1\/#article\",\"isPartOf\":{\"@id\":\"https:\/\/wilsonsantosmt.com.br\/index.php\/2025\/08\/01\/artigo-moradia-popular-a-politica-habitacional-de-mt-que-vale-menos-de-1\/\"},\"author\":{\"name\":\"Samantha dos Anjos\",\"@id\":\"https:\/\/wilsonsantosmt.com.br\/#\/schema\/person\/1d097ee45f526dd0455dbad8c679932c\"},\"headline\":\"ARTIGO &#8211; Moradia Popular: A pol\u00edtica habitacional de MT que vale menos de 1%\",\"datePublished\":\"2025-08-01T19:57:33+00:00\",\"dateModified\":\"2025-08-04T19:58:18+00:00\",\"mainEntityOfPage\":{\"@id\":\"https:\/\/wilsonsantosmt.com.br\/index.php\/2025\/08\/01\/artigo-moradia-popular-a-politica-habitacional-de-mt-que-vale-menos-de-1\/\"},\"wordCount\":714,\"publisher\":{\"@id\":\"https:\/\/wilsonsantosmt.com.br\/#\/schema\/person\/9de3c54961637a9eadb16bcbf895b1ef\"},\"articleSection\":[\"Not\u00edcias\"],\"inLanguage\":\"pt-BR\"},{\"@type\":\"WebPage\",\"@id\":\"https:\/\/wilsonsantosmt.com.br\/index.php\/2025\/08\/01\/artigo-moradia-popular-a-politica-habitacional-de-mt-que-vale-menos-de-1\/\",\"url\":\"https:\/\/wilsonsantosmt.com.br\/index.php\/2025\/08\/01\/artigo-moradia-popular-a-politica-habitacional-de-mt-que-vale-menos-de-1\/\",\"name\":\"ARTIGO - Moradia Popular: A pol\u00edtica habitacional de MT que vale menos de 1% - wilsonsantosmt.com.br\",\"isPartOf\":{\"@id\":\"https:\/\/wilsonsantosmt.com.br\/#website\"},\"datePublished\":\"2025-08-01T19:57:33+00:00\",\"dateModified\":\"2025-08-04T19:58:18+00:00\",\"breadcrumb\":{\"@id\":\"https:\/\/wilsonsantosmt.com.br\/index.php\/2025\/08\/01\/artigo-moradia-popular-a-politica-habitacional-de-mt-que-vale-menos-de-1\/#breadcrumb\"},\"inLanguage\":\"pt-BR\",\"potentialAction\":[{\"@type\":\"ReadAction\",\"target\":[\"https:\/\/wilsonsantosmt.com.br\/index.php\/2025\/08\/01\/artigo-moradia-popular-a-politica-habitacional-de-mt-que-vale-menos-de-1\/\"]}]},{\"@type\":\"BreadcrumbList\",\"@id\":\"https:\/\/wilsonsantosmt.com.br\/index.php\/2025\/08\/01\/artigo-moradia-popular-a-politica-habitacional-de-mt-que-vale-menos-de-1\/#breadcrumb\",\"itemListElement\":[{\"@type\":\"ListItem\",\"position\":1,\"name\":\"In\u00edcio\",\"item\":\"https:\/\/wilsonsantosmt.com.br\/\"},{\"@type\":\"ListItem\",\"position\":2,\"name\":\"Not\u00edcias\",\"item\":\"https:\/\/wilsonsantosmt.com.br\/index.php\/category\/noticias\/\"},{\"@type\":\"ListItem\",\"position\":3,\"name\":\"ARTIGO &#8211; Moradia Popular: A pol\u00edtica habitacional de MT que vale menos de 1%\"}]},{\"@type\":\"WebSite\",\"@id\":\"https:\/\/wilsonsantosmt.com.br\/#website\",\"url\":\"https:\/\/wilsonsantosmt.com.br\/\",\"name\":\"wilsonsantosmt.com.br\",\"description\":\"\",\"publisher\":{\"@id\":\"https:\/\/wilsonsantosmt.com.br\/#\/schema\/person\/9de3c54961637a9eadb16bcbf895b1ef\"},\"potentialAction\":[{\"@type\":\"SearchAction\",\"target\":{\"@type\":\"EntryPoint\",\"urlTemplate\":\"https:\/\/wilsonsantosmt.com.br\/?s={search_term_string}\"},\"query-input\":\"required name=search_term_string\"}],\"inLanguage\":\"pt-BR\"},{\"@type\":[\"Person\",\"Organization\"],\"@id\":\"https:\/\/wilsonsantosmt.com.br\/#\/schema\/person\/9de3c54961637a9eadb16bcbf895b1ef\",\"name\":\"Wilson Santos\",\"image\":{\"@type\":\"ImageObject\",\"inLanguage\":\"pt-BR\",\"@id\":\"https:\/\/wilsonsantosmt.com.br\/#\/schema\/person\/image\/\",\"url\":\"https:\/\/wilsonsantosmt.com.br\/wp-content\/uploads\/2023\/11\/310828673_653254583023360_8795459643194608438_n.jpg\",\"contentUrl\":\"https:\/\/wilsonsantosmt.com.br\/wp-content\/uploads\/2023\/11\/310828673_653254583023360_8795459643194608438_n.jpg\",\"width\":1078,\"height\":1079,\"caption\":\"Wilson Santos\"},\"logo\":{\"@id\":\"https:\/\/wilsonsantosmt.com.br\/#\/schema\/person\/image\/\"},\"sameAs\":[\"http:\/\/wilsonsantosmt.com.br\",\"https:\/\/www.facebook.com\/WilsonSantosMT\/\",\"https:\/\/www.instagram.com\/wilsonsantosmt\/\",\"https:\/\/www.youtube.com\/@WilsonSantosWS\/videos\",\"https:\/\/pt.wikipedia.org\/wiki\/Wilson_Santos\"],\"honorificPrefix\":\"Sr\",\"gender\":\"masculino\",\"jobTitle\":\"Deputado Estadual\",\"worksFor\":\"Assembleia Legislativa de Mato Grosso\"},{\"@type\":\"Person\",\"@id\":\"https:\/\/wilsonsantosmt.com.br\/#\/schema\/person\/1d097ee45f526dd0455dbad8c679932c\",\"name\":\"Samantha dos Anjos\",\"image\":{\"@type\":\"ImageObject\",\"inLanguage\":\"pt-BR\",\"@id\":\"https:\/\/wilsonsantosmt.com.br\/#\/schema\/person\/image\/\",\"url\":\"https:\/\/secure.gravatar.com\/avatar\/7d8d0b6dd67d134a9fa841bee90c57c7?s=96&d=mm&r=g\",\"contentUrl\":\"https:\/\/secure.gravatar.com\/avatar\/7d8d0b6dd67d134a9fa841bee90c57c7?s=96&d=mm&r=g\",\"caption\":\"Samantha dos Anjos\"},\"url\":\"https:\/\/wilsonsantosmt.com.br\/index.php\/author\/samantha-dos-anjos\/\"}]}<\/script>\n<!-- \/ Yoast SEO Premium plugin. -->","yoast_head_json":{"title":"ARTIGO - Moradia Popular: A pol\u00edtica habitacional de MT que vale menos de 1% - wilsonsantosmt.com.br","robots":{"index":"index","follow":"follow","max-snippet":"max-snippet:-1","max-image-preview":"max-image-preview:large","max-video-preview":"max-video-preview:-1"},"canonical":"https:\/\/wilsonsantosmt.com.br\/index.php\/2025\/08\/01\/artigo-moradia-popular-a-politica-habitacional-de-mt-que-vale-menos-de-1\/","og_locale":"pt_BR","og_type":"article","og_title":"ARTIGO - Moradia Popular: A pol\u00edtica habitacional de MT que vale menos de 1%","og_description":"Colocar-se no lugar do outro \u00e9 para mim, o verdadeiro significado de empatia. E foi exatamente isso que me impulsionou a abra\u00e7ar uma das pautas mais sens\u00edveis que qualquer cidad\u00e3o pode carregar: o direito de ter um teto e, assim, acolher sua fam\u00edlia, proteger os filhos, construir e ter dignidade. No meu ponto de vista, [&hellip;]","og_url":"https:\/\/wilsonsantosmt.com.br\/index.php\/2025\/08\/01\/artigo-moradia-popular-a-politica-habitacional-de-mt-que-vale-menos-de-1\/","og_site_name":"wilsonsantosmt.com.br","article_publisher":"https:\/\/www.facebook.com\/WilsonSantosMT\/","article_published_time":"2025-08-01T19:57:33+00:00","article_modified_time":"2025-08-04T19:58:18+00:00","og_image":[{"width":1080,"height":715,"url":"http:\/\/wilsonsantosmt.com.br\/wp-content\/uploads\/2025\/08\/WhatsApp-Image-2025-08-01-at-09.44.42-5.jpeg","type":"image\/jpeg"}],"author":"Samantha dos Anjos","twitter_card":"summary_large_image","twitter_misc":{"Escrito por":"Samantha dos Anjos","Est. tempo de leitura":"4 minutos"},"schema":{"@context":"https:\/\/schema.org","@graph":[{"@type":"Article","@id":"https:\/\/wilsonsantosmt.com.br\/index.php\/2025\/08\/01\/artigo-moradia-popular-a-politica-habitacional-de-mt-que-vale-menos-de-1\/#article","isPartOf":{"@id":"https:\/\/wilsonsantosmt.com.br\/index.php\/2025\/08\/01\/artigo-moradia-popular-a-politica-habitacional-de-mt-que-vale-menos-de-1\/"},"author":{"name":"Samantha dos Anjos","@id":"https:\/\/wilsonsantosmt.com.br\/#\/schema\/person\/1d097ee45f526dd0455dbad8c679932c"},"headline":"ARTIGO &#8211; Moradia Popular: A pol\u00edtica habitacional de MT que vale menos de 1%","datePublished":"2025-08-01T19:57:33+00:00","dateModified":"2025-08-04T19:58:18+00:00","mainEntityOfPage":{"@id":"https:\/\/wilsonsantosmt.com.br\/index.php\/2025\/08\/01\/artigo-moradia-popular-a-politica-habitacional-de-mt-que-vale-menos-de-1\/"},"wordCount":714,"publisher":{"@id":"https:\/\/wilsonsantosmt.com.br\/#\/schema\/person\/9de3c54961637a9eadb16bcbf895b1ef"},"articleSection":["Not\u00edcias"],"inLanguage":"pt-BR"},{"@type":"WebPage","@id":"https:\/\/wilsonsantosmt.com.br\/index.php\/2025\/08\/01\/artigo-moradia-popular-a-politica-habitacional-de-mt-que-vale-menos-de-1\/","url":"https:\/\/wilsonsantosmt.com.br\/index.php\/2025\/08\/01\/artigo-moradia-popular-a-politica-habitacional-de-mt-que-vale-menos-de-1\/","name":"ARTIGO - Moradia Popular: A pol\u00edtica habitacional de MT que vale menos de 1% - wilsonsantosmt.com.br","isPartOf":{"@id":"https:\/\/wilsonsantosmt.com.br\/#website"},"datePublished":"2025-08-01T19:57:33+00:00","dateModified":"2025-08-04T19:58:18+00:00","breadcrumb":{"@id":"https:\/\/wilsonsantosmt.com.br\/index.php\/2025\/08\/01\/artigo-moradia-popular-a-politica-habitacional-de-mt-que-vale-menos-de-1\/#breadcrumb"},"inLanguage":"pt-BR","potentialAction":[{"@type":"ReadAction","target":["https:\/\/wilsonsantosmt.com.br\/index.php\/2025\/08\/01\/artigo-moradia-popular-a-politica-habitacional-de-mt-que-vale-menos-de-1\/"]}]},{"@type":"BreadcrumbList","@id":"https:\/\/wilsonsantosmt.com.br\/index.php\/2025\/08\/01\/artigo-moradia-popular-a-politica-habitacional-de-mt-que-vale-menos-de-1\/#breadcrumb","itemListElement":[{"@type":"ListItem","position":1,"name":"In\u00edcio","item":"https:\/\/wilsonsantosmt.com.br\/"},{"@type":"ListItem","position":2,"name":"Not\u00edcias","item":"https:\/\/wilsonsantosmt.com.br\/index.php\/category\/noticias\/"},{"@type":"ListItem","position":3,"name":"ARTIGO &#8211; Moradia Popular: A pol\u00edtica habitacional de MT que vale menos de 1%"}]},{"@type":"WebSite","@id":"https:\/\/wilsonsantosmt.com.br\/#website","url":"https:\/\/wilsonsantosmt.com.br\/","name":"wilsonsantosmt.com.br","description":"","publisher":{"@id":"https:\/\/wilsonsantosmt.com.br\/#\/schema\/person\/9de3c54961637a9eadb16bcbf895b1ef"},"potentialAction":[{"@type":"SearchAction","target":{"@type":"EntryPoint","urlTemplate":"https:\/\/wilsonsantosmt.com.br\/?s={search_term_string}"},"query-input":"required name=search_term_string"}],"inLanguage":"pt-BR"},{"@type":["Person","Organization"],"@id":"https:\/\/wilsonsantosmt.com.br\/#\/schema\/person\/9de3c54961637a9eadb16bcbf895b1ef","name":"Wilson Santos","image":{"@type":"ImageObject","inLanguage":"pt-BR","@id":"https:\/\/wilsonsantosmt.com.br\/#\/schema\/person\/image\/","url":"https:\/\/wilsonsantosmt.com.br\/wp-content\/uploads\/2023\/11\/310828673_653254583023360_8795459643194608438_n.jpg","contentUrl":"https:\/\/wilsonsantosmt.com.br\/wp-content\/uploads\/2023\/11\/310828673_653254583023360_8795459643194608438_n.jpg","width":1078,"height":1079,"caption":"Wilson Santos"},"logo":{"@id":"https:\/\/wilsonsantosmt.com.br\/#\/schema\/person\/image\/"},"sameAs":["http:\/\/wilsonsantosmt.com.br","https:\/\/www.facebook.com\/WilsonSantosMT\/","https:\/\/www.instagram.com\/wilsonsantosmt\/","https:\/\/www.youtube.com\/@WilsonSantosWS\/videos","https:\/\/pt.wikipedia.org\/wiki\/Wilson_Santos"],"honorificPrefix":"Sr","gender":"masculino","jobTitle":"Deputado Estadual","worksFor":"Assembleia Legislativa de Mato Grosso"},{"@type":"Person","@id":"https:\/\/wilsonsantosmt.com.br\/#\/schema\/person\/1d097ee45f526dd0455dbad8c679932c","name":"Samantha dos Anjos","image":{"@type":"ImageObject","inLanguage":"pt-BR","@id":"https:\/\/wilsonsantosmt.com.br\/#\/schema\/person\/image\/","url":"https:\/\/secure.gravatar.com\/avatar\/7d8d0b6dd67d134a9fa841bee90c57c7?s=96&d=mm&r=g","contentUrl":"https:\/\/secure.gravatar.com\/avatar\/7d8d0b6dd67d134a9fa841bee90c57c7?s=96&d=mm&r=g","caption":"Samantha dos Anjos"},"url":"https:\/\/wilsonsantosmt.com.br\/index.php\/author\/samantha-dos-anjos\/"}]}},"_links":{"self":[{"href":"https:\/\/wilsonsantosmt.com.br\/index.php\/wp-json\/wp\/v2\/posts\/1747"}],"collection":[{"href":"https:\/\/wilsonsantosmt.com.br\/index.php\/wp-json\/wp\/v2\/posts"}],"about":[{"href":"https:\/\/wilsonsantosmt.com.br\/index.php\/wp-json\/wp\/v2\/types\/post"}],"author":[{"embeddable":true,"href":"https:\/\/wilsonsantosmt.com.br\/index.php\/wp-json\/wp\/v2\/users\/4"}],"replies":[{"embeddable":true,"href":"https:\/\/wilsonsantosmt.com.br\/index.php\/wp-json\/wp\/v2\/comments?post=1747"}],"version-history":[{"count":1,"href":"https:\/\/wilsonsantosmt.com.br\/index.php\/wp-json\/wp\/v2\/posts\/1747\/revisions"}],"predecessor-version":[{"id":1749,"href":"https:\/\/wilsonsantosmt.com.br\/index.php\/wp-json\/wp\/v2\/posts\/1747\/revisions\/1749"}],"wp:featuredmedia":[{"embeddable":true,"href":"https:\/\/wilsonsantosmt.com.br\/index.php\/wp-json\/wp\/v2\/media\/1748"}],"wp:attachment":[{"href":"https:\/\/wilsonsantosmt.com.br\/index.php\/wp-json\/wp\/v2\/media?parent=1747"}],"wp:term":[{"taxonomy":"category","embeddable":true,"href":"https:\/\/wilsonsantosmt.com.br\/index.php\/wp-json\/wp\/v2\/categories?post=1747"},{"taxonomy":"post_tag","embeddable":true,"href":"https:\/\/wilsonsantosmt.com.br\/index.php\/wp-json\/wp\/v2\/tags?post=1747"}],"curies":[{"name":"wp","href":"https:\/\/api.w.org\/{rel}","templated":true}]}}