{"id":1750,"date":"2025-07-30T16:01:44","date_gmt":"2025-07-30T20:01:44","guid":{"rendered":"https:\/\/wilsonsantosmt.com.br\/?p=1750"},"modified":"2025-08-04T16:03:30","modified_gmt":"2025-08-04T20:03:30","slug":"wilson-santos-alinha-com-policia-ambiental-audiencia-para-tratar-das-denuncias-de-catadores-de-iscas","status":"publish","type":"post","link":"https:\/\/wilsonsantosmt.com.br\/index.php\/2025\/07\/30\/wilson-santos-alinha-com-policia-ambiental-audiencia-para-tratar-das-denuncias-de-catadores-de-iscas\/","title":{"rendered":"Wilson Santos alinha com Pol\u00edcia Ambiental audi\u00eancia para tratar das den\u00fancias de catadores de iscas"},"content":{"rendered":"\n<p><\/p>\n\n\n\n<p>O deputado estadual Wilson Santos (PSD) apresentou o Requerimento n\u00ba 426\/2025 para obter esclarecimentos sobre os fundamentos jur\u00eddicos e t\u00e9cnicos da \u201cOpera\u00e7\u00e3o Isca Viva\u201d e, nesta quarta-feira (30), reuniu-se com o comandante do Batalh\u00e3o da Pol\u00edcia Militar de Prote\u00e7\u00e3o Ambiental (BPMPA-MT), tenente-coronel Fagner Augusto do Nascimento, para alinhar a pauta e confirmar a realiza\u00e7\u00e3o de audi\u00eancia no dia 12 de agosto, \u00e0s 14h, na Assembleia Legislativa.<\/p>\n\n\n\n<p>O parlamentar explicou que recebeu den\u00fancias de catadores de iscas vivas e propriet\u00e1rios de estabelecimentos comerciais que atuam na coleta e comercializa\u00e7\u00e3o desse tipo de recurso pesqueiro. Segundo os relatos, ocorreram viola\u00e7\u00f5es de direitos nas abordagens e apreens\u00f5es durante a opera\u00e7\u00e3o policial. \u201cEste convite \u00e9 para uma conversa orientativa, de prefer\u00eancia com os catadores de iscas. Recebemos reclama\u00e7\u00f5es muito bem identificadas, com local, data e circunst\u00e2ncias. O melhor caminho \u00e9 sentarmos e compreendermos ambos os lados para as devidas provid\u00eancias\u201d, declarou.<\/p>\n\n\n\n<p>Entre os casos relatados, o deputado citou um epis\u00f3dio na regi\u00e3o da barragem do Manso, em que a pol\u00edcia ambiental teria exagerado nos tratos com pescadores. Outro registro envolve abordagens em Bar\u00e3o de Melga\u00e7o e Santo Ant\u00f4nio de Leverger, onde catadores tamb\u00e9m relataram condutas excessivas. O tenente-coronel Fagner Augusto pontuou que, embora a fiscaliza\u00e7\u00e3o nem sempre seja bem recebida, a corpora\u00e7\u00e3o atua com base na legalidade e est\u00e1 aberta ao di\u00e1logo.<\/p>\n\n\n\n<p>\u201cEm rela\u00e7\u00e3o aos catadores de iscas, obviamente, ningu\u00e9m sai feliz ap\u00f3s uma fiscaliza\u00e7\u00e3o e a gente compreende. Estamos aqui para aplicar a legisla\u00e7\u00e3o. Claro, n\u00e3o estamos imunes a erros. Veja a Pol\u00edcia Militar como uma grande parceira que busca atuar com \u00e9tica, comprometimento e efici\u00eancia\u201d, afirmou.<\/p>\n\n\n\n<p>Wilson Santos destacou que a Lei Estadual n\u00ba 12.434\/2023, conhecida como \u201cTransporte Zero\u201d, pro\u00edbe o transporte, armazenamento e comercializa\u00e7\u00e3o de pescado, mas n\u00e3o veda a captura de iscas vivas. \u201cTalvez o governo estadual n\u00e3o tenha deixado clara a legisla\u00e7\u00e3o vigente. No caso das iscas, n\u00e3o h\u00e1 limite de tamanho ou quantidade. Isso nunca foi minimamente explicado e, \u00e0s vezes, o policial pode chegar sem essa informa\u00e7\u00e3o, o que acaba provocando conflitos, especialmente quando o pescador est\u00e1 alterado diante de uma apreens\u00e3o. J\u00e1 basta a proibi\u00e7\u00e3o das esp\u00e9cies comercialmente mais procuradas, que afetou a renda de muitas fam\u00edlias\u201d, pontuou.<\/p>\n\n\n\n<p>Fagner Augusto agradeceu a visita de Wilson Santos, reconheceu a import\u00e2ncia do alinhamento institucional e refor\u00e7ou que a corpora\u00e7\u00e3o est\u00e1 empenhada em avaliar seus processos e condutas. \u201c\u00c9 uma honra receber o deputado que representa a popula\u00e7\u00e3o por meio da Casa de Leis. Sabemos que o meio ambiente e a causa social s\u00e3o pautas essenciais para Mato Grosso\u201d, destacou.<\/p>\n\n\n\n<p>O comandante ressaltou que a Pol\u00edcia Ambiental busca constantemente reavaliar sua atua\u00e7\u00e3o e manter o alinhamento com a legisla\u00e7\u00e3o. \u201c\u00c9 muito importante ver esse engajamento do deputado. Isso mostra que ele realmente se preocupa com a causa. A discuss\u00e3o \u00e9 v\u00e1lida. Lidamos com diferentes grupos sociais e interesses diversos todos os dias e temos o compromisso com a Assembleia Legislativa e com toda a popula\u00e7\u00e3o mato-grossense\u201d, refor\u00e7ou.<\/p>\n\n\n\n<p>Fagner esclareceu ainda que, embora o Batalh\u00e3o Ambiental atue em a\u00e7\u00f5es de fiscaliza\u00e7\u00e3o, a \u201cOpera\u00e7\u00e3o Isca Viva\u201d foi conduzida pela Delegacia Especializada de Meio Ambiente (Dema) com a participa\u00e7\u00e3o tamb\u00e9m da Secretaria de Estado de Meio Ambiente (Sema). \u201cS\u00e3o v\u00e1rios entes envolvidos. O Estado \u00e9 um s\u00f3 e n\u00e3o nos esquivamos da responsabilidade. \u00c9 fundamental ter esse esclarecimento. \u00c9 o nosso dever. Pode contar conosco como parceiros da Assembleia. Estamos juntos\u201d, concluiu.<\/p>\n\n\n\n<p>Al\u00e9m da Pol\u00edcia Ambiental, tamb\u00e9m ser\u00e3o convidados as comunidades ribeirinhas e pesqueiras tradicionais de Mato Grosso e os representantes da Sema e da Dema da Pol\u00edcia Judici\u00e1ria Civil de Mato Grosso (PJC-MT). Al\u00e9m do tenente-coronel Fagner Augusto, participaram da reuni\u00e3o a capit\u00e3 Gislaine Pazeto, a major Polyana Jorge de Souza Machado do Batalh\u00e3o Ambiental.<\/p>\n","protected":false},"excerpt":{"rendered":"<p>O deputado estadual Wilson Santos (PSD) apresentou o Requerimento n\u00ba 426\/2025 para obter esclarecimentos sobre os fundamentos jur\u00eddicos e t\u00e9cnicos da \u201cOpera\u00e7\u00e3o Isca Viva\u201d e, nesta quarta-feira (30), reuniu-se com o comandante do Batalh\u00e3o da Pol\u00edcia Militar de Prote\u00e7\u00e3o Ambiental (BPMPA-MT), tenente-coronel Fagner Augusto do Nascimento, para alinhar a pauta e confirmar a realiza\u00e7\u00e3o de [&hellip;]<\/p>\n","protected":false},"author":4,"featured_media":1751,"comment_status":"closed","ping_status":"open","sticky":false,"template":"","format":"standard","meta":{"footnotes":""},"categories":[13],"tags":[],"yoast_head":"<!-- This site is optimized with the Yoast SEO Premium plugin v21.5 (Yoast SEO v21.4) - https:\/\/yoast.com\/wordpress\/plugins\/seo\/ -->\n<title>Wilson Santos alinha com Pol\u00edcia Ambiental audi\u00eancia para tratar das den\u00fancias de catadores de iscas - wilsonsantosmt.com.br<\/title>\n<meta name=\"robots\" content=\"index, follow, max-snippet:-1, max-image-preview:large, max-video-preview:-1\" \/>\n<link rel=\"canonical\" href=\"https:\/\/wilsonsantosmt.com.br\/index.php\/2025\/07\/30\/wilson-santos-alinha-com-policia-ambiental-audiencia-para-tratar-das-denuncias-de-catadores-de-iscas\/\" \/>\n<meta property=\"og:locale\" content=\"pt_BR\" \/>\n<meta property=\"og:type\" content=\"article\" \/>\n<meta property=\"og:title\" content=\"Wilson Santos alinha com Pol\u00edcia Ambiental audi\u00eancia para tratar das den\u00fancias de catadores de iscas\" \/>\n<meta property=\"og:description\" content=\"O deputado estadual Wilson Santos (PSD) apresentou o Requerimento n\u00ba 426\/2025 para obter esclarecimentos sobre os fundamentos jur\u00eddicos e t\u00e9cnicos da \u201cOpera\u00e7\u00e3o Isca Viva\u201d e, nesta quarta-feira (30), reuniu-se com o comandante do Batalh\u00e3o da Pol\u00edcia Militar de Prote\u00e7\u00e3o Ambiental (BPMPA-MT), tenente-coronel Fagner Augusto do Nascimento, para alinhar a pauta e confirmar a realiza\u00e7\u00e3o de [&hellip;]\" \/>\n<meta property=\"og:url\" content=\"https:\/\/wilsonsantosmt.com.br\/index.php\/2025\/07\/30\/wilson-santos-alinha-com-policia-ambiental-audiencia-para-tratar-das-denuncias-de-catadores-de-iscas\/\" \/>\n<meta property=\"og:site_name\" content=\"wilsonsantosmt.com.br\" \/>\n<meta property=\"article:publisher\" content=\"https:\/\/www.facebook.com\/WilsonSantosMT\/\" \/>\n<meta property=\"article:published_time\" content=\"2025-07-30T20:01:44+00:00\" \/>\n<meta property=\"article:modified_time\" content=\"2025-08-04T20:03:30+00:00\" \/>\n<meta property=\"og:image\" content=\"http:\/\/wilsonsantosmt.com.br\/wp-content\/uploads\/2025\/08\/WhatsApp-Image-2025-08-04-at-09.42.39-scaled.jpeg\" \/>\n\t<meta property=\"og:image:width\" content=\"2560\" \/>\n\t<meta property=\"og:image:height\" content=\"1440\" \/>\n\t<meta property=\"og:image:type\" content=\"image\/jpeg\" \/>\n<meta name=\"author\" content=\"Samantha dos Anjos\" \/>\n<meta name=\"twitter:card\" content=\"summary_large_image\" \/>\n<meta name=\"twitter:label1\" content=\"Escrito por\" \/>\n\t<meta name=\"twitter:data1\" content=\"Samantha dos Anjos\" \/>\n\t<meta name=\"twitter:label2\" content=\"Est. tempo de leitura\" \/>\n\t<meta name=\"twitter:data2\" content=\"4 minutos\" \/>\n<script type=\"application\/ld+json\" class=\"yoast-schema-graph\">{\"@context\":\"https:\/\/schema.org\",\"@graph\":[{\"@type\":\"Article\",\"@id\":\"https:\/\/wilsonsantosmt.com.br\/index.php\/2025\/07\/30\/wilson-santos-alinha-com-policia-ambiental-audiencia-para-tratar-das-denuncias-de-catadores-de-iscas\/#article\",\"isPartOf\":{\"@id\":\"https:\/\/wilsonsantosmt.com.br\/index.php\/2025\/07\/30\/wilson-santos-alinha-com-policia-ambiental-audiencia-para-tratar-das-denuncias-de-catadores-de-iscas\/\"},\"author\":{\"name\":\"Samantha dos Anjos\",\"@id\":\"https:\/\/wilsonsantosmt.com.br\/#\/schema\/person\/1d097ee45f526dd0455dbad8c679932c\"},\"headline\":\"Wilson Santos alinha com Pol\u00edcia Ambiental audi\u00eancia para tratar das den\u00fancias de catadores de iscas\",\"datePublished\":\"2025-07-30T20:01:44+00:00\",\"dateModified\":\"2025-08-04T20:03:30+00:00\",\"mainEntityOfPage\":{\"@id\":\"https:\/\/wilsonsantosmt.com.br\/index.php\/2025\/07\/30\/wilson-santos-alinha-com-policia-ambiental-audiencia-para-tratar-das-denuncias-de-catadores-de-iscas\/\"},\"wordCount\":697,\"publisher\":{\"@id\":\"https:\/\/wilsonsantosmt.com.br\/#\/schema\/person\/9de3c54961637a9eadb16bcbf895b1ef\"},\"articleSection\":[\"Not\u00edcias\"],\"inLanguage\":\"pt-BR\"},{\"@type\":\"WebPage\",\"@id\":\"https:\/\/wilsonsantosmt.com.br\/index.php\/2025\/07\/30\/wilson-santos-alinha-com-policia-ambiental-audiencia-para-tratar-das-denuncias-de-catadores-de-iscas\/\",\"url\":\"https:\/\/wilsonsantosmt.com.br\/index.php\/2025\/07\/30\/wilson-santos-alinha-com-policia-ambiental-audiencia-para-tratar-das-denuncias-de-catadores-de-iscas\/\",\"name\":\"Wilson Santos alinha com Pol\u00edcia Ambiental audi\u00eancia para tratar das den\u00fancias de catadores de iscas - wilsonsantosmt.com.br\",\"isPartOf\":{\"@id\":\"https:\/\/wilsonsantosmt.com.br\/#website\"},\"datePublished\":\"2025-07-30T20:01:44+00:00\",\"dateModified\":\"2025-08-04T20:03:30+00:00\",\"breadcrumb\":{\"@id\":\"https:\/\/wilsonsantosmt.com.br\/index.php\/2025\/07\/30\/wilson-santos-alinha-com-policia-ambiental-audiencia-para-tratar-das-denuncias-de-catadores-de-iscas\/#breadcrumb\"},\"inLanguage\":\"pt-BR\",\"potentialAction\":[{\"@type\":\"ReadAction\",\"target\":[\"https:\/\/wilsonsantosmt.com.br\/index.php\/2025\/07\/30\/wilson-santos-alinha-com-policia-ambiental-audiencia-para-tratar-das-denuncias-de-catadores-de-iscas\/\"]}]},{\"@type\":\"BreadcrumbList\",\"@id\":\"https:\/\/wilsonsantosmt.com.br\/index.php\/2025\/07\/30\/wilson-santos-alinha-com-policia-ambiental-audiencia-para-tratar-das-denuncias-de-catadores-de-iscas\/#breadcrumb\",\"itemListElement\":[{\"@type\":\"ListItem\",\"position\":1,\"name\":\"In\u00edcio\",\"item\":\"https:\/\/wilsonsantosmt.com.br\/\"},{\"@type\":\"ListItem\",\"position\":2,\"name\":\"Not\u00edcias\",\"item\":\"https:\/\/wilsonsantosmt.com.br\/index.php\/category\/noticias\/\"},{\"@type\":\"ListItem\",\"position\":3,\"name\":\"Wilson Santos alinha com Pol\u00edcia Ambiental audi\u00eancia para tratar das den\u00fancias de catadores de iscas\"}]},{\"@type\":\"WebSite\",\"@id\":\"https:\/\/wilsonsantosmt.com.br\/#website\",\"url\":\"https:\/\/wilsonsantosmt.com.br\/\",\"name\":\"wilsonsantosmt.com.br\",\"description\":\"\",\"publisher\":{\"@id\":\"https:\/\/wilsonsantosmt.com.br\/#\/schema\/person\/9de3c54961637a9eadb16bcbf895b1ef\"},\"potentialAction\":[{\"@type\":\"SearchAction\",\"target\":{\"@type\":\"EntryPoint\",\"urlTemplate\":\"https:\/\/wilsonsantosmt.com.br\/?s={search_term_string}\"},\"query-input\":\"required name=search_term_string\"}],\"inLanguage\":\"pt-BR\"},{\"@type\":[\"Person\",\"Organization\"],\"@id\":\"https:\/\/wilsonsantosmt.com.br\/#\/schema\/person\/9de3c54961637a9eadb16bcbf895b1ef\",\"name\":\"Wilson Santos\",\"image\":{\"@type\":\"ImageObject\",\"inLanguage\":\"pt-BR\",\"@id\":\"https:\/\/wilsonsantosmt.com.br\/#\/schema\/person\/image\/\",\"url\":\"https:\/\/wilsonsantosmt.com.br\/wp-content\/uploads\/2023\/11\/310828673_653254583023360_8795459643194608438_n.jpg\",\"contentUrl\":\"https:\/\/wilsonsantosmt.com.br\/wp-content\/uploads\/2023\/11\/310828673_653254583023360_8795459643194608438_n.jpg\",\"width\":1078,\"height\":1079,\"caption\":\"Wilson Santos\"},\"logo\":{\"@id\":\"https:\/\/wilsonsantosmt.com.br\/#\/schema\/person\/image\/\"},\"sameAs\":[\"http:\/\/wilsonsantosmt.com.br\",\"https:\/\/www.facebook.com\/WilsonSantosMT\/\",\"https:\/\/www.instagram.com\/wilsonsantosmt\/\",\"https:\/\/www.youtube.com\/@WilsonSantosWS\/videos\",\"https:\/\/pt.wikipedia.org\/wiki\/Wilson_Santos\"],\"honorificPrefix\":\"Sr\",\"gender\":\"masculino\",\"jobTitle\":\"Deputado Estadual\",\"worksFor\":\"Assembleia Legislativa de Mato Grosso\"},{\"@type\":\"Person\",\"@id\":\"https:\/\/wilsonsantosmt.com.br\/#\/schema\/person\/1d097ee45f526dd0455dbad8c679932c\",\"name\":\"Samantha dos Anjos\",\"image\":{\"@type\":\"ImageObject\",\"inLanguage\":\"pt-BR\",\"@id\":\"https:\/\/wilsonsantosmt.com.br\/#\/schema\/person\/image\/\",\"url\":\"https:\/\/secure.gravatar.com\/avatar\/7d8d0b6dd67d134a9fa841bee90c57c7?s=96&d=mm&r=g\",\"contentUrl\":\"https:\/\/secure.gravatar.com\/avatar\/7d8d0b6dd67d134a9fa841bee90c57c7?s=96&d=mm&r=g\",\"caption\":\"Samantha dos Anjos\"},\"url\":\"https:\/\/wilsonsantosmt.com.br\/index.php\/author\/samantha-dos-anjos\/\"}]}<\/script>\n<!-- \/ Yoast SEO Premium plugin. -->","yoast_head_json":{"title":"Wilson Santos alinha com Pol\u00edcia Ambiental audi\u00eancia para tratar das den\u00fancias de catadores de iscas - wilsonsantosmt.com.br","robots":{"index":"index","follow":"follow","max-snippet":"max-snippet:-1","max-image-preview":"max-image-preview:large","max-video-preview":"max-video-preview:-1"},"canonical":"https:\/\/wilsonsantosmt.com.br\/index.php\/2025\/07\/30\/wilson-santos-alinha-com-policia-ambiental-audiencia-para-tratar-das-denuncias-de-catadores-de-iscas\/","og_locale":"pt_BR","og_type":"article","og_title":"Wilson Santos alinha com Pol\u00edcia Ambiental audi\u00eancia para tratar das den\u00fancias de catadores de iscas","og_description":"O deputado estadual Wilson Santos (PSD) apresentou o Requerimento n\u00ba 426\/2025 para obter esclarecimentos sobre os fundamentos jur\u00eddicos e t\u00e9cnicos da \u201cOpera\u00e7\u00e3o Isca Viva\u201d e, nesta quarta-feira (30), reuniu-se com o comandante do Batalh\u00e3o da Pol\u00edcia Militar de Prote\u00e7\u00e3o Ambiental (BPMPA-MT), tenente-coronel Fagner Augusto do Nascimento, para alinhar a pauta e confirmar a realiza\u00e7\u00e3o de [&hellip;]","og_url":"https:\/\/wilsonsantosmt.com.br\/index.php\/2025\/07\/30\/wilson-santos-alinha-com-policia-ambiental-audiencia-para-tratar-das-denuncias-de-catadores-de-iscas\/","og_site_name":"wilsonsantosmt.com.br","article_publisher":"https:\/\/www.facebook.com\/WilsonSantosMT\/","article_published_time":"2025-07-30T20:01:44+00:00","article_modified_time":"2025-08-04T20:03:30+00:00","og_image":[{"width":2560,"height":1440,"url":"http:\/\/wilsonsantosmt.com.br\/wp-content\/uploads\/2025\/08\/WhatsApp-Image-2025-08-04-at-09.42.39-scaled.jpeg","type":"image\/jpeg"}],"author":"Samantha dos Anjos","twitter_card":"summary_large_image","twitter_misc":{"Escrito por":"Samantha dos Anjos","Est. tempo de leitura":"4 minutos"},"schema":{"@context":"https:\/\/schema.org","@graph":[{"@type":"Article","@id":"https:\/\/wilsonsantosmt.com.br\/index.php\/2025\/07\/30\/wilson-santos-alinha-com-policia-ambiental-audiencia-para-tratar-das-denuncias-de-catadores-de-iscas\/#article","isPartOf":{"@id":"https:\/\/wilsonsantosmt.com.br\/index.php\/2025\/07\/30\/wilson-santos-alinha-com-policia-ambiental-audiencia-para-tratar-das-denuncias-de-catadores-de-iscas\/"},"author":{"name":"Samantha dos Anjos","@id":"https:\/\/wilsonsantosmt.com.br\/#\/schema\/person\/1d097ee45f526dd0455dbad8c679932c"},"headline":"Wilson Santos alinha com Pol\u00edcia Ambiental audi\u00eancia para tratar das den\u00fancias de catadores de iscas","datePublished":"2025-07-30T20:01:44+00:00","dateModified":"2025-08-04T20:03:30+00:00","mainEntityOfPage":{"@id":"https:\/\/wilsonsantosmt.com.br\/index.php\/2025\/07\/30\/wilson-santos-alinha-com-policia-ambiental-audiencia-para-tratar-das-denuncias-de-catadores-de-iscas\/"},"wordCount":697,"publisher":{"@id":"https:\/\/wilsonsantosmt.com.br\/#\/schema\/person\/9de3c54961637a9eadb16bcbf895b1ef"},"articleSection":["Not\u00edcias"],"inLanguage":"pt-BR"},{"@type":"WebPage","@id":"https:\/\/wilsonsantosmt.com.br\/index.php\/2025\/07\/30\/wilson-santos-alinha-com-policia-ambiental-audiencia-para-tratar-das-denuncias-de-catadores-de-iscas\/","url":"https:\/\/wilsonsantosmt.com.br\/index.php\/2025\/07\/30\/wilson-santos-alinha-com-policia-ambiental-audiencia-para-tratar-das-denuncias-de-catadores-de-iscas\/","name":"Wilson Santos alinha com Pol\u00edcia Ambiental audi\u00eancia para tratar das den\u00fancias de catadores de iscas - wilsonsantosmt.com.br","isPartOf":{"@id":"https:\/\/wilsonsantosmt.com.br\/#website"},"datePublished":"2025-07-30T20:01:44+00:00","dateModified":"2025-08-04T20:03:30+00:00","breadcrumb":{"@id":"https:\/\/wilsonsantosmt.com.br\/index.php\/2025\/07\/30\/wilson-santos-alinha-com-policia-ambiental-audiencia-para-tratar-das-denuncias-de-catadores-de-iscas\/#breadcrumb"},"inLanguage":"pt-BR","potentialAction":[{"@type":"ReadAction","target":["https:\/\/wilsonsantosmt.com.br\/index.php\/2025\/07\/30\/wilson-santos-alinha-com-policia-ambiental-audiencia-para-tratar-das-denuncias-de-catadores-de-iscas\/"]}]},{"@type":"BreadcrumbList","@id":"https:\/\/wilsonsantosmt.com.br\/index.php\/2025\/07\/30\/wilson-santos-alinha-com-policia-ambiental-audiencia-para-tratar-das-denuncias-de-catadores-de-iscas\/#breadcrumb","itemListElement":[{"@type":"ListItem","position":1,"name":"In\u00edcio","item":"https:\/\/wilsonsantosmt.com.br\/"},{"@type":"ListItem","position":2,"name":"Not\u00edcias","item":"https:\/\/wilsonsantosmt.com.br\/index.php\/category\/noticias\/"},{"@type":"ListItem","position":3,"name":"Wilson Santos alinha com Pol\u00edcia Ambiental audi\u00eancia para tratar das den\u00fancias de catadores de iscas"}]},{"@type":"WebSite","@id":"https:\/\/wilsonsantosmt.com.br\/#website","url":"https:\/\/wilsonsantosmt.com.br\/","name":"wilsonsantosmt.com.br","description":"","publisher":{"@id":"https:\/\/wilsonsantosmt.com.br\/#\/schema\/person\/9de3c54961637a9eadb16bcbf895b1ef"},"potentialAction":[{"@type":"SearchAction","target":{"@type":"EntryPoint","urlTemplate":"https:\/\/wilsonsantosmt.com.br\/?s={search_term_string}"},"query-input":"required name=search_term_string"}],"inLanguage":"pt-BR"},{"@type":["Person","Organization"],"@id":"https:\/\/wilsonsantosmt.com.br\/#\/schema\/person\/9de3c54961637a9eadb16bcbf895b1ef","name":"Wilson Santos","image":{"@type":"ImageObject","inLanguage":"pt-BR","@id":"https:\/\/wilsonsantosmt.com.br\/#\/schema\/person\/image\/","url":"https:\/\/wilsonsantosmt.com.br\/wp-content\/uploads\/2023\/11\/310828673_653254583023360_8795459643194608438_n.jpg","contentUrl":"https:\/\/wilsonsantosmt.com.br\/wp-content\/uploads\/2023\/11\/310828673_653254583023360_8795459643194608438_n.jpg","width":1078,"height":1079,"caption":"Wilson Santos"},"logo":{"@id":"https:\/\/wilsonsantosmt.com.br\/#\/schema\/person\/image\/"},"sameAs":["http:\/\/wilsonsantosmt.com.br","https:\/\/www.facebook.com\/WilsonSantosMT\/","https:\/\/www.instagram.com\/wilsonsantosmt\/","https:\/\/www.youtube.com\/@WilsonSantosWS\/videos","https:\/\/pt.wikipedia.org\/wiki\/Wilson_Santos"],"honorificPrefix":"Sr","gender":"masculino","jobTitle":"Deputado Estadual","worksFor":"Assembleia Legislativa de Mato Grosso"},{"@type":"Person","@id":"https:\/\/wilsonsantosmt.com.br\/#\/schema\/person\/1d097ee45f526dd0455dbad8c679932c","name":"Samantha dos Anjos","image":{"@type":"ImageObject","inLanguage":"pt-BR","@id":"https:\/\/wilsonsantosmt.com.br\/#\/schema\/person\/image\/","url":"https:\/\/secure.gravatar.com\/avatar\/7d8d0b6dd67d134a9fa841bee90c57c7?s=96&d=mm&r=g","contentUrl":"https:\/\/secure.gravatar.com\/avatar\/7d8d0b6dd67d134a9fa841bee90c57c7?s=96&d=mm&r=g","caption":"Samantha dos Anjos"},"url":"https:\/\/wilsonsantosmt.com.br\/index.php\/author\/samantha-dos-anjos\/"}]}},"_links":{"self":[{"href":"https:\/\/wilsonsantosmt.com.br\/index.php\/wp-json\/wp\/v2\/posts\/1750"}],"collection":[{"href":"https:\/\/wilsonsantosmt.com.br\/index.php\/wp-json\/wp\/v2\/posts"}],"about":[{"href":"https:\/\/wilsonsantosmt.com.br\/index.php\/wp-json\/wp\/v2\/types\/post"}],"author":[{"embeddable":true,"href":"https:\/\/wilsonsantosmt.com.br\/index.php\/wp-json\/wp\/v2\/users\/4"}],"replies":[{"embeddable":true,"href":"https:\/\/wilsonsantosmt.com.br\/index.php\/wp-json\/wp\/v2\/comments?post=1750"}],"version-history":[{"count":1,"href":"https:\/\/wilsonsantosmt.com.br\/index.php\/wp-json\/wp\/v2\/posts\/1750\/revisions"}],"predecessor-version":[{"id":1752,"href":"https:\/\/wilsonsantosmt.com.br\/index.php\/wp-json\/wp\/v2\/posts\/1750\/revisions\/1752"}],"wp:featuredmedia":[{"embeddable":true,"href":"https:\/\/wilsonsantosmt.com.br\/index.php\/wp-json\/wp\/v2\/media\/1751"}],"wp:attachment":[{"href":"https:\/\/wilsonsantosmt.com.br\/index.php\/wp-json\/wp\/v2\/media?parent=1750"}],"wp:term":[{"taxonomy":"category","embeddable":true,"href":"https:\/\/wilsonsantosmt.com.br\/index.php\/wp-json\/wp\/v2\/categories?post=1750"},{"taxonomy":"post_tag","embeddable":true,"href":"https:\/\/wilsonsantosmt.com.br\/index.php\/wp-json\/wp\/v2\/tags?post=1750"}],"curies":[{"name":"wp","href":"https:\/\/api.w.org\/{rel}","templated":true}]}}