{"id":1753,"date":"2025-07-29T16:03:54","date_gmt":"2025-07-29T20:03:54","guid":{"rendered":"https:\/\/wilsonsantosmt.com.br\/?p=1753"},"modified":"2025-08-04T16:04:55","modified_gmt":"2025-08-04T20:04:55","slug":"wilson-santos-alerta-comunidades-tradicionais-sobre-prazo-para-garantir-r-6-mil-destinados-a-agricultura","status":"publish","type":"post","link":"https:\/\/wilsonsantosmt.com.br\/index.php\/2025\/07\/29\/wilson-santos-alerta-comunidades-tradicionais-sobre-prazo-para-garantir-r-6-mil-destinados-a-agricultura\/","title":{"rendered":"Wilson Santos alerta comunidades tradicionais sobre prazo para garantir R$ 6 mil destinados \u00e0 agricultura"},"content":{"rendered":"\n<p><\/p>\n\n\n\n<p>O deputado estadual Wilson Santos (PSD) usou as redes sociais para alertar agricultores familiares e integrantes de comunidades tradicionais de Mato Grosso \u2013 como quilombolas, ind\u00edgenas e assentados \u2013 sobre a abertura do Edital de Chamamento P\u00fablico n\u00ba 002\/2025, lan\u00e7ado pela Secretaria de Estado de Agricultura Familiar (SEAF). A proposta vai selecionar benefici\u00e1rios para receber aux\u00edlio financeiro do Fundo de Apoio \u00e0 Agricultura Familiar (FUNDAAF), voltado \u00e0 inclus\u00e3o produtiva e fortalecimento da economia rural.<\/p>\n\n\n\n<p>Com investimentos de cerca de R$ 21milh\u00f5es, o Programa deve contemplar mais de 3 mil fam\u00edlias mato-grossenses, com repasse direto e n\u00e3o reembols\u00e1vel de at\u00e9 R$ 6 mil por proponente. O recurso poder\u00e1 ser aplicado na compra de insumos, equipamentos, servi\u00e7os, tecnologias, infraestrutura e agrega\u00e7\u00e3o de valor \u00e0 produ\u00e7\u00e3o agr\u00edcola, garantindo melhores condi\u00e7\u00f5es para os pequenos produtores.<\/p>\n\n\n\n<p>Para o parlamentar, essa \u00e9 uma conquista essencial para os trabalhadores do campo, sobretudo para os que vivem em \u00e1reas mais vulner\u00e1veis. \u201cEsse fundo \u00e9 um incentivo real para o pequeno produtor, especialmente quilombolas, ind\u00edgenas e agricultores familiares que t\u00eam dificuldades de acesso ao cr\u00e9dito. O recurso vai direto para eles, sem atravessadores, garantindo autonomia e oportunidade de gerar renda. Depois, h\u00e1 uma presta\u00e7\u00e3o de contas simples que assegura transpar\u00eancia e seriedade na aplica\u00e7\u00e3o do dinheiro\u201d, afirmou.<\/p>\n\n\n\n<p>Os interessados em se inscrever dever\u00e3o estar cadastradas no Cad\u00danico Rural, com renda per capita de at\u00e9 meio sal\u00e1rio m\u00ednimo, sendo que ter\u00e3o prioridade no processo: ind\u00edgenas, quilombolas, assentados da reforma agr\u00e1ria, mulheres, jovens e idosos da agricultura familiar.<\/p>\n\n\n\n<p>Desde 8 de julho, as inscri\u00e7\u00f5es est\u00e3o abertas e devem ser feitas presencialmente nas unidades da Empresa Mato-grossense de Pesquisa, Assist\u00eancia e Extens\u00e3o Rural (Empaer) at\u00e9 7 de agosto. Todos receber\u00e3o instru\u00e7\u00f5es dos t\u00e9cnicos da entidade na elabora\u00e7\u00e3o dos projetos que dever\u00e3o ser cadastrados na plataforma SAGAE.<\/p>\n\n\n\n<p>O recurso ser\u00e1 repassado por meio de cart\u00e3o emitido pela Desenvolve MT com prazo de 60 dias para a devida utiliza\u00e7\u00e3o. A presta\u00e7\u00e3o de contas ser\u00e1 simplificada, mediante apresenta\u00e7\u00e3o de notas fiscais e os projetos ser\u00e3o acompanhados por t\u00e9cnicos da Empaer por at\u00e9 um ano.<\/p>\n\n\n\n<p>\u201cEssa \u00e9 a pol\u00edtica p\u00fablica que transforma vidas. Queremos garantir que esses recursos cheguem onde mais precisam, gerando oportunidade, renda e dignidade no campo\u201d, refor\u00e7ou Wilson Santos.<\/p>\n\n\n\n<p>O edital completo est\u00e1 dispon\u00edvel no site www.agriculturafamiliar.mt.gov.br<\/p>\n","protected":false},"excerpt":{"rendered":"<p>O deputado estadual Wilson Santos (PSD) usou as redes sociais para alertar agricultores familiares e integrantes de comunidades tradicionais de Mato Grosso \u2013 como quilombolas, ind\u00edgenas e assentados \u2013 sobre a abertura do Edital de Chamamento P\u00fablico n\u00ba 002\/2025, lan\u00e7ado pela Secretaria de Estado de Agricultura Familiar (SEAF). A proposta vai selecionar benefici\u00e1rios para receber [&hellip;]<\/p>\n","protected":false},"author":4,"featured_media":1754,"comment_status":"closed","ping_status":"open","sticky":false,"template":"","format":"standard","meta":{"footnotes":""},"categories":[13],"tags":[],"yoast_head":"<!-- This site is optimized with the Yoast SEO Premium plugin v21.5 (Yoast SEO v21.4) - https:\/\/yoast.com\/wordpress\/plugins\/seo\/ -->\n<title>Wilson Santos alerta comunidades tradicionais sobre prazo para garantir R$ 6 mil destinados \u00e0 agricultura - wilsonsantosmt.com.br<\/title>\n<meta name=\"robots\" content=\"index, follow, max-snippet:-1, max-image-preview:large, max-video-preview:-1\" \/>\n<link rel=\"canonical\" href=\"https:\/\/wilsonsantosmt.com.br\/index.php\/2025\/07\/29\/wilson-santos-alerta-comunidades-tradicionais-sobre-prazo-para-garantir-r-6-mil-destinados-a-agricultura\/\" \/>\n<meta property=\"og:locale\" content=\"pt_BR\" \/>\n<meta property=\"og:type\" content=\"article\" \/>\n<meta property=\"og:title\" content=\"Wilson Santos alerta comunidades tradicionais sobre prazo para garantir R$ 6 mil destinados \u00e0 agricultura\" \/>\n<meta property=\"og:description\" content=\"O deputado estadual Wilson Santos (PSD) usou as redes sociais para alertar agricultores familiares e integrantes de comunidades tradicionais de Mato Grosso \u2013 como quilombolas, ind\u00edgenas e assentados \u2013 sobre a abertura do Edital de Chamamento P\u00fablico n\u00ba 002\/2025, lan\u00e7ado pela Secretaria de Estado de Agricultura Familiar (SEAF). A proposta vai selecionar benefici\u00e1rios para receber [&hellip;]\" \/>\n<meta property=\"og:url\" content=\"https:\/\/wilsonsantosmt.com.br\/index.php\/2025\/07\/29\/wilson-santos-alerta-comunidades-tradicionais-sobre-prazo-para-garantir-r-6-mil-destinados-a-agricultura\/\" \/>\n<meta property=\"og:site_name\" content=\"wilsonsantosmt.com.br\" \/>\n<meta property=\"article:publisher\" content=\"https:\/\/www.facebook.com\/WilsonSantosMT\/\" \/>\n<meta property=\"article:published_time\" content=\"2025-07-29T20:03:54+00:00\" \/>\n<meta property=\"article:modified_time\" content=\"2025-08-04T20:04:55+00:00\" \/>\n<meta property=\"og:image\" content=\"http:\/\/wilsonsantosmt.com.br\/wp-content\/uploads\/2025\/08\/WhatsApp-Image-2025-08-04-at-16.00.02.jpeg\" \/>\n\t<meta property=\"og:image:width\" content=\"1310\" \/>\n\t<meta property=\"og:image:height\" content=\"805\" \/>\n\t<meta property=\"og:image:type\" content=\"image\/jpeg\" \/>\n<meta name=\"author\" content=\"Samantha dos Anjos\" \/>\n<meta name=\"twitter:card\" content=\"summary_large_image\" \/>\n<meta name=\"twitter:label1\" content=\"Escrito por\" \/>\n\t<meta name=\"twitter:data1\" content=\"Samantha dos Anjos\" \/>\n\t<meta name=\"twitter:label2\" content=\"Est. tempo de leitura\" \/>\n\t<meta name=\"twitter:data2\" content=\"3 minutos\" \/>\n<script type=\"application\/ld+json\" class=\"yoast-schema-graph\">{\"@context\":\"https:\/\/schema.org\",\"@graph\":[{\"@type\":\"Article\",\"@id\":\"https:\/\/wilsonsantosmt.com.br\/index.php\/2025\/07\/29\/wilson-santos-alerta-comunidades-tradicionais-sobre-prazo-para-garantir-r-6-mil-destinados-a-agricultura\/#article\",\"isPartOf\":{\"@id\":\"https:\/\/wilsonsantosmt.com.br\/index.php\/2025\/07\/29\/wilson-santos-alerta-comunidades-tradicionais-sobre-prazo-para-garantir-r-6-mil-destinados-a-agricultura\/\"},\"author\":{\"name\":\"Samantha dos Anjos\",\"@id\":\"https:\/\/wilsonsantosmt.com.br\/#\/schema\/person\/1d097ee45f526dd0455dbad8c679932c\"},\"headline\":\"Wilson Santos alerta comunidades tradicionais sobre prazo para garantir R$ 6 mil destinados \u00e0 agricultura\",\"datePublished\":\"2025-07-29T20:03:54+00:00\",\"dateModified\":\"2025-08-04T20:04:55+00:00\",\"mainEntityOfPage\":{\"@id\":\"https:\/\/wilsonsantosmt.com.br\/index.php\/2025\/07\/29\/wilson-santos-alerta-comunidades-tradicionais-sobre-prazo-para-garantir-r-6-mil-destinados-a-agricultura\/\"},\"wordCount\":425,\"publisher\":{\"@id\":\"https:\/\/wilsonsantosmt.com.br\/#\/schema\/person\/9de3c54961637a9eadb16bcbf895b1ef\"},\"articleSection\":[\"Not\u00edcias\"],\"inLanguage\":\"pt-BR\"},{\"@type\":\"WebPage\",\"@id\":\"https:\/\/wilsonsantosmt.com.br\/index.php\/2025\/07\/29\/wilson-santos-alerta-comunidades-tradicionais-sobre-prazo-para-garantir-r-6-mil-destinados-a-agricultura\/\",\"url\":\"https:\/\/wilsonsantosmt.com.br\/index.php\/2025\/07\/29\/wilson-santos-alerta-comunidades-tradicionais-sobre-prazo-para-garantir-r-6-mil-destinados-a-agricultura\/\",\"name\":\"Wilson Santos alerta comunidades tradicionais sobre prazo para garantir R$ 6 mil destinados \u00e0 agricultura - wilsonsantosmt.com.br\",\"isPartOf\":{\"@id\":\"https:\/\/wilsonsantosmt.com.br\/#website\"},\"datePublished\":\"2025-07-29T20:03:54+00:00\",\"dateModified\":\"2025-08-04T20:04:55+00:00\",\"breadcrumb\":{\"@id\":\"https:\/\/wilsonsantosmt.com.br\/index.php\/2025\/07\/29\/wilson-santos-alerta-comunidades-tradicionais-sobre-prazo-para-garantir-r-6-mil-destinados-a-agricultura\/#breadcrumb\"},\"inLanguage\":\"pt-BR\",\"potentialAction\":[{\"@type\":\"ReadAction\",\"target\":[\"https:\/\/wilsonsantosmt.com.br\/index.php\/2025\/07\/29\/wilson-santos-alerta-comunidades-tradicionais-sobre-prazo-para-garantir-r-6-mil-destinados-a-agricultura\/\"]}]},{\"@type\":\"BreadcrumbList\",\"@id\":\"https:\/\/wilsonsantosmt.com.br\/index.php\/2025\/07\/29\/wilson-santos-alerta-comunidades-tradicionais-sobre-prazo-para-garantir-r-6-mil-destinados-a-agricultura\/#breadcrumb\",\"itemListElement\":[{\"@type\":\"ListItem\",\"position\":1,\"name\":\"In\u00edcio\",\"item\":\"https:\/\/wilsonsantosmt.com.br\/\"},{\"@type\":\"ListItem\",\"position\":2,\"name\":\"Not\u00edcias\",\"item\":\"https:\/\/wilsonsantosmt.com.br\/index.php\/category\/noticias\/\"},{\"@type\":\"ListItem\",\"position\":3,\"name\":\"Wilson Santos alerta comunidades tradicionais sobre prazo para garantir R$ 6 mil destinados \u00e0 agricultura\"}]},{\"@type\":\"WebSite\",\"@id\":\"https:\/\/wilsonsantosmt.com.br\/#website\",\"url\":\"https:\/\/wilsonsantosmt.com.br\/\",\"name\":\"wilsonsantosmt.com.br\",\"description\":\"\",\"publisher\":{\"@id\":\"https:\/\/wilsonsantosmt.com.br\/#\/schema\/person\/9de3c54961637a9eadb16bcbf895b1ef\"},\"potentialAction\":[{\"@type\":\"SearchAction\",\"target\":{\"@type\":\"EntryPoint\",\"urlTemplate\":\"https:\/\/wilsonsantosmt.com.br\/?s={search_term_string}\"},\"query-input\":\"required name=search_term_string\"}],\"inLanguage\":\"pt-BR\"},{\"@type\":[\"Person\",\"Organization\"],\"@id\":\"https:\/\/wilsonsantosmt.com.br\/#\/schema\/person\/9de3c54961637a9eadb16bcbf895b1ef\",\"name\":\"Wilson Santos\",\"image\":{\"@type\":\"ImageObject\",\"inLanguage\":\"pt-BR\",\"@id\":\"https:\/\/wilsonsantosmt.com.br\/#\/schema\/person\/image\/\",\"url\":\"https:\/\/wilsonsantosmt.com.br\/wp-content\/uploads\/2023\/11\/310828673_653254583023360_8795459643194608438_n.jpg\",\"contentUrl\":\"https:\/\/wilsonsantosmt.com.br\/wp-content\/uploads\/2023\/11\/310828673_653254583023360_8795459643194608438_n.jpg\",\"width\":1078,\"height\":1079,\"caption\":\"Wilson Santos\"},\"logo\":{\"@id\":\"https:\/\/wilsonsantosmt.com.br\/#\/schema\/person\/image\/\"},\"sameAs\":[\"http:\/\/wilsonsantosmt.com.br\",\"https:\/\/www.facebook.com\/WilsonSantosMT\/\",\"https:\/\/www.instagram.com\/wilsonsantosmt\/\",\"https:\/\/www.youtube.com\/@WilsonSantosWS\/videos\",\"https:\/\/pt.wikipedia.org\/wiki\/Wilson_Santos\"],\"honorificPrefix\":\"Sr\",\"gender\":\"masculino\",\"jobTitle\":\"Deputado Estadual\",\"worksFor\":\"Assembleia Legislativa de Mato Grosso\"},{\"@type\":\"Person\",\"@id\":\"https:\/\/wilsonsantosmt.com.br\/#\/schema\/person\/1d097ee45f526dd0455dbad8c679932c\",\"name\":\"Samantha dos Anjos\",\"image\":{\"@type\":\"ImageObject\",\"inLanguage\":\"pt-BR\",\"@id\":\"https:\/\/wilsonsantosmt.com.br\/#\/schema\/person\/image\/\",\"url\":\"https:\/\/secure.gravatar.com\/avatar\/7d8d0b6dd67d134a9fa841bee90c57c7?s=96&d=mm&r=g\",\"contentUrl\":\"https:\/\/secure.gravatar.com\/avatar\/7d8d0b6dd67d134a9fa841bee90c57c7?s=96&d=mm&r=g\",\"caption\":\"Samantha dos Anjos\"},\"url\":\"https:\/\/wilsonsantosmt.com.br\/index.php\/author\/samantha-dos-anjos\/\"}]}<\/script>\n<!-- \/ Yoast SEO Premium plugin. -->","yoast_head_json":{"title":"Wilson Santos alerta comunidades tradicionais sobre prazo para garantir R$ 6 mil destinados \u00e0 agricultura - wilsonsantosmt.com.br","robots":{"index":"index","follow":"follow","max-snippet":"max-snippet:-1","max-image-preview":"max-image-preview:large","max-video-preview":"max-video-preview:-1"},"canonical":"https:\/\/wilsonsantosmt.com.br\/index.php\/2025\/07\/29\/wilson-santos-alerta-comunidades-tradicionais-sobre-prazo-para-garantir-r-6-mil-destinados-a-agricultura\/","og_locale":"pt_BR","og_type":"article","og_title":"Wilson Santos alerta comunidades tradicionais sobre prazo para garantir R$ 6 mil destinados \u00e0 agricultura","og_description":"O deputado estadual Wilson Santos (PSD) usou as redes sociais para alertar agricultores familiares e integrantes de comunidades tradicionais de Mato Grosso \u2013 como quilombolas, ind\u00edgenas e assentados \u2013 sobre a abertura do Edital de Chamamento P\u00fablico n\u00ba 002\/2025, lan\u00e7ado pela Secretaria de Estado de Agricultura Familiar (SEAF). A proposta vai selecionar benefici\u00e1rios para receber [&hellip;]","og_url":"https:\/\/wilsonsantosmt.com.br\/index.php\/2025\/07\/29\/wilson-santos-alerta-comunidades-tradicionais-sobre-prazo-para-garantir-r-6-mil-destinados-a-agricultura\/","og_site_name":"wilsonsantosmt.com.br","article_publisher":"https:\/\/www.facebook.com\/WilsonSantosMT\/","article_published_time":"2025-07-29T20:03:54+00:00","article_modified_time":"2025-08-04T20:04:55+00:00","og_image":[{"width":1310,"height":805,"url":"http:\/\/wilsonsantosmt.com.br\/wp-content\/uploads\/2025\/08\/WhatsApp-Image-2025-08-04-at-16.00.02.jpeg","type":"image\/jpeg"}],"author":"Samantha dos Anjos","twitter_card":"summary_large_image","twitter_misc":{"Escrito por":"Samantha dos Anjos","Est. tempo de leitura":"3 minutos"},"schema":{"@context":"https:\/\/schema.org","@graph":[{"@type":"Article","@id":"https:\/\/wilsonsantosmt.com.br\/index.php\/2025\/07\/29\/wilson-santos-alerta-comunidades-tradicionais-sobre-prazo-para-garantir-r-6-mil-destinados-a-agricultura\/#article","isPartOf":{"@id":"https:\/\/wilsonsantosmt.com.br\/index.php\/2025\/07\/29\/wilson-santos-alerta-comunidades-tradicionais-sobre-prazo-para-garantir-r-6-mil-destinados-a-agricultura\/"},"author":{"name":"Samantha dos Anjos","@id":"https:\/\/wilsonsantosmt.com.br\/#\/schema\/person\/1d097ee45f526dd0455dbad8c679932c"},"headline":"Wilson Santos alerta comunidades tradicionais sobre prazo para garantir R$ 6 mil destinados \u00e0 agricultura","datePublished":"2025-07-29T20:03:54+00:00","dateModified":"2025-08-04T20:04:55+00:00","mainEntityOfPage":{"@id":"https:\/\/wilsonsantosmt.com.br\/index.php\/2025\/07\/29\/wilson-santos-alerta-comunidades-tradicionais-sobre-prazo-para-garantir-r-6-mil-destinados-a-agricultura\/"},"wordCount":425,"publisher":{"@id":"https:\/\/wilsonsantosmt.com.br\/#\/schema\/person\/9de3c54961637a9eadb16bcbf895b1ef"},"articleSection":["Not\u00edcias"],"inLanguage":"pt-BR"},{"@type":"WebPage","@id":"https:\/\/wilsonsantosmt.com.br\/index.php\/2025\/07\/29\/wilson-santos-alerta-comunidades-tradicionais-sobre-prazo-para-garantir-r-6-mil-destinados-a-agricultura\/","url":"https:\/\/wilsonsantosmt.com.br\/index.php\/2025\/07\/29\/wilson-santos-alerta-comunidades-tradicionais-sobre-prazo-para-garantir-r-6-mil-destinados-a-agricultura\/","name":"Wilson Santos alerta comunidades tradicionais sobre prazo para garantir R$ 6 mil destinados \u00e0 agricultura - wilsonsantosmt.com.br","isPartOf":{"@id":"https:\/\/wilsonsantosmt.com.br\/#website"},"datePublished":"2025-07-29T20:03:54+00:00","dateModified":"2025-08-04T20:04:55+00:00","breadcrumb":{"@id":"https:\/\/wilsonsantosmt.com.br\/index.php\/2025\/07\/29\/wilson-santos-alerta-comunidades-tradicionais-sobre-prazo-para-garantir-r-6-mil-destinados-a-agricultura\/#breadcrumb"},"inLanguage":"pt-BR","potentialAction":[{"@type":"ReadAction","target":["https:\/\/wilsonsantosmt.com.br\/index.php\/2025\/07\/29\/wilson-santos-alerta-comunidades-tradicionais-sobre-prazo-para-garantir-r-6-mil-destinados-a-agricultura\/"]}]},{"@type":"BreadcrumbList","@id":"https:\/\/wilsonsantosmt.com.br\/index.php\/2025\/07\/29\/wilson-santos-alerta-comunidades-tradicionais-sobre-prazo-para-garantir-r-6-mil-destinados-a-agricultura\/#breadcrumb","itemListElement":[{"@type":"ListItem","position":1,"name":"In\u00edcio","item":"https:\/\/wilsonsantosmt.com.br\/"},{"@type":"ListItem","position":2,"name":"Not\u00edcias","item":"https:\/\/wilsonsantosmt.com.br\/index.php\/category\/noticias\/"},{"@type":"ListItem","position":3,"name":"Wilson Santos alerta comunidades tradicionais sobre prazo para garantir R$ 6 mil destinados \u00e0 agricultura"}]},{"@type":"WebSite","@id":"https:\/\/wilsonsantosmt.com.br\/#website","url":"https:\/\/wilsonsantosmt.com.br\/","name":"wilsonsantosmt.com.br","description":"","publisher":{"@id":"https:\/\/wilsonsantosmt.com.br\/#\/schema\/person\/9de3c54961637a9eadb16bcbf895b1ef"},"potentialAction":[{"@type":"SearchAction","target":{"@type":"EntryPoint","urlTemplate":"https:\/\/wilsonsantosmt.com.br\/?s={search_term_string}"},"query-input":"required name=search_term_string"}],"inLanguage":"pt-BR"},{"@type":["Person","Organization"],"@id":"https:\/\/wilsonsantosmt.com.br\/#\/schema\/person\/9de3c54961637a9eadb16bcbf895b1ef","name":"Wilson Santos","image":{"@type":"ImageObject","inLanguage":"pt-BR","@id":"https:\/\/wilsonsantosmt.com.br\/#\/schema\/person\/image\/","url":"https:\/\/wilsonsantosmt.com.br\/wp-content\/uploads\/2023\/11\/310828673_653254583023360_8795459643194608438_n.jpg","contentUrl":"https:\/\/wilsonsantosmt.com.br\/wp-content\/uploads\/2023\/11\/310828673_653254583023360_8795459643194608438_n.jpg","width":1078,"height":1079,"caption":"Wilson Santos"},"logo":{"@id":"https:\/\/wilsonsantosmt.com.br\/#\/schema\/person\/image\/"},"sameAs":["http:\/\/wilsonsantosmt.com.br","https:\/\/www.facebook.com\/WilsonSantosMT\/","https:\/\/www.instagram.com\/wilsonsantosmt\/","https:\/\/www.youtube.com\/@WilsonSantosWS\/videos","https:\/\/pt.wikipedia.org\/wiki\/Wilson_Santos"],"honorificPrefix":"Sr","gender":"masculino","jobTitle":"Deputado Estadual","worksFor":"Assembleia Legislativa de Mato Grosso"},{"@type":"Person","@id":"https:\/\/wilsonsantosmt.com.br\/#\/schema\/person\/1d097ee45f526dd0455dbad8c679932c","name":"Samantha dos Anjos","image":{"@type":"ImageObject","inLanguage":"pt-BR","@id":"https:\/\/wilsonsantosmt.com.br\/#\/schema\/person\/image\/","url":"https:\/\/secure.gravatar.com\/avatar\/7d8d0b6dd67d134a9fa841bee90c57c7?s=96&d=mm&r=g","contentUrl":"https:\/\/secure.gravatar.com\/avatar\/7d8d0b6dd67d134a9fa841bee90c57c7?s=96&d=mm&r=g","caption":"Samantha dos Anjos"},"url":"https:\/\/wilsonsantosmt.com.br\/index.php\/author\/samantha-dos-anjos\/"}]}},"_links":{"self":[{"href":"https:\/\/wilsonsantosmt.com.br\/index.php\/wp-json\/wp\/v2\/posts\/1753"}],"collection":[{"href":"https:\/\/wilsonsantosmt.com.br\/index.php\/wp-json\/wp\/v2\/posts"}],"about":[{"href":"https:\/\/wilsonsantosmt.com.br\/index.php\/wp-json\/wp\/v2\/types\/post"}],"author":[{"embeddable":true,"href":"https:\/\/wilsonsantosmt.com.br\/index.php\/wp-json\/wp\/v2\/users\/4"}],"replies":[{"embeddable":true,"href":"https:\/\/wilsonsantosmt.com.br\/index.php\/wp-json\/wp\/v2\/comments?post=1753"}],"version-history":[{"count":1,"href":"https:\/\/wilsonsantosmt.com.br\/index.php\/wp-json\/wp\/v2\/posts\/1753\/revisions"}],"predecessor-version":[{"id":1755,"href":"https:\/\/wilsonsantosmt.com.br\/index.php\/wp-json\/wp\/v2\/posts\/1753\/revisions\/1755"}],"wp:featuredmedia":[{"embeddable":true,"href":"https:\/\/wilsonsantosmt.com.br\/index.php\/wp-json\/wp\/v2\/media\/1754"}],"wp:attachment":[{"href":"https:\/\/wilsonsantosmt.com.br\/index.php\/wp-json\/wp\/v2\/media?parent=1753"}],"wp:term":[{"taxonomy":"category","embeddable":true,"href":"https:\/\/wilsonsantosmt.com.br\/index.php\/wp-json\/wp\/v2\/categories?post=1753"},{"taxonomy":"post_tag","embeddable":true,"href":"https:\/\/wilsonsantosmt.com.br\/index.php\/wp-json\/wp\/v2\/tags?post=1753"}],"curies":[{"name":"wp","href":"https:\/\/api.w.org\/{rel}","templated":true}]}}