{"id":1768,"date":"2025-08-13T14:38:08","date_gmt":"2025-08-13T18:38:08","guid":{"rendered":"https:\/\/wilsonsantosmt.com.br\/?p=1768"},"modified":"2025-08-13T14:38:09","modified_gmt":"2025-08-13T18:38:09","slug":"wilson-santos-propoe-comissao-especial-para-tratar-o-futuro-da-distribuicao-de-energia-em-mt","status":"publish","type":"post","link":"https:\/\/wilsonsantosmt.com.br\/index.php\/2025\/08\/13\/wilson-santos-propoe-comissao-especial-para-tratar-o-futuro-da-distribuicao-de-energia-em-mt\/","title":{"rendered":"Wilson Santos prop\u00f5e comiss\u00e3o especial para tratar o futuro da distribui\u00e7\u00e3o de energia em MT"},"content":{"rendered":"\n<p><\/p>\n\n\n\n<p>O deputado estadual Wilson Santos (PSD) usou a tribuna, nesta quarta-feira (13), para alertar sobre a necessidade da forma\u00e7\u00e3o de uma comiss\u00e3o especial na Assembleia Legislativa para tratar sobre a renova\u00e7\u00e3o da concess\u00e3o, realizar nova licita\u00e7\u00e3o ou reestatizar para a distribui\u00e7\u00e3o de energia em Mato Grosso. Ele considera um assunto s\u00e9rio, j\u00e1 que existem cl\u00e1usulas contratuais que n\u00e3o foram cumpridas pela Energisa, a exemplo da energia trif\u00e1sica que n\u00e3o foi implantada em todos os munic\u00edpios mato-grossenses.<\/p>\n\n\n\n<p>\u201cN\u00f3s estamos \u00e0s v\u00e9speras da extin\u00e7\u00e3o dos 30 anos de concess\u00e3o que a Uni\u00e3o fez com a iniciativa privada do setor de distribui\u00e7\u00e3o de energia el\u00e9trica em Mato Grosso. N\u00f3s precisamos formar uma comiss\u00e3o de deputados para acompanhar esse processo de renova\u00e7\u00e3o junto \u00e0 Aneel (Ag\u00eancia Nacional de Energia El\u00e9trica). O grupo Rede e Energisa n\u00e3o cumpriram todas as cl\u00e1usulas contratuais, uma delas era que levassem energia trif\u00e1sica, usada em ind\u00fastrias e com\u00e9rcios com aparelhos de alta pot\u00eancia, para todos os munic\u00edpios de Mato Grosso. E n\u00e3o foi feito. O desenvolvimento de um Estado exige pelo menos gera\u00e7\u00e3o e distribui\u00e7\u00e3o de energia\u201d, pronunciou o parlamentar.<\/p>\n\n\n\n<p>Ele salienta que h\u00e1 munic\u00edpios do interior que n\u00e3o possuem uma ag\u00eancia f\u00edsica da Energisa para o atendimento p\u00fablico. \u201cEsse \u00e9 um assunto preocupante e exige desta Casa de Leis, uma a\u00e7\u00e3o urgente. J\u00e1 venho tratando desta pauta, v\u00e1rias vezes, na tribuna. H\u00e1 muitas reclama\u00e7\u00f5es no interior do Estado, de que o grupo Energisa n\u00e3o se faz representar fisicamente. Quando h\u00e1 alguma demanda, o consumidor n\u00e3o sabe a quem recorrer, pois n\u00e3o h\u00e1 uma ag\u00eancia f\u00edsica nos munic\u00edpios e nos maiores distritos de Mato Grosso\u201d, relatou o deputado.<\/p>\n\n\n\n<p>Wilson Santos explica que \u00e9 preciso que o presidente da Assembleia Legislativa, o deputado estadual Max Russi (PSB), nomeie pelo menos cinco deputados para a forma\u00e7\u00e3o da comiss\u00e3o especial, para que o Parlamento Estadual tenha autoridade legislativa para acompanhar o processo da poss\u00edvel renova\u00e7\u00e3o da Energisa ou a reestatiza\u00e7\u00e3o junto \u00e0 Aneel. N\u00e3o podemos ser historicamente penalizados pela hist\u00f3ria, se essa concess\u00e3o por mais 30 anos for renovada, sem uma an\u00e1lise rigorosa dos principais desafios sugeridos pela sociedade. Se quiser ficar, a concession\u00e1ria vai ter que apresentar uma proposta convincente\u201d, posicionou.<\/p>\n\n\n\n<p>A concess\u00e3o da Energisa, em Mato Grosso, \u00e9 v\u00e1lida at\u00e9 o dia 11 de dezembro de 2027. A Aneel aprovou um termo que permite a renova\u00e7\u00e3o dos contratos de distribui\u00e7\u00e3o por mais 30 anos, em que abrange 19 empresas \u2013 cujos contratos vencem entre os anos de 2025 e 2031.<\/p>\n","protected":false},"excerpt":{"rendered":"<p>O deputado estadual Wilson Santos (PSD) usou a tribuna, nesta quarta-feira (13), para alertar sobre a necessidade da forma\u00e7\u00e3o de uma comiss\u00e3o especial na Assembleia Legislativa para tratar sobre a renova\u00e7\u00e3o da concess\u00e3o, realizar nova licita\u00e7\u00e3o ou reestatizar para a distribui\u00e7\u00e3o de energia em Mato Grosso. Ele considera um assunto s\u00e9rio, j\u00e1 que existem cl\u00e1usulas [&hellip;]<\/p>\n","protected":false},"author":4,"featured_media":1769,"comment_status":"closed","ping_status":"open","sticky":false,"template":"","format":"standard","meta":{"footnotes":""},"categories":[13],"tags":[],"yoast_head":"<!-- This site is optimized with the Yoast SEO Premium plugin v21.5 (Yoast SEO v21.4) - https:\/\/yoast.com\/wordpress\/plugins\/seo\/ -->\n<title>Wilson Santos prop\u00f5e comiss\u00e3o especial para tratar o futuro da distribui\u00e7\u00e3o de energia em MT - wilsonsantosmt.com.br<\/title>\n<meta name=\"robots\" content=\"index, follow, max-snippet:-1, max-image-preview:large, max-video-preview:-1\" \/>\n<link rel=\"canonical\" href=\"https:\/\/wilsonsantosmt.com.br\/index.php\/2025\/08\/13\/wilson-santos-propoe-comissao-especial-para-tratar-o-futuro-da-distribuicao-de-energia-em-mt\/\" \/>\n<meta property=\"og:locale\" content=\"pt_BR\" \/>\n<meta property=\"og:type\" content=\"article\" \/>\n<meta property=\"og:title\" content=\"Wilson Santos prop\u00f5e comiss\u00e3o especial para tratar o futuro da distribui\u00e7\u00e3o de energia em MT\" \/>\n<meta property=\"og:description\" content=\"O deputado estadual Wilson Santos (PSD) usou a tribuna, nesta quarta-feira (13), para alertar sobre a necessidade da forma\u00e7\u00e3o de uma comiss\u00e3o especial na Assembleia Legislativa para tratar sobre a renova\u00e7\u00e3o da concess\u00e3o, realizar nova licita\u00e7\u00e3o ou reestatizar para a distribui\u00e7\u00e3o de energia em Mato Grosso. Ele considera um assunto s\u00e9rio, j\u00e1 que existem cl\u00e1usulas [&hellip;]\" \/>\n<meta property=\"og:url\" content=\"https:\/\/wilsonsantosmt.com.br\/index.php\/2025\/08\/13\/wilson-santos-propoe-comissao-especial-para-tratar-o-futuro-da-distribuicao-de-energia-em-mt\/\" \/>\n<meta property=\"og:site_name\" content=\"wilsonsantosmt.com.br\" \/>\n<meta property=\"article:publisher\" content=\"https:\/\/www.facebook.com\/WilsonSantosMT\/\" \/>\n<meta property=\"article:published_time\" content=\"2025-08-13T18:38:08+00:00\" \/>\n<meta property=\"article:modified_time\" content=\"2025-08-13T18:38:09+00:00\" \/>\n<meta property=\"og:image\" content=\"http:\/\/wilsonsantosmt.com.br\/wp-content\/uploads\/2025\/08\/ba193304d75c59c7080571036ad15f47689cc8c2744ed.jpg\" \/>\n\t<meta property=\"og:image:width\" content=\"1600\" \/>\n\t<meta property=\"og:image:height\" content=\"1067\" \/>\n\t<meta property=\"og:image:type\" content=\"image\/jpeg\" \/>\n<meta name=\"author\" content=\"Samantha dos Anjos\" \/>\n<meta name=\"twitter:card\" content=\"summary_large_image\" \/>\n<meta name=\"twitter:label1\" content=\"Escrito por\" \/>\n\t<meta name=\"twitter:data1\" content=\"Samantha dos Anjos\" \/>\n\t<meta name=\"twitter:label2\" content=\"Est. tempo de leitura\" \/>\n\t<meta name=\"twitter:data2\" content=\"3 minutos\" \/>\n<script type=\"application\/ld+json\" class=\"yoast-schema-graph\">{\"@context\":\"https:\/\/schema.org\",\"@graph\":[{\"@type\":\"Article\",\"@id\":\"https:\/\/wilsonsantosmt.com.br\/index.php\/2025\/08\/13\/wilson-santos-propoe-comissao-especial-para-tratar-o-futuro-da-distribuicao-de-energia-em-mt\/#article\",\"isPartOf\":{\"@id\":\"https:\/\/wilsonsantosmt.com.br\/index.php\/2025\/08\/13\/wilson-santos-propoe-comissao-especial-para-tratar-o-futuro-da-distribuicao-de-energia-em-mt\/\"},\"author\":{\"name\":\"Samantha dos Anjos\",\"@id\":\"https:\/\/wilsonsantosmt.com.br\/#\/schema\/person\/1d097ee45f526dd0455dbad8c679932c\"},\"headline\":\"Wilson Santos prop\u00f5e comiss\u00e3o especial para tratar o futuro da distribui\u00e7\u00e3o de energia em MT\",\"datePublished\":\"2025-08-13T18:38:08+00:00\",\"dateModified\":\"2025-08-13T18:38:09+00:00\",\"mainEntityOfPage\":{\"@id\":\"https:\/\/wilsonsantosmt.com.br\/index.php\/2025\/08\/13\/wilson-santos-propoe-comissao-especial-para-tratar-o-futuro-da-distribuicao-de-energia-em-mt\/\"},\"wordCount\":475,\"publisher\":{\"@id\":\"https:\/\/wilsonsantosmt.com.br\/#\/schema\/person\/9de3c54961637a9eadb16bcbf895b1ef\"},\"articleSection\":[\"Not\u00edcias\"],\"inLanguage\":\"pt-BR\"},{\"@type\":\"WebPage\",\"@id\":\"https:\/\/wilsonsantosmt.com.br\/index.php\/2025\/08\/13\/wilson-santos-propoe-comissao-especial-para-tratar-o-futuro-da-distribuicao-de-energia-em-mt\/\",\"url\":\"https:\/\/wilsonsantosmt.com.br\/index.php\/2025\/08\/13\/wilson-santos-propoe-comissao-especial-para-tratar-o-futuro-da-distribuicao-de-energia-em-mt\/\",\"name\":\"Wilson Santos prop\u00f5e comiss\u00e3o especial para tratar o futuro da distribui\u00e7\u00e3o de energia em MT - wilsonsantosmt.com.br\",\"isPartOf\":{\"@id\":\"https:\/\/wilsonsantosmt.com.br\/#website\"},\"datePublished\":\"2025-08-13T18:38:08+00:00\",\"dateModified\":\"2025-08-13T18:38:09+00:00\",\"breadcrumb\":{\"@id\":\"https:\/\/wilsonsantosmt.com.br\/index.php\/2025\/08\/13\/wilson-santos-propoe-comissao-especial-para-tratar-o-futuro-da-distribuicao-de-energia-em-mt\/#breadcrumb\"},\"inLanguage\":\"pt-BR\",\"potentialAction\":[{\"@type\":\"ReadAction\",\"target\":[\"https:\/\/wilsonsantosmt.com.br\/index.php\/2025\/08\/13\/wilson-santos-propoe-comissao-especial-para-tratar-o-futuro-da-distribuicao-de-energia-em-mt\/\"]}]},{\"@type\":\"BreadcrumbList\",\"@id\":\"https:\/\/wilsonsantosmt.com.br\/index.php\/2025\/08\/13\/wilson-santos-propoe-comissao-especial-para-tratar-o-futuro-da-distribuicao-de-energia-em-mt\/#breadcrumb\",\"itemListElement\":[{\"@type\":\"ListItem\",\"position\":1,\"name\":\"In\u00edcio\",\"item\":\"https:\/\/wilsonsantosmt.com.br\/\"},{\"@type\":\"ListItem\",\"position\":2,\"name\":\"Not\u00edcias\",\"item\":\"https:\/\/wilsonsantosmt.com.br\/index.php\/category\/noticias\/\"},{\"@type\":\"ListItem\",\"position\":3,\"name\":\"Wilson Santos prop\u00f5e comiss\u00e3o especial para tratar o futuro da distribui\u00e7\u00e3o de energia em MT\"}]},{\"@type\":\"WebSite\",\"@id\":\"https:\/\/wilsonsantosmt.com.br\/#website\",\"url\":\"https:\/\/wilsonsantosmt.com.br\/\",\"name\":\"wilsonsantosmt.com.br\",\"description\":\"\",\"publisher\":{\"@id\":\"https:\/\/wilsonsantosmt.com.br\/#\/schema\/person\/9de3c54961637a9eadb16bcbf895b1ef\"},\"potentialAction\":[{\"@type\":\"SearchAction\",\"target\":{\"@type\":\"EntryPoint\",\"urlTemplate\":\"https:\/\/wilsonsantosmt.com.br\/?s={search_term_string}\"},\"query-input\":\"required name=search_term_string\"}],\"inLanguage\":\"pt-BR\"},{\"@type\":[\"Person\",\"Organization\"],\"@id\":\"https:\/\/wilsonsantosmt.com.br\/#\/schema\/person\/9de3c54961637a9eadb16bcbf895b1ef\",\"name\":\"Wilson Santos\",\"image\":{\"@type\":\"ImageObject\",\"inLanguage\":\"pt-BR\",\"@id\":\"https:\/\/wilsonsantosmt.com.br\/#\/schema\/person\/image\/\",\"url\":\"https:\/\/wilsonsantosmt.com.br\/wp-content\/uploads\/2023\/11\/310828673_653254583023360_8795459643194608438_n.jpg\",\"contentUrl\":\"https:\/\/wilsonsantosmt.com.br\/wp-content\/uploads\/2023\/11\/310828673_653254583023360_8795459643194608438_n.jpg\",\"width\":1078,\"height\":1079,\"caption\":\"Wilson Santos\"},\"logo\":{\"@id\":\"https:\/\/wilsonsantosmt.com.br\/#\/schema\/person\/image\/\"},\"sameAs\":[\"http:\/\/wilsonsantosmt.com.br\",\"https:\/\/www.facebook.com\/WilsonSantosMT\/\",\"https:\/\/www.instagram.com\/wilsonsantosmt\/\",\"https:\/\/www.youtube.com\/@WilsonSantosWS\/videos\",\"https:\/\/pt.wikipedia.org\/wiki\/Wilson_Santos\"],\"honorificPrefix\":\"Sr\",\"gender\":\"masculino\",\"jobTitle\":\"Deputado Estadual\",\"worksFor\":\"Assembleia Legislativa de Mato Grosso\"},{\"@type\":\"Person\",\"@id\":\"https:\/\/wilsonsantosmt.com.br\/#\/schema\/person\/1d097ee45f526dd0455dbad8c679932c\",\"name\":\"Samantha dos Anjos\",\"image\":{\"@type\":\"ImageObject\",\"inLanguage\":\"pt-BR\",\"@id\":\"https:\/\/wilsonsantosmt.com.br\/#\/schema\/person\/image\/\",\"url\":\"https:\/\/secure.gravatar.com\/avatar\/7d8d0b6dd67d134a9fa841bee90c57c7?s=96&d=mm&r=g\",\"contentUrl\":\"https:\/\/secure.gravatar.com\/avatar\/7d8d0b6dd67d134a9fa841bee90c57c7?s=96&d=mm&r=g\",\"caption\":\"Samantha dos Anjos\"},\"url\":\"https:\/\/wilsonsantosmt.com.br\/index.php\/author\/samantha-dos-anjos\/\"}]}<\/script>\n<!-- \/ Yoast SEO Premium plugin. -->","yoast_head_json":{"title":"Wilson Santos prop\u00f5e comiss\u00e3o especial para tratar o futuro da distribui\u00e7\u00e3o de energia em MT - wilsonsantosmt.com.br","robots":{"index":"index","follow":"follow","max-snippet":"max-snippet:-1","max-image-preview":"max-image-preview:large","max-video-preview":"max-video-preview:-1"},"canonical":"https:\/\/wilsonsantosmt.com.br\/index.php\/2025\/08\/13\/wilson-santos-propoe-comissao-especial-para-tratar-o-futuro-da-distribuicao-de-energia-em-mt\/","og_locale":"pt_BR","og_type":"article","og_title":"Wilson Santos prop\u00f5e comiss\u00e3o especial para tratar o futuro da distribui\u00e7\u00e3o de energia em MT","og_description":"O deputado estadual Wilson Santos (PSD) usou a tribuna, nesta quarta-feira (13), para alertar sobre a necessidade da forma\u00e7\u00e3o de uma comiss\u00e3o especial na Assembleia Legislativa para tratar sobre a renova\u00e7\u00e3o da concess\u00e3o, realizar nova licita\u00e7\u00e3o ou reestatizar para a distribui\u00e7\u00e3o de energia em Mato Grosso. Ele considera um assunto s\u00e9rio, j\u00e1 que existem cl\u00e1usulas [&hellip;]","og_url":"https:\/\/wilsonsantosmt.com.br\/index.php\/2025\/08\/13\/wilson-santos-propoe-comissao-especial-para-tratar-o-futuro-da-distribuicao-de-energia-em-mt\/","og_site_name":"wilsonsantosmt.com.br","article_publisher":"https:\/\/www.facebook.com\/WilsonSantosMT\/","article_published_time":"2025-08-13T18:38:08+00:00","article_modified_time":"2025-08-13T18:38:09+00:00","og_image":[{"width":1600,"height":1067,"url":"http:\/\/wilsonsantosmt.com.br\/wp-content\/uploads\/2025\/08\/ba193304d75c59c7080571036ad15f47689cc8c2744ed.jpg","type":"image\/jpeg"}],"author":"Samantha dos Anjos","twitter_card":"summary_large_image","twitter_misc":{"Escrito por":"Samantha dos Anjos","Est. tempo de leitura":"3 minutos"},"schema":{"@context":"https:\/\/schema.org","@graph":[{"@type":"Article","@id":"https:\/\/wilsonsantosmt.com.br\/index.php\/2025\/08\/13\/wilson-santos-propoe-comissao-especial-para-tratar-o-futuro-da-distribuicao-de-energia-em-mt\/#article","isPartOf":{"@id":"https:\/\/wilsonsantosmt.com.br\/index.php\/2025\/08\/13\/wilson-santos-propoe-comissao-especial-para-tratar-o-futuro-da-distribuicao-de-energia-em-mt\/"},"author":{"name":"Samantha dos Anjos","@id":"https:\/\/wilsonsantosmt.com.br\/#\/schema\/person\/1d097ee45f526dd0455dbad8c679932c"},"headline":"Wilson Santos prop\u00f5e comiss\u00e3o especial para tratar o futuro da distribui\u00e7\u00e3o de energia em MT","datePublished":"2025-08-13T18:38:08+00:00","dateModified":"2025-08-13T18:38:09+00:00","mainEntityOfPage":{"@id":"https:\/\/wilsonsantosmt.com.br\/index.php\/2025\/08\/13\/wilson-santos-propoe-comissao-especial-para-tratar-o-futuro-da-distribuicao-de-energia-em-mt\/"},"wordCount":475,"publisher":{"@id":"https:\/\/wilsonsantosmt.com.br\/#\/schema\/person\/9de3c54961637a9eadb16bcbf895b1ef"},"articleSection":["Not\u00edcias"],"inLanguage":"pt-BR"},{"@type":"WebPage","@id":"https:\/\/wilsonsantosmt.com.br\/index.php\/2025\/08\/13\/wilson-santos-propoe-comissao-especial-para-tratar-o-futuro-da-distribuicao-de-energia-em-mt\/","url":"https:\/\/wilsonsantosmt.com.br\/index.php\/2025\/08\/13\/wilson-santos-propoe-comissao-especial-para-tratar-o-futuro-da-distribuicao-de-energia-em-mt\/","name":"Wilson Santos prop\u00f5e comiss\u00e3o especial para tratar o futuro da distribui\u00e7\u00e3o de energia em MT - wilsonsantosmt.com.br","isPartOf":{"@id":"https:\/\/wilsonsantosmt.com.br\/#website"},"datePublished":"2025-08-13T18:38:08+00:00","dateModified":"2025-08-13T18:38:09+00:00","breadcrumb":{"@id":"https:\/\/wilsonsantosmt.com.br\/index.php\/2025\/08\/13\/wilson-santos-propoe-comissao-especial-para-tratar-o-futuro-da-distribuicao-de-energia-em-mt\/#breadcrumb"},"inLanguage":"pt-BR","potentialAction":[{"@type":"ReadAction","target":["https:\/\/wilsonsantosmt.com.br\/index.php\/2025\/08\/13\/wilson-santos-propoe-comissao-especial-para-tratar-o-futuro-da-distribuicao-de-energia-em-mt\/"]}]},{"@type":"BreadcrumbList","@id":"https:\/\/wilsonsantosmt.com.br\/index.php\/2025\/08\/13\/wilson-santos-propoe-comissao-especial-para-tratar-o-futuro-da-distribuicao-de-energia-em-mt\/#breadcrumb","itemListElement":[{"@type":"ListItem","position":1,"name":"In\u00edcio","item":"https:\/\/wilsonsantosmt.com.br\/"},{"@type":"ListItem","position":2,"name":"Not\u00edcias","item":"https:\/\/wilsonsantosmt.com.br\/index.php\/category\/noticias\/"},{"@type":"ListItem","position":3,"name":"Wilson Santos prop\u00f5e comiss\u00e3o especial para tratar o futuro da distribui\u00e7\u00e3o de energia em MT"}]},{"@type":"WebSite","@id":"https:\/\/wilsonsantosmt.com.br\/#website","url":"https:\/\/wilsonsantosmt.com.br\/","name":"wilsonsantosmt.com.br","description":"","publisher":{"@id":"https:\/\/wilsonsantosmt.com.br\/#\/schema\/person\/9de3c54961637a9eadb16bcbf895b1ef"},"potentialAction":[{"@type":"SearchAction","target":{"@type":"EntryPoint","urlTemplate":"https:\/\/wilsonsantosmt.com.br\/?s={search_term_string}"},"query-input":"required name=search_term_string"}],"inLanguage":"pt-BR"},{"@type":["Person","Organization"],"@id":"https:\/\/wilsonsantosmt.com.br\/#\/schema\/person\/9de3c54961637a9eadb16bcbf895b1ef","name":"Wilson Santos","image":{"@type":"ImageObject","inLanguage":"pt-BR","@id":"https:\/\/wilsonsantosmt.com.br\/#\/schema\/person\/image\/","url":"https:\/\/wilsonsantosmt.com.br\/wp-content\/uploads\/2023\/11\/310828673_653254583023360_8795459643194608438_n.jpg","contentUrl":"https:\/\/wilsonsantosmt.com.br\/wp-content\/uploads\/2023\/11\/310828673_653254583023360_8795459643194608438_n.jpg","width":1078,"height":1079,"caption":"Wilson Santos"},"logo":{"@id":"https:\/\/wilsonsantosmt.com.br\/#\/schema\/person\/image\/"},"sameAs":["http:\/\/wilsonsantosmt.com.br","https:\/\/www.facebook.com\/WilsonSantosMT\/","https:\/\/www.instagram.com\/wilsonsantosmt\/","https:\/\/www.youtube.com\/@WilsonSantosWS\/videos","https:\/\/pt.wikipedia.org\/wiki\/Wilson_Santos"],"honorificPrefix":"Sr","gender":"masculino","jobTitle":"Deputado Estadual","worksFor":"Assembleia Legislativa de Mato Grosso"},{"@type":"Person","@id":"https:\/\/wilsonsantosmt.com.br\/#\/schema\/person\/1d097ee45f526dd0455dbad8c679932c","name":"Samantha dos Anjos","image":{"@type":"ImageObject","inLanguage":"pt-BR","@id":"https:\/\/wilsonsantosmt.com.br\/#\/schema\/person\/image\/","url":"https:\/\/secure.gravatar.com\/avatar\/7d8d0b6dd67d134a9fa841bee90c57c7?s=96&d=mm&r=g","contentUrl":"https:\/\/secure.gravatar.com\/avatar\/7d8d0b6dd67d134a9fa841bee90c57c7?s=96&d=mm&r=g","caption":"Samantha dos Anjos"},"url":"https:\/\/wilsonsantosmt.com.br\/index.php\/author\/samantha-dos-anjos\/"}]}},"_links":{"self":[{"href":"https:\/\/wilsonsantosmt.com.br\/index.php\/wp-json\/wp\/v2\/posts\/1768"}],"collection":[{"href":"https:\/\/wilsonsantosmt.com.br\/index.php\/wp-json\/wp\/v2\/posts"}],"about":[{"href":"https:\/\/wilsonsantosmt.com.br\/index.php\/wp-json\/wp\/v2\/types\/post"}],"author":[{"embeddable":true,"href":"https:\/\/wilsonsantosmt.com.br\/index.php\/wp-json\/wp\/v2\/users\/4"}],"replies":[{"embeddable":true,"href":"https:\/\/wilsonsantosmt.com.br\/index.php\/wp-json\/wp\/v2\/comments?post=1768"}],"version-history":[{"count":1,"href":"https:\/\/wilsonsantosmt.com.br\/index.php\/wp-json\/wp\/v2\/posts\/1768\/revisions"}],"predecessor-version":[{"id":1770,"href":"https:\/\/wilsonsantosmt.com.br\/index.php\/wp-json\/wp\/v2\/posts\/1768\/revisions\/1770"}],"wp:featuredmedia":[{"embeddable":true,"href":"https:\/\/wilsonsantosmt.com.br\/index.php\/wp-json\/wp\/v2\/media\/1769"}],"wp:attachment":[{"href":"https:\/\/wilsonsantosmt.com.br\/index.php\/wp-json\/wp\/v2\/media?parent=1768"}],"wp:term":[{"taxonomy":"category","embeddable":true,"href":"https:\/\/wilsonsantosmt.com.br\/index.php\/wp-json\/wp\/v2\/categories?post=1768"},{"taxonomy":"post_tag","embeddable":true,"href":"https:\/\/wilsonsantosmt.com.br\/index.php\/wp-json\/wp\/v2\/tags?post=1768"}],"curies":[{"name":"wp","href":"https:\/\/api.w.org\/{rel}","templated":true}]}}