{"id":1774,"date":"2025-08-11T14:39:16","date_gmt":"2025-08-11T18:39:16","guid":{"rendered":"https:\/\/wilsonsantosmt.com.br\/?p=1774"},"modified":"2025-08-13T14:40:01","modified_gmt":"2025-08-13T18:40:01","slug":"wilson-santos-mobiliza-cerca-de-r-30-milhoes-em-emendas-para-desapropriacao-do-contorno-leste","status":"publish","type":"post","link":"https:\/\/wilsonsantosmt.com.br\/index.php\/2025\/08\/11\/wilson-santos-mobiliza-cerca-de-r-30-milhoes-em-emendas-para-desapropriacao-do-contorno-leste\/","title":{"rendered":"Wilson Santos mobiliza cerca de R$ 30 milh\u00f5es em emendas para desapropria\u00e7\u00e3o do Contorno Leste"},"content":{"rendered":"\n<p><\/p>\n\n\n\n<p>Com o prazo de 60 dias para definir a situa\u00e7\u00e3o de milhares de fam\u00edlias que ocupam \u00e1reas nos bairros Itacarambi, Jo\u00e3o Pinto e Raiz Petr\u00f3leo, localizados no Contorno Leste, em Cuiab\u00e1, o deputado estadual Wilson Santos (PSD) reuniu-se, nesta ter\u00e7a-feira (12), com o corregedor-geral da Justi\u00e7a, desembargador Jos\u00e9 Luiz Leite Lindote \u2013 que tamb\u00e9m preside a Comiss\u00e3o Regional de Solu\u00e7\u00f5es Fundi\u00e1rias do Poder Judici\u00e1rio de Mato Grosso. Tamb\u00e9m participaram da reuni\u00e3o as lideran\u00e7as locais Wesley Lopes e Sirley Valentin, juntamente com o advogado Daniel Ramalho.<\/p>\n\n\n\n<p>\u201cTivemos, na semana passada, uma reuni\u00e3o com a ju\u00edza Adriana Coningham da 2\u00aa Vara C\u00edvel Especializada em Direito Agr\u00e1rio de Mato Grosso. E adianto que, ao final, o prefeito Ab\u00edlio Brunini (PL) admitiu a possibilidade de adquirir a \u00e1rea de 139 hectares. Sabemos que existe uma liminar de mais de dois anos e uma ordem de despejo marcada para o dia 17 de novembro. Esses 60 dias s\u00e3o mais do que suficientes, pois j\u00e1 conseguimos levantar recursos e pretendemos garantir uma solu\u00e7\u00e3o para essas fam\u00edlias sob risco iminente de despejo\u201d, afirmou o parlamentar, que preside a C\u00e2mara Setorial Tem\u00e1tica (CST) da Moradia Popular na Assembleia Legislativa.<\/p>\n\n\n\n<p>Na ocasi\u00e3o, Wilson Santos apresentou ao desembargador as emendas parlamentares j\u00e1 confirmadas para viabilizar a desapropria\u00e7\u00e3o da \u00e1rea. Entre elas, o compromisso do senador licenciado Carlos F\u00e1varo (PSD) de destinar R$ 18 milh\u00f5es, o senador Wellington Fagundes (PL) que sinalizou ter emendas livres para este ano, no valor entre R$ 5 milh\u00f5es e R$ 8 milh\u00f5es, e os vereadores de Cuiab\u00e1, Dra. Mara (Podemos) e Marcrean Santos (PP), que ir\u00e3o destinar R$ 1 milh\u00e3o cada. \u201cTamb\u00e9m vamos disponibilizar R$ 3 milh\u00f5es de nossas emendas para contribuir com a aquisi\u00e7\u00e3o da \u00e1rea do Contorno Leste\u201d, acrescentou o deputado.<\/p>\n\n\n\n<p>O corregedor-geral Jos\u00e9 Lindote explicou que a Comiss\u00e3o Regional de Solu\u00e7\u00f5es Fundi\u00e1rias atua para garantir um tratamento humanizado ao cumprimento das decis\u00f5es judiciais. \u201cEsse processo j\u00e1 tramita h\u00e1 dois anos. A ju\u00edza devolveu o caso para que a comiss\u00e3o volte a analisar e mediar a possibilidade do prefeito adquirir outro terreno ou at\u00e9 mesmo desapropriar a \u00e1rea do Contorno Leste. O objetivo \u00e9 evitar conflitos e buscar uma solu\u00e7\u00e3o pac\u00edfica. O prefeito pediu 60 dias para resolver e esperamos chegar a um acordo que ressar\u00e7a as partes, afaste os oportunistas e atenda quem realmente precisa\u201d, disse.<\/p>\n\n\n\n<p>O advogado Daniel Ramalho refor\u00e7ou a import\u00e2ncia das emendas parlamentares para viabilizar a desapropria\u00e7\u00e3o. \u201cH\u00e1 disposi\u00e7\u00e3o pol\u00edtica para ajudar na compra da \u00e1rea. Isso j\u00e1 est\u00e1 bem articulado. Solicitamos aten\u00e7\u00e3o especial ao relat\u00f3rio da Setasc (Secretaria de Estado de Assist\u00eancia Social e Cidadania), pois o levantamento identificou poucas fam\u00edlias vulner\u00e1veis. N\u00e3o h\u00e1 crit\u00e9rios claros para essa an\u00e1lise e a sele\u00e7\u00e3o prejudicou algumas fam\u00edlias que realmente precisam\u201d, alertou.<\/p>\n\n\n\n<p>Ao final do encontro, Wilson Santos agradeceu a receptividade do desembargador e reafirmou o seu compromisso de liderar as articula\u00e7\u00f5es pol\u00edticas necess\u00e1rias para garantir a desapropria\u00e7\u00e3o da \u00e1rea, assegurando o direito \u00e0 moradia para as fam\u00edlias do Contorno Leste.<\/p>\n\n\n\n<p>Contorno Leste \u2013 A ocupa\u00e7\u00e3o da \u00e1rea teve in\u00edcio em outubro de 2022, ganhou for\u00e7a e visibilidade no fim de janeiro de 2023 e, atualmente, estima-se que cerca de tr\u00eas mil fam\u00edlias vivam na regi\u00e3o, sob risco de despejo por decis\u00f5es judiciais de reintegra\u00e7\u00e3o de posse.<\/p>\n","protected":false},"excerpt":{"rendered":"<p>Com o prazo de 60 dias para definir a situa\u00e7\u00e3o de milhares de fam\u00edlias que ocupam \u00e1reas nos bairros Itacarambi, Jo\u00e3o Pinto e Raiz Petr\u00f3leo, localizados no Contorno Leste, em Cuiab\u00e1, o deputado estadual Wilson Santos (PSD) reuniu-se, nesta ter\u00e7a-feira (12), com o corregedor-geral da Justi\u00e7a, desembargador Jos\u00e9 Luiz Leite Lindote \u2013 que tamb\u00e9m preside [&hellip;]<\/p>\n","protected":false},"author":4,"featured_media":1775,"comment_status":"closed","ping_status":"open","sticky":false,"template":"","format":"standard","meta":{"footnotes":""},"categories":[13],"tags":[],"yoast_head":"<!-- This site is optimized with the Yoast SEO Premium plugin v21.5 (Yoast SEO v21.4) - https:\/\/yoast.com\/wordpress\/plugins\/seo\/ -->\n<title>Wilson Santos mobiliza cerca de R$ 30 milh\u00f5es em emendas para desapropria\u00e7\u00e3o do Contorno Leste - wilsonsantosmt.com.br<\/title>\n<meta name=\"robots\" content=\"index, follow, max-snippet:-1, max-image-preview:large, max-video-preview:-1\" \/>\n<link rel=\"canonical\" href=\"https:\/\/wilsonsantosmt.com.br\/index.php\/2025\/08\/11\/wilson-santos-mobiliza-cerca-de-r-30-milhoes-em-emendas-para-desapropriacao-do-contorno-leste\/\" \/>\n<meta property=\"og:locale\" content=\"pt_BR\" \/>\n<meta property=\"og:type\" content=\"article\" \/>\n<meta property=\"og:title\" content=\"Wilson Santos mobiliza cerca de R$ 30 milh\u00f5es em emendas para desapropria\u00e7\u00e3o do Contorno Leste\" \/>\n<meta property=\"og:description\" content=\"Com o prazo de 60 dias para definir a situa\u00e7\u00e3o de milhares de fam\u00edlias que ocupam \u00e1reas nos bairros Itacarambi, Jo\u00e3o Pinto e Raiz Petr\u00f3leo, localizados no Contorno Leste, em Cuiab\u00e1, o deputado estadual Wilson Santos (PSD) reuniu-se, nesta ter\u00e7a-feira (12), com o corregedor-geral da Justi\u00e7a, desembargador Jos\u00e9 Luiz Leite Lindote \u2013 que tamb\u00e9m preside [&hellip;]\" \/>\n<meta property=\"og:url\" content=\"https:\/\/wilsonsantosmt.com.br\/index.php\/2025\/08\/11\/wilson-santos-mobiliza-cerca-de-r-30-milhoes-em-emendas-para-desapropriacao-do-contorno-leste\/\" \/>\n<meta property=\"og:site_name\" content=\"wilsonsantosmt.com.br\" \/>\n<meta property=\"article:publisher\" content=\"https:\/\/www.facebook.com\/WilsonSantosMT\/\" \/>\n<meta property=\"article:published_time\" content=\"2025-08-11T18:39:16+00:00\" \/>\n<meta property=\"article:modified_time\" content=\"2025-08-13T18:40:01+00:00\" \/>\n<meta property=\"og:image\" content=\"http:\/\/wilsonsantosmt.com.br\/wp-content\/uploads\/2025\/08\/WhatsApp-Image-2025-08-12-at-10.49.34-scaled.jpeg\" \/>\n\t<meta property=\"og:image:width\" content=\"2560\" \/>\n\t<meta property=\"og:image:height\" content=\"1440\" \/>\n\t<meta property=\"og:image:type\" content=\"image\/jpeg\" \/>\n<meta name=\"author\" content=\"Samantha dos Anjos\" \/>\n<meta name=\"twitter:card\" content=\"summary_large_image\" \/>\n<meta name=\"twitter:label1\" content=\"Escrito por\" \/>\n\t<meta name=\"twitter:data1\" content=\"Samantha dos Anjos\" \/>\n\t<meta name=\"twitter:label2\" content=\"Est. tempo de leitura\" \/>\n\t<meta name=\"twitter:data2\" content=\"3 minutos\" \/>\n<script type=\"application\/ld+json\" class=\"yoast-schema-graph\">{\"@context\":\"https:\/\/schema.org\",\"@graph\":[{\"@type\":\"Article\",\"@id\":\"https:\/\/wilsonsantosmt.com.br\/index.php\/2025\/08\/11\/wilson-santos-mobiliza-cerca-de-r-30-milhoes-em-emendas-para-desapropriacao-do-contorno-leste\/#article\",\"isPartOf\":{\"@id\":\"https:\/\/wilsonsantosmt.com.br\/index.php\/2025\/08\/11\/wilson-santos-mobiliza-cerca-de-r-30-milhoes-em-emendas-para-desapropriacao-do-contorno-leste\/\"},\"author\":{\"name\":\"Samantha dos Anjos\",\"@id\":\"https:\/\/wilsonsantosmt.com.br\/#\/schema\/person\/1d097ee45f526dd0455dbad8c679932c\"},\"headline\":\"Wilson Santos mobiliza cerca de R$ 30 milh\u00f5es em emendas para desapropria\u00e7\u00e3o do Contorno Leste\",\"datePublished\":\"2025-08-11T18:39:16+00:00\",\"dateModified\":\"2025-08-13T18:40:01+00:00\",\"mainEntityOfPage\":{\"@id\":\"https:\/\/wilsonsantosmt.com.br\/index.php\/2025\/08\/11\/wilson-santos-mobiliza-cerca-de-r-30-milhoes-em-emendas-para-desapropriacao-do-contorno-leste\/\"},\"wordCount\":606,\"publisher\":{\"@id\":\"https:\/\/wilsonsantosmt.com.br\/#\/schema\/person\/9de3c54961637a9eadb16bcbf895b1ef\"},\"articleSection\":[\"Not\u00edcias\"],\"inLanguage\":\"pt-BR\"},{\"@type\":\"WebPage\",\"@id\":\"https:\/\/wilsonsantosmt.com.br\/index.php\/2025\/08\/11\/wilson-santos-mobiliza-cerca-de-r-30-milhoes-em-emendas-para-desapropriacao-do-contorno-leste\/\",\"url\":\"https:\/\/wilsonsantosmt.com.br\/index.php\/2025\/08\/11\/wilson-santos-mobiliza-cerca-de-r-30-milhoes-em-emendas-para-desapropriacao-do-contorno-leste\/\",\"name\":\"Wilson Santos mobiliza cerca de R$ 30 milh\u00f5es em emendas para desapropria\u00e7\u00e3o do Contorno Leste - wilsonsantosmt.com.br\",\"isPartOf\":{\"@id\":\"https:\/\/wilsonsantosmt.com.br\/#website\"},\"datePublished\":\"2025-08-11T18:39:16+00:00\",\"dateModified\":\"2025-08-13T18:40:01+00:00\",\"breadcrumb\":{\"@id\":\"https:\/\/wilsonsantosmt.com.br\/index.php\/2025\/08\/11\/wilson-santos-mobiliza-cerca-de-r-30-milhoes-em-emendas-para-desapropriacao-do-contorno-leste\/#breadcrumb\"},\"inLanguage\":\"pt-BR\",\"potentialAction\":[{\"@type\":\"ReadAction\",\"target\":[\"https:\/\/wilsonsantosmt.com.br\/index.php\/2025\/08\/11\/wilson-santos-mobiliza-cerca-de-r-30-milhoes-em-emendas-para-desapropriacao-do-contorno-leste\/\"]}]},{\"@type\":\"BreadcrumbList\",\"@id\":\"https:\/\/wilsonsantosmt.com.br\/index.php\/2025\/08\/11\/wilson-santos-mobiliza-cerca-de-r-30-milhoes-em-emendas-para-desapropriacao-do-contorno-leste\/#breadcrumb\",\"itemListElement\":[{\"@type\":\"ListItem\",\"position\":1,\"name\":\"In\u00edcio\",\"item\":\"https:\/\/wilsonsantosmt.com.br\/\"},{\"@type\":\"ListItem\",\"position\":2,\"name\":\"Not\u00edcias\",\"item\":\"https:\/\/wilsonsantosmt.com.br\/index.php\/category\/noticias\/\"},{\"@type\":\"ListItem\",\"position\":3,\"name\":\"Wilson Santos mobiliza cerca de R$ 30 milh\u00f5es em emendas para desapropria\u00e7\u00e3o do Contorno Leste\"}]},{\"@type\":\"WebSite\",\"@id\":\"https:\/\/wilsonsantosmt.com.br\/#website\",\"url\":\"https:\/\/wilsonsantosmt.com.br\/\",\"name\":\"wilsonsantosmt.com.br\",\"description\":\"\",\"publisher\":{\"@id\":\"https:\/\/wilsonsantosmt.com.br\/#\/schema\/person\/9de3c54961637a9eadb16bcbf895b1ef\"},\"potentialAction\":[{\"@type\":\"SearchAction\",\"target\":{\"@type\":\"EntryPoint\",\"urlTemplate\":\"https:\/\/wilsonsantosmt.com.br\/?s={search_term_string}\"},\"query-input\":\"required name=search_term_string\"}],\"inLanguage\":\"pt-BR\"},{\"@type\":[\"Person\",\"Organization\"],\"@id\":\"https:\/\/wilsonsantosmt.com.br\/#\/schema\/person\/9de3c54961637a9eadb16bcbf895b1ef\",\"name\":\"Wilson Santos\",\"image\":{\"@type\":\"ImageObject\",\"inLanguage\":\"pt-BR\",\"@id\":\"https:\/\/wilsonsantosmt.com.br\/#\/schema\/person\/image\/\",\"url\":\"https:\/\/wilsonsantosmt.com.br\/wp-content\/uploads\/2023\/11\/310828673_653254583023360_8795459643194608438_n.jpg\",\"contentUrl\":\"https:\/\/wilsonsantosmt.com.br\/wp-content\/uploads\/2023\/11\/310828673_653254583023360_8795459643194608438_n.jpg\",\"width\":1078,\"height\":1079,\"caption\":\"Wilson Santos\"},\"logo\":{\"@id\":\"https:\/\/wilsonsantosmt.com.br\/#\/schema\/person\/image\/\"},\"sameAs\":[\"http:\/\/wilsonsantosmt.com.br\",\"https:\/\/www.facebook.com\/WilsonSantosMT\/\",\"https:\/\/www.instagram.com\/wilsonsantosmt\/\",\"https:\/\/www.youtube.com\/@WilsonSantosWS\/videos\",\"https:\/\/pt.wikipedia.org\/wiki\/Wilson_Santos\"],\"honorificPrefix\":\"Sr\",\"gender\":\"masculino\",\"jobTitle\":\"Deputado Estadual\",\"worksFor\":\"Assembleia Legislativa de Mato Grosso\"},{\"@type\":\"Person\",\"@id\":\"https:\/\/wilsonsantosmt.com.br\/#\/schema\/person\/1d097ee45f526dd0455dbad8c679932c\",\"name\":\"Samantha dos Anjos\",\"image\":{\"@type\":\"ImageObject\",\"inLanguage\":\"pt-BR\",\"@id\":\"https:\/\/wilsonsantosmt.com.br\/#\/schema\/person\/image\/\",\"url\":\"https:\/\/secure.gravatar.com\/avatar\/7d8d0b6dd67d134a9fa841bee90c57c7?s=96&d=mm&r=g\",\"contentUrl\":\"https:\/\/secure.gravatar.com\/avatar\/7d8d0b6dd67d134a9fa841bee90c57c7?s=96&d=mm&r=g\",\"caption\":\"Samantha dos Anjos\"},\"url\":\"https:\/\/wilsonsantosmt.com.br\/index.php\/author\/samantha-dos-anjos\/\"}]}<\/script>\n<!-- \/ Yoast SEO Premium plugin. -->","yoast_head_json":{"title":"Wilson Santos mobiliza cerca de R$ 30 milh\u00f5es em emendas para desapropria\u00e7\u00e3o do Contorno Leste - wilsonsantosmt.com.br","robots":{"index":"index","follow":"follow","max-snippet":"max-snippet:-1","max-image-preview":"max-image-preview:large","max-video-preview":"max-video-preview:-1"},"canonical":"https:\/\/wilsonsantosmt.com.br\/index.php\/2025\/08\/11\/wilson-santos-mobiliza-cerca-de-r-30-milhoes-em-emendas-para-desapropriacao-do-contorno-leste\/","og_locale":"pt_BR","og_type":"article","og_title":"Wilson Santos mobiliza cerca de R$ 30 milh\u00f5es em emendas para desapropria\u00e7\u00e3o do Contorno Leste","og_description":"Com o prazo de 60 dias para definir a situa\u00e7\u00e3o de milhares de fam\u00edlias que ocupam \u00e1reas nos bairros Itacarambi, Jo\u00e3o Pinto e Raiz Petr\u00f3leo, localizados no Contorno Leste, em Cuiab\u00e1, o deputado estadual Wilson Santos (PSD) reuniu-se, nesta ter\u00e7a-feira (12), com o corregedor-geral da Justi\u00e7a, desembargador Jos\u00e9 Luiz Leite Lindote \u2013 que tamb\u00e9m preside [&hellip;]","og_url":"https:\/\/wilsonsantosmt.com.br\/index.php\/2025\/08\/11\/wilson-santos-mobiliza-cerca-de-r-30-milhoes-em-emendas-para-desapropriacao-do-contorno-leste\/","og_site_name":"wilsonsantosmt.com.br","article_publisher":"https:\/\/www.facebook.com\/WilsonSantosMT\/","article_published_time":"2025-08-11T18:39:16+00:00","article_modified_time":"2025-08-13T18:40:01+00:00","og_image":[{"width":2560,"height":1440,"url":"http:\/\/wilsonsantosmt.com.br\/wp-content\/uploads\/2025\/08\/WhatsApp-Image-2025-08-12-at-10.49.34-scaled.jpeg","type":"image\/jpeg"}],"author":"Samantha dos Anjos","twitter_card":"summary_large_image","twitter_misc":{"Escrito por":"Samantha dos Anjos","Est. tempo de leitura":"3 minutos"},"schema":{"@context":"https:\/\/schema.org","@graph":[{"@type":"Article","@id":"https:\/\/wilsonsantosmt.com.br\/index.php\/2025\/08\/11\/wilson-santos-mobiliza-cerca-de-r-30-milhoes-em-emendas-para-desapropriacao-do-contorno-leste\/#article","isPartOf":{"@id":"https:\/\/wilsonsantosmt.com.br\/index.php\/2025\/08\/11\/wilson-santos-mobiliza-cerca-de-r-30-milhoes-em-emendas-para-desapropriacao-do-contorno-leste\/"},"author":{"name":"Samantha dos Anjos","@id":"https:\/\/wilsonsantosmt.com.br\/#\/schema\/person\/1d097ee45f526dd0455dbad8c679932c"},"headline":"Wilson Santos mobiliza cerca de R$ 30 milh\u00f5es em emendas para desapropria\u00e7\u00e3o do Contorno Leste","datePublished":"2025-08-11T18:39:16+00:00","dateModified":"2025-08-13T18:40:01+00:00","mainEntityOfPage":{"@id":"https:\/\/wilsonsantosmt.com.br\/index.php\/2025\/08\/11\/wilson-santos-mobiliza-cerca-de-r-30-milhoes-em-emendas-para-desapropriacao-do-contorno-leste\/"},"wordCount":606,"publisher":{"@id":"https:\/\/wilsonsantosmt.com.br\/#\/schema\/person\/9de3c54961637a9eadb16bcbf895b1ef"},"articleSection":["Not\u00edcias"],"inLanguage":"pt-BR"},{"@type":"WebPage","@id":"https:\/\/wilsonsantosmt.com.br\/index.php\/2025\/08\/11\/wilson-santos-mobiliza-cerca-de-r-30-milhoes-em-emendas-para-desapropriacao-do-contorno-leste\/","url":"https:\/\/wilsonsantosmt.com.br\/index.php\/2025\/08\/11\/wilson-santos-mobiliza-cerca-de-r-30-milhoes-em-emendas-para-desapropriacao-do-contorno-leste\/","name":"Wilson Santos mobiliza cerca de R$ 30 milh\u00f5es em emendas para desapropria\u00e7\u00e3o do Contorno Leste - wilsonsantosmt.com.br","isPartOf":{"@id":"https:\/\/wilsonsantosmt.com.br\/#website"},"datePublished":"2025-08-11T18:39:16+00:00","dateModified":"2025-08-13T18:40:01+00:00","breadcrumb":{"@id":"https:\/\/wilsonsantosmt.com.br\/index.php\/2025\/08\/11\/wilson-santos-mobiliza-cerca-de-r-30-milhoes-em-emendas-para-desapropriacao-do-contorno-leste\/#breadcrumb"},"inLanguage":"pt-BR","potentialAction":[{"@type":"ReadAction","target":["https:\/\/wilsonsantosmt.com.br\/index.php\/2025\/08\/11\/wilson-santos-mobiliza-cerca-de-r-30-milhoes-em-emendas-para-desapropriacao-do-contorno-leste\/"]}]},{"@type":"BreadcrumbList","@id":"https:\/\/wilsonsantosmt.com.br\/index.php\/2025\/08\/11\/wilson-santos-mobiliza-cerca-de-r-30-milhoes-em-emendas-para-desapropriacao-do-contorno-leste\/#breadcrumb","itemListElement":[{"@type":"ListItem","position":1,"name":"In\u00edcio","item":"https:\/\/wilsonsantosmt.com.br\/"},{"@type":"ListItem","position":2,"name":"Not\u00edcias","item":"https:\/\/wilsonsantosmt.com.br\/index.php\/category\/noticias\/"},{"@type":"ListItem","position":3,"name":"Wilson Santos mobiliza cerca de R$ 30 milh\u00f5es em emendas para desapropria\u00e7\u00e3o do Contorno Leste"}]},{"@type":"WebSite","@id":"https:\/\/wilsonsantosmt.com.br\/#website","url":"https:\/\/wilsonsantosmt.com.br\/","name":"wilsonsantosmt.com.br","description":"","publisher":{"@id":"https:\/\/wilsonsantosmt.com.br\/#\/schema\/person\/9de3c54961637a9eadb16bcbf895b1ef"},"potentialAction":[{"@type":"SearchAction","target":{"@type":"EntryPoint","urlTemplate":"https:\/\/wilsonsantosmt.com.br\/?s={search_term_string}"},"query-input":"required name=search_term_string"}],"inLanguage":"pt-BR"},{"@type":["Person","Organization"],"@id":"https:\/\/wilsonsantosmt.com.br\/#\/schema\/person\/9de3c54961637a9eadb16bcbf895b1ef","name":"Wilson Santos","image":{"@type":"ImageObject","inLanguage":"pt-BR","@id":"https:\/\/wilsonsantosmt.com.br\/#\/schema\/person\/image\/","url":"https:\/\/wilsonsantosmt.com.br\/wp-content\/uploads\/2023\/11\/310828673_653254583023360_8795459643194608438_n.jpg","contentUrl":"https:\/\/wilsonsantosmt.com.br\/wp-content\/uploads\/2023\/11\/310828673_653254583023360_8795459643194608438_n.jpg","width":1078,"height":1079,"caption":"Wilson Santos"},"logo":{"@id":"https:\/\/wilsonsantosmt.com.br\/#\/schema\/person\/image\/"},"sameAs":["http:\/\/wilsonsantosmt.com.br","https:\/\/www.facebook.com\/WilsonSantosMT\/","https:\/\/www.instagram.com\/wilsonsantosmt\/","https:\/\/www.youtube.com\/@WilsonSantosWS\/videos","https:\/\/pt.wikipedia.org\/wiki\/Wilson_Santos"],"honorificPrefix":"Sr","gender":"masculino","jobTitle":"Deputado Estadual","worksFor":"Assembleia Legislativa de Mato Grosso"},{"@type":"Person","@id":"https:\/\/wilsonsantosmt.com.br\/#\/schema\/person\/1d097ee45f526dd0455dbad8c679932c","name":"Samantha dos Anjos","image":{"@type":"ImageObject","inLanguage":"pt-BR","@id":"https:\/\/wilsonsantosmt.com.br\/#\/schema\/person\/image\/","url":"https:\/\/secure.gravatar.com\/avatar\/7d8d0b6dd67d134a9fa841bee90c57c7?s=96&d=mm&r=g","contentUrl":"https:\/\/secure.gravatar.com\/avatar\/7d8d0b6dd67d134a9fa841bee90c57c7?s=96&d=mm&r=g","caption":"Samantha dos Anjos"},"url":"https:\/\/wilsonsantosmt.com.br\/index.php\/author\/samantha-dos-anjos\/"}]}},"_links":{"self":[{"href":"https:\/\/wilsonsantosmt.com.br\/index.php\/wp-json\/wp\/v2\/posts\/1774"}],"collection":[{"href":"https:\/\/wilsonsantosmt.com.br\/index.php\/wp-json\/wp\/v2\/posts"}],"about":[{"href":"https:\/\/wilsonsantosmt.com.br\/index.php\/wp-json\/wp\/v2\/types\/post"}],"author":[{"embeddable":true,"href":"https:\/\/wilsonsantosmt.com.br\/index.php\/wp-json\/wp\/v2\/users\/4"}],"replies":[{"embeddable":true,"href":"https:\/\/wilsonsantosmt.com.br\/index.php\/wp-json\/wp\/v2\/comments?post=1774"}],"version-history":[{"count":1,"href":"https:\/\/wilsonsantosmt.com.br\/index.php\/wp-json\/wp\/v2\/posts\/1774\/revisions"}],"predecessor-version":[{"id":1776,"href":"https:\/\/wilsonsantosmt.com.br\/index.php\/wp-json\/wp\/v2\/posts\/1774\/revisions\/1776"}],"wp:featuredmedia":[{"embeddable":true,"href":"https:\/\/wilsonsantosmt.com.br\/index.php\/wp-json\/wp\/v2\/media\/1775"}],"wp:attachment":[{"href":"https:\/\/wilsonsantosmt.com.br\/index.php\/wp-json\/wp\/v2\/media?parent=1774"}],"wp:term":[{"taxonomy":"category","embeddable":true,"href":"https:\/\/wilsonsantosmt.com.br\/index.php\/wp-json\/wp\/v2\/categories?post=1774"},{"taxonomy":"post_tag","embeddable":true,"href":"https:\/\/wilsonsantosmt.com.br\/index.php\/wp-json\/wp\/v2\/tags?post=1774"}],"curies":[{"name":"wp","href":"https:\/\/api.w.org\/{rel}","templated":true}]}}