{"id":1780,"date":"2025-08-05T14:42:08","date_gmt":"2025-08-05T18:42:08","guid":{"rendered":"https:\/\/wilsonsantosmt.com.br\/?p=1780"},"modified":"2025-08-13T14:42:41","modified_gmt":"2025-08-13T18:42:41","slug":"wilson-santos-destina-r-100-mil-para-construcao-de-horta-no-abrigo-bom-jesus","status":"publish","type":"post","link":"https:\/\/wilsonsantosmt.com.br\/index.php\/2025\/08\/05\/wilson-santos-destina-r-100-mil-para-construcao-de-horta-no-abrigo-bom-jesus\/","title":{"rendered":"Wilson Santos destina R$ 100 mil para constru\u00e7\u00e3o de horta no Abrigo Bom Jesus"},"content":{"rendered":"\n<p><\/p>\n\n\n\n<p>O deputado estadual Wilson Santos (PSD) visitou o Abrigo Bom Jesus de Cuiab\u00e1, na \u00faltima sexta-feira (1\u00ba), para acompanhar de perto a implanta\u00e7\u00e3o de hortas destinadas ao cultivo de verduras e hortali\u00e7as. A iniciativa est\u00e1 sendo viabilizada por meio de emenda no valor de R$ 100 mil, destinada pelo parlamentar via Secretaria de Estado de Agricultura Familiar (Seaf). A proposta deve gerar uma economia mensal de aproximadamente R$ 8 mil, valor que poder\u00e1 ser remanejado para atender outras demandas da institui\u00e7\u00e3o.<\/p>\n\n\n\n<p>\u201cViemos aqui no Abrigo Bom Jesus de Cuiab\u00e1. Esse abrigo nasceu na d\u00e9cada de 1940 pelas m\u00e3os da professora Maria de Arruda M\u00fcller, ent\u00e3o primeira-dama do Estado e esposa do ex-governador J\u00falio M\u00fcller. Hoje, o abrigo gasta cerca de R$ 8 mil por m\u00eas com verduras e hortali\u00e7as. Uma boa parte desse custo ser\u00e1 reduzido, porque eles mesmos v\u00e3o produzir os alimentos. Fico feliz em contribuir com essa importante institui\u00e7\u00e3o que acolhe cerca de 100 idosos\u201d, comentou o deputado.<\/p>\n\n\n\n<p>Segundo a presidente do Abrigo Bom Jesus, M\u00e1rcia Ferreira, al\u00e9m de exercer o papel como representante da sociedade mato-grossense, Wilson Santos tamb\u00e9m atua como volunt\u00e1rio da entidade, oferecendo apoio t\u00e9cnico e de gest\u00e3o, sempre que necess\u00e1rio. \u201cAgradecemos ao deputado Wilson Santos pela confian\u00e7a. Esse \u00e9 apenas o come\u00e7o de um grande projeto que vai tornar o abrigo tamb\u00e9m agro. A obra teve in\u00edcio em julho deste ano e tem prazo de execu\u00e7\u00e3o por 45 dias. \u00c9 uma horta inclusiva, pensada especialmente para os idosos cadeirantes, muitos deles gostam e foram da lavoura, que agora poder\u00e3o se envolver nessa atividade de forma l\u00fadica\u201d, afirmou.<\/p>\n\n\n\n<p>Atualmente, o abrigo conta com 82 profissionais contratados, incluindo enfermeiros, t\u00e9cnicos de enfermagem, assistente social, psic\u00f3logo, 30 cuidadores e outros especialistas. Al\u00e9m da emenda de Wilson Santos, M\u00e1rcia conta que a institui\u00e7\u00e3o aguarda a libera\u00e7\u00e3o de mais R$ 80 mil, indicados pelo deputado estadual J\u00falio Campos (Uni\u00e3o), para a contrata\u00e7\u00e3o de t\u00e9cnicos respons\u00e1veis pela manuten\u00e7\u00e3o das hortas durante o primeiro ano de funcionamento.<\/p>\n\n\n\n<p>Para o coordenador da Seaf, Bas\u00edlio Soares, que acompanhou a visita, a destina\u00e7\u00e3o da emenda de Wilson Santos \u00e9 extremamente significativa. \u201cEssa iniciativa aproxima o poder p\u00fablico da sociedade civil e fortalece o trabalho de acolhimento e dignidade oferecido aos idosos\u201d, pontuou.<\/p>\n\n\n\n<p>Wilson Santos refor\u00e7a o seu compromisso com a responsabilidade social e a valoriza\u00e7\u00e3o das institui\u00e7\u00f5es que cuidam da popula\u00e7\u00e3o mais vulner\u00e1vel, promovendo autonomia, economia e dignidade para os idosos acolhidos pelo Abrigo Bom Jesus.<\/p>\n","protected":false},"excerpt":{"rendered":"<p>O deputado estadual Wilson Santos (PSD) visitou o Abrigo Bom Jesus de Cuiab\u00e1, na \u00faltima sexta-feira (1\u00ba), para acompanhar de perto a implanta\u00e7\u00e3o de hortas destinadas ao cultivo de verduras e hortali\u00e7as. A iniciativa est\u00e1 sendo viabilizada por meio de emenda no valor de R$ 100 mil, destinada pelo parlamentar via Secretaria de Estado de [&hellip;]<\/p>\n","protected":false},"author":4,"featured_media":1781,"comment_status":"closed","ping_status":"open","sticky":false,"template":"","format":"standard","meta":{"footnotes":""},"categories":[13],"tags":[],"yoast_head":"<!-- This site is optimized with the Yoast SEO Premium plugin v21.5 (Yoast SEO v21.4) - https:\/\/yoast.com\/wordpress\/plugins\/seo\/ -->\n<title>Wilson Santos destina R$ 100 mil para constru\u00e7\u00e3o de horta no Abrigo Bom Jesus - wilsonsantosmt.com.br<\/title>\n<meta name=\"robots\" content=\"index, follow, max-snippet:-1, max-image-preview:large, max-video-preview:-1\" \/>\n<link rel=\"canonical\" href=\"https:\/\/wilsonsantosmt.com.br\/index.php\/2025\/08\/05\/wilson-santos-destina-r-100-mil-para-construcao-de-horta-no-abrigo-bom-jesus\/\" \/>\n<meta property=\"og:locale\" content=\"pt_BR\" \/>\n<meta property=\"og:type\" content=\"article\" \/>\n<meta property=\"og:title\" content=\"Wilson Santos destina R$ 100 mil para constru\u00e7\u00e3o de horta no Abrigo Bom Jesus\" \/>\n<meta property=\"og:description\" content=\"O deputado estadual Wilson Santos (PSD) visitou o Abrigo Bom Jesus de Cuiab\u00e1, na \u00faltima sexta-feira (1\u00ba), para acompanhar de perto a implanta\u00e7\u00e3o de hortas destinadas ao cultivo de verduras e hortali\u00e7as. A iniciativa est\u00e1 sendo viabilizada por meio de emenda no valor de R$ 100 mil, destinada pelo parlamentar via Secretaria de Estado de [&hellip;]\" \/>\n<meta property=\"og:url\" content=\"https:\/\/wilsonsantosmt.com.br\/index.php\/2025\/08\/05\/wilson-santos-destina-r-100-mil-para-construcao-de-horta-no-abrigo-bom-jesus\/\" \/>\n<meta property=\"og:site_name\" content=\"wilsonsantosmt.com.br\" \/>\n<meta property=\"article:publisher\" content=\"https:\/\/www.facebook.com\/WilsonSantosMT\/\" \/>\n<meta property=\"article:published_time\" content=\"2025-08-05T18:42:08+00:00\" \/>\n<meta property=\"article:modified_time\" content=\"2025-08-13T18:42:41+00:00\" \/>\n<meta property=\"og:image\" content=\"http:\/\/wilsonsantosmt.com.br\/wp-content\/uploads\/2025\/08\/WhatsApp-Image-2025-08-05-at-11.09.32.jpeg\" \/>\n\t<meta property=\"og:image:width\" content=\"1600\" \/>\n\t<meta property=\"og:image:height\" content=\"900\" \/>\n\t<meta property=\"og:image:type\" content=\"image\/jpeg\" \/>\n<meta name=\"author\" content=\"Samantha dos Anjos\" \/>\n<meta name=\"twitter:card\" content=\"summary_large_image\" \/>\n<meta name=\"twitter:label1\" content=\"Escrito por\" \/>\n\t<meta name=\"twitter:data1\" content=\"Samantha dos Anjos\" \/>\n\t<meta name=\"twitter:label2\" content=\"Est. tempo de leitura\" \/>\n\t<meta name=\"twitter:data2\" content=\"3 minutos\" \/>\n<script type=\"application\/ld+json\" class=\"yoast-schema-graph\">{\"@context\":\"https:\/\/schema.org\",\"@graph\":[{\"@type\":\"Article\",\"@id\":\"https:\/\/wilsonsantosmt.com.br\/index.php\/2025\/08\/05\/wilson-santos-destina-r-100-mil-para-construcao-de-horta-no-abrigo-bom-jesus\/#article\",\"isPartOf\":{\"@id\":\"https:\/\/wilsonsantosmt.com.br\/index.php\/2025\/08\/05\/wilson-santos-destina-r-100-mil-para-construcao-de-horta-no-abrigo-bom-jesus\/\"},\"author\":{\"name\":\"Samantha dos Anjos\",\"@id\":\"https:\/\/wilsonsantosmt.com.br\/#\/schema\/person\/1d097ee45f526dd0455dbad8c679932c\"},\"headline\":\"Wilson Santos destina R$ 100 mil para constru\u00e7\u00e3o de horta no Abrigo Bom Jesus\",\"datePublished\":\"2025-08-05T18:42:08+00:00\",\"dateModified\":\"2025-08-13T18:42:41+00:00\",\"mainEntityOfPage\":{\"@id\":\"https:\/\/wilsonsantosmt.com.br\/index.php\/2025\/08\/05\/wilson-santos-destina-r-100-mil-para-construcao-de-horta-no-abrigo-bom-jesus\/\"},\"wordCount\":450,\"publisher\":{\"@id\":\"https:\/\/wilsonsantosmt.com.br\/#\/schema\/person\/9de3c54961637a9eadb16bcbf895b1ef\"},\"articleSection\":[\"Not\u00edcias\"],\"inLanguage\":\"pt-BR\"},{\"@type\":\"WebPage\",\"@id\":\"https:\/\/wilsonsantosmt.com.br\/index.php\/2025\/08\/05\/wilson-santos-destina-r-100-mil-para-construcao-de-horta-no-abrigo-bom-jesus\/\",\"url\":\"https:\/\/wilsonsantosmt.com.br\/index.php\/2025\/08\/05\/wilson-santos-destina-r-100-mil-para-construcao-de-horta-no-abrigo-bom-jesus\/\",\"name\":\"Wilson Santos destina R$ 100 mil para constru\u00e7\u00e3o de horta no Abrigo Bom Jesus - wilsonsantosmt.com.br\",\"isPartOf\":{\"@id\":\"https:\/\/wilsonsantosmt.com.br\/#website\"},\"datePublished\":\"2025-08-05T18:42:08+00:00\",\"dateModified\":\"2025-08-13T18:42:41+00:00\",\"breadcrumb\":{\"@id\":\"https:\/\/wilsonsantosmt.com.br\/index.php\/2025\/08\/05\/wilson-santos-destina-r-100-mil-para-construcao-de-horta-no-abrigo-bom-jesus\/#breadcrumb\"},\"inLanguage\":\"pt-BR\",\"potentialAction\":[{\"@type\":\"ReadAction\",\"target\":[\"https:\/\/wilsonsantosmt.com.br\/index.php\/2025\/08\/05\/wilson-santos-destina-r-100-mil-para-construcao-de-horta-no-abrigo-bom-jesus\/\"]}]},{\"@type\":\"BreadcrumbList\",\"@id\":\"https:\/\/wilsonsantosmt.com.br\/index.php\/2025\/08\/05\/wilson-santos-destina-r-100-mil-para-construcao-de-horta-no-abrigo-bom-jesus\/#breadcrumb\",\"itemListElement\":[{\"@type\":\"ListItem\",\"position\":1,\"name\":\"In\u00edcio\",\"item\":\"https:\/\/wilsonsantosmt.com.br\/\"},{\"@type\":\"ListItem\",\"position\":2,\"name\":\"Not\u00edcias\",\"item\":\"https:\/\/wilsonsantosmt.com.br\/index.php\/category\/noticias\/\"},{\"@type\":\"ListItem\",\"position\":3,\"name\":\"Wilson Santos destina R$ 100 mil para constru\u00e7\u00e3o de horta no Abrigo Bom Jesus\"}]},{\"@type\":\"WebSite\",\"@id\":\"https:\/\/wilsonsantosmt.com.br\/#website\",\"url\":\"https:\/\/wilsonsantosmt.com.br\/\",\"name\":\"wilsonsantosmt.com.br\",\"description\":\"\",\"publisher\":{\"@id\":\"https:\/\/wilsonsantosmt.com.br\/#\/schema\/person\/9de3c54961637a9eadb16bcbf895b1ef\"},\"potentialAction\":[{\"@type\":\"SearchAction\",\"target\":{\"@type\":\"EntryPoint\",\"urlTemplate\":\"https:\/\/wilsonsantosmt.com.br\/?s={search_term_string}\"},\"query-input\":\"required name=search_term_string\"}],\"inLanguage\":\"pt-BR\"},{\"@type\":[\"Person\",\"Organization\"],\"@id\":\"https:\/\/wilsonsantosmt.com.br\/#\/schema\/person\/9de3c54961637a9eadb16bcbf895b1ef\",\"name\":\"Wilson Santos\",\"image\":{\"@type\":\"ImageObject\",\"inLanguage\":\"pt-BR\",\"@id\":\"https:\/\/wilsonsantosmt.com.br\/#\/schema\/person\/image\/\",\"url\":\"https:\/\/wilsonsantosmt.com.br\/wp-content\/uploads\/2023\/11\/310828673_653254583023360_8795459643194608438_n.jpg\",\"contentUrl\":\"https:\/\/wilsonsantosmt.com.br\/wp-content\/uploads\/2023\/11\/310828673_653254583023360_8795459643194608438_n.jpg\",\"width\":1078,\"height\":1079,\"caption\":\"Wilson Santos\"},\"logo\":{\"@id\":\"https:\/\/wilsonsantosmt.com.br\/#\/schema\/person\/image\/\"},\"sameAs\":[\"http:\/\/wilsonsantosmt.com.br\",\"https:\/\/www.facebook.com\/WilsonSantosMT\/\",\"https:\/\/www.instagram.com\/wilsonsantosmt\/\",\"https:\/\/www.youtube.com\/@WilsonSantosWS\/videos\",\"https:\/\/pt.wikipedia.org\/wiki\/Wilson_Santos\"],\"honorificPrefix\":\"Sr\",\"gender\":\"masculino\",\"jobTitle\":\"Deputado Estadual\",\"worksFor\":\"Assembleia Legislativa de Mato Grosso\"},{\"@type\":\"Person\",\"@id\":\"https:\/\/wilsonsantosmt.com.br\/#\/schema\/person\/1d097ee45f526dd0455dbad8c679932c\",\"name\":\"Samantha dos Anjos\",\"image\":{\"@type\":\"ImageObject\",\"inLanguage\":\"pt-BR\",\"@id\":\"https:\/\/wilsonsantosmt.com.br\/#\/schema\/person\/image\/\",\"url\":\"https:\/\/secure.gravatar.com\/avatar\/7d8d0b6dd67d134a9fa841bee90c57c7?s=96&d=mm&r=g\",\"contentUrl\":\"https:\/\/secure.gravatar.com\/avatar\/7d8d0b6dd67d134a9fa841bee90c57c7?s=96&d=mm&r=g\",\"caption\":\"Samantha dos Anjos\"},\"url\":\"https:\/\/wilsonsantosmt.com.br\/index.php\/author\/samantha-dos-anjos\/\"}]}<\/script>\n<!-- \/ Yoast SEO Premium plugin. -->","yoast_head_json":{"title":"Wilson Santos destina R$ 100 mil para constru\u00e7\u00e3o de horta no Abrigo Bom Jesus - wilsonsantosmt.com.br","robots":{"index":"index","follow":"follow","max-snippet":"max-snippet:-1","max-image-preview":"max-image-preview:large","max-video-preview":"max-video-preview:-1"},"canonical":"https:\/\/wilsonsantosmt.com.br\/index.php\/2025\/08\/05\/wilson-santos-destina-r-100-mil-para-construcao-de-horta-no-abrigo-bom-jesus\/","og_locale":"pt_BR","og_type":"article","og_title":"Wilson Santos destina R$ 100 mil para constru\u00e7\u00e3o de horta no Abrigo Bom Jesus","og_description":"O deputado estadual Wilson Santos (PSD) visitou o Abrigo Bom Jesus de Cuiab\u00e1, na \u00faltima sexta-feira (1\u00ba), para acompanhar de perto a implanta\u00e7\u00e3o de hortas destinadas ao cultivo de verduras e hortali\u00e7as. A iniciativa est\u00e1 sendo viabilizada por meio de emenda no valor de R$ 100 mil, destinada pelo parlamentar via Secretaria de Estado de [&hellip;]","og_url":"https:\/\/wilsonsantosmt.com.br\/index.php\/2025\/08\/05\/wilson-santos-destina-r-100-mil-para-construcao-de-horta-no-abrigo-bom-jesus\/","og_site_name":"wilsonsantosmt.com.br","article_publisher":"https:\/\/www.facebook.com\/WilsonSantosMT\/","article_published_time":"2025-08-05T18:42:08+00:00","article_modified_time":"2025-08-13T18:42:41+00:00","og_image":[{"width":1600,"height":900,"url":"http:\/\/wilsonsantosmt.com.br\/wp-content\/uploads\/2025\/08\/WhatsApp-Image-2025-08-05-at-11.09.32.jpeg","type":"image\/jpeg"}],"author":"Samantha dos Anjos","twitter_card":"summary_large_image","twitter_misc":{"Escrito por":"Samantha dos Anjos","Est. tempo de leitura":"3 minutos"},"schema":{"@context":"https:\/\/schema.org","@graph":[{"@type":"Article","@id":"https:\/\/wilsonsantosmt.com.br\/index.php\/2025\/08\/05\/wilson-santos-destina-r-100-mil-para-construcao-de-horta-no-abrigo-bom-jesus\/#article","isPartOf":{"@id":"https:\/\/wilsonsantosmt.com.br\/index.php\/2025\/08\/05\/wilson-santos-destina-r-100-mil-para-construcao-de-horta-no-abrigo-bom-jesus\/"},"author":{"name":"Samantha dos Anjos","@id":"https:\/\/wilsonsantosmt.com.br\/#\/schema\/person\/1d097ee45f526dd0455dbad8c679932c"},"headline":"Wilson Santos destina R$ 100 mil para constru\u00e7\u00e3o de horta no Abrigo Bom Jesus","datePublished":"2025-08-05T18:42:08+00:00","dateModified":"2025-08-13T18:42:41+00:00","mainEntityOfPage":{"@id":"https:\/\/wilsonsantosmt.com.br\/index.php\/2025\/08\/05\/wilson-santos-destina-r-100-mil-para-construcao-de-horta-no-abrigo-bom-jesus\/"},"wordCount":450,"publisher":{"@id":"https:\/\/wilsonsantosmt.com.br\/#\/schema\/person\/9de3c54961637a9eadb16bcbf895b1ef"},"articleSection":["Not\u00edcias"],"inLanguage":"pt-BR"},{"@type":"WebPage","@id":"https:\/\/wilsonsantosmt.com.br\/index.php\/2025\/08\/05\/wilson-santos-destina-r-100-mil-para-construcao-de-horta-no-abrigo-bom-jesus\/","url":"https:\/\/wilsonsantosmt.com.br\/index.php\/2025\/08\/05\/wilson-santos-destina-r-100-mil-para-construcao-de-horta-no-abrigo-bom-jesus\/","name":"Wilson Santos destina R$ 100 mil para constru\u00e7\u00e3o de horta no Abrigo Bom Jesus - wilsonsantosmt.com.br","isPartOf":{"@id":"https:\/\/wilsonsantosmt.com.br\/#website"},"datePublished":"2025-08-05T18:42:08+00:00","dateModified":"2025-08-13T18:42:41+00:00","breadcrumb":{"@id":"https:\/\/wilsonsantosmt.com.br\/index.php\/2025\/08\/05\/wilson-santos-destina-r-100-mil-para-construcao-de-horta-no-abrigo-bom-jesus\/#breadcrumb"},"inLanguage":"pt-BR","potentialAction":[{"@type":"ReadAction","target":["https:\/\/wilsonsantosmt.com.br\/index.php\/2025\/08\/05\/wilson-santos-destina-r-100-mil-para-construcao-de-horta-no-abrigo-bom-jesus\/"]}]},{"@type":"BreadcrumbList","@id":"https:\/\/wilsonsantosmt.com.br\/index.php\/2025\/08\/05\/wilson-santos-destina-r-100-mil-para-construcao-de-horta-no-abrigo-bom-jesus\/#breadcrumb","itemListElement":[{"@type":"ListItem","position":1,"name":"In\u00edcio","item":"https:\/\/wilsonsantosmt.com.br\/"},{"@type":"ListItem","position":2,"name":"Not\u00edcias","item":"https:\/\/wilsonsantosmt.com.br\/index.php\/category\/noticias\/"},{"@type":"ListItem","position":3,"name":"Wilson Santos destina R$ 100 mil para constru\u00e7\u00e3o de horta no Abrigo Bom Jesus"}]},{"@type":"WebSite","@id":"https:\/\/wilsonsantosmt.com.br\/#website","url":"https:\/\/wilsonsantosmt.com.br\/","name":"wilsonsantosmt.com.br","description":"","publisher":{"@id":"https:\/\/wilsonsantosmt.com.br\/#\/schema\/person\/9de3c54961637a9eadb16bcbf895b1ef"},"potentialAction":[{"@type":"SearchAction","target":{"@type":"EntryPoint","urlTemplate":"https:\/\/wilsonsantosmt.com.br\/?s={search_term_string}"},"query-input":"required name=search_term_string"}],"inLanguage":"pt-BR"},{"@type":["Person","Organization"],"@id":"https:\/\/wilsonsantosmt.com.br\/#\/schema\/person\/9de3c54961637a9eadb16bcbf895b1ef","name":"Wilson Santos","image":{"@type":"ImageObject","inLanguage":"pt-BR","@id":"https:\/\/wilsonsantosmt.com.br\/#\/schema\/person\/image\/","url":"https:\/\/wilsonsantosmt.com.br\/wp-content\/uploads\/2023\/11\/310828673_653254583023360_8795459643194608438_n.jpg","contentUrl":"https:\/\/wilsonsantosmt.com.br\/wp-content\/uploads\/2023\/11\/310828673_653254583023360_8795459643194608438_n.jpg","width":1078,"height":1079,"caption":"Wilson Santos"},"logo":{"@id":"https:\/\/wilsonsantosmt.com.br\/#\/schema\/person\/image\/"},"sameAs":["http:\/\/wilsonsantosmt.com.br","https:\/\/www.facebook.com\/WilsonSantosMT\/","https:\/\/www.instagram.com\/wilsonsantosmt\/","https:\/\/www.youtube.com\/@WilsonSantosWS\/videos","https:\/\/pt.wikipedia.org\/wiki\/Wilson_Santos"],"honorificPrefix":"Sr","gender":"masculino","jobTitle":"Deputado Estadual","worksFor":"Assembleia Legislativa de Mato Grosso"},{"@type":"Person","@id":"https:\/\/wilsonsantosmt.com.br\/#\/schema\/person\/1d097ee45f526dd0455dbad8c679932c","name":"Samantha dos Anjos","image":{"@type":"ImageObject","inLanguage":"pt-BR","@id":"https:\/\/wilsonsantosmt.com.br\/#\/schema\/person\/image\/","url":"https:\/\/secure.gravatar.com\/avatar\/7d8d0b6dd67d134a9fa841bee90c57c7?s=96&d=mm&r=g","contentUrl":"https:\/\/secure.gravatar.com\/avatar\/7d8d0b6dd67d134a9fa841bee90c57c7?s=96&d=mm&r=g","caption":"Samantha dos Anjos"},"url":"https:\/\/wilsonsantosmt.com.br\/index.php\/author\/samantha-dos-anjos\/"}]}},"_links":{"self":[{"href":"https:\/\/wilsonsantosmt.com.br\/index.php\/wp-json\/wp\/v2\/posts\/1780"}],"collection":[{"href":"https:\/\/wilsonsantosmt.com.br\/index.php\/wp-json\/wp\/v2\/posts"}],"about":[{"href":"https:\/\/wilsonsantosmt.com.br\/index.php\/wp-json\/wp\/v2\/types\/post"}],"author":[{"embeddable":true,"href":"https:\/\/wilsonsantosmt.com.br\/index.php\/wp-json\/wp\/v2\/users\/4"}],"replies":[{"embeddable":true,"href":"https:\/\/wilsonsantosmt.com.br\/index.php\/wp-json\/wp\/v2\/comments?post=1780"}],"version-history":[{"count":1,"href":"https:\/\/wilsonsantosmt.com.br\/index.php\/wp-json\/wp\/v2\/posts\/1780\/revisions"}],"predecessor-version":[{"id":1782,"href":"https:\/\/wilsonsantosmt.com.br\/index.php\/wp-json\/wp\/v2\/posts\/1780\/revisions\/1782"}],"wp:featuredmedia":[{"embeddable":true,"href":"https:\/\/wilsonsantosmt.com.br\/index.php\/wp-json\/wp\/v2\/media\/1781"}],"wp:attachment":[{"href":"https:\/\/wilsonsantosmt.com.br\/index.php\/wp-json\/wp\/v2\/media?parent=1780"}],"wp:term":[{"taxonomy":"category","embeddable":true,"href":"https:\/\/wilsonsantosmt.com.br\/index.php\/wp-json\/wp\/v2\/categories?post=1780"},{"taxonomy":"post_tag","embeddable":true,"href":"https:\/\/wilsonsantosmt.com.br\/index.php\/wp-json\/wp\/v2\/tags?post=1780"}],"curies":[{"name":"wp","href":"https:\/\/api.w.org\/{rel}","templated":true}]}}