{"id":1783,"date":"2025-08-06T14:42:57","date_gmt":"2025-08-06T18:42:57","guid":{"rendered":"https:\/\/wilsonsantosmt.com.br\/?p=1783"},"modified":"2025-08-13T14:43:32","modified_gmt":"2025-08-13T18:43:32","slug":"nos-190-anos-da-almt-wilson-santos-destaca-papel-historico-do-parlamento","status":"publish","type":"post","link":"https:\/\/wilsonsantosmt.com.br\/index.php\/2025\/08\/06\/nos-190-anos-da-almt-wilson-santos-destaca-papel-historico-do-parlamento\/","title":{"rendered":"Nos 190 anos da ALMT, Wilson Santos destaca papel hist\u00f3rico do Parlamento"},"content":{"rendered":"\n<p><\/p>\n\n\n\n<p>Com cinco mandatos na Assembleia Legislativa, o deputado estadual Wilson Santos (PSD) compartilhou curiosidades sobre o processo hist\u00f3rico do Parlamento de Mato Grosso, nesta quarta-feira (6), durante sess\u00e3o solene pelos 190 anos de instala\u00e7\u00e3o do Poder Legislativo, comemorados no \u00faltimo dia 3 de julho. O evento reuniu autoridades e homenageou personalidades que marcaram a trajet\u00f3ria pol\u00edtica do Estado por meio da Casa de Leis.<\/p>\n\n\n\n<p>\u201cA Assembleia Legislativa, nestes 190 anos, exerceu diversos pap\u00e9is. Al\u00e9m dos principais que \u00e9 o de legislar e fiscalizar, o que poucos sabem e ningu\u00e9m imagina, \u00e9 que todo o papel eleitoral era feito pelo parlamento. A justi\u00e7a eleitoral nasce somente em 1832. A primeira elei\u00e7\u00e3o em Mato Grosso, que n\u00e3o foi administrada pela Assembleia Legislativa, foi a elei\u00e7\u00e3o para a Assembleia Nacional Constituinte de 1933. Ent\u00e3o, durante toda a prov\u00edncia e da Primeira Rep\u00fablica, a Casa de Leis que realizava as elei\u00e7\u00f5es e que contava votos, que diplomava e dava posse\u201d, explanou o parlamentar.<\/p>\n\n\n\n<p>Wilson tamb\u00e9m mencionou ex-deputados estaduais que chegaram ao cargo de governador de Mato Grosso, a exemplo de Jo\u00e3o Ponce de Arruda, Jos\u00e9 Fragelli, Dante de Oliveira e J\u00falio Campos &#8211; este \u00faltimo com trajet\u00f3ria inversa, sendo primeiro governador, depois deputado estadual. \u201cTenho certeza de que outros deputados estaduais ainda chegar\u00e3o ao Pal\u00e1cio Paiagu\u00e1s. Aqui \u00e9 uma escola de forma\u00e7\u00e3o pol\u00edtica, uma verdadeira c\u00e1tedra para quem deseja continuar na vida p\u00fablica\u201d, afirmou.<\/p>\n\n\n\n<p>O parlamentar tamb\u00e9m relembrou que a Assembleia Legislativa quase foi palco do primeiro impeachment de um governador em Mato Grosso. \u201cApenas um governador passou por esse processo, que foi Pedro Pedrossian, que governou de 1966 a 1971. Foi um per\u00edodo extremamente doloroso. Durante seis meses, ele enfrentou um processo e, por apenas um voto, n\u00e3o perdeu o cargo. Foi salvo pelo ent\u00e3o presidente da Assembleia, o saudoso deputado Emanuel Pinheiro da Silva Primo, que desempatou a vota\u00e7\u00e3o, ficando 15 a 14\u201d, relatou.<\/p>\n\n\n\n<p>Com sua vasta experi\u00eancia na pol\u00edtica, Wilson Santos concluiu sua fala fazendo uma cr\u00edtica \u00e0 atual perda de espa\u00e7o da Assembleia Legislativa como ambiente de grandes debates. \u201cA Assembleia tem deixado de ser o palco privilegiado para discuss\u00f5es profundas e relevantes para a sociedade mato-grossense. Isso antes era constante, mas infelizmente tem se perdido com o tempo. Precisamos resgatar essa forma de escuta e constru\u00e7\u00e3o coletiva\u201d, defendeu.<\/p>\n\n\n\n<p>Wilson Santos foi eleito deputado estadual pela primeira vez em 1990, sendo reeleito em 1994. Ap\u00f3s duas d\u00e9cadas, retornou \u00e0 Assembleia Legislativa em 2014, sendo reeleito em 2018 e novamente em 2022. Atualmente, cumpre seu quinto mandato como deputado estadual, sendo que j\u00e1 exerceu cargos como deputado federal e prefeito de Cuiab\u00e1 em sua carreira pol\u00edtica.<\/p>\n","protected":false},"excerpt":{"rendered":"<p>Com cinco mandatos na Assembleia Legislativa, o deputado estadual Wilson Santos (PSD) compartilhou curiosidades sobre o processo hist\u00f3rico do Parlamento de Mato Grosso, nesta quarta-feira (6), durante sess\u00e3o solene pelos 190 anos de instala\u00e7\u00e3o do Poder Legislativo, comemorados no \u00faltimo dia 3 de julho. O evento reuniu autoridades e homenageou personalidades que marcaram a trajet\u00f3ria [&hellip;]<\/p>\n","protected":false},"author":4,"featured_media":1784,"comment_status":"closed","ping_status":"open","sticky":false,"template":"","format":"standard","meta":{"footnotes":""},"categories":[13],"tags":[],"yoast_head":"<!-- This site is optimized with the Yoast SEO Premium plugin v21.5 (Yoast SEO v21.4) - https:\/\/yoast.com\/wordpress\/plugins\/seo\/ -->\n<title>Nos 190 anos da ALMT, Wilson Santos destaca papel hist\u00f3rico do Parlamento - wilsonsantosmt.com.br<\/title>\n<meta name=\"robots\" content=\"index, follow, max-snippet:-1, max-image-preview:large, max-video-preview:-1\" \/>\n<link rel=\"canonical\" href=\"https:\/\/wilsonsantosmt.com.br\/index.php\/2025\/08\/06\/nos-190-anos-da-almt-wilson-santos-destaca-papel-historico-do-parlamento\/\" \/>\n<meta property=\"og:locale\" content=\"pt_BR\" \/>\n<meta property=\"og:type\" content=\"article\" \/>\n<meta property=\"og:title\" content=\"Nos 190 anos da ALMT, Wilson Santos destaca papel hist\u00f3rico do Parlamento\" \/>\n<meta property=\"og:description\" content=\"Com cinco mandatos na Assembleia Legislativa, o deputado estadual Wilson Santos (PSD) compartilhou curiosidades sobre o processo hist\u00f3rico do Parlamento de Mato Grosso, nesta quarta-feira (6), durante sess\u00e3o solene pelos 190 anos de instala\u00e7\u00e3o do Poder Legislativo, comemorados no \u00faltimo dia 3 de julho. O evento reuniu autoridades e homenageou personalidades que marcaram a trajet\u00f3ria [&hellip;]\" \/>\n<meta property=\"og:url\" content=\"https:\/\/wilsonsantosmt.com.br\/index.php\/2025\/08\/06\/nos-190-anos-da-almt-wilson-santos-destaca-papel-historico-do-parlamento\/\" \/>\n<meta property=\"og:site_name\" content=\"wilsonsantosmt.com.br\" \/>\n<meta property=\"article:publisher\" content=\"https:\/\/www.facebook.com\/WilsonSantosMT\/\" \/>\n<meta property=\"article:published_time\" content=\"2025-08-06T18:42:57+00:00\" \/>\n<meta property=\"article:modified_time\" content=\"2025-08-13T18:43:32+00:00\" \/>\n<meta property=\"og:image\" content=\"http:\/\/wilsonsantosmt.com.br\/wp-content\/uploads\/2025\/08\/WhatsApp-Image-2025-08-06-at-14.34.36.jpeg\" \/>\n\t<meta property=\"og:image:width\" content=\"1600\" \/>\n\t<meta property=\"og:image:height\" content=\"1066\" \/>\n\t<meta property=\"og:image:type\" content=\"image\/jpeg\" \/>\n<meta name=\"author\" content=\"Samantha dos Anjos\" \/>\n<meta name=\"twitter:card\" content=\"summary_large_image\" \/>\n<meta name=\"twitter:label1\" content=\"Escrito por\" \/>\n\t<meta name=\"twitter:data1\" content=\"Samantha dos Anjos\" \/>\n\t<meta name=\"twitter:label2\" content=\"Est. tempo de leitura\" \/>\n\t<meta name=\"twitter:data2\" content=\"3 minutos\" \/>\n<script type=\"application\/ld+json\" class=\"yoast-schema-graph\">{\"@context\":\"https:\/\/schema.org\",\"@graph\":[{\"@type\":\"Article\",\"@id\":\"https:\/\/wilsonsantosmt.com.br\/index.php\/2025\/08\/06\/nos-190-anos-da-almt-wilson-santos-destaca-papel-historico-do-parlamento\/#article\",\"isPartOf\":{\"@id\":\"https:\/\/wilsonsantosmt.com.br\/index.php\/2025\/08\/06\/nos-190-anos-da-almt-wilson-santos-destaca-papel-historico-do-parlamento\/\"},\"author\":{\"name\":\"Samantha dos Anjos\",\"@id\":\"https:\/\/wilsonsantosmt.com.br\/#\/schema\/person\/1d097ee45f526dd0455dbad8c679932c\"},\"headline\":\"Nos 190 anos da ALMT, Wilson Santos destaca papel hist\u00f3rico do Parlamento\",\"datePublished\":\"2025-08-06T18:42:57+00:00\",\"dateModified\":\"2025-08-13T18:43:32+00:00\",\"mainEntityOfPage\":{\"@id\":\"https:\/\/wilsonsantosmt.com.br\/index.php\/2025\/08\/06\/nos-190-anos-da-almt-wilson-santos-destaca-papel-historico-do-parlamento\/\"},\"wordCount\":468,\"publisher\":{\"@id\":\"https:\/\/wilsonsantosmt.com.br\/#\/schema\/person\/9de3c54961637a9eadb16bcbf895b1ef\"},\"articleSection\":[\"Not\u00edcias\"],\"inLanguage\":\"pt-BR\"},{\"@type\":\"WebPage\",\"@id\":\"https:\/\/wilsonsantosmt.com.br\/index.php\/2025\/08\/06\/nos-190-anos-da-almt-wilson-santos-destaca-papel-historico-do-parlamento\/\",\"url\":\"https:\/\/wilsonsantosmt.com.br\/index.php\/2025\/08\/06\/nos-190-anos-da-almt-wilson-santos-destaca-papel-historico-do-parlamento\/\",\"name\":\"Nos 190 anos da ALMT, Wilson Santos destaca papel hist\u00f3rico do Parlamento - wilsonsantosmt.com.br\",\"isPartOf\":{\"@id\":\"https:\/\/wilsonsantosmt.com.br\/#website\"},\"datePublished\":\"2025-08-06T18:42:57+00:00\",\"dateModified\":\"2025-08-13T18:43:32+00:00\",\"breadcrumb\":{\"@id\":\"https:\/\/wilsonsantosmt.com.br\/index.php\/2025\/08\/06\/nos-190-anos-da-almt-wilson-santos-destaca-papel-historico-do-parlamento\/#breadcrumb\"},\"inLanguage\":\"pt-BR\",\"potentialAction\":[{\"@type\":\"ReadAction\",\"target\":[\"https:\/\/wilsonsantosmt.com.br\/index.php\/2025\/08\/06\/nos-190-anos-da-almt-wilson-santos-destaca-papel-historico-do-parlamento\/\"]}]},{\"@type\":\"BreadcrumbList\",\"@id\":\"https:\/\/wilsonsantosmt.com.br\/index.php\/2025\/08\/06\/nos-190-anos-da-almt-wilson-santos-destaca-papel-historico-do-parlamento\/#breadcrumb\",\"itemListElement\":[{\"@type\":\"ListItem\",\"position\":1,\"name\":\"In\u00edcio\",\"item\":\"https:\/\/wilsonsantosmt.com.br\/\"},{\"@type\":\"ListItem\",\"position\":2,\"name\":\"Not\u00edcias\",\"item\":\"https:\/\/wilsonsantosmt.com.br\/index.php\/category\/noticias\/\"},{\"@type\":\"ListItem\",\"position\":3,\"name\":\"Nos 190 anos da ALMT, Wilson Santos destaca papel hist\u00f3rico do Parlamento\"}]},{\"@type\":\"WebSite\",\"@id\":\"https:\/\/wilsonsantosmt.com.br\/#website\",\"url\":\"https:\/\/wilsonsantosmt.com.br\/\",\"name\":\"wilsonsantosmt.com.br\",\"description\":\"\",\"publisher\":{\"@id\":\"https:\/\/wilsonsantosmt.com.br\/#\/schema\/person\/9de3c54961637a9eadb16bcbf895b1ef\"},\"potentialAction\":[{\"@type\":\"SearchAction\",\"target\":{\"@type\":\"EntryPoint\",\"urlTemplate\":\"https:\/\/wilsonsantosmt.com.br\/?s={search_term_string}\"},\"query-input\":\"required name=search_term_string\"}],\"inLanguage\":\"pt-BR\"},{\"@type\":[\"Person\",\"Organization\"],\"@id\":\"https:\/\/wilsonsantosmt.com.br\/#\/schema\/person\/9de3c54961637a9eadb16bcbf895b1ef\",\"name\":\"Wilson Santos\",\"image\":{\"@type\":\"ImageObject\",\"inLanguage\":\"pt-BR\",\"@id\":\"https:\/\/wilsonsantosmt.com.br\/#\/schema\/person\/image\/\",\"url\":\"https:\/\/wilsonsantosmt.com.br\/wp-content\/uploads\/2023\/11\/310828673_653254583023360_8795459643194608438_n.jpg\",\"contentUrl\":\"https:\/\/wilsonsantosmt.com.br\/wp-content\/uploads\/2023\/11\/310828673_653254583023360_8795459643194608438_n.jpg\",\"width\":1078,\"height\":1079,\"caption\":\"Wilson Santos\"},\"logo\":{\"@id\":\"https:\/\/wilsonsantosmt.com.br\/#\/schema\/person\/image\/\"},\"sameAs\":[\"http:\/\/wilsonsantosmt.com.br\",\"https:\/\/www.facebook.com\/WilsonSantosMT\/\",\"https:\/\/www.instagram.com\/wilsonsantosmt\/\",\"https:\/\/www.youtube.com\/@WilsonSantosWS\/videos\",\"https:\/\/pt.wikipedia.org\/wiki\/Wilson_Santos\"],\"honorificPrefix\":\"Sr\",\"gender\":\"masculino\",\"jobTitle\":\"Deputado Estadual\",\"worksFor\":\"Assembleia Legislativa de Mato Grosso\"},{\"@type\":\"Person\",\"@id\":\"https:\/\/wilsonsantosmt.com.br\/#\/schema\/person\/1d097ee45f526dd0455dbad8c679932c\",\"name\":\"Samantha dos Anjos\",\"image\":{\"@type\":\"ImageObject\",\"inLanguage\":\"pt-BR\",\"@id\":\"https:\/\/wilsonsantosmt.com.br\/#\/schema\/person\/image\/\",\"url\":\"https:\/\/secure.gravatar.com\/avatar\/7d8d0b6dd67d134a9fa841bee90c57c7?s=96&d=mm&r=g\",\"contentUrl\":\"https:\/\/secure.gravatar.com\/avatar\/7d8d0b6dd67d134a9fa841bee90c57c7?s=96&d=mm&r=g\",\"caption\":\"Samantha dos Anjos\"},\"url\":\"https:\/\/wilsonsantosmt.com.br\/index.php\/author\/samantha-dos-anjos\/\"}]}<\/script>\n<!-- \/ Yoast SEO Premium plugin. -->","yoast_head_json":{"title":"Nos 190 anos da ALMT, Wilson Santos destaca papel hist\u00f3rico do Parlamento - wilsonsantosmt.com.br","robots":{"index":"index","follow":"follow","max-snippet":"max-snippet:-1","max-image-preview":"max-image-preview:large","max-video-preview":"max-video-preview:-1"},"canonical":"https:\/\/wilsonsantosmt.com.br\/index.php\/2025\/08\/06\/nos-190-anos-da-almt-wilson-santos-destaca-papel-historico-do-parlamento\/","og_locale":"pt_BR","og_type":"article","og_title":"Nos 190 anos da ALMT, Wilson Santos destaca papel hist\u00f3rico do Parlamento","og_description":"Com cinco mandatos na Assembleia Legislativa, o deputado estadual Wilson Santos (PSD) compartilhou curiosidades sobre o processo hist\u00f3rico do Parlamento de Mato Grosso, nesta quarta-feira (6), durante sess\u00e3o solene pelos 190 anos de instala\u00e7\u00e3o do Poder Legislativo, comemorados no \u00faltimo dia 3 de julho. O evento reuniu autoridades e homenageou personalidades que marcaram a trajet\u00f3ria [&hellip;]","og_url":"https:\/\/wilsonsantosmt.com.br\/index.php\/2025\/08\/06\/nos-190-anos-da-almt-wilson-santos-destaca-papel-historico-do-parlamento\/","og_site_name":"wilsonsantosmt.com.br","article_publisher":"https:\/\/www.facebook.com\/WilsonSantosMT\/","article_published_time":"2025-08-06T18:42:57+00:00","article_modified_time":"2025-08-13T18:43:32+00:00","og_image":[{"width":1600,"height":1066,"url":"http:\/\/wilsonsantosmt.com.br\/wp-content\/uploads\/2025\/08\/WhatsApp-Image-2025-08-06-at-14.34.36.jpeg","type":"image\/jpeg"}],"author":"Samantha dos Anjos","twitter_card":"summary_large_image","twitter_misc":{"Escrito por":"Samantha dos Anjos","Est. tempo de leitura":"3 minutos"},"schema":{"@context":"https:\/\/schema.org","@graph":[{"@type":"Article","@id":"https:\/\/wilsonsantosmt.com.br\/index.php\/2025\/08\/06\/nos-190-anos-da-almt-wilson-santos-destaca-papel-historico-do-parlamento\/#article","isPartOf":{"@id":"https:\/\/wilsonsantosmt.com.br\/index.php\/2025\/08\/06\/nos-190-anos-da-almt-wilson-santos-destaca-papel-historico-do-parlamento\/"},"author":{"name":"Samantha dos Anjos","@id":"https:\/\/wilsonsantosmt.com.br\/#\/schema\/person\/1d097ee45f526dd0455dbad8c679932c"},"headline":"Nos 190 anos da ALMT, Wilson Santos destaca papel hist\u00f3rico do Parlamento","datePublished":"2025-08-06T18:42:57+00:00","dateModified":"2025-08-13T18:43:32+00:00","mainEntityOfPage":{"@id":"https:\/\/wilsonsantosmt.com.br\/index.php\/2025\/08\/06\/nos-190-anos-da-almt-wilson-santos-destaca-papel-historico-do-parlamento\/"},"wordCount":468,"publisher":{"@id":"https:\/\/wilsonsantosmt.com.br\/#\/schema\/person\/9de3c54961637a9eadb16bcbf895b1ef"},"articleSection":["Not\u00edcias"],"inLanguage":"pt-BR"},{"@type":"WebPage","@id":"https:\/\/wilsonsantosmt.com.br\/index.php\/2025\/08\/06\/nos-190-anos-da-almt-wilson-santos-destaca-papel-historico-do-parlamento\/","url":"https:\/\/wilsonsantosmt.com.br\/index.php\/2025\/08\/06\/nos-190-anos-da-almt-wilson-santos-destaca-papel-historico-do-parlamento\/","name":"Nos 190 anos da ALMT, Wilson Santos destaca papel hist\u00f3rico do Parlamento - wilsonsantosmt.com.br","isPartOf":{"@id":"https:\/\/wilsonsantosmt.com.br\/#website"},"datePublished":"2025-08-06T18:42:57+00:00","dateModified":"2025-08-13T18:43:32+00:00","breadcrumb":{"@id":"https:\/\/wilsonsantosmt.com.br\/index.php\/2025\/08\/06\/nos-190-anos-da-almt-wilson-santos-destaca-papel-historico-do-parlamento\/#breadcrumb"},"inLanguage":"pt-BR","potentialAction":[{"@type":"ReadAction","target":["https:\/\/wilsonsantosmt.com.br\/index.php\/2025\/08\/06\/nos-190-anos-da-almt-wilson-santos-destaca-papel-historico-do-parlamento\/"]}]},{"@type":"BreadcrumbList","@id":"https:\/\/wilsonsantosmt.com.br\/index.php\/2025\/08\/06\/nos-190-anos-da-almt-wilson-santos-destaca-papel-historico-do-parlamento\/#breadcrumb","itemListElement":[{"@type":"ListItem","position":1,"name":"In\u00edcio","item":"https:\/\/wilsonsantosmt.com.br\/"},{"@type":"ListItem","position":2,"name":"Not\u00edcias","item":"https:\/\/wilsonsantosmt.com.br\/index.php\/category\/noticias\/"},{"@type":"ListItem","position":3,"name":"Nos 190 anos da ALMT, Wilson Santos destaca papel hist\u00f3rico do Parlamento"}]},{"@type":"WebSite","@id":"https:\/\/wilsonsantosmt.com.br\/#website","url":"https:\/\/wilsonsantosmt.com.br\/","name":"wilsonsantosmt.com.br","description":"","publisher":{"@id":"https:\/\/wilsonsantosmt.com.br\/#\/schema\/person\/9de3c54961637a9eadb16bcbf895b1ef"},"potentialAction":[{"@type":"SearchAction","target":{"@type":"EntryPoint","urlTemplate":"https:\/\/wilsonsantosmt.com.br\/?s={search_term_string}"},"query-input":"required name=search_term_string"}],"inLanguage":"pt-BR"},{"@type":["Person","Organization"],"@id":"https:\/\/wilsonsantosmt.com.br\/#\/schema\/person\/9de3c54961637a9eadb16bcbf895b1ef","name":"Wilson Santos","image":{"@type":"ImageObject","inLanguage":"pt-BR","@id":"https:\/\/wilsonsantosmt.com.br\/#\/schema\/person\/image\/","url":"https:\/\/wilsonsantosmt.com.br\/wp-content\/uploads\/2023\/11\/310828673_653254583023360_8795459643194608438_n.jpg","contentUrl":"https:\/\/wilsonsantosmt.com.br\/wp-content\/uploads\/2023\/11\/310828673_653254583023360_8795459643194608438_n.jpg","width":1078,"height":1079,"caption":"Wilson Santos"},"logo":{"@id":"https:\/\/wilsonsantosmt.com.br\/#\/schema\/person\/image\/"},"sameAs":["http:\/\/wilsonsantosmt.com.br","https:\/\/www.facebook.com\/WilsonSantosMT\/","https:\/\/www.instagram.com\/wilsonsantosmt\/","https:\/\/www.youtube.com\/@WilsonSantosWS\/videos","https:\/\/pt.wikipedia.org\/wiki\/Wilson_Santos"],"honorificPrefix":"Sr","gender":"masculino","jobTitle":"Deputado Estadual","worksFor":"Assembleia Legislativa de Mato Grosso"},{"@type":"Person","@id":"https:\/\/wilsonsantosmt.com.br\/#\/schema\/person\/1d097ee45f526dd0455dbad8c679932c","name":"Samantha dos Anjos","image":{"@type":"ImageObject","inLanguage":"pt-BR","@id":"https:\/\/wilsonsantosmt.com.br\/#\/schema\/person\/image\/","url":"https:\/\/secure.gravatar.com\/avatar\/7d8d0b6dd67d134a9fa841bee90c57c7?s=96&d=mm&r=g","contentUrl":"https:\/\/secure.gravatar.com\/avatar\/7d8d0b6dd67d134a9fa841bee90c57c7?s=96&d=mm&r=g","caption":"Samantha dos Anjos"},"url":"https:\/\/wilsonsantosmt.com.br\/index.php\/author\/samantha-dos-anjos\/"}]}},"_links":{"self":[{"href":"https:\/\/wilsonsantosmt.com.br\/index.php\/wp-json\/wp\/v2\/posts\/1783"}],"collection":[{"href":"https:\/\/wilsonsantosmt.com.br\/index.php\/wp-json\/wp\/v2\/posts"}],"about":[{"href":"https:\/\/wilsonsantosmt.com.br\/index.php\/wp-json\/wp\/v2\/types\/post"}],"author":[{"embeddable":true,"href":"https:\/\/wilsonsantosmt.com.br\/index.php\/wp-json\/wp\/v2\/users\/4"}],"replies":[{"embeddable":true,"href":"https:\/\/wilsonsantosmt.com.br\/index.php\/wp-json\/wp\/v2\/comments?post=1783"}],"version-history":[{"count":1,"href":"https:\/\/wilsonsantosmt.com.br\/index.php\/wp-json\/wp\/v2\/posts\/1783\/revisions"}],"predecessor-version":[{"id":1785,"href":"https:\/\/wilsonsantosmt.com.br\/index.php\/wp-json\/wp\/v2\/posts\/1783\/revisions\/1785"}],"wp:featuredmedia":[{"embeddable":true,"href":"https:\/\/wilsonsantosmt.com.br\/index.php\/wp-json\/wp\/v2\/media\/1784"}],"wp:attachment":[{"href":"https:\/\/wilsonsantosmt.com.br\/index.php\/wp-json\/wp\/v2\/media?parent=1783"}],"wp:term":[{"taxonomy":"category","embeddable":true,"href":"https:\/\/wilsonsantosmt.com.br\/index.php\/wp-json\/wp\/v2\/categories?post=1783"},{"taxonomy":"post_tag","embeddable":true,"href":"https:\/\/wilsonsantosmt.com.br\/index.php\/wp-json\/wp\/v2\/tags?post=1783"}],"curies":[{"name":"wp","href":"https:\/\/api.w.org\/{rel}","templated":true}]}}