{"id":1786,"date":"2025-08-06T14:43:54","date_gmt":"2025-08-06T18:43:54","guid":{"rendered":"https:\/\/wilsonsantosmt.com.br\/?p=1786"},"modified":"2025-08-13T14:44:26","modified_gmt":"2025-08-13T18:44:26","slug":"wilson-santos-articula-com-o-tce-prorrogacao-da-suspensao-dos-consignados-por-mais-90-dias","status":"publish","type":"post","link":"https:\/\/wilsonsantosmt.com.br\/index.php\/2025\/08\/06\/wilson-santos-articula-com-o-tce-prorrogacao-da-suspensao-dos-consignados-por-mais-90-dias\/","title":{"rendered":"Wilson Santos articula com o TCE prorroga\u00e7\u00e3o da suspens\u00e3o dos consignados por mais 90 dias"},"content":{"rendered":"\n<p><\/p>\n\n\n\n<p>O deputado estadual Wilson Santos (PSD) se reuniu, na tarde desta quarta-feira (6), com o conselheiro Valter Albano, presidente da Mesa T\u00e9cnica dos Consignados do Tribunal de Contas do Estado de Mato Grosso (TCE). O encontro teve como foco principal a articula\u00e7\u00e3o de um novo pedido para a prorroga\u00e7\u00e3o por mais 90 dias da suspens\u00e3o de descontos dos empr\u00e9stimos consignados nas folhas de pagamento dos servidores p\u00fablicos estaduais, principalmente devido cerca de 90 mil contratos analisados \u2013 somente uma m\u00e9dia de 27 mil est\u00e3o regulares e seguindo as normas t\u00e9cnicas exigidas.<\/p>\n\n\n\n<p>Desde junho deste ano, foram suspensos os contratos de empr\u00e9stimo consignado realizados junto \u00e0s institui\u00e7\u00f5es financeiras p\u00fablicas ou privadas que operam mediante conv\u00eanio com o estado de Mato Grosso &#8211; por meio da Lei n.\u00b0 12.934\/2025. Para o parlamentar, estender o prazo \u00e9 devido n\u00e3o ter encontrado uma solu\u00e7\u00e3o clara para os milhares de contratos com ind\u00edcios de irregularidades, com inconsist\u00eancias, aus\u00eancia de autoriza\u00e7\u00f5es formais ou que extrapolam os limites legais da margem consign\u00e1vel.<\/p>\n\n\n\n<p>\u201cEstive no TCE para tratar sobre a situa\u00e7\u00e3o dos consignados. N\u00e3o vamos desistir deste assunto. N\u00e3o est\u00e1 resolvido. Trocamos ideias e continuamos debatendo para definir o melhor caminho. \u00c9 muito importante manter a suspens\u00e3o, enquanto n\u00e3o houver uma nova regulamenta\u00e7\u00e3o para os empr\u00e9stimos consignados. Essas opera\u00e7\u00f5es demonstram uma grave desordem por parte das empresas financeiras e falhas no controle e na fiscaliza\u00e7\u00e3o por parte do Estado\u201d, declarou Wilson.<\/p>\n\n\n\n<p>O deputado n\u00e3o descarta a possiblidade da aplica\u00e7\u00e3o de um Termo de Ajustamento de Conduta (TAC) ao governo estadual. \u201cSe depender da Assembleia Legislativa, pretendemos propor um TAC para reestruturar esse volume de endividamento. Primeiro desidratamos os juros abusivos. No segundo momento, aplicamos uma multa por dano moral, reduzindo ainda mais os valores. E, ao final, instituir um programa de refinanciamento justo e transparente. Essa \u00e9 uma das possibilidades e o melhor caminho\u201d, explicou.<\/p>\n\n\n\n<p>Wilson Santos representa a Assembleia Legislativa na mesa t\u00e9cnica do TCE, criada para apurar a legalidade e a regularidade das opera\u00e7\u00f5es financeiras realizadas por empresas consignat\u00e1rias com servidores p\u00fablicos de Mato Grosso.<\/p>\n","protected":false},"excerpt":{"rendered":"<p>O deputado estadual Wilson Santos (PSD) se reuniu, na tarde desta quarta-feira (6), com o conselheiro Valter Albano, presidente da Mesa T\u00e9cnica dos Consignados do Tribunal de Contas do Estado de Mato Grosso (TCE). O encontro teve como foco principal a articula\u00e7\u00e3o de um novo pedido para a prorroga\u00e7\u00e3o por mais 90 dias da suspens\u00e3o [&hellip;]<\/p>\n","protected":false},"author":4,"featured_media":1787,"comment_status":"closed","ping_status":"open","sticky":false,"template":"","format":"standard","meta":{"footnotes":""},"categories":[13],"tags":[],"yoast_head":"<!-- This site is optimized with the Yoast SEO Premium plugin v21.5 (Yoast SEO v21.4) - https:\/\/yoast.com\/wordpress\/plugins\/seo\/ -->\n<title>Wilson Santos articula com o TCE prorroga\u00e7\u00e3o da suspens\u00e3o dos consignados por mais 90 dias - wilsonsantosmt.com.br<\/title>\n<meta name=\"robots\" content=\"index, follow, max-snippet:-1, max-image-preview:large, max-video-preview:-1\" \/>\n<link rel=\"canonical\" href=\"https:\/\/wilsonsantosmt.com.br\/index.php\/2025\/08\/06\/wilson-santos-articula-com-o-tce-prorrogacao-da-suspensao-dos-consignados-por-mais-90-dias\/\" \/>\n<meta property=\"og:locale\" content=\"pt_BR\" \/>\n<meta property=\"og:type\" content=\"article\" \/>\n<meta property=\"og:title\" content=\"Wilson Santos articula com o TCE prorroga\u00e7\u00e3o da suspens\u00e3o dos consignados por mais 90 dias\" \/>\n<meta property=\"og:description\" content=\"O deputado estadual Wilson Santos (PSD) se reuniu, na tarde desta quarta-feira (6), com o conselheiro Valter Albano, presidente da Mesa T\u00e9cnica dos Consignados do Tribunal de Contas do Estado de Mato Grosso (TCE). O encontro teve como foco principal a articula\u00e7\u00e3o de um novo pedido para a prorroga\u00e7\u00e3o por mais 90 dias da suspens\u00e3o [&hellip;]\" \/>\n<meta property=\"og:url\" content=\"https:\/\/wilsonsantosmt.com.br\/index.php\/2025\/08\/06\/wilson-santos-articula-com-o-tce-prorrogacao-da-suspensao-dos-consignados-por-mais-90-dias\/\" \/>\n<meta property=\"og:site_name\" content=\"wilsonsantosmt.com.br\" \/>\n<meta property=\"article:publisher\" content=\"https:\/\/www.facebook.com\/WilsonSantosMT\/\" \/>\n<meta property=\"article:published_time\" content=\"2025-08-06T18:43:54+00:00\" \/>\n<meta property=\"article:modified_time\" content=\"2025-08-13T18:44:26+00:00\" \/>\n<meta property=\"og:image\" content=\"http:\/\/wilsonsantosmt.com.br\/wp-content\/uploads\/2025\/08\/WhatsApp-Image-2025-08-06-at-16.40.05.jpeg\" \/>\n\t<meta property=\"og:image:width\" content=\"1334\" \/>\n\t<meta property=\"og:image:height\" content=\"805\" \/>\n\t<meta property=\"og:image:type\" content=\"image\/jpeg\" \/>\n<meta name=\"author\" content=\"Samantha dos Anjos\" \/>\n<meta name=\"twitter:card\" content=\"summary_large_image\" \/>\n<meta name=\"twitter:label1\" content=\"Escrito por\" \/>\n\t<meta name=\"twitter:data1\" content=\"Samantha dos Anjos\" \/>\n\t<meta name=\"twitter:label2\" content=\"Est. tempo de leitura\" \/>\n\t<meta name=\"twitter:data2\" content=\"2 minutos\" \/>\n<script type=\"application\/ld+json\" class=\"yoast-schema-graph\">{\"@context\":\"https:\/\/schema.org\",\"@graph\":[{\"@type\":\"Article\",\"@id\":\"https:\/\/wilsonsantosmt.com.br\/index.php\/2025\/08\/06\/wilson-santos-articula-com-o-tce-prorrogacao-da-suspensao-dos-consignados-por-mais-90-dias\/#article\",\"isPartOf\":{\"@id\":\"https:\/\/wilsonsantosmt.com.br\/index.php\/2025\/08\/06\/wilson-santos-articula-com-o-tce-prorrogacao-da-suspensao-dos-consignados-por-mais-90-dias\/\"},\"author\":{\"name\":\"Samantha dos Anjos\",\"@id\":\"https:\/\/wilsonsantosmt.com.br\/#\/schema\/person\/1d097ee45f526dd0455dbad8c679932c\"},\"headline\":\"Wilson Santos articula com o TCE prorroga\u00e7\u00e3o da suspens\u00e3o dos consignados por mais 90 dias\",\"datePublished\":\"2025-08-06T18:43:54+00:00\",\"dateModified\":\"2025-08-13T18:44:26+00:00\",\"mainEntityOfPage\":{\"@id\":\"https:\/\/wilsonsantosmt.com.br\/index.php\/2025\/08\/06\/wilson-santos-articula-com-o-tce-prorrogacao-da-suspensao-dos-consignados-por-mais-90-dias\/\"},\"wordCount\":381,\"publisher\":{\"@id\":\"https:\/\/wilsonsantosmt.com.br\/#\/schema\/person\/9de3c54961637a9eadb16bcbf895b1ef\"},\"articleSection\":[\"Not\u00edcias\"],\"inLanguage\":\"pt-BR\"},{\"@type\":\"WebPage\",\"@id\":\"https:\/\/wilsonsantosmt.com.br\/index.php\/2025\/08\/06\/wilson-santos-articula-com-o-tce-prorrogacao-da-suspensao-dos-consignados-por-mais-90-dias\/\",\"url\":\"https:\/\/wilsonsantosmt.com.br\/index.php\/2025\/08\/06\/wilson-santos-articula-com-o-tce-prorrogacao-da-suspensao-dos-consignados-por-mais-90-dias\/\",\"name\":\"Wilson Santos articula com o TCE prorroga\u00e7\u00e3o da suspens\u00e3o dos consignados por mais 90 dias - wilsonsantosmt.com.br\",\"isPartOf\":{\"@id\":\"https:\/\/wilsonsantosmt.com.br\/#website\"},\"datePublished\":\"2025-08-06T18:43:54+00:00\",\"dateModified\":\"2025-08-13T18:44:26+00:00\",\"breadcrumb\":{\"@id\":\"https:\/\/wilsonsantosmt.com.br\/index.php\/2025\/08\/06\/wilson-santos-articula-com-o-tce-prorrogacao-da-suspensao-dos-consignados-por-mais-90-dias\/#breadcrumb\"},\"inLanguage\":\"pt-BR\",\"potentialAction\":[{\"@type\":\"ReadAction\",\"target\":[\"https:\/\/wilsonsantosmt.com.br\/index.php\/2025\/08\/06\/wilson-santos-articula-com-o-tce-prorrogacao-da-suspensao-dos-consignados-por-mais-90-dias\/\"]}]},{\"@type\":\"BreadcrumbList\",\"@id\":\"https:\/\/wilsonsantosmt.com.br\/index.php\/2025\/08\/06\/wilson-santos-articula-com-o-tce-prorrogacao-da-suspensao-dos-consignados-por-mais-90-dias\/#breadcrumb\",\"itemListElement\":[{\"@type\":\"ListItem\",\"position\":1,\"name\":\"In\u00edcio\",\"item\":\"https:\/\/wilsonsantosmt.com.br\/\"},{\"@type\":\"ListItem\",\"position\":2,\"name\":\"Not\u00edcias\",\"item\":\"https:\/\/wilsonsantosmt.com.br\/index.php\/category\/noticias\/\"},{\"@type\":\"ListItem\",\"position\":3,\"name\":\"Wilson Santos articula com o TCE prorroga\u00e7\u00e3o da suspens\u00e3o dos consignados por mais 90 dias\"}]},{\"@type\":\"WebSite\",\"@id\":\"https:\/\/wilsonsantosmt.com.br\/#website\",\"url\":\"https:\/\/wilsonsantosmt.com.br\/\",\"name\":\"wilsonsantosmt.com.br\",\"description\":\"\",\"publisher\":{\"@id\":\"https:\/\/wilsonsantosmt.com.br\/#\/schema\/person\/9de3c54961637a9eadb16bcbf895b1ef\"},\"potentialAction\":[{\"@type\":\"SearchAction\",\"target\":{\"@type\":\"EntryPoint\",\"urlTemplate\":\"https:\/\/wilsonsantosmt.com.br\/?s={search_term_string}\"},\"query-input\":\"required name=search_term_string\"}],\"inLanguage\":\"pt-BR\"},{\"@type\":[\"Person\",\"Organization\"],\"@id\":\"https:\/\/wilsonsantosmt.com.br\/#\/schema\/person\/9de3c54961637a9eadb16bcbf895b1ef\",\"name\":\"Wilson Santos\",\"image\":{\"@type\":\"ImageObject\",\"inLanguage\":\"pt-BR\",\"@id\":\"https:\/\/wilsonsantosmt.com.br\/#\/schema\/person\/image\/\",\"url\":\"https:\/\/wilsonsantosmt.com.br\/wp-content\/uploads\/2023\/11\/310828673_653254583023360_8795459643194608438_n.jpg\",\"contentUrl\":\"https:\/\/wilsonsantosmt.com.br\/wp-content\/uploads\/2023\/11\/310828673_653254583023360_8795459643194608438_n.jpg\",\"width\":1078,\"height\":1079,\"caption\":\"Wilson Santos\"},\"logo\":{\"@id\":\"https:\/\/wilsonsantosmt.com.br\/#\/schema\/person\/image\/\"},\"sameAs\":[\"http:\/\/wilsonsantosmt.com.br\",\"https:\/\/www.facebook.com\/WilsonSantosMT\/\",\"https:\/\/www.instagram.com\/wilsonsantosmt\/\",\"https:\/\/www.youtube.com\/@WilsonSantosWS\/videos\",\"https:\/\/pt.wikipedia.org\/wiki\/Wilson_Santos\"],\"honorificPrefix\":\"Sr\",\"gender\":\"masculino\",\"jobTitle\":\"Deputado Estadual\",\"worksFor\":\"Assembleia Legislativa de Mato Grosso\"},{\"@type\":\"Person\",\"@id\":\"https:\/\/wilsonsantosmt.com.br\/#\/schema\/person\/1d097ee45f526dd0455dbad8c679932c\",\"name\":\"Samantha dos Anjos\",\"image\":{\"@type\":\"ImageObject\",\"inLanguage\":\"pt-BR\",\"@id\":\"https:\/\/wilsonsantosmt.com.br\/#\/schema\/person\/image\/\",\"url\":\"https:\/\/secure.gravatar.com\/avatar\/7d8d0b6dd67d134a9fa841bee90c57c7?s=96&d=mm&r=g\",\"contentUrl\":\"https:\/\/secure.gravatar.com\/avatar\/7d8d0b6dd67d134a9fa841bee90c57c7?s=96&d=mm&r=g\",\"caption\":\"Samantha dos Anjos\"},\"url\":\"https:\/\/wilsonsantosmt.com.br\/index.php\/author\/samantha-dos-anjos\/\"}]}<\/script>\n<!-- \/ Yoast SEO Premium plugin. -->","yoast_head_json":{"title":"Wilson Santos articula com o TCE prorroga\u00e7\u00e3o da suspens\u00e3o dos consignados por mais 90 dias - wilsonsantosmt.com.br","robots":{"index":"index","follow":"follow","max-snippet":"max-snippet:-1","max-image-preview":"max-image-preview:large","max-video-preview":"max-video-preview:-1"},"canonical":"https:\/\/wilsonsantosmt.com.br\/index.php\/2025\/08\/06\/wilson-santos-articula-com-o-tce-prorrogacao-da-suspensao-dos-consignados-por-mais-90-dias\/","og_locale":"pt_BR","og_type":"article","og_title":"Wilson Santos articula com o TCE prorroga\u00e7\u00e3o da suspens\u00e3o dos consignados por mais 90 dias","og_description":"O deputado estadual Wilson Santos (PSD) se reuniu, na tarde desta quarta-feira (6), com o conselheiro Valter Albano, presidente da Mesa T\u00e9cnica dos Consignados do Tribunal de Contas do Estado de Mato Grosso (TCE). O encontro teve como foco principal a articula\u00e7\u00e3o de um novo pedido para a prorroga\u00e7\u00e3o por mais 90 dias da suspens\u00e3o [&hellip;]","og_url":"https:\/\/wilsonsantosmt.com.br\/index.php\/2025\/08\/06\/wilson-santos-articula-com-o-tce-prorrogacao-da-suspensao-dos-consignados-por-mais-90-dias\/","og_site_name":"wilsonsantosmt.com.br","article_publisher":"https:\/\/www.facebook.com\/WilsonSantosMT\/","article_published_time":"2025-08-06T18:43:54+00:00","article_modified_time":"2025-08-13T18:44:26+00:00","og_image":[{"width":1334,"height":805,"url":"http:\/\/wilsonsantosmt.com.br\/wp-content\/uploads\/2025\/08\/WhatsApp-Image-2025-08-06-at-16.40.05.jpeg","type":"image\/jpeg"}],"author":"Samantha dos Anjos","twitter_card":"summary_large_image","twitter_misc":{"Escrito por":"Samantha dos Anjos","Est. tempo de leitura":"2 minutos"},"schema":{"@context":"https:\/\/schema.org","@graph":[{"@type":"Article","@id":"https:\/\/wilsonsantosmt.com.br\/index.php\/2025\/08\/06\/wilson-santos-articula-com-o-tce-prorrogacao-da-suspensao-dos-consignados-por-mais-90-dias\/#article","isPartOf":{"@id":"https:\/\/wilsonsantosmt.com.br\/index.php\/2025\/08\/06\/wilson-santos-articula-com-o-tce-prorrogacao-da-suspensao-dos-consignados-por-mais-90-dias\/"},"author":{"name":"Samantha dos Anjos","@id":"https:\/\/wilsonsantosmt.com.br\/#\/schema\/person\/1d097ee45f526dd0455dbad8c679932c"},"headline":"Wilson Santos articula com o TCE prorroga\u00e7\u00e3o da suspens\u00e3o dos consignados por mais 90 dias","datePublished":"2025-08-06T18:43:54+00:00","dateModified":"2025-08-13T18:44:26+00:00","mainEntityOfPage":{"@id":"https:\/\/wilsonsantosmt.com.br\/index.php\/2025\/08\/06\/wilson-santos-articula-com-o-tce-prorrogacao-da-suspensao-dos-consignados-por-mais-90-dias\/"},"wordCount":381,"publisher":{"@id":"https:\/\/wilsonsantosmt.com.br\/#\/schema\/person\/9de3c54961637a9eadb16bcbf895b1ef"},"articleSection":["Not\u00edcias"],"inLanguage":"pt-BR"},{"@type":"WebPage","@id":"https:\/\/wilsonsantosmt.com.br\/index.php\/2025\/08\/06\/wilson-santos-articula-com-o-tce-prorrogacao-da-suspensao-dos-consignados-por-mais-90-dias\/","url":"https:\/\/wilsonsantosmt.com.br\/index.php\/2025\/08\/06\/wilson-santos-articula-com-o-tce-prorrogacao-da-suspensao-dos-consignados-por-mais-90-dias\/","name":"Wilson Santos articula com o TCE prorroga\u00e7\u00e3o da suspens\u00e3o dos consignados por mais 90 dias - wilsonsantosmt.com.br","isPartOf":{"@id":"https:\/\/wilsonsantosmt.com.br\/#website"},"datePublished":"2025-08-06T18:43:54+00:00","dateModified":"2025-08-13T18:44:26+00:00","breadcrumb":{"@id":"https:\/\/wilsonsantosmt.com.br\/index.php\/2025\/08\/06\/wilson-santos-articula-com-o-tce-prorrogacao-da-suspensao-dos-consignados-por-mais-90-dias\/#breadcrumb"},"inLanguage":"pt-BR","potentialAction":[{"@type":"ReadAction","target":["https:\/\/wilsonsantosmt.com.br\/index.php\/2025\/08\/06\/wilson-santos-articula-com-o-tce-prorrogacao-da-suspensao-dos-consignados-por-mais-90-dias\/"]}]},{"@type":"BreadcrumbList","@id":"https:\/\/wilsonsantosmt.com.br\/index.php\/2025\/08\/06\/wilson-santos-articula-com-o-tce-prorrogacao-da-suspensao-dos-consignados-por-mais-90-dias\/#breadcrumb","itemListElement":[{"@type":"ListItem","position":1,"name":"In\u00edcio","item":"https:\/\/wilsonsantosmt.com.br\/"},{"@type":"ListItem","position":2,"name":"Not\u00edcias","item":"https:\/\/wilsonsantosmt.com.br\/index.php\/category\/noticias\/"},{"@type":"ListItem","position":3,"name":"Wilson Santos articula com o TCE prorroga\u00e7\u00e3o da suspens\u00e3o dos consignados por mais 90 dias"}]},{"@type":"WebSite","@id":"https:\/\/wilsonsantosmt.com.br\/#website","url":"https:\/\/wilsonsantosmt.com.br\/","name":"wilsonsantosmt.com.br","description":"","publisher":{"@id":"https:\/\/wilsonsantosmt.com.br\/#\/schema\/person\/9de3c54961637a9eadb16bcbf895b1ef"},"potentialAction":[{"@type":"SearchAction","target":{"@type":"EntryPoint","urlTemplate":"https:\/\/wilsonsantosmt.com.br\/?s={search_term_string}"},"query-input":"required name=search_term_string"}],"inLanguage":"pt-BR"},{"@type":["Person","Organization"],"@id":"https:\/\/wilsonsantosmt.com.br\/#\/schema\/person\/9de3c54961637a9eadb16bcbf895b1ef","name":"Wilson Santos","image":{"@type":"ImageObject","inLanguage":"pt-BR","@id":"https:\/\/wilsonsantosmt.com.br\/#\/schema\/person\/image\/","url":"https:\/\/wilsonsantosmt.com.br\/wp-content\/uploads\/2023\/11\/310828673_653254583023360_8795459643194608438_n.jpg","contentUrl":"https:\/\/wilsonsantosmt.com.br\/wp-content\/uploads\/2023\/11\/310828673_653254583023360_8795459643194608438_n.jpg","width":1078,"height":1079,"caption":"Wilson Santos"},"logo":{"@id":"https:\/\/wilsonsantosmt.com.br\/#\/schema\/person\/image\/"},"sameAs":["http:\/\/wilsonsantosmt.com.br","https:\/\/www.facebook.com\/WilsonSantosMT\/","https:\/\/www.instagram.com\/wilsonsantosmt\/","https:\/\/www.youtube.com\/@WilsonSantosWS\/videos","https:\/\/pt.wikipedia.org\/wiki\/Wilson_Santos"],"honorificPrefix":"Sr","gender":"masculino","jobTitle":"Deputado Estadual","worksFor":"Assembleia Legislativa de Mato Grosso"},{"@type":"Person","@id":"https:\/\/wilsonsantosmt.com.br\/#\/schema\/person\/1d097ee45f526dd0455dbad8c679932c","name":"Samantha dos Anjos","image":{"@type":"ImageObject","inLanguage":"pt-BR","@id":"https:\/\/wilsonsantosmt.com.br\/#\/schema\/person\/image\/","url":"https:\/\/secure.gravatar.com\/avatar\/7d8d0b6dd67d134a9fa841bee90c57c7?s=96&d=mm&r=g","contentUrl":"https:\/\/secure.gravatar.com\/avatar\/7d8d0b6dd67d134a9fa841bee90c57c7?s=96&d=mm&r=g","caption":"Samantha dos Anjos"},"url":"https:\/\/wilsonsantosmt.com.br\/index.php\/author\/samantha-dos-anjos\/"}]}},"_links":{"self":[{"href":"https:\/\/wilsonsantosmt.com.br\/index.php\/wp-json\/wp\/v2\/posts\/1786"}],"collection":[{"href":"https:\/\/wilsonsantosmt.com.br\/index.php\/wp-json\/wp\/v2\/posts"}],"about":[{"href":"https:\/\/wilsonsantosmt.com.br\/index.php\/wp-json\/wp\/v2\/types\/post"}],"author":[{"embeddable":true,"href":"https:\/\/wilsonsantosmt.com.br\/index.php\/wp-json\/wp\/v2\/users\/4"}],"replies":[{"embeddable":true,"href":"https:\/\/wilsonsantosmt.com.br\/index.php\/wp-json\/wp\/v2\/comments?post=1786"}],"version-history":[{"count":1,"href":"https:\/\/wilsonsantosmt.com.br\/index.php\/wp-json\/wp\/v2\/posts\/1786\/revisions"}],"predecessor-version":[{"id":1788,"href":"https:\/\/wilsonsantosmt.com.br\/index.php\/wp-json\/wp\/v2\/posts\/1786\/revisions\/1788"}],"wp:featuredmedia":[{"embeddable":true,"href":"https:\/\/wilsonsantosmt.com.br\/index.php\/wp-json\/wp\/v2\/media\/1787"}],"wp:attachment":[{"href":"https:\/\/wilsonsantosmt.com.br\/index.php\/wp-json\/wp\/v2\/media?parent=1786"}],"wp:term":[{"taxonomy":"category","embeddable":true,"href":"https:\/\/wilsonsantosmt.com.br\/index.php\/wp-json\/wp\/v2\/categories?post=1786"},{"taxonomy":"post_tag","embeddable":true,"href":"https:\/\/wilsonsantosmt.com.br\/index.php\/wp-json\/wp\/v2\/tags?post=1786"}],"curies":[{"name":"wp","href":"https:\/\/api.w.org\/{rel}","templated":true}]}}