{"id":1792,"date":"2025-08-09T15:45:00","date_gmt":"2025-08-09T19:45:00","guid":{"rendered":"https:\/\/wilsonsantosmt.com.br\/?p=1792"},"modified":"2025-08-13T14:46:24","modified_gmt":"2025-08-13T18:46:24","slug":"wilson-santos-intermedeia-reabertura-de-dialogo-entre-servidores-e-prefeito-de-tangara","status":"publish","type":"post","link":"https:\/\/wilsonsantosmt.com.br\/index.php\/2025\/08\/09\/wilson-santos-intermedeia-reabertura-de-dialogo-entre-servidores-e-prefeito-de-tangara\/","title":{"rendered":"Wilson Santos intermedeia reabertura de di\u00e1logo entre servidores e prefeito de Tangar\u00e1"},"content":{"rendered":"\n<p><\/p>\n\n\n\n<p>Atendendo a um pedido dos representantes do Sindicato dos Servidores P\u00fablicos Municipais (SSERP), o deputado estadual Wilson Santos (PSD) intermediou a reabertura do di\u00e1logo entre a categoria e o prefeito de Tangar\u00e1 da Serra, Vander Alberto Masson (Uni\u00e3o Brasil), para tratar das principais demandas do funcionalismo. O encontro foi realizado nesta quinta-feira (7), com a presen\u00e7a do superintendente de Governo, Rog\u00e9rio Silva, e dos l\u00edderes sindicais Daniel Ferreira Junior e Willians Fernando Fonseca Reis.<\/p>\n\n\n\n<p>\u201cM\u00eas passado, estivemos em Tangar\u00e1 e j\u00e1 havia conversado com o prefeito sobre o interesse dos servidores em retomar o di\u00e1logo, ap\u00f3s alguns impasses enfrentados por ambos os lados. Reconhe\u00e7o que as duas partes podem contribuir muito juntas. S\u00f3 \u00e9 preciso aparar algumas arestas que existem. Meu papel foi reabrir as portas por reconhecer a import\u00e2ncia do trabalho do funcionalismo p\u00fablico em prol da popula\u00e7\u00e3o. Agrade\u00e7o ao prefeito pela aten\u00e7\u00e3o e receptividade com as lideran\u00e7as sindicais\u201d, destacou o parlamentar.<\/p>\n\n\n\n<p>O prefeito Vander Masson ressaltou que, pela considera\u00e7\u00e3o ao deputado, decidiu atender \u00e0 reivindica\u00e7\u00e3o intermediada por ele. \u201cInfelizmente tivemos alguns impasses e n\u00e3o concordei com a forma como o sindicato se posicionou. Respeito o trabalho e o movimento que exercem. N\u00e3o sou contra. Cheguei a fechar as portas como gestor, mas sempre fui sincero. Nunca denegri a categoria, n\u00e3o \u00e9 o meu perfil\u201d, afirmou.<\/p>\n\n\n\n<p>Entre as principais reivindica\u00e7\u00f5es apresentadas pelos servidores p\u00fablicos est\u00e3o a reposi\u00e7\u00e3o salarial, a melhoria das condi\u00e7\u00f5es de trabalho e a valoriza\u00e7\u00e3o da categoria, pontos que, segundo os representantes sindicais, s\u00e3o essenciais para o fortalecimento do servi\u00e7o p\u00fablico municipal.<\/p>\n\n\n\n<p>Com a reabertura do di\u00e1logo, o superintendente Rog\u00e9rio Silva ficar\u00e1 respons\u00e1vel por tratar diretamente com as lideran\u00e7as sindicais sobre as principais reivindica\u00e7\u00f5es da categoria. A expectativa \u00e9 que, por meio dessa interlocu\u00e7\u00e3o, seja poss\u00edvel construir consensos e avan\u00e7ar em solu\u00e7\u00f5es que atendam tanto aos servidores quanto \u00e0 gest\u00e3o municipal.<\/p>\n","protected":false},"excerpt":{"rendered":"<p>Atendendo a um pedido dos representantes do Sindicato dos Servidores P\u00fablicos Municipais (SSERP), o deputado estadual Wilson Santos (PSD) intermediou a reabertura do di\u00e1logo entre a categoria e o prefeito de Tangar\u00e1 da Serra, Vander Alberto Masson (Uni\u00e3o Brasil), para tratar das principais demandas do funcionalismo. O encontro foi realizado nesta quinta-feira (7), com a [&hellip;]<\/p>\n","protected":false},"author":4,"featured_media":1793,"comment_status":"closed","ping_status":"open","sticky":false,"template":"","format":"standard","meta":{"footnotes":""},"categories":[13],"tags":[],"yoast_head":"<!-- This site is optimized with the Yoast SEO Premium plugin v21.5 (Yoast SEO v21.4) - https:\/\/yoast.com\/wordpress\/plugins\/seo\/ -->\n<title>Wilson Santos intermedeia reabertura de di\u00e1logo entre servidores e prefeito de Tangar\u00e1 - wilsonsantosmt.com.br<\/title>\n<meta name=\"robots\" content=\"index, follow, max-snippet:-1, max-image-preview:large, max-video-preview:-1\" \/>\n<link rel=\"canonical\" href=\"https:\/\/wilsonsantosmt.com.br\/index.php\/2025\/08\/09\/wilson-santos-intermedeia-reabertura-de-dialogo-entre-servidores-e-prefeito-de-tangara\/\" \/>\n<meta property=\"og:locale\" content=\"pt_BR\" \/>\n<meta property=\"og:type\" content=\"article\" \/>\n<meta property=\"og:title\" content=\"Wilson Santos intermedeia reabertura de di\u00e1logo entre servidores e prefeito de Tangar\u00e1\" \/>\n<meta property=\"og:description\" content=\"Atendendo a um pedido dos representantes do Sindicato dos Servidores P\u00fablicos Municipais (SSERP), o deputado estadual Wilson Santos (PSD) intermediou a reabertura do di\u00e1logo entre a categoria e o prefeito de Tangar\u00e1 da Serra, Vander Alberto Masson (Uni\u00e3o Brasil), para tratar das principais demandas do funcionalismo. O encontro foi realizado nesta quinta-feira (7), com a [&hellip;]\" \/>\n<meta property=\"og:url\" content=\"https:\/\/wilsonsantosmt.com.br\/index.php\/2025\/08\/09\/wilson-santos-intermedeia-reabertura-de-dialogo-entre-servidores-e-prefeito-de-tangara\/\" \/>\n<meta property=\"og:site_name\" content=\"wilsonsantosmt.com.br\" \/>\n<meta property=\"article:publisher\" content=\"https:\/\/www.facebook.com\/WilsonSantosMT\/\" \/>\n<meta property=\"article:published_time\" content=\"2025-08-09T19:45:00+00:00\" \/>\n<meta property=\"article:modified_time\" content=\"2025-08-13T18:46:24+00:00\" \/>\n<meta property=\"og:image\" content=\"http:\/\/wilsonsantosmt.com.br\/wp-content\/uploads\/2025\/08\/WhatsApp-Image-2025-08-08-at-13.14.43.jpeg\" \/>\n\t<meta property=\"og:image:width\" content=\"1600\" \/>\n\t<meta property=\"og:image:height\" content=\"900\" \/>\n\t<meta property=\"og:image:type\" content=\"image\/jpeg\" \/>\n<meta name=\"author\" content=\"Samantha dos Anjos\" \/>\n<meta name=\"twitter:card\" content=\"summary_large_image\" \/>\n<meta name=\"twitter:label1\" content=\"Escrito por\" \/>\n\t<meta name=\"twitter:data1\" content=\"Samantha dos Anjos\" \/>\n\t<meta name=\"twitter:label2\" content=\"Est. tempo de leitura\" \/>\n\t<meta name=\"twitter:data2\" content=\"2 minutos\" \/>\n<script type=\"application\/ld+json\" class=\"yoast-schema-graph\">{\"@context\":\"https:\/\/schema.org\",\"@graph\":[{\"@type\":\"Article\",\"@id\":\"https:\/\/wilsonsantosmt.com.br\/index.php\/2025\/08\/09\/wilson-santos-intermedeia-reabertura-de-dialogo-entre-servidores-e-prefeito-de-tangara\/#article\",\"isPartOf\":{\"@id\":\"https:\/\/wilsonsantosmt.com.br\/index.php\/2025\/08\/09\/wilson-santos-intermedeia-reabertura-de-dialogo-entre-servidores-e-prefeito-de-tangara\/\"},\"author\":{\"name\":\"Samantha dos Anjos\",\"@id\":\"https:\/\/wilsonsantosmt.com.br\/#\/schema\/person\/1d097ee45f526dd0455dbad8c679932c\"},\"headline\":\"Wilson Santos intermedeia reabertura de di\u00e1logo entre servidores e prefeito de Tangar\u00e1\",\"datePublished\":\"2025-08-09T19:45:00+00:00\",\"dateModified\":\"2025-08-13T18:46:24+00:00\",\"mainEntityOfPage\":{\"@id\":\"https:\/\/wilsonsantosmt.com.br\/index.php\/2025\/08\/09\/wilson-santos-intermedeia-reabertura-de-dialogo-entre-servidores-e-prefeito-de-tangara\/\"},\"wordCount\":351,\"publisher\":{\"@id\":\"https:\/\/wilsonsantosmt.com.br\/#\/schema\/person\/9de3c54961637a9eadb16bcbf895b1ef\"},\"articleSection\":[\"Not\u00edcias\"],\"inLanguage\":\"pt-BR\"},{\"@type\":\"WebPage\",\"@id\":\"https:\/\/wilsonsantosmt.com.br\/index.php\/2025\/08\/09\/wilson-santos-intermedeia-reabertura-de-dialogo-entre-servidores-e-prefeito-de-tangara\/\",\"url\":\"https:\/\/wilsonsantosmt.com.br\/index.php\/2025\/08\/09\/wilson-santos-intermedeia-reabertura-de-dialogo-entre-servidores-e-prefeito-de-tangara\/\",\"name\":\"Wilson Santos intermedeia reabertura de di\u00e1logo entre servidores e prefeito de Tangar\u00e1 - wilsonsantosmt.com.br\",\"isPartOf\":{\"@id\":\"https:\/\/wilsonsantosmt.com.br\/#website\"},\"datePublished\":\"2025-08-09T19:45:00+00:00\",\"dateModified\":\"2025-08-13T18:46:24+00:00\",\"breadcrumb\":{\"@id\":\"https:\/\/wilsonsantosmt.com.br\/index.php\/2025\/08\/09\/wilson-santos-intermedeia-reabertura-de-dialogo-entre-servidores-e-prefeito-de-tangara\/#breadcrumb\"},\"inLanguage\":\"pt-BR\",\"potentialAction\":[{\"@type\":\"ReadAction\",\"target\":[\"https:\/\/wilsonsantosmt.com.br\/index.php\/2025\/08\/09\/wilson-santos-intermedeia-reabertura-de-dialogo-entre-servidores-e-prefeito-de-tangara\/\"]}]},{\"@type\":\"BreadcrumbList\",\"@id\":\"https:\/\/wilsonsantosmt.com.br\/index.php\/2025\/08\/09\/wilson-santos-intermedeia-reabertura-de-dialogo-entre-servidores-e-prefeito-de-tangara\/#breadcrumb\",\"itemListElement\":[{\"@type\":\"ListItem\",\"position\":1,\"name\":\"In\u00edcio\",\"item\":\"https:\/\/wilsonsantosmt.com.br\/\"},{\"@type\":\"ListItem\",\"position\":2,\"name\":\"Not\u00edcias\",\"item\":\"https:\/\/wilsonsantosmt.com.br\/index.php\/category\/noticias\/\"},{\"@type\":\"ListItem\",\"position\":3,\"name\":\"Wilson Santos intermedeia reabertura de di\u00e1logo entre servidores e prefeito de Tangar\u00e1\"}]},{\"@type\":\"WebSite\",\"@id\":\"https:\/\/wilsonsantosmt.com.br\/#website\",\"url\":\"https:\/\/wilsonsantosmt.com.br\/\",\"name\":\"wilsonsantosmt.com.br\",\"description\":\"\",\"publisher\":{\"@id\":\"https:\/\/wilsonsantosmt.com.br\/#\/schema\/person\/9de3c54961637a9eadb16bcbf895b1ef\"},\"potentialAction\":[{\"@type\":\"SearchAction\",\"target\":{\"@type\":\"EntryPoint\",\"urlTemplate\":\"https:\/\/wilsonsantosmt.com.br\/?s={search_term_string}\"},\"query-input\":\"required name=search_term_string\"}],\"inLanguage\":\"pt-BR\"},{\"@type\":[\"Person\",\"Organization\"],\"@id\":\"https:\/\/wilsonsantosmt.com.br\/#\/schema\/person\/9de3c54961637a9eadb16bcbf895b1ef\",\"name\":\"Wilson Santos\",\"image\":{\"@type\":\"ImageObject\",\"inLanguage\":\"pt-BR\",\"@id\":\"https:\/\/wilsonsantosmt.com.br\/#\/schema\/person\/image\/\",\"url\":\"https:\/\/wilsonsantosmt.com.br\/wp-content\/uploads\/2023\/11\/310828673_653254583023360_8795459643194608438_n.jpg\",\"contentUrl\":\"https:\/\/wilsonsantosmt.com.br\/wp-content\/uploads\/2023\/11\/310828673_653254583023360_8795459643194608438_n.jpg\",\"width\":1078,\"height\":1079,\"caption\":\"Wilson Santos\"},\"logo\":{\"@id\":\"https:\/\/wilsonsantosmt.com.br\/#\/schema\/person\/image\/\"},\"sameAs\":[\"http:\/\/wilsonsantosmt.com.br\",\"https:\/\/www.facebook.com\/WilsonSantosMT\/\",\"https:\/\/www.instagram.com\/wilsonsantosmt\/\",\"https:\/\/www.youtube.com\/@WilsonSantosWS\/videos\",\"https:\/\/pt.wikipedia.org\/wiki\/Wilson_Santos\"],\"honorificPrefix\":\"Sr\",\"gender\":\"masculino\",\"jobTitle\":\"Deputado Estadual\",\"worksFor\":\"Assembleia Legislativa de Mato Grosso\"},{\"@type\":\"Person\",\"@id\":\"https:\/\/wilsonsantosmt.com.br\/#\/schema\/person\/1d097ee45f526dd0455dbad8c679932c\",\"name\":\"Samantha dos Anjos\",\"image\":{\"@type\":\"ImageObject\",\"inLanguage\":\"pt-BR\",\"@id\":\"https:\/\/wilsonsantosmt.com.br\/#\/schema\/person\/image\/\",\"url\":\"https:\/\/secure.gravatar.com\/avatar\/7d8d0b6dd67d134a9fa841bee90c57c7?s=96&d=mm&r=g\",\"contentUrl\":\"https:\/\/secure.gravatar.com\/avatar\/7d8d0b6dd67d134a9fa841bee90c57c7?s=96&d=mm&r=g\",\"caption\":\"Samantha dos Anjos\"},\"url\":\"https:\/\/wilsonsantosmt.com.br\/index.php\/author\/samantha-dos-anjos\/\"}]}<\/script>\n<!-- \/ Yoast SEO Premium plugin. -->","yoast_head_json":{"title":"Wilson Santos intermedeia reabertura de di\u00e1logo entre servidores e prefeito de Tangar\u00e1 - wilsonsantosmt.com.br","robots":{"index":"index","follow":"follow","max-snippet":"max-snippet:-1","max-image-preview":"max-image-preview:large","max-video-preview":"max-video-preview:-1"},"canonical":"https:\/\/wilsonsantosmt.com.br\/index.php\/2025\/08\/09\/wilson-santos-intermedeia-reabertura-de-dialogo-entre-servidores-e-prefeito-de-tangara\/","og_locale":"pt_BR","og_type":"article","og_title":"Wilson Santos intermedeia reabertura de di\u00e1logo entre servidores e prefeito de Tangar\u00e1","og_description":"Atendendo a um pedido dos representantes do Sindicato dos Servidores P\u00fablicos Municipais (SSERP), o deputado estadual Wilson Santos (PSD) intermediou a reabertura do di\u00e1logo entre a categoria e o prefeito de Tangar\u00e1 da Serra, Vander Alberto Masson (Uni\u00e3o Brasil), para tratar das principais demandas do funcionalismo. O encontro foi realizado nesta quinta-feira (7), com a [&hellip;]","og_url":"https:\/\/wilsonsantosmt.com.br\/index.php\/2025\/08\/09\/wilson-santos-intermedeia-reabertura-de-dialogo-entre-servidores-e-prefeito-de-tangara\/","og_site_name":"wilsonsantosmt.com.br","article_publisher":"https:\/\/www.facebook.com\/WilsonSantosMT\/","article_published_time":"2025-08-09T19:45:00+00:00","article_modified_time":"2025-08-13T18:46:24+00:00","og_image":[{"width":1600,"height":900,"url":"http:\/\/wilsonsantosmt.com.br\/wp-content\/uploads\/2025\/08\/WhatsApp-Image-2025-08-08-at-13.14.43.jpeg","type":"image\/jpeg"}],"author":"Samantha dos Anjos","twitter_card":"summary_large_image","twitter_misc":{"Escrito por":"Samantha dos Anjos","Est. tempo de leitura":"2 minutos"},"schema":{"@context":"https:\/\/schema.org","@graph":[{"@type":"Article","@id":"https:\/\/wilsonsantosmt.com.br\/index.php\/2025\/08\/09\/wilson-santos-intermedeia-reabertura-de-dialogo-entre-servidores-e-prefeito-de-tangara\/#article","isPartOf":{"@id":"https:\/\/wilsonsantosmt.com.br\/index.php\/2025\/08\/09\/wilson-santos-intermedeia-reabertura-de-dialogo-entre-servidores-e-prefeito-de-tangara\/"},"author":{"name":"Samantha dos Anjos","@id":"https:\/\/wilsonsantosmt.com.br\/#\/schema\/person\/1d097ee45f526dd0455dbad8c679932c"},"headline":"Wilson Santos intermedeia reabertura de di\u00e1logo entre servidores e prefeito de Tangar\u00e1","datePublished":"2025-08-09T19:45:00+00:00","dateModified":"2025-08-13T18:46:24+00:00","mainEntityOfPage":{"@id":"https:\/\/wilsonsantosmt.com.br\/index.php\/2025\/08\/09\/wilson-santos-intermedeia-reabertura-de-dialogo-entre-servidores-e-prefeito-de-tangara\/"},"wordCount":351,"publisher":{"@id":"https:\/\/wilsonsantosmt.com.br\/#\/schema\/person\/9de3c54961637a9eadb16bcbf895b1ef"},"articleSection":["Not\u00edcias"],"inLanguage":"pt-BR"},{"@type":"WebPage","@id":"https:\/\/wilsonsantosmt.com.br\/index.php\/2025\/08\/09\/wilson-santos-intermedeia-reabertura-de-dialogo-entre-servidores-e-prefeito-de-tangara\/","url":"https:\/\/wilsonsantosmt.com.br\/index.php\/2025\/08\/09\/wilson-santos-intermedeia-reabertura-de-dialogo-entre-servidores-e-prefeito-de-tangara\/","name":"Wilson Santos intermedeia reabertura de di\u00e1logo entre servidores e prefeito de Tangar\u00e1 - wilsonsantosmt.com.br","isPartOf":{"@id":"https:\/\/wilsonsantosmt.com.br\/#website"},"datePublished":"2025-08-09T19:45:00+00:00","dateModified":"2025-08-13T18:46:24+00:00","breadcrumb":{"@id":"https:\/\/wilsonsantosmt.com.br\/index.php\/2025\/08\/09\/wilson-santos-intermedeia-reabertura-de-dialogo-entre-servidores-e-prefeito-de-tangara\/#breadcrumb"},"inLanguage":"pt-BR","potentialAction":[{"@type":"ReadAction","target":["https:\/\/wilsonsantosmt.com.br\/index.php\/2025\/08\/09\/wilson-santos-intermedeia-reabertura-de-dialogo-entre-servidores-e-prefeito-de-tangara\/"]}]},{"@type":"BreadcrumbList","@id":"https:\/\/wilsonsantosmt.com.br\/index.php\/2025\/08\/09\/wilson-santos-intermedeia-reabertura-de-dialogo-entre-servidores-e-prefeito-de-tangara\/#breadcrumb","itemListElement":[{"@type":"ListItem","position":1,"name":"In\u00edcio","item":"https:\/\/wilsonsantosmt.com.br\/"},{"@type":"ListItem","position":2,"name":"Not\u00edcias","item":"https:\/\/wilsonsantosmt.com.br\/index.php\/category\/noticias\/"},{"@type":"ListItem","position":3,"name":"Wilson Santos intermedeia reabertura de di\u00e1logo entre servidores e prefeito de Tangar\u00e1"}]},{"@type":"WebSite","@id":"https:\/\/wilsonsantosmt.com.br\/#website","url":"https:\/\/wilsonsantosmt.com.br\/","name":"wilsonsantosmt.com.br","description":"","publisher":{"@id":"https:\/\/wilsonsantosmt.com.br\/#\/schema\/person\/9de3c54961637a9eadb16bcbf895b1ef"},"potentialAction":[{"@type":"SearchAction","target":{"@type":"EntryPoint","urlTemplate":"https:\/\/wilsonsantosmt.com.br\/?s={search_term_string}"},"query-input":"required name=search_term_string"}],"inLanguage":"pt-BR"},{"@type":["Person","Organization"],"@id":"https:\/\/wilsonsantosmt.com.br\/#\/schema\/person\/9de3c54961637a9eadb16bcbf895b1ef","name":"Wilson Santos","image":{"@type":"ImageObject","inLanguage":"pt-BR","@id":"https:\/\/wilsonsantosmt.com.br\/#\/schema\/person\/image\/","url":"https:\/\/wilsonsantosmt.com.br\/wp-content\/uploads\/2023\/11\/310828673_653254583023360_8795459643194608438_n.jpg","contentUrl":"https:\/\/wilsonsantosmt.com.br\/wp-content\/uploads\/2023\/11\/310828673_653254583023360_8795459643194608438_n.jpg","width":1078,"height":1079,"caption":"Wilson Santos"},"logo":{"@id":"https:\/\/wilsonsantosmt.com.br\/#\/schema\/person\/image\/"},"sameAs":["http:\/\/wilsonsantosmt.com.br","https:\/\/www.facebook.com\/WilsonSantosMT\/","https:\/\/www.instagram.com\/wilsonsantosmt\/","https:\/\/www.youtube.com\/@WilsonSantosWS\/videos","https:\/\/pt.wikipedia.org\/wiki\/Wilson_Santos"],"honorificPrefix":"Sr","gender":"masculino","jobTitle":"Deputado Estadual","worksFor":"Assembleia Legislativa de Mato Grosso"},{"@type":"Person","@id":"https:\/\/wilsonsantosmt.com.br\/#\/schema\/person\/1d097ee45f526dd0455dbad8c679932c","name":"Samantha dos Anjos","image":{"@type":"ImageObject","inLanguage":"pt-BR","@id":"https:\/\/wilsonsantosmt.com.br\/#\/schema\/person\/image\/","url":"https:\/\/secure.gravatar.com\/avatar\/7d8d0b6dd67d134a9fa841bee90c57c7?s=96&d=mm&r=g","contentUrl":"https:\/\/secure.gravatar.com\/avatar\/7d8d0b6dd67d134a9fa841bee90c57c7?s=96&d=mm&r=g","caption":"Samantha dos Anjos"},"url":"https:\/\/wilsonsantosmt.com.br\/index.php\/author\/samantha-dos-anjos\/"}]}},"_links":{"self":[{"href":"https:\/\/wilsonsantosmt.com.br\/index.php\/wp-json\/wp\/v2\/posts\/1792"}],"collection":[{"href":"https:\/\/wilsonsantosmt.com.br\/index.php\/wp-json\/wp\/v2\/posts"}],"about":[{"href":"https:\/\/wilsonsantosmt.com.br\/index.php\/wp-json\/wp\/v2\/types\/post"}],"author":[{"embeddable":true,"href":"https:\/\/wilsonsantosmt.com.br\/index.php\/wp-json\/wp\/v2\/users\/4"}],"replies":[{"embeddable":true,"href":"https:\/\/wilsonsantosmt.com.br\/index.php\/wp-json\/wp\/v2\/comments?post=1792"}],"version-history":[{"count":1,"href":"https:\/\/wilsonsantosmt.com.br\/index.php\/wp-json\/wp\/v2\/posts\/1792\/revisions"}],"predecessor-version":[{"id":1794,"href":"https:\/\/wilsonsantosmt.com.br\/index.php\/wp-json\/wp\/v2\/posts\/1792\/revisions\/1794"}],"wp:featuredmedia":[{"embeddable":true,"href":"https:\/\/wilsonsantosmt.com.br\/index.php\/wp-json\/wp\/v2\/media\/1793"}],"wp:attachment":[{"href":"https:\/\/wilsonsantosmt.com.br\/index.php\/wp-json\/wp\/v2\/media?parent=1792"}],"wp:term":[{"taxonomy":"category","embeddable":true,"href":"https:\/\/wilsonsantosmt.com.br\/index.php\/wp-json\/wp\/v2\/categories?post=1792"},{"taxonomy":"post_tag","embeddable":true,"href":"https:\/\/wilsonsantosmt.com.br\/index.php\/wp-json\/wp\/v2\/tags?post=1792"}],"curies":[{"name":"wp","href":"https:\/\/api.w.org\/{rel}","templated":true}]}}