{"id":1795,"date":"2025-08-14T13:34:26","date_gmt":"2025-08-14T17:34:26","guid":{"rendered":"https:\/\/wilsonsantosmt.com.br\/?p=1795"},"modified":"2025-08-14T13:34:32","modified_gmt":"2025-08-14T17:34:32","slug":"wilson-santos-estreita-dialogo-entre-pescadores-catadores-de-iscas-vivas-e-orgaos-fiscalizadores","status":"publish","type":"post","link":"https:\/\/wilsonsantosmt.com.br\/index.php\/2025\/08\/14\/wilson-santos-estreita-dialogo-entre-pescadores-catadores-de-iscas-vivas-e-orgaos-fiscalizadores\/","title":{"rendered":"Wilson Santos estreita di\u00e1logo entre pescadores, catadores de iscas vivas e \u00f3rg\u00e3os fiscalizadores"},"content":{"rendered":"\n<p><\/p>\n\n\n\n<p>Para compreender os fundamentos jur\u00eddicos e t\u00e9cnicos da \u201cOpera\u00e7\u00e3o Isca Viva\u201d, o deputado estadual Wilson Santos (PSD) recebeu o comandante do Batalh\u00e3o da Pol\u00edcia Militar de Prote\u00e7\u00e3o Ambiental (BPMPA-MT), tenente-coronel Fagner Augusto do Nascimento, nesta ter\u00e7a-feira (12), para os devidos esclarecimentos. No encontro, marcaram presen\u00e7a o coordenador de fiscaliza\u00e7\u00e3o da fauna da Secretaria Estadual de Meio Ambiente (Sema), Alan Assis Silveira, a presidente Nilma Silva Santos da Associa\u00e7\u00e3o do Segmento da Pesca (ASP), representantes de col\u00f4nias de pesca, empres\u00e1rios, pescadores, catadores de iscas e propriet\u00e1rios rurais.<\/p>\n\n\n\n<p>O parlamentar explica que a reuni\u00e3o contou com a participa\u00e7\u00e3o dos principais atores ligados ao tema, principalmente por terem vivenciado abordagens que violam os direitos e apreens\u00f5es durante as opera\u00e7\u00f5es policiais. \u201cO papel da Assembleia Legislativa \u00e9 buscar o entendimento das partes interessadas. Agrade\u00e7o a presen\u00e7a do tenente-coronel Fagner, nem sempre \u00e9 poss\u00edvel controlar todos os seus homens a dist\u00e2ncia. Ele se colocou \u00e0 disposi\u00e7\u00e3o como parceiro e aliado da categoria da pesca. Essa reuni\u00e3o foi bastante produtiva e ele vai repassar as informa\u00e7\u00f5es para a sua tropa. N\u00e3o h\u00e1 mais espa\u00e7o para a viol\u00eancia. N\u00e3o h\u00e1 necessidade de exageros e acredito que ele far\u00e1 os encaminhamentos corretos\u201d, disse.<\/p>\n\n\n\n<p>Um dos pontos destacados no encontro por Nilma, que \u00e9 advogada e atua no segmento da pesca h\u00e1 25 anos, foi que muitos pescadores entraram em contato pedindo socorro e defende que a fiscaliza\u00e7\u00e3o deve ser feita de forma legal e harm\u00f4nica e, diante dos relatos recebidos, o que se entende \u00e9 que n\u00e3o seguem as legisla\u00e7\u00f5es vigentes. Ela cita as Leis n.\u00b0 9.096\/2009, n.\u00b0 12.197\/2023 e n.\u00b0 12434\/20224 e refor\u00e7a que n\u00e3o existem medidas para iscas vivas e, sim, a forma que deve ser produzido, seguindo as medidas legais.<\/p>\n\n\n\n<p>O propriet\u00e1rio de loja de iscas em Santo Ant\u00f4nio de Leverger, Luiz Fernando, disse que h\u00e1 um m\u00eas atr\u00e1s foi abordado pela pol\u00edcia ambiental e cinco dias depois pela Delegacia Especializada de Meio Ambiente (Dema). \u201cFui preso, tratado como ladr\u00e3o e todas as esp\u00e9cies com notas fiscais, de forma legal. Tenho v\u00e1rios documentos que estava trabalhando normalmente. O policial ambiental pegava a caneta bic e media a isca e falava que estava fora da medida. E me levou preso, mesmo mostrando os documentos legais. Entrei com processo com as multas que recebi. Eu estou trabalhando com os meus direitos e estou sendo preso igual ladr\u00e3o\u201d, relatou.<\/p>\n\n\n\n<p>De acordo com presidente da col\u00f4nia Z-11 de Pocon\u00e9, Moacir Bento Ribeiro, tem fiscais que cobram medidas de iscas e n\u00e3o tem como cumprir. \u201cN\u00e3o apoiamos pescadores atuando de forma errada. Tenho mais de 20 anos na col\u00f4nia. Sou ribeirinho, minha fam\u00edlia e meus pais e trabalho para os pescadores. Se est\u00e1 errado, tem que pagar pelo erro. Teve apreens\u00e3o com muita arbitrariedade, levaram coisas que n\u00e3o tem nada a ver com o que estava acontecendo. \u00c9 importante os policiais se inteirarem com o que acontece no campo. Espero que possamos alcan\u00e7ar algum objetivo com as fiscaliza\u00e7\u00f5es\u201d, comentou.<\/p>\n\n\n\n<p>O tenente-coronel Fagner considerou que a reuni\u00e3o trouxe muitos fatos que foram compreendidos e considera que \u00e9 preciso combater a desinforma\u00e7\u00e3o. \u201cAgrade\u00e7o o convite. A gente n\u00e3o combate pessoas e, sim, crimes ambientais. Estamos todos de um lado s\u00f3. Viemos esclarecer alguns pontos. Todos est\u00e3o empenhados e n\u00e3o estamos impunes a erros e buscamos sempre nos aperfei\u00e7oar. Olhem os policiais como parceiros. \u00c9 uma responsabilidade de todos n\u00f3s, de fiscalizar, passar as informa\u00e7\u00f5es, auxiliar \u2013 talvez tenhamos que aprimorar o nosso canal de comunica\u00e7\u00e3o para n\u00e3o sermos mal interpretados\u201d, ressaltou o comandante.<\/p>\n\n\n\n<p>Ele explica que a pol\u00edcia ambiental conta com \u00f3rg\u00e3os de controle interno totalmente rigorosos e eficientes. \u201cN\u00f3s tamb\u00e9m somos controlados, em um ambiente democr\u00e1tico. Buscamos aplicar a lei. Se tem d\u00favidas das ocorr\u00eancias, busquem os canais para os esclarecimentos para a pol\u00edcia ficar sabendo. A efetividade do nosso trabalho vai ser bem maior. Olhe o policial como um bra\u00e7o de apoio na fiscaliza\u00e7\u00e3o. Qualquer irregularidade, a gente adota as devidas provid\u00eancias\u201d, acrescentou.<\/p>\n\n\n\n<p>Wilson Santos destacou que o encontro permitiu dar um passo importante ao estreitar o di\u00e1logo entre a categoria da pesca e os \u00f3rg\u00e3os fiscalizadores, em que houve um entendimento, respeito m\u00fatuo e disposi\u00e7\u00e3o para construir solu\u00e7\u00f5es.<\/p>\n","protected":false},"excerpt":{"rendered":"<p>Para compreender os fundamentos jur\u00eddicos e t\u00e9cnicos da \u201cOpera\u00e7\u00e3o Isca Viva\u201d, o deputado estadual Wilson Santos (PSD) recebeu o comandante do Batalh\u00e3o da Pol\u00edcia Militar de Prote\u00e7\u00e3o Ambiental (BPMPA-MT), tenente-coronel Fagner Augusto do Nascimento, nesta ter\u00e7a-feira (12), para os devidos esclarecimentos. No encontro, marcaram presen\u00e7a o coordenador de fiscaliza\u00e7\u00e3o da fauna da Secretaria Estadual de [&hellip;]<\/p>\n","protected":false},"author":4,"featured_media":1796,"comment_status":"closed","ping_status":"open","sticky":false,"template":"","format":"standard","meta":{"footnotes":""},"categories":[13],"tags":[],"yoast_head":"<!-- This site is optimized with the Yoast SEO Premium plugin v21.5 (Yoast SEO v21.4) - https:\/\/yoast.com\/wordpress\/plugins\/seo\/ -->\n<title>Wilson Santos estreita di\u00e1logo entre pescadores, catadores de iscas vivas e \u00f3rg\u00e3os fiscalizadores - wilsonsantosmt.com.br<\/title>\n<meta name=\"robots\" content=\"index, follow, max-snippet:-1, max-image-preview:large, max-video-preview:-1\" \/>\n<link rel=\"canonical\" href=\"https:\/\/wilsonsantosmt.com.br\/index.php\/2025\/08\/14\/wilson-santos-estreita-dialogo-entre-pescadores-catadores-de-iscas-vivas-e-orgaos-fiscalizadores\/\" \/>\n<meta property=\"og:locale\" content=\"pt_BR\" \/>\n<meta property=\"og:type\" content=\"article\" \/>\n<meta property=\"og:title\" content=\"Wilson Santos estreita di\u00e1logo entre pescadores, catadores de iscas vivas e \u00f3rg\u00e3os fiscalizadores\" \/>\n<meta property=\"og:description\" content=\"Para compreender os fundamentos jur\u00eddicos e t\u00e9cnicos da \u201cOpera\u00e7\u00e3o Isca Viva\u201d, o deputado estadual Wilson Santos (PSD) recebeu o comandante do Batalh\u00e3o da Pol\u00edcia Militar de Prote\u00e7\u00e3o Ambiental (BPMPA-MT), tenente-coronel Fagner Augusto do Nascimento, nesta ter\u00e7a-feira (12), para os devidos esclarecimentos. No encontro, marcaram presen\u00e7a o coordenador de fiscaliza\u00e7\u00e3o da fauna da Secretaria Estadual de [&hellip;]\" \/>\n<meta property=\"og:url\" content=\"https:\/\/wilsonsantosmt.com.br\/index.php\/2025\/08\/14\/wilson-santos-estreita-dialogo-entre-pescadores-catadores-de-iscas-vivas-e-orgaos-fiscalizadores\/\" \/>\n<meta property=\"og:site_name\" content=\"wilsonsantosmt.com.br\" \/>\n<meta property=\"article:publisher\" content=\"https:\/\/www.facebook.com\/WilsonSantosMT\/\" \/>\n<meta property=\"article:published_time\" content=\"2025-08-14T17:34:26+00:00\" \/>\n<meta property=\"article:modified_time\" content=\"2025-08-14T17:34:32+00:00\" \/>\n<meta property=\"og:image\" content=\"http:\/\/wilsonsantosmt.com.br\/wp-content\/uploads\/2025\/08\/WhatsApp-Image-2025-08-12-at-16.26.01-scaled.jpeg\" \/>\n\t<meta property=\"og:image:width\" content=\"2560\" \/>\n\t<meta property=\"og:image:height\" content=\"1440\" \/>\n\t<meta property=\"og:image:type\" content=\"image\/jpeg\" \/>\n<meta name=\"author\" content=\"Samantha dos Anjos\" \/>\n<meta name=\"twitter:card\" content=\"summary_large_image\" \/>\n<meta name=\"twitter:label1\" content=\"Escrito por\" \/>\n\t<meta name=\"twitter:data1\" content=\"Samantha dos Anjos\" \/>\n\t<meta name=\"twitter:label2\" content=\"Est. tempo de leitura\" \/>\n\t<meta name=\"twitter:data2\" content=\"4 minutos\" \/>\n<script type=\"application\/ld+json\" class=\"yoast-schema-graph\">{\"@context\":\"https:\/\/schema.org\",\"@graph\":[{\"@type\":\"Article\",\"@id\":\"https:\/\/wilsonsantosmt.com.br\/index.php\/2025\/08\/14\/wilson-santos-estreita-dialogo-entre-pescadores-catadores-de-iscas-vivas-e-orgaos-fiscalizadores\/#article\",\"isPartOf\":{\"@id\":\"https:\/\/wilsonsantosmt.com.br\/index.php\/2025\/08\/14\/wilson-santos-estreita-dialogo-entre-pescadores-catadores-de-iscas-vivas-e-orgaos-fiscalizadores\/\"},\"author\":{\"name\":\"Samantha dos Anjos\",\"@id\":\"https:\/\/wilsonsantosmt.com.br\/#\/schema\/person\/1d097ee45f526dd0455dbad8c679932c\"},\"headline\":\"Wilson Santos estreita di\u00e1logo entre pescadores, catadores de iscas vivas e \u00f3rg\u00e3os fiscalizadores\",\"datePublished\":\"2025-08-14T17:34:26+00:00\",\"dateModified\":\"2025-08-14T17:34:32+00:00\",\"mainEntityOfPage\":{\"@id\":\"https:\/\/wilsonsantosmt.com.br\/index.php\/2025\/08\/14\/wilson-santos-estreita-dialogo-entre-pescadores-catadores-de-iscas-vivas-e-orgaos-fiscalizadores\/\"},\"wordCount\":768,\"publisher\":{\"@id\":\"https:\/\/wilsonsantosmt.com.br\/#\/schema\/person\/9de3c54961637a9eadb16bcbf895b1ef\"},\"articleSection\":[\"Not\u00edcias\"],\"inLanguage\":\"pt-BR\"},{\"@type\":\"WebPage\",\"@id\":\"https:\/\/wilsonsantosmt.com.br\/index.php\/2025\/08\/14\/wilson-santos-estreita-dialogo-entre-pescadores-catadores-de-iscas-vivas-e-orgaos-fiscalizadores\/\",\"url\":\"https:\/\/wilsonsantosmt.com.br\/index.php\/2025\/08\/14\/wilson-santos-estreita-dialogo-entre-pescadores-catadores-de-iscas-vivas-e-orgaos-fiscalizadores\/\",\"name\":\"Wilson Santos estreita di\u00e1logo entre pescadores, catadores de iscas vivas e \u00f3rg\u00e3os fiscalizadores - wilsonsantosmt.com.br\",\"isPartOf\":{\"@id\":\"https:\/\/wilsonsantosmt.com.br\/#website\"},\"datePublished\":\"2025-08-14T17:34:26+00:00\",\"dateModified\":\"2025-08-14T17:34:32+00:00\",\"breadcrumb\":{\"@id\":\"https:\/\/wilsonsantosmt.com.br\/index.php\/2025\/08\/14\/wilson-santos-estreita-dialogo-entre-pescadores-catadores-de-iscas-vivas-e-orgaos-fiscalizadores\/#breadcrumb\"},\"inLanguage\":\"pt-BR\",\"potentialAction\":[{\"@type\":\"ReadAction\",\"target\":[\"https:\/\/wilsonsantosmt.com.br\/index.php\/2025\/08\/14\/wilson-santos-estreita-dialogo-entre-pescadores-catadores-de-iscas-vivas-e-orgaos-fiscalizadores\/\"]}]},{\"@type\":\"BreadcrumbList\",\"@id\":\"https:\/\/wilsonsantosmt.com.br\/index.php\/2025\/08\/14\/wilson-santos-estreita-dialogo-entre-pescadores-catadores-de-iscas-vivas-e-orgaos-fiscalizadores\/#breadcrumb\",\"itemListElement\":[{\"@type\":\"ListItem\",\"position\":1,\"name\":\"In\u00edcio\",\"item\":\"https:\/\/wilsonsantosmt.com.br\/\"},{\"@type\":\"ListItem\",\"position\":2,\"name\":\"Not\u00edcias\",\"item\":\"https:\/\/wilsonsantosmt.com.br\/index.php\/category\/noticias\/\"},{\"@type\":\"ListItem\",\"position\":3,\"name\":\"Wilson Santos estreita di\u00e1logo entre pescadores, catadores de iscas vivas e \u00f3rg\u00e3os fiscalizadores\"}]},{\"@type\":\"WebSite\",\"@id\":\"https:\/\/wilsonsantosmt.com.br\/#website\",\"url\":\"https:\/\/wilsonsantosmt.com.br\/\",\"name\":\"wilsonsantosmt.com.br\",\"description\":\"\",\"publisher\":{\"@id\":\"https:\/\/wilsonsantosmt.com.br\/#\/schema\/person\/9de3c54961637a9eadb16bcbf895b1ef\"},\"potentialAction\":[{\"@type\":\"SearchAction\",\"target\":{\"@type\":\"EntryPoint\",\"urlTemplate\":\"https:\/\/wilsonsantosmt.com.br\/?s={search_term_string}\"},\"query-input\":\"required name=search_term_string\"}],\"inLanguage\":\"pt-BR\"},{\"@type\":[\"Person\",\"Organization\"],\"@id\":\"https:\/\/wilsonsantosmt.com.br\/#\/schema\/person\/9de3c54961637a9eadb16bcbf895b1ef\",\"name\":\"Wilson Santos\",\"image\":{\"@type\":\"ImageObject\",\"inLanguage\":\"pt-BR\",\"@id\":\"https:\/\/wilsonsantosmt.com.br\/#\/schema\/person\/image\/\",\"url\":\"https:\/\/wilsonsantosmt.com.br\/wp-content\/uploads\/2023\/11\/310828673_653254583023360_8795459643194608438_n.jpg\",\"contentUrl\":\"https:\/\/wilsonsantosmt.com.br\/wp-content\/uploads\/2023\/11\/310828673_653254583023360_8795459643194608438_n.jpg\",\"width\":1078,\"height\":1079,\"caption\":\"Wilson Santos\"},\"logo\":{\"@id\":\"https:\/\/wilsonsantosmt.com.br\/#\/schema\/person\/image\/\"},\"sameAs\":[\"http:\/\/wilsonsantosmt.com.br\",\"https:\/\/www.facebook.com\/WilsonSantosMT\/\",\"https:\/\/www.instagram.com\/wilsonsantosmt\/\",\"https:\/\/www.youtube.com\/@WilsonSantosWS\/videos\",\"https:\/\/pt.wikipedia.org\/wiki\/Wilson_Santos\"],\"honorificPrefix\":\"Sr\",\"gender\":\"masculino\",\"jobTitle\":\"Deputado Estadual\",\"worksFor\":\"Assembleia Legislativa de Mato Grosso\"},{\"@type\":\"Person\",\"@id\":\"https:\/\/wilsonsantosmt.com.br\/#\/schema\/person\/1d097ee45f526dd0455dbad8c679932c\",\"name\":\"Samantha dos Anjos\",\"image\":{\"@type\":\"ImageObject\",\"inLanguage\":\"pt-BR\",\"@id\":\"https:\/\/wilsonsantosmt.com.br\/#\/schema\/person\/image\/\",\"url\":\"https:\/\/secure.gravatar.com\/avatar\/7d8d0b6dd67d134a9fa841bee90c57c7?s=96&d=mm&r=g\",\"contentUrl\":\"https:\/\/secure.gravatar.com\/avatar\/7d8d0b6dd67d134a9fa841bee90c57c7?s=96&d=mm&r=g\",\"caption\":\"Samantha dos Anjos\"},\"url\":\"https:\/\/wilsonsantosmt.com.br\/index.php\/author\/samantha-dos-anjos\/\"}]}<\/script>\n<!-- \/ Yoast SEO Premium plugin. -->","yoast_head_json":{"title":"Wilson Santos estreita di\u00e1logo entre pescadores, catadores de iscas vivas e \u00f3rg\u00e3os fiscalizadores - wilsonsantosmt.com.br","robots":{"index":"index","follow":"follow","max-snippet":"max-snippet:-1","max-image-preview":"max-image-preview:large","max-video-preview":"max-video-preview:-1"},"canonical":"https:\/\/wilsonsantosmt.com.br\/index.php\/2025\/08\/14\/wilson-santos-estreita-dialogo-entre-pescadores-catadores-de-iscas-vivas-e-orgaos-fiscalizadores\/","og_locale":"pt_BR","og_type":"article","og_title":"Wilson Santos estreita di\u00e1logo entre pescadores, catadores de iscas vivas e \u00f3rg\u00e3os fiscalizadores","og_description":"Para compreender os fundamentos jur\u00eddicos e t\u00e9cnicos da \u201cOpera\u00e7\u00e3o Isca Viva\u201d, o deputado estadual Wilson Santos (PSD) recebeu o comandante do Batalh\u00e3o da Pol\u00edcia Militar de Prote\u00e7\u00e3o Ambiental (BPMPA-MT), tenente-coronel Fagner Augusto do Nascimento, nesta ter\u00e7a-feira (12), para os devidos esclarecimentos. No encontro, marcaram presen\u00e7a o coordenador de fiscaliza\u00e7\u00e3o da fauna da Secretaria Estadual de [&hellip;]","og_url":"https:\/\/wilsonsantosmt.com.br\/index.php\/2025\/08\/14\/wilson-santos-estreita-dialogo-entre-pescadores-catadores-de-iscas-vivas-e-orgaos-fiscalizadores\/","og_site_name":"wilsonsantosmt.com.br","article_publisher":"https:\/\/www.facebook.com\/WilsonSantosMT\/","article_published_time":"2025-08-14T17:34:26+00:00","article_modified_time":"2025-08-14T17:34:32+00:00","og_image":[{"width":2560,"height":1440,"url":"http:\/\/wilsonsantosmt.com.br\/wp-content\/uploads\/2025\/08\/WhatsApp-Image-2025-08-12-at-16.26.01-scaled.jpeg","type":"image\/jpeg"}],"author":"Samantha dos Anjos","twitter_card":"summary_large_image","twitter_misc":{"Escrito por":"Samantha dos Anjos","Est. tempo de leitura":"4 minutos"},"schema":{"@context":"https:\/\/schema.org","@graph":[{"@type":"Article","@id":"https:\/\/wilsonsantosmt.com.br\/index.php\/2025\/08\/14\/wilson-santos-estreita-dialogo-entre-pescadores-catadores-de-iscas-vivas-e-orgaos-fiscalizadores\/#article","isPartOf":{"@id":"https:\/\/wilsonsantosmt.com.br\/index.php\/2025\/08\/14\/wilson-santos-estreita-dialogo-entre-pescadores-catadores-de-iscas-vivas-e-orgaos-fiscalizadores\/"},"author":{"name":"Samantha dos Anjos","@id":"https:\/\/wilsonsantosmt.com.br\/#\/schema\/person\/1d097ee45f526dd0455dbad8c679932c"},"headline":"Wilson Santos estreita di\u00e1logo entre pescadores, catadores de iscas vivas e \u00f3rg\u00e3os fiscalizadores","datePublished":"2025-08-14T17:34:26+00:00","dateModified":"2025-08-14T17:34:32+00:00","mainEntityOfPage":{"@id":"https:\/\/wilsonsantosmt.com.br\/index.php\/2025\/08\/14\/wilson-santos-estreita-dialogo-entre-pescadores-catadores-de-iscas-vivas-e-orgaos-fiscalizadores\/"},"wordCount":768,"publisher":{"@id":"https:\/\/wilsonsantosmt.com.br\/#\/schema\/person\/9de3c54961637a9eadb16bcbf895b1ef"},"articleSection":["Not\u00edcias"],"inLanguage":"pt-BR"},{"@type":"WebPage","@id":"https:\/\/wilsonsantosmt.com.br\/index.php\/2025\/08\/14\/wilson-santos-estreita-dialogo-entre-pescadores-catadores-de-iscas-vivas-e-orgaos-fiscalizadores\/","url":"https:\/\/wilsonsantosmt.com.br\/index.php\/2025\/08\/14\/wilson-santos-estreita-dialogo-entre-pescadores-catadores-de-iscas-vivas-e-orgaos-fiscalizadores\/","name":"Wilson Santos estreita di\u00e1logo entre pescadores, catadores de iscas vivas e \u00f3rg\u00e3os fiscalizadores - wilsonsantosmt.com.br","isPartOf":{"@id":"https:\/\/wilsonsantosmt.com.br\/#website"},"datePublished":"2025-08-14T17:34:26+00:00","dateModified":"2025-08-14T17:34:32+00:00","breadcrumb":{"@id":"https:\/\/wilsonsantosmt.com.br\/index.php\/2025\/08\/14\/wilson-santos-estreita-dialogo-entre-pescadores-catadores-de-iscas-vivas-e-orgaos-fiscalizadores\/#breadcrumb"},"inLanguage":"pt-BR","potentialAction":[{"@type":"ReadAction","target":["https:\/\/wilsonsantosmt.com.br\/index.php\/2025\/08\/14\/wilson-santos-estreita-dialogo-entre-pescadores-catadores-de-iscas-vivas-e-orgaos-fiscalizadores\/"]}]},{"@type":"BreadcrumbList","@id":"https:\/\/wilsonsantosmt.com.br\/index.php\/2025\/08\/14\/wilson-santos-estreita-dialogo-entre-pescadores-catadores-de-iscas-vivas-e-orgaos-fiscalizadores\/#breadcrumb","itemListElement":[{"@type":"ListItem","position":1,"name":"In\u00edcio","item":"https:\/\/wilsonsantosmt.com.br\/"},{"@type":"ListItem","position":2,"name":"Not\u00edcias","item":"https:\/\/wilsonsantosmt.com.br\/index.php\/category\/noticias\/"},{"@type":"ListItem","position":3,"name":"Wilson Santos estreita di\u00e1logo entre pescadores, catadores de iscas vivas e \u00f3rg\u00e3os fiscalizadores"}]},{"@type":"WebSite","@id":"https:\/\/wilsonsantosmt.com.br\/#website","url":"https:\/\/wilsonsantosmt.com.br\/","name":"wilsonsantosmt.com.br","description":"","publisher":{"@id":"https:\/\/wilsonsantosmt.com.br\/#\/schema\/person\/9de3c54961637a9eadb16bcbf895b1ef"},"potentialAction":[{"@type":"SearchAction","target":{"@type":"EntryPoint","urlTemplate":"https:\/\/wilsonsantosmt.com.br\/?s={search_term_string}"},"query-input":"required name=search_term_string"}],"inLanguage":"pt-BR"},{"@type":["Person","Organization"],"@id":"https:\/\/wilsonsantosmt.com.br\/#\/schema\/person\/9de3c54961637a9eadb16bcbf895b1ef","name":"Wilson Santos","image":{"@type":"ImageObject","inLanguage":"pt-BR","@id":"https:\/\/wilsonsantosmt.com.br\/#\/schema\/person\/image\/","url":"https:\/\/wilsonsantosmt.com.br\/wp-content\/uploads\/2023\/11\/310828673_653254583023360_8795459643194608438_n.jpg","contentUrl":"https:\/\/wilsonsantosmt.com.br\/wp-content\/uploads\/2023\/11\/310828673_653254583023360_8795459643194608438_n.jpg","width":1078,"height":1079,"caption":"Wilson Santos"},"logo":{"@id":"https:\/\/wilsonsantosmt.com.br\/#\/schema\/person\/image\/"},"sameAs":["http:\/\/wilsonsantosmt.com.br","https:\/\/www.facebook.com\/WilsonSantosMT\/","https:\/\/www.instagram.com\/wilsonsantosmt\/","https:\/\/www.youtube.com\/@WilsonSantosWS\/videos","https:\/\/pt.wikipedia.org\/wiki\/Wilson_Santos"],"honorificPrefix":"Sr","gender":"masculino","jobTitle":"Deputado Estadual","worksFor":"Assembleia Legislativa de Mato Grosso"},{"@type":"Person","@id":"https:\/\/wilsonsantosmt.com.br\/#\/schema\/person\/1d097ee45f526dd0455dbad8c679932c","name":"Samantha dos Anjos","image":{"@type":"ImageObject","inLanguage":"pt-BR","@id":"https:\/\/wilsonsantosmt.com.br\/#\/schema\/person\/image\/","url":"https:\/\/secure.gravatar.com\/avatar\/7d8d0b6dd67d134a9fa841bee90c57c7?s=96&d=mm&r=g","contentUrl":"https:\/\/secure.gravatar.com\/avatar\/7d8d0b6dd67d134a9fa841bee90c57c7?s=96&d=mm&r=g","caption":"Samantha dos Anjos"},"url":"https:\/\/wilsonsantosmt.com.br\/index.php\/author\/samantha-dos-anjos\/"}]}},"_links":{"self":[{"href":"https:\/\/wilsonsantosmt.com.br\/index.php\/wp-json\/wp\/v2\/posts\/1795"}],"collection":[{"href":"https:\/\/wilsonsantosmt.com.br\/index.php\/wp-json\/wp\/v2\/posts"}],"about":[{"href":"https:\/\/wilsonsantosmt.com.br\/index.php\/wp-json\/wp\/v2\/types\/post"}],"author":[{"embeddable":true,"href":"https:\/\/wilsonsantosmt.com.br\/index.php\/wp-json\/wp\/v2\/users\/4"}],"replies":[{"embeddable":true,"href":"https:\/\/wilsonsantosmt.com.br\/index.php\/wp-json\/wp\/v2\/comments?post=1795"}],"version-history":[{"count":1,"href":"https:\/\/wilsonsantosmt.com.br\/index.php\/wp-json\/wp\/v2\/posts\/1795\/revisions"}],"predecessor-version":[{"id":1797,"href":"https:\/\/wilsonsantosmt.com.br\/index.php\/wp-json\/wp\/v2\/posts\/1795\/revisions\/1797"}],"wp:featuredmedia":[{"embeddable":true,"href":"https:\/\/wilsonsantosmt.com.br\/index.php\/wp-json\/wp\/v2\/media\/1796"}],"wp:attachment":[{"href":"https:\/\/wilsonsantosmt.com.br\/index.php\/wp-json\/wp\/v2\/media?parent=1795"}],"wp:term":[{"taxonomy":"category","embeddable":true,"href":"https:\/\/wilsonsantosmt.com.br\/index.php\/wp-json\/wp\/v2\/categories?post=1795"},{"taxonomy":"post_tag","embeddable":true,"href":"https:\/\/wilsonsantosmt.com.br\/index.php\/wp-json\/wp\/v2\/tags?post=1795"}],"curies":[{"name":"wp","href":"https:\/\/api.w.org\/{rel}","templated":true}]}}