{"id":1798,"date":"2025-08-21T16:08:52","date_gmt":"2025-08-21T20:08:52","guid":{"rendered":"https:\/\/wilsonsantosmt.com.br\/?p=1798"},"modified":"2025-08-21T16:08:53","modified_gmt":"2025-08-21T20:08:53","slug":"wilson-santos-comemorou-a-suspensao-de-descontos-dos-consignados-por-mais-120-dias","status":"publish","type":"post","link":"https:\/\/wilsonsantosmt.com.br\/index.php\/2025\/08\/21\/wilson-santos-comemorou-a-suspensao-de-descontos-dos-consignados-por-mais-120-dias\/","title":{"rendered":"Wilson Santos comemorou a suspens\u00e3o de descontos dos consignados por mais 120 dias"},"content":{"rendered":"\n<p><\/p>\n\n\n\n<p>O deputado estadual Wilson Santos (PSD) comemorou a decis\u00e3o administrativa da Secretaria de Estado de Planejamento e Gest\u00e3o (Seplag), publicada no Di\u00e1rio Oficial do Estado (DOE), nesta quinta-feira (21), que suspendeu por mais 120 dias &#8211; os descontos realizados pela empresa Capital Consig e demais integrantes de seu grupo econ\u00f4mico &#8211; nas folhas dos servidores (ativos, inativos e pensionistas). A medida foi imprescind\u00edvel para resguardar os direitos dos agentes p\u00fablicos estaduais e preservar a integridade do sistema de consigna\u00e7\u00f5es e cumprir a determina\u00e7\u00e3o do Tribunal de Contas do Estado (TCE).<\/p>\n\n\n\n<p>\u201cNot\u00edcia boa! At\u00e9 o dia 28 de dezembro ficam suspensos os descontos dos empr\u00e9stimos consignados. Essa \u00e9 a segunda suspens\u00e3o. Parabenizo todos os envolvidos, todos os sindicatos, a mesa t\u00e9cnica do Tribunal de Contas com o conselheiro Valter Albano e o presidente S\u00e9rgio Ricardo e os colegas deputados estaduais! \u00c9 uma vit\u00f3ria parcial e importante! Queremos o cancelamento de todos esses contratos e fazer justi\u00e7a aos servidores p\u00fablicos!\u201d, disse o parlamentar.<\/p>\n\n\n\n<p>A mesa t\u00e9cnica do TCE chegou a receber cerca de 90 mil contratos que foram analisados, sendo que apenas uma m\u00e9dia de 27 mil estavam regulares e seguiam as normas t\u00e9cnicas exigidas. Por falta de uma solu\u00e7\u00e3o clara para milhares de contratos com ind\u00edcios de irregularidades, inconsist\u00eancias, aus\u00eancia de autoriza\u00e7\u00f5es formais ou extrapola\u00e7\u00e3o dos limites legais da margem consign\u00e1vel, Wilson Santos considerou ser mais do que certa a aplica\u00e7\u00e3o de mais uma nova prorroga\u00e7\u00e3o.<\/p>\n\n\n\n<p>Al\u00e9m da Capital Consig, as empresas Cartos Sociedade de Cr\u00e9dito Direto S.A, Bem Cart\u00f5es Benef\u00edcios Ltda., Click Bank e ABC Card Ltda. &#8211; dever\u00e3o ficar suspensas at\u00e9 o dia 28 de dezembro deste ano \u2013 independente se realizam&nbsp; opera\u00e7\u00f5es relativas a cart\u00f5es de cr\u00e9dito, empr\u00e9stimos consignados ou cart\u00f5es benef\u00edcios.<\/p>\n\n\n\n<p>Wilson Santos representa a Assembleia Legislativa na mesa t\u00e9cnica do TCE, criada para apurar a legalidade e a regularidade das opera\u00e7\u00f5es financeiras realizadas por empresas consignat\u00e1rias com servidores p\u00fablicos de Mato Grosso.<\/p>\n","protected":false},"excerpt":{"rendered":"<p>O deputado estadual Wilson Santos (PSD) comemorou a decis\u00e3o administrativa da Secretaria de Estado de Planejamento e Gest\u00e3o (Seplag), publicada no Di\u00e1rio Oficial do Estado (DOE), nesta quinta-feira (21), que suspendeu por mais 120 dias &#8211; os descontos realizados pela empresa Capital Consig e demais integrantes de seu grupo econ\u00f4mico &#8211; nas folhas dos servidores [&hellip;]<\/p>\n","protected":false},"author":4,"featured_media":1799,"comment_status":"closed","ping_status":"open","sticky":false,"template":"","format":"standard","meta":{"footnotes":""},"categories":[13],"tags":[],"yoast_head":"<!-- This site is optimized with the Yoast SEO Premium plugin v21.5 (Yoast SEO v21.4) - https:\/\/yoast.com\/wordpress\/plugins\/seo\/ -->\n<title>Wilson Santos comemorou a suspens\u00e3o de descontos dos consignados por mais 120 dias - wilsonsantosmt.com.br<\/title>\n<meta name=\"robots\" content=\"index, follow, max-snippet:-1, max-image-preview:large, max-video-preview:-1\" \/>\n<link rel=\"canonical\" href=\"https:\/\/wilsonsantosmt.com.br\/index.php\/2025\/08\/21\/wilson-santos-comemorou-a-suspensao-de-descontos-dos-consignados-por-mais-120-dias\/\" \/>\n<meta property=\"og:locale\" content=\"pt_BR\" \/>\n<meta property=\"og:type\" content=\"article\" \/>\n<meta property=\"og:title\" content=\"Wilson Santos comemorou a suspens\u00e3o de descontos dos consignados por mais 120 dias\" \/>\n<meta property=\"og:description\" content=\"O deputado estadual Wilson Santos (PSD) comemorou a decis\u00e3o administrativa da Secretaria de Estado de Planejamento e Gest\u00e3o (Seplag), publicada no Di\u00e1rio Oficial do Estado (DOE), nesta quinta-feira (21), que suspendeu por mais 120 dias &#8211; os descontos realizados pela empresa Capital Consig e demais integrantes de seu grupo econ\u00f4mico &#8211; nas folhas dos servidores [&hellip;]\" \/>\n<meta property=\"og:url\" content=\"https:\/\/wilsonsantosmt.com.br\/index.php\/2025\/08\/21\/wilson-santos-comemorou-a-suspensao-de-descontos-dos-consignados-por-mais-120-dias\/\" \/>\n<meta property=\"og:site_name\" content=\"wilsonsantosmt.com.br\" \/>\n<meta property=\"article:publisher\" content=\"https:\/\/www.facebook.com\/WilsonSantosMT\/\" \/>\n<meta property=\"article:published_time\" content=\"2025-08-21T20:08:52+00:00\" \/>\n<meta property=\"article:modified_time\" content=\"2025-08-21T20:08:53+00:00\" \/>\n<meta property=\"og:image\" content=\"http:\/\/wilsonsantosmt.com.br\/wp-content\/uploads\/2025\/08\/18bd6193581e9fa4b3020f3609ecc07d685c451fcff2c.jpg\" \/>\n\t<meta property=\"og:image:width\" content=\"1600\" \/>\n\t<meta property=\"og:image:height\" content=\"1067\" \/>\n\t<meta property=\"og:image:type\" content=\"image\/jpeg\" \/>\n<meta name=\"author\" content=\"Samantha dos Anjos\" \/>\n<meta name=\"twitter:card\" content=\"summary_large_image\" \/>\n<meta name=\"twitter:label1\" content=\"Escrito por\" \/>\n\t<meta name=\"twitter:data1\" content=\"Samantha dos Anjos\" \/>\n\t<meta name=\"twitter:label2\" content=\"Est. tempo de leitura\" \/>\n\t<meta name=\"twitter:data2\" content=\"2 minutos\" \/>\n<script type=\"application\/ld+json\" class=\"yoast-schema-graph\">{\"@context\":\"https:\/\/schema.org\",\"@graph\":[{\"@type\":\"Article\",\"@id\":\"https:\/\/wilsonsantosmt.com.br\/index.php\/2025\/08\/21\/wilson-santos-comemorou-a-suspensao-de-descontos-dos-consignados-por-mais-120-dias\/#article\",\"isPartOf\":{\"@id\":\"https:\/\/wilsonsantosmt.com.br\/index.php\/2025\/08\/21\/wilson-santos-comemorou-a-suspensao-de-descontos-dos-consignados-por-mais-120-dias\/\"},\"author\":{\"name\":\"Samantha dos Anjos\",\"@id\":\"https:\/\/wilsonsantosmt.com.br\/#\/schema\/person\/1d097ee45f526dd0455dbad8c679932c\"},\"headline\":\"Wilson Santos comemorou a suspens\u00e3o de descontos dos consignados por mais 120 dias\",\"datePublished\":\"2025-08-21T20:08:52+00:00\",\"dateModified\":\"2025-08-21T20:08:53+00:00\",\"mainEntityOfPage\":{\"@id\":\"https:\/\/wilsonsantosmt.com.br\/index.php\/2025\/08\/21\/wilson-santos-comemorou-a-suspensao-de-descontos-dos-consignados-por-mais-120-dias\/\"},\"wordCount\":365,\"publisher\":{\"@id\":\"https:\/\/wilsonsantosmt.com.br\/#\/schema\/person\/9de3c54961637a9eadb16bcbf895b1ef\"},\"articleSection\":[\"Not\u00edcias\"],\"inLanguage\":\"pt-BR\"},{\"@type\":\"WebPage\",\"@id\":\"https:\/\/wilsonsantosmt.com.br\/index.php\/2025\/08\/21\/wilson-santos-comemorou-a-suspensao-de-descontos-dos-consignados-por-mais-120-dias\/\",\"url\":\"https:\/\/wilsonsantosmt.com.br\/index.php\/2025\/08\/21\/wilson-santos-comemorou-a-suspensao-de-descontos-dos-consignados-por-mais-120-dias\/\",\"name\":\"Wilson Santos comemorou a suspens\u00e3o de descontos dos consignados por mais 120 dias - wilsonsantosmt.com.br\",\"isPartOf\":{\"@id\":\"https:\/\/wilsonsantosmt.com.br\/#website\"},\"datePublished\":\"2025-08-21T20:08:52+00:00\",\"dateModified\":\"2025-08-21T20:08:53+00:00\",\"breadcrumb\":{\"@id\":\"https:\/\/wilsonsantosmt.com.br\/index.php\/2025\/08\/21\/wilson-santos-comemorou-a-suspensao-de-descontos-dos-consignados-por-mais-120-dias\/#breadcrumb\"},\"inLanguage\":\"pt-BR\",\"potentialAction\":[{\"@type\":\"ReadAction\",\"target\":[\"https:\/\/wilsonsantosmt.com.br\/index.php\/2025\/08\/21\/wilson-santos-comemorou-a-suspensao-de-descontos-dos-consignados-por-mais-120-dias\/\"]}]},{\"@type\":\"BreadcrumbList\",\"@id\":\"https:\/\/wilsonsantosmt.com.br\/index.php\/2025\/08\/21\/wilson-santos-comemorou-a-suspensao-de-descontos-dos-consignados-por-mais-120-dias\/#breadcrumb\",\"itemListElement\":[{\"@type\":\"ListItem\",\"position\":1,\"name\":\"In\u00edcio\",\"item\":\"https:\/\/wilsonsantosmt.com.br\/\"},{\"@type\":\"ListItem\",\"position\":2,\"name\":\"Not\u00edcias\",\"item\":\"https:\/\/wilsonsantosmt.com.br\/index.php\/category\/noticias\/\"},{\"@type\":\"ListItem\",\"position\":3,\"name\":\"Wilson Santos comemorou a suspens\u00e3o de descontos dos consignados por mais 120 dias\"}]},{\"@type\":\"WebSite\",\"@id\":\"https:\/\/wilsonsantosmt.com.br\/#website\",\"url\":\"https:\/\/wilsonsantosmt.com.br\/\",\"name\":\"wilsonsantosmt.com.br\",\"description\":\"\",\"publisher\":{\"@id\":\"https:\/\/wilsonsantosmt.com.br\/#\/schema\/person\/9de3c54961637a9eadb16bcbf895b1ef\"},\"potentialAction\":[{\"@type\":\"SearchAction\",\"target\":{\"@type\":\"EntryPoint\",\"urlTemplate\":\"https:\/\/wilsonsantosmt.com.br\/?s={search_term_string}\"},\"query-input\":\"required name=search_term_string\"}],\"inLanguage\":\"pt-BR\"},{\"@type\":[\"Person\",\"Organization\"],\"@id\":\"https:\/\/wilsonsantosmt.com.br\/#\/schema\/person\/9de3c54961637a9eadb16bcbf895b1ef\",\"name\":\"Wilson Santos\",\"image\":{\"@type\":\"ImageObject\",\"inLanguage\":\"pt-BR\",\"@id\":\"https:\/\/wilsonsantosmt.com.br\/#\/schema\/person\/image\/\",\"url\":\"https:\/\/wilsonsantosmt.com.br\/wp-content\/uploads\/2023\/11\/310828673_653254583023360_8795459643194608438_n.jpg\",\"contentUrl\":\"https:\/\/wilsonsantosmt.com.br\/wp-content\/uploads\/2023\/11\/310828673_653254583023360_8795459643194608438_n.jpg\",\"width\":1078,\"height\":1079,\"caption\":\"Wilson Santos\"},\"logo\":{\"@id\":\"https:\/\/wilsonsantosmt.com.br\/#\/schema\/person\/image\/\"},\"sameAs\":[\"http:\/\/wilsonsantosmt.com.br\",\"https:\/\/www.facebook.com\/WilsonSantosMT\/\",\"https:\/\/www.instagram.com\/wilsonsantosmt\/\",\"https:\/\/www.youtube.com\/@WilsonSantosWS\/videos\",\"https:\/\/pt.wikipedia.org\/wiki\/Wilson_Santos\"],\"honorificPrefix\":\"Sr\",\"gender\":\"masculino\",\"jobTitle\":\"Deputado Estadual\",\"worksFor\":\"Assembleia Legislativa de Mato Grosso\"},{\"@type\":\"Person\",\"@id\":\"https:\/\/wilsonsantosmt.com.br\/#\/schema\/person\/1d097ee45f526dd0455dbad8c679932c\",\"name\":\"Samantha dos Anjos\",\"image\":{\"@type\":\"ImageObject\",\"inLanguage\":\"pt-BR\",\"@id\":\"https:\/\/wilsonsantosmt.com.br\/#\/schema\/person\/image\/\",\"url\":\"https:\/\/secure.gravatar.com\/avatar\/7d8d0b6dd67d134a9fa841bee90c57c7?s=96&d=mm&r=g\",\"contentUrl\":\"https:\/\/secure.gravatar.com\/avatar\/7d8d0b6dd67d134a9fa841bee90c57c7?s=96&d=mm&r=g\",\"caption\":\"Samantha dos Anjos\"},\"url\":\"https:\/\/wilsonsantosmt.com.br\/index.php\/author\/samantha-dos-anjos\/\"}]}<\/script>\n<!-- \/ Yoast SEO Premium plugin. -->","yoast_head_json":{"title":"Wilson Santos comemorou a suspens\u00e3o de descontos dos consignados por mais 120 dias - wilsonsantosmt.com.br","robots":{"index":"index","follow":"follow","max-snippet":"max-snippet:-1","max-image-preview":"max-image-preview:large","max-video-preview":"max-video-preview:-1"},"canonical":"https:\/\/wilsonsantosmt.com.br\/index.php\/2025\/08\/21\/wilson-santos-comemorou-a-suspensao-de-descontos-dos-consignados-por-mais-120-dias\/","og_locale":"pt_BR","og_type":"article","og_title":"Wilson Santos comemorou a suspens\u00e3o de descontos dos consignados por mais 120 dias","og_description":"O deputado estadual Wilson Santos (PSD) comemorou a decis\u00e3o administrativa da Secretaria de Estado de Planejamento e Gest\u00e3o (Seplag), publicada no Di\u00e1rio Oficial do Estado (DOE), nesta quinta-feira (21), que suspendeu por mais 120 dias &#8211; os descontos realizados pela empresa Capital Consig e demais integrantes de seu grupo econ\u00f4mico &#8211; nas folhas dos servidores [&hellip;]","og_url":"https:\/\/wilsonsantosmt.com.br\/index.php\/2025\/08\/21\/wilson-santos-comemorou-a-suspensao-de-descontos-dos-consignados-por-mais-120-dias\/","og_site_name":"wilsonsantosmt.com.br","article_publisher":"https:\/\/www.facebook.com\/WilsonSantosMT\/","article_published_time":"2025-08-21T20:08:52+00:00","article_modified_time":"2025-08-21T20:08:53+00:00","og_image":[{"width":1600,"height":1067,"url":"http:\/\/wilsonsantosmt.com.br\/wp-content\/uploads\/2025\/08\/18bd6193581e9fa4b3020f3609ecc07d685c451fcff2c.jpg","type":"image\/jpeg"}],"author":"Samantha dos Anjos","twitter_card":"summary_large_image","twitter_misc":{"Escrito por":"Samantha dos Anjos","Est. tempo de leitura":"2 minutos"},"schema":{"@context":"https:\/\/schema.org","@graph":[{"@type":"Article","@id":"https:\/\/wilsonsantosmt.com.br\/index.php\/2025\/08\/21\/wilson-santos-comemorou-a-suspensao-de-descontos-dos-consignados-por-mais-120-dias\/#article","isPartOf":{"@id":"https:\/\/wilsonsantosmt.com.br\/index.php\/2025\/08\/21\/wilson-santos-comemorou-a-suspensao-de-descontos-dos-consignados-por-mais-120-dias\/"},"author":{"name":"Samantha dos Anjos","@id":"https:\/\/wilsonsantosmt.com.br\/#\/schema\/person\/1d097ee45f526dd0455dbad8c679932c"},"headline":"Wilson Santos comemorou a suspens\u00e3o de descontos dos consignados por mais 120 dias","datePublished":"2025-08-21T20:08:52+00:00","dateModified":"2025-08-21T20:08:53+00:00","mainEntityOfPage":{"@id":"https:\/\/wilsonsantosmt.com.br\/index.php\/2025\/08\/21\/wilson-santos-comemorou-a-suspensao-de-descontos-dos-consignados-por-mais-120-dias\/"},"wordCount":365,"publisher":{"@id":"https:\/\/wilsonsantosmt.com.br\/#\/schema\/person\/9de3c54961637a9eadb16bcbf895b1ef"},"articleSection":["Not\u00edcias"],"inLanguage":"pt-BR"},{"@type":"WebPage","@id":"https:\/\/wilsonsantosmt.com.br\/index.php\/2025\/08\/21\/wilson-santos-comemorou-a-suspensao-de-descontos-dos-consignados-por-mais-120-dias\/","url":"https:\/\/wilsonsantosmt.com.br\/index.php\/2025\/08\/21\/wilson-santos-comemorou-a-suspensao-de-descontos-dos-consignados-por-mais-120-dias\/","name":"Wilson Santos comemorou a suspens\u00e3o de descontos dos consignados por mais 120 dias - wilsonsantosmt.com.br","isPartOf":{"@id":"https:\/\/wilsonsantosmt.com.br\/#website"},"datePublished":"2025-08-21T20:08:52+00:00","dateModified":"2025-08-21T20:08:53+00:00","breadcrumb":{"@id":"https:\/\/wilsonsantosmt.com.br\/index.php\/2025\/08\/21\/wilson-santos-comemorou-a-suspensao-de-descontos-dos-consignados-por-mais-120-dias\/#breadcrumb"},"inLanguage":"pt-BR","potentialAction":[{"@type":"ReadAction","target":["https:\/\/wilsonsantosmt.com.br\/index.php\/2025\/08\/21\/wilson-santos-comemorou-a-suspensao-de-descontos-dos-consignados-por-mais-120-dias\/"]}]},{"@type":"BreadcrumbList","@id":"https:\/\/wilsonsantosmt.com.br\/index.php\/2025\/08\/21\/wilson-santos-comemorou-a-suspensao-de-descontos-dos-consignados-por-mais-120-dias\/#breadcrumb","itemListElement":[{"@type":"ListItem","position":1,"name":"In\u00edcio","item":"https:\/\/wilsonsantosmt.com.br\/"},{"@type":"ListItem","position":2,"name":"Not\u00edcias","item":"https:\/\/wilsonsantosmt.com.br\/index.php\/category\/noticias\/"},{"@type":"ListItem","position":3,"name":"Wilson Santos comemorou a suspens\u00e3o de descontos dos consignados por mais 120 dias"}]},{"@type":"WebSite","@id":"https:\/\/wilsonsantosmt.com.br\/#website","url":"https:\/\/wilsonsantosmt.com.br\/","name":"wilsonsantosmt.com.br","description":"","publisher":{"@id":"https:\/\/wilsonsantosmt.com.br\/#\/schema\/person\/9de3c54961637a9eadb16bcbf895b1ef"},"potentialAction":[{"@type":"SearchAction","target":{"@type":"EntryPoint","urlTemplate":"https:\/\/wilsonsantosmt.com.br\/?s={search_term_string}"},"query-input":"required name=search_term_string"}],"inLanguage":"pt-BR"},{"@type":["Person","Organization"],"@id":"https:\/\/wilsonsantosmt.com.br\/#\/schema\/person\/9de3c54961637a9eadb16bcbf895b1ef","name":"Wilson Santos","image":{"@type":"ImageObject","inLanguage":"pt-BR","@id":"https:\/\/wilsonsantosmt.com.br\/#\/schema\/person\/image\/","url":"https:\/\/wilsonsantosmt.com.br\/wp-content\/uploads\/2023\/11\/310828673_653254583023360_8795459643194608438_n.jpg","contentUrl":"https:\/\/wilsonsantosmt.com.br\/wp-content\/uploads\/2023\/11\/310828673_653254583023360_8795459643194608438_n.jpg","width":1078,"height":1079,"caption":"Wilson Santos"},"logo":{"@id":"https:\/\/wilsonsantosmt.com.br\/#\/schema\/person\/image\/"},"sameAs":["http:\/\/wilsonsantosmt.com.br","https:\/\/www.facebook.com\/WilsonSantosMT\/","https:\/\/www.instagram.com\/wilsonsantosmt\/","https:\/\/www.youtube.com\/@WilsonSantosWS\/videos","https:\/\/pt.wikipedia.org\/wiki\/Wilson_Santos"],"honorificPrefix":"Sr","gender":"masculino","jobTitle":"Deputado Estadual","worksFor":"Assembleia Legislativa de Mato Grosso"},{"@type":"Person","@id":"https:\/\/wilsonsantosmt.com.br\/#\/schema\/person\/1d097ee45f526dd0455dbad8c679932c","name":"Samantha dos Anjos","image":{"@type":"ImageObject","inLanguage":"pt-BR","@id":"https:\/\/wilsonsantosmt.com.br\/#\/schema\/person\/image\/","url":"https:\/\/secure.gravatar.com\/avatar\/7d8d0b6dd67d134a9fa841bee90c57c7?s=96&d=mm&r=g","contentUrl":"https:\/\/secure.gravatar.com\/avatar\/7d8d0b6dd67d134a9fa841bee90c57c7?s=96&d=mm&r=g","caption":"Samantha dos Anjos"},"url":"https:\/\/wilsonsantosmt.com.br\/index.php\/author\/samantha-dos-anjos\/"}]}},"_links":{"self":[{"href":"https:\/\/wilsonsantosmt.com.br\/index.php\/wp-json\/wp\/v2\/posts\/1798"}],"collection":[{"href":"https:\/\/wilsonsantosmt.com.br\/index.php\/wp-json\/wp\/v2\/posts"}],"about":[{"href":"https:\/\/wilsonsantosmt.com.br\/index.php\/wp-json\/wp\/v2\/types\/post"}],"author":[{"embeddable":true,"href":"https:\/\/wilsonsantosmt.com.br\/index.php\/wp-json\/wp\/v2\/users\/4"}],"replies":[{"embeddable":true,"href":"https:\/\/wilsonsantosmt.com.br\/index.php\/wp-json\/wp\/v2\/comments?post=1798"}],"version-history":[{"count":1,"href":"https:\/\/wilsonsantosmt.com.br\/index.php\/wp-json\/wp\/v2\/posts\/1798\/revisions"}],"predecessor-version":[{"id":1800,"href":"https:\/\/wilsonsantosmt.com.br\/index.php\/wp-json\/wp\/v2\/posts\/1798\/revisions\/1800"}],"wp:featuredmedia":[{"embeddable":true,"href":"https:\/\/wilsonsantosmt.com.br\/index.php\/wp-json\/wp\/v2\/media\/1799"}],"wp:attachment":[{"href":"https:\/\/wilsonsantosmt.com.br\/index.php\/wp-json\/wp\/v2\/media?parent=1798"}],"wp:term":[{"taxonomy":"category","embeddable":true,"href":"https:\/\/wilsonsantosmt.com.br\/index.php\/wp-json\/wp\/v2\/categories?post=1798"},{"taxonomy":"post_tag","embeddable":true,"href":"https:\/\/wilsonsantosmt.com.br\/index.php\/wp-json\/wp\/v2\/tags?post=1798"}],"curies":[{"name":"wp","href":"https:\/\/api.w.org\/{rel}","templated":true}]}}