{"id":1805,"date":"2025-08-20T16:11:00","date_gmt":"2025-08-20T20:11:00","guid":{"rendered":"https:\/\/wilsonsantosmt.com.br\/?p=1805"},"modified":"2025-08-21T16:11:55","modified_gmt":"2025-08-21T20:11:55","slug":"wilson-santos-confirma-comissao-especial-para-avaliar-os-servicos-prestados-pela-energisa","status":"publish","type":"post","link":"https:\/\/wilsonsantosmt.com.br\/index.php\/2025\/08\/20\/wilson-santos-confirma-comissao-especial-para-avaliar-os-servicos-prestados-pela-energisa\/","title":{"rendered":"Wilson Santos confirma comiss\u00e3o especial para avaliar os servi\u00e7os prestados pela Energisa"},"content":{"rendered":"\n<p><\/p>\n\n\n\n<p>Ap\u00f3s ter solicitado a forma\u00e7\u00e3o de uma comiss\u00e3o especial na Assembleia Legislativa para tratar sobre a renova\u00e7\u00e3o ou n\u00e3o da concess\u00e3o ou reestatizar para a distribui\u00e7\u00e3o de energia em Mato Grosso, o deputado estadual Wilson Santos (PSD) confirmou nesta quarta-feira (20), que o pedido foi autorizado pelo presidente da Casa de Leis, deputado estadual Max Russi (PSB). Com a decis\u00e3o, ser\u00e1 acompanhada e avaliada a atua\u00e7\u00e3o da concession\u00e1ria Energisa junto \u00e0 Ag\u00eancia Nacional de Energia El\u00e9trica (Aneel) \u2013 nestes \u00faltimos 28 anos \u2013 com a participa\u00e7\u00e3o ativa da sociedade e \u00f3rg\u00e3os p\u00fablicos.<\/p>\n\n\n\n<p>O parlamentar adiantou que algumas cl\u00e1usulas n\u00e3o foram cumpridas pelo grupo Rede e a Energisa como a implanta\u00e7\u00e3o de energia trif\u00e1sica, usada em ind\u00fastrias e com\u00e9rcios com aparelhos de alta pot\u00eancia, para todos os munic\u00edpios de Mato Grosso. Tamb\u00e9m, ele relata que h\u00e1 munic\u00edpios do interior que n\u00e3o contam com uma ag\u00eancia f\u00edsica para o atendimento p\u00fablico.<\/p>\n\n\n\n<p>\u201cMuito boa a postura do nosso chefe do poder legislativo, Max Russi, em autorizar essa comiss\u00e3o especial. Estamos \u00e0s v\u00e9speras da Aneel autorizar mais 30 anos para a Energisa em Mato Grosso. Mas, n\u00e3o podemos deixar essa autarquia federal autorizar, como fez em Mato Grosso do Sul, de forma silenciosa e discreta. &nbsp;N\u00e3o permitiremos que essa concess\u00e3o seja feita nas escuras e na calada da noite. N\u00e3o sou contra a renova\u00e7\u00e3o. Mas, a Energisa precisa se adequar e cumprir as cl\u00e1usulas do contrato vigente para ter credibilidade para pleitear mais 30 anos de concess\u00e3o\u201d, posicionou Wilson Santos.<\/p>\n\n\n\n<p>Al\u00e9m de Max e Wilson, tamb\u00e9m v\u00e3o integrar a comiss\u00e3o especial os deputados estaduais Chico Guarnieri (PRD), Faissal Calil (Cidadania), Elizeu Nascimento (PL), J\u00falio Campos e Eduardo Botelho \u2013 ambos do Uni\u00e3o Brasil.<\/p>\n\n\n\n<p>Energisa em Mato Grosso &#8211;&nbsp; A concess\u00e3o tem validade at\u00e9 11 de dezembro de 2027. A Aneel aprovou um termo que possibilita a renova\u00e7\u00e3o dos contratos de distribui\u00e7\u00e3o por mais 30 anos, abrangendo 19 empresas cujos contratos vencem entre 2025 e 2031.<\/p>\n","protected":false},"excerpt":{"rendered":"<p>Ap\u00f3s ter solicitado a forma\u00e7\u00e3o de uma comiss\u00e3o especial na Assembleia Legislativa para tratar sobre a renova\u00e7\u00e3o ou n\u00e3o da concess\u00e3o ou reestatizar para a distribui\u00e7\u00e3o de energia em Mato Grosso, o deputado estadual Wilson Santos (PSD) confirmou nesta quarta-feira (20), que o pedido foi autorizado pelo presidente da Casa de Leis, deputado estadual Max [&hellip;]<\/p>\n","protected":false},"author":4,"featured_media":1802,"comment_status":"closed","ping_status":"open","sticky":false,"template":"","format":"standard","meta":{"footnotes":""},"categories":[13],"tags":[],"yoast_head":"<!-- This site is optimized with the Yoast SEO Premium plugin v21.5 (Yoast SEO v21.4) - https:\/\/yoast.com\/wordpress\/plugins\/seo\/ -->\n<title>Wilson Santos confirma comiss\u00e3o especial para avaliar os servi\u00e7os prestados pela Energisa - wilsonsantosmt.com.br<\/title>\n<meta name=\"robots\" content=\"index, follow, max-snippet:-1, max-image-preview:large, max-video-preview:-1\" \/>\n<link rel=\"canonical\" href=\"https:\/\/wilsonsantosmt.com.br\/index.php\/2025\/08\/20\/wilson-santos-confirma-comissao-especial-para-avaliar-os-servicos-prestados-pela-energisa\/\" \/>\n<meta property=\"og:locale\" content=\"pt_BR\" \/>\n<meta property=\"og:type\" content=\"article\" \/>\n<meta property=\"og:title\" content=\"Wilson Santos confirma comiss\u00e3o especial para avaliar os servi\u00e7os prestados pela Energisa\" \/>\n<meta property=\"og:description\" content=\"Ap\u00f3s ter solicitado a forma\u00e7\u00e3o de uma comiss\u00e3o especial na Assembleia Legislativa para tratar sobre a renova\u00e7\u00e3o ou n\u00e3o da concess\u00e3o ou reestatizar para a distribui\u00e7\u00e3o de energia em Mato Grosso, o deputado estadual Wilson Santos (PSD) confirmou nesta quarta-feira (20), que o pedido foi autorizado pelo presidente da Casa de Leis, deputado estadual Max [&hellip;]\" \/>\n<meta property=\"og:url\" content=\"https:\/\/wilsonsantosmt.com.br\/index.php\/2025\/08\/20\/wilson-santos-confirma-comissao-especial-para-avaliar-os-servicos-prestados-pela-energisa\/\" \/>\n<meta property=\"og:site_name\" content=\"wilsonsantosmt.com.br\" \/>\n<meta property=\"article:publisher\" content=\"https:\/\/www.facebook.com\/WilsonSantosMT\/\" \/>\n<meta property=\"article:published_time\" content=\"2025-08-20T20:11:00+00:00\" \/>\n<meta property=\"article:modified_time\" content=\"2025-08-21T20:11:55+00:00\" \/>\n<meta property=\"og:image\" content=\"http:\/\/wilsonsantosmt.com.br\/wp-content\/uploads\/2025\/08\/302638a3397999c56d20c18a6f13524968a3dc8f1ddb9-scaled.jpg\" \/>\n\t<meta property=\"og:image:width\" content=\"2560\" \/>\n\t<meta property=\"og:image:height\" content=\"1707\" \/>\n\t<meta property=\"og:image:type\" content=\"image\/jpeg\" \/>\n<meta name=\"author\" content=\"Samantha dos Anjos\" \/>\n<meta name=\"twitter:card\" content=\"summary_large_image\" \/>\n<meta name=\"twitter:label1\" content=\"Escrito por\" \/>\n\t<meta name=\"twitter:data1\" content=\"Samantha dos Anjos\" \/>\n\t<meta name=\"twitter:label2\" content=\"Est. tempo de leitura\" \/>\n\t<meta name=\"twitter:data2\" content=\"2 minutos\" \/>\n<script type=\"application\/ld+json\" class=\"yoast-schema-graph\">{\"@context\":\"https:\/\/schema.org\",\"@graph\":[{\"@type\":\"Article\",\"@id\":\"https:\/\/wilsonsantosmt.com.br\/index.php\/2025\/08\/20\/wilson-santos-confirma-comissao-especial-para-avaliar-os-servicos-prestados-pela-energisa\/#article\",\"isPartOf\":{\"@id\":\"https:\/\/wilsonsantosmt.com.br\/index.php\/2025\/08\/20\/wilson-santos-confirma-comissao-especial-para-avaliar-os-servicos-prestados-pela-energisa\/\"},\"author\":{\"name\":\"Samantha dos Anjos\",\"@id\":\"https:\/\/wilsonsantosmt.com.br\/#\/schema\/person\/1d097ee45f526dd0455dbad8c679932c\"},\"headline\":\"Wilson Santos confirma comiss\u00e3o especial para avaliar os servi\u00e7os prestados pela Energisa\",\"datePublished\":\"2025-08-20T20:11:00+00:00\",\"dateModified\":\"2025-08-21T20:11:55+00:00\",\"mainEntityOfPage\":{\"@id\":\"https:\/\/wilsonsantosmt.com.br\/index.php\/2025\/08\/20\/wilson-santos-confirma-comissao-especial-para-avaliar-os-servicos-prestados-pela-energisa\/\"},\"wordCount\":370,\"publisher\":{\"@id\":\"https:\/\/wilsonsantosmt.com.br\/#\/schema\/person\/9de3c54961637a9eadb16bcbf895b1ef\"},\"articleSection\":[\"Not\u00edcias\"],\"inLanguage\":\"pt-BR\"},{\"@type\":\"WebPage\",\"@id\":\"https:\/\/wilsonsantosmt.com.br\/index.php\/2025\/08\/20\/wilson-santos-confirma-comissao-especial-para-avaliar-os-servicos-prestados-pela-energisa\/\",\"url\":\"https:\/\/wilsonsantosmt.com.br\/index.php\/2025\/08\/20\/wilson-santos-confirma-comissao-especial-para-avaliar-os-servicos-prestados-pela-energisa\/\",\"name\":\"Wilson Santos confirma comiss\u00e3o especial para avaliar os servi\u00e7os prestados pela Energisa - wilsonsantosmt.com.br\",\"isPartOf\":{\"@id\":\"https:\/\/wilsonsantosmt.com.br\/#website\"},\"datePublished\":\"2025-08-20T20:11:00+00:00\",\"dateModified\":\"2025-08-21T20:11:55+00:00\",\"breadcrumb\":{\"@id\":\"https:\/\/wilsonsantosmt.com.br\/index.php\/2025\/08\/20\/wilson-santos-confirma-comissao-especial-para-avaliar-os-servicos-prestados-pela-energisa\/#breadcrumb\"},\"inLanguage\":\"pt-BR\",\"potentialAction\":[{\"@type\":\"ReadAction\",\"target\":[\"https:\/\/wilsonsantosmt.com.br\/index.php\/2025\/08\/20\/wilson-santos-confirma-comissao-especial-para-avaliar-os-servicos-prestados-pela-energisa\/\"]}]},{\"@type\":\"BreadcrumbList\",\"@id\":\"https:\/\/wilsonsantosmt.com.br\/index.php\/2025\/08\/20\/wilson-santos-confirma-comissao-especial-para-avaliar-os-servicos-prestados-pela-energisa\/#breadcrumb\",\"itemListElement\":[{\"@type\":\"ListItem\",\"position\":1,\"name\":\"In\u00edcio\",\"item\":\"https:\/\/wilsonsantosmt.com.br\/\"},{\"@type\":\"ListItem\",\"position\":2,\"name\":\"Not\u00edcias\",\"item\":\"https:\/\/wilsonsantosmt.com.br\/index.php\/category\/noticias\/\"},{\"@type\":\"ListItem\",\"position\":3,\"name\":\"Wilson Santos confirma comiss\u00e3o especial para avaliar os servi\u00e7os prestados pela Energisa\"}]},{\"@type\":\"WebSite\",\"@id\":\"https:\/\/wilsonsantosmt.com.br\/#website\",\"url\":\"https:\/\/wilsonsantosmt.com.br\/\",\"name\":\"wilsonsantosmt.com.br\",\"description\":\"\",\"publisher\":{\"@id\":\"https:\/\/wilsonsantosmt.com.br\/#\/schema\/person\/9de3c54961637a9eadb16bcbf895b1ef\"},\"potentialAction\":[{\"@type\":\"SearchAction\",\"target\":{\"@type\":\"EntryPoint\",\"urlTemplate\":\"https:\/\/wilsonsantosmt.com.br\/?s={search_term_string}\"},\"query-input\":\"required name=search_term_string\"}],\"inLanguage\":\"pt-BR\"},{\"@type\":[\"Person\",\"Organization\"],\"@id\":\"https:\/\/wilsonsantosmt.com.br\/#\/schema\/person\/9de3c54961637a9eadb16bcbf895b1ef\",\"name\":\"Wilson Santos\",\"image\":{\"@type\":\"ImageObject\",\"inLanguage\":\"pt-BR\",\"@id\":\"https:\/\/wilsonsantosmt.com.br\/#\/schema\/person\/image\/\",\"url\":\"https:\/\/wilsonsantosmt.com.br\/wp-content\/uploads\/2023\/11\/310828673_653254583023360_8795459643194608438_n.jpg\",\"contentUrl\":\"https:\/\/wilsonsantosmt.com.br\/wp-content\/uploads\/2023\/11\/310828673_653254583023360_8795459643194608438_n.jpg\",\"width\":1078,\"height\":1079,\"caption\":\"Wilson Santos\"},\"logo\":{\"@id\":\"https:\/\/wilsonsantosmt.com.br\/#\/schema\/person\/image\/\"},\"sameAs\":[\"http:\/\/wilsonsantosmt.com.br\",\"https:\/\/www.facebook.com\/WilsonSantosMT\/\",\"https:\/\/www.instagram.com\/wilsonsantosmt\/\",\"https:\/\/www.youtube.com\/@WilsonSantosWS\/videos\",\"https:\/\/pt.wikipedia.org\/wiki\/Wilson_Santos\"],\"honorificPrefix\":\"Sr\",\"gender\":\"masculino\",\"jobTitle\":\"Deputado Estadual\",\"worksFor\":\"Assembleia Legislativa de Mato Grosso\"},{\"@type\":\"Person\",\"@id\":\"https:\/\/wilsonsantosmt.com.br\/#\/schema\/person\/1d097ee45f526dd0455dbad8c679932c\",\"name\":\"Samantha dos Anjos\",\"image\":{\"@type\":\"ImageObject\",\"inLanguage\":\"pt-BR\",\"@id\":\"https:\/\/wilsonsantosmt.com.br\/#\/schema\/person\/image\/\",\"url\":\"https:\/\/secure.gravatar.com\/avatar\/7d8d0b6dd67d134a9fa841bee90c57c7?s=96&d=mm&r=g\",\"contentUrl\":\"https:\/\/secure.gravatar.com\/avatar\/7d8d0b6dd67d134a9fa841bee90c57c7?s=96&d=mm&r=g\",\"caption\":\"Samantha dos Anjos\"},\"url\":\"https:\/\/wilsonsantosmt.com.br\/index.php\/author\/samantha-dos-anjos\/\"}]}<\/script>\n<!-- \/ Yoast SEO Premium plugin. -->","yoast_head_json":{"title":"Wilson Santos confirma comiss\u00e3o especial para avaliar os servi\u00e7os prestados pela Energisa - wilsonsantosmt.com.br","robots":{"index":"index","follow":"follow","max-snippet":"max-snippet:-1","max-image-preview":"max-image-preview:large","max-video-preview":"max-video-preview:-1"},"canonical":"https:\/\/wilsonsantosmt.com.br\/index.php\/2025\/08\/20\/wilson-santos-confirma-comissao-especial-para-avaliar-os-servicos-prestados-pela-energisa\/","og_locale":"pt_BR","og_type":"article","og_title":"Wilson Santos confirma comiss\u00e3o especial para avaliar os servi\u00e7os prestados pela Energisa","og_description":"Ap\u00f3s ter solicitado a forma\u00e7\u00e3o de uma comiss\u00e3o especial na Assembleia Legislativa para tratar sobre a renova\u00e7\u00e3o ou n\u00e3o da concess\u00e3o ou reestatizar para a distribui\u00e7\u00e3o de energia em Mato Grosso, o deputado estadual Wilson Santos (PSD) confirmou nesta quarta-feira (20), que o pedido foi autorizado pelo presidente da Casa de Leis, deputado estadual Max [&hellip;]","og_url":"https:\/\/wilsonsantosmt.com.br\/index.php\/2025\/08\/20\/wilson-santos-confirma-comissao-especial-para-avaliar-os-servicos-prestados-pela-energisa\/","og_site_name":"wilsonsantosmt.com.br","article_publisher":"https:\/\/www.facebook.com\/WilsonSantosMT\/","article_published_time":"2025-08-20T20:11:00+00:00","article_modified_time":"2025-08-21T20:11:55+00:00","og_image":[{"width":2560,"height":1707,"url":"http:\/\/wilsonsantosmt.com.br\/wp-content\/uploads\/2025\/08\/302638a3397999c56d20c18a6f13524968a3dc8f1ddb9-scaled.jpg","type":"image\/jpeg"}],"author":"Samantha dos Anjos","twitter_card":"summary_large_image","twitter_misc":{"Escrito por":"Samantha dos Anjos","Est. tempo de leitura":"2 minutos"},"schema":{"@context":"https:\/\/schema.org","@graph":[{"@type":"Article","@id":"https:\/\/wilsonsantosmt.com.br\/index.php\/2025\/08\/20\/wilson-santos-confirma-comissao-especial-para-avaliar-os-servicos-prestados-pela-energisa\/#article","isPartOf":{"@id":"https:\/\/wilsonsantosmt.com.br\/index.php\/2025\/08\/20\/wilson-santos-confirma-comissao-especial-para-avaliar-os-servicos-prestados-pela-energisa\/"},"author":{"name":"Samantha dos Anjos","@id":"https:\/\/wilsonsantosmt.com.br\/#\/schema\/person\/1d097ee45f526dd0455dbad8c679932c"},"headline":"Wilson Santos confirma comiss\u00e3o especial para avaliar os servi\u00e7os prestados pela Energisa","datePublished":"2025-08-20T20:11:00+00:00","dateModified":"2025-08-21T20:11:55+00:00","mainEntityOfPage":{"@id":"https:\/\/wilsonsantosmt.com.br\/index.php\/2025\/08\/20\/wilson-santos-confirma-comissao-especial-para-avaliar-os-servicos-prestados-pela-energisa\/"},"wordCount":370,"publisher":{"@id":"https:\/\/wilsonsantosmt.com.br\/#\/schema\/person\/9de3c54961637a9eadb16bcbf895b1ef"},"articleSection":["Not\u00edcias"],"inLanguage":"pt-BR"},{"@type":"WebPage","@id":"https:\/\/wilsonsantosmt.com.br\/index.php\/2025\/08\/20\/wilson-santos-confirma-comissao-especial-para-avaliar-os-servicos-prestados-pela-energisa\/","url":"https:\/\/wilsonsantosmt.com.br\/index.php\/2025\/08\/20\/wilson-santos-confirma-comissao-especial-para-avaliar-os-servicos-prestados-pela-energisa\/","name":"Wilson Santos confirma comiss\u00e3o especial para avaliar os servi\u00e7os prestados pela Energisa - wilsonsantosmt.com.br","isPartOf":{"@id":"https:\/\/wilsonsantosmt.com.br\/#website"},"datePublished":"2025-08-20T20:11:00+00:00","dateModified":"2025-08-21T20:11:55+00:00","breadcrumb":{"@id":"https:\/\/wilsonsantosmt.com.br\/index.php\/2025\/08\/20\/wilson-santos-confirma-comissao-especial-para-avaliar-os-servicos-prestados-pela-energisa\/#breadcrumb"},"inLanguage":"pt-BR","potentialAction":[{"@type":"ReadAction","target":["https:\/\/wilsonsantosmt.com.br\/index.php\/2025\/08\/20\/wilson-santos-confirma-comissao-especial-para-avaliar-os-servicos-prestados-pela-energisa\/"]}]},{"@type":"BreadcrumbList","@id":"https:\/\/wilsonsantosmt.com.br\/index.php\/2025\/08\/20\/wilson-santos-confirma-comissao-especial-para-avaliar-os-servicos-prestados-pela-energisa\/#breadcrumb","itemListElement":[{"@type":"ListItem","position":1,"name":"In\u00edcio","item":"https:\/\/wilsonsantosmt.com.br\/"},{"@type":"ListItem","position":2,"name":"Not\u00edcias","item":"https:\/\/wilsonsantosmt.com.br\/index.php\/category\/noticias\/"},{"@type":"ListItem","position":3,"name":"Wilson Santos confirma comiss\u00e3o especial para avaliar os servi\u00e7os prestados pela Energisa"}]},{"@type":"WebSite","@id":"https:\/\/wilsonsantosmt.com.br\/#website","url":"https:\/\/wilsonsantosmt.com.br\/","name":"wilsonsantosmt.com.br","description":"","publisher":{"@id":"https:\/\/wilsonsantosmt.com.br\/#\/schema\/person\/9de3c54961637a9eadb16bcbf895b1ef"},"potentialAction":[{"@type":"SearchAction","target":{"@type":"EntryPoint","urlTemplate":"https:\/\/wilsonsantosmt.com.br\/?s={search_term_string}"},"query-input":"required name=search_term_string"}],"inLanguage":"pt-BR"},{"@type":["Person","Organization"],"@id":"https:\/\/wilsonsantosmt.com.br\/#\/schema\/person\/9de3c54961637a9eadb16bcbf895b1ef","name":"Wilson Santos","image":{"@type":"ImageObject","inLanguage":"pt-BR","@id":"https:\/\/wilsonsantosmt.com.br\/#\/schema\/person\/image\/","url":"https:\/\/wilsonsantosmt.com.br\/wp-content\/uploads\/2023\/11\/310828673_653254583023360_8795459643194608438_n.jpg","contentUrl":"https:\/\/wilsonsantosmt.com.br\/wp-content\/uploads\/2023\/11\/310828673_653254583023360_8795459643194608438_n.jpg","width":1078,"height":1079,"caption":"Wilson Santos"},"logo":{"@id":"https:\/\/wilsonsantosmt.com.br\/#\/schema\/person\/image\/"},"sameAs":["http:\/\/wilsonsantosmt.com.br","https:\/\/www.facebook.com\/WilsonSantosMT\/","https:\/\/www.instagram.com\/wilsonsantosmt\/","https:\/\/www.youtube.com\/@WilsonSantosWS\/videos","https:\/\/pt.wikipedia.org\/wiki\/Wilson_Santos"],"honorificPrefix":"Sr","gender":"masculino","jobTitle":"Deputado Estadual","worksFor":"Assembleia Legislativa de Mato Grosso"},{"@type":"Person","@id":"https:\/\/wilsonsantosmt.com.br\/#\/schema\/person\/1d097ee45f526dd0455dbad8c679932c","name":"Samantha dos Anjos","image":{"@type":"ImageObject","inLanguage":"pt-BR","@id":"https:\/\/wilsonsantosmt.com.br\/#\/schema\/person\/image\/","url":"https:\/\/secure.gravatar.com\/avatar\/7d8d0b6dd67d134a9fa841bee90c57c7?s=96&d=mm&r=g","contentUrl":"https:\/\/secure.gravatar.com\/avatar\/7d8d0b6dd67d134a9fa841bee90c57c7?s=96&d=mm&r=g","caption":"Samantha dos Anjos"},"url":"https:\/\/wilsonsantosmt.com.br\/index.php\/author\/samantha-dos-anjos\/"}]}},"_links":{"self":[{"href":"https:\/\/wilsonsantosmt.com.br\/index.php\/wp-json\/wp\/v2\/posts\/1805"}],"collection":[{"href":"https:\/\/wilsonsantosmt.com.br\/index.php\/wp-json\/wp\/v2\/posts"}],"about":[{"href":"https:\/\/wilsonsantosmt.com.br\/index.php\/wp-json\/wp\/v2\/types\/post"}],"author":[{"embeddable":true,"href":"https:\/\/wilsonsantosmt.com.br\/index.php\/wp-json\/wp\/v2\/users\/4"}],"replies":[{"embeddable":true,"href":"https:\/\/wilsonsantosmt.com.br\/index.php\/wp-json\/wp\/v2\/comments?post=1805"}],"version-history":[{"count":1,"href":"https:\/\/wilsonsantosmt.com.br\/index.php\/wp-json\/wp\/v2\/posts\/1805\/revisions"}],"predecessor-version":[{"id":1806,"href":"https:\/\/wilsonsantosmt.com.br\/index.php\/wp-json\/wp\/v2\/posts\/1805\/revisions\/1806"}],"wp:featuredmedia":[{"embeddable":true,"href":"https:\/\/wilsonsantosmt.com.br\/index.php\/wp-json\/wp\/v2\/media\/1802"}],"wp:attachment":[{"href":"https:\/\/wilsonsantosmt.com.br\/index.php\/wp-json\/wp\/v2\/media?parent=1805"}],"wp:term":[{"taxonomy":"category","embeddable":true,"href":"https:\/\/wilsonsantosmt.com.br\/index.php\/wp-json\/wp\/v2\/categories?post=1805"},{"taxonomy":"post_tag","embeddable":true,"href":"https:\/\/wilsonsantosmt.com.br\/index.php\/wp-json\/wp\/v2\/tags?post=1805"}],"curies":[{"name":"wp","href":"https:\/\/api.w.org\/{rel}","templated":true}]}}