{"id":1807,"date":"2025-08-20T09:12:00","date_gmt":"2025-08-20T13:12:00","guid":{"rendered":"https:\/\/wilsonsantosmt.com.br\/?p=1807"},"modified":"2025-08-21T16:15:17","modified_gmt":"2025-08-21T20:15:17","slug":"wilson-santos-articula-parceria-com-a-caixa-para-ampliar-credito-aos-pescadores-de-mt","status":"publish","type":"post","link":"https:\/\/wilsonsantosmt.com.br\/index.php\/2025\/08\/20\/wilson-santos-articula-parceria-com-a-caixa-para-ampliar-credito-aos-pescadores-de-mt\/","title":{"rendered":"Wilson Santos articula parceria com a Caixa para ampliar cr\u00e9dito aos pescadores de MT"},"content":{"rendered":"\n<p><\/p>\n\n\n\n<p>Os superintendentes de Governo e de Rede da Caixa Econ\u00f4mica Federal (CEF) de Mato Grosso, Rudinei Marcelo Pletsch e Jo\u00e3o Henrique Cruz, receberam o deputado estadual Wilson Santos (PSD) na sede da institui\u00e7\u00e3o financeira, nesta ter\u00e7a-feira (19), em Cuiab\u00e1, para tratar sobre o Pronaf B &#8211; uma linha de cr\u00e9dito do Programa Nacional de Fortalecimento da Agricultura Familiar (Pronaf). Este benef\u00edcio contempla os pescadores artesanais com condi\u00e7\u00f5es especiais, taxas de juros baixas e isen\u00e7\u00e3o de tarifas com microcr\u00e9dito no valor de R$ 12 mil a R$ 15 mil.<\/p>\n\n\n\n<p>O encontro alinhou e estabeleceu uma estrat\u00e9gia para mobilizar as 22 col\u00f4nias \u2013 que equivale cerca de 15 mil pescadores profissionais &#8211; existentes em Mato Grosso para tomarem conhecimento e fazerem ades\u00e3o da linha de cr\u00e9dito.&nbsp; \u201cAgrade\u00e7o a ponte com o deputado Wilson. Estamos no processo de alavancar o Pronaf tipo B no estado Mato Grosso. A Caixa vai entrar nos fundos constitucionais FNO (Norte) e FCO (Centro-Oeste) que s\u00e3o instrumentos financeiros para promover o desenvolvimento econ\u00f4mico e social. A gente iniciou um trabalho h\u00e1 90 dias, quando fomos instalar e iniciar o trabalho de base em C\u00e1ceres, Pocon\u00e9 e Bar\u00e3o de Melga\u00e7o\u201d, explica Cruz.<\/p>\n\n\n\n<p>O superintendente de Rede explica que o pescador profissional vai precisar apenas do Cadastro Nacional da Agricultura Familiar (CAF), n\u00e3o sendo necess\u00e1rios outros documentos, como por exemplo, o Cadastro Ambiental Rural (CAR) ou a Autoriza\u00e7\u00e3o Provis\u00f3ria de Funcionamento (APF). Ele conta que j\u00e1 foram liberados cerca de R$ 150 milh\u00f5es, nos tr\u00eas meses de atua\u00e7\u00e3o, em Mato Grosso. \u201cFizemos a nossa primeira parceria com a col\u00f4nia Z-2 de C\u00e1ceres que emite a CAF. Neste in\u00edcio, foram identificados apenas 900 CAFs emitidas no estado. Agora, foi para 29 mil cadastros. J\u00e1 estamos chegando a cerca de R$ 1 milh\u00e3o liberados com cerca de 100 pessoas beneficiadas\u201d, relata.<\/p>\n\n\n\n<p>Para que a linha de microcr\u00e9dito chegue at\u00e9 \u00e0s col\u00f4nias de pesca, Jo\u00e3o sugeriu a realiza\u00e7\u00e3o de mutir\u00f5es. Logo, Nilma Silva Santos da Associa\u00e7\u00e3o do Segmento da Pesca (ASP) ressaltou os impasses enfrentados pela categoria com a Lei da Pesca, que ficou conhecida em Mato Grosso como Lei do Transporte Zero \u2013 em vigor desde janeiro de 2024 que pro\u00edbe a pesca, o transporte e comercializa\u00e7\u00e3o de 12 esp\u00e9cies de peixes dos rios mato-grossenses pelos pr\u00f3ximos cinco anos.<\/p>\n\n\n\n<p>\u201cPodemos reunir e reorganizar os pescadores. O problema \u00e9 que devido a Lei da Pesca, trouxe a mis\u00e9ria para o segmento da pesca, muitos pais de fam\u00edlia com um alto \u00edndice de inadimpl\u00eancia. N\u00f3s ter\u00edamos que encontrar um caminho. Exterminaram a cultura de um povo. Fizemos 18 audi\u00eancias p\u00fablicas no estado, para garantir o sustento destas fam\u00edlias. Lutamos por dois anos. Os pescadores est\u00e3o sendo desacreditados. O incentivo da Caixa \u00e9 extraordin\u00e1rio e ressalvo que s\u00e3o mais de 100 mil fam\u00edlias que vivem direta e indiretamente. Uma cadeia gigantesca\u201d, posicionou Nilma.<\/p>\n\n\n\n<p>Diante do cen\u00e1rio da pesca em Mato Grosso, o superintendente Jo\u00e3o sugeriu a aplica\u00e7\u00e3o do Programa Desenrola da CEF que \u00e9 uma iniciativa do governo federal para auxiliar na renegocia\u00e7\u00e3o de d\u00edvidas de pessoas f\u00edsicas com bancos e outras institui\u00e7\u00f5es financeiras, em que permite que os devedores quitem ou renegociem suas d\u00edvidas, facilitando a retomada do acesso ao cr\u00e9dito. \u201cAcredito que esse dever\u00e1 ser o nosso primeiro passo com os pescadores, para que assim, eles possam conquistar o microcr\u00e9dito da Caixa. Avalio que dos 15 mil pescadores profissionais regularizados, 70% devem estar com problemas financeiros. Se este programa limpar o nome, j\u00e1 ser\u00e1 poss\u00edvel atender a todos\u201d, disse Wilson Santos.<\/p>\n\n\n\n<p>No final da reuni\u00e3o, Wilson e Nilma sugeriram iniciar um plano de mutir\u00e3o e mobilizar os pescadores das 22 col\u00f4nias existentes para tratar da linha de microcr\u00e9dito, reunindo de forma online com os integrantes da Caixa, pois diante da dist\u00e2ncia com Cuiab\u00e1 \u2013 muitos ficam impossibilitados de se deslocarem at\u00e9 a capital \u2013 principalmente os que est\u00e3o mais de mil quil\u00f4metros de dist\u00e2ncia. Logo que entrar em contato com a categoria, v\u00e3o informar os superintendentes para definir a data da reuni\u00e3o virtual. &nbsp;<\/p>\n\n\n\n<p>\u201cUm encontro bastante significativo e parceria importante com a Caixa para contribuir com a categoria da pesca. Tratamos sobre linhas de financiamento e empr\u00e9stimos para pescadores. Este benef\u00edcio vai ter juros de apenas 0,5% ao ano. E se pagar em dia, com 11 meses de car\u00eancia, ainda tem um b\u00f4nus de adimpl\u00eancia de at\u00e9 25% sobre o valor contratado, sem cobran\u00e7a de TAC (Tarifa de Abertura de Cr\u00e9dito) e IOF (Imposto sobre Opera\u00e7\u00f5es Financeiras). A categoria merece. E vamos juntos, buscar meios para proporcionar dignidade aos nossos amigos pescadores\u201d, concluiu o deputado. &nbsp;<\/p>\n","protected":false},"excerpt":{"rendered":"<p>Os superintendentes de Governo e de Rede da Caixa Econ\u00f4mica Federal (CEF) de Mato Grosso, Rudinei Marcelo Pletsch e Jo\u00e3o Henrique Cruz, receberam o deputado estadual Wilson Santos (PSD) na sede da institui\u00e7\u00e3o financeira, nesta ter\u00e7a-feira (19), em Cuiab\u00e1, para tratar sobre o Pronaf B &#8211; uma linha de cr\u00e9dito do Programa Nacional de Fortalecimento [&hellip;]<\/p>\n","protected":false},"author":4,"featured_media":1808,"comment_status":"closed","ping_status":"open","sticky":false,"template":"","format":"standard","meta":{"footnotes":""},"categories":[13],"tags":[],"yoast_head":"<!-- This site is optimized with the Yoast SEO Premium plugin v21.5 (Yoast SEO v21.4) - https:\/\/yoast.com\/wordpress\/plugins\/seo\/ -->\n<title>Wilson Santos articula parceria com a Caixa para ampliar cr\u00e9dito aos pescadores de MT - wilsonsantosmt.com.br<\/title>\n<meta name=\"robots\" content=\"index, follow, max-snippet:-1, max-image-preview:large, max-video-preview:-1\" \/>\n<link rel=\"canonical\" href=\"https:\/\/wilsonsantosmt.com.br\/index.php\/2025\/08\/20\/wilson-santos-articula-parceria-com-a-caixa-para-ampliar-credito-aos-pescadores-de-mt\/\" \/>\n<meta property=\"og:locale\" content=\"pt_BR\" \/>\n<meta property=\"og:type\" content=\"article\" \/>\n<meta property=\"og:title\" content=\"Wilson Santos articula parceria com a Caixa para ampliar cr\u00e9dito aos pescadores de MT\" \/>\n<meta property=\"og:description\" content=\"Os superintendentes de Governo e de Rede da Caixa Econ\u00f4mica Federal (CEF) de Mato Grosso, Rudinei Marcelo Pletsch e Jo\u00e3o Henrique Cruz, receberam o deputado estadual Wilson Santos (PSD) na sede da institui\u00e7\u00e3o financeira, nesta ter\u00e7a-feira (19), em Cuiab\u00e1, para tratar sobre o Pronaf B &#8211; uma linha de cr\u00e9dito do Programa Nacional de Fortalecimento [&hellip;]\" \/>\n<meta property=\"og:url\" content=\"https:\/\/wilsonsantosmt.com.br\/index.php\/2025\/08\/20\/wilson-santos-articula-parceria-com-a-caixa-para-ampliar-credito-aos-pescadores-de-mt\/\" \/>\n<meta property=\"og:site_name\" content=\"wilsonsantosmt.com.br\" \/>\n<meta property=\"article:publisher\" content=\"https:\/\/www.facebook.com\/WilsonSantosMT\/\" \/>\n<meta property=\"article:published_time\" content=\"2025-08-20T13:12:00+00:00\" \/>\n<meta property=\"article:modified_time\" content=\"2025-08-21T20:15:17+00:00\" \/>\n<meta property=\"og:image\" content=\"http:\/\/wilsonsantosmt.com.br\/wp-content\/uploads\/2025\/08\/4981119847052193987.jpg\" \/>\n\t<meta property=\"og:image:width\" content=\"1280\" \/>\n\t<meta property=\"og:image:height\" content=\"720\" \/>\n\t<meta property=\"og:image:type\" content=\"image\/jpeg\" \/>\n<meta name=\"author\" content=\"Samantha dos Anjos\" \/>\n<meta name=\"twitter:card\" content=\"summary_large_image\" \/>\n<meta name=\"twitter:label1\" content=\"Escrito por\" \/>\n\t<meta name=\"twitter:data1\" content=\"Samantha dos Anjos\" \/>\n\t<meta name=\"twitter:label2\" content=\"Est. tempo de leitura\" \/>\n\t<meta name=\"twitter:data2\" content=\"5 minutos\" \/>\n<script type=\"application\/ld+json\" class=\"yoast-schema-graph\">{\"@context\":\"https:\/\/schema.org\",\"@graph\":[{\"@type\":\"Article\",\"@id\":\"https:\/\/wilsonsantosmt.com.br\/index.php\/2025\/08\/20\/wilson-santos-articula-parceria-com-a-caixa-para-ampliar-credito-aos-pescadores-de-mt\/#article\",\"isPartOf\":{\"@id\":\"https:\/\/wilsonsantosmt.com.br\/index.php\/2025\/08\/20\/wilson-santos-articula-parceria-com-a-caixa-para-ampliar-credito-aos-pescadores-de-mt\/\"},\"author\":{\"name\":\"Samantha dos Anjos\",\"@id\":\"https:\/\/wilsonsantosmt.com.br\/#\/schema\/person\/1d097ee45f526dd0455dbad8c679932c\"},\"headline\":\"Wilson Santos articula parceria com a Caixa para ampliar cr\u00e9dito aos pescadores de MT\",\"datePublished\":\"2025-08-20T13:12:00+00:00\",\"dateModified\":\"2025-08-21T20:15:17+00:00\",\"mainEntityOfPage\":{\"@id\":\"https:\/\/wilsonsantosmt.com.br\/index.php\/2025\/08\/20\/wilson-santos-articula-parceria-com-a-caixa-para-ampliar-credito-aos-pescadores-de-mt\/\"},\"wordCount\":823,\"publisher\":{\"@id\":\"https:\/\/wilsonsantosmt.com.br\/#\/schema\/person\/9de3c54961637a9eadb16bcbf895b1ef\"},\"articleSection\":[\"Not\u00edcias\"],\"inLanguage\":\"pt-BR\"},{\"@type\":\"WebPage\",\"@id\":\"https:\/\/wilsonsantosmt.com.br\/index.php\/2025\/08\/20\/wilson-santos-articula-parceria-com-a-caixa-para-ampliar-credito-aos-pescadores-de-mt\/\",\"url\":\"https:\/\/wilsonsantosmt.com.br\/index.php\/2025\/08\/20\/wilson-santos-articula-parceria-com-a-caixa-para-ampliar-credito-aos-pescadores-de-mt\/\",\"name\":\"Wilson Santos articula parceria com a Caixa para ampliar cr\u00e9dito aos pescadores de MT - wilsonsantosmt.com.br\",\"isPartOf\":{\"@id\":\"https:\/\/wilsonsantosmt.com.br\/#website\"},\"datePublished\":\"2025-08-20T13:12:00+00:00\",\"dateModified\":\"2025-08-21T20:15:17+00:00\",\"breadcrumb\":{\"@id\":\"https:\/\/wilsonsantosmt.com.br\/index.php\/2025\/08\/20\/wilson-santos-articula-parceria-com-a-caixa-para-ampliar-credito-aos-pescadores-de-mt\/#breadcrumb\"},\"inLanguage\":\"pt-BR\",\"potentialAction\":[{\"@type\":\"ReadAction\",\"target\":[\"https:\/\/wilsonsantosmt.com.br\/index.php\/2025\/08\/20\/wilson-santos-articula-parceria-com-a-caixa-para-ampliar-credito-aos-pescadores-de-mt\/\"]}]},{\"@type\":\"BreadcrumbList\",\"@id\":\"https:\/\/wilsonsantosmt.com.br\/index.php\/2025\/08\/20\/wilson-santos-articula-parceria-com-a-caixa-para-ampliar-credito-aos-pescadores-de-mt\/#breadcrumb\",\"itemListElement\":[{\"@type\":\"ListItem\",\"position\":1,\"name\":\"In\u00edcio\",\"item\":\"https:\/\/wilsonsantosmt.com.br\/\"},{\"@type\":\"ListItem\",\"position\":2,\"name\":\"Not\u00edcias\",\"item\":\"https:\/\/wilsonsantosmt.com.br\/index.php\/category\/noticias\/\"},{\"@type\":\"ListItem\",\"position\":3,\"name\":\"Wilson Santos articula parceria com a Caixa para ampliar cr\u00e9dito aos pescadores de MT\"}]},{\"@type\":\"WebSite\",\"@id\":\"https:\/\/wilsonsantosmt.com.br\/#website\",\"url\":\"https:\/\/wilsonsantosmt.com.br\/\",\"name\":\"wilsonsantosmt.com.br\",\"description\":\"\",\"publisher\":{\"@id\":\"https:\/\/wilsonsantosmt.com.br\/#\/schema\/person\/9de3c54961637a9eadb16bcbf895b1ef\"},\"potentialAction\":[{\"@type\":\"SearchAction\",\"target\":{\"@type\":\"EntryPoint\",\"urlTemplate\":\"https:\/\/wilsonsantosmt.com.br\/?s={search_term_string}\"},\"query-input\":\"required name=search_term_string\"}],\"inLanguage\":\"pt-BR\"},{\"@type\":[\"Person\",\"Organization\"],\"@id\":\"https:\/\/wilsonsantosmt.com.br\/#\/schema\/person\/9de3c54961637a9eadb16bcbf895b1ef\",\"name\":\"Wilson Santos\",\"image\":{\"@type\":\"ImageObject\",\"inLanguage\":\"pt-BR\",\"@id\":\"https:\/\/wilsonsantosmt.com.br\/#\/schema\/person\/image\/\",\"url\":\"https:\/\/wilsonsantosmt.com.br\/wp-content\/uploads\/2023\/11\/310828673_653254583023360_8795459643194608438_n.jpg\",\"contentUrl\":\"https:\/\/wilsonsantosmt.com.br\/wp-content\/uploads\/2023\/11\/310828673_653254583023360_8795459643194608438_n.jpg\",\"width\":1078,\"height\":1079,\"caption\":\"Wilson Santos\"},\"logo\":{\"@id\":\"https:\/\/wilsonsantosmt.com.br\/#\/schema\/person\/image\/\"},\"sameAs\":[\"http:\/\/wilsonsantosmt.com.br\",\"https:\/\/www.facebook.com\/WilsonSantosMT\/\",\"https:\/\/www.instagram.com\/wilsonsantosmt\/\",\"https:\/\/www.youtube.com\/@WilsonSantosWS\/videos\",\"https:\/\/pt.wikipedia.org\/wiki\/Wilson_Santos\"],\"honorificPrefix\":\"Sr\",\"gender\":\"masculino\",\"jobTitle\":\"Deputado Estadual\",\"worksFor\":\"Assembleia Legislativa de Mato Grosso\"},{\"@type\":\"Person\",\"@id\":\"https:\/\/wilsonsantosmt.com.br\/#\/schema\/person\/1d097ee45f526dd0455dbad8c679932c\",\"name\":\"Samantha dos Anjos\",\"image\":{\"@type\":\"ImageObject\",\"inLanguage\":\"pt-BR\",\"@id\":\"https:\/\/wilsonsantosmt.com.br\/#\/schema\/person\/image\/\",\"url\":\"https:\/\/secure.gravatar.com\/avatar\/7d8d0b6dd67d134a9fa841bee90c57c7?s=96&d=mm&r=g\",\"contentUrl\":\"https:\/\/secure.gravatar.com\/avatar\/7d8d0b6dd67d134a9fa841bee90c57c7?s=96&d=mm&r=g\",\"caption\":\"Samantha dos Anjos\"},\"url\":\"https:\/\/wilsonsantosmt.com.br\/index.php\/author\/samantha-dos-anjos\/\"}]}<\/script>\n<!-- \/ Yoast SEO Premium plugin. -->","yoast_head_json":{"title":"Wilson Santos articula parceria com a Caixa para ampliar cr\u00e9dito aos pescadores de MT - wilsonsantosmt.com.br","robots":{"index":"index","follow":"follow","max-snippet":"max-snippet:-1","max-image-preview":"max-image-preview:large","max-video-preview":"max-video-preview:-1"},"canonical":"https:\/\/wilsonsantosmt.com.br\/index.php\/2025\/08\/20\/wilson-santos-articula-parceria-com-a-caixa-para-ampliar-credito-aos-pescadores-de-mt\/","og_locale":"pt_BR","og_type":"article","og_title":"Wilson Santos articula parceria com a Caixa para ampliar cr\u00e9dito aos pescadores de MT","og_description":"Os superintendentes de Governo e de Rede da Caixa Econ\u00f4mica Federal (CEF) de Mato Grosso, Rudinei Marcelo Pletsch e Jo\u00e3o Henrique Cruz, receberam o deputado estadual Wilson Santos (PSD) na sede da institui\u00e7\u00e3o financeira, nesta ter\u00e7a-feira (19), em Cuiab\u00e1, para tratar sobre o Pronaf B &#8211; uma linha de cr\u00e9dito do Programa Nacional de Fortalecimento [&hellip;]","og_url":"https:\/\/wilsonsantosmt.com.br\/index.php\/2025\/08\/20\/wilson-santos-articula-parceria-com-a-caixa-para-ampliar-credito-aos-pescadores-de-mt\/","og_site_name":"wilsonsantosmt.com.br","article_publisher":"https:\/\/www.facebook.com\/WilsonSantosMT\/","article_published_time":"2025-08-20T13:12:00+00:00","article_modified_time":"2025-08-21T20:15:17+00:00","og_image":[{"width":1280,"height":720,"url":"http:\/\/wilsonsantosmt.com.br\/wp-content\/uploads\/2025\/08\/4981119847052193987.jpg","type":"image\/jpeg"}],"author":"Samantha dos Anjos","twitter_card":"summary_large_image","twitter_misc":{"Escrito por":"Samantha dos Anjos","Est. tempo de leitura":"5 minutos"},"schema":{"@context":"https:\/\/schema.org","@graph":[{"@type":"Article","@id":"https:\/\/wilsonsantosmt.com.br\/index.php\/2025\/08\/20\/wilson-santos-articula-parceria-com-a-caixa-para-ampliar-credito-aos-pescadores-de-mt\/#article","isPartOf":{"@id":"https:\/\/wilsonsantosmt.com.br\/index.php\/2025\/08\/20\/wilson-santos-articula-parceria-com-a-caixa-para-ampliar-credito-aos-pescadores-de-mt\/"},"author":{"name":"Samantha dos Anjos","@id":"https:\/\/wilsonsantosmt.com.br\/#\/schema\/person\/1d097ee45f526dd0455dbad8c679932c"},"headline":"Wilson Santos articula parceria com a Caixa para ampliar cr\u00e9dito aos pescadores de MT","datePublished":"2025-08-20T13:12:00+00:00","dateModified":"2025-08-21T20:15:17+00:00","mainEntityOfPage":{"@id":"https:\/\/wilsonsantosmt.com.br\/index.php\/2025\/08\/20\/wilson-santos-articula-parceria-com-a-caixa-para-ampliar-credito-aos-pescadores-de-mt\/"},"wordCount":823,"publisher":{"@id":"https:\/\/wilsonsantosmt.com.br\/#\/schema\/person\/9de3c54961637a9eadb16bcbf895b1ef"},"articleSection":["Not\u00edcias"],"inLanguage":"pt-BR"},{"@type":"WebPage","@id":"https:\/\/wilsonsantosmt.com.br\/index.php\/2025\/08\/20\/wilson-santos-articula-parceria-com-a-caixa-para-ampliar-credito-aos-pescadores-de-mt\/","url":"https:\/\/wilsonsantosmt.com.br\/index.php\/2025\/08\/20\/wilson-santos-articula-parceria-com-a-caixa-para-ampliar-credito-aos-pescadores-de-mt\/","name":"Wilson Santos articula parceria com a Caixa para ampliar cr\u00e9dito aos pescadores de MT - wilsonsantosmt.com.br","isPartOf":{"@id":"https:\/\/wilsonsantosmt.com.br\/#website"},"datePublished":"2025-08-20T13:12:00+00:00","dateModified":"2025-08-21T20:15:17+00:00","breadcrumb":{"@id":"https:\/\/wilsonsantosmt.com.br\/index.php\/2025\/08\/20\/wilson-santos-articula-parceria-com-a-caixa-para-ampliar-credito-aos-pescadores-de-mt\/#breadcrumb"},"inLanguage":"pt-BR","potentialAction":[{"@type":"ReadAction","target":["https:\/\/wilsonsantosmt.com.br\/index.php\/2025\/08\/20\/wilson-santos-articula-parceria-com-a-caixa-para-ampliar-credito-aos-pescadores-de-mt\/"]}]},{"@type":"BreadcrumbList","@id":"https:\/\/wilsonsantosmt.com.br\/index.php\/2025\/08\/20\/wilson-santos-articula-parceria-com-a-caixa-para-ampliar-credito-aos-pescadores-de-mt\/#breadcrumb","itemListElement":[{"@type":"ListItem","position":1,"name":"In\u00edcio","item":"https:\/\/wilsonsantosmt.com.br\/"},{"@type":"ListItem","position":2,"name":"Not\u00edcias","item":"https:\/\/wilsonsantosmt.com.br\/index.php\/category\/noticias\/"},{"@type":"ListItem","position":3,"name":"Wilson Santos articula parceria com a Caixa para ampliar cr\u00e9dito aos pescadores de MT"}]},{"@type":"WebSite","@id":"https:\/\/wilsonsantosmt.com.br\/#website","url":"https:\/\/wilsonsantosmt.com.br\/","name":"wilsonsantosmt.com.br","description":"","publisher":{"@id":"https:\/\/wilsonsantosmt.com.br\/#\/schema\/person\/9de3c54961637a9eadb16bcbf895b1ef"},"potentialAction":[{"@type":"SearchAction","target":{"@type":"EntryPoint","urlTemplate":"https:\/\/wilsonsantosmt.com.br\/?s={search_term_string}"},"query-input":"required name=search_term_string"}],"inLanguage":"pt-BR"},{"@type":["Person","Organization"],"@id":"https:\/\/wilsonsantosmt.com.br\/#\/schema\/person\/9de3c54961637a9eadb16bcbf895b1ef","name":"Wilson Santos","image":{"@type":"ImageObject","inLanguage":"pt-BR","@id":"https:\/\/wilsonsantosmt.com.br\/#\/schema\/person\/image\/","url":"https:\/\/wilsonsantosmt.com.br\/wp-content\/uploads\/2023\/11\/310828673_653254583023360_8795459643194608438_n.jpg","contentUrl":"https:\/\/wilsonsantosmt.com.br\/wp-content\/uploads\/2023\/11\/310828673_653254583023360_8795459643194608438_n.jpg","width":1078,"height":1079,"caption":"Wilson Santos"},"logo":{"@id":"https:\/\/wilsonsantosmt.com.br\/#\/schema\/person\/image\/"},"sameAs":["http:\/\/wilsonsantosmt.com.br","https:\/\/www.facebook.com\/WilsonSantosMT\/","https:\/\/www.instagram.com\/wilsonsantosmt\/","https:\/\/www.youtube.com\/@WilsonSantosWS\/videos","https:\/\/pt.wikipedia.org\/wiki\/Wilson_Santos"],"honorificPrefix":"Sr","gender":"masculino","jobTitle":"Deputado Estadual","worksFor":"Assembleia Legislativa de Mato Grosso"},{"@type":"Person","@id":"https:\/\/wilsonsantosmt.com.br\/#\/schema\/person\/1d097ee45f526dd0455dbad8c679932c","name":"Samantha dos Anjos","image":{"@type":"ImageObject","inLanguage":"pt-BR","@id":"https:\/\/wilsonsantosmt.com.br\/#\/schema\/person\/image\/","url":"https:\/\/secure.gravatar.com\/avatar\/7d8d0b6dd67d134a9fa841bee90c57c7?s=96&d=mm&r=g","contentUrl":"https:\/\/secure.gravatar.com\/avatar\/7d8d0b6dd67d134a9fa841bee90c57c7?s=96&d=mm&r=g","caption":"Samantha dos Anjos"},"url":"https:\/\/wilsonsantosmt.com.br\/index.php\/author\/samantha-dos-anjos\/"}]}},"_links":{"self":[{"href":"https:\/\/wilsonsantosmt.com.br\/index.php\/wp-json\/wp\/v2\/posts\/1807"}],"collection":[{"href":"https:\/\/wilsonsantosmt.com.br\/index.php\/wp-json\/wp\/v2\/posts"}],"about":[{"href":"https:\/\/wilsonsantosmt.com.br\/index.php\/wp-json\/wp\/v2\/types\/post"}],"author":[{"embeddable":true,"href":"https:\/\/wilsonsantosmt.com.br\/index.php\/wp-json\/wp\/v2\/users\/4"}],"replies":[{"embeddable":true,"href":"https:\/\/wilsonsantosmt.com.br\/index.php\/wp-json\/wp\/v2\/comments?post=1807"}],"version-history":[{"count":1,"href":"https:\/\/wilsonsantosmt.com.br\/index.php\/wp-json\/wp\/v2\/posts\/1807\/revisions"}],"predecessor-version":[{"id":1809,"href":"https:\/\/wilsonsantosmt.com.br\/index.php\/wp-json\/wp\/v2\/posts\/1807\/revisions\/1809"}],"wp:featuredmedia":[{"embeddable":true,"href":"https:\/\/wilsonsantosmt.com.br\/index.php\/wp-json\/wp\/v2\/media\/1808"}],"wp:attachment":[{"href":"https:\/\/wilsonsantosmt.com.br\/index.php\/wp-json\/wp\/v2\/media?parent=1807"}],"wp:term":[{"taxonomy":"category","embeddable":true,"href":"https:\/\/wilsonsantosmt.com.br\/index.php\/wp-json\/wp\/v2\/categories?post=1807"},{"taxonomy":"post_tag","embeddable":true,"href":"https:\/\/wilsonsantosmt.com.br\/index.php\/wp-json\/wp\/v2\/tags?post=1807"}],"curies":[{"name":"wp","href":"https:\/\/api.w.org\/{rel}","templated":true}]}}