{"id":1810,"date":"2025-08-19T16:17:00","date_gmt":"2025-08-19T20:17:00","guid":{"rendered":"https:\/\/wilsonsantosmt.com.br\/?p=1810"},"modified":"2025-08-21T16:18:00","modified_gmt":"2025-08-21T20:18:00","slug":"wilson-santos-participa-do-lancamento-do-plano-safra-da-agricultura-familiar","status":"publish","type":"post","link":"https:\/\/wilsonsantosmt.com.br\/index.php\/2025\/08\/19\/wilson-santos-participa-do-lancamento-do-plano-safra-da-agricultura-familiar\/","title":{"rendered":"Wilson Santos participa do lan\u00e7amento do Plano Safra da Agricultura Familiar"},"content":{"rendered":"\n<p>O deputado estadual Wilson Santos (PSD) participou do lan\u00e7amento do Plano Safra 2025\/2026 da Agricultura Familiar em Mato Grosso. Realizada nesta sexta-feira (15), no estacionamento do Gin\u00e1sio de Esportes da Universidade Federal de Mato Grosso (UFMT), em Cuiab\u00e1, a solenidade reuniu representantes do Minist\u00e9rio do Desenvolvimento Agr\u00e1rio (MDA), da Secretaria de Estado de Agricultura Familiar (Seaf), al\u00e9m de lideran\u00e7as pol\u00edticas, parceiros institucionais e produtores rurais.<\/p>\n\n\n\n<p>&nbsp;\u201cEsse \u00e9 um ato hist\u00f3rico. Digo isso, porque a gente sempre presenciou lan\u00e7amentos do Plano Safra para os grandes e m\u00e9dios produtores. Era geralmente s\u00f3 para eles. E agora, o governo federal come\u00e7a a fazer a divulga\u00e7\u00e3o e o lan\u00e7amento e ampliar recursos com taxas de juros que d\u00e1 para o pequeno pagar de forma justa e honesta. Temos taxas de at\u00e9 0,5% ao ano. Taxas decentes\u201d, destacou o parlamentar. Segundo ele, o Brasil sempre foi um pa\u00eds injusto nesse aspecto. \u201cNo passado, o governo assumia as perdas, compensava os grandes produtores, colocava dinheiro p\u00fablico para evitar preju\u00edzos ao grande. Quando a safra bombava no exterior, explodia, era a privatiza\u00e7\u00e3o do lucro, n\u00e3o tinha nada que compensasse os pequenos\u201d, declarou o parlamentar.<\/p>\n\n\n\n<p>&nbsp;O Plano Safra representa um marco para a agricultura familiar, com investimentos de mais de R$ 89 bilh\u00f5es em todo o pa\u00eds, destinados a linhas de cr\u00e9dito, assist\u00eancia t\u00e9cnica e pol\u00edticas de incentivo aos agricultores familiares. Em Mato Grosso, a iniciativa garante R$ 51 milh\u00f5es para m\u00e1quinas e implementos agr\u00edcolas e a destina\u00e7\u00e3o de R$ 2,1 bilh\u00f5es em cr\u00e9dito, com juros de 3% ao ano para produ\u00e7\u00e3o de alimentos e 2% para sistemas agroecol\u00f3gicos. Al\u00e9m disso, foram renegociados R$ 177 milh\u00f5es em d\u00edvidas de agricultores familiares, medida que beneficia cerca de sete mil fam\u00edlias no estado.<\/p>\n\n\n\n<p>&nbsp;O lan\u00e7amento do Plano Safra 2025\/2026 em Cuiab\u00e1 foi realizado em parceria com Companhia Nacional de Abastecimento (Conab), Instituto Nacional de Coloniza\u00e7\u00e3o e Reforma Agr\u00e1ria (Incra), Minist\u00e9rio da Agricultura e Pecu\u00e1ria (Mapa), MPA, Seaf-MT, Empresa Mato-grossense de Pesquisa, Assist\u00eancia e Extens\u00e3o Rural (Empaer), entidades e institui\u00e7\u00f5es financeiras, refor\u00e7ando a uni\u00e3o de esfor\u00e7os em prol da agricultura familiar.<\/p>\n","protected":false},"excerpt":{"rendered":"<p>O deputado estadual Wilson Santos (PSD) participou do lan\u00e7amento do Plano Safra 2025\/2026 da Agricultura Familiar em Mato Grosso. Realizada nesta sexta-feira (15), no estacionamento do Gin\u00e1sio de Esportes da Universidade Federal de Mato Grosso (UFMT), em Cuiab\u00e1, a solenidade reuniu representantes do Minist\u00e9rio do Desenvolvimento Agr\u00e1rio (MDA), da Secretaria de Estado de Agricultura Familiar [&hellip;]<\/p>\n","protected":false},"author":4,"featured_media":1811,"comment_status":"closed","ping_status":"open","sticky":false,"template":"","format":"standard","meta":{"footnotes":""},"categories":[13],"tags":[],"yoast_head":"<!-- This site is optimized with the Yoast SEO Premium plugin v21.5 (Yoast SEO v21.4) - https:\/\/yoast.com\/wordpress\/plugins\/seo\/ -->\n<title>Wilson Santos participa do lan\u00e7amento do Plano Safra da Agricultura Familiar - wilsonsantosmt.com.br<\/title>\n<meta name=\"robots\" content=\"index, follow, max-snippet:-1, max-image-preview:large, max-video-preview:-1\" \/>\n<link rel=\"canonical\" href=\"https:\/\/wilsonsantosmt.com.br\/index.php\/2025\/08\/19\/wilson-santos-participa-do-lancamento-do-plano-safra-da-agricultura-familiar\/\" \/>\n<meta property=\"og:locale\" content=\"pt_BR\" \/>\n<meta property=\"og:type\" content=\"article\" \/>\n<meta property=\"og:title\" content=\"Wilson Santos participa do lan\u00e7amento do Plano Safra da Agricultura Familiar\" \/>\n<meta property=\"og:description\" content=\"O deputado estadual Wilson Santos (PSD) participou do lan\u00e7amento do Plano Safra 2025\/2026 da Agricultura Familiar em Mato Grosso. Realizada nesta sexta-feira (15), no estacionamento do Gin\u00e1sio de Esportes da Universidade Federal de Mato Grosso (UFMT), em Cuiab\u00e1, a solenidade reuniu representantes do Minist\u00e9rio do Desenvolvimento Agr\u00e1rio (MDA), da Secretaria de Estado de Agricultura Familiar [&hellip;]\" \/>\n<meta property=\"og:url\" content=\"https:\/\/wilsonsantosmt.com.br\/index.php\/2025\/08\/19\/wilson-santos-participa-do-lancamento-do-plano-safra-da-agricultura-familiar\/\" \/>\n<meta property=\"og:site_name\" content=\"wilsonsantosmt.com.br\" \/>\n<meta property=\"article:publisher\" content=\"https:\/\/www.facebook.com\/WilsonSantosMT\/\" \/>\n<meta property=\"article:published_time\" content=\"2025-08-19T20:17:00+00:00\" \/>\n<meta property=\"article:modified_time\" content=\"2025-08-21T20:18:00+00:00\" \/>\n<meta property=\"og:image\" content=\"http:\/\/wilsonsantosmt.com.br\/wp-content\/uploads\/2025\/08\/03eafe0c6c5cda4429be629bd5675c4e689f557e89b69.jpg\" \/>\n\t<meta property=\"og:image:width\" content=\"420\" \/>\n\t<meta property=\"og:image:height\" content=\"236\" \/>\n\t<meta property=\"og:image:type\" content=\"image\/jpeg\" \/>\n<meta name=\"author\" content=\"Samantha dos Anjos\" \/>\n<meta name=\"twitter:card\" content=\"summary_large_image\" \/>\n<meta name=\"twitter:label1\" content=\"Escrito por\" \/>\n\t<meta name=\"twitter:data1\" content=\"Samantha dos Anjos\" \/>\n\t<meta name=\"twitter:label2\" content=\"Est. tempo de leitura\" \/>\n\t<meta name=\"twitter:data2\" content=\"2 minutos\" \/>\n<script type=\"application\/ld+json\" class=\"yoast-schema-graph\">{\"@context\":\"https:\/\/schema.org\",\"@graph\":[{\"@type\":\"Article\",\"@id\":\"https:\/\/wilsonsantosmt.com.br\/index.php\/2025\/08\/19\/wilson-santos-participa-do-lancamento-do-plano-safra-da-agricultura-familiar\/#article\",\"isPartOf\":{\"@id\":\"https:\/\/wilsonsantosmt.com.br\/index.php\/2025\/08\/19\/wilson-santos-participa-do-lancamento-do-plano-safra-da-agricultura-familiar\/\"},\"author\":{\"name\":\"Samantha dos Anjos\",\"@id\":\"https:\/\/wilsonsantosmt.com.br\/#\/schema\/person\/1d097ee45f526dd0455dbad8c679932c\"},\"headline\":\"Wilson Santos participa do lan\u00e7amento do Plano Safra da Agricultura Familiar\",\"datePublished\":\"2025-08-19T20:17:00+00:00\",\"dateModified\":\"2025-08-21T20:18:00+00:00\",\"mainEntityOfPage\":{\"@id\":\"https:\/\/wilsonsantosmt.com.br\/index.php\/2025\/08\/19\/wilson-santos-participa-do-lancamento-do-plano-safra-da-agricultura-familiar\/\"},\"wordCount\":391,\"publisher\":{\"@id\":\"https:\/\/wilsonsantosmt.com.br\/#\/schema\/person\/9de3c54961637a9eadb16bcbf895b1ef\"},\"articleSection\":[\"Not\u00edcias\"],\"inLanguage\":\"pt-BR\"},{\"@type\":\"WebPage\",\"@id\":\"https:\/\/wilsonsantosmt.com.br\/index.php\/2025\/08\/19\/wilson-santos-participa-do-lancamento-do-plano-safra-da-agricultura-familiar\/\",\"url\":\"https:\/\/wilsonsantosmt.com.br\/index.php\/2025\/08\/19\/wilson-santos-participa-do-lancamento-do-plano-safra-da-agricultura-familiar\/\",\"name\":\"Wilson Santos participa do lan\u00e7amento do Plano Safra da Agricultura Familiar - wilsonsantosmt.com.br\",\"isPartOf\":{\"@id\":\"https:\/\/wilsonsantosmt.com.br\/#website\"},\"datePublished\":\"2025-08-19T20:17:00+00:00\",\"dateModified\":\"2025-08-21T20:18:00+00:00\",\"breadcrumb\":{\"@id\":\"https:\/\/wilsonsantosmt.com.br\/index.php\/2025\/08\/19\/wilson-santos-participa-do-lancamento-do-plano-safra-da-agricultura-familiar\/#breadcrumb\"},\"inLanguage\":\"pt-BR\",\"potentialAction\":[{\"@type\":\"ReadAction\",\"target\":[\"https:\/\/wilsonsantosmt.com.br\/index.php\/2025\/08\/19\/wilson-santos-participa-do-lancamento-do-plano-safra-da-agricultura-familiar\/\"]}]},{\"@type\":\"BreadcrumbList\",\"@id\":\"https:\/\/wilsonsantosmt.com.br\/index.php\/2025\/08\/19\/wilson-santos-participa-do-lancamento-do-plano-safra-da-agricultura-familiar\/#breadcrumb\",\"itemListElement\":[{\"@type\":\"ListItem\",\"position\":1,\"name\":\"In\u00edcio\",\"item\":\"https:\/\/wilsonsantosmt.com.br\/\"},{\"@type\":\"ListItem\",\"position\":2,\"name\":\"Not\u00edcias\",\"item\":\"https:\/\/wilsonsantosmt.com.br\/index.php\/category\/noticias\/\"},{\"@type\":\"ListItem\",\"position\":3,\"name\":\"Wilson Santos participa do lan\u00e7amento do Plano Safra da Agricultura Familiar\"}]},{\"@type\":\"WebSite\",\"@id\":\"https:\/\/wilsonsantosmt.com.br\/#website\",\"url\":\"https:\/\/wilsonsantosmt.com.br\/\",\"name\":\"wilsonsantosmt.com.br\",\"description\":\"\",\"publisher\":{\"@id\":\"https:\/\/wilsonsantosmt.com.br\/#\/schema\/person\/9de3c54961637a9eadb16bcbf895b1ef\"},\"potentialAction\":[{\"@type\":\"SearchAction\",\"target\":{\"@type\":\"EntryPoint\",\"urlTemplate\":\"https:\/\/wilsonsantosmt.com.br\/?s={search_term_string}\"},\"query-input\":\"required name=search_term_string\"}],\"inLanguage\":\"pt-BR\"},{\"@type\":[\"Person\",\"Organization\"],\"@id\":\"https:\/\/wilsonsantosmt.com.br\/#\/schema\/person\/9de3c54961637a9eadb16bcbf895b1ef\",\"name\":\"Wilson Santos\",\"image\":{\"@type\":\"ImageObject\",\"inLanguage\":\"pt-BR\",\"@id\":\"https:\/\/wilsonsantosmt.com.br\/#\/schema\/person\/image\/\",\"url\":\"https:\/\/wilsonsantosmt.com.br\/wp-content\/uploads\/2023\/11\/310828673_653254583023360_8795459643194608438_n.jpg\",\"contentUrl\":\"https:\/\/wilsonsantosmt.com.br\/wp-content\/uploads\/2023\/11\/310828673_653254583023360_8795459643194608438_n.jpg\",\"width\":1078,\"height\":1079,\"caption\":\"Wilson Santos\"},\"logo\":{\"@id\":\"https:\/\/wilsonsantosmt.com.br\/#\/schema\/person\/image\/\"},\"sameAs\":[\"http:\/\/wilsonsantosmt.com.br\",\"https:\/\/www.facebook.com\/WilsonSantosMT\/\",\"https:\/\/www.instagram.com\/wilsonsantosmt\/\",\"https:\/\/www.youtube.com\/@WilsonSantosWS\/videos\",\"https:\/\/pt.wikipedia.org\/wiki\/Wilson_Santos\"],\"honorificPrefix\":\"Sr\",\"gender\":\"masculino\",\"jobTitle\":\"Deputado Estadual\",\"worksFor\":\"Assembleia Legislativa de Mato Grosso\"},{\"@type\":\"Person\",\"@id\":\"https:\/\/wilsonsantosmt.com.br\/#\/schema\/person\/1d097ee45f526dd0455dbad8c679932c\",\"name\":\"Samantha dos Anjos\",\"image\":{\"@type\":\"ImageObject\",\"inLanguage\":\"pt-BR\",\"@id\":\"https:\/\/wilsonsantosmt.com.br\/#\/schema\/person\/image\/\",\"url\":\"https:\/\/secure.gravatar.com\/avatar\/7d8d0b6dd67d134a9fa841bee90c57c7?s=96&d=mm&r=g\",\"contentUrl\":\"https:\/\/secure.gravatar.com\/avatar\/7d8d0b6dd67d134a9fa841bee90c57c7?s=96&d=mm&r=g\",\"caption\":\"Samantha dos Anjos\"},\"url\":\"https:\/\/wilsonsantosmt.com.br\/index.php\/author\/samantha-dos-anjos\/\"}]}<\/script>\n<!-- \/ Yoast SEO Premium plugin. -->","yoast_head_json":{"title":"Wilson Santos participa do lan\u00e7amento do Plano Safra da Agricultura Familiar - wilsonsantosmt.com.br","robots":{"index":"index","follow":"follow","max-snippet":"max-snippet:-1","max-image-preview":"max-image-preview:large","max-video-preview":"max-video-preview:-1"},"canonical":"https:\/\/wilsonsantosmt.com.br\/index.php\/2025\/08\/19\/wilson-santos-participa-do-lancamento-do-plano-safra-da-agricultura-familiar\/","og_locale":"pt_BR","og_type":"article","og_title":"Wilson Santos participa do lan\u00e7amento do Plano Safra da Agricultura Familiar","og_description":"O deputado estadual Wilson Santos (PSD) participou do lan\u00e7amento do Plano Safra 2025\/2026 da Agricultura Familiar em Mato Grosso. Realizada nesta sexta-feira (15), no estacionamento do Gin\u00e1sio de Esportes da Universidade Federal de Mato Grosso (UFMT), em Cuiab\u00e1, a solenidade reuniu representantes do Minist\u00e9rio do Desenvolvimento Agr\u00e1rio (MDA), da Secretaria de Estado de Agricultura Familiar [&hellip;]","og_url":"https:\/\/wilsonsantosmt.com.br\/index.php\/2025\/08\/19\/wilson-santos-participa-do-lancamento-do-plano-safra-da-agricultura-familiar\/","og_site_name":"wilsonsantosmt.com.br","article_publisher":"https:\/\/www.facebook.com\/WilsonSantosMT\/","article_published_time":"2025-08-19T20:17:00+00:00","article_modified_time":"2025-08-21T20:18:00+00:00","og_image":[{"width":420,"height":236,"url":"http:\/\/wilsonsantosmt.com.br\/wp-content\/uploads\/2025\/08\/03eafe0c6c5cda4429be629bd5675c4e689f557e89b69.jpg","type":"image\/jpeg"}],"author":"Samantha dos Anjos","twitter_card":"summary_large_image","twitter_misc":{"Escrito por":"Samantha dos Anjos","Est. tempo de leitura":"2 minutos"},"schema":{"@context":"https:\/\/schema.org","@graph":[{"@type":"Article","@id":"https:\/\/wilsonsantosmt.com.br\/index.php\/2025\/08\/19\/wilson-santos-participa-do-lancamento-do-plano-safra-da-agricultura-familiar\/#article","isPartOf":{"@id":"https:\/\/wilsonsantosmt.com.br\/index.php\/2025\/08\/19\/wilson-santos-participa-do-lancamento-do-plano-safra-da-agricultura-familiar\/"},"author":{"name":"Samantha dos Anjos","@id":"https:\/\/wilsonsantosmt.com.br\/#\/schema\/person\/1d097ee45f526dd0455dbad8c679932c"},"headline":"Wilson Santos participa do lan\u00e7amento do Plano Safra da Agricultura Familiar","datePublished":"2025-08-19T20:17:00+00:00","dateModified":"2025-08-21T20:18:00+00:00","mainEntityOfPage":{"@id":"https:\/\/wilsonsantosmt.com.br\/index.php\/2025\/08\/19\/wilson-santos-participa-do-lancamento-do-plano-safra-da-agricultura-familiar\/"},"wordCount":391,"publisher":{"@id":"https:\/\/wilsonsantosmt.com.br\/#\/schema\/person\/9de3c54961637a9eadb16bcbf895b1ef"},"articleSection":["Not\u00edcias"],"inLanguage":"pt-BR"},{"@type":"WebPage","@id":"https:\/\/wilsonsantosmt.com.br\/index.php\/2025\/08\/19\/wilson-santos-participa-do-lancamento-do-plano-safra-da-agricultura-familiar\/","url":"https:\/\/wilsonsantosmt.com.br\/index.php\/2025\/08\/19\/wilson-santos-participa-do-lancamento-do-plano-safra-da-agricultura-familiar\/","name":"Wilson Santos participa do lan\u00e7amento do Plano Safra da Agricultura Familiar - wilsonsantosmt.com.br","isPartOf":{"@id":"https:\/\/wilsonsantosmt.com.br\/#website"},"datePublished":"2025-08-19T20:17:00+00:00","dateModified":"2025-08-21T20:18:00+00:00","breadcrumb":{"@id":"https:\/\/wilsonsantosmt.com.br\/index.php\/2025\/08\/19\/wilson-santos-participa-do-lancamento-do-plano-safra-da-agricultura-familiar\/#breadcrumb"},"inLanguage":"pt-BR","potentialAction":[{"@type":"ReadAction","target":["https:\/\/wilsonsantosmt.com.br\/index.php\/2025\/08\/19\/wilson-santos-participa-do-lancamento-do-plano-safra-da-agricultura-familiar\/"]}]},{"@type":"BreadcrumbList","@id":"https:\/\/wilsonsantosmt.com.br\/index.php\/2025\/08\/19\/wilson-santos-participa-do-lancamento-do-plano-safra-da-agricultura-familiar\/#breadcrumb","itemListElement":[{"@type":"ListItem","position":1,"name":"In\u00edcio","item":"https:\/\/wilsonsantosmt.com.br\/"},{"@type":"ListItem","position":2,"name":"Not\u00edcias","item":"https:\/\/wilsonsantosmt.com.br\/index.php\/category\/noticias\/"},{"@type":"ListItem","position":3,"name":"Wilson Santos participa do lan\u00e7amento do Plano Safra da Agricultura Familiar"}]},{"@type":"WebSite","@id":"https:\/\/wilsonsantosmt.com.br\/#website","url":"https:\/\/wilsonsantosmt.com.br\/","name":"wilsonsantosmt.com.br","description":"","publisher":{"@id":"https:\/\/wilsonsantosmt.com.br\/#\/schema\/person\/9de3c54961637a9eadb16bcbf895b1ef"},"potentialAction":[{"@type":"SearchAction","target":{"@type":"EntryPoint","urlTemplate":"https:\/\/wilsonsantosmt.com.br\/?s={search_term_string}"},"query-input":"required name=search_term_string"}],"inLanguage":"pt-BR"},{"@type":["Person","Organization"],"@id":"https:\/\/wilsonsantosmt.com.br\/#\/schema\/person\/9de3c54961637a9eadb16bcbf895b1ef","name":"Wilson Santos","image":{"@type":"ImageObject","inLanguage":"pt-BR","@id":"https:\/\/wilsonsantosmt.com.br\/#\/schema\/person\/image\/","url":"https:\/\/wilsonsantosmt.com.br\/wp-content\/uploads\/2023\/11\/310828673_653254583023360_8795459643194608438_n.jpg","contentUrl":"https:\/\/wilsonsantosmt.com.br\/wp-content\/uploads\/2023\/11\/310828673_653254583023360_8795459643194608438_n.jpg","width":1078,"height":1079,"caption":"Wilson Santos"},"logo":{"@id":"https:\/\/wilsonsantosmt.com.br\/#\/schema\/person\/image\/"},"sameAs":["http:\/\/wilsonsantosmt.com.br","https:\/\/www.facebook.com\/WilsonSantosMT\/","https:\/\/www.instagram.com\/wilsonsantosmt\/","https:\/\/www.youtube.com\/@WilsonSantosWS\/videos","https:\/\/pt.wikipedia.org\/wiki\/Wilson_Santos"],"honorificPrefix":"Sr","gender":"masculino","jobTitle":"Deputado Estadual","worksFor":"Assembleia Legislativa de Mato Grosso"},{"@type":"Person","@id":"https:\/\/wilsonsantosmt.com.br\/#\/schema\/person\/1d097ee45f526dd0455dbad8c679932c","name":"Samantha dos Anjos","image":{"@type":"ImageObject","inLanguage":"pt-BR","@id":"https:\/\/wilsonsantosmt.com.br\/#\/schema\/person\/image\/","url":"https:\/\/secure.gravatar.com\/avatar\/7d8d0b6dd67d134a9fa841bee90c57c7?s=96&d=mm&r=g","contentUrl":"https:\/\/secure.gravatar.com\/avatar\/7d8d0b6dd67d134a9fa841bee90c57c7?s=96&d=mm&r=g","caption":"Samantha dos Anjos"},"url":"https:\/\/wilsonsantosmt.com.br\/index.php\/author\/samantha-dos-anjos\/"}]}},"_links":{"self":[{"href":"https:\/\/wilsonsantosmt.com.br\/index.php\/wp-json\/wp\/v2\/posts\/1810"}],"collection":[{"href":"https:\/\/wilsonsantosmt.com.br\/index.php\/wp-json\/wp\/v2\/posts"}],"about":[{"href":"https:\/\/wilsonsantosmt.com.br\/index.php\/wp-json\/wp\/v2\/types\/post"}],"author":[{"embeddable":true,"href":"https:\/\/wilsonsantosmt.com.br\/index.php\/wp-json\/wp\/v2\/users\/4"}],"replies":[{"embeddable":true,"href":"https:\/\/wilsonsantosmt.com.br\/index.php\/wp-json\/wp\/v2\/comments?post=1810"}],"version-history":[{"count":1,"href":"https:\/\/wilsonsantosmt.com.br\/index.php\/wp-json\/wp\/v2\/posts\/1810\/revisions"}],"predecessor-version":[{"id":1812,"href":"https:\/\/wilsonsantosmt.com.br\/index.php\/wp-json\/wp\/v2\/posts\/1810\/revisions\/1812"}],"wp:featuredmedia":[{"embeddable":true,"href":"https:\/\/wilsonsantosmt.com.br\/index.php\/wp-json\/wp\/v2\/media\/1811"}],"wp:attachment":[{"href":"https:\/\/wilsonsantosmt.com.br\/index.php\/wp-json\/wp\/v2\/media?parent=1810"}],"wp:term":[{"taxonomy":"category","embeddable":true,"href":"https:\/\/wilsonsantosmt.com.br\/index.php\/wp-json\/wp\/v2\/categories?post=1810"},{"taxonomy":"post_tag","embeddable":true,"href":"https:\/\/wilsonsantosmt.com.br\/index.php\/wp-json\/wp\/v2\/tags?post=1810"}],"curies":[{"name":"wp","href":"https:\/\/api.w.org\/{rel}","templated":true}]}}