{"id":1813,"date":"2025-08-22T10:12:08","date_gmt":"2025-08-22T14:12:08","guid":{"rendered":"https:\/\/wilsonsantosmt.com.br\/?p=1813"},"modified":"2025-08-22T10:12:09","modified_gmt":"2025-08-22T14:12:09","slug":"deputado-wilson-santos-reforca-apoio-a-ufmt-em-ato-publico","status":"publish","type":"post","link":"https:\/\/wilsonsantosmt.com.br\/index.php\/2025\/08\/22\/deputado-wilson-santos-reforca-apoio-a-ufmt-em-ato-publico\/","title":{"rendered":"Deputado Wilson Santos refor\u00e7a apoio \u00e0 UFMT em ato p\u00fablico"},"content":{"rendered":"\n<p><\/p>\n\n\n\n<p>Com dois cursos superiores conclu\u00eddos na Universidade Federal de Mato Grosso (UFMT), o deputado estadual Wilson Santos (PSD) fez quest\u00e3o de marcar presen\u00e7a no ato p\u00fablico em defesa da institui\u00e7\u00e3o, realizado nesta quinta-feira (21), na pra\u00e7a do RU, em Cuiab\u00e1. A mobiliza\u00e7\u00e3o reuniu docentes, discentes, pesquisadores e profissionais formados pela institui\u00e7\u00e3o p\u00fablica, em reconhecimento ao papel da universidade como patrim\u00f4nio de Mato Grosso e refer\u00eancia em ensino, pesquisa e extens\u00e3o no \u00e2mbito regional, nacional e internacional.<\/p>\n\n\n\n<p>\u201cFiz quest\u00e3o de comparecer aqui, no campus da minha universidade. Tudo que eu conquistei devo \u00e0 UFMT, onde cursei Ci\u00eancias e Direito. Aqui, tamb\u00e9m atuei no movimento estudantil, que foi a porta de entrada para minha trajet\u00f3ria pol\u00edtica. Tenho orgulho dessa institui\u00e7\u00e3o e defendo que sejam fortalecidas as parcerias entre a universidade e o poder p\u00fablico, para que possamos avan\u00e7ar em solu\u00e7\u00f5es e projetos que tragam grandes resultados para Cuiab\u00e1 e para todo o estado. Aqui est\u00e1 o maior conjunto de c\u00e9rebros privilegiados de Mato Grosso: doutores, mestres e p\u00f3s-doutores\u201d, ressaltou o parlamentar.<\/p>\n\n\n\n<p>A campanha \u201cEu tenho orgulho da UFMT\u201d foi organizada por profissionais formados pela institui\u00e7\u00e3o, que destacaram a import\u00e2ncia de preservar e valorizar a universidade p\u00fablica, gratuita e de qualidade. Durante o ato, tamb\u00e9m foi solicitado o apoio do poder p\u00fablico em geral para contribuir com melhorias em \u00e1reas como transporte, sa\u00fade e pol\u00edticas p\u00fablicas voltadas \u00e0 juventude.<\/p>\n\n\n\n<figure class=\"wp-block-image size-large\"><img fetchpriority=\"high\" decoding=\"async\" width=\"1024\" height=\"576\" src=\"http:\/\/wilsonsantosmt.com.br\/wp-content\/uploads\/2025\/08\/4990092484705103426-1024x576.jpg\" alt=\"\" class=\"wp-image-1815\" srcset=\"https:\/\/wilsonsantosmt.com.br\/wp-content\/uploads\/2025\/08\/4990092484705103426-1024x576.jpg 1024w, https:\/\/wilsonsantosmt.com.br\/wp-content\/uploads\/2025\/08\/4990092484705103426-300x169.jpg 300w, https:\/\/wilsonsantosmt.com.br\/wp-content\/uploads\/2025\/08\/4990092484705103426-768x432.jpg 768w, https:\/\/wilsonsantosmt.com.br\/wp-content\/uploads\/2025\/08\/4990092484705103426-600x338.jpg 600w, https:\/\/wilsonsantosmt.com.br\/wp-content\/uploads\/2025\/08\/4990092484705103426.jpg 1280w\" sizes=\"(max-width: 1024px) 100vw, 1024px\" \/><\/figure>\n","protected":false},"excerpt":{"rendered":"<p>Com dois cursos superiores conclu\u00eddos na Universidade Federal de Mato Grosso (UFMT), o deputado estadual Wilson Santos (PSD) fez quest\u00e3o de marcar presen\u00e7a no ato p\u00fablico em defesa da institui\u00e7\u00e3o, realizado nesta quinta-feira (21), na pra\u00e7a do RU, em Cuiab\u00e1. A mobiliza\u00e7\u00e3o reuniu docentes, discentes, pesquisadores e profissionais formados pela institui\u00e7\u00e3o p\u00fablica, em reconhecimento ao [&hellip;]<\/p>\n","protected":false},"author":4,"featured_media":1814,"comment_status":"closed","ping_status":"open","sticky":false,"template":"","format":"standard","meta":{"footnotes":""},"categories":[13],"tags":[],"yoast_head":"<!-- This site is optimized with the Yoast SEO Premium plugin v21.5 (Yoast SEO v21.4) - https:\/\/yoast.com\/wordpress\/plugins\/seo\/ -->\n<title>Deputado Wilson Santos refor\u00e7a apoio \u00e0 UFMT em ato p\u00fablico - wilsonsantosmt.com.br<\/title>\n<meta name=\"robots\" content=\"index, follow, max-snippet:-1, max-image-preview:large, max-video-preview:-1\" \/>\n<link rel=\"canonical\" href=\"https:\/\/wilsonsantosmt.com.br\/index.php\/2025\/08\/22\/deputado-wilson-santos-reforca-apoio-a-ufmt-em-ato-publico\/\" \/>\n<meta property=\"og:locale\" content=\"pt_BR\" \/>\n<meta property=\"og:type\" content=\"article\" \/>\n<meta property=\"og:title\" content=\"Deputado Wilson Santos refor\u00e7a apoio \u00e0 UFMT em ato p\u00fablico\" \/>\n<meta property=\"og:description\" content=\"Com dois cursos superiores conclu\u00eddos na Universidade Federal de Mato Grosso (UFMT), o deputado estadual Wilson Santos (PSD) fez quest\u00e3o de marcar presen\u00e7a no ato p\u00fablico em defesa da institui\u00e7\u00e3o, realizado nesta quinta-feira (21), na pra\u00e7a do RU, em Cuiab\u00e1. A mobiliza\u00e7\u00e3o reuniu docentes, discentes, pesquisadores e profissionais formados pela institui\u00e7\u00e3o p\u00fablica, em reconhecimento ao [&hellip;]\" \/>\n<meta property=\"og:url\" content=\"https:\/\/wilsonsantosmt.com.br\/index.php\/2025\/08\/22\/deputado-wilson-santos-reforca-apoio-a-ufmt-em-ato-publico\/\" \/>\n<meta property=\"og:site_name\" content=\"wilsonsantosmt.com.br\" \/>\n<meta property=\"article:publisher\" content=\"https:\/\/www.facebook.com\/WilsonSantosMT\/\" \/>\n<meta property=\"article:published_time\" content=\"2025-08-22T14:12:08+00:00\" \/>\n<meta property=\"article:modified_time\" content=\"2025-08-22T14:12:09+00:00\" \/>\n<meta property=\"og:image\" content=\"http:\/\/wilsonsantosmt.com.br\/wp-content\/uploads\/2025\/08\/4990092484705103421.jpg\" \/>\n\t<meta property=\"og:image:width\" content=\"1280\" \/>\n\t<meta property=\"og:image:height\" content=\"720\" \/>\n\t<meta property=\"og:image:type\" content=\"image\/jpeg\" \/>\n<meta name=\"author\" content=\"Samantha dos Anjos\" \/>\n<meta name=\"twitter:card\" content=\"summary_large_image\" \/>\n<meta name=\"twitter:label1\" content=\"Escrito por\" \/>\n\t<meta name=\"twitter:data1\" content=\"Samantha dos Anjos\" \/>\n\t<meta name=\"twitter:label2\" content=\"Est. tempo de leitura\" \/>\n\t<meta name=\"twitter:data2\" content=\"2 minutos\" \/>\n<script type=\"application\/ld+json\" class=\"yoast-schema-graph\">{\"@context\":\"https:\/\/schema.org\",\"@graph\":[{\"@type\":\"Article\",\"@id\":\"https:\/\/wilsonsantosmt.com.br\/index.php\/2025\/08\/22\/deputado-wilson-santos-reforca-apoio-a-ufmt-em-ato-publico\/#article\",\"isPartOf\":{\"@id\":\"https:\/\/wilsonsantosmt.com.br\/index.php\/2025\/08\/22\/deputado-wilson-santos-reforca-apoio-a-ufmt-em-ato-publico\/\"},\"author\":{\"name\":\"Samantha dos Anjos\",\"@id\":\"https:\/\/wilsonsantosmt.com.br\/#\/schema\/person\/1d097ee45f526dd0455dbad8c679932c\"},\"headline\":\"Deputado Wilson Santos refor\u00e7a apoio \u00e0 UFMT em ato p\u00fablico\",\"datePublished\":\"2025-08-22T14:12:08+00:00\",\"dateModified\":\"2025-08-22T14:12:09+00:00\",\"mainEntityOfPage\":{\"@id\":\"https:\/\/wilsonsantosmt.com.br\/index.php\/2025\/08\/22\/deputado-wilson-santos-reforca-apoio-a-ufmt-em-ato-publico\/\"},\"wordCount\":265,\"publisher\":{\"@id\":\"https:\/\/wilsonsantosmt.com.br\/#\/schema\/person\/9de3c54961637a9eadb16bcbf895b1ef\"},\"articleSection\":[\"Not\u00edcias\"],\"inLanguage\":\"pt-BR\"},{\"@type\":\"WebPage\",\"@id\":\"https:\/\/wilsonsantosmt.com.br\/index.php\/2025\/08\/22\/deputado-wilson-santos-reforca-apoio-a-ufmt-em-ato-publico\/\",\"url\":\"https:\/\/wilsonsantosmt.com.br\/index.php\/2025\/08\/22\/deputado-wilson-santos-reforca-apoio-a-ufmt-em-ato-publico\/\",\"name\":\"Deputado Wilson Santos refor\u00e7a apoio \u00e0 UFMT em ato p\u00fablico - wilsonsantosmt.com.br\",\"isPartOf\":{\"@id\":\"https:\/\/wilsonsantosmt.com.br\/#website\"},\"datePublished\":\"2025-08-22T14:12:08+00:00\",\"dateModified\":\"2025-08-22T14:12:09+00:00\",\"breadcrumb\":{\"@id\":\"https:\/\/wilsonsantosmt.com.br\/index.php\/2025\/08\/22\/deputado-wilson-santos-reforca-apoio-a-ufmt-em-ato-publico\/#breadcrumb\"},\"inLanguage\":\"pt-BR\",\"potentialAction\":[{\"@type\":\"ReadAction\",\"target\":[\"https:\/\/wilsonsantosmt.com.br\/index.php\/2025\/08\/22\/deputado-wilson-santos-reforca-apoio-a-ufmt-em-ato-publico\/\"]}]},{\"@type\":\"BreadcrumbList\",\"@id\":\"https:\/\/wilsonsantosmt.com.br\/index.php\/2025\/08\/22\/deputado-wilson-santos-reforca-apoio-a-ufmt-em-ato-publico\/#breadcrumb\",\"itemListElement\":[{\"@type\":\"ListItem\",\"position\":1,\"name\":\"In\u00edcio\",\"item\":\"https:\/\/wilsonsantosmt.com.br\/\"},{\"@type\":\"ListItem\",\"position\":2,\"name\":\"Not\u00edcias\",\"item\":\"https:\/\/wilsonsantosmt.com.br\/index.php\/category\/noticias\/\"},{\"@type\":\"ListItem\",\"position\":3,\"name\":\"Deputado Wilson Santos refor\u00e7a apoio \u00e0 UFMT em ato p\u00fablico\"}]},{\"@type\":\"WebSite\",\"@id\":\"https:\/\/wilsonsantosmt.com.br\/#website\",\"url\":\"https:\/\/wilsonsantosmt.com.br\/\",\"name\":\"wilsonsantosmt.com.br\",\"description\":\"\",\"publisher\":{\"@id\":\"https:\/\/wilsonsantosmt.com.br\/#\/schema\/person\/9de3c54961637a9eadb16bcbf895b1ef\"},\"potentialAction\":[{\"@type\":\"SearchAction\",\"target\":{\"@type\":\"EntryPoint\",\"urlTemplate\":\"https:\/\/wilsonsantosmt.com.br\/?s={search_term_string}\"},\"query-input\":\"required name=search_term_string\"}],\"inLanguage\":\"pt-BR\"},{\"@type\":[\"Person\",\"Organization\"],\"@id\":\"https:\/\/wilsonsantosmt.com.br\/#\/schema\/person\/9de3c54961637a9eadb16bcbf895b1ef\",\"name\":\"Wilson Santos\",\"image\":{\"@type\":\"ImageObject\",\"inLanguage\":\"pt-BR\",\"@id\":\"https:\/\/wilsonsantosmt.com.br\/#\/schema\/person\/image\/\",\"url\":\"https:\/\/wilsonsantosmt.com.br\/wp-content\/uploads\/2023\/11\/310828673_653254583023360_8795459643194608438_n.jpg\",\"contentUrl\":\"https:\/\/wilsonsantosmt.com.br\/wp-content\/uploads\/2023\/11\/310828673_653254583023360_8795459643194608438_n.jpg\",\"width\":1078,\"height\":1079,\"caption\":\"Wilson Santos\"},\"logo\":{\"@id\":\"https:\/\/wilsonsantosmt.com.br\/#\/schema\/person\/image\/\"},\"sameAs\":[\"http:\/\/wilsonsantosmt.com.br\",\"https:\/\/www.facebook.com\/WilsonSantosMT\/\",\"https:\/\/www.instagram.com\/wilsonsantosmt\/\",\"https:\/\/www.youtube.com\/@WilsonSantosWS\/videos\",\"https:\/\/pt.wikipedia.org\/wiki\/Wilson_Santos\"],\"honorificPrefix\":\"Sr\",\"gender\":\"masculino\",\"jobTitle\":\"Deputado Estadual\",\"worksFor\":\"Assembleia Legislativa de Mato Grosso\"},{\"@type\":\"Person\",\"@id\":\"https:\/\/wilsonsantosmt.com.br\/#\/schema\/person\/1d097ee45f526dd0455dbad8c679932c\",\"name\":\"Samantha dos Anjos\",\"image\":{\"@type\":\"ImageObject\",\"inLanguage\":\"pt-BR\",\"@id\":\"https:\/\/wilsonsantosmt.com.br\/#\/schema\/person\/image\/\",\"url\":\"https:\/\/secure.gravatar.com\/avatar\/7d8d0b6dd67d134a9fa841bee90c57c7?s=96&d=mm&r=g\",\"contentUrl\":\"https:\/\/secure.gravatar.com\/avatar\/7d8d0b6dd67d134a9fa841bee90c57c7?s=96&d=mm&r=g\",\"caption\":\"Samantha dos Anjos\"},\"url\":\"https:\/\/wilsonsantosmt.com.br\/index.php\/author\/samantha-dos-anjos\/\"}]}<\/script>\n<!-- \/ Yoast SEO Premium plugin. -->","yoast_head_json":{"title":"Deputado Wilson Santos refor\u00e7a apoio \u00e0 UFMT em ato p\u00fablico - wilsonsantosmt.com.br","robots":{"index":"index","follow":"follow","max-snippet":"max-snippet:-1","max-image-preview":"max-image-preview:large","max-video-preview":"max-video-preview:-1"},"canonical":"https:\/\/wilsonsantosmt.com.br\/index.php\/2025\/08\/22\/deputado-wilson-santos-reforca-apoio-a-ufmt-em-ato-publico\/","og_locale":"pt_BR","og_type":"article","og_title":"Deputado Wilson Santos refor\u00e7a apoio \u00e0 UFMT em ato p\u00fablico","og_description":"Com dois cursos superiores conclu\u00eddos na Universidade Federal de Mato Grosso (UFMT), o deputado estadual Wilson Santos (PSD) fez quest\u00e3o de marcar presen\u00e7a no ato p\u00fablico em defesa da institui\u00e7\u00e3o, realizado nesta quinta-feira (21), na pra\u00e7a do RU, em Cuiab\u00e1. A mobiliza\u00e7\u00e3o reuniu docentes, discentes, pesquisadores e profissionais formados pela institui\u00e7\u00e3o p\u00fablica, em reconhecimento ao [&hellip;]","og_url":"https:\/\/wilsonsantosmt.com.br\/index.php\/2025\/08\/22\/deputado-wilson-santos-reforca-apoio-a-ufmt-em-ato-publico\/","og_site_name":"wilsonsantosmt.com.br","article_publisher":"https:\/\/www.facebook.com\/WilsonSantosMT\/","article_published_time":"2025-08-22T14:12:08+00:00","article_modified_time":"2025-08-22T14:12:09+00:00","og_image":[{"width":1280,"height":720,"url":"http:\/\/wilsonsantosmt.com.br\/wp-content\/uploads\/2025\/08\/4990092484705103421.jpg","type":"image\/jpeg"}],"author":"Samantha dos Anjos","twitter_card":"summary_large_image","twitter_misc":{"Escrito por":"Samantha dos Anjos","Est. tempo de leitura":"2 minutos"},"schema":{"@context":"https:\/\/schema.org","@graph":[{"@type":"Article","@id":"https:\/\/wilsonsantosmt.com.br\/index.php\/2025\/08\/22\/deputado-wilson-santos-reforca-apoio-a-ufmt-em-ato-publico\/#article","isPartOf":{"@id":"https:\/\/wilsonsantosmt.com.br\/index.php\/2025\/08\/22\/deputado-wilson-santos-reforca-apoio-a-ufmt-em-ato-publico\/"},"author":{"name":"Samantha dos Anjos","@id":"https:\/\/wilsonsantosmt.com.br\/#\/schema\/person\/1d097ee45f526dd0455dbad8c679932c"},"headline":"Deputado Wilson Santos refor\u00e7a apoio \u00e0 UFMT em ato p\u00fablico","datePublished":"2025-08-22T14:12:08+00:00","dateModified":"2025-08-22T14:12:09+00:00","mainEntityOfPage":{"@id":"https:\/\/wilsonsantosmt.com.br\/index.php\/2025\/08\/22\/deputado-wilson-santos-reforca-apoio-a-ufmt-em-ato-publico\/"},"wordCount":265,"publisher":{"@id":"https:\/\/wilsonsantosmt.com.br\/#\/schema\/person\/9de3c54961637a9eadb16bcbf895b1ef"},"articleSection":["Not\u00edcias"],"inLanguage":"pt-BR"},{"@type":"WebPage","@id":"https:\/\/wilsonsantosmt.com.br\/index.php\/2025\/08\/22\/deputado-wilson-santos-reforca-apoio-a-ufmt-em-ato-publico\/","url":"https:\/\/wilsonsantosmt.com.br\/index.php\/2025\/08\/22\/deputado-wilson-santos-reforca-apoio-a-ufmt-em-ato-publico\/","name":"Deputado Wilson Santos refor\u00e7a apoio \u00e0 UFMT em ato p\u00fablico - wilsonsantosmt.com.br","isPartOf":{"@id":"https:\/\/wilsonsantosmt.com.br\/#website"},"datePublished":"2025-08-22T14:12:08+00:00","dateModified":"2025-08-22T14:12:09+00:00","breadcrumb":{"@id":"https:\/\/wilsonsantosmt.com.br\/index.php\/2025\/08\/22\/deputado-wilson-santos-reforca-apoio-a-ufmt-em-ato-publico\/#breadcrumb"},"inLanguage":"pt-BR","potentialAction":[{"@type":"ReadAction","target":["https:\/\/wilsonsantosmt.com.br\/index.php\/2025\/08\/22\/deputado-wilson-santos-reforca-apoio-a-ufmt-em-ato-publico\/"]}]},{"@type":"BreadcrumbList","@id":"https:\/\/wilsonsantosmt.com.br\/index.php\/2025\/08\/22\/deputado-wilson-santos-reforca-apoio-a-ufmt-em-ato-publico\/#breadcrumb","itemListElement":[{"@type":"ListItem","position":1,"name":"In\u00edcio","item":"https:\/\/wilsonsantosmt.com.br\/"},{"@type":"ListItem","position":2,"name":"Not\u00edcias","item":"https:\/\/wilsonsantosmt.com.br\/index.php\/category\/noticias\/"},{"@type":"ListItem","position":3,"name":"Deputado Wilson Santos refor\u00e7a apoio \u00e0 UFMT em ato p\u00fablico"}]},{"@type":"WebSite","@id":"https:\/\/wilsonsantosmt.com.br\/#website","url":"https:\/\/wilsonsantosmt.com.br\/","name":"wilsonsantosmt.com.br","description":"","publisher":{"@id":"https:\/\/wilsonsantosmt.com.br\/#\/schema\/person\/9de3c54961637a9eadb16bcbf895b1ef"},"potentialAction":[{"@type":"SearchAction","target":{"@type":"EntryPoint","urlTemplate":"https:\/\/wilsonsantosmt.com.br\/?s={search_term_string}"},"query-input":"required name=search_term_string"}],"inLanguage":"pt-BR"},{"@type":["Person","Organization"],"@id":"https:\/\/wilsonsantosmt.com.br\/#\/schema\/person\/9de3c54961637a9eadb16bcbf895b1ef","name":"Wilson Santos","image":{"@type":"ImageObject","inLanguage":"pt-BR","@id":"https:\/\/wilsonsantosmt.com.br\/#\/schema\/person\/image\/","url":"https:\/\/wilsonsantosmt.com.br\/wp-content\/uploads\/2023\/11\/310828673_653254583023360_8795459643194608438_n.jpg","contentUrl":"https:\/\/wilsonsantosmt.com.br\/wp-content\/uploads\/2023\/11\/310828673_653254583023360_8795459643194608438_n.jpg","width":1078,"height":1079,"caption":"Wilson Santos"},"logo":{"@id":"https:\/\/wilsonsantosmt.com.br\/#\/schema\/person\/image\/"},"sameAs":["http:\/\/wilsonsantosmt.com.br","https:\/\/www.facebook.com\/WilsonSantosMT\/","https:\/\/www.instagram.com\/wilsonsantosmt\/","https:\/\/www.youtube.com\/@WilsonSantosWS\/videos","https:\/\/pt.wikipedia.org\/wiki\/Wilson_Santos"],"honorificPrefix":"Sr","gender":"masculino","jobTitle":"Deputado Estadual","worksFor":"Assembleia Legislativa de Mato Grosso"},{"@type":"Person","@id":"https:\/\/wilsonsantosmt.com.br\/#\/schema\/person\/1d097ee45f526dd0455dbad8c679932c","name":"Samantha dos Anjos","image":{"@type":"ImageObject","inLanguage":"pt-BR","@id":"https:\/\/wilsonsantosmt.com.br\/#\/schema\/person\/image\/","url":"https:\/\/secure.gravatar.com\/avatar\/7d8d0b6dd67d134a9fa841bee90c57c7?s=96&d=mm&r=g","contentUrl":"https:\/\/secure.gravatar.com\/avatar\/7d8d0b6dd67d134a9fa841bee90c57c7?s=96&d=mm&r=g","caption":"Samantha dos Anjos"},"url":"https:\/\/wilsonsantosmt.com.br\/index.php\/author\/samantha-dos-anjos\/"}]}},"_links":{"self":[{"href":"https:\/\/wilsonsantosmt.com.br\/index.php\/wp-json\/wp\/v2\/posts\/1813"}],"collection":[{"href":"https:\/\/wilsonsantosmt.com.br\/index.php\/wp-json\/wp\/v2\/posts"}],"about":[{"href":"https:\/\/wilsonsantosmt.com.br\/index.php\/wp-json\/wp\/v2\/types\/post"}],"author":[{"embeddable":true,"href":"https:\/\/wilsonsantosmt.com.br\/index.php\/wp-json\/wp\/v2\/users\/4"}],"replies":[{"embeddable":true,"href":"https:\/\/wilsonsantosmt.com.br\/index.php\/wp-json\/wp\/v2\/comments?post=1813"}],"version-history":[{"count":1,"href":"https:\/\/wilsonsantosmt.com.br\/index.php\/wp-json\/wp\/v2\/posts\/1813\/revisions"}],"predecessor-version":[{"id":1816,"href":"https:\/\/wilsonsantosmt.com.br\/index.php\/wp-json\/wp\/v2\/posts\/1813\/revisions\/1816"}],"wp:featuredmedia":[{"embeddable":true,"href":"https:\/\/wilsonsantosmt.com.br\/index.php\/wp-json\/wp\/v2\/media\/1814"}],"wp:attachment":[{"href":"https:\/\/wilsonsantosmt.com.br\/index.php\/wp-json\/wp\/v2\/media?parent=1813"}],"wp:term":[{"taxonomy":"category","embeddable":true,"href":"https:\/\/wilsonsantosmt.com.br\/index.php\/wp-json\/wp\/v2\/categories?post=1813"},{"taxonomy":"post_tag","embeddable":true,"href":"https:\/\/wilsonsantosmt.com.br\/index.php\/wp-json\/wp\/v2\/tags?post=1813"}],"curies":[{"name":"wp","href":"https:\/\/api.w.org\/{rel}","templated":true}]}}