{"id":1817,"date":"2025-09-05T11:57:59","date_gmt":"2025-09-05T15:57:59","guid":{"rendered":"https:\/\/wilsonsantosmt.com.br\/?p=1817"},"modified":"2025-09-05T11:58:00","modified_gmt":"2025-09-05T15:58:00","slug":"wilson-santos-prestigia-33a-festa-do-peao-pantaneiro-e-reforca-apoio-a-cultura-e-ao-desenvolvimento-de-santo-antonio-de-leverger","status":"publish","type":"post","link":"https:\/\/wilsonsantosmt.com.br\/index.php\/2025\/09\/05\/wilson-santos-prestigia-33a-festa-do-peao-pantaneiro-e-reforca-apoio-a-cultura-e-ao-desenvolvimento-de-santo-antonio-de-leverger\/","title":{"rendered":"Wilson Santos prestigia 33\u00aa Festa do Pe\u00e3o Pantaneiro e refor\u00e7a apoio \u00e0 cultura e ao desenvolvimento de Santo Ant\u00f4nio de Leverger"},"content":{"rendered":"\n<p><\/p>\n\n\n\n<p><\/p>\n\n\n\n<p>O deputado estadual Wilson Santos (PSD) participou da abertura da 33\u00aa Festa do Pe\u00e3o Pantaneiro, nesta quinta-feira (4), na Arena da Equipe MT Rodeios da Agrovila das Palmeiras, em Santo Ant\u00f4nio de Leverger. O evento que \u00e9 tradicional no calend\u00e1rio cultural da regi\u00e3o, foi contemplado com mais uma emenda parlamentar no valor de R$ 300 mil para fortalecer as atividades culturais, esportivas e econ\u00f4micas do munic\u00edpio. Estiveram presentes a prefeita municipal, Francieli Guimar\u00e3es, o presidente da C\u00e2mara Municipal, Rafael Pedroso de Lima, e demais vereadores Manoel Teixeira e Neco da Bandeirante \u2013 ambos do PSB -, a subprefeita Penha Guimar\u00e3es, entre outros representantes de entidades e lideran\u00e7as locais.<\/p>\n\n\n\n<p>Com mais de 30 anos de atua\u00e7\u00e3o constante na Agrovila das Palmeiras, o parlamentar destacou a sua liga\u00e7\u00e3o hist\u00f3rica com a comunidade. \u201c\u00c9 uma satisfa\u00e7\u00e3o manter presen\u00e7a constante em Santo Ant\u00f4nio de Leverger, principalmente na regi\u00e3o da Agrovila das Palmeiras! S\u00e3o muitos anos por aqui e pude presenciar importantes avan\u00e7os, como a chegada da energia el\u00e9trica, da internet e do asfalto &#8211; especialmente na zona rural &#8211; que garantiu mais qualidade de vida aos moradores. Al\u00e9m disso, contribui com importantes a\u00e7\u00f5es de diferentes \u00e1reas em prol da nossa gente\u201d, ressaltou.<\/p>\n\n\n\n<p>No evento, foi destacado a realiza\u00e7\u00e3o de um grande sonho esperado pela comunidade da Agrovila das Palmeiras, no final de julho deste ano, com a entrega de 57 km de asfalto nos trechos da MT-361 e MT-468 que interligam a comunidade Porto de Fora e a Vila Cait\u00e9 \u00e0 BR-163, entre os munic\u00edpios de Bar\u00e3o de Melga\u00e7o e Santo Ant\u00f4nio de Leverger. Com as melhorias na infraestrutura, os interessados em participar da Festa do Pe\u00e3o Pantaneiro, que acontece todos os anos, poder\u00e3o seguir para o evento com total seguran\u00e7a e f\u00e1cil acesso para curtir a festa.<\/p>\n\n\n\n<p>O vereador Manoel Teixeira, presidente do evento, lembrou que a festa come\u00e7ou de forma simples, em fam\u00edlia. \u201cS\u00e3o 33 anos de hist\u00f3ria com a festa do pe\u00e3o. Come\u00e7amos com uma brincadeira em fam\u00edlia, com um boi na fazenda e a ideia avan\u00e7ou at\u00e9 se tornar um grande evento na regi\u00e3o. O deputado Wilson Santos sempre tem dado apoio. N\u00e3o s\u00f3 no rodeio, como, tamb\u00e9m, para a agricultura familiar e ao esporte com a realiza\u00e7\u00e3o de torneios e campeonatos. Nossa expectativa para este ano \u00e9 atingir cerca de 35 mil em p\u00fablico\u201d, declarou.<\/p>\n\n\n\n<p>A prefeita Francieli ressaltou que o asfalto levado \u00e0 regi\u00e3o foi um sonho realizado e que a festa ajuda a projetar Santo Ant\u00f4nio de Leverger no cen\u00e1rio estadual. \u201cA parceria do deputado Wilson \u00e9 muito importante. Sem contar que ele \u00e9 muito parceiro, trouxe o asfalto que veio dar mais seguran\u00e7a e facilitar a vida de quem vai e vem. Um sonho realizado! Ele \u00e9 uma importante lideran\u00e7a na Assembleia Legislativa. Essa \u00e9 uma pol\u00edtica boa que vem fazendo a diferen\u00e7a na vida do cidad\u00e3o\u201d, declarou.<\/p>\n\n\n\n<p>\u201cA festa do Pe\u00e3o Pantaneiro \u00e9 muito importante para a economia local. Al\u00e9m de contarmos com o apoio do nosso deputado Wilson Santos neste importante evento, reconhecemos os investimentos com o futebol amador. Al\u00e9m de valorizar a cultura, fortalece o esporte e o lazer da nossa popula\u00e7\u00e3o. Sem contar a luta dele pelos pequenos e a defesa aos nossos pescadores da regi\u00e3o\u201d, informou o vereador Neco.<\/p>\n\n\n\n<p>A subprefeita da Agrovila das Palmeiras, Maria da Penha Sales Guimar\u00e3es agradeceu o apoio e a presen\u00e7a de Wilson Santos na regi\u00e3o. \u201cO evento da Festa do Pe\u00e3o \u00e9 esperado pela comunidade todo ano. Termina um, j\u00e1 nos preparamos para o pr\u00f3ximo. Movimenta a economia da nossa regi\u00e3o e toda a nossa comunidade que \u00e9 simples e acolhedora com os nossos turistas. O deputado Wilson Santos trouxe o asfalto que vai facilitar a vinda das pessoas at\u00e9 a festa. Ele j\u00e1 ajudou, ajuda e vai continuar olhando pela nossa comunidade!\u201d, pontuou.<\/p>\n\n\n\n<p>Na abertura, a festa &#8211; que vai se estender at\u00e9 domingo (7) &#8211; teve ainda a presen\u00e7a de representantes de entidades como os presidentes do Sindicato Rural de Cuiab\u00e1 e de Santo Ant\u00f4nio de Leverger, Celso Nogueira e Ant\u00f4nio Carlos. A expectativa \u00e9 que cerca de 35 mil pessoas participem ao longo dos dias de festa, que j\u00e1 se consolidou como refer\u00eancia nacional, reunindo mais de 200 competidores de diversas regi\u00f5es do Brasil.<\/p>\n\n\n\n<p><\/p>\n\n\n\n<p><\/p>\n\n\n\n<figure class=\"wp-block-image size-large\"><img fetchpriority=\"high\" decoding=\"async\" width=\"1024\" height=\"682\" src=\"http:\/\/wilsonsantosmt.com.br\/wp-content\/uploads\/2025\/09\/WhatsApp-Image-2025-09-05-at-11.24.19-1024x682.jpeg\" alt=\"\" class=\"wp-image-1823\" srcset=\"https:\/\/wilsonsantosmt.com.br\/wp-content\/uploads\/2025\/09\/WhatsApp-Image-2025-09-05-at-11.24.19-1024x682.jpeg 1024w, https:\/\/wilsonsantosmt.com.br\/wp-content\/uploads\/2025\/09\/WhatsApp-Image-2025-09-05-at-11.24.19-300x200.jpeg 300w, https:\/\/wilsonsantosmt.com.br\/wp-content\/uploads\/2025\/09\/WhatsApp-Image-2025-09-05-at-11.24.19-768x512.jpeg 768w, https:\/\/wilsonsantosmt.com.br\/wp-content\/uploads\/2025\/09\/WhatsApp-Image-2025-09-05-at-11.24.19-1536x1024.jpeg 1536w, https:\/\/wilsonsantosmt.com.br\/wp-content\/uploads\/2025\/09\/WhatsApp-Image-2025-09-05-at-11.24.19-2048x1365.jpeg 2048w, https:\/\/wilsonsantosmt.com.br\/wp-content\/uploads\/2025\/09\/WhatsApp-Image-2025-09-05-at-11.24.19-600x400.jpeg 600w\" sizes=\"(max-width: 1024px) 100vw, 1024px\" \/><\/figure>\n","protected":false},"excerpt":{"rendered":"<p>O deputado estadual Wilson Santos (PSD) participou da abertura da 33\u00aa Festa do Pe\u00e3o Pantaneiro, nesta quinta-feira (4), na Arena da Equipe MT Rodeios da Agrovila das Palmeiras, em Santo Ant\u00f4nio de Leverger. O evento que \u00e9 tradicional no calend\u00e1rio cultural da regi\u00e3o, foi contemplado com mais uma emenda parlamentar no valor de R$ 300 [&hellip;]<\/p>\n","protected":false},"author":4,"featured_media":1818,"comment_status":"closed","ping_status":"open","sticky":false,"template":"","format":"standard","meta":{"footnotes":""},"categories":[13],"tags":[],"yoast_head":"<!-- This site is optimized with the Yoast SEO Premium plugin v21.5 (Yoast SEO v21.4) - https:\/\/yoast.com\/wordpress\/plugins\/seo\/ -->\n<title>Wilson Santos prestigia 33\u00aa Festa do Pe\u00e3o Pantaneiro e refor\u00e7a apoio \u00e0 cultura e ao desenvolvimento de Santo Ant\u00f4nio de Leverger - wilsonsantosmt.com.br<\/title>\n<meta name=\"robots\" content=\"index, follow, max-snippet:-1, max-image-preview:large, max-video-preview:-1\" \/>\n<link rel=\"canonical\" href=\"https:\/\/wilsonsantosmt.com.br\/index.php\/2025\/09\/05\/wilson-santos-prestigia-33a-festa-do-peao-pantaneiro-e-reforca-apoio-a-cultura-e-ao-desenvolvimento-de-santo-antonio-de-leverger\/\" \/>\n<meta property=\"og:locale\" content=\"pt_BR\" \/>\n<meta property=\"og:type\" content=\"article\" \/>\n<meta property=\"og:title\" content=\"Wilson Santos prestigia 33\u00aa Festa do Pe\u00e3o Pantaneiro e refor\u00e7a apoio \u00e0 cultura e ao desenvolvimento de Santo Ant\u00f4nio de Leverger\" \/>\n<meta property=\"og:description\" content=\"O deputado estadual Wilson Santos (PSD) participou da abertura da 33\u00aa Festa do Pe\u00e3o Pantaneiro, nesta quinta-feira (4), na Arena da Equipe MT Rodeios da Agrovila das Palmeiras, em Santo Ant\u00f4nio de Leverger. O evento que \u00e9 tradicional no calend\u00e1rio cultural da regi\u00e3o, foi contemplado com mais uma emenda parlamentar no valor de R$ 300 [&hellip;]\" \/>\n<meta property=\"og:url\" content=\"https:\/\/wilsonsantosmt.com.br\/index.php\/2025\/09\/05\/wilson-santos-prestigia-33a-festa-do-peao-pantaneiro-e-reforca-apoio-a-cultura-e-ao-desenvolvimento-de-santo-antonio-de-leverger\/\" \/>\n<meta property=\"og:site_name\" content=\"wilsonsantosmt.com.br\" \/>\n<meta property=\"article:publisher\" content=\"https:\/\/www.facebook.com\/WilsonSantosMT\/\" \/>\n<meta property=\"article:published_time\" content=\"2025-09-05T15:57:59+00:00\" \/>\n<meta property=\"article:modified_time\" content=\"2025-09-05T15:58:00+00:00\" \/>\n<meta property=\"og:image\" content=\"http:\/\/wilsonsantosmt.com.br\/wp-content\/uploads\/2025\/09\/WhatsApp-Image-2025-09-05-at-11.31.49.jpeg\" \/>\n\t<meta property=\"og:image:width\" content=\"2560\" \/>\n\t<meta property=\"og:image:height\" content=\"1706\" \/>\n\t<meta property=\"og:image:type\" content=\"image\/jpeg\" \/>\n<meta name=\"author\" content=\"Samantha dos Anjos\" \/>\n<meta name=\"twitter:card\" content=\"summary_large_image\" \/>\n<meta name=\"twitter:label1\" content=\"Escrito por\" \/>\n\t<meta name=\"twitter:data1\" content=\"Samantha dos Anjos\" \/>\n\t<meta name=\"twitter:label2\" content=\"Est. tempo de leitura\" \/>\n\t<meta name=\"twitter:data2\" content=\"5 minutos\" \/>\n<script type=\"application\/ld+json\" class=\"yoast-schema-graph\">{\"@context\":\"https:\/\/schema.org\",\"@graph\":[{\"@type\":\"Article\",\"@id\":\"https:\/\/wilsonsantosmt.com.br\/index.php\/2025\/09\/05\/wilson-santos-prestigia-33a-festa-do-peao-pantaneiro-e-reforca-apoio-a-cultura-e-ao-desenvolvimento-de-santo-antonio-de-leverger\/#article\",\"isPartOf\":{\"@id\":\"https:\/\/wilsonsantosmt.com.br\/index.php\/2025\/09\/05\/wilson-santos-prestigia-33a-festa-do-peao-pantaneiro-e-reforca-apoio-a-cultura-e-ao-desenvolvimento-de-santo-antonio-de-leverger\/\"},\"author\":{\"name\":\"Samantha dos Anjos\",\"@id\":\"https:\/\/wilsonsantosmt.com.br\/#\/schema\/person\/1d097ee45f526dd0455dbad8c679932c\"},\"headline\":\"Wilson Santos prestigia 33\u00aa Festa do Pe\u00e3o Pantaneiro e refor\u00e7a apoio \u00e0 cultura e ao desenvolvimento de Santo Ant\u00f4nio de Leverger\",\"datePublished\":\"2025-09-05T15:57:59+00:00\",\"dateModified\":\"2025-09-05T15:58:00+00:00\",\"mainEntityOfPage\":{\"@id\":\"https:\/\/wilsonsantosmt.com.br\/index.php\/2025\/09\/05\/wilson-santos-prestigia-33a-festa-do-peao-pantaneiro-e-reforca-apoio-a-cultura-e-ao-desenvolvimento-de-santo-antonio-de-leverger\/\"},\"wordCount\":768,\"publisher\":{\"@id\":\"https:\/\/wilsonsantosmt.com.br\/#\/schema\/person\/9de3c54961637a9eadb16bcbf895b1ef\"},\"articleSection\":[\"Not\u00edcias\"],\"inLanguage\":\"pt-BR\"},{\"@type\":\"WebPage\",\"@id\":\"https:\/\/wilsonsantosmt.com.br\/index.php\/2025\/09\/05\/wilson-santos-prestigia-33a-festa-do-peao-pantaneiro-e-reforca-apoio-a-cultura-e-ao-desenvolvimento-de-santo-antonio-de-leverger\/\",\"url\":\"https:\/\/wilsonsantosmt.com.br\/index.php\/2025\/09\/05\/wilson-santos-prestigia-33a-festa-do-peao-pantaneiro-e-reforca-apoio-a-cultura-e-ao-desenvolvimento-de-santo-antonio-de-leverger\/\",\"name\":\"Wilson Santos prestigia 33\u00aa Festa do Pe\u00e3o Pantaneiro e refor\u00e7a apoio \u00e0 cultura e ao desenvolvimento de Santo Ant\u00f4nio de Leverger - wilsonsantosmt.com.br\",\"isPartOf\":{\"@id\":\"https:\/\/wilsonsantosmt.com.br\/#website\"},\"datePublished\":\"2025-09-05T15:57:59+00:00\",\"dateModified\":\"2025-09-05T15:58:00+00:00\",\"breadcrumb\":{\"@id\":\"https:\/\/wilsonsantosmt.com.br\/index.php\/2025\/09\/05\/wilson-santos-prestigia-33a-festa-do-peao-pantaneiro-e-reforca-apoio-a-cultura-e-ao-desenvolvimento-de-santo-antonio-de-leverger\/#breadcrumb\"},\"inLanguage\":\"pt-BR\",\"potentialAction\":[{\"@type\":\"ReadAction\",\"target\":[\"https:\/\/wilsonsantosmt.com.br\/index.php\/2025\/09\/05\/wilson-santos-prestigia-33a-festa-do-peao-pantaneiro-e-reforca-apoio-a-cultura-e-ao-desenvolvimento-de-santo-antonio-de-leverger\/\"]}]},{\"@type\":\"BreadcrumbList\",\"@id\":\"https:\/\/wilsonsantosmt.com.br\/index.php\/2025\/09\/05\/wilson-santos-prestigia-33a-festa-do-peao-pantaneiro-e-reforca-apoio-a-cultura-e-ao-desenvolvimento-de-santo-antonio-de-leverger\/#breadcrumb\",\"itemListElement\":[{\"@type\":\"ListItem\",\"position\":1,\"name\":\"In\u00edcio\",\"item\":\"https:\/\/wilsonsantosmt.com.br\/\"},{\"@type\":\"ListItem\",\"position\":2,\"name\":\"Not\u00edcias\",\"item\":\"https:\/\/wilsonsantosmt.com.br\/index.php\/category\/noticias\/\"},{\"@type\":\"ListItem\",\"position\":3,\"name\":\"Wilson Santos prestigia 33\u00aa Festa do Pe\u00e3o Pantaneiro e refor\u00e7a apoio \u00e0 cultura e ao desenvolvimento de Santo Ant\u00f4nio de Leverger\"}]},{\"@type\":\"WebSite\",\"@id\":\"https:\/\/wilsonsantosmt.com.br\/#website\",\"url\":\"https:\/\/wilsonsantosmt.com.br\/\",\"name\":\"wilsonsantosmt.com.br\",\"description\":\"\",\"publisher\":{\"@id\":\"https:\/\/wilsonsantosmt.com.br\/#\/schema\/person\/9de3c54961637a9eadb16bcbf895b1ef\"},\"potentialAction\":[{\"@type\":\"SearchAction\",\"target\":{\"@type\":\"EntryPoint\",\"urlTemplate\":\"https:\/\/wilsonsantosmt.com.br\/?s={search_term_string}\"},\"query-input\":\"required name=search_term_string\"}],\"inLanguage\":\"pt-BR\"},{\"@type\":[\"Person\",\"Organization\"],\"@id\":\"https:\/\/wilsonsantosmt.com.br\/#\/schema\/person\/9de3c54961637a9eadb16bcbf895b1ef\",\"name\":\"Wilson Santos\",\"image\":{\"@type\":\"ImageObject\",\"inLanguage\":\"pt-BR\",\"@id\":\"https:\/\/wilsonsantosmt.com.br\/#\/schema\/person\/image\/\",\"url\":\"https:\/\/wilsonsantosmt.com.br\/wp-content\/uploads\/2023\/11\/310828673_653254583023360_8795459643194608438_n.jpg\",\"contentUrl\":\"https:\/\/wilsonsantosmt.com.br\/wp-content\/uploads\/2023\/11\/310828673_653254583023360_8795459643194608438_n.jpg\",\"width\":1078,\"height\":1079,\"caption\":\"Wilson Santos\"},\"logo\":{\"@id\":\"https:\/\/wilsonsantosmt.com.br\/#\/schema\/person\/image\/\"},\"sameAs\":[\"http:\/\/wilsonsantosmt.com.br\",\"https:\/\/www.facebook.com\/WilsonSantosMT\/\",\"https:\/\/www.instagram.com\/wilsonsantosmt\/\",\"https:\/\/www.youtube.com\/@WilsonSantosWS\/videos\",\"https:\/\/pt.wikipedia.org\/wiki\/Wilson_Santos\"],\"honorificPrefix\":\"Sr\",\"gender\":\"masculino\",\"jobTitle\":\"Deputado Estadual\",\"worksFor\":\"Assembleia Legislativa de Mato Grosso\"},{\"@type\":\"Person\",\"@id\":\"https:\/\/wilsonsantosmt.com.br\/#\/schema\/person\/1d097ee45f526dd0455dbad8c679932c\",\"name\":\"Samantha dos Anjos\",\"image\":{\"@type\":\"ImageObject\",\"inLanguage\":\"pt-BR\",\"@id\":\"https:\/\/wilsonsantosmt.com.br\/#\/schema\/person\/image\/\",\"url\":\"https:\/\/secure.gravatar.com\/avatar\/7d8d0b6dd67d134a9fa841bee90c57c7?s=96&d=mm&r=g\",\"contentUrl\":\"https:\/\/secure.gravatar.com\/avatar\/7d8d0b6dd67d134a9fa841bee90c57c7?s=96&d=mm&r=g\",\"caption\":\"Samantha dos Anjos\"},\"url\":\"https:\/\/wilsonsantosmt.com.br\/index.php\/author\/samantha-dos-anjos\/\"}]}<\/script>\n<!-- \/ Yoast SEO Premium plugin. -->","yoast_head_json":{"title":"Wilson Santos prestigia 33\u00aa Festa do Pe\u00e3o Pantaneiro e refor\u00e7a apoio \u00e0 cultura e ao desenvolvimento de Santo Ant\u00f4nio de Leverger - wilsonsantosmt.com.br","robots":{"index":"index","follow":"follow","max-snippet":"max-snippet:-1","max-image-preview":"max-image-preview:large","max-video-preview":"max-video-preview:-1"},"canonical":"https:\/\/wilsonsantosmt.com.br\/index.php\/2025\/09\/05\/wilson-santos-prestigia-33a-festa-do-peao-pantaneiro-e-reforca-apoio-a-cultura-e-ao-desenvolvimento-de-santo-antonio-de-leverger\/","og_locale":"pt_BR","og_type":"article","og_title":"Wilson Santos prestigia 33\u00aa Festa do Pe\u00e3o Pantaneiro e refor\u00e7a apoio \u00e0 cultura e ao desenvolvimento de Santo Ant\u00f4nio de Leverger","og_description":"O deputado estadual Wilson Santos (PSD) participou da abertura da 33\u00aa Festa do Pe\u00e3o Pantaneiro, nesta quinta-feira (4), na Arena da Equipe MT Rodeios da Agrovila das Palmeiras, em Santo Ant\u00f4nio de Leverger. O evento que \u00e9 tradicional no calend\u00e1rio cultural da regi\u00e3o, foi contemplado com mais uma emenda parlamentar no valor de R$ 300 [&hellip;]","og_url":"https:\/\/wilsonsantosmt.com.br\/index.php\/2025\/09\/05\/wilson-santos-prestigia-33a-festa-do-peao-pantaneiro-e-reforca-apoio-a-cultura-e-ao-desenvolvimento-de-santo-antonio-de-leverger\/","og_site_name":"wilsonsantosmt.com.br","article_publisher":"https:\/\/www.facebook.com\/WilsonSantosMT\/","article_published_time":"2025-09-05T15:57:59+00:00","article_modified_time":"2025-09-05T15:58:00+00:00","og_image":[{"width":2560,"height":1706,"url":"http:\/\/wilsonsantosmt.com.br\/wp-content\/uploads\/2025\/09\/WhatsApp-Image-2025-09-05-at-11.31.49.jpeg","type":"image\/jpeg"}],"author":"Samantha dos Anjos","twitter_card":"summary_large_image","twitter_misc":{"Escrito por":"Samantha dos Anjos","Est. tempo de leitura":"5 minutos"},"schema":{"@context":"https:\/\/schema.org","@graph":[{"@type":"Article","@id":"https:\/\/wilsonsantosmt.com.br\/index.php\/2025\/09\/05\/wilson-santos-prestigia-33a-festa-do-peao-pantaneiro-e-reforca-apoio-a-cultura-e-ao-desenvolvimento-de-santo-antonio-de-leverger\/#article","isPartOf":{"@id":"https:\/\/wilsonsantosmt.com.br\/index.php\/2025\/09\/05\/wilson-santos-prestigia-33a-festa-do-peao-pantaneiro-e-reforca-apoio-a-cultura-e-ao-desenvolvimento-de-santo-antonio-de-leverger\/"},"author":{"name":"Samantha dos Anjos","@id":"https:\/\/wilsonsantosmt.com.br\/#\/schema\/person\/1d097ee45f526dd0455dbad8c679932c"},"headline":"Wilson Santos prestigia 33\u00aa Festa do Pe\u00e3o Pantaneiro e refor\u00e7a apoio \u00e0 cultura e ao desenvolvimento de Santo Ant\u00f4nio de Leverger","datePublished":"2025-09-05T15:57:59+00:00","dateModified":"2025-09-05T15:58:00+00:00","mainEntityOfPage":{"@id":"https:\/\/wilsonsantosmt.com.br\/index.php\/2025\/09\/05\/wilson-santos-prestigia-33a-festa-do-peao-pantaneiro-e-reforca-apoio-a-cultura-e-ao-desenvolvimento-de-santo-antonio-de-leverger\/"},"wordCount":768,"publisher":{"@id":"https:\/\/wilsonsantosmt.com.br\/#\/schema\/person\/9de3c54961637a9eadb16bcbf895b1ef"},"articleSection":["Not\u00edcias"],"inLanguage":"pt-BR"},{"@type":"WebPage","@id":"https:\/\/wilsonsantosmt.com.br\/index.php\/2025\/09\/05\/wilson-santos-prestigia-33a-festa-do-peao-pantaneiro-e-reforca-apoio-a-cultura-e-ao-desenvolvimento-de-santo-antonio-de-leverger\/","url":"https:\/\/wilsonsantosmt.com.br\/index.php\/2025\/09\/05\/wilson-santos-prestigia-33a-festa-do-peao-pantaneiro-e-reforca-apoio-a-cultura-e-ao-desenvolvimento-de-santo-antonio-de-leverger\/","name":"Wilson Santos prestigia 33\u00aa Festa do Pe\u00e3o Pantaneiro e refor\u00e7a apoio \u00e0 cultura e ao desenvolvimento de Santo Ant\u00f4nio de Leverger - wilsonsantosmt.com.br","isPartOf":{"@id":"https:\/\/wilsonsantosmt.com.br\/#website"},"datePublished":"2025-09-05T15:57:59+00:00","dateModified":"2025-09-05T15:58:00+00:00","breadcrumb":{"@id":"https:\/\/wilsonsantosmt.com.br\/index.php\/2025\/09\/05\/wilson-santos-prestigia-33a-festa-do-peao-pantaneiro-e-reforca-apoio-a-cultura-e-ao-desenvolvimento-de-santo-antonio-de-leverger\/#breadcrumb"},"inLanguage":"pt-BR","potentialAction":[{"@type":"ReadAction","target":["https:\/\/wilsonsantosmt.com.br\/index.php\/2025\/09\/05\/wilson-santos-prestigia-33a-festa-do-peao-pantaneiro-e-reforca-apoio-a-cultura-e-ao-desenvolvimento-de-santo-antonio-de-leverger\/"]}]},{"@type":"BreadcrumbList","@id":"https:\/\/wilsonsantosmt.com.br\/index.php\/2025\/09\/05\/wilson-santos-prestigia-33a-festa-do-peao-pantaneiro-e-reforca-apoio-a-cultura-e-ao-desenvolvimento-de-santo-antonio-de-leverger\/#breadcrumb","itemListElement":[{"@type":"ListItem","position":1,"name":"In\u00edcio","item":"https:\/\/wilsonsantosmt.com.br\/"},{"@type":"ListItem","position":2,"name":"Not\u00edcias","item":"https:\/\/wilsonsantosmt.com.br\/index.php\/category\/noticias\/"},{"@type":"ListItem","position":3,"name":"Wilson Santos prestigia 33\u00aa Festa do Pe\u00e3o Pantaneiro e refor\u00e7a apoio \u00e0 cultura e ao desenvolvimento de Santo Ant\u00f4nio de Leverger"}]},{"@type":"WebSite","@id":"https:\/\/wilsonsantosmt.com.br\/#website","url":"https:\/\/wilsonsantosmt.com.br\/","name":"wilsonsantosmt.com.br","description":"","publisher":{"@id":"https:\/\/wilsonsantosmt.com.br\/#\/schema\/person\/9de3c54961637a9eadb16bcbf895b1ef"},"potentialAction":[{"@type":"SearchAction","target":{"@type":"EntryPoint","urlTemplate":"https:\/\/wilsonsantosmt.com.br\/?s={search_term_string}"},"query-input":"required name=search_term_string"}],"inLanguage":"pt-BR"},{"@type":["Person","Organization"],"@id":"https:\/\/wilsonsantosmt.com.br\/#\/schema\/person\/9de3c54961637a9eadb16bcbf895b1ef","name":"Wilson Santos","image":{"@type":"ImageObject","inLanguage":"pt-BR","@id":"https:\/\/wilsonsantosmt.com.br\/#\/schema\/person\/image\/","url":"https:\/\/wilsonsantosmt.com.br\/wp-content\/uploads\/2023\/11\/310828673_653254583023360_8795459643194608438_n.jpg","contentUrl":"https:\/\/wilsonsantosmt.com.br\/wp-content\/uploads\/2023\/11\/310828673_653254583023360_8795459643194608438_n.jpg","width":1078,"height":1079,"caption":"Wilson Santos"},"logo":{"@id":"https:\/\/wilsonsantosmt.com.br\/#\/schema\/person\/image\/"},"sameAs":["http:\/\/wilsonsantosmt.com.br","https:\/\/www.facebook.com\/WilsonSantosMT\/","https:\/\/www.instagram.com\/wilsonsantosmt\/","https:\/\/www.youtube.com\/@WilsonSantosWS\/videos","https:\/\/pt.wikipedia.org\/wiki\/Wilson_Santos"],"honorificPrefix":"Sr","gender":"masculino","jobTitle":"Deputado Estadual","worksFor":"Assembleia Legislativa de Mato Grosso"},{"@type":"Person","@id":"https:\/\/wilsonsantosmt.com.br\/#\/schema\/person\/1d097ee45f526dd0455dbad8c679932c","name":"Samantha dos Anjos","image":{"@type":"ImageObject","inLanguage":"pt-BR","@id":"https:\/\/wilsonsantosmt.com.br\/#\/schema\/person\/image\/","url":"https:\/\/secure.gravatar.com\/avatar\/7d8d0b6dd67d134a9fa841bee90c57c7?s=96&d=mm&r=g","contentUrl":"https:\/\/secure.gravatar.com\/avatar\/7d8d0b6dd67d134a9fa841bee90c57c7?s=96&d=mm&r=g","caption":"Samantha dos Anjos"},"url":"https:\/\/wilsonsantosmt.com.br\/index.php\/author\/samantha-dos-anjos\/"}]}},"_links":{"self":[{"href":"https:\/\/wilsonsantosmt.com.br\/index.php\/wp-json\/wp\/v2\/posts\/1817"}],"collection":[{"href":"https:\/\/wilsonsantosmt.com.br\/index.php\/wp-json\/wp\/v2\/posts"}],"about":[{"href":"https:\/\/wilsonsantosmt.com.br\/index.php\/wp-json\/wp\/v2\/types\/post"}],"author":[{"embeddable":true,"href":"https:\/\/wilsonsantosmt.com.br\/index.php\/wp-json\/wp\/v2\/users\/4"}],"replies":[{"embeddable":true,"href":"https:\/\/wilsonsantosmt.com.br\/index.php\/wp-json\/wp\/v2\/comments?post=1817"}],"version-history":[{"count":1,"href":"https:\/\/wilsonsantosmt.com.br\/index.php\/wp-json\/wp\/v2\/posts\/1817\/revisions"}],"predecessor-version":[{"id":1824,"href":"https:\/\/wilsonsantosmt.com.br\/index.php\/wp-json\/wp\/v2\/posts\/1817\/revisions\/1824"}],"wp:featuredmedia":[{"embeddable":true,"href":"https:\/\/wilsonsantosmt.com.br\/index.php\/wp-json\/wp\/v2\/media\/1818"}],"wp:attachment":[{"href":"https:\/\/wilsonsantosmt.com.br\/index.php\/wp-json\/wp\/v2\/media?parent=1817"}],"wp:term":[{"taxonomy":"category","embeddable":true,"href":"https:\/\/wilsonsantosmt.com.br\/index.php\/wp-json\/wp\/v2\/categories?post=1817"},{"taxonomy":"post_tag","embeddable":true,"href":"https:\/\/wilsonsantosmt.com.br\/index.php\/wp-json\/wp\/v2\/tags?post=1817"}],"curies":[{"name":"wp","href":"https:\/\/api.w.org\/{rel}","templated":true}]}}