{"id":1825,"date":"2025-09-02T11:58:07","date_gmt":"2025-09-02T15:58:07","guid":{"rendered":"https:\/\/wilsonsantosmt.com.br\/?p=1825"},"modified":"2025-09-05T11:59:03","modified_gmt":"2025-09-05T15:59:03","slug":"almt-instala-comissao-especial-para-avaliar-a-concessao-da-energisa-em-mt","status":"publish","type":"post","link":"https:\/\/wilsonsantosmt.com.br\/index.php\/2025\/09\/02\/almt-instala-comissao-especial-para-avaliar-a-concessao-da-energisa-em-mt\/","title":{"rendered":"ALMT instala comiss\u00e3o especial para avaliar a concess\u00e3o da Energisa em MT"},"content":{"rendered":"\n<p><\/p>\n\n\n\n<p>Para avaliar a renova\u00e7\u00e3o ou eventual revers\u00e3o da concess\u00e3o dos servi\u00e7os prestados pela Energisa na distribui\u00e7\u00e3o de energia em Mato Grosso \u2013 sob contrato de n.\u00b0 003\/1997 pela Ag\u00eancia Nacional de Energia El\u00e9trica (Aneel) \u2013 com validade no dia 11 de dezembro de 2027-, nesta ter\u00e7a-feira (2), foi instalada a comiss\u00e3o especial na Assembleia Legislativa. O encontro foi conduzido pelo vice-presidente e deputado estadual Wilson Santos (PSD) e com a presen\u00e7a dos demais parlamentares que comp\u00f5em o grupo de trabalho.<\/p>\n\n\n\n<p>A iniciativa prev\u00ea o acompanhamento da atua\u00e7\u00e3o da concession\u00e1ria nos \u00faltimos 28 anos, com o envolvimento da sociedade civil e de \u00f3rg\u00e3os p\u00fablicos. \u201cJ\u00e1 est\u00e1 publicado em Di\u00e1rio Oficial essa comiss\u00e3o, com a presen\u00e7a maci\u00e7a de seus membros nesta data. Tamb\u00e9m, integra o presidente da AMM (Associa\u00e7\u00e3o Mato-grossense dos Munic\u00edpios), L\u00e9o Bortolin, e dever\u00e1 ser ampliado com a participa\u00e7\u00e3o do Tribunal de Contas do Estado (TCE) \u2013 juntamente com a Assembleia Legislativa\u201d, disse Santos. &nbsp;<\/p>\n\n\n\n<p>No encontro, o vice-presidente da comiss\u00e3o especial distribuiu o contrato da Energisa com a Aneel \u2013 que teve seis termos aditivos &#8211; para que sejam feitos avalia\u00e7\u00f5es por parte dos integrantes e suas assessorias do que foi ou n\u00e3o cumprido pela concession\u00e1ria. Ele pontuou a necessidade de estabelecer um calend\u00e1rio de reuni\u00f5es, definir quais os representantes da Aneel, Energisa, Governo de Mato Grosso, entre outras entidades que dever\u00e3o ser ouvidas.<\/p>\n\n\n\n<p>\u201cO contrato encerra em dezembro de 2027, s\u00f3 que o processo de renova\u00e7\u00e3o n\u00e3o pode ser iniciado no final da concess\u00e3o. Ent\u00e3o, at\u00e9 abril de 2026, a Aneel tem que decidir se renova ou n\u00e3o. Esse \u00e9 o ponto important\u00edssimo. N\u00f3s temos cerca de oito meses para tratar deste assunto. Outra observa\u00e7\u00e3o, \u00e9 que a Aneel j\u00e1 renovou por mais 30 anos \u2013 a concess\u00e3o da Energisa em Mato Grosso. Lembrando que at\u00e9 2031, sob sua an\u00e1lise, ser\u00e3o quase 20 concess\u00f5es a serem avaliadas no pa\u00eds. O processo quando chega na Aneel \u00e9 relativamente r\u00e1pido. Provavelmente, podem dispensar a licita\u00e7\u00e3o. Ela passa uma rela\u00e7\u00e3o de itens a serem cumpridos e se a maioria foi atendida \u2013 ela j\u00e1 renova automaticamente sem renova\u00e7\u00e3o. A prioridade \u00e9 quem est\u00e1 na concess\u00e3o\u201d, detalha Wilson.<\/p>\n\n\n\n<p>A deputada estadual Jana\u00edna Riva (MDB) ficou respons\u00e1vel em realizar agendamentos junto aos representantes do Minist\u00e9rio de Minas e Energia (MME) e Aneel, como, tamb\u00e9m, com a bancada de deputados federais e senadores de Mato Grosso. \u201cPrecisamos de uma uni\u00e3o dos deputados federais, tamb\u00e9m dos \u00f3rg\u00e3os reguladores para que possam transmitir qual \u00e9 a situa\u00e7\u00e3o e, n\u00f3s deputados estaduais, possamos contribuir. Levar as demandas que n\u00e3o foram cumpridas no contrato pela Energisa. Agora \u00e9 hora de pontuarmos que Mato Grosso merece maior aten\u00e7\u00e3o da Energisa. Dos 12 estados que a Energisa atua, Mato Grosso representa 33% dos lucros desta concession\u00e1ria. Mato Grosso paga uma energia cara e merece uma energia de qualidade para atender l\u00e1 na ponta. A Assembleia Legislativa est\u00e1 empenhada em fazer essa discuss\u00e3o. Melhorar este servi\u00e7o que \u00e9 t\u00e3o importante para o cidad\u00e3o\u201d, explicou a parlamentar.<\/p>\n\n\n\n<p>L\u00e9o Bortolini conta que alguns prefeitos est\u00e3o revoltados com a situa\u00e7\u00e3o da distribui\u00e7\u00e3o de energia em seus munic\u00edpios, o que nos deixa muito preocupados. \u201cO pr\u00f3prio TCE e a Confedera\u00e7\u00e3o Nacional dos Munic\u00edpios t\u00eam incentivado para que os munic\u00edpios procurem alternativas para a redu\u00e7\u00e3o com as despesas de energia. E a\u00ed, houve uma procura muito grande pela energia solar e, com isso, em muitos munic\u00edpios. E a Energisa come\u00e7ou a indeferir nos projetos de energia solar contratos por alguns munic\u00edpios, como Canarana, Ga\u00facha do Norte e Alta Floresta. Deixo a minha indigna\u00e7\u00e3o com a Energisa. Isso \u00e9 um obst\u00e1culo que eles v\u00eam colocando para os munic\u00edpios e garantir os devidos direitos\u201d, relata o presidente da AMM.<\/p>\n\n\n\n<p>Wilson destacou que algumas cl\u00e1usulas n\u00e3o foram cumpridas pelo grupo Rede e a Energisa, como a implanta\u00e7\u00e3o de energia trif\u00e1sica, usada em ind\u00fastrias e com\u00e9rcios com aparelhos de alta pot\u00eancia, para todos os munic\u00edpios de Mato Grosso. Ele tamb\u00e9m destacou que h\u00e1 localidades no interior do estado que ainda n\u00e3o contam com ag\u00eancias f\u00edsicas para atendimento \u00e0 popula\u00e7\u00e3o. J\u00e1, o deputado estadual Valdir Barranco (PT) salientou que muitas propriedades da zona rural est\u00e3o sem energia.<\/p>\n\n\n\n<p>A comiss\u00e3o especial \u00e9 presidida pelo presidente da Assembleia Legislativa e deputado estadual Max Russi (PSB). Al\u00e9m de Wilson Santos, Janaina e Barranco, tamb\u00e9m integram os parlamentares Chico Guarnieri (PRD), Faissal Calil (Cidadania), J\u00falio Campos e Eduardo Botelho, ambos do Uni\u00e3o Brasil.<\/p>\n","protected":false},"excerpt":{"rendered":"<p>Para avaliar a renova\u00e7\u00e3o ou eventual revers\u00e3o da concess\u00e3o dos servi\u00e7os prestados pela Energisa na distribui\u00e7\u00e3o de energia em Mato Grosso \u2013 sob contrato de n.\u00b0 003\/1997 pela Ag\u00eancia Nacional de Energia El\u00e9trica (Aneel) \u2013 com validade no dia 11 de dezembro de 2027-, nesta ter\u00e7a-feira (2), foi instalada a comiss\u00e3o especial na Assembleia Legislativa. [&hellip;]<\/p>\n","protected":false},"author":4,"featured_media":1826,"comment_status":"closed","ping_status":"open","sticky":false,"template":"","format":"standard","meta":{"footnotes":""},"categories":[13],"tags":[],"yoast_head":"<!-- This site is optimized with the Yoast SEO Premium plugin v21.5 (Yoast SEO v21.4) - https:\/\/yoast.com\/wordpress\/plugins\/seo\/ -->\n<title>ALMT instala comiss\u00e3o especial para avaliar a concess\u00e3o da Energisa em MT - wilsonsantosmt.com.br<\/title>\n<meta name=\"robots\" content=\"index, follow, max-snippet:-1, max-image-preview:large, max-video-preview:-1\" \/>\n<link rel=\"canonical\" href=\"https:\/\/wilsonsantosmt.com.br\/index.php\/2025\/09\/02\/almt-instala-comissao-especial-para-avaliar-a-concessao-da-energisa-em-mt\/\" \/>\n<meta property=\"og:locale\" content=\"pt_BR\" \/>\n<meta property=\"og:type\" content=\"article\" \/>\n<meta property=\"og:title\" content=\"ALMT instala comiss\u00e3o especial para avaliar a concess\u00e3o da Energisa em MT\" \/>\n<meta property=\"og:description\" content=\"Para avaliar a renova\u00e7\u00e3o ou eventual revers\u00e3o da concess\u00e3o dos servi\u00e7os prestados pela Energisa na distribui\u00e7\u00e3o de energia em Mato Grosso \u2013 sob contrato de n.\u00b0 003\/1997 pela Ag\u00eancia Nacional de Energia El\u00e9trica (Aneel) \u2013 com validade no dia 11 de dezembro de 2027-, nesta ter\u00e7a-feira (2), foi instalada a comiss\u00e3o especial na Assembleia Legislativa. [&hellip;]\" \/>\n<meta property=\"og:url\" content=\"https:\/\/wilsonsantosmt.com.br\/index.php\/2025\/09\/02\/almt-instala-comissao-especial-para-avaliar-a-concessao-da-energisa-em-mt\/\" \/>\n<meta property=\"og:site_name\" content=\"wilsonsantosmt.com.br\" \/>\n<meta property=\"article:publisher\" content=\"https:\/\/www.facebook.com\/WilsonSantosMT\/\" \/>\n<meta property=\"article:published_time\" content=\"2025-09-02T15:58:07+00:00\" \/>\n<meta property=\"article:modified_time\" content=\"2025-09-05T15:59:03+00:00\" \/>\n<meta property=\"og:image\" content=\"http:\/\/wilsonsantosmt.com.br\/wp-content\/uploads\/2025\/09\/WhatsApp-Image-2025-09-02-at-12.56.29-1-1-scaled.jpeg\" \/>\n\t<meta property=\"og:image:width\" content=\"2560\" \/>\n\t<meta property=\"og:image:height\" content=\"1440\" \/>\n\t<meta property=\"og:image:type\" content=\"image\/jpeg\" \/>\n<meta name=\"author\" content=\"Samantha dos Anjos\" \/>\n<meta name=\"twitter:card\" content=\"summary_large_image\" \/>\n<meta name=\"twitter:label1\" content=\"Escrito por\" \/>\n\t<meta name=\"twitter:data1\" content=\"Samantha dos Anjos\" \/>\n\t<meta name=\"twitter:label2\" content=\"Est. tempo de leitura\" \/>\n\t<meta name=\"twitter:data2\" content=\"4 minutos\" \/>\n<script type=\"application\/ld+json\" class=\"yoast-schema-graph\">{\"@context\":\"https:\/\/schema.org\",\"@graph\":[{\"@type\":\"Article\",\"@id\":\"https:\/\/wilsonsantosmt.com.br\/index.php\/2025\/09\/02\/almt-instala-comissao-especial-para-avaliar-a-concessao-da-energisa-em-mt\/#article\",\"isPartOf\":{\"@id\":\"https:\/\/wilsonsantosmt.com.br\/index.php\/2025\/09\/02\/almt-instala-comissao-especial-para-avaliar-a-concessao-da-energisa-em-mt\/\"},\"author\":{\"name\":\"Samantha dos Anjos\",\"@id\":\"https:\/\/wilsonsantosmt.com.br\/#\/schema\/person\/1d097ee45f526dd0455dbad8c679932c\"},\"headline\":\"ALMT instala comiss\u00e3o especial para avaliar a concess\u00e3o da Energisa em MT\",\"datePublished\":\"2025-09-02T15:58:07+00:00\",\"dateModified\":\"2025-09-05T15:59:03+00:00\",\"mainEntityOfPage\":{\"@id\":\"https:\/\/wilsonsantosmt.com.br\/index.php\/2025\/09\/02\/almt-instala-comissao-especial-para-avaliar-a-concessao-da-energisa-em-mt\/\"},\"wordCount\":818,\"publisher\":{\"@id\":\"https:\/\/wilsonsantosmt.com.br\/#\/schema\/person\/9de3c54961637a9eadb16bcbf895b1ef\"},\"articleSection\":[\"Not\u00edcias\"],\"inLanguage\":\"pt-BR\"},{\"@type\":\"WebPage\",\"@id\":\"https:\/\/wilsonsantosmt.com.br\/index.php\/2025\/09\/02\/almt-instala-comissao-especial-para-avaliar-a-concessao-da-energisa-em-mt\/\",\"url\":\"https:\/\/wilsonsantosmt.com.br\/index.php\/2025\/09\/02\/almt-instala-comissao-especial-para-avaliar-a-concessao-da-energisa-em-mt\/\",\"name\":\"ALMT instala comiss\u00e3o especial para avaliar a concess\u00e3o da Energisa em MT - wilsonsantosmt.com.br\",\"isPartOf\":{\"@id\":\"https:\/\/wilsonsantosmt.com.br\/#website\"},\"datePublished\":\"2025-09-02T15:58:07+00:00\",\"dateModified\":\"2025-09-05T15:59:03+00:00\",\"breadcrumb\":{\"@id\":\"https:\/\/wilsonsantosmt.com.br\/index.php\/2025\/09\/02\/almt-instala-comissao-especial-para-avaliar-a-concessao-da-energisa-em-mt\/#breadcrumb\"},\"inLanguage\":\"pt-BR\",\"potentialAction\":[{\"@type\":\"ReadAction\",\"target\":[\"https:\/\/wilsonsantosmt.com.br\/index.php\/2025\/09\/02\/almt-instala-comissao-especial-para-avaliar-a-concessao-da-energisa-em-mt\/\"]}]},{\"@type\":\"BreadcrumbList\",\"@id\":\"https:\/\/wilsonsantosmt.com.br\/index.php\/2025\/09\/02\/almt-instala-comissao-especial-para-avaliar-a-concessao-da-energisa-em-mt\/#breadcrumb\",\"itemListElement\":[{\"@type\":\"ListItem\",\"position\":1,\"name\":\"In\u00edcio\",\"item\":\"https:\/\/wilsonsantosmt.com.br\/\"},{\"@type\":\"ListItem\",\"position\":2,\"name\":\"Not\u00edcias\",\"item\":\"https:\/\/wilsonsantosmt.com.br\/index.php\/category\/noticias\/\"},{\"@type\":\"ListItem\",\"position\":3,\"name\":\"ALMT instala comiss\u00e3o especial para avaliar a concess\u00e3o da Energisa em MT\"}]},{\"@type\":\"WebSite\",\"@id\":\"https:\/\/wilsonsantosmt.com.br\/#website\",\"url\":\"https:\/\/wilsonsantosmt.com.br\/\",\"name\":\"wilsonsantosmt.com.br\",\"description\":\"\",\"publisher\":{\"@id\":\"https:\/\/wilsonsantosmt.com.br\/#\/schema\/person\/9de3c54961637a9eadb16bcbf895b1ef\"},\"potentialAction\":[{\"@type\":\"SearchAction\",\"target\":{\"@type\":\"EntryPoint\",\"urlTemplate\":\"https:\/\/wilsonsantosmt.com.br\/?s={search_term_string}\"},\"query-input\":\"required name=search_term_string\"}],\"inLanguage\":\"pt-BR\"},{\"@type\":[\"Person\",\"Organization\"],\"@id\":\"https:\/\/wilsonsantosmt.com.br\/#\/schema\/person\/9de3c54961637a9eadb16bcbf895b1ef\",\"name\":\"Wilson Santos\",\"image\":{\"@type\":\"ImageObject\",\"inLanguage\":\"pt-BR\",\"@id\":\"https:\/\/wilsonsantosmt.com.br\/#\/schema\/person\/image\/\",\"url\":\"https:\/\/wilsonsantosmt.com.br\/wp-content\/uploads\/2023\/11\/310828673_653254583023360_8795459643194608438_n.jpg\",\"contentUrl\":\"https:\/\/wilsonsantosmt.com.br\/wp-content\/uploads\/2023\/11\/310828673_653254583023360_8795459643194608438_n.jpg\",\"width\":1078,\"height\":1079,\"caption\":\"Wilson Santos\"},\"logo\":{\"@id\":\"https:\/\/wilsonsantosmt.com.br\/#\/schema\/person\/image\/\"},\"sameAs\":[\"http:\/\/wilsonsantosmt.com.br\",\"https:\/\/www.facebook.com\/WilsonSantosMT\/\",\"https:\/\/www.instagram.com\/wilsonsantosmt\/\",\"https:\/\/www.youtube.com\/@WilsonSantosWS\/videos\",\"https:\/\/pt.wikipedia.org\/wiki\/Wilson_Santos\"],\"honorificPrefix\":\"Sr\",\"gender\":\"masculino\",\"jobTitle\":\"Deputado Estadual\",\"worksFor\":\"Assembleia Legislativa de Mato Grosso\"},{\"@type\":\"Person\",\"@id\":\"https:\/\/wilsonsantosmt.com.br\/#\/schema\/person\/1d097ee45f526dd0455dbad8c679932c\",\"name\":\"Samantha dos Anjos\",\"image\":{\"@type\":\"ImageObject\",\"inLanguage\":\"pt-BR\",\"@id\":\"https:\/\/wilsonsantosmt.com.br\/#\/schema\/person\/image\/\",\"url\":\"https:\/\/secure.gravatar.com\/avatar\/7d8d0b6dd67d134a9fa841bee90c57c7?s=96&d=mm&r=g\",\"contentUrl\":\"https:\/\/secure.gravatar.com\/avatar\/7d8d0b6dd67d134a9fa841bee90c57c7?s=96&d=mm&r=g\",\"caption\":\"Samantha dos Anjos\"},\"url\":\"https:\/\/wilsonsantosmt.com.br\/index.php\/author\/samantha-dos-anjos\/\"}]}<\/script>\n<!-- \/ Yoast SEO Premium plugin. -->","yoast_head_json":{"title":"ALMT instala comiss\u00e3o especial para avaliar a concess\u00e3o da Energisa em MT - wilsonsantosmt.com.br","robots":{"index":"index","follow":"follow","max-snippet":"max-snippet:-1","max-image-preview":"max-image-preview:large","max-video-preview":"max-video-preview:-1"},"canonical":"https:\/\/wilsonsantosmt.com.br\/index.php\/2025\/09\/02\/almt-instala-comissao-especial-para-avaliar-a-concessao-da-energisa-em-mt\/","og_locale":"pt_BR","og_type":"article","og_title":"ALMT instala comiss\u00e3o especial para avaliar a concess\u00e3o da Energisa em MT","og_description":"Para avaliar a renova\u00e7\u00e3o ou eventual revers\u00e3o da concess\u00e3o dos servi\u00e7os prestados pela Energisa na distribui\u00e7\u00e3o de energia em Mato Grosso \u2013 sob contrato de n.\u00b0 003\/1997 pela Ag\u00eancia Nacional de Energia El\u00e9trica (Aneel) \u2013 com validade no dia 11 de dezembro de 2027-, nesta ter\u00e7a-feira (2), foi instalada a comiss\u00e3o especial na Assembleia Legislativa. [&hellip;]","og_url":"https:\/\/wilsonsantosmt.com.br\/index.php\/2025\/09\/02\/almt-instala-comissao-especial-para-avaliar-a-concessao-da-energisa-em-mt\/","og_site_name":"wilsonsantosmt.com.br","article_publisher":"https:\/\/www.facebook.com\/WilsonSantosMT\/","article_published_time":"2025-09-02T15:58:07+00:00","article_modified_time":"2025-09-05T15:59:03+00:00","og_image":[{"width":2560,"height":1440,"url":"http:\/\/wilsonsantosmt.com.br\/wp-content\/uploads\/2025\/09\/WhatsApp-Image-2025-09-02-at-12.56.29-1-1-scaled.jpeg","type":"image\/jpeg"}],"author":"Samantha dos Anjos","twitter_card":"summary_large_image","twitter_misc":{"Escrito por":"Samantha dos Anjos","Est. tempo de leitura":"4 minutos"},"schema":{"@context":"https:\/\/schema.org","@graph":[{"@type":"Article","@id":"https:\/\/wilsonsantosmt.com.br\/index.php\/2025\/09\/02\/almt-instala-comissao-especial-para-avaliar-a-concessao-da-energisa-em-mt\/#article","isPartOf":{"@id":"https:\/\/wilsonsantosmt.com.br\/index.php\/2025\/09\/02\/almt-instala-comissao-especial-para-avaliar-a-concessao-da-energisa-em-mt\/"},"author":{"name":"Samantha dos Anjos","@id":"https:\/\/wilsonsantosmt.com.br\/#\/schema\/person\/1d097ee45f526dd0455dbad8c679932c"},"headline":"ALMT instala comiss\u00e3o especial para avaliar a concess\u00e3o da Energisa em MT","datePublished":"2025-09-02T15:58:07+00:00","dateModified":"2025-09-05T15:59:03+00:00","mainEntityOfPage":{"@id":"https:\/\/wilsonsantosmt.com.br\/index.php\/2025\/09\/02\/almt-instala-comissao-especial-para-avaliar-a-concessao-da-energisa-em-mt\/"},"wordCount":818,"publisher":{"@id":"https:\/\/wilsonsantosmt.com.br\/#\/schema\/person\/9de3c54961637a9eadb16bcbf895b1ef"},"articleSection":["Not\u00edcias"],"inLanguage":"pt-BR"},{"@type":"WebPage","@id":"https:\/\/wilsonsantosmt.com.br\/index.php\/2025\/09\/02\/almt-instala-comissao-especial-para-avaliar-a-concessao-da-energisa-em-mt\/","url":"https:\/\/wilsonsantosmt.com.br\/index.php\/2025\/09\/02\/almt-instala-comissao-especial-para-avaliar-a-concessao-da-energisa-em-mt\/","name":"ALMT instala comiss\u00e3o especial para avaliar a concess\u00e3o da Energisa em MT - wilsonsantosmt.com.br","isPartOf":{"@id":"https:\/\/wilsonsantosmt.com.br\/#website"},"datePublished":"2025-09-02T15:58:07+00:00","dateModified":"2025-09-05T15:59:03+00:00","breadcrumb":{"@id":"https:\/\/wilsonsantosmt.com.br\/index.php\/2025\/09\/02\/almt-instala-comissao-especial-para-avaliar-a-concessao-da-energisa-em-mt\/#breadcrumb"},"inLanguage":"pt-BR","potentialAction":[{"@type":"ReadAction","target":["https:\/\/wilsonsantosmt.com.br\/index.php\/2025\/09\/02\/almt-instala-comissao-especial-para-avaliar-a-concessao-da-energisa-em-mt\/"]}]},{"@type":"BreadcrumbList","@id":"https:\/\/wilsonsantosmt.com.br\/index.php\/2025\/09\/02\/almt-instala-comissao-especial-para-avaliar-a-concessao-da-energisa-em-mt\/#breadcrumb","itemListElement":[{"@type":"ListItem","position":1,"name":"In\u00edcio","item":"https:\/\/wilsonsantosmt.com.br\/"},{"@type":"ListItem","position":2,"name":"Not\u00edcias","item":"https:\/\/wilsonsantosmt.com.br\/index.php\/category\/noticias\/"},{"@type":"ListItem","position":3,"name":"ALMT instala comiss\u00e3o especial para avaliar a concess\u00e3o da Energisa em MT"}]},{"@type":"WebSite","@id":"https:\/\/wilsonsantosmt.com.br\/#website","url":"https:\/\/wilsonsantosmt.com.br\/","name":"wilsonsantosmt.com.br","description":"","publisher":{"@id":"https:\/\/wilsonsantosmt.com.br\/#\/schema\/person\/9de3c54961637a9eadb16bcbf895b1ef"},"potentialAction":[{"@type":"SearchAction","target":{"@type":"EntryPoint","urlTemplate":"https:\/\/wilsonsantosmt.com.br\/?s={search_term_string}"},"query-input":"required name=search_term_string"}],"inLanguage":"pt-BR"},{"@type":["Person","Organization"],"@id":"https:\/\/wilsonsantosmt.com.br\/#\/schema\/person\/9de3c54961637a9eadb16bcbf895b1ef","name":"Wilson Santos","image":{"@type":"ImageObject","inLanguage":"pt-BR","@id":"https:\/\/wilsonsantosmt.com.br\/#\/schema\/person\/image\/","url":"https:\/\/wilsonsantosmt.com.br\/wp-content\/uploads\/2023\/11\/310828673_653254583023360_8795459643194608438_n.jpg","contentUrl":"https:\/\/wilsonsantosmt.com.br\/wp-content\/uploads\/2023\/11\/310828673_653254583023360_8795459643194608438_n.jpg","width":1078,"height":1079,"caption":"Wilson Santos"},"logo":{"@id":"https:\/\/wilsonsantosmt.com.br\/#\/schema\/person\/image\/"},"sameAs":["http:\/\/wilsonsantosmt.com.br","https:\/\/www.facebook.com\/WilsonSantosMT\/","https:\/\/www.instagram.com\/wilsonsantosmt\/","https:\/\/www.youtube.com\/@WilsonSantosWS\/videos","https:\/\/pt.wikipedia.org\/wiki\/Wilson_Santos"],"honorificPrefix":"Sr","gender":"masculino","jobTitle":"Deputado Estadual","worksFor":"Assembleia Legislativa de Mato Grosso"},{"@type":"Person","@id":"https:\/\/wilsonsantosmt.com.br\/#\/schema\/person\/1d097ee45f526dd0455dbad8c679932c","name":"Samantha dos Anjos","image":{"@type":"ImageObject","inLanguage":"pt-BR","@id":"https:\/\/wilsonsantosmt.com.br\/#\/schema\/person\/image\/","url":"https:\/\/secure.gravatar.com\/avatar\/7d8d0b6dd67d134a9fa841bee90c57c7?s=96&d=mm&r=g","contentUrl":"https:\/\/secure.gravatar.com\/avatar\/7d8d0b6dd67d134a9fa841bee90c57c7?s=96&d=mm&r=g","caption":"Samantha dos Anjos"},"url":"https:\/\/wilsonsantosmt.com.br\/index.php\/author\/samantha-dos-anjos\/"}]}},"_links":{"self":[{"href":"https:\/\/wilsonsantosmt.com.br\/index.php\/wp-json\/wp\/v2\/posts\/1825"}],"collection":[{"href":"https:\/\/wilsonsantosmt.com.br\/index.php\/wp-json\/wp\/v2\/posts"}],"about":[{"href":"https:\/\/wilsonsantosmt.com.br\/index.php\/wp-json\/wp\/v2\/types\/post"}],"author":[{"embeddable":true,"href":"https:\/\/wilsonsantosmt.com.br\/index.php\/wp-json\/wp\/v2\/users\/4"}],"replies":[{"embeddable":true,"href":"https:\/\/wilsonsantosmt.com.br\/index.php\/wp-json\/wp\/v2\/comments?post=1825"}],"version-history":[{"count":1,"href":"https:\/\/wilsonsantosmt.com.br\/index.php\/wp-json\/wp\/v2\/posts\/1825\/revisions"}],"predecessor-version":[{"id":1827,"href":"https:\/\/wilsonsantosmt.com.br\/index.php\/wp-json\/wp\/v2\/posts\/1825\/revisions\/1827"}],"wp:featuredmedia":[{"embeddable":true,"href":"https:\/\/wilsonsantosmt.com.br\/index.php\/wp-json\/wp\/v2\/media\/1826"}],"wp:attachment":[{"href":"https:\/\/wilsonsantosmt.com.br\/index.php\/wp-json\/wp\/v2\/media?parent=1825"}],"wp:term":[{"taxonomy":"category","embeddable":true,"href":"https:\/\/wilsonsantosmt.com.br\/index.php\/wp-json\/wp\/v2\/categories?post=1825"},{"taxonomy":"post_tag","embeddable":true,"href":"https:\/\/wilsonsantosmt.com.br\/index.php\/wp-json\/wp\/v2\/tags?post=1825"}],"curies":[{"name":"wp","href":"https:\/\/api.w.org\/{rel}","templated":true}]}}