{"id":1831,"date":"2025-09-04T12:01:03","date_gmt":"2025-09-04T16:01:03","guid":{"rendered":"https:\/\/wilsonsantosmt.com.br\/?p=1831"},"modified":"2025-09-05T12:01:52","modified_gmt":"2025-09-05T16:01:52","slug":"wilson-santos-destina-r-3-milhoes-para-fortalecer-o-ensino-e-elevar-ideb-em-escolas-de-mt","status":"publish","type":"post","link":"https:\/\/wilsonsantosmt.com.br\/index.php\/2025\/09\/04\/wilson-santos-destina-r-3-milhoes-para-fortalecer-o-ensino-e-elevar-ideb-em-escolas-de-mt\/","title":{"rendered":"Wilson Santos destina R$ 3 milh\u00f5es para fortalecer o ensino e elevar Ideb em escolas de MT"},"content":{"rendered":"\n<blockquote class=\"wp-block-quote\">\n<p><\/p>\n\n\n\n<p><\/p>\n\n\n\n<p>As unidades educacionais de Ros\u00e1rio Oeste, Chapada dos Guimar\u00e3es e Nobres ser\u00e3o contempladas com material complementar da cole\u00e7\u00e3o &#8220;Desafio Educacional \u2013 Ideb&#8221; para atender as \u00e1reas de l\u00edngua portuguesa e matem\u00e1tica nos anos iniciais do ensino fundamental. O produto ser\u00e1 adquirido com emenda parlamentar no valor total de R$ 3 milh\u00f5es destinados pelo deputado estadual Wilson Santos (PSD), cujo recurso foi liberado pela Secretaria da Casa Civil do Governo de Mato Grosso e confirmado, nesta ter\u00e7a-feira (2), pelo secret\u00e1rio de Estado de Educa\u00e7\u00e3o (Seduc), Alan Porto.<\/p>\n\n\n\n<p>&#8220;Como j\u00e1 tenho experi\u00eancia como professor, lecionei por muitos anos em salas de aulas. Com isso, sei da import\u00e2ncia de oferecer ferramentas de qualidade para a nossa comunidade escolar. O Ideb \u00e9 um dos principais indicadores da educa\u00e7\u00e3o no Brasil e precisamos trabalhar para elevar os \u00edndices em Mato Grosso. Com esse material, estamos criando condi\u00e7\u00f5es para que nossas crian\u00e7as aprendam mais e melhor, principalmente em matem\u00e1tica e portugu\u00eas. Investir na educa\u00e7\u00e3o \u00e9 investir no futuro do nosso estado&#8221;, posicionou o parlamentar.<\/p>\n\n\n\n<p>De acordo com Jos\u00e9 de Neves Gontijo, prestador de servi\u00e7o que negociou esse material junto ao deputado, este material \u00e9 um complemento educacional que ajudar\u00e1 tanto o professor como o aluno para atingir as notas do \u00cdndice de Desenvolvimento da Educa\u00e7\u00e3o B\u00e1sica (Ideb) nas disciplinas de matem\u00e1tica e portugu\u00eas. &#8220;Este \u00e9 um material h\u00edbrido, em que o aluno entra em uma plataforma que ser\u00e1 um complemento do que j\u00e1 existe no livro. A plataforma \u00e9 um m\u00e9todo inovador que capacita as pessoas de forma din\u00e2mica, l\u00fadica e desafiadora, em que prende a aten\u00e7\u00e3o dos alunos&#8221;, explica.<\/p>\n\n\n\n<p>O empres\u00e1rio Chico Galindo elogiou a iniciativa de Wilson Santos de apoiar projetos e fortalecer as pol\u00edticas educacionais com \u00eanfase na profici\u00eancia de aprendizagem. &#8220;Tudo que voc\u00ea relaciona com a educa\u00e7\u00e3o \u00e9 positivo. Wilson Santos \u00e9 um professor e entende a import\u00e2ncia da educa\u00e7\u00e3o na vida do cidad\u00e3o. Ele, como parlamentar, tem condi\u00e7\u00f5es de melhorar a educa\u00e7\u00e3o. Isso \u00e9 a cara dele e parabenizo pelo trabalho e pela responsabilidade de ajudar e preocupar com a forma\u00e7\u00e3o de nossas crian\u00e7as com o uso dos equipamentos tecnol\u00f3gicos&#8221;, disse.<\/p>\n\n\n\n<p>A cole\u00e7\u00e3o &#8220;Desafio Educacional \u2013 Ideb oferece conte\u00fado atualizado, atrativo e de qualidade para ser aplicado junto \u00e0 classe estudantil e permite obter um diagn\u00f3stico de desempenho dos alunos e acesso dos professores para selecionarem os conte\u00fados que mais se alinham com as necessidades das turmas lecionadas.&nbsp;<\/p>\n<\/blockquote>\n","protected":false},"excerpt":{"rendered":"<p>As unidades educacionais de Ros\u00e1rio Oeste, Chapada dos Guimar\u00e3es e Nobres ser\u00e3o contempladas com material complementar da cole\u00e7\u00e3o &#8220;Desafio Educacional \u2013 Ideb&#8221; para atender as \u00e1reas de l\u00edngua portuguesa e matem\u00e1tica nos anos iniciais do ensino fundamental. O produto ser\u00e1 adquirido com emenda parlamentar no valor total de R$ 3 milh\u00f5es destinados pelo deputado estadual [&hellip;]<\/p>\n","protected":false},"author":4,"featured_media":1832,"comment_status":"closed","ping_status":"open","sticky":false,"template":"","format":"standard","meta":{"footnotes":""},"categories":[13],"tags":[],"yoast_head":"<!-- This site is optimized with the Yoast SEO Premium plugin v21.5 (Yoast SEO v21.4) - https:\/\/yoast.com\/wordpress\/plugins\/seo\/ -->\n<title>Wilson Santos destina R$ 3 milh\u00f5es para fortalecer o ensino e elevar Ideb em escolas de MT - wilsonsantosmt.com.br<\/title>\n<meta name=\"robots\" content=\"index, follow, max-snippet:-1, max-image-preview:large, max-video-preview:-1\" \/>\n<link rel=\"canonical\" href=\"https:\/\/wilsonsantosmt.com.br\/index.php\/2025\/09\/04\/wilson-santos-destina-r-3-milhoes-para-fortalecer-o-ensino-e-elevar-ideb-em-escolas-de-mt\/\" \/>\n<meta property=\"og:locale\" content=\"pt_BR\" \/>\n<meta property=\"og:type\" content=\"article\" \/>\n<meta property=\"og:title\" content=\"Wilson Santos destina R$ 3 milh\u00f5es para fortalecer o ensino e elevar Ideb em escolas de MT\" \/>\n<meta property=\"og:description\" content=\"As unidades educacionais de Ros\u00e1rio Oeste, Chapada dos Guimar\u00e3es e Nobres ser\u00e3o contempladas com material complementar da cole\u00e7\u00e3o &#8220;Desafio Educacional \u2013 Ideb&#8221; para atender as \u00e1reas de l\u00edngua portuguesa e matem\u00e1tica nos anos iniciais do ensino fundamental. O produto ser\u00e1 adquirido com emenda parlamentar no valor total de R$ 3 milh\u00f5es destinados pelo deputado estadual [&hellip;]\" \/>\n<meta property=\"og:url\" content=\"https:\/\/wilsonsantosmt.com.br\/index.php\/2025\/09\/04\/wilson-santos-destina-r-3-milhoes-para-fortalecer-o-ensino-e-elevar-ideb-em-escolas-de-mt\/\" \/>\n<meta property=\"og:site_name\" content=\"wilsonsantosmt.com.br\" \/>\n<meta property=\"article:publisher\" content=\"https:\/\/www.facebook.com\/WilsonSantosMT\/\" \/>\n<meta property=\"article:published_time\" content=\"2025-09-04T16:01:03+00:00\" \/>\n<meta property=\"article:modified_time\" content=\"2025-09-05T16:01:52+00:00\" \/>\n<meta property=\"og:image\" content=\"http:\/\/wilsonsantosmt.com.br\/wp-content\/uploads\/2025\/09\/WhatsApp-Image-2025-09-02-at-12.01.58-1-scaled.jpeg\" \/>\n\t<meta property=\"og:image:width\" content=\"2560\" \/>\n\t<meta property=\"og:image:height\" content=\"1440\" \/>\n\t<meta property=\"og:image:type\" content=\"image\/jpeg\" \/>\n<meta name=\"author\" content=\"Samantha dos Anjos\" \/>\n<meta name=\"twitter:card\" content=\"summary_large_image\" \/>\n<meta name=\"twitter:label1\" content=\"Escrito por\" \/>\n\t<meta name=\"twitter:data1\" content=\"Samantha dos Anjos\" \/>\n<script type=\"application\/ld+json\" class=\"yoast-schema-graph\">{\"@context\":\"https:\/\/schema.org\",\"@graph\":[{\"@type\":\"Article\",\"@id\":\"https:\/\/wilsonsantosmt.com.br\/index.php\/2025\/09\/04\/wilson-santos-destina-r-3-milhoes-para-fortalecer-o-ensino-e-elevar-ideb-em-escolas-de-mt\/#article\",\"isPartOf\":{\"@id\":\"https:\/\/wilsonsantosmt.com.br\/index.php\/2025\/09\/04\/wilson-santos-destina-r-3-milhoes-para-fortalecer-o-ensino-e-elevar-ideb-em-escolas-de-mt\/\"},\"author\":{\"name\":\"Samantha dos Anjos\",\"@id\":\"https:\/\/wilsonsantosmt.com.br\/#\/schema\/person\/1d097ee45f526dd0455dbad8c679932c\"},\"headline\":\"Wilson Santos destina R$ 3 milh\u00f5es para fortalecer o ensino e elevar Ideb em escolas de MT\",\"datePublished\":\"2025-09-04T16:01:03+00:00\",\"dateModified\":\"2025-09-05T16:01:52+00:00\",\"mainEntityOfPage\":{\"@id\":\"https:\/\/wilsonsantosmt.com.br\/index.php\/2025\/09\/04\/wilson-santos-destina-r-3-milhoes-para-fortalecer-o-ensino-e-elevar-ideb-em-escolas-de-mt\/\"},\"wordCount\":446,\"publisher\":{\"@id\":\"https:\/\/wilsonsantosmt.com.br\/#\/schema\/person\/9de3c54961637a9eadb16bcbf895b1ef\"},\"articleSection\":[\"Not\u00edcias\"],\"inLanguage\":\"pt-BR\"},{\"@type\":\"WebPage\",\"@id\":\"https:\/\/wilsonsantosmt.com.br\/index.php\/2025\/09\/04\/wilson-santos-destina-r-3-milhoes-para-fortalecer-o-ensino-e-elevar-ideb-em-escolas-de-mt\/\",\"url\":\"https:\/\/wilsonsantosmt.com.br\/index.php\/2025\/09\/04\/wilson-santos-destina-r-3-milhoes-para-fortalecer-o-ensino-e-elevar-ideb-em-escolas-de-mt\/\",\"name\":\"Wilson Santos destina R$ 3 milh\u00f5es para fortalecer o ensino e elevar Ideb em escolas de MT - wilsonsantosmt.com.br\",\"isPartOf\":{\"@id\":\"https:\/\/wilsonsantosmt.com.br\/#website\"},\"datePublished\":\"2025-09-04T16:01:03+00:00\",\"dateModified\":\"2025-09-05T16:01:52+00:00\",\"breadcrumb\":{\"@id\":\"https:\/\/wilsonsantosmt.com.br\/index.php\/2025\/09\/04\/wilson-santos-destina-r-3-milhoes-para-fortalecer-o-ensino-e-elevar-ideb-em-escolas-de-mt\/#breadcrumb\"},\"inLanguage\":\"pt-BR\",\"potentialAction\":[{\"@type\":\"ReadAction\",\"target\":[\"https:\/\/wilsonsantosmt.com.br\/index.php\/2025\/09\/04\/wilson-santos-destina-r-3-milhoes-para-fortalecer-o-ensino-e-elevar-ideb-em-escolas-de-mt\/\"]}]},{\"@type\":\"BreadcrumbList\",\"@id\":\"https:\/\/wilsonsantosmt.com.br\/index.php\/2025\/09\/04\/wilson-santos-destina-r-3-milhoes-para-fortalecer-o-ensino-e-elevar-ideb-em-escolas-de-mt\/#breadcrumb\",\"itemListElement\":[{\"@type\":\"ListItem\",\"position\":1,\"name\":\"In\u00edcio\",\"item\":\"https:\/\/wilsonsantosmt.com.br\/\"},{\"@type\":\"ListItem\",\"position\":2,\"name\":\"Not\u00edcias\",\"item\":\"https:\/\/wilsonsantosmt.com.br\/index.php\/category\/noticias\/\"},{\"@type\":\"ListItem\",\"position\":3,\"name\":\"Wilson Santos destina R$ 3 milh\u00f5es para fortalecer o ensino e elevar Ideb em escolas de MT\"}]},{\"@type\":\"WebSite\",\"@id\":\"https:\/\/wilsonsantosmt.com.br\/#website\",\"url\":\"https:\/\/wilsonsantosmt.com.br\/\",\"name\":\"wilsonsantosmt.com.br\",\"description\":\"\",\"publisher\":{\"@id\":\"https:\/\/wilsonsantosmt.com.br\/#\/schema\/person\/9de3c54961637a9eadb16bcbf895b1ef\"},\"potentialAction\":[{\"@type\":\"SearchAction\",\"target\":{\"@type\":\"EntryPoint\",\"urlTemplate\":\"https:\/\/wilsonsantosmt.com.br\/?s={search_term_string}\"},\"query-input\":\"required name=search_term_string\"}],\"inLanguage\":\"pt-BR\"},{\"@type\":[\"Person\",\"Organization\"],\"@id\":\"https:\/\/wilsonsantosmt.com.br\/#\/schema\/person\/9de3c54961637a9eadb16bcbf895b1ef\",\"name\":\"Wilson Santos\",\"image\":{\"@type\":\"ImageObject\",\"inLanguage\":\"pt-BR\",\"@id\":\"https:\/\/wilsonsantosmt.com.br\/#\/schema\/person\/image\/\",\"url\":\"https:\/\/wilsonsantosmt.com.br\/wp-content\/uploads\/2023\/11\/310828673_653254583023360_8795459643194608438_n.jpg\",\"contentUrl\":\"https:\/\/wilsonsantosmt.com.br\/wp-content\/uploads\/2023\/11\/310828673_653254583023360_8795459643194608438_n.jpg\",\"width\":1078,\"height\":1079,\"caption\":\"Wilson Santos\"},\"logo\":{\"@id\":\"https:\/\/wilsonsantosmt.com.br\/#\/schema\/person\/image\/\"},\"sameAs\":[\"http:\/\/wilsonsantosmt.com.br\",\"https:\/\/www.facebook.com\/WilsonSantosMT\/\",\"https:\/\/www.instagram.com\/wilsonsantosmt\/\",\"https:\/\/www.youtube.com\/@WilsonSantosWS\/videos\",\"https:\/\/pt.wikipedia.org\/wiki\/Wilson_Santos\"],\"honorificPrefix\":\"Sr\",\"gender\":\"masculino\",\"jobTitle\":\"Deputado Estadual\",\"worksFor\":\"Assembleia Legislativa de Mato Grosso\"},{\"@type\":\"Person\",\"@id\":\"https:\/\/wilsonsantosmt.com.br\/#\/schema\/person\/1d097ee45f526dd0455dbad8c679932c\",\"name\":\"Samantha dos Anjos\",\"image\":{\"@type\":\"ImageObject\",\"inLanguage\":\"pt-BR\",\"@id\":\"https:\/\/wilsonsantosmt.com.br\/#\/schema\/person\/image\/\",\"url\":\"https:\/\/secure.gravatar.com\/avatar\/7d8d0b6dd67d134a9fa841bee90c57c7?s=96&d=mm&r=g\",\"contentUrl\":\"https:\/\/secure.gravatar.com\/avatar\/7d8d0b6dd67d134a9fa841bee90c57c7?s=96&d=mm&r=g\",\"caption\":\"Samantha dos Anjos\"},\"url\":\"https:\/\/wilsonsantosmt.com.br\/index.php\/author\/samantha-dos-anjos\/\"}]}<\/script>\n<!-- \/ Yoast SEO Premium plugin. -->","yoast_head_json":{"title":"Wilson Santos destina R$ 3 milh\u00f5es para fortalecer o ensino e elevar Ideb em escolas de MT - wilsonsantosmt.com.br","robots":{"index":"index","follow":"follow","max-snippet":"max-snippet:-1","max-image-preview":"max-image-preview:large","max-video-preview":"max-video-preview:-1"},"canonical":"https:\/\/wilsonsantosmt.com.br\/index.php\/2025\/09\/04\/wilson-santos-destina-r-3-milhoes-para-fortalecer-o-ensino-e-elevar-ideb-em-escolas-de-mt\/","og_locale":"pt_BR","og_type":"article","og_title":"Wilson Santos destina R$ 3 milh\u00f5es para fortalecer o ensino e elevar Ideb em escolas de MT","og_description":"As unidades educacionais de Ros\u00e1rio Oeste, Chapada dos Guimar\u00e3es e Nobres ser\u00e3o contempladas com material complementar da cole\u00e7\u00e3o &#8220;Desafio Educacional \u2013 Ideb&#8221; para atender as \u00e1reas de l\u00edngua portuguesa e matem\u00e1tica nos anos iniciais do ensino fundamental. O produto ser\u00e1 adquirido com emenda parlamentar no valor total de R$ 3 milh\u00f5es destinados pelo deputado estadual [&hellip;]","og_url":"https:\/\/wilsonsantosmt.com.br\/index.php\/2025\/09\/04\/wilson-santos-destina-r-3-milhoes-para-fortalecer-o-ensino-e-elevar-ideb-em-escolas-de-mt\/","og_site_name":"wilsonsantosmt.com.br","article_publisher":"https:\/\/www.facebook.com\/WilsonSantosMT\/","article_published_time":"2025-09-04T16:01:03+00:00","article_modified_time":"2025-09-05T16:01:52+00:00","og_image":[{"width":2560,"height":1440,"url":"http:\/\/wilsonsantosmt.com.br\/wp-content\/uploads\/2025\/09\/WhatsApp-Image-2025-09-02-at-12.01.58-1-scaled.jpeg","type":"image\/jpeg"}],"author":"Samantha dos Anjos","twitter_card":"summary_large_image","twitter_misc":{"Escrito por":"Samantha dos Anjos"},"schema":{"@context":"https:\/\/schema.org","@graph":[{"@type":"Article","@id":"https:\/\/wilsonsantosmt.com.br\/index.php\/2025\/09\/04\/wilson-santos-destina-r-3-milhoes-para-fortalecer-o-ensino-e-elevar-ideb-em-escolas-de-mt\/#article","isPartOf":{"@id":"https:\/\/wilsonsantosmt.com.br\/index.php\/2025\/09\/04\/wilson-santos-destina-r-3-milhoes-para-fortalecer-o-ensino-e-elevar-ideb-em-escolas-de-mt\/"},"author":{"name":"Samantha dos Anjos","@id":"https:\/\/wilsonsantosmt.com.br\/#\/schema\/person\/1d097ee45f526dd0455dbad8c679932c"},"headline":"Wilson Santos destina R$ 3 milh\u00f5es para fortalecer o ensino e elevar Ideb em escolas de MT","datePublished":"2025-09-04T16:01:03+00:00","dateModified":"2025-09-05T16:01:52+00:00","mainEntityOfPage":{"@id":"https:\/\/wilsonsantosmt.com.br\/index.php\/2025\/09\/04\/wilson-santos-destina-r-3-milhoes-para-fortalecer-o-ensino-e-elevar-ideb-em-escolas-de-mt\/"},"wordCount":446,"publisher":{"@id":"https:\/\/wilsonsantosmt.com.br\/#\/schema\/person\/9de3c54961637a9eadb16bcbf895b1ef"},"articleSection":["Not\u00edcias"],"inLanguage":"pt-BR"},{"@type":"WebPage","@id":"https:\/\/wilsonsantosmt.com.br\/index.php\/2025\/09\/04\/wilson-santos-destina-r-3-milhoes-para-fortalecer-o-ensino-e-elevar-ideb-em-escolas-de-mt\/","url":"https:\/\/wilsonsantosmt.com.br\/index.php\/2025\/09\/04\/wilson-santos-destina-r-3-milhoes-para-fortalecer-o-ensino-e-elevar-ideb-em-escolas-de-mt\/","name":"Wilson Santos destina R$ 3 milh\u00f5es para fortalecer o ensino e elevar Ideb em escolas de MT - wilsonsantosmt.com.br","isPartOf":{"@id":"https:\/\/wilsonsantosmt.com.br\/#website"},"datePublished":"2025-09-04T16:01:03+00:00","dateModified":"2025-09-05T16:01:52+00:00","breadcrumb":{"@id":"https:\/\/wilsonsantosmt.com.br\/index.php\/2025\/09\/04\/wilson-santos-destina-r-3-milhoes-para-fortalecer-o-ensino-e-elevar-ideb-em-escolas-de-mt\/#breadcrumb"},"inLanguage":"pt-BR","potentialAction":[{"@type":"ReadAction","target":["https:\/\/wilsonsantosmt.com.br\/index.php\/2025\/09\/04\/wilson-santos-destina-r-3-milhoes-para-fortalecer-o-ensino-e-elevar-ideb-em-escolas-de-mt\/"]}]},{"@type":"BreadcrumbList","@id":"https:\/\/wilsonsantosmt.com.br\/index.php\/2025\/09\/04\/wilson-santos-destina-r-3-milhoes-para-fortalecer-o-ensino-e-elevar-ideb-em-escolas-de-mt\/#breadcrumb","itemListElement":[{"@type":"ListItem","position":1,"name":"In\u00edcio","item":"https:\/\/wilsonsantosmt.com.br\/"},{"@type":"ListItem","position":2,"name":"Not\u00edcias","item":"https:\/\/wilsonsantosmt.com.br\/index.php\/category\/noticias\/"},{"@type":"ListItem","position":3,"name":"Wilson Santos destina R$ 3 milh\u00f5es para fortalecer o ensino e elevar Ideb em escolas de MT"}]},{"@type":"WebSite","@id":"https:\/\/wilsonsantosmt.com.br\/#website","url":"https:\/\/wilsonsantosmt.com.br\/","name":"wilsonsantosmt.com.br","description":"","publisher":{"@id":"https:\/\/wilsonsantosmt.com.br\/#\/schema\/person\/9de3c54961637a9eadb16bcbf895b1ef"},"potentialAction":[{"@type":"SearchAction","target":{"@type":"EntryPoint","urlTemplate":"https:\/\/wilsonsantosmt.com.br\/?s={search_term_string}"},"query-input":"required name=search_term_string"}],"inLanguage":"pt-BR"},{"@type":["Person","Organization"],"@id":"https:\/\/wilsonsantosmt.com.br\/#\/schema\/person\/9de3c54961637a9eadb16bcbf895b1ef","name":"Wilson Santos","image":{"@type":"ImageObject","inLanguage":"pt-BR","@id":"https:\/\/wilsonsantosmt.com.br\/#\/schema\/person\/image\/","url":"https:\/\/wilsonsantosmt.com.br\/wp-content\/uploads\/2023\/11\/310828673_653254583023360_8795459643194608438_n.jpg","contentUrl":"https:\/\/wilsonsantosmt.com.br\/wp-content\/uploads\/2023\/11\/310828673_653254583023360_8795459643194608438_n.jpg","width":1078,"height":1079,"caption":"Wilson Santos"},"logo":{"@id":"https:\/\/wilsonsantosmt.com.br\/#\/schema\/person\/image\/"},"sameAs":["http:\/\/wilsonsantosmt.com.br","https:\/\/www.facebook.com\/WilsonSantosMT\/","https:\/\/www.instagram.com\/wilsonsantosmt\/","https:\/\/www.youtube.com\/@WilsonSantosWS\/videos","https:\/\/pt.wikipedia.org\/wiki\/Wilson_Santos"],"honorificPrefix":"Sr","gender":"masculino","jobTitle":"Deputado Estadual","worksFor":"Assembleia Legislativa de Mato Grosso"},{"@type":"Person","@id":"https:\/\/wilsonsantosmt.com.br\/#\/schema\/person\/1d097ee45f526dd0455dbad8c679932c","name":"Samantha dos Anjos","image":{"@type":"ImageObject","inLanguage":"pt-BR","@id":"https:\/\/wilsonsantosmt.com.br\/#\/schema\/person\/image\/","url":"https:\/\/secure.gravatar.com\/avatar\/7d8d0b6dd67d134a9fa841bee90c57c7?s=96&d=mm&r=g","contentUrl":"https:\/\/secure.gravatar.com\/avatar\/7d8d0b6dd67d134a9fa841bee90c57c7?s=96&d=mm&r=g","caption":"Samantha dos Anjos"},"url":"https:\/\/wilsonsantosmt.com.br\/index.php\/author\/samantha-dos-anjos\/"}]}},"_links":{"self":[{"href":"https:\/\/wilsonsantosmt.com.br\/index.php\/wp-json\/wp\/v2\/posts\/1831"}],"collection":[{"href":"https:\/\/wilsonsantosmt.com.br\/index.php\/wp-json\/wp\/v2\/posts"}],"about":[{"href":"https:\/\/wilsonsantosmt.com.br\/index.php\/wp-json\/wp\/v2\/types\/post"}],"author":[{"embeddable":true,"href":"https:\/\/wilsonsantosmt.com.br\/index.php\/wp-json\/wp\/v2\/users\/4"}],"replies":[{"embeddable":true,"href":"https:\/\/wilsonsantosmt.com.br\/index.php\/wp-json\/wp\/v2\/comments?post=1831"}],"version-history":[{"count":1,"href":"https:\/\/wilsonsantosmt.com.br\/index.php\/wp-json\/wp\/v2\/posts\/1831\/revisions"}],"predecessor-version":[{"id":1833,"href":"https:\/\/wilsonsantosmt.com.br\/index.php\/wp-json\/wp\/v2\/posts\/1831\/revisions\/1833"}],"wp:featuredmedia":[{"embeddable":true,"href":"https:\/\/wilsonsantosmt.com.br\/index.php\/wp-json\/wp\/v2\/media\/1832"}],"wp:attachment":[{"href":"https:\/\/wilsonsantosmt.com.br\/index.php\/wp-json\/wp\/v2\/media?parent=1831"}],"wp:term":[{"taxonomy":"category","embeddable":true,"href":"https:\/\/wilsonsantosmt.com.br\/index.php\/wp-json\/wp\/v2\/categories?post=1831"},{"taxonomy":"post_tag","embeddable":true,"href":"https:\/\/wilsonsantosmt.com.br\/index.php\/wp-json\/wp\/v2\/tags?post=1831"}],"curies":[{"name":"wp","href":"https:\/\/api.w.org\/{rel}","templated":true}]}}