{"id":1834,"date":"2025-09-01T12:05:34","date_gmt":"2025-09-01T16:05:34","guid":{"rendered":"https:\/\/wilsonsantosmt.com.br\/?p=1834"},"modified":"2025-09-05T12:06:28","modified_gmt":"2025-09-05T16:06:28","slug":"wilson-santos-diz-que-a-solucao-do-portao-do-inferno-e-um-viaduto-e-nao-a-construcao-de-tunel","status":"publish","type":"post","link":"https:\/\/wilsonsantosmt.com.br\/index.php\/2025\/09\/01\/wilson-santos-diz-que-a-solucao-do-portao-do-inferno-e-um-viaduto-e-nao-a-construcao-de-tunel\/","title":{"rendered":"Wilson Santos diz que a solu\u00e7\u00e3o do Port\u00e3o do Inferno \u00e9 um viaduto e n\u00e3o a constru\u00e7\u00e3o de t\u00fanel"},"content":{"rendered":"\n<p><\/p>\n\n\n\n<p>Com a alega\u00e7\u00e3o para a imprensa do secret\u00e1rio da Casa Civil e deputado federal licenciado, F\u00e1bio Garcia (Uni\u00e3o), que as obras do Port\u00e3o do Inferno \u2013 \u00e1rea localizada entre Cuiab\u00e1 e Chapada dos Guimar\u00e3es, na Rodovia MT-251, podem n\u00e3o ser finalizadas na gest\u00e3o do governador de Mauro Mendes (Uni\u00e3o), o deputado estadual Wilson Santos (PSD) criticou o posicionamento dele. Durante sess\u00e3o plen\u00e1ria, nesta quarta-feira (3), o parlamentar pediu para que seja feito um novo posicionamento, pois \u00e9 inadmiss\u00edvel n\u00e3o ter uma solu\u00e7\u00e3o definitiva que possa garantir a seguran\u00e7a e integridade f\u00edsica dos motoristas que trafegam pela regi\u00e3o.<\/p>\n\n\n\n<p>\u201cO secret\u00e1rio F\u00e1bio Garcia deu uma entrevista \u00e0 imprensa, nesta ter\u00e7a-feira, que me causou muita curiosidade. Como sou amigo dele, quero que refa\u00e7a essa entrevista, pois ele afirmou que durante a gest\u00e3o do governador Mauro Mendes n\u00e3o haver\u00e1 solu\u00e7\u00e3o do imbr\u00f3glio para o Port\u00e3o do Inferno. Anteontem, morreu em uma mata fria, um pintor da aldeia Velha, caiu da moto e bateu a cabe\u00e7a. At\u00e9 quando vamos ver o sofrimento da popula\u00e7\u00e3o de Chapada de Guimar\u00e3es que trafegam neste trecho?\u201d, disse o deputado.<\/p>\n\n\n\n<p>Desde novembro de 2023, quando foi registrado o primeiro deslizamento de terra na via, uma das propostas iniciais aplicadas pela gest\u00e3o foi o retaludamento da pista &#8211; iniciado em mar\u00e7o de 2024. Essa a\u00e7\u00e3o previa a cria\u00e7\u00e3o de taludes para conter deslizamentos de terra e rochas, mas n\u00e3o foi eficaz na estabiliza\u00e7\u00e3o do pared\u00e3o rochoso. Diante disso, o Governo do Estado prop\u00f4s uma nova alternativa com a constru\u00e7\u00e3o de um t\u00fanel para permitir o fluxo cont\u00ednuo de ve\u00edculos sem comprometer o potencial tur\u00edstico e ambiental, com o edital de licita\u00e7\u00e3o da obra previsto para o pr\u00f3ximo m\u00eas de outubro.<\/p>\n\n\n\n<p>Segundo Wilson Santos, \u00e9 preciso que a Secretaria de Estado de Infraestrutura e Log\u00edstica (Sinfra) abra as portas e possa ouvir pelo menos tr\u00eas grandes ge\u00f3logos e respons\u00e1veis pela implanta\u00e7\u00e3o do curso de geologia na Universidade Federal de Mato Grosso (UFMT). \u201cEsses grandes ge\u00f3logos do estado, s\u00e3o gigantes, mas a Sinfra tem ouvido gente de Bras\u00edlia e de v\u00e1rios lugares. J\u00e1, quebrou a cara com o retaludamento e vai ter problemas se tentar fazer o t\u00fanel. Queremos que receba os ge\u00f3logos de Mato Grosso que conhecem na palma da m\u00e3o a problem\u00e1tica do Port\u00e3o do Inferno\u201d, comentou.<\/p>\n\n\n\n<p>Ele salienta que dentro da Sinfra existe o projeto e a solu\u00e7\u00e3o t\u00e9cnica com estudos feitos h\u00e1 12 anos, que comprovam que a solu\u00e7\u00e3o \u00e9 a constru\u00e7\u00e3o de um viaduto sobre o grande buraco do Port\u00e3o do Inferno. \u201cJ\u00e1 quebramos a cara com o retaludamento, os ge\u00f3logos avisaram que n\u00e3o iria dar certo. E est\u00e3o dizendo tamb\u00e9m que \u00e9 um outro risco construir o t\u00fanel. Uma rocha fr\u00e1gil. \u00c9 arenito e n\u00e3o \u00e9 quartzito, n\u00e3o \u00e9 material resistente, \u00e9 arenito de areia, que esfarela com tranquilidade. Estamos alertando. O viaduto pode ser mais caro, mas o estado vive em um bom momento econ\u00f4mico financeiro\u201d, esclareceu o parlamentar.<\/p>\n\n\n\n<p>Chapada dos Guimar\u00e3es \u00e9 um dos principais destinos tur\u00edsticos de Mato Grosso, atraindo milhares de visitantes e movimentando a economia local. Com os problemas estruturais persistentes, o tr\u00e2nsito na MT-251 foi bloqueado diversas vezes, obrigando motoristas a utilizarem rotas alternativas com at\u00e9 150 quil\u00f4metros de percurso &#8211; passando pela BR-364 ou MT-246. A crise tamb\u00e9m afetou diretamente o com\u00e9rcio local, com fechamento de estabelecimentos e preju\u00edzos financeiros.<\/p>\n","protected":false},"excerpt":{"rendered":"<p>Com a alega\u00e7\u00e3o para a imprensa do secret\u00e1rio da Casa Civil e deputado federal licenciado, F\u00e1bio Garcia (Uni\u00e3o), que as obras do Port\u00e3o do Inferno \u2013 \u00e1rea localizada entre Cuiab\u00e1 e Chapada dos Guimar\u00e3es, na Rodovia MT-251, podem n\u00e3o ser finalizadas na gest\u00e3o do governador de Mauro Mendes (Uni\u00e3o), o deputado estadual Wilson Santos (PSD) [&hellip;]<\/p>\n","protected":false},"author":4,"featured_media":1835,"comment_status":"closed","ping_status":"open","sticky":false,"template":"","format":"standard","meta":{"footnotes":""},"categories":[13],"tags":[],"yoast_head":"<!-- This site is optimized with the Yoast SEO Premium plugin v21.5 (Yoast SEO v21.4) - https:\/\/yoast.com\/wordpress\/plugins\/seo\/ -->\n<title>Wilson Santos diz que a solu\u00e7\u00e3o do Port\u00e3o do Inferno \u00e9 um viaduto e n\u00e3o a constru\u00e7\u00e3o de t\u00fanel - wilsonsantosmt.com.br<\/title>\n<meta name=\"robots\" content=\"index, follow, max-snippet:-1, max-image-preview:large, max-video-preview:-1\" \/>\n<link rel=\"canonical\" href=\"https:\/\/wilsonsantosmt.com.br\/index.php\/2025\/09\/01\/wilson-santos-diz-que-a-solucao-do-portao-do-inferno-e-um-viaduto-e-nao-a-construcao-de-tunel\/\" \/>\n<meta property=\"og:locale\" content=\"pt_BR\" \/>\n<meta property=\"og:type\" content=\"article\" \/>\n<meta property=\"og:title\" content=\"Wilson Santos diz que a solu\u00e7\u00e3o do Port\u00e3o do Inferno \u00e9 um viaduto e n\u00e3o a constru\u00e7\u00e3o de t\u00fanel\" \/>\n<meta property=\"og:description\" content=\"Com a alega\u00e7\u00e3o para a imprensa do secret\u00e1rio da Casa Civil e deputado federal licenciado, F\u00e1bio Garcia (Uni\u00e3o), que as obras do Port\u00e3o do Inferno \u2013 \u00e1rea localizada entre Cuiab\u00e1 e Chapada dos Guimar\u00e3es, na Rodovia MT-251, podem n\u00e3o ser finalizadas na gest\u00e3o do governador de Mauro Mendes (Uni\u00e3o), o deputado estadual Wilson Santos (PSD) [&hellip;]\" \/>\n<meta property=\"og:url\" content=\"https:\/\/wilsonsantosmt.com.br\/index.php\/2025\/09\/01\/wilson-santos-diz-que-a-solucao-do-portao-do-inferno-e-um-viaduto-e-nao-a-construcao-de-tunel\/\" \/>\n<meta property=\"og:site_name\" content=\"wilsonsantosmt.com.br\" \/>\n<meta property=\"article:publisher\" content=\"https:\/\/www.facebook.com\/WilsonSantosMT\/\" \/>\n<meta property=\"article:published_time\" content=\"2025-09-01T16:05:34+00:00\" \/>\n<meta property=\"article:modified_time\" content=\"2025-09-05T16:06:28+00:00\" \/>\n<meta property=\"og:image\" content=\"http:\/\/wilsonsantosmt.com.br\/wp-content\/uploads\/2025\/09\/WhatsApp-Image-2025-09-03-at-13.27.53.jpeg\" \/>\n\t<meta property=\"og:image:width\" content=\"1600\" \/>\n\t<meta property=\"og:image:height\" content=\"1066\" \/>\n\t<meta property=\"og:image:type\" content=\"image\/jpeg\" \/>\n<meta name=\"author\" content=\"Samantha dos Anjos\" \/>\n<meta name=\"twitter:card\" content=\"summary_large_image\" \/>\n<meta name=\"twitter:label1\" content=\"Escrito por\" \/>\n\t<meta name=\"twitter:data1\" content=\"Samantha dos Anjos\" \/>\n\t<meta name=\"twitter:label2\" content=\"Est. tempo de leitura\" \/>\n\t<meta name=\"twitter:data2\" content=\"4 minutos\" \/>\n<script type=\"application\/ld+json\" class=\"yoast-schema-graph\">{\"@context\":\"https:\/\/schema.org\",\"@graph\":[{\"@type\":\"Article\",\"@id\":\"https:\/\/wilsonsantosmt.com.br\/index.php\/2025\/09\/01\/wilson-santos-diz-que-a-solucao-do-portao-do-inferno-e-um-viaduto-e-nao-a-construcao-de-tunel\/#article\",\"isPartOf\":{\"@id\":\"https:\/\/wilsonsantosmt.com.br\/index.php\/2025\/09\/01\/wilson-santos-diz-que-a-solucao-do-portao-do-inferno-e-um-viaduto-e-nao-a-construcao-de-tunel\/\"},\"author\":{\"name\":\"Samantha dos Anjos\",\"@id\":\"https:\/\/wilsonsantosmt.com.br\/#\/schema\/person\/1d097ee45f526dd0455dbad8c679932c\"},\"headline\":\"Wilson Santos diz que a solu\u00e7\u00e3o do Port\u00e3o do Inferno \u00e9 um viaduto e n\u00e3o a constru\u00e7\u00e3o de t\u00fanel\",\"datePublished\":\"2025-09-01T16:05:34+00:00\",\"dateModified\":\"2025-09-05T16:06:28+00:00\",\"mainEntityOfPage\":{\"@id\":\"https:\/\/wilsonsantosmt.com.br\/index.php\/2025\/09\/01\/wilson-santos-diz-que-a-solucao-do-portao-do-inferno-e-um-viaduto-e-nao-a-construcao-de-tunel\/\"},\"wordCount\":637,\"publisher\":{\"@id\":\"https:\/\/wilsonsantosmt.com.br\/#\/schema\/person\/9de3c54961637a9eadb16bcbf895b1ef\"},\"articleSection\":[\"Not\u00edcias\"],\"inLanguage\":\"pt-BR\"},{\"@type\":\"WebPage\",\"@id\":\"https:\/\/wilsonsantosmt.com.br\/index.php\/2025\/09\/01\/wilson-santos-diz-que-a-solucao-do-portao-do-inferno-e-um-viaduto-e-nao-a-construcao-de-tunel\/\",\"url\":\"https:\/\/wilsonsantosmt.com.br\/index.php\/2025\/09\/01\/wilson-santos-diz-que-a-solucao-do-portao-do-inferno-e-um-viaduto-e-nao-a-construcao-de-tunel\/\",\"name\":\"Wilson Santos diz que a solu\u00e7\u00e3o do Port\u00e3o do Inferno \u00e9 um viaduto e n\u00e3o a constru\u00e7\u00e3o de t\u00fanel - wilsonsantosmt.com.br\",\"isPartOf\":{\"@id\":\"https:\/\/wilsonsantosmt.com.br\/#website\"},\"datePublished\":\"2025-09-01T16:05:34+00:00\",\"dateModified\":\"2025-09-05T16:06:28+00:00\",\"breadcrumb\":{\"@id\":\"https:\/\/wilsonsantosmt.com.br\/index.php\/2025\/09\/01\/wilson-santos-diz-que-a-solucao-do-portao-do-inferno-e-um-viaduto-e-nao-a-construcao-de-tunel\/#breadcrumb\"},\"inLanguage\":\"pt-BR\",\"potentialAction\":[{\"@type\":\"ReadAction\",\"target\":[\"https:\/\/wilsonsantosmt.com.br\/index.php\/2025\/09\/01\/wilson-santos-diz-que-a-solucao-do-portao-do-inferno-e-um-viaduto-e-nao-a-construcao-de-tunel\/\"]}]},{\"@type\":\"BreadcrumbList\",\"@id\":\"https:\/\/wilsonsantosmt.com.br\/index.php\/2025\/09\/01\/wilson-santos-diz-que-a-solucao-do-portao-do-inferno-e-um-viaduto-e-nao-a-construcao-de-tunel\/#breadcrumb\",\"itemListElement\":[{\"@type\":\"ListItem\",\"position\":1,\"name\":\"In\u00edcio\",\"item\":\"https:\/\/wilsonsantosmt.com.br\/\"},{\"@type\":\"ListItem\",\"position\":2,\"name\":\"Not\u00edcias\",\"item\":\"https:\/\/wilsonsantosmt.com.br\/index.php\/category\/noticias\/\"},{\"@type\":\"ListItem\",\"position\":3,\"name\":\"Wilson Santos diz que a solu\u00e7\u00e3o do Port\u00e3o do Inferno \u00e9 um viaduto e n\u00e3o a constru\u00e7\u00e3o de t\u00fanel\"}]},{\"@type\":\"WebSite\",\"@id\":\"https:\/\/wilsonsantosmt.com.br\/#website\",\"url\":\"https:\/\/wilsonsantosmt.com.br\/\",\"name\":\"wilsonsantosmt.com.br\",\"description\":\"\",\"publisher\":{\"@id\":\"https:\/\/wilsonsantosmt.com.br\/#\/schema\/person\/9de3c54961637a9eadb16bcbf895b1ef\"},\"potentialAction\":[{\"@type\":\"SearchAction\",\"target\":{\"@type\":\"EntryPoint\",\"urlTemplate\":\"https:\/\/wilsonsantosmt.com.br\/?s={search_term_string}\"},\"query-input\":\"required name=search_term_string\"}],\"inLanguage\":\"pt-BR\"},{\"@type\":[\"Person\",\"Organization\"],\"@id\":\"https:\/\/wilsonsantosmt.com.br\/#\/schema\/person\/9de3c54961637a9eadb16bcbf895b1ef\",\"name\":\"Wilson Santos\",\"image\":{\"@type\":\"ImageObject\",\"inLanguage\":\"pt-BR\",\"@id\":\"https:\/\/wilsonsantosmt.com.br\/#\/schema\/person\/image\/\",\"url\":\"https:\/\/wilsonsantosmt.com.br\/wp-content\/uploads\/2023\/11\/310828673_653254583023360_8795459643194608438_n.jpg\",\"contentUrl\":\"https:\/\/wilsonsantosmt.com.br\/wp-content\/uploads\/2023\/11\/310828673_653254583023360_8795459643194608438_n.jpg\",\"width\":1078,\"height\":1079,\"caption\":\"Wilson Santos\"},\"logo\":{\"@id\":\"https:\/\/wilsonsantosmt.com.br\/#\/schema\/person\/image\/\"},\"sameAs\":[\"http:\/\/wilsonsantosmt.com.br\",\"https:\/\/www.facebook.com\/WilsonSantosMT\/\",\"https:\/\/www.instagram.com\/wilsonsantosmt\/\",\"https:\/\/www.youtube.com\/@WilsonSantosWS\/videos\",\"https:\/\/pt.wikipedia.org\/wiki\/Wilson_Santos\"],\"honorificPrefix\":\"Sr\",\"gender\":\"masculino\",\"jobTitle\":\"Deputado Estadual\",\"worksFor\":\"Assembleia Legislativa de Mato Grosso\"},{\"@type\":\"Person\",\"@id\":\"https:\/\/wilsonsantosmt.com.br\/#\/schema\/person\/1d097ee45f526dd0455dbad8c679932c\",\"name\":\"Samantha dos Anjos\",\"image\":{\"@type\":\"ImageObject\",\"inLanguage\":\"pt-BR\",\"@id\":\"https:\/\/wilsonsantosmt.com.br\/#\/schema\/person\/image\/\",\"url\":\"https:\/\/secure.gravatar.com\/avatar\/7d8d0b6dd67d134a9fa841bee90c57c7?s=96&d=mm&r=g\",\"contentUrl\":\"https:\/\/secure.gravatar.com\/avatar\/7d8d0b6dd67d134a9fa841bee90c57c7?s=96&d=mm&r=g\",\"caption\":\"Samantha dos Anjos\"},\"url\":\"https:\/\/wilsonsantosmt.com.br\/index.php\/author\/samantha-dos-anjos\/\"}]}<\/script>\n<!-- \/ Yoast SEO Premium plugin. -->","yoast_head_json":{"title":"Wilson Santos diz que a solu\u00e7\u00e3o do Port\u00e3o do Inferno \u00e9 um viaduto e n\u00e3o a constru\u00e7\u00e3o de t\u00fanel - wilsonsantosmt.com.br","robots":{"index":"index","follow":"follow","max-snippet":"max-snippet:-1","max-image-preview":"max-image-preview:large","max-video-preview":"max-video-preview:-1"},"canonical":"https:\/\/wilsonsantosmt.com.br\/index.php\/2025\/09\/01\/wilson-santos-diz-que-a-solucao-do-portao-do-inferno-e-um-viaduto-e-nao-a-construcao-de-tunel\/","og_locale":"pt_BR","og_type":"article","og_title":"Wilson Santos diz que a solu\u00e7\u00e3o do Port\u00e3o do Inferno \u00e9 um viaduto e n\u00e3o a constru\u00e7\u00e3o de t\u00fanel","og_description":"Com a alega\u00e7\u00e3o para a imprensa do secret\u00e1rio da Casa Civil e deputado federal licenciado, F\u00e1bio Garcia (Uni\u00e3o), que as obras do Port\u00e3o do Inferno \u2013 \u00e1rea localizada entre Cuiab\u00e1 e Chapada dos Guimar\u00e3es, na Rodovia MT-251, podem n\u00e3o ser finalizadas na gest\u00e3o do governador de Mauro Mendes (Uni\u00e3o), o deputado estadual Wilson Santos (PSD) [&hellip;]","og_url":"https:\/\/wilsonsantosmt.com.br\/index.php\/2025\/09\/01\/wilson-santos-diz-que-a-solucao-do-portao-do-inferno-e-um-viaduto-e-nao-a-construcao-de-tunel\/","og_site_name":"wilsonsantosmt.com.br","article_publisher":"https:\/\/www.facebook.com\/WilsonSantosMT\/","article_published_time":"2025-09-01T16:05:34+00:00","article_modified_time":"2025-09-05T16:06:28+00:00","og_image":[{"width":1600,"height":1066,"url":"http:\/\/wilsonsantosmt.com.br\/wp-content\/uploads\/2025\/09\/WhatsApp-Image-2025-09-03-at-13.27.53.jpeg","type":"image\/jpeg"}],"author":"Samantha dos Anjos","twitter_card":"summary_large_image","twitter_misc":{"Escrito por":"Samantha dos Anjos","Est. tempo de leitura":"4 minutos"},"schema":{"@context":"https:\/\/schema.org","@graph":[{"@type":"Article","@id":"https:\/\/wilsonsantosmt.com.br\/index.php\/2025\/09\/01\/wilson-santos-diz-que-a-solucao-do-portao-do-inferno-e-um-viaduto-e-nao-a-construcao-de-tunel\/#article","isPartOf":{"@id":"https:\/\/wilsonsantosmt.com.br\/index.php\/2025\/09\/01\/wilson-santos-diz-que-a-solucao-do-portao-do-inferno-e-um-viaduto-e-nao-a-construcao-de-tunel\/"},"author":{"name":"Samantha dos Anjos","@id":"https:\/\/wilsonsantosmt.com.br\/#\/schema\/person\/1d097ee45f526dd0455dbad8c679932c"},"headline":"Wilson Santos diz que a solu\u00e7\u00e3o do Port\u00e3o do Inferno \u00e9 um viaduto e n\u00e3o a constru\u00e7\u00e3o de t\u00fanel","datePublished":"2025-09-01T16:05:34+00:00","dateModified":"2025-09-05T16:06:28+00:00","mainEntityOfPage":{"@id":"https:\/\/wilsonsantosmt.com.br\/index.php\/2025\/09\/01\/wilson-santos-diz-que-a-solucao-do-portao-do-inferno-e-um-viaduto-e-nao-a-construcao-de-tunel\/"},"wordCount":637,"publisher":{"@id":"https:\/\/wilsonsantosmt.com.br\/#\/schema\/person\/9de3c54961637a9eadb16bcbf895b1ef"},"articleSection":["Not\u00edcias"],"inLanguage":"pt-BR"},{"@type":"WebPage","@id":"https:\/\/wilsonsantosmt.com.br\/index.php\/2025\/09\/01\/wilson-santos-diz-que-a-solucao-do-portao-do-inferno-e-um-viaduto-e-nao-a-construcao-de-tunel\/","url":"https:\/\/wilsonsantosmt.com.br\/index.php\/2025\/09\/01\/wilson-santos-diz-que-a-solucao-do-portao-do-inferno-e-um-viaduto-e-nao-a-construcao-de-tunel\/","name":"Wilson Santos diz que a solu\u00e7\u00e3o do Port\u00e3o do Inferno \u00e9 um viaduto e n\u00e3o a constru\u00e7\u00e3o de t\u00fanel - wilsonsantosmt.com.br","isPartOf":{"@id":"https:\/\/wilsonsantosmt.com.br\/#website"},"datePublished":"2025-09-01T16:05:34+00:00","dateModified":"2025-09-05T16:06:28+00:00","breadcrumb":{"@id":"https:\/\/wilsonsantosmt.com.br\/index.php\/2025\/09\/01\/wilson-santos-diz-que-a-solucao-do-portao-do-inferno-e-um-viaduto-e-nao-a-construcao-de-tunel\/#breadcrumb"},"inLanguage":"pt-BR","potentialAction":[{"@type":"ReadAction","target":["https:\/\/wilsonsantosmt.com.br\/index.php\/2025\/09\/01\/wilson-santos-diz-que-a-solucao-do-portao-do-inferno-e-um-viaduto-e-nao-a-construcao-de-tunel\/"]}]},{"@type":"BreadcrumbList","@id":"https:\/\/wilsonsantosmt.com.br\/index.php\/2025\/09\/01\/wilson-santos-diz-que-a-solucao-do-portao-do-inferno-e-um-viaduto-e-nao-a-construcao-de-tunel\/#breadcrumb","itemListElement":[{"@type":"ListItem","position":1,"name":"In\u00edcio","item":"https:\/\/wilsonsantosmt.com.br\/"},{"@type":"ListItem","position":2,"name":"Not\u00edcias","item":"https:\/\/wilsonsantosmt.com.br\/index.php\/category\/noticias\/"},{"@type":"ListItem","position":3,"name":"Wilson Santos diz que a solu\u00e7\u00e3o do Port\u00e3o do Inferno \u00e9 um viaduto e n\u00e3o a constru\u00e7\u00e3o de t\u00fanel"}]},{"@type":"WebSite","@id":"https:\/\/wilsonsantosmt.com.br\/#website","url":"https:\/\/wilsonsantosmt.com.br\/","name":"wilsonsantosmt.com.br","description":"","publisher":{"@id":"https:\/\/wilsonsantosmt.com.br\/#\/schema\/person\/9de3c54961637a9eadb16bcbf895b1ef"},"potentialAction":[{"@type":"SearchAction","target":{"@type":"EntryPoint","urlTemplate":"https:\/\/wilsonsantosmt.com.br\/?s={search_term_string}"},"query-input":"required name=search_term_string"}],"inLanguage":"pt-BR"},{"@type":["Person","Organization"],"@id":"https:\/\/wilsonsantosmt.com.br\/#\/schema\/person\/9de3c54961637a9eadb16bcbf895b1ef","name":"Wilson Santos","image":{"@type":"ImageObject","inLanguage":"pt-BR","@id":"https:\/\/wilsonsantosmt.com.br\/#\/schema\/person\/image\/","url":"https:\/\/wilsonsantosmt.com.br\/wp-content\/uploads\/2023\/11\/310828673_653254583023360_8795459643194608438_n.jpg","contentUrl":"https:\/\/wilsonsantosmt.com.br\/wp-content\/uploads\/2023\/11\/310828673_653254583023360_8795459643194608438_n.jpg","width":1078,"height":1079,"caption":"Wilson Santos"},"logo":{"@id":"https:\/\/wilsonsantosmt.com.br\/#\/schema\/person\/image\/"},"sameAs":["http:\/\/wilsonsantosmt.com.br","https:\/\/www.facebook.com\/WilsonSantosMT\/","https:\/\/www.instagram.com\/wilsonsantosmt\/","https:\/\/www.youtube.com\/@WilsonSantosWS\/videos","https:\/\/pt.wikipedia.org\/wiki\/Wilson_Santos"],"honorificPrefix":"Sr","gender":"masculino","jobTitle":"Deputado Estadual","worksFor":"Assembleia Legislativa de Mato Grosso"},{"@type":"Person","@id":"https:\/\/wilsonsantosmt.com.br\/#\/schema\/person\/1d097ee45f526dd0455dbad8c679932c","name":"Samantha dos Anjos","image":{"@type":"ImageObject","inLanguage":"pt-BR","@id":"https:\/\/wilsonsantosmt.com.br\/#\/schema\/person\/image\/","url":"https:\/\/secure.gravatar.com\/avatar\/7d8d0b6dd67d134a9fa841bee90c57c7?s=96&d=mm&r=g","contentUrl":"https:\/\/secure.gravatar.com\/avatar\/7d8d0b6dd67d134a9fa841bee90c57c7?s=96&d=mm&r=g","caption":"Samantha dos Anjos"},"url":"https:\/\/wilsonsantosmt.com.br\/index.php\/author\/samantha-dos-anjos\/"}]}},"_links":{"self":[{"href":"https:\/\/wilsonsantosmt.com.br\/index.php\/wp-json\/wp\/v2\/posts\/1834"}],"collection":[{"href":"https:\/\/wilsonsantosmt.com.br\/index.php\/wp-json\/wp\/v2\/posts"}],"about":[{"href":"https:\/\/wilsonsantosmt.com.br\/index.php\/wp-json\/wp\/v2\/types\/post"}],"author":[{"embeddable":true,"href":"https:\/\/wilsonsantosmt.com.br\/index.php\/wp-json\/wp\/v2\/users\/4"}],"replies":[{"embeddable":true,"href":"https:\/\/wilsonsantosmt.com.br\/index.php\/wp-json\/wp\/v2\/comments?post=1834"}],"version-history":[{"count":1,"href":"https:\/\/wilsonsantosmt.com.br\/index.php\/wp-json\/wp\/v2\/posts\/1834\/revisions"}],"predecessor-version":[{"id":1836,"href":"https:\/\/wilsonsantosmt.com.br\/index.php\/wp-json\/wp\/v2\/posts\/1834\/revisions\/1836"}],"wp:featuredmedia":[{"embeddable":true,"href":"https:\/\/wilsonsantosmt.com.br\/index.php\/wp-json\/wp\/v2\/media\/1835"}],"wp:attachment":[{"href":"https:\/\/wilsonsantosmt.com.br\/index.php\/wp-json\/wp\/v2\/media?parent=1834"}],"wp:term":[{"taxonomy":"category","embeddable":true,"href":"https:\/\/wilsonsantosmt.com.br\/index.php\/wp-json\/wp\/v2\/categories?post=1834"},{"taxonomy":"post_tag","embeddable":true,"href":"https:\/\/wilsonsantosmt.com.br\/index.php\/wp-json\/wp\/v2\/tags?post=1834"}],"curies":[{"name":"wp","href":"https:\/\/api.w.org\/{rel}","templated":true}]}}