{"id":1837,"date":"2025-09-01T09:07:00","date_gmt":"2025-09-01T13:07:00","guid":{"rendered":"https:\/\/wilsonsantosmt.com.br\/?p=1837"},"modified":"2025-09-05T12:09:08","modified_gmt":"2025-09-05T16:09:08","slug":"varzea-grande-e-contemplada-com-o-mutirao-da-cidadania-social-da-almt","status":"publish","type":"post","link":"https:\/\/wilsonsantosmt.com.br\/index.php\/2025\/09\/01\/varzea-grande-e-contemplada-com-o-mutirao-da-cidadania-social-da-almt\/","title":{"rendered":"V\u00e1rzea Grande \u00e9 contemplada com o Mutir\u00e3o da Cidadania Social da ALMT"},"content":{"rendered":"\n<p><\/p>\n\n\n\n<p>O Mutir\u00e3o da Cidadania Social realizado pela Assembleia Legislativa de Mato Grosso, por meio do deputado estadual Wilson Santos (PSD), chegou a sua quinta edi\u00e7\u00e3o, neste \u00faltimo s\u00e1bado (30), na Escola Municipal Alino Ferreira de Magalh\u00e3es, no Jardim Maring\u00e1, em V\u00e1rzea Grande. A a\u00e7\u00e3o atendeu centenas de pessoas e ofertou diversos tipos de servi\u00e7os essenciais para a popula\u00e7\u00e3o, em parceria com a prefeita municipal Fl\u00e1via Moretti (PL) e o vereador Charles da Educa\u00e7\u00e3o (Uni\u00e3o Brasil) que contribu\u00edram com a mobiliza\u00e7\u00e3o e organiza\u00e7\u00e3o do evento.<\/p>\n\n\n\n<p>\u201cDeste ano, esse \u00e9 o quinto mutir\u00e3o nosso, sendo o primeiro em V\u00e1rzea Grande. S\u00e3o mais de 20 servi\u00e7os essenciais sendo prestados \u00e0 comunidade. A popula\u00e7\u00e3o compareceu em massa. Quero agradecer ao vereador Charles da Educa\u00e7\u00e3o que ajudou na mobiliza\u00e7\u00e3o e organiza\u00e7\u00e3o, como, tamb\u00e9m, a prefeita Fl\u00e1via Moretti, que trouxe diversos servi\u00e7os das suas secretarias municipais. O povo merece! Trabalhamos com este tipo de a\u00e7\u00e3o, pois \u00e9 r\u00e1pido, direto e atende de fato \u00e0 popula\u00e7\u00e3o\u201d, comentou o parlamentar.<\/p>\n\n\n\n<p>Fl\u00e1via Moretti demonstrou satisfa\u00e7\u00e3o com a parceria no projeto do mutir\u00e3o e espera ampliar para outros bairros do munic\u00edpio. \u201cAs portas da prefeitura estar\u00e3o sempre abertas para este tipo de a\u00e7\u00e3o. Os nossos trabalhadores v\u00e1rzea-grandenses trabalham a semana toda e n\u00e3o conseguem ter acesso aos servi\u00e7os p\u00fablicos. Esse mutir\u00e3o, em um s\u00e1bado, j\u00e1 permite que eles tenham como resolver as pend\u00eancias pessoais e fazerem os encaminhamentos necess\u00e1rios. Parabenizo o deputado Wilson Santos por escolher V\u00e1rzea Grande para realizar este importante evento. Muito obrigada!\u201d, declarou a prefeita.<\/p>\n\n\n\n<p>\u201cEsse mutir\u00e3o trouxe diversos servi\u00e7os para a comunidade que, muitas vezes, demoram a chegar. E, assim, atendemos aqueles mun\u00edcipes que est\u00e3o dentro dos bairros. Escolhemos essa regi\u00e3o do Parque do Lago para atender os moradores de bairros circunvizinhos, principalmente aqueles mais vulner\u00e1veis. A parceria com o Wilson Santos foi muito positiva. Fico feliz de somarmos for\u00e7as para atendermos \u00e0s nossas fam\u00edlias mais humildes\u201d, posicionou o vereador Charles.<\/p>\n\n\n\n<p>O l\u00edder comunit\u00e1rio Marcos Aur\u00e9lio Santos de Brito, conhecido popularmente como Brito, marcou presen\u00e7a no mutir\u00e3o e destacou a sua atua\u00e7\u00e3o direta nas 30 unidades b\u00e1sicas de sa\u00fade e pronto socorro por meio da Secretaria Municipal de Sa\u00fade de V\u00e1rzea Grande. \u201cWilson Santos sempre com olhar humano aos mais vulner\u00e1veis. No mutir\u00e3o, o p\u00fablico p\u00f4de ter a oportunidade de ter acesso ao cl\u00ednico geral, oftalmologista, psic\u00f3logo, ter aferi\u00e7\u00e3o de glicemia e press\u00e3o arterial, vacina\u00e7\u00e3o, entre outros servi\u00e7os. Essa a\u00e7\u00e3o \u00e9 muito importante. A nossa V\u00e1rzea Grande \u00e9 muito carente, principalmente no setor da sa\u00fade\u201d, disse.<\/p>\n\n\n\n<p>A dona de casa Mirna Estela Gon\u00e7alves, moradora do bairro Santa Luzia, conseguiu resolver a situa\u00e7\u00e3o dos dois filhos pequenos de tr\u00eas e sete anos, diagnosticados com autismo e epilepsia, junto \u00e0 Defensoria P\u00fablica. \u201cAs minhas crian\u00e7as est\u00e3o h\u00e1 mais de um ano na fila de espera para ter consulta com neuropediatra e, assim, continuarem o tratamento. O atendimento com a Defensoria foi maravilhoso. J\u00e1, na pr\u00f3xima semana, elas ser\u00e3o atendidas. Tamb\u00e9m, aproveitei a consulta m\u00e9dica e psic\u00f3logo do mutir\u00e3o\u201d, informou a participante.<\/p>\n\n\n\n<p>Durante o evento, o p\u00fablico p\u00f4de ter acesso \u00e0 assessoria jur\u00eddica, balc\u00e3o de emprego, doa\u00e7\u00e3o de mudas, servi\u00e7os de beleza, massagem, corte de cabelo, esmalta\u00e7\u00e3o e maquiagem, justi\u00e7a eleitoral, educa\u00e7\u00e3o no tr\u00e2nsito, oficinas de mosaico e de tecnologias, entre outros. Na oportunidade, os participantes tamb\u00e9m puderam atualizar a vacina\u00e7\u00e3o antirr\u00e1bica de c\u00e3es e gatos, prestigiar apresenta\u00e7\u00f5es culturais e conhecer importantes projetos sociais na \u00e1rea do esporte.<\/p>\n\n\n\n<figure class=\"wp-block-gallery has-nested-images columns-default is-cropped wp-block-gallery-1 is-layout-flex wp-block-gallery-is-layout-flex\">\n<figure class=\"wp-block-image size-large\"><img fetchpriority=\"high\" decoding=\"async\" width=\"1024\" height=\"682\" data-id=\"1842\" src=\"https:\/\/wilsonsantosmt.com.br\/wp-content\/uploads\/2025\/09\/WhatsApp-Image-2025-09-01-at-14.28.51-4-1024x682.jpeg\" alt=\"\" class=\"wp-image-1842\" srcset=\"https:\/\/wilsonsantosmt.com.br\/wp-content\/uploads\/2025\/09\/WhatsApp-Image-2025-09-01-at-14.28.51-4-1024x682.jpeg 1024w, https:\/\/wilsonsantosmt.com.br\/wp-content\/uploads\/2025\/09\/WhatsApp-Image-2025-09-01-at-14.28.51-4-300x200.jpeg 300w, https:\/\/wilsonsantosmt.com.br\/wp-content\/uploads\/2025\/09\/WhatsApp-Image-2025-09-01-at-14.28.51-4-768x512.jpeg 768w, https:\/\/wilsonsantosmt.com.br\/wp-content\/uploads\/2025\/09\/WhatsApp-Image-2025-09-01-at-14.28.51-4-1536x1023.jpeg 1536w, https:\/\/wilsonsantosmt.com.br\/wp-content\/uploads\/2025\/09\/WhatsApp-Image-2025-09-01-at-14.28.51-4-600x400.jpeg 600w, https:\/\/wilsonsantosmt.com.br\/wp-content\/uploads\/2025\/09\/WhatsApp-Image-2025-09-01-at-14.28.51-4.jpeg 1600w\" sizes=\"(max-width: 1024px) 100vw, 1024px\" \/><\/figure>\n<\/figure>\n\n\n\n<figure class=\"wp-block-image size-large\"><img decoding=\"async\" width=\"1024\" height=\"682\" src=\"http:\/\/wilsonsantosmt.com.br\/wp-content\/uploads\/2025\/09\/WhatsApp-Image-2025-09-01-at-14.28.51-1-1024x682.jpeg\" alt=\"\" class=\"wp-image-1841\" srcset=\"https:\/\/wilsonsantosmt.com.br\/wp-content\/uploads\/2025\/09\/WhatsApp-Image-2025-09-01-at-14.28.51-1-1024x682.jpeg 1024w, https:\/\/wilsonsantosmt.com.br\/wp-content\/uploads\/2025\/09\/WhatsApp-Image-2025-09-01-at-14.28.51-1-300x200.jpeg 300w, https:\/\/wilsonsantosmt.com.br\/wp-content\/uploads\/2025\/09\/WhatsApp-Image-2025-09-01-at-14.28.51-1-768x512.jpeg 768w, https:\/\/wilsonsantosmt.com.br\/wp-content\/uploads\/2025\/09\/WhatsApp-Image-2025-09-01-at-14.28.51-1-1536x1023.jpeg 1536w, https:\/\/wilsonsantosmt.com.br\/wp-content\/uploads\/2025\/09\/WhatsApp-Image-2025-09-01-at-14.28.51-1-600x400.jpeg 600w, https:\/\/wilsonsantosmt.com.br\/wp-content\/uploads\/2025\/09\/WhatsApp-Image-2025-09-01-at-14.28.51-1.jpeg 1600w\" sizes=\"(max-width: 1024px) 100vw, 1024px\" \/><\/figure>\n\n\n\n<figure class=\"wp-block-image size-large\"><img decoding=\"async\" width=\"1024\" height=\"576\" src=\"http:\/\/wilsonsantosmt.com.br\/wp-content\/uploads\/2025\/09\/WhatsApp-Image-2025-09-01-at-14.28.51-3-1024x576.jpeg\" alt=\"\" class=\"wp-image-1839\" srcset=\"https:\/\/wilsonsantosmt.com.br\/wp-content\/uploads\/2025\/09\/WhatsApp-Image-2025-09-01-at-14.28.51-3-1024x576.jpeg 1024w, https:\/\/wilsonsantosmt.com.br\/wp-content\/uploads\/2025\/09\/WhatsApp-Image-2025-09-01-at-14.28.51-3-300x169.jpeg 300w, https:\/\/wilsonsantosmt.com.br\/wp-content\/uploads\/2025\/09\/WhatsApp-Image-2025-09-01-at-14.28.51-3-768x432.jpeg 768w, https:\/\/wilsonsantosmt.com.br\/wp-content\/uploads\/2025\/09\/WhatsApp-Image-2025-09-01-at-14.28.51-3-1536x864.jpeg 1536w, https:\/\/wilsonsantosmt.com.br\/wp-content\/uploads\/2025\/09\/WhatsApp-Image-2025-09-01-at-14.28.51-3-600x338.jpeg 600w, https:\/\/wilsonsantosmt.com.br\/wp-content\/uploads\/2025\/09\/WhatsApp-Image-2025-09-01-at-14.28.51-3.jpeg 1600w\" sizes=\"(max-width: 1024px) 100vw, 1024px\" \/><\/figure>\n","protected":false},"excerpt":{"rendered":"<p>O Mutir\u00e3o da Cidadania Social realizado pela Assembleia Legislativa de Mato Grosso, por meio do deputado estadual Wilson Santos (PSD), chegou a sua quinta edi\u00e7\u00e3o, neste \u00faltimo s\u00e1bado (30), na Escola Municipal Alino Ferreira de Magalh\u00e3es, no Jardim Maring\u00e1, em V\u00e1rzea Grande. A a\u00e7\u00e3o atendeu centenas de pessoas e ofertou diversos tipos de servi\u00e7os essenciais [&hellip;]<\/p>\n","protected":false},"author":4,"featured_media":1838,"comment_status":"closed","ping_status":"open","sticky":false,"template":"","format":"standard","meta":{"footnotes":""},"categories":[13],"tags":[],"yoast_head":"<!-- This site is optimized with the Yoast SEO Premium plugin v21.5 (Yoast SEO v21.4) - https:\/\/yoast.com\/wordpress\/plugins\/seo\/ -->\n<title>V\u00e1rzea Grande \u00e9 contemplada com o Mutir\u00e3o da Cidadania Social da ALMT - wilsonsantosmt.com.br<\/title>\n<meta name=\"robots\" content=\"index, follow, max-snippet:-1, max-image-preview:large, max-video-preview:-1\" \/>\n<link rel=\"canonical\" href=\"https:\/\/wilsonsantosmt.com.br\/index.php\/2025\/09\/01\/varzea-grande-e-contemplada-com-o-mutirao-da-cidadania-social-da-almt\/\" \/>\n<meta property=\"og:locale\" content=\"pt_BR\" \/>\n<meta property=\"og:type\" content=\"article\" \/>\n<meta property=\"og:title\" content=\"V\u00e1rzea Grande \u00e9 contemplada com o Mutir\u00e3o da Cidadania Social da ALMT\" \/>\n<meta property=\"og:description\" content=\"O Mutir\u00e3o da Cidadania Social realizado pela Assembleia Legislativa de Mato Grosso, por meio do deputado estadual Wilson Santos (PSD), chegou a sua quinta edi\u00e7\u00e3o, neste \u00faltimo s\u00e1bado (30), na Escola Municipal Alino Ferreira de Magalh\u00e3es, no Jardim Maring\u00e1, em V\u00e1rzea Grande. A a\u00e7\u00e3o atendeu centenas de pessoas e ofertou diversos tipos de servi\u00e7os essenciais [&hellip;]\" \/>\n<meta property=\"og:url\" content=\"https:\/\/wilsonsantosmt.com.br\/index.php\/2025\/09\/01\/varzea-grande-e-contemplada-com-o-mutirao-da-cidadania-social-da-almt\/\" \/>\n<meta property=\"og:site_name\" content=\"wilsonsantosmt.com.br\" \/>\n<meta property=\"article:publisher\" content=\"https:\/\/www.facebook.com\/WilsonSantosMT\/\" \/>\n<meta property=\"article:published_time\" content=\"2025-09-01T13:07:00+00:00\" \/>\n<meta property=\"article:modified_time\" content=\"2025-09-05T16:09:08+00:00\" \/>\n<meta property=\"og:image\" content=\"http:\/\/wilsonsantosmt.com.br\/wp-content\/uploads\/2025\/09\/WhatsApp-Image-2025-09-01-at-14.28.51.jpeg\" \/>\n\t<meta property=\"og:image:width\" content=\"1600\" \/>\n\t<meta property=\"og:image:height\" content=\"1066\" \/>\n\t<meta property=\"og:image:type\" content=\"image\/jpeg\" \/>\n<meta name=\"author\" content=\"Samantha dos Anjos\" \/>\n<meta name=\"twitter:card\" content=\"summary_large_image\" \/>\n<meta name=\"twitter:label1\" content=\"Escrito por\" \/>\n\t<meta name=\"twitter:data1\" content=\"Samantha dos Anjos\" \/>\n\t<meta name=\"twitter:label2\" content=\"Est. tempo de leitura\" \/>\n\t<meta name=\"twitter:data2\" content=\"4 minutos\" \/>\n<script type=\"application\/ld+json\" class=\"yoast-schema-graph\">{\"@context\":\"https:\/\/schema.org\",\"@graph\":[{\"@type\":\"Article\",\"@id\":\"https:\/\/wilsonsantosmt.com.br\/index.php\/2025\/09\/01\/varzea-grande-e-contemplada-com-o-mutirao-da-cidadania-social-da-almt\/#article\",\"isPartOf\":{\"@id\":\"https:\/\/wilsonsantosmt.com.br\/index.php\/2025\/09\/01\/varzea-grande-e-contemplada-com-o-mutirao-da-cidadania-social-da-almt\/\"},\"author\":{\"name\":\"Samantha dos Anjos\",\"@id\":\"https:\/\/wilsonsantosmt.com.br\/#\/schema\/person\/1d097ee45f526dd0455dbad8c679932c\"},\"headline\":\"V\u00e1rzea Grande \u00e9 contemplada com o Mutir\u00e3o da Cidadania Social da ALMT\",\"datePublished\":\"2025-09-01T13:07:00+00:00\",\"dateModified\":\"2025-09-05T16:09:08+00:00\",\"mainEntityOfPage\":{\"@id\":\"https:\/\/wilsonsantosmt.com.br\/index.php\/2025\/09\/01\/varzea-grande-e-contemplada-com-o-mutirao-da-cidadania-social-da-almt\/\"},\"wordCount\":662,\"publisher\":{\"@id\":\"https:\/\/wilsonsantosmt.com.br\/#\/schema\/person\/9de3c54961637a9eadb16bcbf895b1ef\"},\"articleSection\":[\"Not\u00edcias\"],\"inLanguage\":\"pt-BR\"},{\"@type\":\"WebPage\",\"@id\":\"https:\/\/wilsonsantosmt.com.br\/index.php\/2025\/09\/01\/varzea-grande-e-contemplada-com-o-mutirao-da-cidadania-social-da-almt\/\",\"url\":\"https:\/\/wilsonsantosmt.com.br\/index.php\/2025\/09\/01\/varzea-grande-e-contemplada-com-o-mutirao-da-cidadania-social-da-almt\/\",\"name\":\"V\u00e1rzea Grande \u00e9 contemplada com o Mutir\u00e3o da Cidadania Social da ALMT - wilsonsantosmt.com.br\",\"isPartOf\":{\"@id\":\"https:\/\/wilsonsantosmt.com.br\/#website\"},\"datePublished\":\"2025-09-01T13:07:00+00:00\",\"dateModified\":\"2025-09-05T16:09:08+00:00\",\"breadcrumb\":{\"@id\":\"https:\/\/wilsonsantosmt.com.br\/index.php\/2025\/09\/01\/varzea-grande-e-contemplada-com-o-mutirao-da-cidadania-social-da-almt\/#breadcrumb\"},\"inLanguage\":\"pt-BR\",\"potentialAction\":[{\"@type\":\"ReadAction\",\"target\":[\"https:\/\/wilsonsantosmt.com.br\/index.php\/2025\/09\/01\/varzea-grande-e-contemplada-com-o-mutirao-da-cidadania-social-da-almt\/\"]}]},{\"@type\":\"BreadcrumbList\",\"@id\":\"https:\/\/wilsonsantosmt.com.br\/index.php\/2025\/09\/01\/varzea-grande-e-contemplada-com-o-mutirao-da-cidadania-social-da-almt\/#breadcrumb\",\"itemListElement\":[{\"@type\":\"ListItem\",\"position\":1,\"name\":\"In\u00edcio\",\"item\":\"https:\/\/wilsonsantosmt.com.br\/\"},{\"@type\":\"ListItem\",\"position\":2,\"name\":\"Not\u00edcias\",\"item\":\"https:\/\/wilsonsantosmt.com.br\/index.php\/category\/noticias\/\"},{\"@type\":\"ListItem\",\"position\":3,\"name\":\"V\u00e1rzea Grande \u00e9 contemplada com o Mutir\u00e3o da Cidadania Social da ALMT\"}]},{\"@type\":\"WebSite\",\"@id\":\"https:\/\/wilsonsantosmt.com.br\/#website\",\"url\":\"https:\/\/wilsonsantosmt.com.br\/\",\"name\":\"wilsonsantosmt.com.br\",\"description\":\"\",\"publisher\":{\"@id\":\"https:\/\/wilsonsantosmt.com.br\/#\/schema\/person\/9de3c54961637a9eadb16bcbf895b1ef\"},\"potentialAction\":[{\"@type\":\"SearchAction\",\"target\":{\"@type\":\"EntryPoint\",\"urlTemplate\":\"https:\/\/wilsonsantosmt.com.br\/?s={search_term_string}\"},\"query-input\":\"required name=search_term_string\"}],\"inLanguage\":\"pt-BR\"},{\"@type\":[\"Person\",\"Organization\"],\"@id\":\"https:\/\/wilsonsantosmt.com.br\/#\/schema\/person\/9de3c54961637a9eadb16bcbf895b1ef\",\"name\":\"Wilson Santos\",\"image\":{\"@type\":\"ImageObject\",\"inLanguage\":\"pt-BR\",\"@id\":\"https:\/\/wilsonsantosmt.com.br\/#\/schema\/person\/image\/\",\"url\":\"https:\/\/wilsonsantosmt.com.br\/wp-content\/uploads\/2023\/11\/310828673_653254583023360_8795459643194608438_n.jpg\",\"contentUrl\":\"https:\/\/wilsonsantosmt.com.br\/wp-content\/uploads\/2023\/11\/310828673_653254583023360_8795459643194608438_n.jpg\",\"width\":1078,\"height\":1079,\"caption\":\"Wilson Santos\"},\"logo\":{\"@id\":\"https:\/\/wilsonsantosmt.com.br\/#\/schema\/person\/image\/\"},\"sameAs\":[\"http:\/\/wilsonsantosmt.com.br\",\"https:\/\/www.facebook.com\/WilsonSantosMT\/\",\"https:\/\/www.instagram.com\/wilsonsantosmt\/\",\"https:\/\/www.youtube.com\/@WilsonSantosWS\/videos\",\"https:\/\/pt.wikipedia.org\/wiki\/Wilson_Santos\"],\"honorificPrefix\":\"Sr\",\"gender\":\"masculino\",\"jobTitle\":\"Deputado Estadual\",\"worksFor\":\"Assembleia Legislativa de Mato Grosso\"},{\"@type\":\"Person\",\"@id\":\"https:\/\/wilsonsantosmt.com.br\/#\/schema\/person\/1d097ee45f526dd0455dbad8c679932c\",\"name\":\"Samantha dos Anjos\",\"image\":{\"@type\":\"ImageObject\",\"inLanguage\":\"pt-BR\",\"@id\":\"https:\/\/wilsonsantosmt.com.br\/#\/schema\/person\/image\/\",\"url\":\"https:\/\/secure.gravatar.com\/avatar\/7d8d0b6dd67d134a9fa841bee90c57c7?s=96&d=mm&r=g\",\"contentUrl\":\"https:\/\/secure.gravatar.com\/avatar\/7d8d0b6dd67d134a9fa841bee90c57c7?s=96&d=mm&r=g\",\"caption\":\"Samantha dos Anjos\"},\"url\":\"https:\/\/wilsonsantosmt.com.br\/index.php\/author\/samantha-dos-anjos\/\"}]}<\/script>\n<!-- \/ Yoast SEO Premium plugin. -->","yoast_head_json":{"title":"V\u00e1rzea Grande \u00e9 contemplada com o Mutir\u00e3o da Cidadania Social da ALMT - wilsonsantosmt.com.br","robots":{"index":"index","follow":"follow","max-snippet":"max-snippet:-1","max-image-preview":"max-image-preview:large","max-video-preview":"max-video-preview:-1"},"canonical":"https:\/\/wilsonsantosmt.com.br\/index.php\/2025\/09\/01\/varzea-grande-e-contemplada-com-o-mutirao-da-cidadania-social-da-almt\/","og_locale":"pt_BR","og_type":"article","og_title":"V\u00e1rzea Grande \u00e9 contemplada com o Mutir\u00e3o da Cidadania Social da ALMT","og_description":"O Mutir\u00e3o da Cidadania Social realizado pela Assembleia Legislativa de Mato Grosso, por meio do deputado estadual Wilson Santos (PSD), chegou a sua quinta edi\u00e7\u00e3o, neste \u00faltimo s\u00e1bado (30), na Escola Municipal Alino Ferreira de Magalh\u00e3es, no Jardim Maring\u00e1, em V\u00e1rzea Grande. A a\u00e7\u00e3o atendeu centenas de pessoas e ofertou diversos tipos de servi\u00e7os essenciais [&hellip;]","og_url":"https:\/\/wilsonsantosmt.com.br\/index.php\/2025\/09\/01\/varzea-grande-e-contemplada-com-o-mutirao-da-cidadania-social-da-almt\/","og_site_name":"wilsonsantosmt.com.br","article_publisher":"https:\/\/www.facebook.com\/WilsonSantosMT\/","article_published_time":"2025-09-01T13:07:00+00:00","article_modified_time":"2025-09-05T16:09:08+00:00","og_image":[{"width":1600,"height":1066,"url":"http:\/\/wilsonsantosmt.com.br\/wp-content\/uploads\/2025\/09\/WhatsApp-Image-2025-09-01-at-14.28.51.jpeg","type":"image\/jpeg"}],"author":"Samantha dos Anjos","twitter_card":"summary_large_image","twitter_misc":{"Escrito por":"Samantha dos Anjos","Est. tempo de leitura":"4 minutos"},"schema":{"@context":"https:\/\/schema.org","@graph":[{"@type":"Article","@id":"https:\/\/wilsonsantosmt.com.br\/index.php\/2025\/09\/01\/varzea-grande-e-contemplada-com-o-mutirao-da-cidadania-social-da-almt\/#article","isPartOf":{"@id":"https:\/\/wilsonsantosmt.com.br\/index.php\/2025\/09\/01\/varzea-grande-e-contemplada-com-o-mutirao-da-cidadania-social-da-almt\/"},"author":{"name":"Samantha dos Anjos","@id":"https:\/\/wilsonsantosmt.com.br\/#\/schema\/person\/1d097ee45f526dd0455dbad8c679932c"},"headline":"V\u00e1rzea Grande \u00e9 contemplada com o Mutir\u00e3o da Cidadania Social da ALMT","datePublished":"2025-09-01T13:07:00+00:00","dateModified":"2025-09-05T16:09:08+00:00","mainEntityOfPage":{"@id":"https:\/\/wilsonsantosmt.com.br\/index.php\/2025\/09\/01\/varzea-grande-e-contemplada-com-o-mutirao-da-cidadania-social-da-almt\/"},"wordCount":662,"publisher":{"@id":"https:\/\/wilsonsantosmt.com.br\/#\/schema\/person\/9de3c54961637a9eadb16bcbf895b1ef"},"articleSection":["Not\u00edcias"],"inLanguage":"pt-BR"},{"@type":"WebPage","@id":"https:\/\/wilsonsantosmt.com.br\/index.php\/2025\/09\/01\/varzea-grande-e-contemplada-com-o-mutirao-da-cidadania-social-da-almt\/","url":"https:\/\/wilsonsantosmt.com.br\/index.php\/2025\/09\/01\/varzea-grande-e-contemplada-com-o-mutirao-da-cidadania-social-da-almt\/","name":"V\u00e1rzea Grande \u00e9 contemplada com o Mutir\u00e3o da Cidadania Social da ALMT - wilsonsantosmt.com.br","isPartOf":{"@id":"https:\/\/wilsonsantosmt.com.br\/#website"},"datePublished":"2025-09-01T13:07:00+00:00","dateModified":"2025-09-05T16:09:08+00:00","breadcrumb":{"@id":"https:\/\/wilsonsantosmt.com.br\/index.php\/2025\/09\/01\/varzea-grande-e-contemplada-com-o-mutirao-da-cidadania-social-da-almt\/#breadcrumb"},"inLanguage":"pt-BR","potentialAction":[{"@type":"ReadAction","target":["https:\/\/wilsonsantosmt.com.br\/index.php\/2025\/09\/01\/varzea-grande-e-contemplada-com-o-mutirao-da-cidadania-social-da-almt\/"]}]},{"@type":"BreadcrumbList","@id":"https:\/\/wilsonsantosmt.com.br\/index.php\/2025\/09\/01\/varzea-grande-e-contemplada-com-o-mutirao-da-cidadania-social-da-almt\/#breadcrumb","itemListElement":[{"@type":"ListItem","position":1,"name":"In\u00edcio","item":"https:\/\/wilsonsantosmt.com.br\/"},{"@type":"ListItem","position":2,"name":"Not\u00edcias","item":"https:\/\/wilsonsantosmt.com.br\/index.php\/category\/noticias\/"},{"@type":"ListItem","position":3,"name":"V\u00e1rzea Grande \u00e9 contemplada com o Mutir\u00e3o da Cidadania Social da ALMT"}]},{"@type":"WebSite","@id":"https:\/\/wilsonsantosmt.com.br\/#website","url":"https:\/\/wilsonsantosmt.com.br\/","name":"wilsonsantosmt.com.br","description":"","publisher":{"@id":"https:\/\/wilsonsantosmt.com.br\/#\/schema\/person\/9de3c54961637a9eadb16bcbf895b1ef"},"potentialAction":[{"@type":"SearchAction","target":{"@type":"EntryPoint","urlTemplate":"https:\/\/wilsonsantosmt.com.br\/?s={search_term_string}"},"query-input":"required name=search_term_string"}],"inLanguage":"pt-BR"},{"@type":["Person","Organization"],"@id":"https:\/\/wilsonsantosmt.com.br\/#\/schema\/person\/9de3c54961637a9eadb16bcbf895b1ef","name":"Wilson Santos","image":{"@type":"ImageObject","inLanguage":"pt-BR","@id":"https:\/\/wilsonsantosmt.com.br\/#\/schema\/person\/image\/","url":"https:\/\/wilsonsantosmt.com.br\/wp-content\/uploads\/2023\/11\/310828673_653254583023360_8795459643194608438_n.jpg","contentUrl":"https:\/\/wilsonsantosmt.com.br\/wp-content\/uploads\/2023\/11\/310828673_653254583023360_8795459643194608438_n.jpg","width":1078,"height":1079,"caption":"Wilson Santos"},"logo":{"@id":"https:\/\/wilsonsantosmt.com.br\/#\/schema\/person\/image\/"},"sameAs":["http:\/\/wilsonsantosmt.com.br","https:\/\/www.facebook.com\/WilsonSantosMT\/","https:\/\/www.instagram.com\/wilsonsantosmt\/","https:\/\/www.youtube.com\/@WilsonSantosWS\/videos","https:\/\/pt.wikipedia.org\/wiki\/Wilson_Santos"],"honorificPrefix":"Sr","gender":"masculino","jobTitle":"Deputado Estadual","worksFor":"Assembleia Legislativa de Mato Grosso"},{"@type":"Person","@id":"https:\/\/wilsonsantosmt.com.br\/#\/schema\/person\/1d097ee45f526dd0455dbad8c679932c","name":"Samantha dos Anjos","image":{"@type":"ImageObject","inLanguage":"pt-BR","@id":"https:\/\/wilsonsantosmt.com.br\/#\/schema\/person\/image\/","url":"https:\/\/secure.gravatar.com\/avatar\/7d8d0b6dd67d134a9fa841bee90c57c7?s=96&d=mm&r=g","contentUrl":"https:\/\/secure.gravatar.com\/avatar\/7d8d0b6dd67d134a9fa841bee90c57c7?s=96&d=mm&r=g","caption":"Samantha dos Anjos"},"url":"https:\/\/wilsonsantosmt.com.br\/index.php\/author\/samantha-dos-anjos\/"}]}},"_links":{"self":[{"href":"https:\/\/wilsonsantosmt.com.br\/index.php\/wp-json\/wp\/v2\/posts\/1837"}],"collection":[{"href":"https:\/\/wilsonsantosmt.com.br\/index.php\/wp-json\/wp\/v2\/posts"}],"about":[{"href":"https:\/\/wilsonsantosmt.com.br\/index.php\/wp-json\/wp\/v2\/types\/post"}],"author":[{"embeddable":true,"href":"https:\/\/wilsonsantosmt.com.br\/index.php\/wp-json\/wp\/v2\/users\/4"}],"replies":[{"embeddable":true,"href":"https:\/\/wilsonsantosmt.com.br\/index.php\/wp-json\/wp\/v2\/comments?post=1837"}],"version-history":[{"count":1,"href":"https:\/\/wilsonsantosmt.com.br\/index.php\/wp-json\/wp\/v2\/posts\/1837\/revisions"}],"predecessor-version":[{"id":1843,"href":"https:\/\/wilsonsantosmt.com.br\/index.php\/wp-json\/wp\/v2\/posts\/1837\/revisions\/1843"}],"wp:featuredmedia":[{"embeddable":true,"href":"https:\/\/wilsonsantosmt.com.br\/index.php\/wp-json\/wp\/v2\/media\/1838"}],"wp:attachment":[{"href":"https:\/\/wilsonsantosmt.com.br\/index.php\/wp-json\/wp\/v2\/media?parent=1837"}],"wp:term":[{"taxonomy":"category","embeddable":true,"href":"https:\/\/wilsonsantosmt.com.br\/index.php\/wp-json\/wp\/v2\/categories?post=1837"},{"taxonomy":"post_tag","embeddable":true,"href":"https:\/\/wilsonsantosmt.com.br\/index.php\/wp-json\/wp\/v2\/tags?post=1837"}],"curies":[{"name":"wp","href":"https:\/\/api.w.org\/{rel}","templated":true}]}}