{"id":1847,"date":"2025-08-28T12:16:20","date_gmt":"2025-08-28T16:16:20","guid":{"rendered":"https:\/\/wilsonsantosmt.com.br\/?p=1847"},"modified":"2025-09-05T12:18:27","modified_gmt":"2025-09-05T16:18:27","slug":"deputados-reconduzem-assembleia-legislativa-no-protagonismo-dos-grandes-debates","status":"publish","type":"post","link":"https:\/\/wilsonsantosmt.com.br\/index.php\/2025\/08\/28\/deputados-reconduzem-assembleia-legislativa-no-protagonismo-dos-grandes-debates\/","title":{"rendered":"Deputados reconduzem Assembleia Legislativa no protagonismo dos grandes debates"},"content":{"rendered":"\n<p>Mato Grosso foi palco, nesta quarta (27) e quinta-feira (28), de um importante f\u00f3rum que reuniu lideran\u00e7as nacionais e regionais do campo empresarial, pol\u00edtico e ambiental para discutir sustentabilidade e desenvolvimento econ\u00f4mico. O evento \u00e9 promovido pela Assembleia Legislativa (ALMT), em parceria com o Lide Mato Grosso, tem o apoio do presidente da Casa de Leis, deputado Max Russi (PSB), e coordena\u00e7\u00e3o do deputado Wilson Santos (PSD), destacando pautas que visam contribuir com o futuro sustent\u00e1vel do estado.<\/p>\n\n\n\n<p>Na abertura do evento, nesta quarta-feira (28), o presidente Max Russi destacou a iniciativa e lembrou como surgiu a ideia de promover debates de grande alcance no estado. \u201cLembro que logo que assumi a presid\u00eancia da Casa de Leis, o Wilson Santos levou uma ideia, dizendo que era preciso organizar grandes eventos, debates de \u00e2mbito nacional e internacional, onde a Assembleia Legislativa tinha que trazer essas pautas para Mato Grosso. Confesso que um bom gestor \u00e9 aquele que sabe escutar e acatar as boas ideias. Abracei a ideia dele e fizemos uma parceria com o Lide Mato Grosso. Esse \u00e9 o primeiro evento que estamos tendo a oportunidade de realizar com um tema bastante importante: sustentabilidade e desenvolvimento econ\u00f4mico. O nosso estado \u00e9 muito forte nestas vertentes e \u00e9 um grande privil\u00e9gio realizar este encontro para tratar sobre Mato Grosso\u201d, declarou o presidente.<\/p>\n\n\n\n<p>&nbsp;Wilson Santos, por sua vez, parabenizou Max pela iniciativa de recolocar a Assembleia Legislativa no protagonismo dos grandes debates. \u201cQuando o saudoso ex-governador Dante de Oliveira dirigia o seu primeiro ano, foi a primeira vez que Mato Grosso atingia R$ 1 bilh\u00e3o de arrecada\u00e7\u00e3o. Este ano, o governador Mauro Mendes colocar\u00e1 nos cofres do estado cerca de R$ 50 bilh\u00f5es. N\u00e3o sei se h\u00e1 algum estado com crescimento compar\u00e1vel ao de Mato Grosso, que sempre foi um patinho feio do per\u00edodo imperial e da rep\u00fablica e, hoje, desperta o interesse mundial para investimentos \u2013 saindo do modelo de produ\u00e7\u00e3o prim\u00e1ria para a agroindustrializa\u00e7\u00e3o\u201d, afirmou.<\/p>\n\n\n\n<p>&nbsp;O ex-presidente da Rep\u00fablica, Michel Temer, tamb\u00e9m esteve presente no primeiro dia do evento e elogiou a grandiosidade da iniciativa, destacando a qualidade dos debates. \u201cVejo que n\u00e3o se trata de quantidade, mas sim, de qualidade de pessoas. Percebo que todos est\u00e3o interessados em ouvir, debater e aprender. Toda reuni\u00e3o desta natureza gera um grande aprendizado. O tema da sustentabilidade est\u00e1 diretamente ligado ao meio ambiente e foi apresentado com entusiasmo extraordin\u00e1rio por Wilson Santos, como verdadeiro patriota de Mato Grosso\u201d, destacou.<\/p>\n\n\n\n<p>&nbsp;Wilson Santos participou do primeiro painel, com o tema \u201cO compromisso ambiental de governos e do setor privado com a descarboniza\u00e7\u00e3o\u201d, ao lado da ex-ministra do Meio Ambiente, Izabella Teixeira, e do ex-senador e ex-presidente da Petrobras, Jean Paul Prates. Em sua fala, o parlamentar destacou o avan\u00e7o do modal ferrovi\u00e1rio na regi\u00e3o de \u00c1gua Boa e Rondon\u00f3polis, criticou a Morat\u00f3ria da Soja, que afeta produtores mato-grossenses e lembrou que o Produto Interno Bruto (PIB) do estado cresceu 400% nos \u00faltimos 15 anos.<\/p>\n\n\n\n<p>&nbsp;\u201cNeste momento, Mato Grosso est\u00e1 sofrendo uma revolu\u00e7\u00e3o no modal ferrovi\u00e1rio. N\u00f3s que sonhamos com a ferrovia em Cuiab\u00e1 desde o imp\u00e9rio. Em rela\u00e7\u00e3o \u00e0 quest\u00e3o ambiental, o nosso estado sofreu um boicote de grandes trades, que ficou conhecido como Morat\u00f3ria da Soja. As trades compradoras da soja decidiram, na Europa e Estados Unidos, que n\u00e3o comprariam de produtores que abriram \u00e1reas, legalmente, em meados a partir de 2008. A Assembleia Legislativa se levantou contra a Morat\u00f3ria da Soja, n\u00f3s fizemos uma lei, j\u00e1 que est\u00e3o sabotando os produtores mato-grossenses, vamos responder na mesma propor\u00e7\u00e3o, essas empresas perder\u00e3o todos os inventivos fiscais dados pelo Mato Grosso. Essa demanda est\u00e1 no Supremo Tribunal Federal. \u00c9 um labirinto que o produtor mato-grossense enfrenta\u201d, informou o deputado.&nbsp;<\/p>\n\n\n\n<p>&nbsp;No segundo dia do f\u00f3rum, os deputados Max Russi e Wilson Santos recepcionaram o ex-governador e ex-prefeito de S\u00e3o Paulo Jo\u00e3o Doria. Ele elogiou o governador Mauro Mendes e o ex-vice-governador Otaviano Pivetta por conduzirem uma gest\u00e3o ousada que apoia o setor privado e acelera o desenvolvimento econ\u00f4mico. \u201c\u00c9 assim que se faz gest\u00e3o: de forma ousada, transformadora e agregadora \u2013 unindo for\u00e7as pol\u00edticas, judici\u00e1rias, legislativas e da sociedade civil organizada, que \u00e9 parte integrante do processo econ\u00f4mico. Quem soma, colhe e quem divide, perde\u201d, afirmou Doria.<\/p>\n\n\n\n<p>&nbsp;O f\u00f3rum evidenciou que Mato Grosso ocupa posi\u00e7\u00e3o de destaque nacional e internacional nas discuss\u00f5es sobre sustentabilidade e desenvolvimento econ\u00f4mico. A atua\u00e7\u00e3o da Assembleia Legislativa foi fundamental para recolocar a institui\u00e7\u00e3o no centro do debate, atraindo lideran\u00e7as de peso e consolidando o estado como refer\u00eancia no di\u00e1logo sobre meio ambiente, inova\u00e7\u00e3o e crescimento sustent\u00e1vel.<\/p>\n\n\n\n<figure class=\"wp-block-image size-large\"><img fetchpriority=\"high\" decoding=\"async\" width=\"1024\" height=\"576\" src=\"http:\/\/wilsonsantosmt.com.br\/wp-content\/uploads\/2025\/09\/5010764896740159831-1024x576.jpg\" alt=\"\" class=\"wp-image-1849\" srcset=\"https:\/\/wilsonsantosmt.com.br\/wp-content\/uploads\/2025\/09\/5010764896740159831-1024x576.jpg 1024w, https:\/\/wilsonsantosmt.com.br\/wp-content\/uploads\/2025\/09\/5010764896740159831-300x169.jpg 300w, https:\/\/wilsonsantosmt.com.br\/wp-content\/uploads\/2025\/09\/5010764896740159831-768x432.jpg 768w, https:\/\/wilsonsantosmt.com.br\/wp-content\/uploads\/2025\/09\/5010764896740159831-600x338.jpg 600w, https:\/\/wilsonsantosmt.com.br\/wp-content\/uploads\/2025\/09\/5010764896740159831.jpg 1280w\" sizes=\"(max-width: 1024px) 100vw, 1024px\" \/><\/figure>\n\n\n\n<figure class=\"wp-block-image size-large\"><img decoding=\"async\" width=\"1024\" height=\"576\" src=\"http:\/\/wilsonsantosmt.com.br\/wp-content\/uploads\/2025\/09\/5006164179312291475-1024x576.jpg\" alt=\"\" class=\"wp-image-1851\" srcset=\"https:\/\/wilsonsantosmt.com.br\/wp-content\/uploads\/2025\/09\/5006164179312291475-1024x576.jpg 1024w, https:\/\/wilsonsantosmt.com.br\/wp-content\/uploads\/2025\/09\/5006164179312291475-300x169.jpg 300w, https:\/\/wilsonsantosmt.com.br\/wp-content\/uploads\/2025\/09\/5006164179312291475-768x432.jpg 768w, https:\/\/wilsonsantosmt.com.br\/wp-content\/uploads\/2025\/09\/5006164179312291475-600x338.jpg 600w, https:\/\/wilsonsantosmt.com.br\/wp-content\/uploads\/2025\/09\/5006164179312291475.jpg 1280w\" sizes=\"(max-width: 1024px) 100vw, 1024px\" \/><\/figure>\n\n\n\n<figure class=\"wp-block-image size-large\"><img decoding=\"async\" width=\"1024\" height=\"576\" src=\"http:\/\/wilsonsantosmt.com.br\/wp-content\/uploads\/2025\/09\/5006164179312291463-1-1024x576.jpg\" alt=\"\" class=\"wp-image-1852\" srcset=\"https:\/\/wilsonsantosmt.com.br\/wp-content\/uploads\/2025\/09\/5006164179312291463-1-1024x576.jpg 1024w, https:\/\/wilsonsantosmt.com.br\/wp-content\/uploads\/2025\/09\/5006164179312291463-1-300x169.jpg 300w, https:\/\/wilsonsantosmt.com.br\/wp-content\/uploads\/2025\/09\/5006164179312291463-1-768x432.jpg 768w, https:\/\/wilsonsantosmt.com.br\/wp-content\/uploads\/2025\/09\/5006164179312291463-1-600x338.jpg 600w, https:\/\/wilsonsantosmt.com.br\/wp-content\/uploads\/2025\/09\/5006164179312291463-1.jpg 1280w\" sizes=\"(max-width: 1024px) 100vw, 1024px\" \/><\/figure>\n","protected":false},"excerpt":{"rendered":"<p>Mato Grosso foi palco, nesta quarta (27) e quinta-feira (28), de um importante f\u00f3rum que reuniu lideran\u00e7as nacionais e regionais do campo empresarial, pol\u00edtico e ambiental para discutir sustentabilidade e desenvolvimento econ\u00f4mico. O evento \u00e9 promovido pela Assembleia Legislativa (ALMT), em parceria com o Lide Mato Grosso, tem o apoio do presidente da Casa de [&hellip;]<\/p>\n","protected":false},"author":4,"featured_media":1848,"comment_status":"closed","ping_status":"open","sticky":false,"template":"","format":"standard","meta":{"footnotes":""},"categories":[13],"tags":[],"yoast_head":"<!-- This site is optimized with the Yoast SEO Premium plugin v21.5 (Yoast SEO v21.4) - https:\/\/yoast.com\/wordpress\/plugins\/seo\/ -->\n<title>Deputados reconduzem Assembleia Legislativa no protagonismo dos grandes debates - wilsonsantosmt.com.br<\/title>\n<meta name=\"robots\" content=\"index, follow, max-snippet:-1, max-image-preview:large, max-video-preview:-1\" \/>\n<link rel=\"canonical\" href=\"https:\/\/wilsonsantosmt.com.br\/index.php\/2025\/08\/28\/deputados-reconduzem-assembleia-legislativa-no-protagonismo-dos-grandes-debates\/\" \/>\n<meta property=\"og:locale\" content=\"pt_BR\" \/>\n<meta property=\"og:type\" content=\"article\" \/>\n<meta property=\"og:title\" content=\"Deputados reconduzem Assembleia Legislativa no protagonismo dos grandes debates\" \/>\n<meta property=\"og:description\" content=\"Mato Grosso foi palco, nesta quarta (27) e quinta-feira (28), de um importante f\u00f3rum que reuniu lideran\u00e7as nacionais e regionais do campo empresarial, pol\u00edtico e ambiental para discutir sustentabilidade e desenvolvimento econ\u00f4mico. O evento \u00e9 promovido pela Assembleia Legislativa (ALMT), em parceria com o Lide Mato Grosso, tem o apoio do presidente da Casa de [&hellip;]\" \/>\n<meta property=\"og:url\" content=\"https:\/\/wilsonsantosmt.com.br\/index.php\/2025\/08\/28\/deputados-reconduzem-assembleia-legislativa-no-protagonismo-dos-grandes-debates\/\" \/>\n<meta property=\"og:site_name\" content=\"wilsonsantosmt.com.br\" \/>\n<meta property=\"article:publisher\" content=\"https:\/\/www.facebook.com\/WilsonSantosMT\/\" \/>\n<meta property=\"article:published_time\" content=\"2025-08-28T16:16:20+00:00\" \/>\n<meta property=\"article:modified_time\" content=\"2025-09-05T16:18:27+00:00\" \/>\n<meta property=\"og:image\" content=\"http:\/\/wilsonsantosmt.com.br\/wp-content\/uploads\/2025\/09\/25b0747ca71b4d7ad112c58ccc1555a368af7f8419c01-scaled.jpg\" \/>\n\t<meta property=\"og:image:width\" content=\"2560\" \/>\n\t<meta property=\"og:image:height\" content=\"1707\" \/>\n\t<meta property=\"og:image:type\" content=\"image\/jpeg\" \/>\n<meta name=\"author\" content=\"Samantha dos Anjos\" \/>\n<meta name=\"twitter:card\" content=\"summary_large_image\" \/>\n<meta name=\"twitter:label1\" content=\"Escrito por\" \/>\n\t<meta name=\"twitter:data1\" content=\"Samantha dos Anjos\" \/>\n\t<meta name=\"twitter:label2\" content=\"Est. tempo de leitura\" \/>\n\t<meta name=\"twitter:data2\" content=\"5 minutos\" \/>\n<script type=\"application\/ld+json\" class=\"yoast-schema-graph\">{\"@context\":\"https:\/\/schema.org\",\"@graph\":[{\"@type\":\"Article\",\"@id\":\"https:\/\/wilsonsantosmt.com.br\/index.php\/2025\/08\/28\/deputados-reconduzem-assembleia-legislativa-no-protagonismo-dos-grandes-debates\/#article\",\"isPartOf\":{\"@id\":\"https:\/\/wilsonsantosmt.com.br\/index.php\/2025\/08\/28\/deputados-reconduzem-assembleia-legislativa-no-protagonismo-dos-grandes-debates\/\"},\"author\":{\"name\":\"Samantha dos Anjos\",\"@id\":\"https:\/\/wilsonsantosmt.com.br\/#\/schema\/person\/1d097ee45f526dd0455dbad8c679932c\"},\"headline\":\"Deputados reconduzem Assembleia Legislativa no protagonismo dos grandes debates\",\"datePublished\":\"2025-08-28T16:16:20+00:00\",\"dateModified\":\"2025-09-05T16:18:27+00:00\",\"mainEntityOfPage\":{\"@id\":\"https:\/\/wilsonsantosmt.com.br\/index.php\/2025\/08\/28\/deputados-reconduzem-assembleia-legislativa-no-protagonismo-dos-grandes-debates\/\"},\"wordCount\":817,\"publisher\":{\"@id\":\"https:\/\/wilsonsantosmt.com.br\/#\/schema\/person\/9de3c54961637a9eadb16bcbf895b1ef\"},\"articleSection\":[\"Not\u00edcias\"],\"inLanguage\":\"pt-BR\"},{\"@type\":\"WebPage\",\"@id\":\"https:\/\/wilsonsantosmt.com.br\/index.php\/2025\/08\/28\/deputados-reconduzem-assembleia-legislativa-no-protagonismo-dos-grandes-debates\/\",\"url\":\"https:\/\/wilsonsantosmt.com.br\/index.php\/2025\/08\/28\/deputados-reconduzem-assembleia-legislativa-no-protagonismo-dos-grandes-debates\/\",\"name\":\"Deputados reconduzem Assembleia Legislativa no protagonismo dos grandes debates - wilsonsantosmt.com.br\",\"isPartOf\":{\"@id\":\"https:\/\/wilsonsantosmt.com.br\/#website\"},\"datePublished\":\"2025-08-28T16:16:20+00:00\",\"dateModified\":\"2025-09-05T16:18:27+00:00\",\"breadcrumb\":{\"@id\":\"https:\/\/wilsonsantosmt.com.br\/index.php\/2025\/08\/28\/deputados-reconduzem-assembleia-legislativa-no-protagonismo-dos-grandes-debates\/#breadcrumb\"},\"inLanguage\":\"pt-BR\",\"potentialAction\":[{\"@type\":\"ReadAction\",\"target\":[\"https:\/\/wilsonsantosmt.com.br\/index.php\/2025\/08\/28\/deputados-reconduzem-assembleia-legislativa-no-protagonismo-dos-grandes-debates\/\"]}]},{\"@type\":\"BreadcrumbList\",\"@id\":\"https:\/\/wilsonsantosmt.com.br\/index.php\/2025\/08\/28\/deputados-reconduzem-assembleia-legislativa-no-protagonismo-dos-grandes-debates\/#breadcrumb\",\"itemListElement\":[{\"@type\":\"ListItem\",\"position\":1,\"name\":\"In\u00edcio\",\"item\":\"https:\/\/wilsonsantosmt.com.br\/\"},{\"@type\":\"ListItem\",\"position\":2,\"name\":\"Not\u00edcias\",\"item\":\"https:\/\/wilsonsantosmt.com.br\/index.php\/category\/noticias\/\"},{\"@type\":\"ListItem\",\"position\":3,\"name\":\"Deputados reconduzem Assembleia Legislativa no protagonismo dos grandes debates\"}]},{\"@type\":\"WebSite\",\"@id\":\"https:\/\/wilsonsantosmt.com.br\/#website\",\"url\":\"https:\/\/wilsonsantosmt.com.br\/\",\"name\":\"wilsonsantosmt.com.br\",\"description\":\"\",\"publisher\":{\"@id\":\"https:\/\/wilsonsantosmt.com.br\/#\/schema\/person\/9de3c54961637a9eadb16bcbf895b1ef\"},\"potentialAction\":[{\"@type\":\"SearchAction\",\"target\":{\"@type\":\"EntryPoint\",\"urlTemplate\":\"https:\/\/wilsonsantosmt.com.br\/?s={search_term_string}\"},\"query-input\":\"required name=search_term_string\"}],\"inLanguage\":\"pt-BR\"},{\"@type\":[\"Person\",\"Organization\"],\"@id\":\"https:\/\/wilsonsantosmt.com.br\/#\/schema\/person\/9de3c54961637a9eadb16bcbf895b1ef\",\"name\":\"Wilson Santos\",\"image\":{\"@type\":\"ImageObject\",\"inLanguage\":\"pt-BR\",\"@id\":\"https:\/\/wilsonsantosmt.com.br\/#\/schema\/person\/image\/\",\"url\":\"https:\/\/wilsonsantosmt.com.br\/wp-content\/uploads\/2023\/11\/310828673_653254583023360_8795459643194608438_n.jpg\",\"contentUrl\":\"https:\/\/wilsonsantosmt.com.br\/wp-content\/uploads\/2023\/11\/310828673_653254583023360_8795459643194608438_n.jpg\",\"width\":1078,\"height\":1079,\"caption\":\"Wilson Santos\"},\"logo\":{\"@id\":\"https:\/\/wilsonsantosmt.com.br\/#\/schema\/person\/image\/\"},\"sameAs\":[\"http:\/\/wilsonsantosmt.com.br\",\"https:\/\/www.facebook.com\/WilsonSantosMT\/\",\"https:\/\/www.instagram.com\/wilsonsantosmt\/\",\"https:\/\/www.youtube.com\/@WilsonSantosWS\/videos\",\"https:\/\/pt.wikipedia.org\/wiki\/Wilson_Santos\"],\"honorificPrefix\":\"Sr\",\"gender\":\"masculino\",\"jobTitle\":\"Deputado Estadual\",\"worksFor\":\"Assembleia Legislativa de Mato Grosso\"},{\"@type\":\"Person\",\"@id\":\"https:\/\/wilsonsantosmt.com.br\/#\/schema\/person\/1d097ee45f526dd0455dbad8c679932c\",\"name\":\"Samantha dos Anjos\",\"image\":{\"@type\":\"ImageObject\",\"inLanguage\":\"pt-BR\",\"@id\":\"https:\/\/wilsonsantosmt.com.br\/#\/schema\/person\/image\/\",\"url\":\"https:\/\/secure.gravatar.com\/avatar\/7d8d0b6dd67d134a9fa841bee90c57c7?s=96&d=mm&r=g\",\"contentUrl\":\"https:\/\/secure.gravatar.com\/avatar\/7d8d0b6dd67d134a9fa841bee90c57c7?s=96&d=mm&r=g\",\"caption\":\"Samantha dos Anjos\"},\"url\":\"https:\/\/wilsonsantosmt.com.br\/index.php\/author\/samantha-dos-anjos\/\"}]}<\/script>\n<!-- \/ Yoast SEO Premium plugin. -->","yoast_head_json":{"title":"Deputados reconduzem Assembleia Legislativa no protagonismo dos grandes debates - wilsonsantosmt.com.br","robots":{"index":"index","follow":"follow","max-snippet":"max-snippet:-1","max-image-preview":"max-image-preview:large","max-video-preview":"max-video-preview:-1"},"canonical":"https:\/\/wilsonsantosmt.com.br\/index.php\/2025\/08\/28\/deputados-reconduzem-assembleia-legislativa-no-protagonismo-dos-grandes-debates\/","og_locale":"pt_BR","og_type":"article","og_title":"Deputados reconduzem Assembleia Legislativa no protagonismo dos grandes debates","og_description":"Mato Grosso foi palco, nesta quarta (27) e quinta-feira (28), de um importante f\u00f3rum que reuniu lideran\u00e7as nacionais e regionais do campo empresarial, pol\u00edtico e ambiental para discutir sustentabilidade e desenvolvimento econ\u00f4mico. O evento \u00e9 promovido pela Assembleia Legislativa (ALMT), em parceria com o Lide Mato Grosso, tem o apoio do presidente da Casa de [&hellip;]","og_url":"https:\/\/wilsonsantosmt.com.br\/index.php\/2025\/08\/28\/deputados-reconduzem-assembleia-legislativa-no-protagonismo-dos-grandes-debates\/","og_site_name":"wilsonsantosmt.com.br","article_publisher":"https:\/\/www.facebook.com\/WilsonSantosMT\/","article_published_time":"2025-08-28T16:16:20+00:00","article_modified_time":"2025-09-05T16:18:27+00:00","og_image":[{"width":2560,"height":1707,"url":"http:\/\/wilsonsantosmt.com.br\/wp-content\/uploads\/2025\/09\/25b0747ca71b4d7ad112c58ccc1555a368af7f8419c01-scaled.jpg","type":"image\/jpeg"}],"author":"Samantha dos Anjos","twitter_card":"summary_large_image","twitter_misc":{"Escrito por":"Samantha dos Anjos","Est. tempo de leitura":"5 minutos"},"schema":{"@context":"https:\/\/schema.org","@graph":[{"@type":"Article","@id":"https:\/\/wilsonsantosmt.com.br\/index.php\/2025\/08\/28\/deputados-reconduzem-assembleia-legislativa-no-protagonismo-dos-grandes-debates\/#article","isPartOf":{"@id":"https:\/\/wilsonsantosmt.com.br\/index.php\/2025\/08\/28\/deputados-reconduzem-assembleia-legislativa-no-protagonismo-dos-grandes-debates\/"},"author":{"name":"Samantha dos Anjos","@id":"https:\/\/wilsonsantosmt.com.br\/#\/schema\/person\/1d097ee45f526dd0455dbad8c679932c"},"headline":"Deputados reconduzem Assembleia Legislativa no protagonismo dos grandes debates","datePublished":"2025-08-28T16:16:20+00:00","dateModified":"2025-09-05T16:18:27+00:00","mainEntityOfPage":{"@id":"https:\/\/wilsonsantosmt.com.br\/index.php\/2025\/08\/28\/deputados-reconduzem-assembleia-legislativa-no-protagonismo-dos-grandes-debates\/"},"wordCount":817,"publisher":{"@id":"https:\/\/wilsonsantosmt.com.br\/#\/schema\/person\/9de3c54961637a9eadb16bcbf895b1ef"},"articleSection":["Not\u00edcias"],"inLanguage":"pt-BR"},{"@type":"WebPage","@id":"https:\/\/wilsonsantosmt.com.br\/index.php\/2025\/08\/28\/deputados-reconduzem-assembleia-legislativa-no-protagonismo-dos-grandes-debates\/","url":"https:\/\/wilsonsantosmt.com.br\/index.php\/2025\/08\/28\/deputados-reconduzem-assembleia-legislativa-no-protagonismo-dos-grandes-debates\/","name":"Deputados reconduzem Assembleia Legislativa no protagonismo dos grandes debates - wilsonsantosmt.com.br","isPartOf":{"@id":"https:\/\/wilsonsantosmt.com.br\/#website"},"datePublished":"2025-08-28T16:16:20+00:00","dateModified":"2025-09-05T16:18:27+00:00","breadcrumb":{"@id":"https:\/\/wilsonsantosmt.com.br\/index.php\/2025\/08\/28\/deputados-reconduzem-assembleia-legislativa-no-protagonismo-dos-grandes-debates\/#breadcrumb"},"inLanguage":"pt-BR","potentialAction":[{"@type":"ReadAction","target":["https:\/\/wilsonsantosmt.com.br\/index.php\/2025\/08\/28\/deputados-reconduzem-assembleia-legislativa-no-protagonismo-dos-grandes-debates\/"]}]},{"@type":"BreadcrumbList","@id":"https:\/\/wilsonsantosmt.com.br\/index.php\/2025\/08\/28\/deputados-reconduzem-assembleia-legislativa-no-protagonismo-dos-grandes-debates\/#breadcrumb","itemListElement":[{"@type":"ListItem","position":1,"name":"In\u00edcio","item":"https:\/\/wilsonsantosmt.com.br\/"},{"@type":"ListItem","position":2,"name":"Not\u00edcias","item":"https:\/\/wilsonsantosmt.com.br\/index.php\/category\/noticias\/"},{"@type":"ListItem","position":3,"name":"Deputados reconduzem Assembleia Legislativa no protagonismo dos grandes debates"}]},{"@type":"WebSite","@id":"https:\/\/wilsonsantosmt.com.br\/#website","url":"https:\/\/wilsonsantosmt.com.br\/","name":"wilsonsantosmt.com.br","description":"","publisher":{"@id":"https:\/\/wilsonsantosmt.com.br\/#\/schema\/person\/9de3c54961637a9eadb16bcbf895b1ef"},"potentialAction":[{"@type":"SearchAction","target":{"@type":"EntryPoint","urlTemplate":"https:\/\/wilsonsantosmt.com.br\/?s={search_term_string}"},"query-input":"required name=search_term_string"}],"inLanguage":"pt-BR"},{"@type":["Person","Organization"],"@id":"https:\/\/wilsonsantosmt.com.br\/#\/schema\/person\/9de3c54961637a9eadb16bcbf895b1ef","name":"Wilson Santos","image":{"@type":"ImageObject","inLanguage":"pt-BR","@id":"https:\/\/wilsonsantosmt.com.br\/#\/schema\/person\/image\/","url":"https:\/\/wilsonsantosmt.com.br\/wp-content\/uploads\/2023\/11\/310828673_653254583023360_8795459643194608438_n.jpg","contentUrl":"https:\/\/wilsonsantosmt.com.br\/wp-content\/uploads\/2023\/11\/310828673_653254583023360_8795459643194608438_n.jpg","width":1078,"height":1079,"caption":"Wilson Santos"},"logo":{"@id":"https:\/\/wilsonsantosmt.com.br\/#\/schema\/person\/image\/"},"sameAs":["http:\/\/wilsonsantosmt.com.br","https:\/\/www.facebook.com\/WilsonSantosMT\/","https:\/\/www.instagram.com\/wilsonsantosmt\/","https:\/\/www.youtube.com\/@WilsonSantosWS\/videos","https:\/\/pt.wikipedia.org\/wiki\/Wilson_Santos"],"honorificPrefix":"Sr","gender":"masculino","jobTitle":"Deputado Estadual","worksFor":"Assembleia Legislativa de Mato Grosso"},{"@type":"Person","@id":"https:\/\/wilsonsantosmt.com.br\/#\/schema\/person\/1d097ee45f526dd0455dbad8c679932c","name":"Samantha dos Anjos","image":{"@type":"ImageObject","inLanguage":"pt-BR","@id":"https:\/\/wilsonsantosmt.com.br\/#\/schema\/person\/image\/","url":"https:\/\/secure.gravatar.com\/avatar\/7d8d0b6dd67d134a9fa841bee90c57c7?s=96&d=mm&r=g","contentUrl":"https:\/\/secure.gravatar.com\/avatar\/7d8d0b6dd67d134a9fa841bee90c57c7?s=96&d=mm&r=g","caption":"Samantha dos Anjos"},"url":"https:\/\/wilsonsantosmt.com.br\/index.php\/author\/samantha-dos-anjos\/"}]}},"_links":{"self":[{"href":"https:\/\/wilsonsantosmt.com.br\/index.php\/wp-json\/wp\/v2\/posts\/1847"}],"collection":[{"href":"https:\/\/wilsonsantosmt.com.br\/index.php\/wp-json\/wp\/v2\/posts"}],"about":[{"href":"https:\/\/wilsonsantosmt.com.br\/index.php\/wp-json\/wp\/v2\/types\/post"}],"author":[{"embeddable":true,"href":"https:\/\/wilsonsantosmt.com.br\/index.php\/wp-json\/wp\/v2\/users\/4"}],"replies":[{"embeddable":true,"href":"https:\/\/wilsonsantosmt.com.br\/index.php\/wp-json\/wp\/v2\/comments?post=1847"}],"version-history":[{"count":1,"href":"https:\/\/wilsonsantosmt.com.br\/index.php\/wp-json\/wp\/v2\/posts\/1847\/revisions"}],"predecessor-version":[{"id":1853,"href":"https:\/\/wilsonsantosmt.com.br\/index.php\/wp-json\/wp\/v2\/posts\/1847\/revisions\/1853"}],"wp:featuredmedia":[{"embeddable":true,"href":"https:\/\/wilsonsantosmt.com.br\/index.php\/wp-json\/wp\/v2\/media\/1848"}],"wp:attachment":[{"href":"https:\/\/wilsonsantosmt.com.br\/index.php\/wp-json\/wp\/v2\/media?parent=1847"}],"wp:term":[{"taxonomy":"category","embeddable":true,"href":"https:\/\/wilsonsantosmt.com.br\/index.php\/wp-json\/wp\/v2\/categories?post=1847"},{"taxonomy":"post_tag","embeddable":true,"href":"https:\/\/wilsonsantosmt.com.br\/index.php\/wp-json\/wp\/v2\/tags?post=1847"}],"curies":[{"name":"wp","href":"https:\/\/api.w.org\/{rel}","templated":true}]}}