{"id":1867,"date":"2025-09-17T16:25:00","date_gmt":"2025-09-17T20:25:00","guid":{"rendered":"https:\/\/wilsonsantosmt.com.br\/?p=1867"},"modified":"2025-09-23T16:26:13","modified_gmt":"2025-09-23T20:26:13","slug":"wilson-santos-homenageia-prefeito-de-cuiaba-por-adesao-a-loteamentos-populares-em-cuiaba","status":"publish","type":"post","link":"https:\/\/wilsonsantosmt.com.br\/index.php\/2025\/09\/17\/wilson-santos-homenageia-prefeito-de-cuiaba-por-adesao-a-loteamentos-populares-em-cuiaba\/","title":{"rendered":"Wilson Santos homenageia prefeito de Cuiab\u00e1 por ades\u00e3o a loteamentos populares em Cuiab\u00e1"},"content":{"rendered":"\n<p><\/p>\n\n\n\n<p>Defensor hist\u00f3rico da habita\u00e7\u00e3o de interesse social em Mato Grosso, o deputado estadual Wilson Santos (PSD) concedeu, nesta quarta-feira (17), durante sess\u00e3o plen\u00e1ria, uma Mo\u00e7\u00e3o de Aplausos ao prefeito de Cuiab\u00e1, Ab\u00edlio Brunini (PL), pela inclus\u00e3o ao plano de a\u00e7\u00e3o do munic\u00edpio da implanta\u00e7\u00e3o de loteamentos populares. A medida tem como objetivo garantir o direito \u00e0 moradia digna e est\u00e1 em conson\u00e2ncia com os prop\u00f3sitos da C\u00e2mara Setorial Tem\u00e1tica (CST) da Moradia Popular, presidida pelo parlamentar na Assembleia Legislativa.<\/p>\n\n\n\n<p>Ele destacou que a iniciativa representa um avan\u00e7o na redu\u00e7\u00e3o do d\u00e9ficit habitacional, estimado em cerca de 40 mil fam\u00edlias na capital e 120 mil em todo o estado. \u201cEssa bandeira do loteamento popular acompanha minha trajet\u00f3ria pol\u00edtica. Tive a oportunidade de fazer parte da cria\u00e7\u00e3o de 30 bairros em Cuiab\u00e1 e V\u00e1rzea Grande. O prefeito anunciou recentemente que adotar\u00e1 essa modalidade em sua gest\u00e3o. Apresento esta honraria ao Ab\u00edlio Brunini e a toda sua equipe pela decis\u00e3o de incorporar em sua administra\u00e7\u00e3o uma pol\u00edtica que \u00e9 mais r\u00e1pida e eficaz para atender fam\u00edlias que sonham com um teto e, assim, concretizar esse anseio\u201d, afirmou.<\/p>\n\n\n\n<p>O prefeito anunciou a aquisi\u00e7\u00e3o de uma \u00e1rea com 700 lotes urbanizados, destinados a moradores da regi\u00e3o do Contorno Leste, que dever\u00e3o desocupar a \u00e1rea at\u00e9 27 de outubro, em cumprimento a decis\u00f5es judiciais de reintegra\u00e7\u00e3o de posse. \u201c\u00c9 assim que se governa: dialogando, avan\u00e7ando, expandindo e, principalmente, ouvindo e atendendo os mais vulner\u00e1veis. Dedico essa honraria com satisfa\u00e7\u00e3o, perante essa iniciativa em prol das fam\u00edlias cuiabanas\u201d, refor\u00e7ou Wilson Santos.<\/p>\n\n\n\n<p>Apesar do reconhecimento, o deputado reiterou que mant\u00e9m sua defesa pela desapropria\u00e7\u00e3o de tr\u00eas \u00e1reas urbanas no Contorno Leste, sendo as comunidades Jo\u00e3o Pinto, Itacarambi e Raiz Petr\u00f3leo. \u201cDefendo a desapropria\u00e7\u00e3o dessas \u00e1reas para garantir assentamento definitivo e regulariza\u00e7\u00e3o fundi\u00e1ria daquelas fam\u00edlias que vivem ali\u201d, acrescentou.<\/p>\n\n\n\n<p>Segundo Wilson, ao adotar os loteamentos populares, Ab\u00edlio demonstra sensibilidade social e d\u00e1 um passo hist\u00f3rico para transformar Cuiab\u00e1 em uma cidade mais justa, acolhedora e humana. \u201cCuiab\u00e1 enfrenta um dos maiores desafios urbanos de sua hist\u00f3ria: o d\u00e9ficit habitacional. S\u00e3o milhares de fam\u00edlias vivendo em condi\u00e7\u00f5es prec\u00e1rias, sem infraestrutura e acesso a servi\u00e7os b\u00e1sicos. A aus\u00eancia de pol\u00edticas eficazes agravou a desigualdade social e aumentou a vulnerabilidade das comunidades\u201d, concluiu.<\/p>\n\n\n\n<p>Homenageado &#8211; Ab\u00edlio Brunini assumiu a Prefeitura de Cuiab\u00e1 em 1\u00ba de janeiro de 2025, ap\u00f3s vencer as elei\u00e7\u00f5es com 171.324 votos. No plano de governo \u201cResgatando Cuiab\u00e1 2025\u20132028\u201d, al\u00e9m da ades\u00e3o ao loteamento popular, o gestor prev\u00ea a constru\u00e7\u00e3o de 10 mil novas casas populares, em parceria com os governos estadual e federal. Tamb\u00e9m, a cria\u00e7\u00e3o do Cart\u00e3o Moradia para possibilitar reformas, amplia\u00e7\u00f5es ou adapta\u00e7\u00f5es em im\u00f3veis j\u00e1 existentes. Essas medidas reafirmam o compromisso do prefeito com a justi\u00e7a social, inclus\u00e3o e dignidade humana, resgatando o direito fundamental \u00e0 moradia.<\/p>\n","protected":false},"excerpt":{"rendered":"<p>Defensor hist\u00f3rico da habita\u00e7\u00e3o de interesse social em Mato Grosso, o deputado estadual Wilson Santos (PSD) concedeu, nesta quarta-feira (17), durante sess\u00e3o plen\u00e1ria, uma Mo\u00e7\u00e3o de Aplausos ao prefeito de Cuiab\u00e1, Ab\u00edlio Brunini (PL), pela inclus\u00e3o ao plano de a\u00e7\u00e3o do munic\u00edpio da implanta\u00e7\u00e3o de loteamentos populares. A medida tem como objetivo garantir o direito [&hellip;]<\/p>\n","protected":false},"author":4,"featured_media":1868,"comment_status":"closed","ping_status":"open","sticky":false,"template":"","format":"standard","meta":{"footnotes":""},"categories":[13],"tags":[],"yoast_head":"<!-- This site is optimized with the Yoast SEO Premium plugin v21.5 (Yoast SEO v21.4) - https:\/\/yoast.com\/wordpress\/plugins\/seo\/ -->\n<title>Wilson Santos homenageia prefeito de Cuiab\u00e1 por ades\u00e3o a loteamentos populares em Cuiab\u00e1 - wilsonsantosmt.com.br<\/title>\n<meta name=\"robots\" content=\"index, follow, max-snippet:-1, max-image-preview:large, max-video-preview:-1\" \/>\n<link rel=\"canonical\" href=\"https:\/\/wilsonsantosmt.com.br\/index.php\/2025\/09\/17\/wilson-santos-homenageia-prefeito-de-cuiaba-por-adesao-a-loteamentos-populares-em-cuiaba\/\" \/>\n<meta property=\"og:locale\" content=\"pt_BR\" \/>\n<meta property=\"og:type\" content=\"article\" \/>\n<meta property=\"og:title\" content=\"Wilson Santos homenageia prefeito de Cuiab\u00e1 por ades\u00e3o a loteamentos populares em Cuiab\u00e1\" \/>\n<meta property=\"og:description\" content=\"Defensor hist\u00f3rico da habita\u00e7\u00e3o de interesse social em Mato Grosso, o deputado estadual Wilson Santos (PSD) concedeu, nesta quarta-feira (17), durante sess\u00e3o plen\u00e1ria, uma Mo\u00e7\u00e3o de Aplausos ao prefeito de Cuiab\u00e1, Ab\u00edlio Brunini (PL), pela inclus\u00e3o ao plano de a\u00e7\u00e3o do munic\u00edpio da implanta\u00e7\u00e3o de loteamentos populares. A medida tem como objetivo garantir o direito [&hellip;]\" \/>\n<meta property=\"og:url\" content=\"https:\/\/wilsonsantosmt.com.br\/index.php\/2025\/09\/17\/wilson-santos-homenageia-prefeito-de-cuiaba-por-adesao-a-loteamentos-populares-em-cuiaba\/\" \/>\n<meta property=\"og:site_name\" content=\"wilsonsantosmt.com.br\" \/>\n<meta property=\"article:publisher\" content=\"https:\/\/www.facebook.com\/WilsonSantosMT\/\" \/>\n<meta property=\"article:published_time\" content=\"2025-09-17T20:25:00+00:00\" \/>\n<meta property=\"article:modified_time\" content=\"2025-09-23T20:26:13+00:00\" \/>\n<meta property=\"og:image\" content=\"http:\/\/wilsonsantosmt.com.br\/wp-content\/uploads\/2025\/09\/WhatsApp-Image-2025-09-17-at-16.13.09.jpeg\" \/>\n\t<meta property=\"og:image:width\" content=\"1280\" \/>\n\t<meta property=\"og:image:height\" content=\"953\" \/>\n\t<meta property=\"og:image:type\" content=\"image\/jpeg\" \/>\n<meta name=\"author\" content=\"Samantha dos Anjos\" \/>\n<meta name=\"twitter:card\" content=\"summary_large_image\" \/>\n<meta name=\"twitter:label1\" content=\"Escrito por\" \/>\n\t<meta name=\"twitter:data1\" content=\"Samantha dos Anjos\" \/>\n\t<meta name=\"twitter:label2\" content=\"Est. tempo de leitura\" \/>\n\t<meta name=\"twitter:data2\" content=\"3 minutos\" \/>\n<script type=\"application\/ld+json\" class=\"yoast-schema-graph\">{\"@context\":\"https:\/\/schema.org\",\"@graph\":[{\"@type\":\"Article\",\"@id\":\"https:\/\/wilsonsantosmt.com.br\/index.php\/2025\/09\/17\/wilson-santos-homenageia-prefeito-de-cuiaba-por-adesao-a-loteamentos-populares-em-cuiaba\/#article\",\"isPartOf\":{\"@id\":\"https:\/\/wilsonsantosmt.com.br\/index.php\/2025\/09\/17\/wilson-santos-homenageia-prefeito-de-cuiaba-por-adesao-a-loteamentos-populares-em-cuiaba\/\"},\"author\":{\"name\":\"Samantha dos Anjos\",\"@id\":\"https:\/\/wilsonsantosmt.com.br\/#\/schema\/person\/1d097ee45f526dd0455dbad8c679932c\"},\"headline\":\"Wilson Santos homenageia prefeito de Cuiab\u00e1 por ades\u00e3o a loteamentos populares em Cuiab\u00e1\",\"datePublished\":\"2025-09-17T20:25:00+00:00\",\"dateModified\":\"2025-09-23T20:26:13+00:00\",\"mainEntityOfPage\":{\"@id\":\"https:\/\/wilsonsantosmt.com.br\/index.php\/2025\/09\/17\/wilson-santos-homenageia-prefeito-de-cuiaba-por-adesao-a-loteamentos-populares-em-cuiaba\/\"},\"wordCount\":535,\"publisher\":{\"@id\":\"https:\/\/wilsonsantosmt.com.br\/#\/schema\/person\/9de3c54961637a9eadb16bcbf895b1ef\"},\"articleSection\":[\"Not\u00edcias\"],\"inLanguage\":\"pt-BR\"},{\"@type\":\"WebPage\",\"@id\":\"https:\/\/wilsonsantosmt.com.br\/index.php\/2025\/09\/17\/wilson-santos-homenageia-prefeito-de-cuiaba-por-adesao-a-loteamentos-populares-em-cuiaba\/\",\"url\":\"https:\/\/wilsonsantosmt.com.br\/index.php\/2025\/09\/17\/wilson-santos-homenageia-prefeito-de-cuiaba-por-adesao-a-loteamentos-populares-em-cuiaba\/\",\"name\":\"Wilson Santos homenageia prefeito de Cuiab\u00e1 por ades\u00e3o a loteamentos populares em Cuiab\u00e1 - wilsonsantosmt.com.br\",\"isPartOf\":{\"@id\":\"https:\/\/wilsonsantosmt.com.br\/#website\"},\"datePublished\":\"2025-09-17T20:25:00+00:00\",\"dateModified\":\"2025-09-23T20:26:13+00:00\",\"breadcrumb\":{\"@id\":\"https:\/\/wilsonsantosmt.com.br\/index.php\/2025\/09\/17\/wilson-santos-homenageia-prefeito-de-cuiaba-por-adesao-a-loteamentos-populares-em-cuiaba\/#breadcrumb\"},\"inLanguage\":\"pt-BR\",\"potentialAction\":[{\"@type\":\"ReadAction\",\"target\":[\"https:\/\/wilsonsantosmt.com.br\/index.php\/2025\/09\/17\/wilson-santos-homenageia-prefeito-de-cuiaba-por-adesao-a-loteamentos-populares-em-cuiaba\/\"]}]},{\"@type\":\"BreadcrumbList\",\"@id\":\"https:\/\/wilsonsantosmt.com.br\/index.php\/2025\/09\/17\/wilson-santos-homenageia-prefeito-de-cuiaba-por-adesao-a-loteamentos-populares-em-cuiaba\/#breadcrumb\",\"itemListElement\":[{\"@type\":\"ListItem\",\"position\":1,\"name\":\"In\u00edcio\",\"item\":\"https:\/\/wilsonsantosmt.com.br\/\"},{\"@type\":\"ListItem\",\"position\":2,\"name\":\"Not\u00edcias\",\"item\":\"https:\/\/wilsonsantosmt.com.br\/index.php\/category\/noticias\/\"},{\"@type\":\"ListItem\",\"position\":3,\"name\":\"Wilson Santos homenageia prefeito de Cuiab\u00e1 por ades\u00e3o a loteamentos populares em Cuiab\u00e1\"}]},{\"@type\":\"WebSite\",\"@id\":\"https:\/\/wilsonsantosmt.com.br\/#website\",\"url\":\"https:\/\/wilsonsantosmt.com.br\/\",\"name\":\"wilsonsantosmt.com.br\",\"description\":\"\",\"publisher\":{\"@id\":\"https:\/\/wilsonsantosmt.com.br\/#\/schema\/person\/9de3c54961637a9eadb16bcbf895b1ef\"},\"potentialAction\":[{\"@type\":\"SearchAction\",\"target\":{\"@type\":\"EntryPoint\",\"urlTemplate\":\"https:\/\/wilsonsantosmt.com.br\/?s={search_term_string}\"},\"query-input\":\"required name=search_term_string\"}],\"inLanguage\":\"pt-BR\"},{\"@type\":[\"Person\",\"Organization\"],\"@id\":\"https:\/\/wilsonsantosmt.com.br\/#\/schema\/person\/9de3c54961637a9eadb16bcbf895b1ef\",\"name\":\"Wilson Santos\",\"image\":{\"@type\":\"ImageObject\",\"inLanguage\":\"pt-BR\",\"@id\":\"https:\/\/wilsonsantosmt.com.br\/#\/schema\/person\/image\/\",\"url\":\"https:\/\/wilsonsantosmt.com.br\/wp-content\/uploads\/2023\/11\/310828673_653254583023360_8795459643194608438_n.jpg\",\"contentUrl\":\"https:\/\/wilsonsantosmt.com.br\/wp-content\/uploads\/2023\/11\/310828673_653254583023360_8795459643194608438_n.jpg\",\"width\":1078,\"height\":1079,\"caption\":\"Wilson Santos\"},\"logo\":{\"@id\":\"https:\/\/wilsonsantosmt.com.br\/#\/schema\/person\/image\/\"},\"sameAs\":[\"http:\/\/wilsonsantosmt.com.br\",\"https:\/\/www.facebook.com\/WilsonSantosMT\/\",\"https:\/\/www.instagram.com\/wilsonsantosmt\/\",\"https:\/\/www.youtube.com\/@WilsonSantosWS\/videos\",\"https:\/\/pt.wikipedia.org\/wiki\/Wilson_Santos\"],\"honorificPrefix\":\"Sr\",\"gender\":\"masculino\",\"jobTitle\":\"Deputado Estadual\",\"worksFor\":\"Assembleia Legislativa de Mato Grosso\"},{\"@type\":\"Person\",\"@id\":\"https:\/\/wilsonsantosmt.com.br\/#\/schema\/person\/1d097ee45f526dd0455dbad8c679932c\",\"name\":\"Samantha dos Anjos\",\"image\":{\"@type\":\"ImageObject\",\"inLanguage\":\"pt-BR\",\"@id\":\"https:\/\/wilsonsantosmt.com.br\/#\/schema\/person\/image\/\",\"url\":\"https:\/\/secure.gravatar.com\/avatar\/7d8d0b6dd67d134a9fa841bee90c57c7?s=96&d=mm&r=g\",\"contentUrl\":\"https:\/\/secure.gravatar.com\/avatar\/7d8d0b6dd67d134a9fa841bee90c57c7?s=96&d=mm&r=g\",\"caption\":\"Samantha dos Anjos\"},\"url\":\"https:\/\/wilsonsantosmt.com.br\/index.php\/author\/samantha-dos-anjos\/\"}]}<\/script>\n<!-- \/ Yoast SEO Premium plugin. -->","yoast_head_json":{"title":"Wilson Santos homenageia prefeito de Cuiab\u00e1 por ades\u00e3o a loteamentos populares em Cuiab\u00e1 - wilsonsantosmt.com.br","robots":{"index":"index","follow":"follow","max-snippet":"max-snippet:-1","max-image-preview":"max-image-preview:large","max-video-preview":"max-video-preview:-1"},"canonical":"https:\/\/wilsonsantosmt.com.br\/index.php\/2025\/09\/17\/wilson-santos-homenageia-prefeito-de-cuiaba-por-adesao-a-loteamentos-populares-em-cuiaba\/","og_locale":"pt_BR","og_type":"article","og_title":"Wilson Santos homenageia prefeito de Cuiab\u00e1 por ades\u00e3o a loteamentos populares em Cuiab\u00e1","og_description":"Defensor hist\u00f3rico da habita\u00e7\u00e3o de interesse social em Mato Grosso, o deputado estadual Wilson Santos (PSD) concedeu, nesta quarta-feira (17), durante sess\u00e3o plen\u00e1ria, uma Mo\u00e7\u00e3o de Aplausos ao prefeito de Cuiab\u00e1, Ab\u00edlio Brunini (PL), pela inclus\u00e3o ao plano de a\u00e7\u00e3o do munic\u00edpio da implanta\u00e7\u00e3o de loteamentos populares. A medida tem como objetivo garantir o direito [&hellip;]","og_url":"https:\/\/wilsonsantosmt.com.br\/index.php\/2025\/09\/17\/wilson-santos-homenageia-prefeito-de-cuiaba-por-adesao-a-loteamentos-populares-em-cuiaba\/","og_site_name":"wilsonsantosmt.com.br","article_publisher":"https:\/\/www.facebook.com\/WilsonSantosMT\/","article_published_time":"2025-09-17T20:25:00+00:00","article_modified_time":"2025-09-23T20:26:13+00:00","og_image":[{"width":1280,"height":953,"url":"http:\/\/wilsonsantosmt.com.br\/wp-content\/uploads\/2025\/09\/WhatsApp-Image-2025-09-17-at-16.13.09.jpeg","type":"image\/jpeg"}],"author":"Samantha dos Anjos","twitter_card":"summary_large_image","twitter_misc":{"Escrito por":"Samantha dos Anjos","Est. tempo de leitura":"3 minutos"},"schema":{"@context":"https:\/\/schema.org","@graph":[{"@type":"Article","@id":"https:\/\/wilsonsantosmt.com.br\/index.php\/2025\/09\/17\/wilson-santos-homenageia-prefeito-de-cuiaba-por-adesao-a-loteamentos-populares-em-cuiaba\/#article","isPartOf":{"@id":"https:\/\/wilsonsantosmt.com.br\/index.php\/2025\/09\/17\/wilson-santos-homenageia-prefeito-de-cuiaba-por-adesao-a-loteamentos-populares-em-cuiaba\/"},"author":{"name":"Samantha dos Anjos","@id":"https:\/\/wilsonsantosmt.com.br\/#\/schema\/person\/1d097ee45f526dd0455dbad8c679932c"},"headline":"Wilson Santos homenageia prefeito de Cuiab\u00e1 por ades\u00e3o a loteamentos populares em Cuiab\u00e1","datePublished":"2025-09-17T20:25:00+00:00","dateModified":"2025-09-23T20:26:13+00:00","mainEntityOfPage":{"@id":"https:\/\/wilsonsantosmt.com.br\/index.php\/2025\/09\/17\/wilson-santos-homenageia-prefeito-de-cuiaba-por-adesao-a-loteamentos-populares-em-cuiaba\/"},"wordCount":535,"publisher":{"@id":"https:\/\/wilsonsantosmt.com.br\/#\/schema\/person\/9de3c54961637a9eadb16bcbf895b1ef"},"articleSection":["Not\u00edcias"],"inLanguage":"pt-BR"},{"@type":"WebPage","@id":"https:\/\/wilsonsantosmt.com.br\/index.php\/2025\/09\/17\/wilson-santos-homenageia-prefeito-de-cuiaba-por-adesao-a-loteamentos-populares-em-cuiaba\/","url":"https:\/\/wilsonsantosmt.com.br\/index.php\/2025\/09\/17\/wilson-santos-homenageia-prefeito-de-cuiaba-por-adesao-a-loteamentos-populares-em-cuiaba\/","name":"Wilson Santos homenageia prefeito de Cuiab\u00e1 por ades\u00e3o a loteamentos populares em Cuiab\u00e1 - wilsonsantosmt.com.br","isPartOf":{"@id":"https:\/\/wilsonsantosmt.com.br\/#website"},"datePublished":"2025-09-17T20:25:00+00:00","dateModified":"2025-09-23T20:26:13+00:00","breadcrumb":{"@id":"https:\/\/wilsonsantosmt.com.br\/index.php\/2025\/09\/17\/wilson-santos-homenageia-prefeito-de-cuiaba-por-adesao-a-loteamentos-populares-em-cuiaba\/#breadcrumb"},"inLanguage":"pt-BR","potentialAction":[{"@type":"ReadAction","target":["https:\/\/wilsonsantosmt.com.br\/index.php\/2025\/09\/17\/wilson-santos-homenageia-prefeito-de-cuiaba-por-adesao-a-loteamentos-populares-em-cuiaba\/"]}]},{"@type":"BreadcrumbList","@id":"https:\/\/wilsonsantosmt.com.br\/index.php\/2025\/09\/17\/wilson-santos-homenageia-prefeito-de-cuiaba-por-adesao-a-loteamentos-populares-em-cuiaba\/#breadcrumb","itemListElement":[{"@type":"ListItem","position":1,"name":"In\u00edcio","item":"https:\/\/wilsonsantosmt.com.br\/"},{"@type":"ListItem","position":2,"name":"Not\u00edcias","item":"https:\/\/wilsonsantosmt.com.br\/index.php\/category\/noticias\/"},{"@type":"ListItem","position":3,"name":"Wilson Santos homenageia prefeito de Cuiab\u00e1 por ades\u00e3o a loteamentos populares em Cuiab\u00e1"}]},{"@type":"WebSite","@id":"https:\/\/wilsonsantosmt.com.br\/#website","url":"https:\/\/wilsonsantosmt.com.br\/","name":"wilsonsantosmt.com.br","description":"","publisher":{"@id":"https:\/\/wilsonsantosmt.com.br\/#\/schema\/person\/9de3c54961637a9eadb16bcbf895b1ef"},"potentialAction":[{"@type":"SearchAction","target":{"@type":"EntryPoint","urlTemplate":"https:\/\/wilsonsantosmt.com.br\/?s={search_term_string}"},"query-input":"required name=search_term_string"}],"inLanguage":"pt-BR"},{"@type":["Person","Organization"],"@id":"https:\/\/wilsonsantosmt.com.br\/#\/schema\/person\/9de3c54961637a9eadb16bcbf895b1ef","name":"Wilson Santos","image":{"@type":"ImageObject","inLanguage":"pt-BR","@id":"https:\/\/wilsonsantosmt.com.br\/#\/schema\/person\/image\/","url":"https:\/\/wilsonsantosmt.com.br\/wp-content\/uploads\/2023\/11\/310828673_653254583023360_8795459643194608438_n.jpg","contentUrl":"https:\/\/wilsonsantosmt.com.br\/wp-content\/uploads\/2023\/11\/310828673_653254583023360_8795459643194608438_n.jpg","width":1078,"height":1079,"caption":"Wilson Santos"},"logo":{"@id":"https:\/\/wilsonsantosmt.com.br\/#\/schema\/person\/image\/"},"sameAs":["http:\/\/wilsonsantosmt.com.br","https:\/\/www.facebook.com\/WilsonSantosMT\/","https:\/\/www.instagram.com\/wilsonsantosmt\/","https:\/\/www.youtube.com\/@WilsonSantosWS\/videos","https:\/\/pt.wikipedia.org\/wiki\/Wilson_Santos"],"honorificPrefix":"Sr","gender":"masculino","jobTitle":"Deputado Estadual","worksFor":"Assembleia Legislativa de Mato Grosso"},{"@type":"Person","@id":"https:\/\/wilsonsantosmt.com.br\/#\/schema\/person\/1d097ee45f526dd0455dbad8c679932c","name":"Samantha dos Anjos","image":{"@type":"ImageObject","inLanguage":"pt-BR","@id":"https:\/\/wilsonsantosmt.com.br\/#\/schema\/person\/image\/","url":"https:\/\/secure.gravatar.com\/avatar\/7d8d0b6dd67d134a9fa841bee90c57c7?s=96&d=mm&r=g","contentUrl":"https:\/\/secure.gravatar.com\/avatar\/7d8d0b6dd67d134a9fa841bee90c57c7?s=96&d=mm&r=g","caption":"Samantha dos Anjos"},"url":"https:\/\/wilsonsantosmt.com.br\/index.php\/author\/samantha-dos-anjos\/"}]}},"_links":{"self":[{"href":"https:\/\/wilsonsantosmt.com.br\/index.php\/wp-json\/wp\/v2\/posts\/1867"}],"collection":[{"href":"https:\/\/wilsonsantosmt.com.br\/index.php\/wp-json\/wp\/v2\/posts"}],"about":[{"href":"https:\/\/wilsonsantosmt.com.br\/index.php\/wp-json\/wp\/v2\/types\/post"}],"author":[{"embeddable":true,"href":"https:\/\/wilsonsantosmt.com.br\/index.php\/wp-json\/wp\/v2\/users\/4"}],"replies":[{"embeddable":true,"href":"https:\/\/wilsonsantosmt.com.br\/index.php\/wp-json\/wp\/v2\/comments?post=1867"}],"version-history":[{"count":1,"href":"https:\/\/wilsonsantosmt.com.br\/index.php\/wp-json\/wp\/v2\/posts\/1867\/revisions"}],"predecessor-version":[{"id":1869,"href":"https:\/\/wilsonsantosmt.com.br\/index.php\/wp-json\/wp\/v2\/posts\/1867\/revisions\/1869"}],"wp:featuredmedia":[{"embeddable":true,"href":"https:\/\/wilsonsantosmt.com.br\/index.php\/wp-json\/wp\/v2\/media\/1868"}],"wp:attachment":[{"href":"https:\/\/wilsonsantosmt.com.br\/index.php\/wp-json\/wp\/v2\/media?parent=1867"}],"wp:term":[{"taxonomy":"category","embeddable":true,"href":"https:\/\/wilsonsantosmt.com.br\/index.php\/wp-json\/wp\/v2\/categories?post=1867"},{"taxonomy":"post_tag","embeddable":true,"href":"https:\/\/wilsonsantosmt.com.br\/index.php\/wp-json\/wp\/v2\/tags?post=1867"}],"curies":[{"name":"wp","href":"https:\/\/api.w.org\/{rel}","templated":true}]}}