{"id":1870,"date":"2025-09-16T16:26:35","date_gmt":"2025-09-16T20:26:35","guid":{"rendered":"https:\/\/wilsonsantosmt.com.br\/?p=1870"},"modified":"2025-09-23T16:27:08","modified_gmt":"2025-09-23T20:27:08","slug":"lotes-populares-para-familias-do-contorno-leste-pautam-encontro-entre-abilio-e-wilson-santos","status":"publish","type":"post","link":"https:\/\/wilsonsantosmt.com.br\/index.php\/2025\/09\/16\/lotes-populares-para-familias-do-contorno-leste-pautam-encontro-entre-abilio-e-wilson-santos\/","title":{"rendered":"Lotes populares para fam\u00edlias do Contorno Leste pautam encontro entre Ab\u00edlio e Wilson Santos"},"content":{"rendered":"\n<p><\/p>\n\n\n\n<p>O presidente da C\u00e2mara Setorial Tem\u00e1tica (CST) da Moradia Popular da Assembleia Legislativa de Mato Grosso, deputado estadual Wilson Santos (PSD), reuniu-se na tarde de segunda-feira (15) com o prefeito de Cuiab\u00e1, Ab\u00edlio Brunini (PL), e a secret\u00e1ria municipal de Habita\u00e7\u00e3o e Regulariza\u00e7\u00e3o Fundi\u00e1ria, Michelle Dreher, no Pal\u00e1cio Alencastro, sede da Prefeitura. No encontro, foi discutida uma das alternativas para o remanejamento das fam\u00edlias do Contorno Leste, que dever\u00e3o desocupar as \u00e1reas at\u00e9 o dia 27 de outubro, em cumprimento a decis\u00f5es judiciais de reintegra\u00e7\u00e3o de posse.<\/p>\n\n\n\n<p>Defensor hist\u00f3rico da habita\u00e7\u00e3o de interesse social, o parlamentar destacou a import\u00e2ncia da modalidade de loteamento popular, bandeira que acompanha sua trajet\u00f3ria pol\u00edtica. Ele reconheceu o importante passo dado pelo gestor municipal na defini\u00e7\u00e3o de uma \u00e1rea com 700 lotes para atender as fam\u00edlias do Contorno Leste que se enquadram nos crit\u00e9rios socioecon\u00f4micos levantados pela Secretaria Municipal de Assist\u00eancia Social.<\/p>\n\n\n\n<p>\u201cAb\u00edlio teve sensibilidade e aderiu aos loteamentos populares para fins sociais. Isso j\u00e1 \u00e9 uma vit\u00f3ria extraordin\u00e1ria para o povo humilde! Desperta a esperan\u00e7a dos moradores do Contorno Leste. Respeito todos os lados. A minha luta sempre foi essa e tenho identidade para falar sobre habita\u00e7\u00e3o. Mas tenho outra vis\u00e3o. Levantamos cerca de R$ 30 milh\u00f5es em emendas com outros pol\u00edticos que poderiam ser usados para desapropriar esse terreno ocupado para as fam\u00edlias que se enquadram no levantamento socioecon\u00f4mico. Sem contar que a prefeitura n\u00e3o teria \u00f4nus com \u00e1gua e energia el\u00e9trica, j\u00e1 que as concession\u00e1rias s\u00e3o obrigadas a fornecer\u201d, justifica o deputado.<\/p>\n\n\n\n<p>O prefeito, por sua vez, explicou que um dos impasses em rela\u00e7\u00e3o \u00e0s emendas levantadas por Wilson Santos &#8211; que se comprometeu a destinar R$ 3 milh\u00f5es &#8211; \u00e9 o prazo, j\u00e1 que os recursos s\u00f3 estar\u00e3o dispon\u00edveis em 2026. Para complementar esses valores, o senador licenciado Carlos F\u00e1varo (PSD) ficou de destinar R$ 18 milh\u00f5es, o senador Wellington Fagundes (PL) sinalizou emendas livres entre R$ 5 milh\u00f5es e R$ 8 milh\u00f5es ainda para este ano, e os vereadores Dra. Mara (Podemos) e Marcrean Santos (PP) se comprometeram R$ 1 milh\u00e3o cada.<br>\u201cAchamos uma \u00e1rea e fizemos um projeto de parcelamento do solo. Temos que ter seguran\u00e7a jur\u00eddica para tomar as devidas decis\u00f5es. Asseguro que haver\u00e1 pagamento de aluguel social para parte das fam\u00edlias at\u00e9 a defini\u00e7\u00e3o de novas \u00e1reas e a constru\u00e7\u00e3o de suas casas, no prazo de tr\u00eas a quatro meses. J\u00e1 levantamos 700 lotes que ser\u00e3o destinados a quem realmente precisa e estamos identificando quem, de fato, mora no Contorno Leste. Ser\u00e3o lotes urbanizados\u201d, ressaltou Brunini.<\/p>\n\n\n\n<p>O projeto de lei elaborado pelo Executivo municipal j\u00e1 foi encaminhado para an\u00e1lise da Procuradoria-Geral do munic\u00edpio e, em seguida, ser\u00e1 enviado para aprecia\u00e7\u00e3o da C\u00e2mara de Vereadores de Cuiab\u00e1. Em parceria da Secretaria de Habita\u00e7\u00e3o com o Instituto Federal de Mato Grosso (IFMT) e a Universidade Federal de Mato Grosso (UFMT), acad\u00eamicos do curso de Arquitetura v\u00e3o auxiliar, de forma volunt\u00e1ria, no desenvolvimento dos projetos das casas para as fam\u00edlias contempladas com os lotes urbanizados.<\/p>\n\n\n\n<p>Para detalhar essa iniciativa e apresentar outros programas habitacionais da Prefeitura de Cuiab\u00e1, por meio de convite feito por Wilson Santos, a secret\u00e1ria Michelle Dreher confirmou participa\u00e7\u00e3o na 13\u00aa reuni\u00e3o da CST da Moradia Popular, nesta sexta-feira (19), \u00e0s 14h30, na sala de comiss\u00f5es \u201cSarita Baracat\u201d, na Assembleia Legislativa. O encontro tamb\u00e9m contar\u00e1 com a presen\u00e7a do vice-governador Otaviano Pivetta (Republicanos).<\/p>\n\n\n\n<p>Contorno Leste \u2013 A ocupa\u00e7\u00e3o da \u00e1rea teve in\u00edcio em outubro de 2022, ganhou for\u00e7a e visibilidade no fim de janeiro de 2023 e, atualmente, estima-se que cerca de 2,5 mil fam\u00edlias vivam na regi\u00e3o.<\/p>\n","protected":false},"excerpt":{"rendered":"<p>O presidente da C\u00e2mara Setorial Tem\u00e1tica (CST) da Moradia Popular da Assembleia Legislativa de Mato Grosso, deputado estadual Wilson Santos (PSD), reuniu-se na tarde de segunda-feira (15) com o prefeito de Cuiab\u00e1, Ab\u00edlio Brunini (PL), e a secret\u00e1ria municipal de Habita\u00e7\u00e3o e Regulariza\u00e7\u00e3o Fundi\u00e1ria, Michelle Dreher, no Pal\u00e1cio Alencastro, sede da Prefeitura. No encontro, foi [&hellip;]<\/p>\n","protected":false},"author":4,"featured_media":1871,"comment_status":"closed","ping_status":"open","sticky":false,"template":"","format":"standard","meta":{"footnotes":""},"categories":[13],"tags":[],"yoast_head":"<!-- This site is optimized with the Yoast SEO Premium plugin v21.5 (Yoast SEO v21.4) - https:\/\/yoast.com\/wordpress\/plugins\/seo\/ -->\n<title>Lotes populares para fam\u00edlias do Contorno Leste pautam encontro entre Ab\u00edlio e Wilson Santos - wilsonsantosmt.com.br<\/title>\n<meta name=\"robots\" content=\"index, follow, max-snippet:-1, max-image-preview:large, max-video-preview:-1\" \/>\n<link rel=\"canonical\" href=\"https:\/\/wilsonsantosmt.com.br\/index.php\/2025\/09\/16\/lotes-populares-para-familias-do-contorno-leste-pautam-encontro-entre-abilio-e-wilson-santos\/\" \/>\n<meta property=\"og:locale\" content=\"pt_BR\" \/>\n<meta property=\"og:type\" content=\"article\" \/>\n<meta property=\"og:title\" content=\"Lotes populares para fam\u00edlias do Contorno Leste pautam encontro entre Ab\u00edlio e Wilson Santos\" \/>\n<meta property=\"og:description\" content=\"O presidente da C\u00e2mara Setorial Tem\u00e1tica (CST) da Moradia Popular da Assembleia Legislativa de Mato Grosso, deputado estadual Wilson Santos (PSD), reuniu-se na tarde de segunda-feira (15) com o prefeito de Cuiab\u00e1, Ab\u00edlio Brunini (PL), e a secret\u00e1ria municipal de Habita\u00e7\u00e3o e Regulariza\u00e7\u00e3o Fundi\u00e1ria, Michelle Dreher, no Pal\u00e1cio Alencastro, sede da Prefeitura. No encontro, foi [&hellip;]\" \/>\n<meta property=\"og:url\" content=\"https:\/\/wilsonsantosmt.com.br\/index.php\/2025\/09\/16\/lotes-populares-para-familias-do-contorno-leste-pautam-encontro-entre-abilio-e-wilson-santos\/\" \/>\n<meta property=\"og:site_name\" content=\"wilsonsantosmt.com.br\" \/>\n<meta property=\"article:publisher\" content=\"https:\/\/www.facebook.com\/WilsonSantosMT\/\" \/>\n<meta property=\"article:published_time\" content=\"2025-09-16T20:26:35+00:00\" \/>\n<meta property=\"article:modified_time\" content=\"2025-09-23T20:27:08+00:00\" \/>\n<meta property=\"og:image\" content=\"http:\/\/wilsonsantosmt.com.br\/wp-content\/uploads\/2025\/09\/WhatsApp-Image-2025-09-16-at-16.00.17.jpeg\" \/>\n\t<meta property=\"og:image:width\" content=\"1600\" \/>\n\t<meta property=\"og:image:height\" content=\"900\" \/>\n\t<meta property=\"og:image:type\" content=\"image\/jpeg\" \/>\n<meta name=\"author\" content=\"Samantha dos Anjos\" \/>\n<meta name=\"twitter:card\" content=\"summary_large_image\" \/>\n<meta name=\"twitter:label1\" content=\"Escrito por\" \/>\n\t<meta name=\"twitter:data1\" content=\"Samantha dos Anjos\" \/>\n\t<meta name=\"twitter:label2\" content=\"Est. tempo de leitura\" \/>\n\t<meta name=\"twitter:data2\" content=\"4 minutos\" \/>\n<script type=\"application\/ld+json\" class=\"yoast-schema-graph\">{\"@context\":\"https:\/\/schema.org\",\"@graph\":[{\"@type\":\"Article\",\"@id\":\"https:\/\/wilsonsantosmt.com.br\/index.php\/2025\/09\/16\/lotes-populares-para-familias-do-contorno-leste-pautam-encontro-entre-abilio-e-wilson-santos\/#article\",\"isPartOf\":{\"@id\":\"https:\/\/wilsonsantosmt.com.br\/index.php\/2025\/09\/16\/lotes-populares-para-familias-do-contorno-leste-pautam-encontro-entre-abilio-e-wilson-santos\/\"},\"author\":{\"name\":\"Samantha dos Anjos\",\"@id\":\"https:\/\/wilsonsantosmt.com.br\/#\/schema\/person\/1d097ee45f526dd0455dbad8c679932c\"},\"headline\":\"Lotes populares para fam\u00edlias do Contorno Leste pautam encontro entre Ab\u00edlio e Wilson Santos\",\"datePublished\":\"2025-09-16T20:26:35+00:00\",\"dateModified\":\"2025-09-23T20:27:08+00:00\",\"mainEntityOfPage\":{\"@id\":\"https:\/\/wilsonsantosmt.com.br\/index.php\/2025\/09\/16\/lotes-populares-para-familias-do-contorno-leste-pautam-encontro-entre-abilio-e-wilson-santos\/\"},\"wordCount\":662,\"publisher\":{\"@id\":\"https:\/\/wilsonsantosmt.com.br\/#\/schema\/person\/9de3c54961637a9eadb16bcbf895b1ef\"},\"articleSection\":[\"Not\u00edcias\"],\"inLanguage\":\"pt-BR\"},{\"@type\":\"WebPage\",\"@id\":\"https:\/\/wilsonsantosmt.com.br\/index.php\/2025\/09\/16\/lotes-populares-para-familias-do-contorno-leste-pautam-encontro-entre-abilio-e-wilson-santos\/\",\"url\":\"https:\/\/wilsonsantosmt.com.br\/index.php\/2025\/09\/16\/lotes-populares-para-familias-do-contorno-leste-pautam-encontro-entre-abilio-e-wilson-santos\/\",\"name\":\"Lotes populares para fam\u00edlias do Contorno Leste pautam encontro entre Ab\u00edlio e Wilson Santos - wilsonsantosmt.com.br\",\"isPartOf\":{\"@id\":\"https:\/\/wilsonsantosmt.com.br\/#website\"},\"datePublished\":\"2025-09-16T20:26:35+00:00\",\"dateModified\":\"2025-09-23T20:27:08+00:00\",\"breadcrumb\":{\"@id\":\"https:\/\/wilsonsantosmt.com.br\/index.php\/2025\/09\/16\/lotes-populares-para-familias-do-contorno-leste-pautam-encontro-entre-abilio-e-wilson-santos\/#breadcrumb\"},\"inLanguage\":\"pt-BR\",\"potentialAction\":[{\"@type\":\"ReadAction\",\"target\":[\"https:\/\/wilsonsantosmt.com.br\/index.php\/2025\/09\/16\/lotes-populares-para-familias-do-contorno-leste-pautam-encontro-entre-abilio-e-wilson-santos\/\"]}]},{\"@type\":\"BreadcrumbList\",\"@id\":\"https:\/\/wilsonsantosmt.com.br\/index.php\/2025\/09\/16\/lotes-populares-para-familias-do-contorno-leste-pautam-encontro-entre-abilio-e-wilson-santos\/#breadcrumb\",\"itemListElement\":[{\"@type\":\"ListItem\",\"position\":1,\"name\":\"In\u00edcio\",\"item\":\"https:\/\/wilsonsantosmt.com.br\/\"},{\"@type\":\"ListItem\",\"position\":2,\"name\":\"Not\u00edcias\",\"item\":\"https:\/\/wilsonsantosmt.com.br\/index.php\/category\/noticias\/\"},{\"@type\":\"ListItem\",\"position\":3,\"name\":\"Lotes populares para fam\u00edlias do Contorno Leste pautam encontro entre Ab\u00edlio e Wilson Santos\"}]},{\"@type\":\"WebSite\",\"@id\":\"https:\/\/wilsonsantosmt.com.br\/#website\",\"url\":\"https:\/\/wilsonsantosmt.com.br\/\",\"name\":\"wilsonsantosmt.com.br\",\"description\":\"\",\"publisher\":{\"@id\":\"https:\/\/wilsonsantosmt.com.br\/#\/schema\/person\/9de3c54961637a9eadb16bcbf895b1ef\"},\"potentialAction\":[{\"@type\":\"SearchAction\",\"target\":{\"@type\":\"EntryPoint\",\"urlTemplate\":\"https:\/\/wilsonsantosmt.com.br\/?s={search_term_string}\"},\"query-input\":\"required name=search_term_string\"}],\"inLanguage\":\"pt-BR\"},{\"@type\":[\"Person\",\"Organization\"],\"@id\":\"https:\/\/wilsonsantosmt.com.br\/#\/schema\/person\/9de3c54961637a9eadb16bcbf895b1ef\",\"name\":\"Wilson Santos\",\"image\":{\"@type\":\"ImageObject\",\"inLanguage\":\"pt-BR\",\"@id\":\"https:\/\/wilsonsantosmt.com.br\/#\/schema\/person\/image\/\",\"url\":\"https:\/\/wilsonsantosmt.com.br\/wp-content\/uploads\/2023\/11\/310828673_653254583023360_8795459643194608438_n.jpg\",\"contentUrl\":\"https:\/\/wilsonsantosmt.com.br\/wp-content\/uploads\/2023\/11\/310828673_653254583023360_8795459643194608438_n.jpg\",\"width\":1078,\"height\":1079,\"caption\":\"Wilson Santos\"},\"logo\":{\"@id\":\"https:\/\/wilsonsantosmt.com.br\/#\/schema\/person\/image\/\"},\"sameAs\":[\"http:\/\/wilsonsantosmt.com.br\",\"https:\/\/www.facebook.com\/WilsonSantosMT\/\",\"https:\/\/www.instagram.com\/wilsonsantosmt\/\",\"https:\/\/www.youtube.com\/@WilsonSantosWS\/videos\",\"https:\/\/pt.wikipedia.org\/wiki\/Wilson_Santos\"],\"honorificPrefix\":\"Sr\",\"gender\":\"masculino\",\"jobTitle\":\"Deputado Estadual\",\"worksFor\":\"Assembleia Legislativa de Mato Grosso\"},{\"@type\":\"Person\",\"@id\":\"https:\/\/wilsonsantosmt.com.br\/#\/schema\/person\/1d097ee45f526dd0455dbad8c679932c\",\"name\":\"Samantha dos Anjos\",\"image\":{\"@type\":\"ImageObject\",\"inLanguage\":\"pt-BR\",\"@id\":\"https:\/\/wilsonsantosmt.com.br\/#\/schema\/person\/image\/\",\"url\":\"https:\/\/secure.gravatar.com\/avatar\/7d8d0b6dd67d134a9fa841bee90c57c7?s=96&d=mm&r=g\",\"contentUrl\":\"https:\/\/secure.gravatar.com\/avatar\/7d8d0b6dd67d134a9fa841bee90c57c7?s=96&d=mm&r=g\",\"caption\":\"Samantha dos Anjos\"},\"url\":\"https:\/\/wilsonsantosmt.com.br\/index.php\/author\/samantha-dos-anjos\/\"}]}<\/script>\n<!-- \/ Yoast SEO Premium plugin. -->","yoast_head_json":{"title":"Lotes populares para fam\u00edlias do Contorno Leste pautam encontro entre Ab\u00edlio e Wilson Santos - wilsonsantosmt.com.br","robots":{"index":"index","follow":"follow","max-snippet":"max-snippet:-1","max-image-preview":"max-image-preview:large","max-video-preview":"max-video-preview:-1"},"canonical":"https:\/\/wilsonsantosmt.com.br\/index.php\/2025\/09\/16\/lotes-populares-para-familias-do-contorno-leste-pautam-encontro-entre-abilio-e-wilson-santos\/","og_locale":"pt_BR","og_type":"article","og_title":"Lotes populares para fam\u00edlias do Contorno Leste pautam encontro entre Ab\u00edlio e Wilson Santos","og_description":"O presidente da C\u00e2mara Setorial Tem\u00e1tica (CST) da Moradia Popular da Assembleia Legislativa de Mato Grosso, deputado estadual Wilson Santos (PSD), reuniu-se na tarde de segunda-feira (15) com o prefeito de Cuiab\u00e1, Ab\u00edlio Brunini (PL), e a secret\u00e1ria municipal de Habita\u00e7\u00e3o e Regulariza\u00e7\u00e3o Fundi\u00e1ria, Michelle Dreher, no Pal\u00e1cio Alencastro, sede da Prefeitura. No encontro, foi [&hellip;]","og_url":"https:\/\/wilsonsantosmt.com.br\/index.php\/2025\/09\/16\/lotes-populares-para-familias-do-contorno-leste-pautam-encontro-entre-abilio-e-wilson-santos\/","og_site_name":"wilsonsantosmt.com.br","article_publisher":"https:\/\/www.facebook.com\/WilsonSantosMT\/","article_published_time":"2025-09-16T20:26:35+00:00","article_modified_time":"2025-09-23T20:27:08+00:00","og_image":[{"width":1600,"height":900,"url":"http:\/\/wilsonsantosmt.com.br\/wp-content\/uploads\/2025\/09\/WhatsApp-Image-2025-09-16-at-16.00.17.jpeg","type":"image\/jpeg"}],"author":"Samantha dos Anjos","twitter_card":"summary_large_image","twitter_misc":{"Escrito por":"Samantha dos Anjos","Est. tempo de leitura":"4 minutos"},"schema":{"@context":"https:\/\/schema.org","@graph":[{"@type":"Article","@id":"https:\/\/wilsonsantosmt.com.br\/index.php\/2025\/09\/16\/lotes-populares-para-familias-do-contorno-leste-pautam-encontro-entre-abilio-e-wilson-santos\/#article","isPartOf":{"@id":"https:\/\/wilsonsantosmt.com.br\/index.php\/2025\/09\/16\/lotes-populares-para-familias-do-contorno-leste-pautam-encontro-entre-abilio-e-wilson-santos\/"},"author":{"name":"Samantha dos Anjos","@id":"https:\/\/wilsonsantosmt.com.br\/#\/schema\/person\/1d097ee45f526dd0455dbad8c679932c"},"headline":"Lotes populares para fam\u00edlias do Contorno Leste pautam encontro entre Ab\u00edlio e Wilson Santos","datePublished":"2025-09-16T20:26:35+00:00","dateModified":"2025-09-23T20:27:08+00:00","mainEntityOfPage":{"@id":"https:\/\/wilsonsantosmt.com.br\/index.php\/2025\/09\/16\/lotes-populares-para-familias-do-contorno-leste-pautam-encontro-entre-abilio-e-wilson-santos\/"},"wordCount":662,"publisher":{"@id":"https:\/\/wilsonsantosmt.com.br\/#\/schema\/person\/9de3c54961637a9eadb16bcbf895b1ef"},"articleSection":["Not\u00edcias"],"inLanguage":"pt-BR"},{"@type":"WebPage","@id":"https:\/\/wilsonsantosmt.com.br\/index.php\/2025\/09\/16\/lotes-populares-para-familias-do-contorno-leste-pautam-encontro-entre-abilio-e-wilson-santos\/","url":"https:\/\/wilsonsantosmt.com.br\/index.php\/2025\/09\/16\/lotes-populares-para-familias-do-contorno-leste-pautam-encontro-entre-abilio-e-wilson-santos\/","name":"Lotes populares para fam\u00edlias do Contorno Leste pautam encontro entre Ab\u00edlio e Wilson Santos - wilsonsantosmt.com.br","isPartOf":{"@id":"https:\/\/wilsonsantosmt.com.br\/#website"},"datePublished":"2025-09-16T20:26:35+00:00","dateModified":"2025-09-23T20:27:08+00:00","breadcrumb":{"@id":"https:\/\/wilsonsantosmt.com.br\/index.php\/2025\/09\/16\/lotes-populares-para-familias-do-contorno-leste-pautam-encontro-entre-abilio-e-wilson-santos\/#breadcrumb"},"inLanguage":"pt-BR","potentialAction":[{"@type":"ReadAction","target":["https:\/\/wilsonsantosmt.com.br\/index.php\/2025\/09\/16\/lotes-populares-para-familias-do-contorno-leste-pautam-encontro-entre-abilio-e-wilson-santos\/"]}]},{"@type":"BreadcrumbList","@id":"https:\/\/wilsonsantosmt.com.br\/index.php\/2025\/09\/16\/lotes-populares-para-familias-do-contorno-leste-pautam-encontro-entre-abilio-e-wilson-santos\/#breadcrumb","itemListElement":[{"@type":"ListItem","position":1,"name":"In\u00edcio","item":"https:\/\/wilsonsantosmt.com.br\/"},{"@type":"ListItem","position":2,"name":"Not\u00edcias","item":"https:\/\/wilsonsantosmt.com.br\/index.php\/category\/noticias\/"},{"@type":"ListItem","position":3,"name":"Lotes populares para fam\u00edlias do Contorno Leste pautam encontro entre Ab\u00edlio e Wilson Santos"}]},{"@type":"WebSite","@id":"https:\/\/wilsonsantosmt.com.br\/#website","url":"https:\/\/wilsonsantosmt.com.br\/","name":"wilsonsantosmt.com.br","description":"","publisher":{"@id":"https:\/\/wilsonsantosmt.com.br\/#\/schema\/person\/9de3c54961637a9eadb16bcbf895b1ef"},"potentialAction":[{"@type":"SearchAction","target":{"@type":"EntryPoint","urlTemplate":"https:\/\/wilsonsantosmt.com.br\/?s={search_term_string}"},"query-input":"required name=search_term_string"}],"inLanguage":"pt-BR"},{"@type":["Person","Organization"],"@id":"https:\/\/wilsonsantosmt.com.br\/#\/schema\/person\/9de3c54961637a9eadb16bcbf895b1ef","name":"Wilson Santos","image":{"@type":"ImageObject","inLanguage":"pt-BR","@id":"https:\/\/wilsonsantosmt.com.br\/#\/schema\/person\/image\/","url":"https:\/\/wilsonsantosmt.com.br\/wp-content\/uploads\/2023\/11\/310828673_653254583023360_8795459643194608438_n.jpg","contentUrl":"https:\/\/wilsonsantosmt.com.br\/wp-content\/uploads\/2023\/11\/310828673_653254583023360_8795459643194608438_n.jpg","width":1078,"height":1079,"caption":"Wilson Santos"},"logo":{"@id":"https:\/\/wilsonsantosmt.com.br\/#\/schema\/person\/image\/"},"sameAs":["http:\/\/wilsonsantosmt.com.br","https:\/\/www.facebook.com\/WilsonSantosMT\/","https:\/\/www.instagram.com\/wilsonsantosmt\/","https:\/\/www.youtube.com\/@WilsonSantosWS\/videos","https:\/\/pt.wikipedia.org\/wiki\/Wilson_Santos"],"honorificPrefix":"Sr","gender":"masculino","jobTitle":"Deputado Estadual","worksFor":"Assembleia Legislativa de Mato Grosso"},{"@type":"Person","@id":"https:\/\/wilsonsantosmt.com.br\/#\/schema\/person\/1d097ee45f526dd0455dbad8c679932c","name":"Samantha dos Anjos","image":{"@type":"ImageObject","inLanguage":"pt-BR","@id":"https:\/\/wilsonsantosmt.com.br\/#\/schema\/person\/image\/","url":"https:\/\/secure.gravatar.com\/avatar\/7d8d0b6dd67d134a9fa841bee90c57c7?s=96&d=mm&r=g","contentUrl":"https:\/\/secure.gravatar.com\/avatar\/7d8d0b6dd67d134a9fa841bee90c57c7?s=96&d=mm&r=g","caption":"Samantha dos Anjos"},"url":"https:\/\/wilsonsantosmt.com.br\/index.php\/author\/samantha-dos-anjos\/"}]}},"_links":{"self":[{"href":"https:\/\/wilsonsantosmt.com.br\/index.php\/wp-json\/wp\/v2\/posts\/1870"}],"collection":[{"href":"https:\/\/wilsonsantosmt.com.br\/index.php\/wp-json\/wp\/v2\/posts"}],"about":[{"href":"https:\/\/wilsonsantosmt.com.br\/index.php\/wp-json\/wp\/v2\/types\/post"}],"author":[{"embeddable":true,"href":"https:\/\/wilsonsantosmt.com.br\/index.php\/wp-json\/wp\/v2\/users\/4"}],"replies":[{"embeddable":true,"href":"https:\/\/wilsonsantosmt.com.br\/index.php\/wp-json\/wp\/v2\/comments?post=1870"}],"version-history":[{"count":1,"href":"https:\/\/wilsonsantosmt.com.br\/index.php\/wp-json\/wp\/v2\/posts\/1870\/revisions"}],"predecessor-version":[{"id":1872,"href":"https:\/\/wilsonsantosmt.com.br\/index.php\/wp-json\/wp\/v2\/posts\/1870\/revisions\/1872"}],"wp:featuredmedia":[{"embeddable":true,"href":"https:\/\/wilsonsantosmt.com.br\/index.php\/wp-json\/wp\/v2\/media\/1871"}],"wp:attachment":[{"href":"https:\/\/wilsonsantosmt.com.br\/index.php\/wp-json\/wp\/v2\/media?parent=1870"}],"wp:term":[{"taxonomy":"category","embeddable":true,"href":"https:\/\/wilsonsantosmt.com.br\/index.php\/wp-json\/wp\/v2\/categories?post=1870"},{"taxonomy":"post_tag","embeddable":true,"href":"https:\/\/wilsonsantosmt.com.br\/index.php\/wp-json\/wp\/v2\/tags?post=1870"}],"curies":[{"name":"wp","href":"https:\/\/api.w.org\/{rel}","templated":true}]}}