{"id":1873,"date":"2025-09-15T16:27:00","date_gmt":"2025-09-15T20:27:00","guid":{"rendered":"https:\/\/wilsonsantosmt.com.br\/?p=1873"},"modified":"2025-09-23T16:28:08","modified_gmt":"2025-09-23T20:28:08","slug":"almt-confirma-audiencia-publica-sobre-impactos-da-uhe-colider-nesta-quinta-feira-18","status":"publish","type":"post","link":"https:\/\/wilsonsantosmt.com.br\/index.php\/2025\/09\/15\/almt-confirma-audiencia-publica-sobre-impactos-da-uhe-colider-nesta-quinta-feira-18\/","title":{"rendered":"ALMT confirma audi\u00eancia p\u00fablica sobre impactos da UHE Col\u00edder nesta quinta-feira (18)"},"content":{"rendered":"\n<p><\/p>\n\n\n\n<p>A Assembleia Legislativa de Mato Grosso, por meio do deputado estadual Wilson Santos (PSD), em parceria com a C\u00e2mara de Vereadores de Col\u00edder, promove nesta quinta-feira (18), \u00e0s 9h, na C\u00e2mara Municipal de Col\u00edder, uma audi\u00eancia p\u00fablica para debater os impactos ambientais e socioecon\u00f4micos decorrentes da Usina Hidrel\u00e9trica (UHE) Col\u00edder. O encontro reunir\u00e1 representantes de \u00f3rg\u00e3os reguladores, autoridades pol\u00edticas, lideran\u00e7as regionais, pescadores, ribeirinhos e sociedade civil.<\/p>\n\n\n\n<p>O objetivo da reuni\u00e3o \u00e9 tratar de quest\u00f5es urgentes relacionadas ao rebaixamento do n\u00edvel da \u00e1gua do reservat\u00f3rio, medida adotada para garantir a seguran\u00e7a do empreendimento, ocorrida h\u00e1 cerca de 30 dias, que vem gerando s\u00e9rios preju\u00edzos, como a mortandade de peixes e impactos na pesca, interfer\u00eancias na navega\u00e7\u00e3o dos ribeirinhos, preju\u00edzos a eventos tur\u00edsticos regionais, como o Fest Praia (Parana\u00edta) e o Viva Floresta (Alta Floresta), entre outros.<\/p>\n\n\n\n<p>De acordo com Wilson Santos, a audi\u00eancia p\u00fablica ser\u00e1 um espa\u00e7o democr\u00e1tico e necess\u00e1rio para ouvir todos os lados e saber quais medidas emergenciais aplicadas pelo empreendedor quanto a compensa\u00e7\u00e3o aos munic\u00edpios afetados da \u00e1rea de influ\u00eancia da hidrel\u00e9trica. \u201c\u00c9 fundamental dar voz \u00e0s comunidades impactadas pela usina e construir, junto com os \u00f3rg\u00e3os reguladores e gestores p\u00fablicos, caminhos que garantam justi\u00e7a social e equil\u00edbrio ambiental. O Parlamento est\u00e1 cumprindo o seu papel de abrir di\u00e1logo e buscar solu\u00e7\u00f5es concretas para minimizar os preju\u00edzos da popula\u00e7\u00e3o\u201d, destacou o parlamentar.<\/p>\n\n\n\n<p>A UHE Col\u00edder abrange os munic\u00edpios de Col\u00edder, Nova Cana\u00e3 do Norte, Cl\u00e1udia e Ita\u00faba, no norte de Mato Grosso, com pot\u00eancia de gera\u00e7\u00e3o de 300 megawatts (MW), energia suficiente para abastecer 850 mil habitantes.<\/p>\n\n\n\n<p>Servi\u00e7o<\/p>\n\n\n\n<p>Pauta: Assembleia Legislativa realiza audi\u00eancia p\u00fablica para tratar sobre os impactos econ\u00f4micos e socioecon\u00f4micos da UHE Col\u00edder com o rebaixamento do rio Teles Pires<br>Local: C\u00e2mara Municipal de Col\u00edder<br>Data: 18 de setembro (quinta-feira)<br>Hor\u00e1rio: 9h<br>Informa\u00e7\u00f5es: Samantha dos Anjos \u2013 Assessoria de Imprensa<br>WhatsApp: (65) 98102-7740<br>Liga\u00e7\u00e3o: (65) 99639-9715<\/p>\n","protected":false},"excerpt":{"rendered":"<p>A Assembleia Legislativa de Mato Grosso, por meio do deputado estadual Wilson Santos (PSD), em parceria com a C\u00e2mara de Vereadores de Col\u00edder, promove nesta quinta-feira (18), \u00e0s 9h, na C\u00e2mara Municipal de Col\u00edder, uma audi\u00eancia p\u00fablica para debater os impactos ambientais e socioecon\u00f4micos decorrentes da Usina Hidrel\u00e9trica (UHE) Col\u00edder. O encontro reunir\u00e1 representantes de [&hellip;]<\/p>\n","protected":false},"author":4,"featured_media":1874,"comment_status":"closed","ping_status":"open","sticky":false,"template":"","format":"standard","meta":{"footnotes":""},"categories":[13],"tags":[],"yoast_head":"<!-- This site is optimized with the Yoast SEO Premium plugin v21.5 (Yoast SEO v21.4) - https:\/\/yoast.com\/wordpress\/plugins\/seo\/ -->\n<title>ALMT confirma audi\u00eancia p\u00fablica sobre impactos da UHE Col\u00edder nesta quinta-feira (18) - wilsonsantosmt.com.br<\/title>\n<meta name=\"robots\" content=\"index, follow, max-snippet:-1, max-image-preview:large, max-video-preview:-1\" \/>\n<link rel=\"canonical\" href=\"https:\/\/wilsonsantosmt.com.br\/index.php\/2025\/09\/15\/almt-confirma-audiencia-publica-sobre-impactos-da-uhe-colider-nesta-quinta-feira-18\/\" \/>\n<meta property=\"og:locale\" content=\"pt_BR\" \/>\n<meta property=\"og:type\" content=\"article\" \/>\n<meta property=\"og:title\" content=\"ALMT confirma audi\u00eancia p\u00fablica sobre impactos da UHE Col\u00edder nesta quinta-feira (18)\" \/>\n<meta property=\"og:description\" content=\"A Assembleia Legislativa de Mato Grosso, por meio do deputado estadual Wilson Santos (PSD), em parceria com a C\u00e2mara de Vereadores de Col\u00edder, promove nesta quinta-feira (18), \u00e0s 9h, na C\u00e2mara Municipal de Col\u00edder, uma audi\u00eancia p\u00fablica para debater os impactos ambientais e socioecon\u00f4micos decorrentes da Usina Hidrel\u00e9trica (UHE) Col\u00edder. O encontro reunir\u00e1 representantes de [&hellip;]\" \/>\n<meta property=\"og:url\" content=\"https:\/\/wilsonsantosmt.com.br\/index.php\/2025\/09\/15\/almt-confirma-audiencia-publica-sobre-impactos-da-uhe-colider-nesta-quinta-feira-18\/\" \/>\n<meta property=\"og:site_name\" content=\"wilsonsantosmt.com.br\" \/>\n<meta property=\"article:publisher\" content=\"https:\/\/www.facebook.com\/WilsonSantosMT\/\" \/>\n<meta property=\"article:published_time\" content=\"2025-09-15T20:27:00+00:00\" \/>\n<meta property=\"article:modified_time\" content=\"2025-09-23T20:28:08+00:00\" \/>\n<meta property=\"og:image\" content=\"http:\/\/wilsonsantosmt.com.br\/wp-content\/uploads\/2025\/09\/WhatsApp-Image-2025-09-15-at-12.43.22.jpeg\" \/>\n\t<meta property=\"og:image:width\" content=\"1600\" \/>\n\t<meta property=\"og:image:height\" content=\"1067\" \/>\n\t<meta property=\"og:image:type\" content=\"image\/jpeg\" \/>\n<meta name=\"author\" content=\"Samantha dos Anjos\" \/>\n<meta name=\"twitter:card\" content=\"summary_large_image\" \/>\n<meta name=\"twitter:label1\" content=\"Escrito por\" \/>\n\t<meta name=\"twitter:data1\" content=\"Samantha dos Anjos\" \/>\n\t<meta name=\"twitter:label2\" content=\"Est. tempo de leitura\" \/>\n\t<meta name=\"twitter:data2\" content=\"2 minutos\" \/>\n<script type=\"application\/ld+json\" class=\"yoast-schema-graph\">{\"@context\":\"https:\/\/schema.org\",\"@graph\":[{\"@type\":\"Article\",\"@id\":\"https:\/\/wilsonsantosmt.com.br\/index.php\/2025\/09\/15\/almt-confirma-audiencia-publica-sobre-impactos-da-uhe-colider-nesta-quinta-feira-18\/#article\",\"isPartOf\":{\"@id\":\"https:\/\/wilsonsantosmt.com.br\/index.php\/2025\/09\/15\/almt-confirma-audiencia-publica-sobre-impactos-da-uhe-colider-nesta-quinta-feira-18\/\"},\"author\":{\"name\":\"Samantha dos Anjos\",\"@id\":\"https:\/\/wilsonsantosmt.com.br\/#\/schema\/person\/1d097ee45f526dd0455dbad8c679932c\"},\"headline\":\"ALMT confirma audi\u00eancia p\u00fablica sobre impactos da UHE Col\u00edder nesta quinta-feira (18)\",\"datePublished\":\"2025-09-15T20:27:00+00:00\",\"dateModified\":\"2025-09-23T20:28:08+00:00\",\"mainEntityOfPage\":{\"@id\":\"https:\/\/wilsonsantosmt.com.br\/index.php\/2025\/09\/15\/almt-confirma-audiencia-publica-sobre-impactos-da-uhe-colider-nesta-quinta-feira-18\/\"},\"wordCount\":369,\"publisher\":{\"@id\":\"https:\/\/wilsonsantosmt.com.br\/#\/schema\/person\/9de3c54961637a9eadb16bcbf895b1ef\"},\"articleSection\":[\"Not\u00edcias\"],\"inLanguage\":\"pt-BR\"},{\"@type\":\"WebPage\",\"@id\":\"https:\/\/wilsonsantosmt.com.br\/index.php\/2025\/09\/15\/almt-confirma-audiencia-publica-sobre-impactos-da-uhe-colider-nesta-quinta-feira-18\/\",\"url\":\"https:\/\/wilsonsantosmt.com.br\/index.php\/2025\/09\/15\/almt-confirma-audiencia-publica-sobre-impactos-da-uhe-colider-nesta-quinta-feira-18\/\",\"name\":\"ALMT confirma audi\u00eancia p\u00fablica sobre impactos da UHE Col\u00edder nesta quinta-feira (18) - wilsonsantosmt.com.br\",\"isPartOf\":{\"@id\":\"https:\/\/wilsonsantosmt.com.br\/#website\"},\"datePublished\":\"2025-09-15T20:27:00+00:00\",\"dateModified\":\"2025-09-23T20:28:08+00:00\",\"breadcrumb\":{\"@id\":\"https:\/\/wilsonsantosmt.com.br\/index.php\/2025\/09\/15\/almt-confirma-audiencia-publica-sobre-impactos-da-uhe-colider-nesta-quinta-feira-18\/#breadcrumb\"},\"inLanguage\":\"pt-BR\",\"potentialAction\":[{\"@type\":\"ReadAction\",\"target\":[\"https:\/\/wilsonsantosmt.com.br\/index.php\/2025\/09\/15\/almt-confirma-audiencia-publica-sobre-impactos-da-uhe-colider-nesta-quinta-feira-18\/\"]}]},{\"@type\":\"BreadcrumbList\",\"@id\":\"https:\/\/wilsonsantosmt.com.br\/index.php\/2025\/09\/15\/almt-confirma-audiencia-publica-sobre-impactos-da-uhe-colider-nesta-quinta-feira-18\/#breadcrumb\",\"itemListElement\":[{\"@type\":\"ListItem\",\"position\":1,\"name\":\"In\u00edcio\",\"item\":\"https:\/\/wilsonsantosmt.com.br\/\"},{\"@type\":\"ListItem\",\"position\":2,\"name\":\"Not\u00edcias\",\"item\":\"https:\/\/wilsonsantosmt.com.br\/index.php\/category\/noticias\/\"},{\"@type\":\"ListItem\",\"position\":3,\"name\":\"ALMT confirma audi\u00eancia p\u00fablica sobre impactos da UHE Col\u00edder nesta quinta-feira (18)\"}]},{\"@type\":\"WebSite\",\"@id\":\"https:\/\/wilsonsantosmt.com.br\/#website\",\"url\":\"https:\/\/wilsonsantosmt.com.br\/\",\"name\":\"wilsonsantosmt.com.br\",\"description\":\"\",\"publisher\":{\"@id\":\"https:\/\/wilsonsantosmt.com.br\/#\/schema\/person\/9de3c54961637a9eadb16bcbf895b1ef\"},\"potentialAction\":[{\"@type\":\"SearchAction\",\"target\":{\"@type\":\"EntryPoint\",\"urlTemplate\":\"https:\/\/wilsonsantosmt.com.br\/?s={search_term_string}\"},\"query-input\":\"required name=search_term_string\"}],\"inLanguage\":\"pt-BR\"},{\"@type\":[\"Person\",\"Organization\"],\"@id\":\"https:\/\/wilsonsantosmt.com.br\/#\/schema\/person\/9de3c54961637a9eadb16bcbf895b1ef\",\"name\":\"Wilson Santos\",\"image\":{\"@type\":\"ImageObject\",\"inLanguage\":\"pt-BR\",\"@id\":\"https:\/\/wilsonsantosmt.com.br\/#\/schema\/person\/image\/\",\"url\":\"https:\/\/wilsonsantosmt.com.br\/wp-content\/uploads\/2023\/11\/310828673_653254583023360_8795459643194608438_n.jpg\",\"contentUrl\":\"https:\/\/wilsonsantosmt.com.br\/wp-content\/uploads\/2023\/11\/310828673_653254583023360_8795459643194608438_n.jpg\",\"width\":1078,\"height\":1079,\"caption\":\"Wilson Santos\"},\"logo\":{\"@id\":\"https:\/\/wilsonsantosmt.com.br\/#\/schema\/person\/image\/\"},\"sameAs\":[\"http:\/\/wilsonsantosmt.com.br\",\"https:\/\/www.facebook.com\/WilsonSantosMT\/\",\"https:\/\/www.instagram.com\/wilsonsantosmt\/\",\"https:\/\/www.youtube.com\/@WilsonSantosWS\/videos\",\"https:\/\/pt.wikipedia.org\/wiki\/Wilson_Santos\"],\"honorificPrefix\":\"Sr\",\"gender\":\"masculino\",\"jobTitle\":\"Deputado Estadual\",\"worksFor\":\"Assembleia Legislativa de Mato Grosso\"},{\"@type\":\"Person\",\"@id\":\"https:\/\/wilsonsantosmt.com.br\/#\/schema\/person\/1d097ee45f526dd0455dbad8c679932c\",\"name\":\"Samantha dos Anjos\",\"image\":{\"@type\":\"ImageObject\",\"inLanguage\":\"pt-BR\",\"@id\":\"https:\/\/wilsonsantosmt.com.br\/#\/schema\/person\/image\/\",\"url\":\"https:\/\/secure.gravatar.com\/avatar\/7d8d0b6dd67d134a9fa841bee90c57c7?s=96&d=mm&r=g\",\"contentUrl\":\"https:\/\/secure.gravatar.com\/avatar\/7d8d0b6dd67d134a9fa841bee90c57c7?s=96&d=mm&r=g\",\"caption\":\"Samantha dos Anjos\"},\"url\":\"https:\/\/wilsonsantosmt.com.br\/index.php\/author\/samantha-dos-anjos\/\"}]}<\/script>\n<!-- \/ Yoast SEO Premium plugin. -->","yoast_head_json":{"title":"ALMT confirma audi\u00eancia p\u00fablica sobre impactos da UHE Col\u00edder nesta quinta-feira (18) - wilsonsantosmt.com.br","robots":{"index":"index","follow":"follow","max-snippet":"max-snippet:-1","max-image-preview":"max-image-preview:large","max-video-preview":"max-video-preview:-1"},"canonical":"https:\/\/wilsonsantosmt.com.br\/index.php\/2025\/09\/15\/almt-confirma-audiencia-publica-sobre-impactos-da-uhe-colider-nesta-quinta-feira-18\/","og_locale":"pt_BR","og_type":"article","og_title":"ALMT confirma audi\u00eancia p\u00fablica sobre impactos da UHE Col\u00edder nesta quinta-feira (18)","og_description":"A Assembleia Legislativa de Mato Grosso, por meio do deputado estadual Wilson Santos (PSD), em parceria com a C\u00e2mara de Vereadores de Col\u00edder, promove nesta quinta-feira (18), \u00e0s 9h, na C\u00e2mara Municipal de Col\u00edder, uma audi\u00eancia p\u00fablica para debater os impactos ambientais e socioecon\u00f4micos decorrentes da Usina Hidrel\u00e9trica (UHE) Col\u00edder. O encontro reunir\u00e1 representantes de [&hellip;]","og_url":"https:\/\/wilsonsantosmt.com.br\/index.php\/2025\/09\/15\/almt-confirma-audiencia-publica-sobre-impactos-da-uhe-colider-nesta-quinta-feira-18\/","og_site_name":"wilsonsantosmt.com.br","article_publisher":"https:\/\/www.facebook.com\/WilsonSantosMT\/","article_published_time":"2025-09-15T20:27:00+00:00","article_modified_time":"2025-09-23T20:28:08+00:00","og_image":[{"width":1600,"height":1067,"url":"http:\/\/wilsonsantosmt.com.br\/wp-content\/uploads\/2025\/09\/WhatsApp-Image-2025-09-15-at-12.43.22.jpeg","type":"image\/jpeg"}],"author":"Samantha dos Anjos","twitter_card":"summary_large_image","twitter_misc":{"Escrito por":"Samantha dos Anjos","Est. tempo de leitura":"2 minutos"},"schema":{"@context":"https:\/\/schema.org","@graph":[{"@type":"Article","@id":"https:\/\/wilsonsantosmt.com.br\/index.php\/2025\/09\/15\/almt-confirma-audiencia-publica-sobre-impactos-da-uhe-colider-nesta-quinta-feira-18\/#article","isPartOf":{"@id":"https:\/\/wilsonsantosmt.com.br\/index.php\/2025\/09\/15\/almt-confirma-audiencia-publica-sobre-impactos-da-uhe-colider-nesta-quinta-feira-18\/"},"author":{"name":"Samantha dos Anjos","@id":"https:\/\/wilsonsantosmt.com.br\/#\/schema\/person\/1d097ee45f526dd0455dbad8c679932c"},"headline":"ALMT confirma audi\u00eancia p\u00fablica sobre impactos da UHE Col\u00edder nesta quinta-feira (18)","datePublished":"2025-09-15T20:27:00+00:00","dateModified":"2025-09-23T20:28:08+00:00","mainEntityOfPage":{"@id":"https:\/\/wilsonsantosmt.com.br\/index.php\/2025\/09\/15\/almt-confirma-audiencia-publica-sobre-impactos-da-uhe-colider-nesta-quinta-feira-18\/"},"wordCount":369,"publisher":{"@id":"https:\/\/wilsonsantosmt.com.br\/#\/schema\/person\/9de3c54961637a9eadb16bcbf895b1ef"},"articleSection":["Not\u00edcias"],"inLanguage":"pt-BR"},{"@type":"WebPage","@id":"https:\/\/wilsonsantosmt.com.br\/index.php\/2025\/09\/15\/almt-confirma-audiencia-publica-sobre-impactos-da-uhe-colider-nesta-quinta-feira-18\/","url":"https:\/\/wilsonsantosmt.com.br\/index.php\/2025\/09\/15\/almt-confirma-audiencia-publica-sobre-impactos-da-uhe-colider-nesta-quinta-feira-18\/","name":"ALMT confirma audi\u00eancia p\u00fablica sobre impactos da UHE Col\u00edder nesta quinta-feira (18) - wilsonsantosmt.com.br","isPartOf":{"@id":"https:\/\/wilsonsantosmt.com.br\/#website"},"datePublished":"2025-09-15T20:27:00+00:00","dateModified":"2025-09-23T20:28:08+00:00","breadcrumb":{"@id":"https:\/\/wilsonsantosmt.com.br\/index.php\/2025\/09\/15\/almt-confirma-audiencia-publica-sobre-impactos-da-uhe-colider-nesta-quinta-feira-18\/#breadcrumb"},"inLanguage":"pt-BR","potentialAction":[{"@type":"ReadAction","target":["https:\/\/wilsonsantosmt.com.br\/index.php\/2025\/09\/15\/almt-confirma-audiencia-publica-sobre-impactos-da-uhe-colider-nesta-quinta-feira-18\/"]}]},{"@type":"BreadcrumbList","@id":"https:\/\/wilsonsantosmt.com.br\/index.php\/2025\/09\/15\/almt-confirma-audiencia-publica-sobre-impactos-da-uhe-colider-nesta-quinta-feira-18\/#breadcrumb","itemListElement":[{"@type":"ListItem","position":1,"name":"In\u00edcio","item":"https:\/\/wilsonsantosmt.com.br\/"},{"@type":"ListItem","position":2,"name":"Not\u00edcias","item":"https:\/\/wilsonsantosmt.com.br\/index.php\/category\/noticias\/"},{"@type":"ListItem","position":3,"name":"ALMT confirma audi\u00eancia p\u00fablica sobre impactos da UHE Col\u00edder nesta quinta-feira (18)"}]},{"@type":"WebSite","@id":"https:\/\/wilsonsantosmt.com.br\/#website","url":"https:\/\/wilsonsantosmt.com.br\/","name":"wilsonsantosmt.com.br","description":"","publisher":{"@id":"https:\/\/wilsonsantosmt.com.br\/#\/schema\/person\/9de3c54961637a9eadb16bcbf895b1ef"},"potentialAction":[{"@type":"SearchAction","target":{"@type":"EntryPoint","urlTemplate":"https:\/\/wilsonsantosmt.com.br\/?s={search_term_string}"},"query-input":"required name=search_term_string"}],"inLanguage":"pt-BR"},{"@type":["Person","Organization"],"@id":"https:\/\/wilsonsantosmt.com.br\/#\/schema\/person\/9de3c54961637a9eadb16bcbf895b1ef","name":"Wilson Santos","image":{"@type":"ImageObject","inLanguage":"pt-BR","@id":"https:\/\/wilsonsantosmt.com.br\/#\/schema\/person\/image\/","url":"https:\/\/wilsonsantosmt.com.br\/wp-content\/uploads\/2023\/11\/310828673_653254583023360_8795459643194608438_n.jpg","contentUrl":"https:\/\/wilsonsantosmt.com.br\/wp-content\/uploads\/2023\/11\/310828673_653254583023360_8795459643194608438_n.jpg","width":1078,"height":1079,"caption":"Wilson Santos"},"logo":{"@id":"https:\/\/wilsonsantosmt.com.br\/#\/schema\/person\/image\/"},"sameAs":["http:\/\/wilsonsantosmt.com.br","https:\/\/www.facebook.com\/WilsonSantosMT\/","https:\/\/www.instagram.com\/wilsonsantosmt\/","https:\/\/www.youtube.com\/@WilsonSantosWS\/videos","https:\/\/pt.wikipedia.org\/wiki\/Wilson_Santos"],"honorificPrefix":"Sr","gender":"masculino","jobTitle":"Deputado Estadual","worksFor":"Assembleia Legislativa de Mato Grosso"},{"@type":"Person","@id":"https:\/\/wilsonsantosmt.com.br\/#\/schema\/person\/1d097ee45f526dd0455dbad8c679932c","name":"Samantha dos Anjos","image":{"@type":"ImageObject","inLanguage":"pt-BR","@id":"https:\/\/wilsonsantosmt.com.br\/#\/schema\/person\/image\/","url":"https:\/\/secure.gravatar.com\/avatar\/7d8d0b6dd67d134a9fa841bee90c57c7?s=96&d=mm&r=g","contentUrl":"https:\/\/secure.gravatar.com\/avatar\/7d8d0b6dd67d134a9fa841bee90c57c7?s=96&d=mm&r=g","caption":"Samantha dos Anjos"},"url":"https:\/\/wilsonsantosmt.com.br\/index.php\/author\/samantha-dos-anjos\/"}]}},"_links":{"self":[{"href":"https:\/\/wilsonsantosmt.com.br\/index.php\/wp-json\/wp\/v2\/posts\/1873"}],"collection":[{"href":"https:\/\/wilsonsantosmt.com.br\/index.php\/wp-json\/wp\/v2\/posts"}],"about":[{"href":"https:\/\/wilsonsantosmt.com.br\/index.php\/wp-json\/wp\/v2\/types\/post"}],"author":[{"embeddable":true,"href":"https:\/\/wilsonsantosmt.com.br\/index.php\/wp-json\/wp\/v2\/users\/4"}],"replies":[{"embeddable":true,"href":"https:\/\/wilsonsantosmt.com.br\/index.php\/wp-json\/wp\/v2\/comments?post=1873"}],"version-history":[{"count":1,"href":"https:\/\/wilsonsantosmt.com.br\/index.php\/wp-json\/wp\/v2\/posts\/1873\/revisions"}],"predecessor-version":[{"id":1875,"href":"https:\/\/wilsonsantosmt.com.br\/index.php\/wp-json\/wp\/v2\/posts\/1873\/revisions\/1875"}],"wp:featuredmedia":[{"embeddable":true,"href":"https:\/\/wilsonsantosmt.com.br\/index.php\/wp-json\/wp\/v2\/media\/1874"}],"wp:attachment":[{"href":"https:\/\/wilsonsantosmt.com.br\/index.php\/wp-json\/wp\/v2\/media?parent=1873"}],"wp:term":[{"taxonomy":"category","embeddable":true,"href":"https:\/\/wilsonsantosmt.com.br\/index.php\/wp-json\/wp\/v2\/categories?post=1873"},{"taxonomy":"post_tag","embeddable":true,"href":"https:\/\/wilsonsantosmt.com.br\/index.php\/wp-json\/wp\/v2\/tags?post=1873"}],"curies":[{"name":"wp","href":"https:\/\/api.w.org\/{rel}","templated":true}]}}