{"id":1876,"date":"2025-09-14T16:28:00","date_gmt":"2025-09-14T20:28:00","guid":{"rendered":"https:\/\/wilsonsantosmt.com.br\/?p=1876"},"modified":"2025-09-23T16:29:02","modified_gmt":"2025-09-23T20:29:02","slug":"comissao-especial-da-almt-vai-tratar-da-concessao-da-energisa-em-brasilia-nesta-terca-16","status":"publish","type":"post","link":"https:\/\/wilsonsantosmt.com.br\/index.php\/2025\/09\/14\/comissao-especial-da-almt-vai-tratar-da-concessao-da-energisa-em-brasilia-nesta-terca-16\/","title":{"rendered":"Comiss\u00e3o especial da ALMT vai tratar da concess\u00e3o da Energisa em Bras\u00edlia, nesta ter\u00e7a (16)"},"content":{"rendered":"\n<p><\/p>\n\n\n\n<p>Rec\u00e9m-instalada, a comiss\u00e3o especial da Assembleia Legislativa de Mato Grosso (ALMT), que analisa a renova\u00e7\u00e3o ou poss\u00edvel revers\u00e3o da concess\u00e3o para a distribui\u00e7\u00e3o de energia el\u00e9trica no estado de Mato Grosso, j\u00e1 inicia os seus trabalhos, em Bras\u00edlia (DF), nesta ter\u00e7a-feira (16). O vice-presidente do grupo de trabalho, deputado estadual Wilson Santos (PSD), estar\u00e1 presente ao lado de outros parlamentares que acompanham o contrato n\u00ba 003\/1997, firmado entre a Ag\u00eancia Nacional de Energia El\u00e9trica (Aneel) e a Energisa, que vence em 2027.<\/p>\n\n\n\n<p>Na reuni\u00e3o de instala\u00e7\u00e3o, realizada no dia 2 de setembro, a deputada estadual Jana\u00edna Riva (MDB) ficou respons\u00e1vel por organizar a programa\u00e7\u00e3o na capital federal, que contar\u00e1 tamb\u00e9m com a participa\u00e7\u00e3o da bancada federal de Mato Grosso. A agenda prev\u00ea encontros com representantes do Minist\u00e9rio de Minas e Energia (MME) e da diretoria da Aneel. Al\u00e9m do tema central sobre a concess\u00e3o da Energisa, tamb\u00e9m ser\u00e1 realizada uma reuni\u00e3o para tratar sobre a morat\u00f3ria da soja, no Conselho Administrativo de Defesa Econ\u00f4mica (Cade).<\/p>\n\n\n\n<p>Para Wilson, a mobiliza\u00e7\u00e3o imediata demonstra o compromisso da comiss\u00e3o em tratar de um assunto que impacta diretamente a vida dos mato-grossenses. \u201cEstar em Bras\u00edlia, neste momento, \u00e9 fundamental. N\u00e3o podemos deixar a decis\u00e3o sobre a concess\u00e3o ser tomada sem a devida participa\u00e7\u00e3o do nosso estado. A energia em Mato Grosso \u00e9 cara e de qualidade question\u00e1vel, precisamos fazer valer a voz do povo junto aos \u00f3rg\u00e3os federais e reguladores\u201d, afirmou o parlamentar.<\/p>\n\n\n\n<p>Na instala\u00e7\u00e3o do grupo de trabalho, foram distribu\u00eddas c\u00f3pias do contrato da Energisa com a Aneel \u2014 que conta com seis termos aditivos \u2014 para an\u00e1lise detalhada dos parlamentares e suas assessorias. De acordo com Santos, o prazo \u00e9 curto, j\u00e1 que a Aneel precisa decidir at\u00e9 abril de 2026 sobre a renova\u00e7\u00e3o ou n\u00e3o da concess\u00e3o, que vence em dezembro de 2027.<\/p>\n\n\n\n<p>O comiss\u00e3o \u00e9 presidida pelo presidente da Assembleia Legislativa, Max Russi (PSB), e tamb\u00e9m composta pelos deputados estaduais Valdir Barranco (PT), Chico Guarnieri (PRD), Faissal Calil (Cidadania), J\u00falio Campos (Uni\u00e3o Brasil) e Eduardo Botelho (Uni\u00e3o Brasil).<\/p>\n","protected":false},"excerpt":{"rendered":"<p>Rec\u00e9m-instalada, a comiss\u00e3o especial da Assembleia Legislativa de Mato Grosso (ALMT), que analisa a renova\u00e7\u00e3o ou poss\u00edvel revers\u00e3o da concess\u00e3o para a distribui\u00e7\u00e3o de energia el\u00e9trica no estado de Mato Grosso, j\u00e1 inicia os seus trabalhos, em Bras\u00edlia (DF), nesta ter\u00e7a-feira (16). O vice-presidente do grupo de trabalho, deputado estadual Wilson Santos (PSD), estar\u00e1 presente [&hellip;]<\/p>\n","protected":false},"author":4,"featured_media":1877,"comment_status":"closed","ping_status":"open","sticky":false,"template":"","format":"standard","meta":{"footnotes":""},"categories":[13],"tags":[],"yoast_head":"<!-- This site is optimized with the Yoast SEO Premium plugin v21.5 (Yoast SEO v21.4) - https:\/\/yoast.com\/wordpress\/plugins\/seo\/ -->\n<title>Comiss\u00e3o especial da ALMT vai tratar da concess\u00e3o da Energisa em Bras\u00edlia, nesta ter\u00e7a (16) - wilsonsantosmt.com.br<\/title>\n<meta name=\"robots\" content=\"index, follow, max-snippet:-1, max-image-preview:large, max-video-preview:-1\" \/>\n<link rel=\"canonical\" href=\"https:\/\/wilsonsantosmt.com.br\/index.php\/2025\/09\/14\/comissao-especial-da-almt-vai-tratar-da-concessao-da-energisa-em-brasilia-nesta-terca-16\/\" \/>\n<meta property=\"og:locale\" content=\"pt_BR\" \/>\n<meta property=\"og:type\" content=\"article\" \/>\n<meta property=\"og:title\" content=\"Comiss\u00e3o especial da ALMT vai tratar da concess\u00e3o da Energisa em Bras\u00edlia, nesta ter\u00e7a (16)\" \/>\n<meta property=\"og:description\" content=\"Rec\u00e9m-instalada, a comiss\u00e3o especial da Assembleia Legislativa de Mato Grosso (ALMT), que analisa a renova\u00e7\u00e3o ou poss\u00edvel revers\u00e3o da concess\u00e3o para a distribui\u00e7\u00e3o de energia el\u00e9trica no estado de Mato Grosso, j\u00e1 inicia os seus trabalhos, em Bras\u00edlia (DF), nesta ter\u00e7a-feira (16). O vice-presidente do grupo de trabalho, deputado estadual Wilson Santos (PSD), estar\u00e1 presente [&hellip;]\" \/>\n<meta property=\"og:url\" content=\"https:\/\/wilsonsantosmt.com.br\/index.php\/2025\/09\/14\/comissao-especial-da-almt-vai-tratar-da-concessao-da-energisa-em-brasilia-nesta-terca-16\/\" \/>\n<meta property=\"og:site_name\" content=\"wilsonsantosmt.com.br\" \/>\n<meta property=\"article:publisher\" content=\"https:\/\/www.facebook.com\/WilsonSantosMT\/\" \/>\n<meta property=\"article:published_time\" content=\"2025-09-14T20:28:00+00:00\" \/>\n<meta property=\"article:modified_time\" content=\"2025-09-23T20:29:02+00:00\" \/>\n<meta property=\"og:image\" content=\"http:\/\/wilsonsantosmt.com.br\/wp-content\/uploads\/2025\/09\/WhatsApp-Image-2025-09-14-at-21.33.48.jpeg\" \/>\n\t<meta property=\"og:image:width\" content=\"1476\" \/>\n\t<meta property=\"og:image:height\" content=\"973\" \/>\n\t<meta property=\"og:image:type\" content=\"image\/jpeg\" \/>\n<meta name=\"author\" content=\"Samantha dos Anjos\" \/>\n<meta name=\"twitter:card\" content=\"summary_large_image\" \/>\n<meta name=\"twitter:label1\" content=\"Escrito por\" \/>\n\t<meta name=\"twitter:data1\" content=\"Samantha dos Anjos\" \/>\n\t<meta name=\"twitter:label2\" content=\"Est. tempo de leitura\" \/>\n\t<meta name=\"twitter:data2\" content=\"2 minutos\" \/>\n<script type=\"application\/ld+json\" class=\"yoast-schema-graph\">{\"@context\":\"https:\/\/schema.org\",\"@graph\":[{\"@type\":\"Article\",\"@id\":\"https:\/\/wilsonsantosmt.com.br\/index.php\/2025\/09\/14\/comissao-especial-da-almt-vai-tratar-da-concessao-da-energisa-em-brasilia-nesta-terca-16\/#article\",\"isPartOf\":{\"@id\":\"https:\/\/wilsonsantosmt.com.br\/index.php\/2025\/09\/14\/comissao-especial-da-almt-vai-tratar-da-concessao-da-energisa-em-brasilia-nesta-terca-16\/\"},\"author\":{\"name\":\"Samantha dos Anjos\",\"@id\":\"https:\/\/wilsonsantosmt.com.br\/#\/schema\/person\/1d097ee45f526dd0455dbad8c679932c\"},\"headline\":\"Comiss\u00e3o especial da ALMT vai tratar da concess\u00e3o da Energisa em Bras\u00edlia, nesta ter\u00e7a (16)\",\"datePublished\":\"2025-09-14T20:28:00+00:00\",\"dateModified\":\"2025-09-23T20:29:02+00:00\",\"mainEntityOfPage\":{\"@id\":\"https:\/\/wilsonsantosmt.com.br\/index.php\/2025\/09\/14\/comissao-especial-da-almt-vai-tratar-da-concessao-da-energisa-em-brasilia-nesta-terca-16\/\"},\"wordCount\":390,\"publisher\":{\"@id\":\"https:\/\/wilsonsantosmt.com.br\/#\/schema\/person\/9de3c54961637a9eadb16bcbf895b1ef\"},\"articleSection\":[\"Not\u00edcias\"],\"inLanguage\":\"pt-BR\"},{\"@type\":\"WebPage\",\"@id\":\"https:\/\/wilsonsantosmt.com.br\/index.php\/2025\/09\/14\/comissao-especial-da-almt-vai-tratar-da-concessao-da-energisa-em-brasilia-nesta-terca-16\/\",\"url\":\"https:\/\/wilsonsantosmt.com.br\/index.php\/2025\/09\/14\/comissao-especial-da-almt-vai-tratar-da-concessao-da-energisa-em-brasilia-nesta-terca-16\/\",\"name\":\"Comiss\u00e3o especial da ALMT vai tratar da concess\u00e3o da Energisa em Bras\u00edlia, nesta ter\u00e7a (16) - wilsonsantosmt.com.br\",\"isPartOf\":{\"@id\":\"https:\/\/wilsonsantosmt.com.br\/#website\"},\"datePublished\":\"2025-09-14T20:28:00+00:00\",\"dateModified\":\"2025-09-23T20:29:02+00:00\",\"breadcrumb\":{\"@id\":\"https:\/\/wilsonsantosmt.com.br\/index.php\/2025\/09\/14\/comissao-especial-da-almt-vai-tratar-da-concessao-da-energisa-em-brasilia-nesta-terca-16\/#breadcrumb\"},\"inLanguage\":\"pt-BR\",\"potentialAction\":[{\"@type\":\"ReadAction\",\"target\":[\"https:\/\/wilsonsantosmt.com.br\/index.php\/2025\/09\/14\/comissao-especial-da-almt-vai-tratar-da-concessao-da-energisa-em-brasilia-nesta-terca-16\/\"]}]},{\"@type\":\"BreadcrumbList\",\"@id\":\"https:\/\/wilsonsantosmt.com.br\/index.php\/2025\/09\/14\/comissao-especial-da-almt-vai-tratar-da-concessao-da-energisa-em-brasilia-nesta-terca-16\/#breadcrumb\",\"itemListElement\":[{\"@type\":\"ListItem\",\"position\":1,\"name\":\"In\u00edcio\",\"item\":\"https:\/\/wilsonsantosmt.com.br\/\"},{\"@type\":\"ListItem\",\"position\":2,\"name\":\"Not\u00edcias\",\"item\":\"https:\/\/wilsonsantosmt.com.br\/index.php\/category\/noticias\/\"},{\"@type\":\"ListItem\",\"position\":3,\"name\":\"Comiss\u00e3o especial da ALMT vai tratar da concess\u00e3o da Energisa em Bras\u00edlia, nesta ter\u00e7a (16)\"}]},{\"@type\":\"WebSite\",\"@id\":\"https:\/\/wilsonsantosmt.com.br\/#website\",\"url\":\"https:\/\/wilsonsantosmt.com.br\/\",\"name\":\"wilsonsantosmt.com.br\",\"description\":\"\",\"publisher\":{\"@id\":\"https:\/\/wilsonsantosmt.com.br\/#\/schema\/person\/9de3c54961637a9eadb16bcbf895b1ef\"},\"potentialAction\":[{\"@type\":\"SearchAction\",\"target\":{\"@type\":\"EntryPoint\",\"urlTemplate\":\"https:\/\/wilsonsantosmt.com.br\/?s={search_term_string}\"},\"query-input\":\"required name=search_term_string\"}],\"inLanguage\":\"pt-BR\"},{\"@type\":[\"Person\",\"Organization\"],\"@id\":\"https:\/\/wilsonsantosmt.com.br\/#\/schema\/person\/9de3c54961637a9eadb16bcbf895b1ef\",\"name\":\"Wilson Santos\",\"image\":{\"@type\":\"ImageObject\",\"inLanguage\":\"pt-BR\",\"@id\":\"https:\/\/wilsonsantosmt.com.br\/#\/schema\/person\/image\/\",\"url\":\"https:\/\/wilsonsantosmt.com.br\/wp-content\/uploads\/2023\/11\/310828673_653254583023360_8795459643194608438_n.jpg\",\"contentUrl\":\"https:\/\/wilsonsantosmt.com.br\/wp-content\/uploads\/2023\/11\/310828673_653254583023360_8795459643194608438_n.jpg\",\"width\":1078,\"height\":1079,\"caption\":\"Wilson Santos\"},\"logo\":{\"@id\":\"https:\/\/wilsonsantosmt.com.br\/#\/schema\/person\/image\/\"},\"sameAs\":[\"http:\/\/wilsonsantosmt.com.br\",\"https:\/\/www.facebook.com\/WilsonSantosMT\/\",\"https:\/\/www.instagram.com\/wilsonsantosmt\/\",\"https:\/\/www.youtube.com\/@WilsonSantosWS\/videos\",\"https:\/\/pt.wikipedia.org\/wiki\/Wilson_Santos\"],\"honorificPrefix\":\"Sr\",\"gender\":\"masculino\",\"jobTitle\":\"Deputado Estadual\",\"worksFor\":\"Assembleia Legislativa de Mato Grosso\"},{\"@type\":\"Person\",\"@id\":\"https:\/\/wilsonsantosmt.com.br\/#\/schema\/person\/1d097ee45f526dd0455dbad8c679932c\",\"name\":\"Samantha dos Anjos\",\"image\":{\"@type\":\"ImageObject\",\"inLanguage\":\"pt-BR\",\"@id\":\"https:\/\/wilsonsantosmt.com.br\/#\/schema\/person\/image\/\",\"url\":\"https:\/\/secure.gravatar.com\/avatar\/7d8d0b6dd67d134a9fa841bee90c57c7?s=96&d=mm&r=g\",\"contentUrl\":\"https:\/\/secure.gravatar.com\/avatar\/7d8d0b6dd67d134a9fa841bee90c57c7?s=96&d=mm&r=g\",\"caption\":\"Samantha dos Anjos\"},\"url\":\"https:\/\/wilsonsantosmt.com.br\/index.php\/author\/samantha-dos-anjos\/\"}]}<\/script>\n<!-- \/ Yoast SEO Premium plugin. -->","yoast_head_json":{"title":"Comiss\u00e3o especial da ALMT vai tratar da concess\u00e3o da Energisa em Bras\u00edlia, nesta ter\u00e7a (16) - wilsonsantosmt.com.br","robots":{"index":"index","follow":"follow","max-snippet":"max-snippet:-1","max-image-preview":"max-image-preview:large","max-video-preview":"max-video-preview:-1"},"canonical":"https:\/\/wilsonsantosmt.com.br\/index.php\/2025\/09\/14\/comissao-especial-da-almt-vai-tratar-da-concessao-da-energisa-em-brasilia-nesta-terca-16\/","og_locale":"pt_BR","og_type":"article","og_title":"Comiss\u00e3o especial da ALMT vai tratar da concess\u00e3o da Energisa em Bras\u00edlia, nesta ter\u00e7a (16)","og_description":"Rec\u00e9m-instalada, a comiss\u00e3o especial da Assembleia Legislativa de Mato Grosso (ALMT), que analisa a renova\u00e7\u00e3o ou poss\u00edvel revers\u00e3o da concess\u00e3o para a distribui\u00e7\u00e3o de energia el\u00e9trica no estado de Mato Grosso, j\u00e1 inicia os seus trabalhos, em Bras\u00edlia (DF), nesta ter\u00e7a-feira (16). O vice-presidente do grupo de trabalho, deputado estadual Wilson Santos (PSD), estar\u00e1 presente [&hellip;]","og_url":"https:\/\/wilsonsantosmt.com.br\/index.php\/2025\/09\/14\/comissao-especial-da-almt-vai-tratar-da-concessao-da-energisa-em-brasilia-nesta-terca-16\/","og_site_name":"wilsonsantosmt.com.br","article_publisher":"https:\/\/www.facebook.com\/WilsonSantosMT\/","article_published_time":"2025-09-14T20:28:00+00:00","article_modified_time":"2025-09-23T20:29:02+00:00","og_image":[{"width":1476,"height":973,"url":"http:\/\/wilsonsantosmt.com.br\/wp-content\/uploads\/2025\/09\/WhatsApp-Image-2025-09-14-at-21.33.48.jpeg","type":"image\/jpeg"}],"author":"Samantha dos Anjos","twitter_card":"summary_large_image","twitter_misc":{"Escrito por":"Samantha dos Anjos","Est. tempo de leitura":"2 minutos"},"schema":{"@context":"https:\/\/schema.org","@graph":[{"@type":"Article","@id":"https:\/\/wilsonsantosmt.com.br\/index.php\/2025\/09\/14\/comissao-especial-da-almt-vai-tratar-da-concessao-da-energisa-em-brasilia-nesta-terca-16\/#article","isPartOf":{"@id":"https:\/\/wilsonsantosmt.com.br\/index.php\/2025\/09\/14\/comissao-especial-da-almt-vai-tratar-da-concessao-da-energisa-em-brasilia-nesta-terca-16\/"},"author":{"name":"Samantha dos Anjos","@id":"https:\/\/wilsonsantosmt.com.br\/#\/schema\/person\/1d097ee45f526dd0455dbad8c679932c"},"headline":"Comiss\u00e3o especial da ALMT vai tratar da concess\u00e3o da Energisa em Bras\u00edlia, nesta ter\u00e7a (16)","datePublished":"2025-09-14T20:28:00+00:00","dateModified":"2025-09-23T20:29:02+00:00","mainEntityOfPage":{"@id":"https:\/\/wilsonsantosmt.com.br\/index.php\/2025\/09\/14\/comissao-especial-da-almt-vai-tratar-da-concessao-da-energisa-em-brasilia-nesta-terca-16\/"},"wordCount":390,"publisher":{"@id":"https:\/\/wilsonsantosmt.com.br\/#\/schema\/person\/9de3c54961637a9eadb16bcbf895b1ef"},"articleSection":["Not\u00edcias"],"inLanguage":"pt-BR"},{"@type":"WebPage","@id":"https:\/\/wilsonsantosmt.com.br\/index.php\/2025\/09\/14\/comissao-especial-da-almt-vai-tratar-da-concessao-da-energisa-em-brasilia-nesta-terca-16\/","url":"https:\/\/wilsonsantosmt.com.br\/index.php\/2025\/09\/14\/comissao-especial-da-almt-vai-tratar-da-concessao-da-energisa-em-brasilia-nesta-terca-16\/","name":"Comiss\u00e3o especial da ALMT vai tratar da concess\u00e3o da Energisa em Bras\u00edlia, nesta ter\u00e7a (16) - wilsonsantosmt.com.br","isPartOf":{"@id":"https:\/\/wilsonsantosmt.com.br\/#website"},"datePublished":"2025-09-14T20:28:00+00:00","dateModified":"2025-09-23T20:29:02+00:00","breadcrumb":{"@id":"https:\/\/wilsonsantosmt.com.br\/index.php\/2025\/09\/14\/comissao-especial-da-almt-vai-tratar-da-concessao-da-energisa-em-brasilia-nesta-terca-16\/#breadcrumb"},"inLanguage":"pt-BR","potentialAction":[{"@type":"ReadAction","target":["https:\/\/wilsonsantosmt.com.br\/index.php\/2025\/09\/14\/comissao-especial-da-almt-vai-tratar-da-concessao-da-energisa-em-brasilia-nesta-terca-16\/"]}]},{"@type":"BreadcrumbList","@id":"https:\/\/wilsonsantosmt.com.br\/index.php\/2025\/09\/14\/comissao-especial-da-almt-vai-tratar-da-concessao-da-energisa-em-brasilia-nesta-terca-16\/#breadcrumb","itemListElement":[{"@type":"ListItem","position":1,"name":"In\u00edcio","item":"https:\/\/wilsonsantosmt.com.br\/"},{"@type":"ListItem","position":2,"name":"Not\u00edcias","item":"https:\/\/wilsonsantosmt.com.br\/index.php\/category\/noticias\/"},{"@type":"ListItem","position":3,"name":"Comiss\u00e3o especial da ALMT vai tratar da concess\u00e3o da Energisa em Bras\u00edlia, nesta ter\u00e7a (16)"}]},{"@type":"WebSite","@id":"https:\/\/wilsonsantosmt.com.br\/#website","url":"https:\/\/wilsonsantosmt.com.br\/","name":"wilsonsantosmt.com.br","description":"","publisher":{"@id":"https:\/\/wilsonsantosmt.com.br\/#\/schema\/person\/9de3c54961637a9eadb16bcbf895b1ef"},"potentialAction":[{"@type":"SearchAction","target":{"@type":"EntryPoint","urlTemplate":"https:\/\/wilsonsantosmt.com.br\/?s={search_term_string}"},"query-input":"required name=search_term_string"}],"inLanguage":"pt-BR"},{"@type":["Person","Organization"],"@id":"https:\/\/wilsonsantosmt.com.br\/#\/schema\/person\/9de3c54961637a9eadb16bcbf895b1ef","name":"Wilson Santos","image":{"@type":"ImageObject","inLanguage":"pt-BR","@id":"https:\/\/wilsonsantosmt.com.br\/#\/schema\/person\/image\/","url":"https:\/\/wilsonsantosmt.com.br\/wp-content\/uploads\/2023\/11\/310828673_653254583023360_8795459643194608438_n.jpg","contentUrl":"https:\/\/wilsonsantosmt.com.br\/wp-content\/uploads\/2023\/11\/310828673_653254583023360_8795459643194608438_n.jpg","width":1078,"height":1079,"caption":"Wilson Santos"},"logo":{"@id":"https:\/\/wilsonsantosmt.com.br\/#\/schema\/person\/image\/"},"sameAs":["http:\/\/wilsonsantosmt.com.br","https:\/\/www.facebook.com\/WilsonSantosMT\/","https:\/\/www.instagram.com\/wilsonsantosmt\/","https:\/\/www.youtube.com\/@WilsonSantosWS\/videos","https:\/\/pt.wikipedia.org\/wiki\/Wilson_Santos"],"honorificPrefix":"Sr","gender":"masculino","jobTitle":"Deputado Estadual","worksFor":"Assembleia Legislativa de Mato Grosso"},{"@type":"Person","@id":"https:\/\/wilsonsantosmt.com.br\/#\/schema\/person\/1d097ee45f526dd0455dbad8c679932c","name":"Samantha dos Anjos","image":{"@type":"ImageObject","inLanguage":"pt-BR","@id":"https:\/\/wilsonsantosmt.com.br\/#\/schema\/person\/image\/","url":"https:\/\/secure.gravatar.com\/avatar\/7d8d0b6dd67d134a9fa841bee90c57c7?s=96&d=mm&r=g","contentUrl":"https:\/\/secure.gravatar.com\/avatar\/7d8d0b6dd67d134a9fa841bee90c57c7?s=96&d=mm&r=g","caption":"Samantha dos Anjos"},"url":"https:\/\/wilsonsantosmt.com.br\/index.php\/author\/samantha-dos-anjos\/"}]}},"_links":{"self":[{"href":"https:\/\/wilsonsantosmt.com.br\/index.php\/wp-json\/wp\/v2\/posts\/1876"}],"collection":[{"href":"https:\/\/wilsonsantosmt.com.br\/index.php\/wp-json\/wp\/v2\/posts"}],"about":[{"href":"https:\/\/wilsonsantosmt.com.br\/index.php\/wp-json\/wp\/v2\/types\/post"}],"author":[{"embeddable":true,"href":"https:\/\/wilsonsantosmt.com.br\/index.php\/wp-json\/wp\/v2\/users\/4"}],"replies":[{"embeddable":true,"href":"https:\/\/wilsonsantosmt.com.br\/index.php\/wp-json\/wp\/v2\/comments?post=1876"}],"version-history":[{"count":1,"href":"https:\/\/wilsonsantosmt.com.br\/index.php\/wp-json\/wp\/v2\/posts\/1876\/revisions"}],"predecessor-version":[{"id":1878,"href":"https:\/\/wilsonsantosmt.com.br\/index.php\/wp-json\/wp\/v2\/posts\/1876\/revisions\/1878"}],"wp:featuredmedia":[{"embeddable":true,"href":"https:\/\/wilsonsantosmt.com.br\/index.php\/wp-json\/wp\/v2\/media\/1877"}],"wp:attachment":[{"href":"https:\/\/wilsonsantosmt.com.br\/index.php\/wp-json\/wp\/v2\/media?parent=1876"}],"wp:term":[{"taxonomy":"category","embeddable":true,"href":"https:\/\/wilsonsantosmt.com.br\/index.php\/wp-json\/wp\/v2\/categories?post=1876"},{"taxonomy":"post_tag","embeddable":true,"href":"https:\/\/wilsonsantosmt.com.br\/index.php\/wp-json\/wp\/v2\/tags?post=1876"}],"curies":[{"name":"wp","href":"https:\/\/api.w.org\/{rel}","templated":true}]}}