{"id":1879,"date":"2025-09-10T16:29:00","date_gmt":"2025-09-10T20:29:00","guid":{"rendered":"https:\/\/wilsonsantosmt.com.br\/?p=1879"},"modified":"2025-09-23T16:30:03","modified_gmt":"2025-09-23T20:30:03","slug":"almt-realiza-x-simposio-sobre-dislexia-coordenado-por-wilson-santos","status":"publish","type":"post","link":"https:\/\/wilsonsantosmt.com.br\/index.php\/2025\/09\/10\/almt-realiza-x-simposio-sobre-dislexia-coordenado-por-wilson-santos\/","title":{"rendered":"ALMT realiza X Simp\u00f3sio sobre Dislexia coordenado por Wilson Santos"},"content":{"rendered":"\n<p><\/p>\n\n\n\n<p>A Assembleia Legislativa de Mato Grosso, sob coordena\u00e7\u00e3o do deputado estadual Wilson Santos (PSD) e do requerimento de n\u00ba 394\/2025 de sua autoria, realizar\u00e1 o X Simp\u00f3sio sobre Dislexia \u2013 Transtornos do Neurodesenvolvimento, no dia 6 de outubro, no Plen\u00e1rio das Delibera\u00e7\u00f5es Deputado Ren\u00ea Barbour, \u00e0s 19h30. As inscri\u00e7\u00f5es est\u00e3o abertas desde o dia 8 de setembro e v\u00e3o se estender at\u00e9 o dia do evento, em que os interessados poder\u00e3o participar de forma gratuita e com direito a certificado pela Escola do Legislativo de Mato Grosso (ELMT).<\/p>\n\n\n\n<p>O parlamentar possui mais de oito leis sancionadas em prol do p\u00fablico que sofre com a dislexia &#8211; que \u00e9 considerada um Transtorno Espec\u00edfico de Aprendizagem de origem neurobiol\u00f3gica, caracterizada por dificuldade no reconhecimento preciso e fluente da palavra, na habilidade de decodifica\u00e7\u00e3o e em soletra\u00e7\u00e3o. \u201cDesde 2016, trabalhamos nesta causa. Principalmente, por defendermos uma educa\u00e7\u00e3o inclusiva para pessoas com dislexia e outras condi\u00e7\u00f5es. Precisamos fortalecer as pol\u00edticas p\u00fablicas que promovam a sa\u00fade p\u00fablica, acessibilidade e a inclus\u00e3o\u201d, posiciona.<\/p>\n\n\n\n<p>Wilson explica que al\u00e9m de abordar sobre a dislexia com palestras, oficinas e atualiza\u00e7\u00e3o de informa\u00e7\u00f5es cient\u00edficas, os semin\u00e1rios j\u00e1 realizados e o que est\u00e1 por vir, tratam de temas correlacionados aos Transtornos de Neurodesenvolvimento, Transtorno do D\u00e9ficit de Aten\u00e7\u00e3o com Hiperatividade (TDAH), Discalculia, entre outros. De acordo com a Associa\u00e7\u00e3o Brasileira de Dislexia \u2013 ABD, 10% da popula\u00e7\u00e3o enfrenta este tipo de dificuldade neurodivergente.<\/p>\n\n\n\n<p>Autor da Lei n\u00ba 12.205\/2023, que instituiu o Dia Estadual da Dislexia, celebrado no dia 8 de outubro, o deputado esclarece que a dislexia n\u00e3o \u00e9 uma doen\u00e7a e, sim, uma limita\u00e7\u00e3o no processo de aprendizagem, principalmente nos primeiros anos de vida. \u201cA Assembleia de Mato Grosso \u00e9 protagonista em n\u00edvel nacional nessa tem\u00e1tica. N\u00f3s conseguimos colocar o assunto da dislexia na agenda dos governantes, do Minist\u00e9rio P\u00fablico Estadual, da Defensoria P\u00fablica, dos Poderes Executivo e Legislativo. Nasceu aqui, a Associa\u00e7\u00e3o de Dislexia Mato Grosso. Essa sementinha expandiu-se pelo Brasil, e hoje h\u00e1 diversos estados que j\u00e1 t\u00eam a sua associa\u00e7\u00e3o\u201d, destacou.<\/p>\n\n\n\n<p>A programa\u00e7\u00e3o do evento ter\u00e1 palestras do advogado Vin\u00edcius Negr\u00e3o Lemos Melo com o tema \u201cConvivendo com as diferen\u00e7as\u201d, da psic\u00f3loga Ms. Inez Ocan\u00e3 de Luca que vai tratar sobre \u201cDislexia nas diferentes fases da vida\u201d e a participa\u00e7\u00e3o especial da superintendente de Equidade e Inclus\u00e3o da Secretaria de Estado de Educa\u00e7\u00e3o (Seduc), Paula Cunha. No final do evento, ser\u00e3o entregues mo\u00e7\u00f5es de aplausos, entre outras honrarias \u2013 aos profissionais que se destacam na atua\u00e7\u00e3o diretamente com o tema do semin\u00e1rio.<\/p>\n\n\n\n<p>Os interessados em participar do X Simp\u00f3sio sobre Dislexia dever\u00e3o entrar no site da Assembleia Legislativa de Mato Grosso (https:\/\/www.al.mt.gov.br\/institucional\/evento) para realizar a inscri\u00e7\u00e3o e por mais informa\u00e7\u00f5es pelo telefone 3313-6903\/6904.<\/p>\n","protected":false},"excerpt":{"rendered":"<p>A Assembleia Legislativa de Mato Grosso, sob coordena\u00e7\u00e3o do deputado estadual Wilson Santos (PSD) e do requerimento de n\u00ba 394\/2025 de sua autoria, realizar\u00e1 o X Simp\u00f3sio sobre Dislexia \u2013 Transtornos do Neurodesenvolvimento, no dia 6 de outubro, no Plen\u00e1rio das Delibera\u00e7\u00f5es Deputado Ren\u00ea Barbour, \u00e0s 19h30. As inscri\u00e7\u00f5es est\u00e3o abertas desde o dia 8 [&hellip;]<\/p>\n","protected":false},"author":4,"featured_media":1880,"comment_status":"closed","ping_status":"open","sticky":false,"template":"","format":"standard","meta":{"footnotes":""},"categories":[13],"tags":[],"yoast_head":"<!-- This site is optimized with the Yoast SEO Premium plugin v21.5 (Yoast SEO v21.4) - https:\/\/yoast.com\/wordpress\/plugins\/seo\/ -->\n<title>ALMT realiza X Simp\u00f3sio sobre Dislexia coordenado por Wilson Santos - wilsonsantosmt.com.br<\/title>\n<meta name=\"robots\" content=\"index, follow, max-snippet:-1, max-image-preview:large, max-video-preview:-1\" \/>\n<link rel=\"canonical\" href=\"https:\/\/wilsonsantosmt.com.br\/index.php\/2025\/09\/10\/almt-realiza-x-simposio-sobre-dislexia-coordenado-por-wilson-santos\/\" \/>\n<meta property=\"og:locale\" content=\"pt_BR\" \/>\n<meta property=\"og:type\" content=\"article\" \/>\n<meta property=\"og:title\" content=\"ALMT realiza X Simp\u00f3sio sobre Dislexia coordenado por Wilson Santos\" \/>\n<meta property=\"og:description\" content=\"A Assembleia Legislativa de Mato Grosso, sob coordena\u00e7\u00e3o do deputado estadual Wilson Santos (PSD) e do requerimento de n\u00ba 394\/2025 de sua autoria, realizar\u00e1 o X Simp\u00f3sio sobre Dislexia \u2013 Transtornos do Neurodesenvolvimento, no dia 6 de outubro, no Plen\u00e1rio das Delibera\u00e7\u00f5es Deputado Ren\u00ea Barbour, \u00e0s 19h30. As inscri\u00e7\u00f5es est\u00e3o abertas desde o dia 8 [&hellip;]\" \/>\n<meta property=\"og:url\" content=\"https:\/\/wilsonsantosmt.com.br\/index.php\/2025\/09\/10\/almt-realiza-x-simposio-sobre-dislexia-coordenado-por-wilson-santos\/\" \/>\n<meta property=\"og:site_name\" content=\"wilsonsantosmt.com.br\" \/>\n<meta property=\"article:publisher\" content=\"https:\/\/www.facebook.com\/WilsonSantosMT\/\" \/>\n<meta property=\"article:published_time\" content=\"2025-09-10T20:29:00+00:00\" \/>\n<meta property=\"article:modified_time\" content=\"2025-09-23T20:30:03+00:00\" \/>\n<meta property=\"og:image\" content=\"http:\/\/wilsonsantosmt.com.br\/wp-content\/uploads\/2025\/09\/WhatsApp-Image-2025-09-10-at-14.22.07.jpeg\" \/>\n\t<meta property=\"og:image:width\" content=\"1600\" \/>\n\t<meta property=\"og:image:height\" content=\"1067\" \/>\n\t<meta property=\"og:image:type\" content=\"image\/jpeg\" \/>\n<meta name=\"author\" content=\"Samantha dos Anjos\" \/>\n<meta name=\"twitter:card\" content=\"summary_large_image\" \/>\n<meta name=\"twitter:label1\" content=\"Escrito por\" \/>\n\t<meta name=\"twitter:data1\" content=\"Samantha dos Anjos\" \/>\n\t<meta name=\"twitter:label2\" content=\"Est. tempo de leitura\" \/>\n\t<meta name=\"twitter:data2\" content=\"3 minutos\" \/>\n<script type=\"application\/ld+json\" class=\"yoast-schema-graph\">{\"@context\":\"https:\/\/schema.org\",\"@graph\":[{\"@type\":\"Article\",\"@id\":\"https:\/\/wilsonsantosmt.com.br\/index.php\/2025\/09\/10\/almt-realiza-x-simposio-sobre-dislexia-coordenado-por-wilson-santos\/#article\",\"isPartOf\":{\"@id\":\"https:\/\/wilsonsantosmt.com.br\/index.php\/2025\/09\/10\/almt-realiza-x-simposio-sobre-dislexia-coordenado-por-wilson-santos\/\"},\"author\":{\"name\":\"Samantha dos Anjos\",\"@id\":\"https:\/\/wilsonsantosmt.com.br\/#\/schema\/person\/1d097ee45f526dd0455dbad8c679932c\"},\"headline\":\"ALMT realiza X Simp\u00f3sio sobre Dislexia coordenado por Wilson Santos\",\"datePublished\":\"2025-09-10T20:29:00+00:00\",\"dateModified\":\"2025-09-23T20:30:03+00:00\",\"mainEntityOfPage\":{\"@id\":\"https:\/\/wilsonsantosmt.com.br\/index.php\/2025\/09\/10\/almt-realiza-x-simposio-sobre-dislexia-coordenado-por-wilson-santos\/\"},\"wordCount\":508,\"publisher\":{\"@id\":\"https:\/\/wilsonsantosmt.com.br\/#\/schema\/person\/9de3c54961637a9eadb16bcbf895b1ef\"},\"articleSection\":[\"Not\u00edcias\"],\"inLanguage\":\"pt-BR\"},{\"@type\":\"WebPage\",\"@id\":\"https:\/\/wilsonsantosmt.com.br\/index.php\/2025\/09\/10\/almt-realiza-x-simposio-sobre-dislexia-coordenado-por-wilson-santos\/\",\"url\":\"https:\/\/wilsonsantosmt.com.br\/index.php\/2025\/09\/10\/almt-realiza-x-simposio-sobre-dislexia-coordenado-por-wilson-santos\/\",\"name\":\"ALMT realiza X Simp\u00f3sio sobre Dislexia coordenado por Wilson Santos - wilsonsantosmt.com.br\",\"isPartOf\":{\"@id\":\"https:\/\/wilsonsantosmt.com.br\/#website\"},\"datePublished\":\"2025-09-10T20:29:00+00:00\",\"dateModified\":\"2025-09-23T20:30:03+00:00\",\"breadcrumb\":{\"@id\":\"https:\/\/wilsonsantosmt.com.br\/index.php\/2025\/09\/10\/almt-realiza-x-simposio-sobre-dislexia-coordenado-por-wilson-santos\/#breadcrumb\"},\"inLanguage\":\"pt-BR\",\"potentialAction\":[{\"@type\":\"ReadAction\",\"target\":[\"https:\/\/wilsonsantosmt.com.br\/index.php\/2025\/09\/10\/almt-realiza-x-simposio-sobre-dislexia-coordenado-por-wilson-santos\/\"]}]},{\"@type\":\"BreadcrumbList\",\"@id\":\"https:\/\/wilsonsantosmt.com.br\/index.php\/2025\/09\/10\/almt-realiza-x-simposio-sobre-dislexia-coordenado-por-wilson-santos\/#breadcrumb\",\"itemListElement\":[{\"@type\":\"ListItem\",\"position\":1,\"name\":\"In\u00edcio\",\"item\":\"https:\/\/wilsonsantosmt.com.br\/\"},{\"@type\":\"ListItem\",\"position\":2,\"name\":\"Not\u00edcias\",\"item\":\"https:\/\/wilsonsantosmt.com.br\/index.php\/category\/noticias\/\"},{\"@type\":\"ListItem\",\"position\":3,\"name\":\"ALMT realiza X Simp\u00f3sio sobre Dislexia coordenado por Wilson Santos\"}]},{\"@type\":\"WebSite\",\"@id\":\"https:\/\/wilsonsantosmt.com.br\/#website\",\"url\":\"https:\/\/wilsonsantosmt.com.br\/\",\"name\":\"wilsonsantosmt.com.br\",\"description\":\"\",\"publisher\":{\"@id\":\"https:\/\/wilsonsantosmt.com.br\/#\/schema\/person\/9de3c54961637a9eadb16bcbf895b1ef\"},\"potentialAction\":[{\"@type\":\"SearchAction\",\"target\":{\"@type\":\"EntryPoint\",\"urlTemplate\":\"https:\/\/wilsonsantosmt.com.br\/?s={search_term_string}\"},\"query-input\":\"required name=search_term_string\"}],\"inLanguage\":\"pt-BR\"},{\"@type\":[\"Person\",\"Organization\"],\"@id\":\"https:\/\/wilsonsantosmt.com.br\/#\/schema\/person\/9de3c54961637a9eadb16bcbf895b1ef\",\"name\":\"Wilson Santos\",\"image\":{\"@type\":\"ImageObject\",\"inLanguage\":\"pt-BR\",\"@id\":\"https:\/\/wilsonsantosmt.com.br\/#\/schema\/person\/image\/\",\"url\":\"https:\/\/wilsonsantosmt.com.br\/wp-content\/uploads\/2023\/11\/310828673_653254583023360_8795459643194608438_n.jpg\",\"contentUrl\":\"https:\/\/wilsonsantosmt.com.br\/wp-content\/uploads\/2023\/11\/310828673_653254583023360_8795459643194608438_n.jpg\",\"width\":1078,\"height\":1079,\"caption\":\"Wilson Santos\"},\"logo\":{\"@id\":\"https:\/\/wilsonsantosmt.com.br\/#\/schema\/person\/image\/\"},\"sameAs\":[\"http:\/\/wilsonsantosmt.com.br\",\"https:\/\/www.facebook.com\/WilsonSantosMT\/\",\"https:\/\/www.instagram.com\/wilsonsantosmt\/\",\"https:\/\/www.youtube.com\/@WilsonSantosWS\/videos\",\"https:\/\/pt.wikipedia.org\/wiki\/Wilson_Santos\"],\"honorificPrefix\":\"Sr\",\"gender\":\"masculino\",\"jobTitle\":\"Deputado Estadual\",\"worksFor\":\"Assembleia Legislativa de Mato Grosso\"},{\"@type\":\"Person\",\"@id\":\"https:\/\/wilsonsantosmt.com.br\/#\/schema\/person\/1d097ee45f526dd0455dbad8c679932c\",\"name\":\"Samantha dos Anjos\",\"image\":{\"@type\":\"ImageObject\",\"inLanguage\":\"pt-BR\",\"@id\":\"https:\/\/wilsonsantosmt.com.br\/#\/schema\/person\/image\/\",\"url\":\"https:\/\/secure.gravatar.com\/avatar\/7d8d0b6dd67d134a9fa841bee90c57c7?s=96&d=mm&r=g\",\"contentUrl\":\"https:\/\/secure.gravatar.com\/avatar\/7d8d0b6dd67d134a9fa841bee90c57c7?s=96&d=mm&r=g\",\"caption\":\"Samantha dos Anjos\"},\"url\":\"https:\/\/wilsonsantosmt.com.br\/index.php\/author\/samantha-dos-anjos\/\"}]}<\/script>\n<!-- \/ Yoast SEO Premium plugin. -->","yoast_head_json":{"title":"ALMT realiza X Simp\u00f3sio sobre Dislexia coordenado por Wilson Santos - wilsonsantosmt.com.br","robots":{"index":"index","follow":"follow","max-snippet":"max-snippet:-1","max-image-preview":"max-image-preview:large","max-video-preview":"max-video-preview:-1"},"canonical":"https:\/\/wilsonsantosmt.com.br\/index.php\/2025\/09\/10\/almt-realiza-x-simposio-sobre-dislexia-coordenado-por-wilson-santos\/","og_locale":"pt_BR","og_type":"article","og_title":"ALMT realiza X Simp\u00f3sio sobre Dislexia coordenado por Wilson Santos","og_description":"A Assembleia Legislativa de Mato Grosso, sob coordena\u00e7\u00e3o do deputado estadual Wilson Santos (PSD) e do requerimento de n\u00ba 394\/2025 de sua autoria, realizar\u00e1 o X Simp\u00f3sio sobre Dislexia \u2013 Transtornos do Neurodesenvolvimento, no dia 6 de outubro, no Plen\u00e1rio das Delibera\u00e7\u00f5es Deputado Ren\u00ea Barbour, \u00e0s 19h30. As inscri\u00e7\u00f5es est\u00e3o abertas desde o dia 8 [&hellip;]","og_url":"https:\/\/wilsonsantosmt.com.br\/index.php\/2025\/09\/10\/almt-realiza-x-simposio-sobre-dislexia-coordenado-por-wilson-santos\/","og_site_name":"wilsonsantosmt.com.br","article_publisher":"https:\/\/www.facebook.com\/WilsonSantosMT\/","article_published_time":"2025-09-10T20:29:00+00:00","article_modified_time":"2025-09-23T20:30:03+00:00","og_image":[{"width":1600,"height":1067,"url":"http:\/\/wilsonsantosmt.com.br\/wp-content\/uploads\/2025\/09\/WhatsApp-Image-2025-09-10-at-14.22.07.jpeg","type":"image\/jpeg"}],"author":"Samantha dos Anjos","twitter_card":"summary_large_image","twitter_misc":{"Escrito por":"Samantha dos Anjos","Est. tempo de leitura":"3 minutos"},"schema":{"@context":"https:\/\/schema.org","@graph":[{"@type":"Article","@id":"https:\/\/wilsonsantosmt.com.br\/index.php\/2025\/09\/10\/almt-realiza-x-simposio-sobre-dislexia-coordenado-por-wilson-santos\/#article","isPartOf":{"@id":"https:\/\/wilsonsantosmt.com.br\/index.php\/2025\/09\/10\/almt-realiza-x-simposio-sobre-dislexia-coordenado-por-wilson-santos\/"},"author":{"name":"Samantha dos Anjos","@id":"https:\/\/wilsonsantosmt.com.br\/#\/schema\/person\/1d097ee45f526dd0455dbad8c679932c"},"headline":"ALMT realiza X Simp\u00f3sio sobre Dislexia coordenado por Wilson Santos","datePublished":"2025-09-10T20:29:00+00:00","dateModified":"2025-09-23T20:30:03+00:00","mainEntityOfPage":{"@id":"https:\/\/wilsonsantosmt.com.br\/index.php\/2025\/09\/10\/almt-realiza-x-simposio-sobre-dislexia-coordenado-por-wilson-santos\/"},"wordCount":508,"publisher":{"@id":"https:\/\/wilsonsantosmt.com.br\/#\/schema\/person\/9de3c54961637a9eadb16bcbf895b1ef"},"articleSection":["Not\u00edcias"],"inLanguage":"pt-BR"},{"@type":"WebPage","@id":"https:\/\/wilsonsantosmt.com.br\/index.php\/2025\/09\/10\/almt-realiza-x-simposio-sobre-dislexia-coordenado-por-wilson-santos\/","url":"https:\/\/wilsonsantosmt.com.br\/index.php\/2025\/09\/10\/almt-realiza-x-simposio-sobre-dislexia-coordenado-por-wilson-santos\/","name":"ALMT realiza X Simp\u00f3sio sobre Dislexia coordenado por Wilson Santos - wilsonsantosmt.com.br","isPartOf":{"@id":"https:\/\/wilsonsantosmt.com.br\/#website"},"datePublished":"2025-09-10T20:29:00+00:00","dateModified":"2025-09-23T20:30:03+00:00","breadcrumb":{"@id":"https:\/\/wilsonsantosmt.com.br\/index.php\/2025\/09\/10\/almt-realiza-x-simposio-sobre-dislexia-coordenado-por-wilson-santos\/#breadcrumb"},"inLanguage":"pt-BR","potentialAction":[{"@type":"ReadAction","target":["https:\/\/wilsonsantosmt.com.br\/index.php\/2025\/09\/10\/almt-realiza-x-simposio-sobre-dislexia-coordenado-por-wilson-santos\/"]}]},{"@type":"BreadcrumbList","@id":"https:\/\/wilsonsantosmt.com.br\/index.php\/2025\/09\/10\/almt-realiza-x-simposio-sobre-dislexia-coordenado-por-wilson-santos\/#breadcrumb","itemListElement":[{"@type":"ListItem","position":1,"name":"In\u00edcio","item":"https:\/\/wilsonsantosmt.com.br\/"},{"@type":"ListItem","position":2,"name":"Not\u00edcias","item":"https:\/\/wilsonsantosmt.com.br\/index.php\/category\/noticias\/"},{"@type":"ListItem","position":3,"name":"ALMT realiza X Simp\u00f3sio sobre Dislexia coordenado por Wilson Santos"}]},{"@type":"WebSite","@id":"https:\/\/wilsonsantosmt.com.br\/#website","url":"https:\/\/wilsonsantosmt.com.br\/","name":"wilsonsantosmt.com.br","description":"","publisher":{"@id":"https:\/\/wilsonsantosmt.com.br\/#\/schema\/person\/9de3c54961637a9eadb16bcbf895b1ef"},"potentialAction":[{"@type":"SearchAction","target":{"@type":"EntryPoint","urlTemplate":"https:\/\/wilsonsantosmt.com.br\/?s={search_term_string}"},"query-input":"required name=search_term_string"}],"inLanguage":"pt-BR"},{"@type":["Person","Organization"],"@id":"https:\/\/wilsonsantosmt.com.br\/#\/schema\/person\/9de3c54961637a9eadb16bcbf895b1ef","name":"Wilson Santos","image":{"@type":"ImageObject","inLanguage":"pt-BR","@id":"https:\/\/wilsonsantosmt.com.br\/#\/schema\/person\/image\/","url":"https:\/\/wilsonsantosmt.com.br\/wp-content\/uploads\/2023\/11\/310828673_653254583023360_8795459643194608438_n.jpg","contentUrl":"https:\/\/wilsonsantosmt.com.br\/wp-content\/uploads\/2023\/11\/310828673_653254583023360_8795459643194608438_n.jpg","width":1078,"height":1079,"caption":"Wilson Santos"},"logo":{"@id":"https:\/\/wilsonsantosmt.com.br\/#\/schema\/person\/image\/"},"sameAs":["http:\/\/wilsonsantosmt.com.br","https:\/\/www.facebook.com\/WilsonSantosMT\/","https:\/\/www.instagram.com\/wilsonsantosmt\/","https:\/\/www.youtube.com\/@WilsonSantosWS\/videos","https:\/\/pt.wikipedia.org\/wiki\/Wilson_Santos"],"honorificPrefix":"Sr","gender":"masculino","jobTitle":"Deputado Estadual","worksFor":"Assembleia Legislativa de Mato Grosso"},{"@type":"Person","@id":"https:\/\/wilsonsantosmt.com.br\/#\/schema\/person\/1d097ee45f526dd0455dbad8c679932c","name":"Samantha dos Anjos","image":{"@type":"ImageObject","inLanguage":"pt-BR","@id":"https:\/\/wilsonsantosmt.com.br\/#\/schema\/person\/image\/","url":"https:\/\/secure.gravatar.com\/avatar\/7d8d0b6dd67d134a9fa841bee90c57c7?s=96&d=mm&r=g","contentUrl":"https:\/\/secure.gravatar.com\/avatar\/7d8d0b6dd67d134a9fa841bee90c57c7?s=96&d=mm&r=g","caption":"Samantha dos Anjos"},"url":"https:\/\/wilsonsantosmt.com.br\/index.php\/author\/samantha-dos-anjos\/"}]}},"_links":{"self":[{"href":"https:\/\/wilsonsantosmt.com.br\/index.php\/wp-json\/wp\/v2\/posts\/1879"}],"collection":[{"href":"https:\/\/wilsonsantosmt.com.br\/index.php\/wp-json\/wp\/v2\/posts"}],"about":[{"href":"https:\/\/wilsonsantosmt.com.br\/index.php\/wp-json\/wp\/v2\/types\/post"}],"author":[{"embeddable":true,"href":"https:\/\/wilsonsantosmt.com.br\/index.php\/wp-json\/wp\/v2\/users\/4"}],"replies":[{"embeddable":true,"href":"https:\/\/wilsonsantosmt.com.br\/index.php\/wp-json\/wp\/v2\/comments?post=1879"}],"version-history":[{"count":1,"href":"https:\/\/wilsonsantosmt.com.br\/index.php\/wp-json\/wp\/v2\/posts\/1879\/revisions"}],"predecessor-version":[{"id":1881,"href":"https:\/\/wilsonsantosmt.com.br\/index.php\/wp-json\/wp\/v2\/posts\/1879\/revisions\/1881"}],"wp:featuredmedia":[{"embeddable":true,"href":"https:\/\/wilsonsantosmt.com.br\/index.php\/wp-json\/wp\/v2\/media\/1880"}],"wp:attachment":[{"href":"https:\/\/wilsonsantosmt.com.br\/index.php\/wp-json\/wp\/v2\/media?parent=1879"}],"wp:term":[{"taxonomy":"category","embeddable":true,"href":"https:\/\/wilsonsantosmt.com.br\/index.php\/wp-json\/wp\/v2\/categories?post=1879"},{"taxonomy":"post_tag","embeddable":true,"href":"https:\/\/wilsonsantosmt.com.br\/index.php\/wp-json\/wp\/v2\/tags?post=1879"}],"curies":[{"name":"wp","href":"https:\/\/api.w.org\/{rel}","templated":true}]}}