{"id":1885,"date":"2025-09-05T16:37:25","date_gmt":"2025-09-05T20:37:25","guid":{"rendered":"https:\/\/wilsonsantosmt.com.br\/?p=1885"},"modified":"2025-09-23T16:39:09","modified_gmt":"2025-09-23T20:39:09","slug":"projeto-inclui-peladao-mt-no-calendario-oficial-do-estado","status":"publish","type":"post","link":"https:\/\/wilsonsantosmt.com.br\/index.php\/2025\/09\/05\/projeto-inclui-peladao-mt-no-calendario-oficial-do-estado\/","title":{"rendered":"Projeto inclui Pelad\u00e3o MT no calend\u00e1rio oficial do Estado"},"content":{"rendered":"\n<p><\/p>\n\n\n\n<p>Para fomentar a pol\u00edtica p\u00fablica ao esporte, promover a integra\u00e7\u00e3o social e de incentivo \u00e0 cidadania, o deputado estadual Wilson Santos (PSD) prop\u00f4s o Projeto de Lei n.\u00b0 1.375\/2025 que institui o Campeonato Estadual de Futebol &#8211; \u201cPelad\u00e3o Mato-grossense\u201d (Pelad\u00e3o MT) \u2013 integrando no calend\u00e1rio oficial de eventos esportivos de Mato Grosso, a ser celebrado anualmente no dia 17 de julho, data de nascimento do saudoso radialista e entusiasta do futebol amador Cl\u00e1udio Kiesqui, falecido em dezembro de 2021, aos 80 anos. A proposta em tramita\u00e7\u00e3o foi apresentada nesta quarta-feira (3), em sess\u00e3o plen\u00e1ria, na Assembleia Legislativa.<\/p>\n\n\n\n<p>De acordo com o parlamentar, al\u00e9m de valorizar e incentivar o futebol amador de Mato Grosso \u2013 tamb\u00e9m ser\u00e1 a oportunidade de eternizar o importante papel de Cl\u00e1udio Kiesqui que fez hist\u00f3ria e permitiu que o Pelad\u00e3o fosse o maior campeonato de futebol amador do pa\u00eds. \u201cEste campeonato consolidado em Mato Grosso surgiu com base do Pelad\u00e3o de Manaus. Cl\u00e1udio Kiesque e o seu filho Poli Kiesque foram l\u00e1, conheceram de perto como funcionava, em 2005. O Pelad\u00e3o \u00e9 da fam\u00edlia, com grande apelo social, porque associa esporte, amizade e alegria e aproxima as pessoas, as fam\u00edlias e as comunidades\u201d, disse.<\/p>\n\n\n\n<p>O projeto cita que o Pelad\u00e3o MT ficar\u00e1 sob a fiscaliza\u00e7\u00e3o da Secretaria de Estado de Cultura, Esporte e Lazer (Secel), cujo objetivo ser\u00e1 exclusivamente descritiva e cultural, n\u00e3o envolvendo a explora\u00e7\u00e3o comercial da marca \u201cPelad\u00e3o\u201d que \u00e9 um campeonato de futebol amador de Cuiab\u00e1 que teve in\u00edcio em 2005 e considerado um dos maiores da regi\u00e3o centro-oeste e do pa\u00eds, executado pela Prefeitura de Cuiab\u00e1 \u2013 sob gest\u00e3o de Wilson Santos no per\u00edodo de 2004 a 2010, e idealizado e coordenado por Cl\u00e1udio Kisque que foi pioneiro na transmiss\u00e3o de partidas e na divulga\u00e7\u00e3o de informa\u00e7\u00f5es das ligas amadoras, atuando em diversas emissoras de r\u00e1dio em Mato Grosso.<\/p>\n\n\n\n<p>Wilson Santos lembra que nos primeiros anos de exist\u00eancia do evento esportivo, j\u00e1 era not\u00e1vel o aumento de equipes de futebol amador em v\u00e1rios munic\u00edpios de Mato Grosso. \u201cS\u00f3 para ter uma ideia, no ano passado, foram 730 equipes de 62 munic\u00edpios que participaram do campeonato, o que comprova o grande alcance social e participa\u00e7\u00e3o popular nos esportes. Al\u00e9m da doa\u00e7\u00e3o de toneladas de alimentos n\u00e3o-perec\u00edveis, arrecadados todos os anos, sendo que ano passado alcan\u00e7aram mais de 35 mil toneladas \u2013 \u00e9 a comprova\u00e7\u00e3o da responsabilidade social aplicada pelo campeonato para atender entidades sociais e fam\u00edlias em situa\u00e7\u00e3o de vulnerabilidade\u201d, relatou.<\/p>\n\n\n\n<p>O Pelad\u00e3o MT tem como finalidade fomentar a pr\u00e1tica esportiva &#8211; com \u00eanfase na modalidade de futebol amador, propiciar sa\u00fade, lazer e bem-estar \u00e0 popula\u00e7\u00e3o por meio de atividades f\u00edsicas, integra\u00e7\u00e3o entre atletas, dirigentes, associa\u00e7\u00f5es, ligas e comunidades dos munic\u00edpios participantes. Tamb\u00e9m, tem o prop\u00f3sito de estimular o desenvolvimento t\u00e9cnico-esportivo, fortalecer as organiza\u00e7\u00f5es comunit\u00e1rias voltadas ao esporte amador, incentivar a\u00e7\u00f5es sociais por meio de arrecada\u00e7\u00e3o e doa\u00e7\u00e3o de alimentos a entidades filantr\u00f3picas e contribuir para a gera\u00e7\u00e3o de renda e empregos diretos e indiretos com a movimenta\u00e7\u00e3o esportiva e cultural do evento.<\/p>\n\n\n\n<figure class=\"wp-block-image size-full is-resized\"><img fetchpriority=\"high\" decoding=\"async\" width=\"960\" height=\"960\" src=\"http:\/\/wilsonsantosmt.com.br\/wp-content\/uploads\/2025\/09\/WhatsApp-Image-2025-09-06-at-11.04.31-1.jpeg\" alt=\"\" class=\"wp-image-1887\" style=\"width:840px;height:auto\" srcset=\"https:\/\/wilsonsantosmt.com.br\/wp-content\/uploads\/2025\/09\/WhatsApp-Image-2025-09-06-at-11.04.31-1.jpeg 960w, https:\/\/wilsonsantosmt.com.br\/wp-content\/uploads\/2025\/09\/WhatsApp-Image-2025-09-06-at-11.04.31-1-300x300.jpeg 300w, https:\/\/wilsonsantosmt.com.br\/wp-content\/uploads\/2025\/09\/WhatsApp-Image-2025-09-06-at-11.04.31-1-150x150.jpeg 150w, https:\/\/wilsonsantosmt.com.br\/wp-content\/uploads\/2025\/09\/WhatsApp-Image-2025-09-06-at-11.04.31-1-768x768.jpeg 768w, https:\/\/wilsonsantosmt.com.br\/wp-content\/uploads\/2025\/09\/WhatsApp-Image-2025-09-06-at-11.04.31-1-600x600.jpeg 600w, https:\/\/wilsonsantosmt.com.br\/wp-content\/uploads\/2025\/09\/WhatsApp-Image-2025-09-06-at-11.04.31-1-100x100.jpeg 100w\" sizes=\"(max-width: 960px) 100vw, 960px\" \/><\/figure>\n","protected":false},"excerpt":{"rendered":"<p>Para fomentar a pol\u00edtica p\u00fablica ao esporte, promover a integra\u00e7\u00e3o social e de incentivo \u00e0 cidadania, o deputado estadual Wilson Santos (PSD) prop\u00f4s o Projeto de Lei n.\u00b0 1.375\/2025 que institui o Campeonato Estadual de Futebol &#8211; \u201cPelad\u00e3o Mato-grossense\u201d (Pelad\u00e3o MT) \u2013 integrando no calend\u00e1rio oficial de eventos esportivos de Mato Grosso, a ser celebrado [&hellip;]<\/p>\n","protected":false},"author":4,"featured_media":1886,"comment_status":"closed","ping_status":"open","sticky":false,"template":"","format":"standard","meta":{"footnotes":""},"categories":[13],"tags":[],"yoast_head":"<!-- This site is optimized with the Yoast SEO Premium plugin v21.5 (Yoast SEO v21.4) - https:\/\/yoast.com\/wordpress\/plugins\/seo\/ -->\n<title>Projeto inclui Pelad\u00e3o MT no calend\u00e1rio oficial do Estado - wilsonsantosmt.com.br<\/title>\n<meta name=\"robots\" content=\"index, follow, max-snippet:-1, max-image-preview:large, max-video-preview:-1\" \/>\n<link rel=\"canonical\" href=\"https:\/\/wilsonsantosmt.com.br\/index.php\/2025\/09\/05\/projeto-inclui-peladao-mt-no-calendario-oficial-do-estado\/\" \/>\n<meta property=\"og:locale\" content=\"pt_BR\" \/>\n<meta property=\"og:type\" content=\"article\" \/>\n<meta property=\"og:title\" content=\"Projeto inclui Pelad\u00e3o MT no calend\u00e1rio oficial do Estado\" \/>\n<meta property=\"og:description\" content=\"Para fomentar a pol\u00edtica p\u00fablica ao esporte, promover a integra\u00e7\u00e3o social e de incentivo \u00e0 cidadania, o deputado estadual Wilson Santos (PSD) prop\u00f4s o Projeto de Lei n.\u00b0 1.375\/2025 que institui o Campeonato Estadual de Futebol &#8211; \u201cPelad\u00e3o Mato-grossense\u201d (Pelad\u00e3o MT) \u2013 integrando no calend\u00e1rio oficial de eventos esportivos de Mato Grosso, a ser celebrado [&hellip;]\" \/>\n<meta property=\"og:url\" content=\"https:\/\/wilsonsantosmt.com.br\/index.php\/2025\/09\/05\/projeto-inclui-peladao-mt-no-calendario-oficial-do-estado\/\" \/>\n<meta property=\"og:site_name\" content=\"wilsonsantosmt.com.br\" \/>\n<meta property=\"article:publisher\" content=\"https:\/\/www.facebook.com\/WilsonSantosMT\/\" \/>\n<meta property=\"article:published_time\" content=\"2025-09-05T20:37:25+00:00\" \/>\n<meta property=\"article:modified_time\" content=\"2025-09-23T20:39:09+00:00\" \/>\n<meta property=\"og:image\" content=\"http:\/\/wilsonsantosmt.com.br\/wp-content\/uploads\/2025\/09\/WhatsApp-Image-2025-09-06-at-11.04.31.jpeg\" \/>\n\t<meta property=\"og:image:width\" content=\"1019\" \/>\n\t<meta property=\"og:image:height\" content=\"1007\" \/>\n\t<meta property=\"og:image:type\" content=\"image\/jpeg\" \/>\n<meta name=\"author\" content=\"Samantha dos Anjos\" \/>\n<meta name=\"twitter:card\" content=\"summary_large_image\" \/>\n<meta name=\"twitter:label1\" content=\"Escrito por\" \/>\n\t<meta name=\"twitter:data1\" content=\"Samantha dos Anjos\" \/>\n\t<meta name=\"twitter:label2\" content=\"Est. tempo de leitura\" \/>\n\t<meta name=\"twitter:data2\" content=\"3 minutos\" \/>\n<script type=\"application\/ld+json\" class=\"yoast-schema-graph\">{\"@context\":\"https:\/\/schema.org\",\"@graph\":[{\"@type\":\"Article\",\"@id\":\"https:\/\/wilsonsantosmt.com.br\/index.php\/2025\/09\/05\/projeto-inclui-peladao-mt-no-calendario-oficial-do-estado\/#article\",\"isPartOf\":{\"@id\":\"https:\/\/wilsonsantosmt.com.br\/index.php\/2025\/09\/05\/projeto-inclui-peladao-mt-no-calendario-oficial-do-estado\/\"},\"author\":{\"name\":\"Samantha dos Anjos\",\"@id\":\"https:\/\/wilsonsantosmt.com.br\/#\/schema\/person\/1d097ee45f526dd0455dbad8c679932c\"},\"headline\":\"Projeto inclui Pelad\u00e3o MT no calend\u00e1rio oficial do Estado\",\"datePublished\":\"2025-09-05T20:37:25+00:00\",\"dateModified\":\"2025-09-23T20:39:09+00:00\",\"mainEntityOfPage\":{\"@id\":\"https:\/\/wilsonsantosmt.com.br\/index.php\/2025\/09\/05\/projeto-inclui-peladao-mt-no-calendario-oficial-do-estado\/\"},\"wordCount\":560,\"publisher\":{\"@id\":\"https:\/\/wilsonsantosmt.com.br\/#\/schema\/person\/9de3c54961637a9eadb16bcbf895b1ef\"},\"articleSection\":[\"Not\u00edcias\"],\"inLanguage\":\"pt-BR\"},{\"@type\":\"WebPage\",\"@id\":\"https:\/\/wilsonsantosmt.com.br\/index.php\/2025\/09\/05\/projeto-inclui-peladao-mt-no-calendario-oficial-do-estado\/\",\"url\":\"https:\/\/wilsonsantosmt.com.br\/index.php\/2025\/09\/05\/projeto-inclui-peladao-mt-no-calendario-oficial-do-estado\/\",\"name\":\"Projeto inclui Pelad\u00e3o MT no calend\u00e1rio oficial do Estado - wilsonsantosmt.com.br\",\"isPartOf\":{\"@id\":\"https:\/\/wilsonsantosmt.com.br\/#website\"},\"datePublished\":\"2025-09-05T20:37:25+00:00\",\"dateModified\":\"2025-09-23T20:39:09+00:00\",\"breadcrumb\":{\"@id\":\"https:\/\/wilsonsantosmt.com.br\/index.php\/2025\/09\/05\/projeto-inclui-peladao-mt-no-calendario-oficial-do-estado\/#breadcrumb\"},\"inLanguage\":\"pt-BR\",\"potentialAction\":[{\"@type\":\"ReadAction\",\"target\":[\"https:\/\/wilsonsantosmt.com.br\/index.php\/2025\/09\/05\/projeto-inclui-peladao-mt-no-calendario-oficial-do-estado\/\"]}]},{\"@type\":\"BreadcrumbList\",\"@id\":\"https:\/\/wilsonsantosmt.com.br\/index.php\/2025\/09\/05\/projeto-inclui-peladao-mt-no-calendario-oficial-do-estado\/#breadcrumb\",\"itemListElement\":[{\"@type\":\"ListItem\",\"position\":1,\"name\":\"In\u00edcio\",\"item\":\"https:\/\/wilsonsantosmt.com.br\/\"},{\"@type\":\"ListItem\",\"position\":2,\"name\":\"Not\u00edcias\",\"item\":\"https:\/\/wilsonsantosmt.com.br\/index.php\/category\/noticias\/\"},{\"@type\":\"ListItem\",\"position\":3,\"name\":\"Projeto inclui Pelad\u00e3o MT no calend\u00e1rio oficial do Estado\"}]},{\"@type\":\"WebSite\",\"@id\":\"https:\/\/wilsonsantosmt.com.br\/#website\",\"url\":\"https:\/\/wilsonsantosmt.com.br\/\",\"name\":\"wilsonsantosmt.com.br\",\"description\":\"\",\"publisher\":{\"@id\":\"https:\/\/wilsonsantosmt.com.br\/#\/schema\/person\/9de3c54961637a9eadb16bcbf895b1ef\"},\"potentialAction\":[{\"@type\":\"SearchAction\",\"target\":{\"@type\":\"EntryPoint\",\"urlTemplate\":\"https:\/\/wilsonsantosmt.com.br\/?s={search_term_string}\"},\"query-input\":\"required name=search_term_string\"}],\"inLanguage\":\"pt-BR\"},{\"@type\":[\"Person\",\"Organization\"],\"@id\":\"https:\/\/wilsonsantosmt.com.br\/#\/schema\/person\/9de3c54961637a9eadb16bcbf895b1ef\",\"name\":\"Wilson Santos\",\"image\":{\"@type\":\"ImageObject\",\"inLanguage\":\"pt-BR\",\"@id\":\"https:\/\/wilsonsantosmt.com.br\/#\/schema\/person\/image\/\",\"url\":\"https:\/\/wilsonsantosmt.com.br\/wp-content\/uploads\/2023\/11\/310828673_653254583023360_8795459643194608438_n.jpg\",\"contentUrl\":\"https:\/\/wilsonsantosmt.com.br\/wp-content\/uploads\/2023\/11\/310828673_653254583023360_8795459643194608438_n.jpg\",\"width\":1078,\"height\":1079,\"caption\":\"Wilson Santos\"},\"logo\":{\"@id\":\"https:\/\/wilsonsantosmt.com.br\/#\/schema\/person\/image\/\"},\"sameAs\":[\"http:\/\/wilsonsantosmt.com.br\",\"https:\/\/www.facebook.com\/WilsonSantosMT\/\",\"https:\/\/www.instagram.com\/wilsonsantosmt\/\",\"https:\/\/www.youtube.com\/@WilsonSantosWS\/videos\",\"https:\/\/pt.wikipedia.org\/wiki\/Wilson_Santos\"],\"honorificPrefix\":\"Sr\",\"gender\":\"masculino\",\"jobTitle\":\"Deputado Estadual\",\"worksFor\":\"Assembleia Legislativa de Mato Grosso\"},{\"@type\":\"Person\",\"@id\":\"https:\/\/wilsonsantosmt.com.br\/#\/schema\/person\/1d097ee45f526dd0455dbad8c679932c\",\"name\":\"Samantha dos Anjos\",\"image\":{\"@type\":\"ImageObject\",\"inLanguage\":\"pt-BR\",\"@id\":\"https:\/\/wilsonsantosmt.com.br\/#\/schema\/person\/image\/\",\"url\":\"https:\/\/secure.gravatar.com\/avatar\/7d8d0b6dd67d134a9fa841bee90c57c7?s=96&d=mm&r=g\",\"contentUrl\":\"https:\/\/secure.gravatar.com\/avatar\/7d8d0b6dd67d134a9fa841bee90c57c7?s=96&d=mm&r=g\",\"caption\":\"Samantha dos Anjos\"},\"url\":\"https:\/\/wilsonsantosmt.com.br\/index.php\/author\/samantha-dos-anjos\/\"}]}<\/script>\n<!-- \/ Yoast SEO Premium plugin. -->","yoast_head_json":{"title":"Projeto inclui Pelad\u00e3o MT no calend\u00e1rio oficial do Estado - wilsonsantosmt.com.br","robots":{"index":"index","follow":"follow","max-snippet":"max-snippet:-1","max-image-preview":"max-image-preview:large","max-video-preview":"max-video-preview:-1"},"canonical":"https:\/\/wilsonsantosmt.com.br\/index.php\/2025\/09\/05\/projeto-inclui-peladao-mt-no-calendario-oficial-do-estado\/","og_locale":"pt_BR","og_type":"article","og_title":"Projeto inclui Pelad\u00e3o MT no calend\u00e1rio oficial do Estado","og_description":"Para fomentar a pol\u00edtica p\u00fablica ao esporte, promover a integra\u00e7\u00e3o social e de incentivo \u00e0 cidadania, o deputado estadual Wilson Santos (PSD) prop\u00f4s o Projeto de Lei n.\u00b0 1.375\/2025 que institui o Campeonato Estadual de Futebol &#8211; \u201cPelad\u00e3o Mato-grossense\u201d (Pelad\u00e3o MT) \u2013 integrando no calend\u00e1rio oficial de eventos esportivos de Mato Grosso, a ser celebrado [&hellip;]","og_url":"https:\/\/wilsonsantosmt.com.br\/index.php\/2025\/09\/05\/projeto-inclui-peladao-mt-no-calendario-oficial-do-estado\/","og_site_name":"wilsonsantosmt.com.br","article_publisher":"https:\/\/www.facebook.com\/WilsonSantosMT\/","article_published_time":"2025-09-05T20:37:25+00:00","article_modified_time":"2025-09-23T20:39:09+00:00","og_image":[{"width":1019,"height":1007,"url":"http:\/\/wilsonsantosmt.com.br\/wp-content\/uploads\/2025\/09\/WhatsApp-Image-2025-09-06-at-11.04.31.jpeg","type":"image\/jpeg"}],"author":"Samantha dos Anjos","twitter_card":"summary_large_image","twitter_misc":{"Escrito por":"Samantha dos Anjos","Est. tempo de leitura":"3 minutos"},"schema":{"@context":"https:\/\/schema.org","@graph":[{"@type":"Article","@id":"https:\/\/wilsonsantosmt.com.br\/index.php\/2025\/09\/05\/projeto-inclui-peladao-mt-no-calendario-oficial-do-estado\/#article","isPartOf":{"@id":"https:\/\/wilsonsantosmt.com.br\/index.php\/2025\/09\/05\/projeto-inclui-peladao-mt-no-calendario-oficial-do-estado\/"},"author":{"name":"Samantha dos Anjos","@id":"https:\/\/wilsonsantosmt.com.br\/#\/schema\/person\/1d097ee45f526dd0455dbad8c679932c"},"headline":"Projeto inclui Pelad\u00e3o MT no calend\u00e1rio oficial do Estado","datePublished":"2025-09-05T20:37:25+00:00","dateModified":"2025-09-23T20:39:09+00:00","mainEntityOfPage":{"@id":"https:\/\/wilsonsantosmt.com.br\/index.php\/2025\/09\/05\/projeto-inclui-peladao-mt-no-calendario-oficial-do-estado\/"},"wordCount":560,"publisher":{"@id":"https:\/\/wilsonsantosmt.com.br\/#\/schema\/person\/9de3c54961637a9eadb16bcbf895b1ef"},"articleSection":["Not\u00edcias"],"inLanguage":"pt-BR"},{"@type":"WebPage","@id":"https:\/\/wilsonsantosmt.com.br\/index.php\/2025\/09\/05\/projeto-inclui-peladao-mt-no-calendario-oficial-do-estado\/","url":"https:\/\/wilsonsantosmt.com.br\/index.php\/2025\/09\/05\/projeto-inclui-peladao-mt-no-calendario-oficial-do-estado\/","name":"Projeto inclui Pelad\u00e3o MT no calend\u00e1rio oficial do Estado - wilsonsantosmt.com.br","isPartOf":{"@id":"https:\/\/wilsonsantosmt.com.br\/#website"},"datePublished":"2025-09-05T20:37:25+00:00","dateModified":"2025-09-23T20:39:09+00:00","breadcrumb":{"@id":"https:\/\/wilsonsantosmt.com.br\/index.php\/2025\/09\/05\/projeto-inclui-peladao-mt-no-calendario-oficial-do-estado\/#breadcrumb"},"inLanguage":"pt-BR","potentialAction":[{"@type":"ReadAction","target":["https:\/\/wilsonsantosmt.com.br\/index.php\/2025\/09\/05\/projeto-inclui-peladao-mt-no-calendario-oficial-do-estado\/"]}]},{"@type":"BreadcrumbList","@id":"https:\/\/wilsonsantosmt.com.br\/index.php\/2025\/09\/05\/projeto-inclui-peladao-mt-no-calendario-oficial-do-estado\/#breadcrumb","itemListElement":[{"@type":"ListItem","position":1,"name":"In\u00edcio","item":"https:\/\/wilsonsantosmt.com.br\/"},{"@type":"ListItem","position":2,"name":"Not\u00edcias","item":"https:\/\/wilsonsantosmt.com.br\/index.php\/category\/noticias\/"},{"@type":"ListItem","position":3,"name":"Projeto inclui Pelad\u00e3o MT no calend\u00e1rio oficial do Estado"}]},{"@type":"WebSite","@id":"https:\/\/wilsonsantosmt.com.br\/#website","url":"https:\/\/wilsonsantosmt.com.br\/","name":"wilsonsantosmt.com.br","description":"","publisher":{"@id":"https:\/\/wilsonsantosmt.com.br\/#\/schema\/person\/9de3c54961637a9eadb16bcbf895b1ef"},"potentialAction":[{"@type":"SearchAction","target":{"@type":"EntryPoint","urlTemplate":"https:\/\/wilsonsantosmt.com.br\/?s={search_term_string}"},"query-input":"required name=search_term_string"}],"inLanguage":"pt-BR"},{"@type":["Person","Organization"],"@id":"https:\/\/wilsonsantosmt.com.br\/#\/schema\/person\/9de3c54961637a9eadb16bcbf895b1ef","name":"Wilson Santos","image":{"@type":"ImageObject","inLanguage":"pt-BR","@id":"https:\/\/wilsonsantosmt.com.br\/#\/schema\/person\/image\/","url":"https:\/\/wilsonsantosmt.com.br\/wp-content\/uploads\/2023\/11\/310828673_653254583023360_8795459643194608438_n.jpg","contentUrl":"https:\/\/wilsonsantosmt.com.br\/wp-content\/uploads\/2023\/11\/310828673_653254583023360_8795459643194608438_n.jpg","width":1078,"height":1079,"caption":"Wilson Santos"},"logo":{"@id":"https:\/\/wilsonsantosmt.com.br\/#\/schema\/person\/image\/"},"sameAs":["http:\/\/wilsonsantosmt.com.br","https:\/\/www.facebook.com\/WilsonSantosMT\/","https:\/\/www.instagram.com\/wilsonsantosmt\/","https:\/\/www.youtube.com\/@WilsonSantosWS\/videos","https:\/\/pt.wikipedia.org\/wiki\/Wilson_Santos"],"honorificPrefix":"Sr","gender":"masculino","jobTitle":"Deputado Estadual","worksFor":"Assembleia Legislativa de Mato Grosso"},{"@type":"Person","@id":"https:\/\/wilsonsantosmt.com.br\/#\/schema\/person\/1d097ee45f526dd0455dbad8c679932c","name":"Samantha dos Anjos","image":{"@type":"ImageObject","inLanguage":"pt-BR","@id":"https:\/\/wilsonsantosmt.com.br\/#\/schema\/person\/image\/","url":"https:\/\/secure.gravatar.com\/avatar\/7d8d0b6dd67d134a9fa841bee90c57c7?s=96&d=mm&r=g","contentUrl":"https:\/\/secure.gravatar.com\/avatar\/7d8d0b6dd67d134a9fa841bee90c57c7?s=96&d=mm&r=g","caption":"Samantha dos Anjos"},"url":"https:\/\/wilsonsantosmt.com.br\/index.php\/author\/samantha-dos-anjos\/"}]}},"_links":{"self":[{"href":"https:\/\/wilsonsantosmt.com.br\/index.php\/wp-json\/wp\/v2\/posts\/1885"}],"collection":[{"href":"https:\/\/wilsonsantosmt.com.br\/index.php\/wp-json\/wp\/v2\/posts"}],"about":[{"href":"https:\/\/wilsonsantosmt.com.br\/index.php\/wp-json\/wp\/v2\/types\/post"}],"author":[{"embeddable":true,"href":"https:\/\/wilsonsantosmt.com.br\/index.php\/wp-json\/wp\/v2\/users\/4"}],"replies":[{"embeddable":true,"href":"https:\/\/wilsonsantosmt.com.br\/index.php\/wp-json\/wp\/v2\/comments?post=1885"}],"version-history":[{"count":1,"href":"https:\/\/wilsonsantosmt.com.br\/index.php\/wp-json\/wp\/v2\/posts\/1885\/revisions"}],"predecessor-version":[{"id":1888,"href":"https:\/\/wilsonsantosmt.com.br\/index.php\/wp-json\/wp\/v2\/posts\/1885\/revisions\/1888"}],"wp:featuredmedia":[{"embeddable":true,"href":"https:\/\/wilsonsantosmt.com.br\/index.php\/wp-json\/wp\/v2\/media\/1886"}],"wp:attachment":[{"href":"https:\/\/wilsonsantosmt.com.br\/index.php\/wp-json\/wp\/v2\/media?parent=1885"}],"wp:term":[{"taxonomy":"category","embeddable":true,"href":"https:\/\/wilsonsantosmt.com.br\/index.php\/wp-json\/wp\/v2\/categories?post=1885"},{"taxonomy":"post_tag","embeddable":true,"href":"https:\/\/wilsonsantosmt.com.br\/index.php\/wp-json\/wp\/v2\/tags?post=1885"}],"curies":[{"name":"wp","href":"https:\/\/api.w.org\/{rel}","templated":true}]}}