{"id":1889,"date":"2025-09-25T09:36:15","date_gmt":"2025-09-25T13:36:15","guid":{"rendered":"https:\/\/wilsonsantosmt.com.br\/?p=1889"},"modified":"2025-09-25T09:36:16","modified_gmt":"2025-09-25T13:36:16","slug":"wilson-santos-anuncia-audiencias-regionais-para-avaliar-servicos-da-energisa-em-mt","status":"publish","type":"post","link":"https:\/\/wilsonsantosmt.com.br\/index.php\/2025\/09\/25\/wilson-santos-anuncia-audiencias-regionais-para-avaliar-servicos-da-energisa-em-mt\/","title":{"rendered":"Wilson Santos anuncia audi\u00eancias regionais para avaliar servi\u00e7os da Energisa em MT"},"content":{"rendered":"\n<p><\/p>\n\n\n\n<p><\/p>\n\n\n\n<p>O deputado estadual Wilson Santos (PSD), vice-presidente da Comiss\u00e3o Especial da Assembleia Legislativa que trata sobre a renova\u00e7\u00e3o ou revers\u00e3o da concess\u00e3o de distribui\u00e7\u00e3o de energia el\u00e9trica em Mato Grosso, anunciou em sess\u00e3o plen\u00e1ria, nesta quarta-feira (24), que j\u00e1 est\u00e3o sendo organizadas agendas para percorrer os principais polos regionais do Estado. O objetivo ser\u00e1 levantar de forma precisa as potencialidades e as dificuldades enfrentadas pelos consumidores da concession\u00e1ria Energisa.<\/p>\n\n\n\n<p>A primeira audi\u00eancia p\u00fablica j\u00e1 est\u00e1 marcada para o pr\u00f3ximo dia 2 de outubro, em Tangar\u00e1 da Serra, a partir de requerimento do deputado Chico Guarnieri (PSB), membro titular da comiss\u00e3o. Outras cidades j\u00e1 confirmadas no calend\u00e1rio s\u00e3o Rondon\u00f3polis, Sinop e C\u00e1ceres, al\u00e9m de outros munic\u00edpios que venham a solicitar a realiza\u00e7\u00e3o das reuni\u00f5es.<\/p>\n\n\n\n<p>\u201cQueremos colher documentos, v\u00eddeos, depoimentos e of\u00edcios, para que o raio-x seja o mais pr\u00f3ximo poss\u00edvel da realidade, com base no que de fato est\u00e1 acontecendo na presta\u00e7\u00e3o do servi\u00e7o de energia el\u00e9trica em Mato Grosso\u201d, afirmou Wilson Santos.<\/p>\n\n\n\n<p>O parlamentar lembrou que a concess\u00e3o do servi\u00e7o \u00e0 iniciativa privada foi feita em 1997, inicialmente com o Grupo Rede e, posteriormente, repassada ao Grupo Energisa, que atualmente opera em 12 estados. Com o contrato chegando ao fim, em junho de 2026, caber\u00e1 \u00e0 Ag\u00eancia Nacional de Energia El\u00e9trica (Aneel) e ao Minist\u00e9rio de Minas e Energia decidir se a empresa ter\u00e1 sua concess\u00e3o renovada por mais 30 anos ou n\u00e3o.<\/p>\n\n\n\n<p>Wilson Santos destacou que a atua\u00e7\u00e3o da concession\u00e1ria \u00e9 alvo de milhares de reclama\u00e7\u00f5es recorrentes no Procon e levantou d\u00favidas se a empresa tem acompanhado o ritmo de crescimento do Estado. \u201cA sociedade mato-grossense aguenta a qualidade do servi\u00e7o da Energisa por mais 30 anos? Essa \u00e9 a resposta que queremos ouvir da popula\u00e7\u00e3o\u201d, questionou.<\/p>\n\n\n\n<p>Entre as principais cobran\u00e7as do parlamentar est\u00e1 a necessidade de universalizar o sistema trif\u00e1sico em todo o Estado, garantir a presen\u00e7a de ag\u00eancias f\u00edsicas da Energisa em munic\u00edpios com mais de 50 mil habitantes, assegurar maior transpar\u00eancia nas tarifas e nos reajustes aplicados e permitir que produtores e prefeituras possam inserir a energia solar em suas redes de distribui\u00e7\u00e3o, sem as limita\u00e7\u00f5es impostas pela empresa.<\/p>\n\n\n\n<p>Segundo o deputado, a participa\u00e7\u00e3o da sociedade civil, de entidades representativas e dos consumidores ser\u00e1 fundamental para subsidiar o relat\u00f3rio final da comiss\u00e3o, que ser\u00e1 encaminhado \u00e0 Aneel e ao Minist\u00e9rio de Minas e Energia.<\/p>\n\n\n\n<p>\u201cN\u00e3o sou a favor da estatiza\u00e7\u00e3o, defendo que a iniciativa privada continue respons\u00e1vel pela distribui\u00e7\u00e3o. Mas, se a Energisa quer mais 30 anos em Mato Grosso, ter\u00e1 que cumprir todas as cl\u00e1usulas do contrato firmado em 1997\u201d, finalizou Wilson Santos.<\/p>\n","protected":false},"excerpt":{"rendered":"<p>O deputado estadual Wilson Santos (PSD), vice-presidente da Comiss\u00e3o Especial da Assembleia Legislativa que trata sobre a renova\u00e7\u00e3o ou revers\u00e3o da concess\u00e3o de distribui\u00e7\u00e3o de energia el\u00e9trica em Mato Grosso, anunciou em sess\u00e3o plen\u00e1ria, nesta quarta-feira (24), que j\u00e1 est\u00e3o sendo organizadas agendas para percorrer os principais polos regionais do Estado. O objetivo ser\u00e1 levantar [&hellip;]<\/p>\n","protected":false},"author":4,"featured_media":1890,"comment_status":"closed","ping_status":"open","sticky":false,"template":"","format":"standard","meta":{"footnotes":""},"categories":[13],"tags":[],"yoast_head":"<!-- This site is optimized with the Yoast SEO Premium plugin v21.5 (Yoast SEO v21.4) - https:\/\/yoast.com\/wordpress\/plugins\/seo\/ -->\n<title>Wilson Santos anuncia audi\u00eancias regionais para avaliar servi\u00e7os da Energisa em MT - wilsonsantosmt.com.br<\/title>\n<meta name=\"robots\" content=\"index, follow, max-snippet:-1, max-image-preview:large, max-video-preview:-1\" \/>\n<link rel=\"canonical\" href=\"https:\/\/wilsonsantosmt.com.br\/index.php\/2025\/09\/25\/wilson-santos-anuncia-audiencias-regionais-para-avaliar-servicos-da-energisa-em-mt\/\" \/>\n<meta property=\"og:locale\" content=\"pt_BR\" \/>\n<meta property=\"og:type\" content=\"article\" \/>\n<meta property=\"og:title\" content=\"Wilson Santos anuncia audi\u00eancias regionais para avaliar servi\u00e7os da Energisa em MT\" \/>\n<meta property=\"og:description\" content=\"O deputado estadual Wilson Santos (PSD), vice-presidente da Comiss\u00e3o Especial da Assembleia Legislativa que trata sobre a renova\u00e7\u00e3o ou revers\u00e3o da concess\u00e3o de distribui\u00e7\u00e3o de energia el\u00e9trica em Mato Grosso, anunciou em sess\u00e3o plen\u00e1ria, nesta quarta-feira (24), que j\u00e1 est\u00e3o sendo organizadas agendas para percorrer os principais polos regionais do Estado. O objetivo ser\u00e1 levantar [&hellip;]\" \/>\n<meta property=\"og:url\" content=\"https:\/\/wilsonsantosmt.com.br\/index.php\/2025\/09\/25\/wilson-santos-anuncia-audiencias-regionais-para-avaliar-servicos-da-energisa-em-mt\/\" \/>\n<meta property=\"og:site_name\" content=\"wilsonsantosmt.com.br\" \/>\n<meta property=\"article:publisher\" content=\"https:\/\/www.facebook.com\/WilsonSantosMT\/\" \/>\n<meta property=\"article:published_time\" content=\"2025-09-25T13:36:15+00:00\" \/>\n<meta property=\"article:modified_time\" content=\"2025-09-25T13:36:16+00:00\" \/>\n<meta property=\"og:image\" content=\"http:\/\/wilsonsantosmt.com.br\/wp-content\/uploads\/2025\/09\/WhatsApp-Image-2025-09-25-at-07.51.23.jpeg\" \/>\n\t<meta property=\"og:image:width\" content=\"1408\" \/>\n\t<meta property=\"og:image:height\" content=\"964\" \/>\n\t<meta property=\"og:image:type\" content=\"image\/jpeg\" \/>\n<meta name=\"author\" content=\"Samantha dos Anjos\" \/>\n<meta name=\"twitter:card\" content=\"summary_large_image\" \/>\n<meta name=\"twitter:label1\" content=\"Escrito por\" \/>\n\t<meta name=\"twitter:data1\" content=\"Samantha dos Anjos\" \/>\n\t<meta name=\"twitter:label2\" content=\"Est. tempo de leitura\" \/>\n\t<meta name=\"twitter:data2\" content=\"3 minutos\" \/>\n<script type=\"application\/ld+json\" class=\"yoast-schema-graph\">{\"@context\":\"https:\/\/schema.org\",\"@graph\":[{\"@type\":\"Article\",\"@id\":\"https:\/\/wilsonsantosmt.com.br\/index.php\/2025\/09\/25\/wilson-santos-anuncia-audiencias-regionais-para-avaliar-servicos-da-energisa-em-mt\/#article\",\"isPartOf\":{\"@id\":\"https:\/\/wilsonsantosmt.com.br\/index.php\/2025\/09\/25\/wilson-santos-anuncia-audiencias-regionais-para-avaliar-servicos-da-energisa-em-mt\/\"},\"author\":{\"name\":\"Samantha dos Anjos\",\"@id\":\"https:\/\/wilsonsantosmt.com.br\/#\/schema\/person\/1d097ee45f526dd0455dbad8c679932c\"},\"headline\":\"Wilson Santos anuncia audi\u00eancias regionais para avaliar servi\u00e7os da Energisa em MT\",\"datePublished\":\"2025-09-25T13:36:15+00:00\",\"dateModified\":\"2025-09-25T13:36:16+00:00\",\"mainEntityOfPage\":{\"@id\":\"https:\/\/wilsonsantosmt.com.br\/index.php\/2025\/09\/25\/wilson-santos-anuncia-audiencias-regionais-para-avaliar-servicos-da-energisa-em-mt\/\"},\"wordCount\":487,\"publisher\":{\"@id\":\"https:\/\/wilsonsantosmt.com.br\/#\/schema\/person\/9de3c54961637a9eadb16bcbf895b1ef\"},\"articleSection\":[\"Not\u00edcias\"],\"inLanguage\":\"pt-BR\"},{\"@type\":\"WebPage\",\"@id\":\"https:\/\/wilsonsantosmt.com.br\/index.php\/2025\/09\/25\/wilson-santos-anuncia-audiencias-regionais-para-avaliar-servicos-da-energisa-em-mt\/\",\"url\":\"https:\/\/wilsonsantosmt.com.br\/index.php\/2025\/09\/25\/wilson-santos-anuncia-audiencias-regionais-para-avaliar-servicos-da-energisa-em-mt\/\",\"name\":\"Wilson Santos anuncia audi\u00eancias regionais para avaliar servi\u00e7os da Energisa em MT - wilsonsantosmt.com.br\",\"isPartOf\":{\"@id\":\"https:\/\/wilsonsantosmt.com.br\/#website\"},\"datePublished\":\"2025-09-25T13:36:15+00:00\",\"dateModified\":\"2025-09-25T13:36:16+00:00\",\"breadcrumb\":{\"@id\":\"https:\/\/wilsonsantosmt.com.br\/index.php\/2025\/09\/25\/wilson-santos-anuncia-audiencias-regionais-para-avaliar-servicos-da-energisa-em-mt\/#breadcrumb\"},\"inLanguage\":\"pt-BR\",\"potentialAction\":[{\"@type\":\"ReadAction\",\"target\":[\"https:\/\/wilsonsantosmt.com.br\/index.php\/2025\/09\/25\/wilson-santos-anuncia-audiencias-regionais-para-avaliar-servicos-da-energisa-em-mt\/\"]}]},{\"@type\":\"BreadcrumbList\",\"@id\":\"https:\/\/wilsonsantosmt.com.br\/index.php\/2025\/09\/25\/wilson-santos-anuncia-audiencias-regionais-para-avaliar-servicos-da-energisa-em-mt\/#breadcrumb\",\"itemListElement\":[{\"@type\":\"ListItem\",\"position\":1,\"name\":\"In\u00edcio\",\"item\":\"https:\/\/wilsonsantosmt.com.br\/\"},{\"@type\":\"ListItem\",\"position\":2,\"name\":\"Not\u00edcias\",\"item\":\"https:\/\/wilsonsantosmt.com.br\/index.php\/category\/noticias\/\"},{\"@type\":\"ListItem\",\"position\":3,\"name\":\"Wilson Santos anuncia audi\u00eancias regionais para avaliar servi\u00e7os da Energisa em MT\"}]},{\"@type\":\"WebSite\",\"@id\":\"https:\/\/wilsonsantosmt.com.br\/#website\",\"url\":\"https:\/\/wilsonsantosmt.com.br\/\",\"name\":\"wilsonsantosmt.com.br\",\"description\":\"\",\"publisher\":{\"@id\":\"https:\/\/wilsonsantosmt.com.br\/#\/schema\/person\/9de3c54961637a9eadb16bcbf895b1ef\"},\"potentialAction\":[{\"@type\":\"SearchAction\",\"target\":{\"@type\":\"EntryPoint\",\"urlTemplate\":\"https:\/\/wilsonsantosmt.com.br\/?s={search_term_string}\"},\"query-input\":\"required name=search_term_string\"}],\"inLanguage\":\"pt-BR\"},{\"@type\":[\"Person\",\"Organization\"],\"@id\":\"https:\/\/wilsonsantosmt.com.br\/#\/schema\/person\/9de3c54961637a9eadb16bcbf895b1ef\",\"name\":\"Wilson Santos\",\"image\":{\"@type\":\"ImageObject\",\"inLanguage\":\"pt-BR\",\"@id\":\"https:\/\/wilsonsantosmt.com.br\/#\/schema\/person\/image\/\",\"url\":\"https:\/\/wilsonsantosmt.com.br\/wp-content\/uploads\/2023\/11\/310828673_653254583023360_8795459643194608438_n.jpg\",\"contentUrl\":\"https:\/\/wilsonsantosmt.com.br\/wp-content\/uploads\/2023\/11\/310828673_653254583023360_8795459643194608438_n.jpg\",\"width\":1078,\"height\":1079,\"caption\":\"Wilson Santos\"},\"logo\":{\"@id\":\"https:\/\/wilsonsantosmt.com.br\/#\/schema\/person\/image\/\"},\"sameAs\":[\"http:\/\/wilsonsantosmt.com.br\",\"https:\/\/www.facebook.com\/WilsonSantosMT\/\",\"https:\/\/www.instagram.com\/wilsonsantosmt\/\",\"https:\/\/www.youtube.com\/@WilsonSantosWS\/videos\",\"https:\/\/pt.wikipedia.org\/wiki\/Wilson_Santos\"],\"honorificPrefix\":\"Sr\",\"gender\":\"masculino\",\"jobTitle\":\"Deputado Estadual\",\"worksFor\":\"Assembleia Legislativa de Mato Grosso\"},{\"@type\":\"Person\",\"@id\":\"https:\/\/wilsonsantosmt.com.br\/#\/schema\/person\/1d097ee45f526dd0455dbad8c679932c\",\"name\":\"Samantha dos Anjos\",\"image\":{\"@type\":\"ImageObject\",\"inLanguage\":\"pt-BR\",\"@id\":\"https:\/\/wilsonsantosmt.com.br\/#\/schema\/person\/image\/\",\"url\":\"https:\/\/secure.gravatar.com\/avatar\/7d8d0b6dd67d134a9fa841bee90c57c7?s=96&d=mm&r=g\",\"contentUrl\":\"https:\/\/secure.gravatar.com\/avatar\/7d8d0b6dd67d134a9fa841bee90c57c7?s=96&d=mm&r=g\",\"caption\":\"Samantha dos Anjos\"},\"url\":\"https:\/\/wilsonsantosmt.com.br\/index.php\/author\/samantha-dos-anjos\/\"}]}<\/script>\n<!-- \/ Yoast SEO Premium plugin. -->","yoast_head_json":{"title":"Wilson Santos anuncia audi\u00eancias regionais para avaliar servi\u00e7os da Energisa em MT - wilsonsantosmt.com.br","robots":{"index":"index","follow":"follow","max-snippet":"max-snippet:-1","max-image-preview":"max-image-preview:large","max-video-preview":"max-video-preview:-1"},"canonical":"https:\/\/wilsonsantosmt.com.br\/index.php\/2025\/09\/25\/wilson-santos-anuncia-audiencias-regionais-para-avaliar-servicos-da-energisa-em-mt\/","og_locale":"pt_BR","og_type":"article","og_title":"Wilson Santos anuncia audi\u00eancias regionais para avaliar servi\u00e7os da Energisa em MT","og_description":"O deputado estadual Wilson Santos (PSD), vice-presidente da Comiss\u00e3o Especial da Assembleia Legislativa que trata sobre a renova\u00e7\u00e3o ou revers\u00e3o da concess\u00e3o de distribui\u00e7\u00e3o de energia el\u00e9trica em Mato Grosso, anunciou em sess\u00e3o plen\u00e1ria, nesta quarta-feira (24), que j\u00e1 est\u00e3o sendo organizadas agendas para percorrer os principais polos regionais do Estado. O objetivo ser\u00e1 levantar [&hellip;]","og_url":"https:\/\/wilsonsantosmt.com.br\/index.php\/2025\/09\/25\/wilson-santos-anuncia-audiencias-regionais-para-avaliar-servicos-da-energisa-em-mt\/","og_site_name":"wilsonsantosmt.com.br","article_publisher":"https:\/\/www.facebook.com\/WilsonSantosMT\/","article_published_time":"2025-09-25T13:36:15+00:00","article_modified_time":"2025-09-25T13:36:16+00:00","og_image":[{"width":1408,"height":964,"url":"http:\/\/wilsonsantosmt.com.br\/wp-content\/uploads\/2025\/09\/WhatsApp-Image-2025-09-25-at-07.51.23.jpeg","type":"image\/jpeg"}],"author":"Samantha dos Anjos","twitter_card":"summary_large_image","twitter_misc":{"Escrito por":"Samantha dos Anjos","Est. tempo de leitura":"3 minutos"},"schema":{"@context":"https:\/\/schema.org","@graph":[{"@type":"Article","@id":"https:\/\/wilsonsantosmt.com.br\/index.php\/2025\/09\/25\/wilson-santos-anuncia-audiencias-regionais-para-avaliar-servicos-da-energisa-em-mt\/#article","isPartOf":{"@id":"https:\/\/wilsonsantosmt.com.br\/index.php\/2025\/09\/25\/wilson-santos-anuncia-audiencias-regionais-para-avaliar-servicos-da-energisa-em-mt\/"},"author":{"name":"Samantha dos Anjos","@id":"https:\/\/wilsonsantosmt.com.br\/#\/schema\/person\/1d097ee45f526dd0455dbad8c679932c"},"headline":"Wilson Santos anuncia audi\u00eancias regionais para avaliar servi\u00e7os da Energisa em MT","datePublished":"2025-09-25T13:36:15+00:00","dateModified":"2025-09-25T13:36:16+00:00","mainEntityOfPage":{"@id":"https:\/\/wilsonsantosmt.com.br\/index.php\/2025\/09\/25\/wilson-santos-anuncia-audiencias-regionais-para-avaliar-servicos-da-energisa-em-mt\/"},"wordCount":487,"publisher":{"@id":"https:\/\/wilsonsantosmt.com.br\/#\/schema\/person\/9de3c54961637a9eadb16bcbf895b1ef"},"articleSection":["Not\u00edcias"],"inLanguage":"pt-BR"},{"@type":"WebPage","@id":"https:\/\/wilsonsantosmt.com.br\/index.php\/2025\/09\/25\/wilson-santos-anuncia-audiencias-regionais-para-avaliar-servicos-da-energisa-em-mt\/","url":"https:\/\/wilsonsantosmt.com.br\/index.php\/2025\/09\/25\/wilson-santos-anuncia-audiencias-regionais-para-avaliar-servicos-da-energisa-em-mt\/","name":"Wilson Santos anuncia audi\u00eancias regionais para avaliar servi\u00e7os da Energisa em MT - wilsonsantosmt.com.br","isPartOf":{"@id":"https:\/\/wilsonsantosmt.com.br\/#website"},"datePublished":"2025-09-25T13:36:15+00:00","dateModified":"2025-09-25T13:36:16+00:00","breadcrumb":{"@id":"https:\/\/wilsonsantosmt.com.br\/index.php\/2025\/09\/25\/wilson-santos-anuncia-audiencias-regionais-para-avaliar-servicos-da-energisa-em-mt\/#breadcrumb"},"inLanguage":"pt-BR","potentialAction":[{"@type":"ReadAction","target":["https:\/\/wilsonsantosmt.com.br\/index.php\/2025\/09\/25\/wilson-santos-anuncia-audiencias-regionais-para-avaliar-servicos-da-energisa-em-mt\/"]}]},{"@type":"BreadcrumbList","@id":"https:\/\/wilsonsantosmt.com.br\/index.php\/2025\/09\/25\/wilson-santos-anuncia-audiencias-regionais-para-avaliar-servicos-da-energisa-em-mt\/#breadcrumb","itemListElement":[{"@type":"ListItem","position":1,"name":"In\u00edcio","item":"https:\/\/wilsonsantosmt.com.br\/"},{"@type":"ListItem","position":2,"name":"Not\u00edcias","item":"https:\/\/wilsonsantosmt.com.br\/index.php\/category\/noticias\/"},{"@type":"ListItem","position":3,"name":"Wilson Santos anuncia audi\u00eancias regionais para avaliar servi\u00e7os da Energisa em MT"}]},{"@type":"WebSite","@id":"https:\/\/wilsonsantosmt.com.br\/#website","url":"https:\/\/wilsonsantosmt.com.br\/","name":"wilsonsantosmt.com.br","description":"","publisher":{"@id":"https:\/\/wilsonsantosmt.com.br\/#\/schema\/person\/9de3c54961637a9eadb16bcbf895b1ef"},"potentialAction":[{"@type":"SearchAction","target":{"@type":"EntryPoint","urlTemplate":"https:\/\/wilsonsantosmt.com.br\/?s={search_term_string}"},"query-input":"required name=search_term_string"}],"inLanguage":"pt-BR"},{"@type":["Person","Organization"],"@id":"https:\/\/wilsonsantosmt.com.br\/#\/schema\/person\/9de3c54961637a9eadb16bcbf895b1ef","name":"Wilson Santos","image":{"@type":"ImageObject","inLanguage":"pt-BR","@id":"https:\/\/wilsonsantosmt.com.br\/#\/schema\/person\/image\/","url":"https:\/\/wilsonsantosmt.com.br\/wp-content\/uploads\/2023\/11\/310828673_653254583023360_8795459643194608438_n.jpg","contentUrl":"https:\/\/wilsonsantosmt.com.br\/wp-content\/uploads\/2023\/11\/310828673_653254583023360_8795459643194608438_n.jpg","width":1078,"height":1079,"caption":"Wilson Santos"},"logo":{"@id":"https:\/\/wilsonsantosmt.com.br\/#\/schema\/person\/image\/"},"sameAs":["http:\/\/wilsonsantosmt.com.br","https:\/\/www.facebook.com\/WilsonSantosMT\/","https:\/\/www.instagram.com\/wilsonsantosmt\/","https:\/\/www.youtube.com\/@WilsonSantosWS\/videos","https:\/\/pt.wikipedia.org\/wiki\/Wilson_Santos"],"honorificPrefix":"Sr","gender":"masculino","jobTitle":"Deputado Estadual","worksFor":"Assembleia Legislativa de Mato Grosso"},{"@type":"Person","@id":"https:\/\/wilsonsantosmt.com.br\/#\/schema\/person\/1d097ee45f526dd0455dbad8c679932c","name":"Samantha dos Anjos","image":{"@type":"ImageObject","inLanguage":"pt-BR","@id":"https:\/\/wilsonsantosmt.com.br\/#\/schema\/person\/image\/","url":"https:\/\/secure.gravatar.com\/avatar\/7d8d0b6dd67d134a9fa841bee90c57c7?s=96&d=mm&r=g","contentUrl":"https:\/\/secure.gravatar.com\/avatar\/7d8d0b6dd67d134a9fa841bee90c57c7?s=96&d=mm&r=g","caption":"Samantha dos Anjos"},"url":"https:\/\/wilsonsantosmt.com.br\/index.php\/author\/samantha-dos-anjos\/"}]}},"_links":{"self":[{"href":"https:\/\/wilsonsantosmt.com.br\/index.php\/wp-json\/wp\/v2\/posts\/1889"}],"collection":[{"href":"https:\/\/wilsonsantosmt.com.br\/index.php\/wp-json\/wp\/v2\/posts"}],"about":[{"href":"https:\/\/wilsonsantosmt.com.br\/index.php\/wp-json\/wp\/v2\/types\/post"}],"author":[{"embeddable":true,"href":"https:\/\/wilsonsantosmt.com.br\/index.php\/wp-json\/wp\/v2\/users\/4"}],"replies":[{"embeddable":true,"href":"https:\/\/wilsonsantosmt.com.br\/index.php\/wp-json\/wp\/v2\/comments?post=1889"}],"version-history":[{"count":1,"href":"https:\/\/wilsonsantosmt.com.br\/index.php\/wp-json\/wp\/v2\/posts\/1889\/revisions"}],"predecessor-version":[{"id":1891,"href":"https:\/\/wilsonsantosmt.com.br\/index.php\/wp-json\/wp\/v2\/posts\/1889\/revisions\/1891"}],"wp:featuredmedia":[{"embeddable":true,"href":"https:\/\/wilsonsantosmt.com.br\/index.php\/wp-json\/wp\/v2\/media\/1890"}],"wp:attachment":[{"href":"https:\/\/wilsonsantosmt.com.br\/index.php\/wp-json\/wp\/v2\/media?parent=1889"}],"wp:term":[{"taxonomy":"category","embeddable":true,"href":"https:\/\/wilsonsantosmt.com.br\/index.php\/wp-json\/wp\/v2\/categories?post=1889"},{"taxonomy":"post_tag","embeddable":true,"href":"https:\/\/wilsonsantosmt.com.br\/index.php\/wp-json\/wp\/v2\/tags?post=1889"}],"curies":[{"name":"wp","href":"https:\/\/api.w.org\/{rel}","templated":true}]}}