{"id":1892,"date":"2025-09-25T07:37:00","date_gmt":"2025-09-25T11:37:00","guid":{"rendered":"https:\/\/wilsonsantosmt.com.br\/?p=1892"},"modified":"2025-09-25T09:37:39","modified_gmt":"2025-09-25T13:37:39","slug":"wilson-santos-participa-de-reinauguracao-e-destaca-importancia-historica-do-palacio-das-artes-marciais-no-brasil","status":"publish","type":"post","link":"https:\/\/wilsonsantosmt.com.br\/index.php\/2025\/09\/25\/wilson-santos-participa-de-reinauguracao-e-destaca-importancia-historica-do-palacio-das-artes-marciais-no-brasil\/","title":{"rendered":"Wilson Santos participa de reinaugura\u00e7\u00e3o e destaca import\u00e2ncia hist\u00f3rica do Pal\u00e1cio das Artes Marciais no Brasil"},"content":{"rendered":"\n<p><\/p>\n\n\n\n<p>O Pal\u00e1cio das Artes Marciais Iusso Sinohara, localizado em Cuiab\u00e1, primeiro gin\u00e1sio dedicado \u00e0s modalidades de luta no Brasil, foi reinaugurado nesta ter\u00e7a-feira (23), ap\u00f3s ampla reforma realizada pelo Governo de Mato Grosso, por meio da Secretaria de Estado de Cultura, Esporte e Lazer (Secel). A solenidade contou com a presen\u00e7a do governador Mauro Mendes (Uni\u00e3o), do deputado estadual Wilson Santos (PSD), do secret\u00e1rio de Esporte e Lazer, Davi Moura, entre outras autoridades pol\u00edticas e representantes da comunidade esportiva.<\/p>\n\n\n\n<p>Wilson Santos, respons\u00e1vel pela entrega e constru\u00e7\u00e3o do gin\u00e1sio no per\u00edodo em que foi prefeito de Cuiab\u00e1 (2005-2008), destacou a import\u00e2ncia da obra e fez quest\u00e3o de reconhecer o papel do ex-prefeito Roberto Fran\u00e7a, idealizador do projeto. \u201cRoberto Fran\u00e7a pensou, planejou e buscou recursos, mas n\u00e3o teve tempo para conclu\u00ed-lo. Eu finalizei a obra na minha gest\u00e3o e, em homenagem ao Iusso Shinohara que nunca participou de nenhum esporte e era um dos grandes mec\u00e2nicos da capital, mas o seu filho Pedro Shinohara se destacou com uma academia muito importante no Porto, foi seis vezes treinador da sele\u00e7\u00e3o brasileira de jud\u00f4 \u2013 foi o que motivou a dar o nome ao espa\u00e7o\u201d, relatou o parlamentar.<\/p>\n\n\n\n<p>O espa\u00e7o recebeu investimentos de R$ 5 milh\u00f5es, com melhorias que garantem mais funcionalidade, seguran\u00e7a e conforto a atletas e ao p\u00fablico. O deputado conta que ficou impressionado com a qualidade do ambiente ap\u00f3s a reforma, em que est\u00e1 100% climatizado, bem iluminado e com estacionamento. \u201cFiquei muito feliz. Parab\u00e9ns ao governador e ao secret\u00e1rio Davi Moura e todos envolvidos neste projeto de moderniza\u00e7\u00e3o e revitaliza\u00e7\u00e3o do espa\u00e7o\u201d, disse.<\/p>\n\n\n\n<p>Ao lado de Pedro Luiz Shinohara na reinaugura\u00e7\u00e3o, Wilson Santos agradeceu ao governador Mauro Mendes por ter mantido o nome que leva o Pal\u00e1cio das Artes Marciais. \u201c\u00c9 um orgulho muito grande. Mais ainda, foi a iniciativa de Wilson Santos acatar o pedido de sete federa\u00e7\u00f5es na \u00e9poca, para que pudessem ter um espa\u00e7o especial para arte marcial. Foi a primeira estrutura do g\u00eanero no Brasil, um espa\u00e7o pioneiro. Recebemos secret\u00e1rios de outros estados que vieram conhecer essa iniciativa\u201d, afirmou Shinohara.<\/p>\n\n\n\n<p>O deputado estadual Beto 2 a 1 (Uni\u00e3o) tamb\u00e9m destacou a relev\u00e2ncia da revitaliza\u00e7\u00e3o. \u201cH\u00e1 muito tempo o Pal\u00e1cio das Artes Marciais estava esquecido pelo poder p\u00fablico. Agora, com a sensibilidade do governador e de toda a equipe, o espa\u00e7o voltou a ocupar o lugar de destaque que merece. Parabenizo todos os envolvidos, em especial o deputado Wilson Santos, que estava com os olhos cheios de alegria\u201d, ressaltou.<\/p>\n\n\n\n<p>O espa\u00e7o, considerado um dos mais modernos da Am\u00e9rica Latina para a pr\u00e1tica de artes marciais, consolida-se novamente como refer\u00eancia esportiva e cultural para Mato Grosso e para o Brasil. Durante a reinaugura\u00e7\u00e3o, atletas apresentaram 14 modalidades de artes marciais praticadas em Mato Grosso, como boxe, capoeira, jiu-jitsu, jiu-jitsu esportivo, jud\u00f4, jud\u00f4 paral\u00edmpico, karat\u00ea, karat\u00ea-d\u00f4, kung fu, kickboxing, muay thai, sambo, taekwondo e wrestling.<\/p>\n","protected":false},"excerpt":{"rendered":"<p>O Pal\u00e1cio das Artes Marciais Iusso Sinohara, localizado em Cuiab\u00e1, primeiro gin\u00e1sio dedicado \u00e0s modalidades de luta no Brasil, foi reinaugurado nesta ter\u00e7a-feira (23), ap\u00f3s ampla reforma realizada pelo Governo de Mato Grosso, por meio da Secretaria de Estado de Cultura, Esporte e Lazer (Secel). A solenidade contou com a presen\u00e7a do governador Mauro Mendes [&hellip;]<\/p>\n","protected":false},"author":4,"featured_media":1893,"comment_status":"closed","ping_status":"open","sticky":false,"template":"","format":"standard","meta":{"footnotes":""},"categories":[13],"tags":[],"yoast_head":"<!-- This site is optimized with the Yoast SEO Premium plugin v21.5 (Yoast SEO v21.4) - https:\/\/yoast.com\/wordpress\/plugins\/seo\/ -->\n<title>Wilson Santos participa de reinaugura\u00e7\u00e3o e destaca import\u00e2ncia hist\u00f3rica do Pal\u00e1cio das Artes Marciais no Brasil - wilsonsantosmt.com.br<\/title>\n<meta name=\"robots\" content=\"index, follow, max-snippet:-1, max-image-preview:large, max-video-preview:-1\" \/>\n<link rel=\"canonical\" href=\"https:\/\/wilsonsantosmt.com.br\/index.php\/2025\/09\/25\/wilson-santos-participa-de-reinauguracao-e-destaca-importancia-historica-do-palacio-das-artes-marciais-no-brasil\/\" \/>\n<meta property=\"og:locale\" content=\"pt_BR\" \/>\n<meta property=\"og:type\" content=\"article\" \/>\n<meta property=\"og:title\" content=\"Wilson Santos participa de reinaugura\u00e7\u00e3o e destaca import\u00e2ncia hist\u00f3rica do Pal\u00e1cio das Artes Marciais no Brasil\" \/>\n<meta property=\"og:description\" content=\"O Pal\u00e1cio das Artes Marciais Iusso Sinohara, localizado em Cuiab\u00e1, primeiro gin\u00e1sio dedicado \u00e0s modalidades de luta no Brasil, foi reinaugurado nesta ter\u00e7a-feira (23), ap\u00f3s ampla reforma realizada pelo Governo de Mato Grosso, por meio da Secretaria de Estado de Cultura, Esporte e Lazer (Secel). A solenidade contou com a presen\u00e7a do governador Mauro Mendes [&hellip;]\" \/>\n<meta property=\"og:url\" content=\"https:\/\/wilsonsantosmt.com.br\/index.php\/2025\/09\/25\/wilson-santos-participa-de-reinauguracao-e-destaca-importancia-historica-do-palacio-das-artes-marciais-no-brasil\/\" \/>\n<meta property=\"og:site_name\" content=\"wilsonsantosmt.com.br\" \/>\n<meta property=\"article:publisher\" content=\"https:\/\/www.facebook.com\/WilsonSantosMT\/\" \/>\n<meta property=\"article:published_time\" content=\"2025-09-25T11:37:00+00:00\" \/>\n<meta property=\"article:modified_time\" content=\"2025-09-25T13:37:39+00:00\" \/>\n<meta property=\"og:image\" content=\"http:\/\/wilsonsantosmt.com.br\/wp-content\/uploads\/2025\/09\/WhatsApp-Image-2025-09-23-at-15.28.37.jpeg\" \/>\n\t<meta property=\"og:image:width\" content=\"1600\" \/>\n\t<meta property=\"og:image:height\" content=\"1066\" \/>\n\t<meta property=\"og:image:type\" content=\"image\/jpeg\" \/>\n<meta name=\"author\" content=\"Samantha dos Anjos\" \/>\n<meta name=\"twitter:card\" content=\"summary_large_image\" \/>\n<meta name=\"twitter:label1\" content=\"Escrito por\" \/>\n\t<meta name=\"twitter:data1\" content=\"Samantha dos Anjos\" \/>\n\t<meta name=\"twitter:label2\" content=\"Est. tempo de leitura\" \/>\n\t<meta name=\"twitter:data2\" content=\"3 minutos\" \/>\n<script type=\"application\/ld+json\" class=\"yoast-schema-graph\">{\"@context\":\"https:\/\/schema.org\",\"@graph\":[{\"@type\":\"Article\",\"@id\":\"https:\/\/wilsonsantosmt.com.br\/index.php\/2025\/09\/25\/wilson-santos-participa-de-reinauguracao-e-destaca-importancia-historica-do-palacio-das-artes-marciais-no-brasil\/#article\",\"isPartOf\":{\"@id\":\"https:\/\/wilsonsantosmt.com.br\/index.php\/2025\/09\/25\/wilson-santos-participa-de-reinauguracao-e-destaca-importancia-historica-do-palacio-das-artes-marciais-no-brasil\/\"},\"author\":{\"name\":\"Samantha dos Anjos\",\"@id\":\"https:\/\/wilsonsantosmt.com.br\/#\/schema\/person\/1d097ee45f526dd0455dbad8c679932c\"},\"headline\":\"Wilson Santos participa de reinaugura\u00e7\u00e3o e destaca import\u00e2ncia hist\u00f3rica do Pal\u00e1cio das Artes Marciais no Brasil\",\"datePublished\":\"2025-09-25T11:37:00+00:00\",\"dateModified\":\"2025-09-25T13:37:39+00:00\",\"mainEntityOfPage\":{\"@id\":\"https:\/\/wilsonsantosmt.com.br\/index.php\/2025\/09\/25\/wilson-santos-participa-de-reinauguracao-e-destaca-importancia-historica-do-palacio-das-artes-marciais-no-brasil\/\"},\"wordCount\":541,\"publisher\":{\"@id\":\"https:\/\/wilsonsantosmt.com.br\/#\/schema\/person\/9de3c54961637a9eadb16bcbf895b1ef\"},\"articleSection\":[\"Not\u00edcias\"],\"inLanguage\":\"pt-BR\"},{\"@type\":\"WebPage\",\"@id\":\"https:\/\/wilsonsantosmt.com.br\/index.php\/2025\/09\/25\/wilson-santos-participa-de-reinauguracao-e-destaca-importancia-historica-do-palacio-das-artes-marciais-no-brasil\/\",\"url\":\"https:\/\/wilsonsantosmt.com.br\/index.php\/2025\/09\/25\/wilson-santos-participa-de-reinauguracao-e-destaca-importancia-historica-do-palacio-das-artes-marciais-no-brasil\/\",\"name\":\"Wilson Santos participa de reinaugura\u00e7\u00e3o e destaca import\u00e2ncia hist\u00f3rica do Pal\u00e1cio das Artes Marciais no Brasil - wilsonsantosmt.com.br\",\"isPartOf\":{\"@id\":\"https:\/\/wilsonsantosmt.com.br\/#website\"},\"datePublished\":\"2025-09-25T11:37:00+00:00\",\"dateModified\":\"2025-09-25T13:37:39+00:00\",\"breadcrumb\":{\"@id\":\"https:\/\/wilsonsantosmt.com.br\/index.php\/2025\/09\/25\/wilson-santos-participa-de-reinauguracao-e-destaca-importancia-historica-do-palacio-das-artes-marciais-no-brasil\/#breadcrumb\"},\"inLanguage\":\"pt-BR\",\"potentialAction\":[{\"@type\":\"ReadAction\",\"target\":[\"https:\/\/wilsonsantosmt.com.br\/index.php\/2025\/09\/25\/wilson-santos-participa-de-reinauguracao-e-destaca-importancia-historica-do-palacio-das-artes-marciais-no-brasil\/\"]}]},{\"@type\":\"BreadcrumbList\",\"@id\":\"https:\/\/wilsonsantosmt.com.br\/index.php\/2025\/09\/25\/wilson-santos-participa-de-reinauguracao-e-destaca-importancia-historica-do-palacio-das-artes-marciais-no-brasil\/#breadcrumb\",\"itemListElement\":[{\"@type\":\"ListItem\",\"position\":1,\"name\":\"In\u00edcio\",\"item\":\"https:\/\/wilsonsantosmt.com.br\/\"},{\"@type\":\"ListItem\",\"position\":2,\"name\":\"Not\u00edcias\",\"item\":\"https:\/\/wilsonsantosmt.com.br\/index.php\/category\/noticias\/\"},{\"@type\":\"ListItem\",\"position\":3,\"name\":\"Wilson Santos participa de reinaugura\u00e7\u00e3o e destaca import\u00e2ncia hist\u00f3rica do Pal\u00e1cio das Artes Marciais no Brasil\"}]},{\"@type\":\"WebSite\",\"@id\":\"https:\/\/wilsonsantosmt.com.br\/#website\",\"url\":\"https:\/\/wilsonsantosmt.com.br\/\",\"name\":\"wilsonsantosmt.com.br\",\"description\":\"\",\"publisher\":{\"@id\":\"https:\/\/wilsonsantosmt.com.br\/#\/schema\/person\/9de3c54961637a9eadb16bcbf895b1ef\"},\"potentialAction\":[{\"@type\":\"SearchAction\",\"target\":{\"@type\":\"EntryPoint\",\"urlTemplate\":\"https:\/\/wilsonsantosmt.com.br\/?s={search_term_string}\"},\"query-input\":\"required name=search_term_string\"}],\"inLanguage\":\"pt-BR\"},{\"@type\":[\"Person\",\"Organization\"],\"@id\":\"https:\/\/wilsonsantosmt.com.br\/#\/schema\/person\/9de3c54961637a9eadb16bcbf895b1ef\",\"name\":\"Wilson Santos\",\"image\":{\"@type\":\"ImageObject\",\"inLanguage\":\"pt-BR\",\"@id\":\"https:\/\/wilsonsantosmt.com.br\/#\/schema\/person\/image\/\",\"url\":\"https:\/\/wilsonsantosmt.com.br\/wp-content\/uploads\/2023\/11\/310828673_653254583023360_8795459643194608438_n.jpg\",\"contentUrl\":\"https:\/\/wilsonsantosmt.com.br\/wp-content\/uploads\/2023\/11\/310828673_653254583023360_8795459643194608438_n.jpg\",\"width\":1078,\"height\":1079,\"caption\":\"Wilson Santos\"},\"logo\":{\"@id\":\"https:\/\/wilsonsantosmt.com.br\/#\/schema\/person\/image\/\"},\"sameAs\":[\"http:\/\/wilsonsantosmt.com.br\",\"https:\/\/www.facebook.com\/WilsonSantosMT\/\",\"https:\/\/www.instagram.com\/wilsonsantosmt\/\",\"https:\/\/www.youtube.com\/@WilsonSantosWS\/videos\",\"https:\/\/pt.wikipedia.org\/wiki\/Wilson_Santos\"],\"honorificPrefix\":\"Sr\",\"gender\":\"masculino\",\"jobTitle\":\"Deputado Estadual\",\"worksFor\":\"Assembleia Legislativa de Mato Grosso\"},{\"@type\":\"Person\",\"@id\":\"https:\/\/wilsonsantosmt.com.br\/#\/schema\/person\/1d097ee45f526dd0455dbad8c679932c\",\"name\":\"Samantha dos Anjos\",\"image\":{\"@type\":\"ImageObject\",\"inLanguage\":\"pt-BR\",\"@id\":\"https:\/\/wilsonsantosmt.com.br\/#\/schema\/person\/image\/\",\"url\":\"https:\/\/secure.gravatar.com\/avatar\/7d8d0b6dd67d134a9fa841bee90c57c7?s=96&d=mm&r=g\",\"contentUrl\":\"https:\/\/secure.gravatar.com\/avatar\/7d8d0b6dd67d134a9fa841bee90c57c7?s=96&d=mm&r=g\",\"caption\":\"Samantha dos Anjos\"},\"url\":\"https:\/\/wilsonsantosmt.com.br\/index.php\/author\/samantha-dos-anjos\/\"}]}<\/script>\n<!-- \/ Yoast SEO Premium plugin. -->","yoast_head_json":{"title":"Wilson Santos participa de reinaugura\u00e7\u00e3o e destaca import\u00e2ncia hist\u00f3rica do Pal\u00e1cio das Artes Marciais no Brasil - wilsonsantosmt.com.br","robots":{"index":"index","follow":"follow","max-snippet":"max-snippet:-1","max-image-preview":"max-image-preview:large","max-video-preview":"max-video-preview:-1"},"canonical":"https:\/\/wilsonsantosmt.com.br\/index.php\/2025\/09\/25\/wilson-santos-participa-de-reinauguracao-e-destaca-importancia-historica-do-palacio-das-artes-marciais-no-brasil\/","og_locale":"pt_BR","og_type":"article","og_title":"Wilson Santos participa de reinaugura\u00e7\u00e3o e destaca import\u00e2ncia hist\u00f3rica do Pal\u00e1cio das Artes Marciais no Brasil","og_description":"O Pal\u00e1cio das Artes Marciais Iusso Sinohara, localizado em Cuiab\u00e1, primeiro gin\u00e1sio dedicado \u00e0s modalidades de luta no Brasil, foi reinaugurado nesta ter\u00e7a-feira (23), ap\u00f3s ampla reforma realizada pelo Governo de Mato Grosso, por meio da Secretaria de Estado de Cultura, Esporte e Lazer (Secel). A solenidade contou com a presen\u00e7a do governador Mauro Mendes [&hellip;]","og_url":"https:\/\/wilsonsantosmt.com.br\/index.php\/2025\/09\/25\/wilson-santos-participa-de-reinauguracao-e-destaca-importancia-historica-do-palacio-das-artes-marciais-no-brasil\/","og_site_name":"wilsonsantosmt.com.br","article_publisher":"https:\/\/www.facebook.com\/WilsonSantosMT\/","article_published_time":"2025-09-25T11:37:00+00:00","article_modified_time":"2025-09-25T13:37:39+00:00","og_image":[{"width":1600,"height":1066,"url":"http:\/\/wilsonsantosmt.com.br\/wp-content\/uploads\/2025\/09\/WhatsApp-Image-2025-09-23-at-15.28.37.jpeg","type":"image\/jpeg"}],"author":"Samantha dos Anjos","twitter_card":"summary_large_image","twitter_misc":{"Escrito por":"Samantha dos Anjos","Est. tempo de leitura":"3 minutos"},"schema":{"@context":"https:\/\/schema.org","@graph":[{"@type":"Article","@id":"https:\/\/wilsonsantosmt.com.br\/index.php\/2025\/09\/25\/wilson-santos-participa-de-reinauguracao-e-destaca-importancia-historica-do-palacio-das-artes-marciais-no-brasil\/#article","isPartOf":{"@id":"https:\/\/wilsonsantosmt.com.br\/index.php\/2025\/09\/25\/wilson-santos-participa-de-reinauguracao-e-destaca-importancia-historica-do-palacio-das-artes-marciais-no-brasil\/"},"author":{"name":"Samantha dos Anjos","@id":"https:\/\/wilsonsantosmt.com.br\/#\/schema\/person\/1d097ee45f526dd0455dbad8c679932c"},"headline":"Wilson Santos participa de reinaugura\u00e7\u00e3o e destaca import\u00e2ncia hist\u00f3rica do Pal\u00e1cio das Artes Marciais no Brasil","datePublished":"2025-09-25T11:37:00+00:00","dateModified":"2025-09-25T13:37:39+00:00","mainEntityOfPage":{"@id":"https:\/\/wilsonsantosmt.com.br\/index.php\/2025\/09\/25\/wilson-santos-participa-de-reinauguracao-e-destaca-importancia-historica-do-palacio-das-artes-marciais-no-brasil\/"},"wordCount":541,"publisher":{"@id":"https:\/\/wilsonsantosmt.com.br\/#\/schema\/person\/9de3c54961637a9eadb16bcbf895b1ef"},"articleSection":["Not\u00edcias"],"inLanguage":"pt-BR"},{"@type":"WebPage","@id":"https:\/\/wilsonsantosmt.com.br\/index.php\/2025\/09\/25\/wilson-santos-participa-de-reinauguracao-e-destaca-importancia-historica-do-palacio-das-artes-marciais-no-brasil\/","url":"https:\/\/wilsonsantosmt.com.br\/index.php\/2025\/09\/25\/wilson-santos-participa-de-reinauguracao-e-destaca-importancia-historica-do-palacio-das-artes-marciais-no-brasil\/","name":"Wilson Santos participa de reinaugura\u00e7\u00e3o e destaca import\u00e2ncia hist\u00f3rica do Pal\u00e1cio das Artes Marciais no Brasil - wilsonsantosmt.com.br","isPartOf":{"@id":"https:\/\/wilsonsantosmt.com.br\/#website"},"datePublished":"2025-09-25T11:37:00+00:00","dateModified":"2025-09-25T13:37:39+00:00","breadcrumb":{"@id":"https:\/\/wilsonsantosmt.com.br\/index.php\/2025\/09\/25\/wilson-santos-participa-de-reinauguracao-e-destaca-importancia-historica-do-palacio-das-artes-marciais-no-brasil\/#breadcrumb"},"inLanguage":"pt-BR","potentialAction":[{"@type":"ReadAction","target":["https:\/\/wilsonsantosmt.com.br\/index.php\/2025\/09\/25\/wilson-santos-participa-de-reinauguracao-e-destaca-importancia-historica-do-palacio-das-artes-marciais-no-brasil\/"]}]},{"@type":"BreadcrumbList","@id":"https:\/\/wilsonsantosmt.com.br\/index.php\/2025\/09\/25\/wilson-santos-participa-de-reinauguracao-e-destaca-importancia-historica-do-palacio-das-artes-marciais-no-brasil\/#breadcrumb","itemListElement":[{"@type":"ListItem","position":1,"name":"In\u00edcio","item":"https:\/\/wilsonsantosmt.com.br\/"},{"@type":"ListItem","position":2,"name":"Not\u00edcias","item":"https:\/\/wilsonsantosmt.com.br\/index.php\/category\/noticias\/"},{"@type":"ListItem","position":3,"name":"Wilson Santos participa de reinaugura\u00e7\u00e3o e destaca import\u00e2ncia hist\u00f3rica do Pal\u00e1cio das Artes Marciais no Brasil"}]},{"@type":"WebSite","@id":"https:\/\/wilsonsantosmt.com.br\/#website","url":"https:\/\/wilsonsantosmt.com.br\/","name":"wilsonsantosmt.com.br","description":"","publisher":{"@id":"https:\/\/wilsonsantosmt.com.br\/#\/schema\/person\/9de3c54961637a9eadb16bcbf895b1ef"},"potentialAction":[{"@type":"SearchAction","target":{"@type":"EntryPoint","urlTemplate":"https:\/\/wilsonsantosmt.com.br\/?s={search_term_string}"},"query-input":"required name=search_term_string"}],"inLanguage":"pt-BR"},{"@type":["Person","Organization"],"@id":"https:\/\/wilsonsantosmt.com.br\/#\/schema\/person\/9de3c54961637a9eadb16bcbf895b1ef","name":"Wilson Santos","image":{"@type":"ImageObject","inLanguage":"pt-BR","@id":"https:\/\/wilsonsantosmt.com.br\/#\/schema\/person\/image\/","url":"https:\/\/wilsonsantosmt.com.br\/wp-content\/uploads\/2023\/11\/310828673_653254583023360_8795459643194608438_n.jpg","contentUrl":"https:\/\/wilsonsantosmt.com.br\/wp-content\/uploads\/2023\/11\/310828673_653254583023360_8795459643194608438_n.jpg","width":1078,"height":1079,"caption":"Wilson Santos"},"logo":{"@id":"https:\/\/wilsonsantosmt.com.br\/#\/schema\/person\/image\/"},"sameAs":["http:\/\/wilsonsantosmt.com.br","https:\/\/www.facebook.com\/WilsonSantosMT\/","https:\/\/www.instagram.com\/wilsonsantosmt\/","https:\/\/www.youtube.com\/@WilsonSantosWS\/videos","https:\/\/pt.wikipedia.org\/wiki\/Wilson_Santos"],"honorificPrefix":"Sr","gender":"masculino","jobTitle":"Deputado Estadual","worksFor":"Assembleia Legislativa de Mato Grosso"},{"@type":"Person","@id":"https:\/\/wilsonsantosmt.com.br\/#\/schema\/person\/1d097ee45f526dd0455dbad8c679932c","name":"Samantha dos Anjos","image":{"@type":"ImageObject","inLanguage":"pt-BR","@id":"https:\/\/wilsonsantosmt.com.br\/#\/schema\/person\/image\/","url":"https:\/\/secure.gravatar.com\/avatar\/7d8d0b6dd67d134a9fa841bee90c57c7?s=96&d=mm&r=g","contentUrl":"https:\/\/secure.gravatar.com\/avatar\/7d8d0b6dd67d134a9fa841bee90c57c7?s=96&d=mm&r=g","caption":"Samantha dos Anjos"},"url":"https:\/\/wilsonsantosmt.com.br\/index.php\/author\/samantha-dos-anjos\/"}]}},"_links":{"self":[{"href":"https:\/\/wilsonsantosmt.com.br\/index.php\/wp-json\/wp\/v2\/posts\/1892"}],"collection":[{"href":"https:\/\/wilsonsantosmt.com.br\/index.php\/wp-json\/wp\/v2\/posts"}],"about":[{"href":"https:\/\/wilsonsantosmt.com.br\/index.php\/wp-json\/wp\/v2\/types\/post"}],"author":[{"embeddable":true,"href":"https:\/\/wilsonsantosmt.com.br\/index.php\/wp-json\/wp\/v2\/users\/4"}],"replies":[{"embeddable":true,"href":"https:\/\/wilsonsantosmt.com.br\/index.php\/wp-json\/wp\/v2\/comments?post=1892"}],"version-history":[{"count":1,"href":"https:\/\/wilsonsantosmt.com.br\/index.php\/wp-json\/wp\/v2\/posts\/1892\/revisions"}],"predecessor-version":[{"id":1894,"href":"https:\/\/wilsonsantosmt.com.br\/index.php\/wp-json\/wp\/v2\/posts\/1892\/revisions\/1894"}],"wp:featuredmedia":[{"embeddable":true,"href":"https:\/\/wilsonsantosmt.com.br\/index.php\/wp-json\/wp\/v2\/media\/1893"}],"wp:attachment":[{"href":"https:\/\/wilsonsantosmt.com.br\/index.php\/wp-json\/wp\/v2\/media?parent=1892"}],"wp:term":[{"taxonomy":"category","embeddable":true,"href":"https:\/\/wilsonsantosmt.com.br\/index.php\/wp-json\/wp\/v2\/categories?post=1892"},{"taxonomy":"post_tag","embeddable":true,"href":"https:\/\/wilsonsantosmt.com.br\/index.php\/wp-json\/wp\/v2\/tags?post=1892"}],"curies":[{"name":"wp","href":"https:\/\/api.w.org\/{rel}","templated":true}]}}